{"id":137325,"date":"2022-10-31T13:24:44","date_gmt":"2022-10-31T12:24:44","guid":{"rendered":"https:\/\/www.bellunopress.it\/?p=137325"},"modified":"2022-10-29T13:27:36","modified_gmt":"2022-10-29T11:27:36","slug":"ventanni-di-casa-tua-due-sabato-5-novembre-una-tavola-rotonda-su-passato-presente-e-futuro-dellhospice","status":"publish","type":"post","link":"https:\/\/www.bellunopress.it\/fr\/2022\/10\/31\/ventanni-di-casa-tua-due-sabato-5-novembre-una-tavola-rotonda-su-passato-presente-e-futuro-dellhospice\/","title":{"rendered":"Vent\u2019anni di Casa Tua Due. Sabato 5 novembre una tavola rotonda su \u201cPassato, presente e futuro dell\u2019hospice\u201d"},"content":{"rendered":"<figure id=\"attachment_103456\" aria-describedby=\"caption-attachment-103456\" style=\"width: 300px\" class=\"wp-caption alignleft\"><img loading=\"lazy\" decoding=\"async\" class=\"size-full wp-image-103456\" src=\"https:\/\/www.bellunopress.it\/wp-content\/uploads\/2019\/04\/casa-tua.jpg\" alt=\"\" width=\"300\" height=\"199\" \/><figcaption id=\"caption-attachment-103456\" class=\"wp-caption-text\">Casa Tua Due<\/figcaption><\/figure>\n<p>Casa Tua Due raggiunge quest\u2019anno i 20 anni di attivit\u00e0. L\u2019hospice di Belluno, infatti, \u00e8 stato inaugurato nel 2002, dopo un lungo iter progettuale, ed \u00e8 stato uno dei primi realizzati in Italia.<\/p>\n<p>Per raccontare la storia di un servizio sempre pi\u00f9 fondamentale per il territorio e per tratteggiarne le prospettive, l\u2019associazione Cucchini e l&#8217;Azienda Ulss 1 Dolomiti hanno organizzato una tavola rotonda dal titolo \u201cPassato, presente e futuro dell\u2019hospice\u201d, in programma sabato 5 novembre nella sala riunioni \u201cDott. Mario De Marchi\u201d, accanto proprio a Casa Tua Due.<\/p>\n<p>Dopo l\u2019introduzione della direttrice generale dell\u2019Ulss 1 Maria Grazia Carraro, interverranno Giuseppe Fornasier (responsabile Uoc Cure Palliative di Belluno), Giuseppe Zanne (responsabile sanitario dell\u2019hospice), Stefania Zanvit (coordinatrice infermieristica dell\u2019hospice), Franco Fiammoi (volontario della Cucchini), Giampaolo Pecere (direttore dei Servizi socio-sanitari dell\u2019Ulss 1 Dolomiti) e il presidente Cucchini Paolo Colleselli.<\/p>\n<p>\u00ab\u00c8 un evento durante il quale ricorderemo la storia che ha portato alla costruzione dell\u2019hospice, struttura che \u00e8 stata pensata nel 1997 e che ha visto la luce cinque anni dopo, anche grazie alla generosit\u00e0 di molti bellunesi, compresa la nostra associazione\u00bb spiega il professor Paolo Colleselli. \u00abMa verr\u00e0 raccontata anche l\u2019attivit\u00e0 di oggi, vale a dire le cure palliative, in cui la nostra associazione opera da sempre, in sinergia con l\u2019azienda sanitaria. E proveremo anche a parlare del futuro dell\u2019hospice, alla luce delle necessit\u00e0 del territorio bellunese. Lo faremo con relatori esperti e conoscitori delle tematiche trattate\u00bb.<\/p>\n<p>La tavola rotonda comincer\u00e0 alle 9.30 e sar\u00e0 moderata dal giornalista Luigi Guglielmi.<\/p>","protected":false},"excerpt":{"rendered":"<p>Casa Tua Due raggiunge quest\u2019anno i 20 anni di attivit\u00e0. L\u2019hospice di Belluno, infatti, \u00e8 stato inaugurato nel 2002, dopo un lungo iter progettuale, ed \u00e8 stato uno dei primi realizzati in Italia. Per raccontare la storia di un servizio sempre pi\u00f9 fondamentale per il territorio e per tratteggiarne le prospettive, l\u2019associazione Cucchini e l&#8217;Azienda [&hellip;]<\/p>\n","protected":false},"author":2,"featured_media":77363,"comment_status":"closed","ping_status":"open","sticky":false,"template":"","format":"standard","meta":{"footnotes":""},"categories":[17,8],"tags":[],"class_list":["post-137325","post","type-post","status-publish","format-standard","has-post-thumbnail","category-sanita","category-societa-istituzioni"],"yoast_head":"<!-- This site is optimized with the Yoast SEO plugin v28.4 - https:\/\/yoast.com\/product\/yoast-seo-wordpress\/ -->\n<title>Vent\u2019anni di Casa Tua Due. Sabato 5 novembre una tavola rotonda su \u201cPassato, presente e futuro dell\u2019hospice\u201d - Bellunopress - Dolomiti<\/title>\n<meta name=\"robots\" content=\"index, follow, max-snippet:-1, max-image-preview:large, max-video-preview:-1\" \/>\n<link rel=\"canonical\" href=\"https:\/\/www.bellunopress.it\/fr\/2022\/10\/31\/ventanni-di-casa-tua-due-sabato-5-novembre-una-tavola-rotonda-su-passato-presente-e-futuro-dellhospice\/\" \/>\n<meta property=\"og:locale\" content=\"fr_FR\" \/>\n<meta property=\"og:type\" content=\"article\" \/>\n<meta property=\"og:title\" content=\"Vent\u2019anni di Casa Tua Due. Sabato 5 novembre una tavola rotonda su \u201cPassato, presente e futuro dell\u2019hospice\u201d - Bellunopress - Dolomiti\" \/>\n<meta property=\"og:description\" content=\"Casa Tua Due raggiunge quest\u2019anno i 20 anni di attivit\u00e0. L\u2019hospice di Belluno, infatti, \u00e8 stato inaugurato nel 2002, dopo un lungo iter progettuale, ed \u00e8 stato uno dei primi realizzati in Italia. Per raccontare la storia di un servizio sempre pi\u00f9 fondamentale per il territorio e per tratteggiarne le prospettive, l\u2019associazione Cucchini e l&#8217;Azienda [&hellip;]\" \/>\n<meta property=\"og:url\" content=\"https:\/\/www.bellunopress.it\/fr\/2022\/10\/31\/ventanni-di-casa-tua-due-sabato-5-novembre-una-tavola-rotonda-su-passato-presente-e-futuro-dellhospice\/\" \/>\n<meta property=\"og:site_name\" content=\"Bellunopress - Dolomiti\" \/>\n<meta property=\"article:publisher\" content=\"https:\/\/www.facebook.com\/profile.php?id=100008943462799\" \/>\n<meta property=\"article:published_time\" content=\"2022-10-31T12:24:44+00:00\" \/>\n<meta property=\"og:image\" content=\"https:\/\/www.bellunopress.it\/wp-content\/uploads\/2016\/05\/casa-tua-due-ulss-1.jpg\" \/>\n\t<meta property=\"og:image:width\" content=\"300\" \/>\n\t<meta property=\"og:image:height\" content=\"251\" \/>\n\t<meta property=\"og:image:type\" content=\"image\/jpeg\" \/>\n<meta name=\"author\" content=\"redazione\" \/>\n<meta name=\"twitter:card\" content=\"summary_large_image\" \/>\n<meta name=\"twitter:creator\" content=\"@bellunopress\" \/>\n<meta name=\"twitter:site\" content=\"@bellunopress\" \/>\n<meta name=\"twitter:label1\" content=\"\u00c9crit par\" \/>\n\t<meta name=\"twitter:data1\" content=\"redazione\" \/>\n\t<meta name=\"twitter:label2\" content=\"Dur\u00e9e de lecture estim\u00e9e\" \/>\n\t<meta name=\"twitter:data2\" content=\"2 minutes\" \/>\n<script type=\"application\/ld+json\" class=\"yoast-schema-graph\">{\"@context\":\"https:\\\/\\\/schema.org\",\"@graph\":[{\"@type\":\"Article\",\"@id\":\"https:\\\/\\\/www.bellunopress.it\\\/2022\\\/10\\\/31\\\/ventanni-di-casa-tua-due-sabato-5-novembre-una-tavola-rotonda-su-passato-presente-e-futuro-dellhospice\\\/#article\",\"isPartOf\":{\"@id\":\"https:\\\/\\\/www.bellunopress.it\\\/2022\\\/10\\\/31\\\/ventanni-di-casa-tua-due-sabato-5-novembre-una-tavola-rotonda-su-passato-presente-e-futuro-dellhospice\\\/\"},\"author\":{\"name\":\"redazione\",\"@id\":\"https:\\\/\\\/www.bellunopress.it\\\/#\\\/schema\\\/person\\\/79bb06722b37ece1c03d3e94beb30d73\"},\"headline\":\"Vent\u2019anni di Casa Tua Due. Sabato 5 novembre una tavola rotonda su \u201cPassato, presente e futuro dell\u2019hospice\u201d\",\"datePublished\":\"2022-10-31T12:24:44+00:00\",\"mainEntityOfPage\":{\"@id\":\"https:\\\/\\\/www.bellunopress.it\\\/2022\\\/10\\\/31\\\/ventanni-di-casa-tua-due-sabato-5-novembre-una-tavola-rotonda-su-passato-presente-e-futuro-dellhospice\\\/\"},\"wordCount\":278,\"publisher\":{\"@id\":\"https:\\\/\\\/www.bellunopress.it\\\/#organization\"},\"image\":{\"@id\":\"https:\\\/\\\/www.bellunopress.it\\\/2022\\\/10\\\/31\\\/ventanni-di-casa-tua-due-sabato-5-novembre-una-tavola-rotonda-su-passato-presente-e-futuro-dellhospice\\\/#primaryimage\"},\"thumbnailUrl\":\"https:\\\/\\\/www.bellunopress.it\\\/wp-content\\\/uploads\\\/2016\\\/05\\\/casa-tua-due-ulss-1.jpg\",\"articleSection\":[\"Sanit\u00e0 Medicina\",\"Societ\u00e0, Associazioni, Istituzioni\"],\"inLanguage\":\"fr-FR\"},{\"@type\":\"WebPage\",\"@id\":\"https:\\\/\\\/www.bellunopress.it\\\/2022\\\/10\\\/31\\\/ventanni-di-casa-tua-due-sabato-5-novembre-una-tavola-rotonda-su-passato-presente-e-futuro-dellhospice\\\/\",\"url\":\"https:\\\/\\\/www.bellunopress.it\\\/2022\\\/10\\\/31\\\/ventanni-di-casa-tua-due-sabato-5-novembre-una-tavola-rotonda-su-passato-presente-e-futuro-dellhospice\\\/\",\"name\":\"Vent\u2019anni di Casa Tua Due. Sabato 5 novembre una tavola rotonda su \u201cPassato, presente e futuro dell\u2019hospice\u201d - Bellunopress - Dolomiti\",\"isPartOf\":{\"@id\":\"https:\\\/\\\/www.bellunopress.it\\\/#website\"},\"primaryImageOfPage\":{\"@id\":\"https:\\\/\\\/www.bellunopress.it\\\/2022\\\/10\\\/31\\\/ventanni-di-casa-tua-due-sabato-5-novembre-una-tavola-rotonda-su-passato-presente-e-futuro-dellhospice\\\/#primaryimage\"},\"image\":{\"@id\":\"https:\\\/\\\/www.bellunopress.it\\\/2022\\\/10\\\/31\\\/ventanni-di-casa-tua-due-sabato-5-novembre-una-tavola-rotonda-su-passato-presente-e-futuro-dellhospice\\\/#primaryimage\"},\"thumbnailUrl\":\"https:\\\/\\\/www.bellunopress.it\\\/wp-content\\\/uploads\\\/2016\\\/05\\\/casa-tua-due-ulss-1.jpg\",\"datePublished\":\"2022-10-31T12:24:44+00:00\",\"breadcrumb\":{\"@id\":\"https:\\\/\\\/www.bellunopress.it\\\/2022\\\/10\\\/31\\\/ventanni-di-casa-tua-due-sabato-5-novembre-una-tavola-rotonda-su-passato-presente-e-futuro-dellhospice\\\/#breadcrumb\"},\"inLanguage\":\"fr-FR\",\"potentialAction\":[{\"@type\":\"ReadAction\",\"target\":[\"https:\\\/\\\/www.bellunopress.it\\\/2022\\\/10\\\/31\\\/ventanni-di-casa-tua-due-sabato-5-novembre-una-tavola-rotonda-su-passato-presente-e-futuro-dellhospice\\\/\"]}]},{\"@type\":\"ImageObject\",\"inLanguage\":\"fr-FR\",\"@id\":\"https:\\\/\\\/www.bellunopress.it\\\/2022\\\/10\\\/31\\\/ventanni-di-casa-tua-due-sabato-5-novembre-una-tavola-rotonda-su-passato-presente-e-futuro-dellhospice\\\/#primaryimage\",\"url\":\"https:\\\/\\\/www.bellunopress.it\\\/wp-content\\\/uploads\\\/2016\\\/05\\\/casa-tua-due-ulss-1.jpg\",\"contentUrl\":\"https:\\\/\\\/www.bellunopress.it\\\/wp-content\\\/uploads\\\/2016\\\/05\\\/casa-tua-due-ulss-1.jpg\",\"width\":300,\"height\":251,\"caption\":\"Casa Tua Due\"},{\"@type\":\"BreadcrumbList\",\"@id\":\"https:\\\/\\\/www.bellunopress.it\\\/2022\\\/10\\\/31\\\/ventanni-di-casa-tua-due-sabato-5-novembre-una-tavola-rotonda-su-passato-presente-e-futuro-dellhospice\\\/#breadcrumb\",\"itemListElement\":[{\"@type\":\"ListItem\",\"position\":1,\"name\":\"Home\",\"item\":\"https:\\\/\\\/www.bellunopress.it\\\/\"},{\"@type\":\"ListItem\",\"position\":2,\"name\":\"Vent\u2019anni di Casa Tua Due. Sabato 5 novembre una tavola rotonda su \u201cPassato, presente e futuro dell\u2019hospice\u201d\"}]},{\"@type\":\"WebSite\",\"@id\":\"https:\\\/\\\/www.bellunopress.it\\\/#website\",\"url\":\"https:\\\/\\\/www.bellunopress.it\\\/\",\"name\":\"Bellunopress - Dolomiti\",\"description\":\"e-mail: redazione@bellunopress.it\",\"publisher\":{\"@id\":\"https:\\\/\\\/www.bellunopress.it\\\/#organization\"},\"potentialAction\":[{\"@type\":\"SearchAction\",\"target\":{\"@type\":\"EntryPoint\",\"urlTemplate\":\"https:\\\/\\\/www.bellunopress.it\\\/?s={search_term_string}\"},\"query-input\":{\"@type\":\"PropertyValueSpecification\",\"valueRequired\":true,\"valueName\":\"search_term_string\"}}],\"inLanguage\":\"fr-FR\"},{\"@type\":\"Organization\",\"@id\":\"https:\\\/\\\/www.bellunopress.it\\\/#organization\",\"name\":\"Bellunopress\",\"url\":\"https:\\\/\\\/www.bellunopress.it\\\/\",\"logo\":{\"@type\":\"ImageObject\",\"inLanguage\":\"fr-FR\",\"@id\":\"https:\\\/\\\/www.bellunopress.it\\\/#\\\/schema\\\/logo\\\/image\\\/\",\"url\":\"https:\\\/\\\/www.bellunopress.it\\\/wp-content\\\/uploads\\\/2011\\\/05\\\/cropped-logo-bellunopress-.jpg\",\"contentUrl\":\"https:\\\/\\\/www.bellunopress.it\\\/wp-content\\\/uploads\\\/2011\\\/05\\\/cropped-logo-bellunopress-.jpg\",\"width\":512,\"height\":512,\"caption\":\"Bellunopress\"},\"image\":{\"@id\":\"https:\\\/\\\/www.bellunopress.it\\\/#\\\/schema\\\/logo\\\/image\\\/\"},\"sameAs\":[\"https:\\\/\\\/www.facebook.com\\\/profile.php?id=100008943462799\",\"https:\\\/\\\/x.com\\\/bellunopress\",\"https:\\\/\\\/www.linkedin.com\\\/hp\\\/?dnr=JBzUWaJfMUw8vbXJJ2tVW5-I3jZKvC4wsoxE&amp;amp;amp;amp;amp;amp;trk=nav_responsive_tab_home\",\"https:\\\/\\\/www.youtube.com\\\/channel\\\/UCxL0wu1uN0_3_7hGG0306cw\"]},{\"@type\":\"Person\",\"@id\":\"https:\\\/\\\/www.bellunopress.it\\\/#\\\/schema\\\/person\\\/79bb06722b37ece1c03d3e94beb30d73\",\"name\":\"redazione\",\"image\":{\"@type\":\"ImageObject\",\"inLanguage\":\"fr-FR\",\"@id\":\"https:\\\/\\\/secure.gravatar.com\\\/avatar\\\/37d968a2e67a6fd04c169c4bdef102d0bc5d31b2546345219e348575eb80e9a0?s=96&d=mm&r=g\",\"url\":\"https:\\\/\\\/secure.gravatar.com\\\/avatar\\\/37d968a2e67a6fd04c169c4bdef102d0bc5d31b2546345219e348575eb80e9a0?s=96&d=mm&r=g\",\"contentUrl\":\"https:\\\/\\\/secure.gravatar.com\\\/avatar\\\/37d968a2e67a6fd04c169c4bdef102d0bc5d31b2546345219e348575eb80e9a0?s=96&d=mm&r=g\",\"caption\":\"redazione\"},\"sameAs\":[\"http:\\\/\\\/www.bellunopress.it\",\"https:\\\/\\\/x.com\\\/bellunopress\"],\"url\":\"https:\\\/\\\/www.bellunopress.it\\\/fr\\\/author\\\/redazione\\\/\"}]}<\/script>\n<!-- \/ Yoast SEO plugin. -->","yoast_head_json":{"title":"Vent\u2019anni di Casa Tua Due. Sabato 5 novembre una tavola rotonda su \u201cPassato, presente e futuro dell\u2019hospice\u201d - Bellunopress - Dolomiti","robots":{"index":"index","follow":"follow","max-snippet":"max-snippet:-1","max-image-preview":"max-image-preview:large","max-video-preview":"max-video-preview:-1"},"canonical":"https:\/\/www.bellunopress.it\/fr\/2022\/10\/31\/ventanni-di-casa-tua-due-sabato-5-novembre-una-tavola-rotonda-su-passato-presente-e-futuro-dellhospice\/","og_locale":"fr_FR","og_type":"article","og_title":"Vent\u2019anni di Casa Tua Due. Sabato 5 novembre una tavola rotonda su \u201cPassato, presente e futuro dell\u2019hospice\u201d - Bellunopress - Dolomiti","og_description":"Casa Tua Due raggiunge quest\u2019anno i 20 anni di attivit\u00e0. L\u2019hospice di Belluno, infatti, \u00e8 stato inaugurato nel 2002, dopo un lungo iter progettuale, ed \u00e8 stato uno dei primi realizzati in Italia. Per raccontare la storia di un servizio sempre pi\u00f9 fondamentale per il territorio e per tratteggiarne le prospettive, l\u2019associazione Cucchini e l&#8217;Azienda [&hellip;]","og_url":"https:\/\/www.bellunopress.it\/fr\/2022\/10\/31\/ventanni-di-casa-tua-due-sabato-5-novembre-una-tavola-rotonda-su-passato-presente-e-futuro-dellhospice\/","og_site_name":"Bellunopress - Dolomiti","article_publisher":"https:\/\/www.facebook.com\/profile.php?id=100008943462799","article_published_time":"2022-10-31T12:24:44+00:00","og_image":[{"width":300,"height":251,"url":"https:\/\/www.bellunopress.it\/wp-content\/uploads\/2016\/05\/casa-tua-due-ulss-1.jpg","type":"image\/jpeg"}],"author":"redazione","twitter_card":"summary_large_image","twitter_creator":"@bellunopress","twitter_site":"@bellunopress","twitter_misc":{"\u00c9crit par":"redazione","Dur\u00e9e de lecture estim\u00e9e":"2 minutes"},"schema":{"@context":"https:\/\/schema.org","@graph":[{"@type":"Article","@id":"https:\/\/www.bellunopress.it\/2022\/10\/31\/ventanni-di-casa-tua-due-sabato-5-novembre-una-tavola-rotonda-su-passato-presente-e-futuro-dellhospice\/#article","isPartOf":{"@id":"https:\/\/www.bellunopress.it\/2022\/10\/31\/ventanni-di-casa-tua-due-sabato-5-novembre-una-tavola-rotonda-su-passato-presente-e-futuro-dellhospice\/"},"author":{"name":"redazione","@id":"https:\/\/www.bellunopress.it\/#\/schema\/person\/79bb06722b37ece1c03d3e94beb30d73"},"headline":"Vent\u2019anni di Casa Tua Due. Sabato 5 novembre una tavola rotonda su \u201cPassato, presente e futuro dell\u2019hospice\u201d","datePublished":"2022-10-31T12:24:44+00:00","mainEntityOfPage":{"@id":"https:\/\/www.bellunopress.it\/2022\/10\/31\/ventanni-di-casa-tua-due-sabato-5-novembre-una-tavola-rotonda-su-passato-presente-e-futuro-dellhospice\/"},"wordCount":278,"publisher":{"@id":"https:\/\/www.bellunopress.it\/#organization"},"image":{"@id":"https:\/\/www.bellunopress.it\/2022\/10\/31\/ventanni-di-casa-tua-due-sabato-5-novembre-una-tavola-rotonda-su-passato-presente-e-futuro-dellhospice\/#primaryimage"},"thumbnailUrl":"https:\/\/www.bellunopress.it\/wp-content\/uploads\/2016\/05\/casa-tua-due-ulss-1.jpg","articleSection":["Sanit\u00e0 Medicina","Societ\u00e0, Associazioni, Istituzioni"],"inLanguage":"fr-FR"},{"@type":"WebPage","@id":"https:\/\/www.bellunopress.it\/2022\/10\/31\/ventanni-di-casa-tua-due-sabato-5-novembre-una-tavola-rotonda-su-passato-presente-e-futuro-dellhospice\/","url":"https:\/\/www.bellunopress.it\/2022\/10\/31\/ventanni-di-casa-tua-due-sabato-5-novembre-una-tavola-rotonda-su-passato-presente-e-futuro-dellhospice\/","name":"Vent\u2019anni di Casa Tua Due. Sabato 5 novembre una tavola rotonda su \u201cPassato, presente e futuro dell\u2019hospice\u201d - Bellunopress - Dolomiti","isPartOf":{"@id":"https:\/\/www.bellunopress.it\/#website"},"primaryImageOfPage":{"@id":"https:\/\/www.bellunopress.it\/2022\/10\/31\/ventanni-di-casa-tua-due-sabato-5-novembre-una-tavola-rotonda-su-passato-presente-e-futuro-dellhospice\/#primaryimage"},"image":{"@id":"https:\/\/www.bellunopress.it\/2022\/10\/31\/ventanni-di-casa-tua-due-sabato-5-novembre-una-tavola-rotonda-su-passato-presente-e-futuro-dellhospice\/#primaryimage"},"thumbnailUrl":"https:\/\/www.bellunopress.it\/wp-content\/uploads\/2016\/05\/casa-tua-due-ulss-1.jpg","datePublished":"2022-10-31T12:24:44+00:00","breadcrumb":{"@id":"https:\/\/www.bellunopress.it\/2022\/10\/31\/ventanni-di-casa-tua-due-sabato-5-novembre-una-tavola-rotonda-su-passato-presente-e-futuro-dellhospice\/#breadcrumb"},"inLanguage":"fr-FR","potentialAction":[{"@type":"ReadAction","target":["https:\/\/www.bellunopress.it\/2022\/10\/31\/ventanni-di-casa-tua-due-sabato-5-novembre-una-tavola-rotonda-su-passato-presente-e-futuro-dellhospice\/"]}]},{"@type":"ImageObject","inLanguage":"fr-FR","@id":"https:\/\/www.bellunopress.it\/2022\/10\/31\/ventanni-di-casa-tua-due-sabato-5-novembre-una-tavola-rotonda-su-passato-presente-e-futuro-dellhospice\/#primaryimage","url":"https:\/\/www.bellunopress.it\/wp-content\/uploads\/2016\/05\/casa-tua-due-ulss-1.jpg","contentUrl":"https:\/\/www.bellunopress.it\/wp-content\/uploads\/2016\/05\/casa-tua-due-ulss-1.jpg","width":300,"height":251,"caption":"Casa Tua Due"},{"@type":"BreadcrumbList","@id":"https:\/\/www.bellunopress.it\/2022\/10\/31\/ventanni-di-casa-tua-due-sabato-5-novembre-una-tavola-rotonda-su-passato-presente-e-futuro-dellhospice\/#breadcrumb","itemListElement":[{"@type":"ListItem","position":1,"name":"Home","item":"https:\/\/www.bellunopress.it\/"},{"@type":"ListItem","position":2,"name":"Vent\u2019anni di Casa Tua Due. Sabato 5 novembre una tavola rotonda su \u201cPassato, presente e futuro dell\u2019hospice\u201d"}]},{"@type":"WebSite","@id":"https:\/\/www.bellunopress.it\/#website","url":"https:\/\/www.bellunopress.it\/","name":"Bellunopress - Dolomiti","description":"e-mail: redazione@bellunopress.it","publisher":{"@id":"https:\/\/www.bellunopress.it\/#organization"},"potentialAction":[{"@type":"SearchAction","target":{"@type":"EntryPoint","urlTemplate":"https:\/\/www.bellunopress.it\/?s={search_term_string}"},"query-input":{"@type":"PropertyValueSpecification","valueRequired":true,"valueName":"search_term_string"}}],"inLanguage":"fr-FR"},{"@type":"Organization","@id":"https:\/\/www.bellunopress.it\/#organization","name":"Bellunopress","url":"https:\/\/www.bellunopress.it\/","logo":{"@type":"ImageObject","inLanguage":"fr-FR","@id":"https:\/\/www.bellunopress.it\/#\/schema\/logo\/image\/","url":"https:\/\/www.bellunopress.it\/wp-content\/uploads\/2011\/05\/cropped-logo-bellunopress-.jpg","contentUrl":"https:\/\/www.bellunopress.it\/wp-content\/uploads\/2011\/05\/cropped-logo-bellunopress-.jpg","width":512,"height":512,"caption":"Bellunopress"},"image":{"@id":"https:\/\/www.bellunopress.it\/#\/schema\/logo\/image\/"},"sameAs":["https:\/\/www.facebook.com\/profile.php?id=100008943462799","https:\/\/x.com\/bellunopress","https:\/\/www.linkedin.com\/hp\/?dnr=JBzUWaJfMUw8vbXJJ2tVW5-I3jZKvC4wsoxE&amp;amp;amp;amp;amp;amp;trk=nav_responsive_tab_home","https:\/\/www.youtube.com\/channel\/UCxL0wu1uN0_3_7hGG0306cw"]},{"@type":"Person","@id":"https:\/\/www.bellunopress.it\/#\/schema\/person\/79bb06722b37ece1c03d3e94beb30d73","name":"r\u00e9daction","image":{"@type":"ImageObject","inLanguage":"fr-FR","@id":"https:\/\/secure.gravatar.com\/avatar\/37d968a2e67a6fd04c169c4bdef102d0bc5d31b2546345219e348575eb80e9a0?s=96&d=mm&r=g","url":"https:\/\/secure.gravatar.com\/avatar\/37d968a2e67a6fd04c169c4bdef102d0bc5d31b2546345219e348575eb80e9a0?s=96&d=mm&r=g","contentUrl":"https:\/\/secure.gravatar.com\/avatar\/37d968a2e67a6fd04c169c4bdef102d0bc5d31b2546345219e348575eb80e9a0?s=96&d=mm&r=g","caption":"redazione"},"sameAs":["http:\/\/www.bellunopress.it","https:\/\/x.com\/bellunopress"],"url":"https:\/\/www.bellunopress.it\/fr\/author\/redazione\/"}]}},"_links":{"self":[{"href":"https:\/\/www.bellunopress.it\/fr\/wp-json\/wp\/v2\/posts\/137325","targetHints":{"allow":["GET"]}}],"collection":[{"href":"https:\/\/www.bellunopress.it\/fr\/wp-json\/wp\/v2\/posts"}],"about":[{"href":"https:\/\/www.bellunopress.it\/fr\/wp-json\/wp\/v2\/types\/post"}],"author":[{"embeddable":true,"href":"https:\/\/www.bellunopress.it\/fr\/wp-json\/wp\/v2\/users\/2"}],"replies":[{"embeddable":true,"href":"https:\/\/www.bellunopress.it\/fr\/wp-json\/wp\/v2\/comments?post=137325"}],"version-history":[{"count":1,"href":"https:\/\/www.bellunopress.it\/fr\/wp-json\/wp\/v2\/posts\/137325\/revisions"}],"predecessor-version":[{"id":137326,"href":"https:\/\/www.bellunopress.it\/fr\/wp-json\/wp\/v2\/posts\/137325\/revisions\/137326"}],"wp:featuredmedia":[{"embeddable":true,"href":"https:\/\/www.bellunopress.it\/fr\/wp-json\/wp\/v2\/media\/77363"}],"wp:attachment":[{"href":"https:\/\/www.bellunopress.it\/fr\/wp-json\/wp\/v2\/media?parent=137325"}],"wp:term":[{"taxonomy":"category","embeddable":true,"href":"https:\/\/www.bellunopress.it\/fr\/wp-json\/wp\/v2\/categories?post=137325"},{"taxonomy":"post_tag","embeddable":true,"href":"https:\/\/www.bellunopress.it\/fr\/wp-json\/wp\/v2\/tags?post=137325"}],"curies":[{"name":"wp","href":"https:\/\/api.w.org\/{rel}","templated":true}]}}