{"id":137320,"date":"2022-10-31T20:49:54","date_gmt":"2022-10-31T19:49:54","guid":{"rendered":"https:\/\/www.bellunopress.it\/?p=137320"},"modified":"2022-10-29T07:54:24","modified_gmt":"2022-10-29T05:54:24","slug":"pierino-e-il-lupo-domenica-pomeriggio-al-teatro-comunale-di-belluno","status":"publish","type":"post","link":"https:\/\/www.bellunopress.it\/fr\/2022\/10\/31\/pierino-e-il-lupo-domenica-pomeriggio-al-teatro-comunale-di-belluno\/","title":{"rendered":"Pierino e il lupo. Domenica  pomeriggio al Teatro comunale di Belluno"},"content":{"rendered":"<figure id=\"attachment_132354\" aria-describedby=\"caption-attachment-132354\" style=\"width: 1000px\" class=\"wp-caption alignleft\"><img loading=\"lazy\" decoding=\"async\" class=\"size-full wp-image-132354\" src=\"https:\/\/www.bellunopress.it\/wp-content\/uploads\/2022\/03\/teatro-comunale-interni_edited.jpg\" alt=\"\" width=\"1000\" height=\"667\" srcset=\"https:\/\/www.bellunopress.it\/wp-content\/uploads\/2022\/03\/teatro-comunale-interni_edited.jpg 1000w, https:\/\/www.bellunopress.it\/wp-content\/uploads\/2022\/03\/teatro-comunale-interni_edited-500x334.jpg 500w, https:\/\/www.bellunopress.it\/wp-content\/uploads\/2022\/03\/teatro-comunale-interni_edited-696x464.jpg 696w, https:\/\/www.bellunopress.it\/wp-content\/uploads\/2022\/03\/teatro-comunale-interni_edited-630x420.jpg 630w\" sizes=\"auto, (max-width: 1000px) 100vw, 1000px\" \/><figcaption id=\"caption-attachment-132354\" class=\"wp-caption-text\">Teatro Comunale di Belluno<\/figcaption><\/figure>\n<p>Dopo la presentazione avvenuta in settembre nella splendida cornice del Teatro Vegetale, e il successo della coproduzione Kuziba-TIB Teatro \u201cTot\u00f2 degli alberi\u201d, la Stagione di teatro per le Nuove Generazioni COMINCIO DAI 3 prosegue la sua 30esima edizione con le domeniche di FAMIGLIE A TEATRO che anche per l\u2019autunno-inverno 2022\/2023 proporr\u00e0 cinque appuntamenti, cinque storie adatte ai pi\u00f9 piccoli che declinano con tenerezza e semplicit\u00e0 temi quali l\u2019inclusivit\u00e0, il rapporto con s\u00e9 stessi, l\u2019affettivit\u00e0, l\u2019accoglienza, l\u2019amicizia.<\/p>\n<p>L\u2019apertura della stagione dedicata alle famiglie sar\u00e0 affidata domenica 6 novembre &#8211; ore 17.00 al Teatro Comunale di Belluno a LA STORIA DI PIERINO E IL LUPO, produzione Tib Teatro sulle musiche di Sergej Prokofiev, arricchite dalla drammaturgia di Daniela Nicosia.<\/p>\n<p>Il pi\u00f9 longevo tra gli spettacoli di TIB, che ha debuttato nel lontano 2000 entusiasmando negli anni migliaia di bambini in tutta Italia, oggi, finalmente, torna a casa con un nuovissimo cast che passa dall\u2019energia dell\u2019attrice bellunese Giorgia Polloni alla verve comica del giovane Massimiliano di Corato. La celebre partitura di Prokovief, eseguita per intero nella straordinaria esecuzione di Claudio Abbado, viene qui mediata dalla figura di un cantastorie e calata in una realt\u00e0 di emigrazione: Pierino \u00e8 un bambino solo in un paese popolato da soli vecchi (vive infatti con il nonno), e per questo ha come amici del cuore l\u2019uccellino, l\u2019anitra e il gatto. Una grande fame accomuna Pierino, gli abitanti di quel paese e il lupo che per mangiare, proprio come loro, deve migrare. Ma i lupi a questo mondo sono tanti e hanno tanti volti, bisogna imparare a riconoscerli e a difendersi\u2026 Uno spettacolo originale e divertente, dove anche i piccoli spettatori verranno coinvolti nello svolgimento della storia, un\u2019opera dal fascino inesauribile.<\/p>\n<p>La stagione Comincio dai 3 \u00e8 organizzata da Tib Teatro per la direzione artistica di Daniela Nicosia e in collaborazione con Fondazione Teatri delle Dolomiti, Ministero della Cultura, con il patrocinio di Regione del Veneto, Reteventi \u2013 Provincia di Belluno, Comune di Belluno, MIUR ufficio scolastico regionale, e la presenza dell\u2019Associazione Bellunese Volontari del Sangue. Mediapartner della stagione Radio Belluno, Radio Cortina.<\/p>\n<p>Per informazioni e prenotazioni: Tib Teatro 0437 950555 \u2013 info@tibteatro.it<br \/>\nLa biglietteria sar\u00e0 aperta presso il Teatro Comunale Belluno Domenica 6 novembre dalle ore 10.30 alle ore 12.30 e il pomeriggio dalle ore 15.00. Biglietti: adulti 15 euro, bambini 10 euro.<br \/>\nE fino a domenica 6 novembre \u00e8 ancora possibile abbonarsi per l\u2019intera stagione: abbonamento bambino 40 euro, abbonamento adulto 60 euro.<\/p>\n<p>&nbsp;<\/p>","protected":false},"excerpt":{"rendered":"<p>Dopo la presentazione avvenuta in settembre nella splendida cornice del Teatro Vegetale, e il successo della coproduzione Kuziba-TIB Teatro \u201cTot\u00f2 degli alberi\u201d, la Stagione di teatro per le Nuove Generazioni COMINCIO DAI 3 prosegue la sua 30esima edizione con le domeniche di FAMIGLIE A TEATRO che anche per l\u2019autunno-inverno 2022\/2023 proporr\u00e0 cinque appuntamenti, cinque storie [&hellip;]<\/p>\n","protected":false},"author":2,"featured_media":132354,"comment_status":"closed","ping_status":"open","sticky":false,"template":"","format":"standard","meta":{"footnotes":""},"categories":[27,3,25],"tags":[],"class_list":["post-137320","post","type-post","status-publish","format-standard","has-post-thumbnail","category-appuntamenti","category-arte-cultura-spettacoli-scienza-archivi","category-pausa-caffe"],"yoast_head":"<!-- This site is optimized with the Yoast SEO plugin v28.4 - https:\/\/yoast.com\/product\/yoast-seo-wordpress\/ -->\n<title>Pierino e il lupo. Domenica pomeriggio al Teatro comunale di Belluno - Bellunopress - Dolomiti<\/title>\n<meta name=\"robots\" content=\"index, follow, max-snippet:-1, max-image-preview:large, max-video-preview:-1\" \/>\n<link rel=\"canonical\" href=\"https:\/\/www.bellunopress.it\/fr\/2022\/10\/31\/pierino-e-il-lupo-domenica-pomeriggio-al-teatro-comunale-di-belluno\/\" \/>\n<meta property=\"og:locale\" content=\"fr_FR\" \/>\n<meta property=\"og:type\" content=\"article\" \/>\n<meta property=\"og:title\" content=\"Pierino e il lupo. Domenica pomeriggio al Teatro comunale di Belluno - Bellunopress - Dolomiti\" \/>\n<meta property=\"og:description\" content=\"Dopo la presentazione avvenuta in settembre nella splendida cornice del Teatro Vegetale, e il successo della coproduzione Kuziba-TIB Teatro \u201cTot\u00f2 degli alberi\u201d, la Stagione di teatro per le Nuove Generazioni COMINCIO DAI 3 prosegue la sua 30esima edizione con le domeniche di FAMIGLIE A TEATRO che anche per l\u2019autunno-inverno 2022\/2023 proporr\u00e0 cinque appuntamenti, cinque storie [&hellip;]\" \/>\n<meta property=\"og:url\" content=\"https:\/\/www.bellunopress.it\/fr\/2022\/10\/31\/pierino-e-il-lupo-domenica-pomeriggio-al-teatro-comunale-di-belluno\/\" \/>\n<meta property=\"og:site_name\" content=\"Bellunopress - Dolomiti\" \/>\n<meta property=\"article:publisher\" content=\"https:\/\/www.facebook.com\/profile.php?id=100008943462799\" \/>\n<meta property=\"article:published_time\" content=\"2022-10-31T19:49:54+00:00\" \/>\n<meta property=\"og:image\" content=\"https:\/\/www.bellunopress.it\/wp-content\/uploads\/2022\/03\/teatro-comunale-interni_edited.jpg\" \/>\n\t<meta property=\"og:image:width\" content=\"1000\" \/>\n\t<meta property=\"og:image:height\" content=\"667\" \/>\n\t<meta property=\"og:image:type\" content=\"image\/jpeg\" \/>\n<meta name=\"author\" content=\"redazione\" \/>\n<meta name=\"twitter:card\" content=\"summary_large_image\" \/>\n<meta name=\"twitter:creator\" content=\"@bellunopress\" \/>\n<meta name=\"twitter:site\" content=\"@bellunopress\" \/>\n<meta name=\"twitter:label1\" content=\"Written by\" \/>\n\t<meta name=\"twitter:data1\" content=\"redazione\" \/>\n\t<meta name=\"twitter:label2\" content=\"Est. reading time\" \/>\n\t<meta name=\"twitter:data2\" content=\"3 minutes\" \/>\n<script type=\"application\/ld+json\" class=\"yoast-schema-graph\">{\"@context\":\"https:\\\/\\\/schema.org\",\"@graph\":[{\"@type\":\"Article\",\"@id\":\"https:\\\/\\\/www.bellunopress.it\\\/2022\\\/10\\\/31\\\/pierino-e-il-lupo-domenica-pomeriggio-al-teatro-comunale-di-belluno\\\/#article\",\"isPartOf\":{\"@id\":\"https:\\\/\\\/www.bellunopress.it\\\/2022\\\/10\\\/31\\\/pierino-e-il-lupo-domenica-pomeriggio-al-teatro-comunale-di-belluno\\\/\"},\"author\":{\"name\":\"redazione\",\"@id\":\"https:\\\/\\\/www.bellunopress.it\\\/#\\\/schema\\\/person\\\/79bb06722b37ece1c03d3e94beb30d73\"},\"headline\":\"Pierino e il lupo. Domenica pomeriggio al Teatro comunale di Belluno\",\"datePublished\":\"2022-10-31T19:49:54+00:00\",\"mainEntityOfPage\":{\"@id\":\"https:\\\/\\\/www.bellunopress.it\\\/2022\\\/10\\\/31\\\/pierino-e-il-lupo-domenica-pomeriggio-al-teatro-comunale-di-belluno\\\/\"},\"wordCount\":423,\"publisher\":{\"@id\":\"https:\\\/\\\/www.bellunopress.it\\\/#organization\"},\"image\":{\"@id\":\"https:\\\/\\\/www.bellunopress.it\\\/2022\\\/10\\\/31\\\/pierino-e-il-lupo-domenica-pomeriggio-al-teatro-comunale-di-belluno\\\/#primaryimage\"},\"thumbnailUrl\":\"https:\\\/\\\/www.bellunopress.it\\\/wp-content\\\/uploads\\\/2022\\\/03\\\/teatro-comunale-interni_edited.jpg\",\"articleSection\":[\"Appuntamenti, Eventi\",\"Arte, Cultura, Spettacoli, Scienza\",\"Pausa Caff\u00e8\"],\"inLanguage\":\"fr-FR\"},{\"@type\":\"WebPage\",\"@id\":\"https:\\\/\\\/www.bellunopress.it\\\/2022\\\/10\\\/31\\\/pierino-e-il-lupo-domenica-pomeriggio-al-teatro-comunale-di-belluno\\\/\",\"url\":\"https:\\\/\\\/www.bellunopress.it\\\/2022\\\/10\\\/31\\\/pierino-e-il-lupo-domenica-pomeriggio-al-teatro-comunale-di-belluno\\\/\",\"name\":\"Pierino e il lupo. Domenica pomeriggio al Teatro comunale di Belluno - Bellunopress - Dolomiti\",\"isPartOf\":{\"@id\":\"https:\\\/\\\/www.bellunopress.it\\\/#website\"},\"primaryImageOfPage\":{\"@id\":\"https:\\\/\\\/www.bellunopress.it\\\/2022\\\/10\\\/31\\\/pierino-e-il-lupo-domenica-pomeriggio-al-teatro-comunale-di-belluno\\\/#primaryimage\"},\"image\":{\"@id\":\"https:\\\/\\\/www.bellunopress.it\\\/2022\\\/10\\\/31\\\/pierino-e-il-lupo-domenica-pomeriggio-al-teatro-comunale-di-belluno\\\/#primaryimage\"},\"thumbnailUrl\":\"https:\\\/\\\/www.bellunopress.it\\\/wp-content\\\/uploads\\\/2022\\\/03\\\/teatro-comunale-interni_edited.jpg\",\"datePublished\":\"2022-10-31T19:49:54+00:00\",\"breadcrumb\":{\"@id\":\"https:\\\/\\\/www.bellunopress.it\\\/2022\\\/10\\\/31\\\/pierino-e-il-lupo-domenica-pomeriggio-al-teatro-comunale-di-belluno\\\/#breadcrumb\"},\"inLanguage\":\"fr-FR\",\"potentialAction\":[{\"@type\":\"ReadAction\",\"target\":[\"https:\\\/\\\/www.bellunopress.it\\\/2022\\\/10\\\/31\\\/pierino-e-il-lupo-domenica-pomeriggio-al-teatro-comunale-di-belluno\\\/\"]}]},{\"@type\":\"ImageObject\",\"inLanguage\":\"fr-FR\",\"@id\":\"https:\\\/\\\/www.bellunopress.it\\\/2022\\\/10\\\/31\\\/pierino-e-il-lupo-domenica-pomeriggio-al-teatro-comunale-di-belluno\\\/#primaryimage\",\"url\":\"https:\\\/\\\/www.bellunopress.it\\\/wp-content\\\/uploads\\\/2022\\\/03\\\/teatro-comunale-interni_edited.jpg\",\"contentUrl\":\"https:\\\/\\\/www.bellunopress.it\\\/wp-content\\\/uploads\\\/2022\\\/03\\\/teatro-comunale-interni_edited.jpg\",\"width\":1000,\"height\":667,\"caption\":\"Teatro Comunale di Belluno\"},{\"@type\":\"BreadcrumbList\",\"@id\":\"https:\\\/\\\/www.bellunopress.it\\\/2022\\\/10\\\/31\\\/pierino-e-il-lupo-domenica-pomeriggio-al-teatro-comunale-di-belluno\\\/#breadcrumb\",\"itemListElement\":[{\"@type\":\"ListItem\",\"position\":1,\"name\":\"Home\",\"item\":\"https:\\\/\\\/www.bellunopress.it\\\/\"},{\"@type\":\"ListItem\",\"position\":2,\"name\":\"Pierino e il lupo. Domenica pomeriggio al Teatro comunale di Belluno\"}]},{\"@type\":\"WebSite\",\"@id\":\"https:\\\/\\\/www.bellunopress.it\\\/#website\",\"url\":\"https:\\\/\\\/www.bellunopress.it\\\/\",\"name\":\"Bellunopress - Dolomiti\",\"description\":\"e-mail: redazione@bellunopress.it\",\"publisher\":{\"@id\":\"https:\\\/\\\/www.bellunopress.it\\\/#organization\"},\"potentialAction\":[{\"@type\":\"SearchAction\",\"target\":{\"@type\":\"EntryPoint\",\"urlTemplate\":\"https:\\\/\\\/www.bellunopress.it\\\/?s={search_term_string}\"},\"query-input\":{\"@type\":\"PropertyValueSpecification\",\"valueRequired\":true,\"valueName\":\"search_term_string\"}}],\"inLanguage\":\"fr-FR\"},{\"@type\":\"Organization\",\"@id\":\"https:\\\/\\\/www.bellunopress.it\\\/#organization\",\"name\":\"Bellunopress\",\"url\":\"https:\\\/\\\/www.bellunopress.it\\\/\",\"logo\":{\"@type\":\"ImageObject\",\"inLanguage\":\"fr-FR\",\"@id\":\"https:\\\/\\\/www.bellunopress.it\\\/#\\\/schema\\\/logo\\\/image\\\/\",\"url\":\"https:\\\/\\\/www.bellunopress.it\\\/wp-content\\\/uploads\\\/2011\\\/05\\\/cropped-logo-bellunopress-.jpg\",\"contentUrl\":\"https:\\\/\\\/www.bellunopress.it\\\/wp-content\\\/uploads\\\/2011\\\/05\\\/cropped-logo-bellunopress-.jpg\",\"width\":512,\"height\":512,\"caption\":\"Bellunopress\"},\"image\":{\"@id\":\"https:\\\/\\\/www.bellunopress.it\\\/#\\\/schema\\\/logo\\\/image\\\/\"},\"sameAs\":[\"https:\\\/\\\/www.facebook.com\\\/profile.php?id=100008943462799\",\"https:\\\/\\\/x.com\\\/bellunopress\",\"https:\\\/\\\/www.linkedin.com\\\/hp\\\/?dnr=JBzUWaJfMUw8vbXJJ2tVW5-I3jZKvC4wsoxE&amp;amp;amp;amp;amp;amp;trk=nav_responsive_tab_home\",\"https:\\\/\\\/www.youtube.com\\\/channel\\\/UCxL0wu1uN0_3_7hGG0306cw\"]},{\"@type\":\"Person\",\"@id\":\"https:\\\/\\\/www.bellunopress.it\\\/#\\\/schema\\\/person\\\/79bb06722b37ece1c03d3e94beb30d73\",\"name\":\"redazione\",\"image\":{\"@type\":\"ImageObject\",\"inLanguage\":\"fr-FR\",\"@id\":\"https:\\\/\\\/secure.gravatar.com\\\/avatar\\\/37d968a2e67a6fd04c169c4bdef102d0bc5d31b2546345219e348575eb80e9a0?s=96&d=mm&r=g\",\"url\":\"https:\\\/\\\/secure.gravatar.com\\\/avatar\\\/37d968a2e67a6fd04c169c4bdef102d0bc5d31b2546345219e348575eb80e9a0?s=96&d=mm&r=g\",\"contentUrl\":\"https:\\\/\\\/secure.gravatar.com\\\/avatar\\\/37d968a2e67a6fd04c169c4bdef102d0bc5d31b2546345219e348575eb80e9a0?s=96&d=mm&r=g\",\"caption\":\"redazione\"},\"sameAs\":[\"http:\\\/\\\/www.bellunopress.it\",\"https:\\\/\\\/x.com\\\/bellunopress\"],\"url\":\"https:\\\/\\\/www.bellunopress.it\\\/fr\\\/author\\\/redazione\\\/\"}]}<\/script>\n<!-- \/ Yoast SEO plugin. -->","yoast_head_json":{"title":"Pierino e il lupo. Domenica pomeriggio al Teatro comunale di Belluno - Bellunopress - Dolomiti","robots":{"index":"index","follow":"follow","max-snippet":"max-snippet:-1","max-image-preview":"max-image-preview:large","max-video-preview":"max-video-preview:-1"},"canonical":"https:\/\/www.bellunopress.it\/fr\/2022\/10\/31\/pierino-e-il-lupo-domenica-pomeriggio-al-teatro-comunale-di-belluno\/","og_locale":"fr_FR","og_type":"article","og_title":"Pierino e il lupo. Domenica pomeriggio al Teatro comunale di Belluno - Bellunopress - Dolomiti","og_description":"Dopo la presentazione avvenuta in settembre nella splendida cornice del Teatro Vegetale, e il successo della coproduzione Kuziba-TIB Teatro \u201cTot\u00f2 degli alberi\u201d, la Stagione di teatro per le Nuove Generazioni COMINCIO DAI 3 prosegue la sua 30esima edizione con le domeniche di FAMIGLIE A TEATRO che anche per l\u2019autunno-inverno 2022\/2023 proporr\u00e0 cinque appuntamenti, cinque storie [&hellip;]","og_url":"https:\/\/www.bellunopress.it\/fr\/2022\/10\/31\/pierino-e-il-lupo-domenica-pomeriggio-al-teatro-comunale-di-belluno\/","og_site_name":"Bellunopress - Dolomiti","article_publisher":"https:\/\/www.facebook.com\/profile.php?id=100008943462799","article_published_time":"2022-10-31T19:49:54+00:00","og_image":[{"width":1000,"height":667,"url":"https:\/\/www.bellunopress.it\/wp-content\/uploads\/2022\/03\/teatro-comunale-interni_edited.jpg","type":"image\/jpeg"}],"author":"redazione","twitter_card":"summary_large_image","twitter_creator":"@bellunopress","twitter_site":"@bellunopress","twitter_misc":{"Written by":"redazione","Est. reading time":"3 minutes"},"schema":{"@context":"https:\/\/schema.org","@graph":[{"@type":"Article","@id":"https:\/\/www.bellunopress.it\/2022\/10\/31\/pierino-e-il-lupo-domenica-pomeriggio-al-teatro-comunale-di-belluno\/#article","isPartOf":{"@id":"https:\/\/www.bellunopress.it\/2022\/10\/31\/pierino-e-il-lupo-domenica-pomeriggio-al-teatro-comunale-di-belluno\/"},"author":{"name":"redazione","@id":"https:\/\/www.bellunopress.it\/#\/schema\/person\/79bb06722b37ece1c03d3e94beb30d73"},"headline":"Pierino e il lupo. Domenica pomeriggio al Teatro comunale di Belluno","datePublished":"2022-10-31T19:49:54+00:00","mainEntityOfPage":{"@id":"https:\/\/www.bellunopress.it\/2022\/10\/31\/pierino-e-il-lupo-domenica-pomeriggio-al-teatro-comunale-di-belluno\/"},"wordCount":423,"publisher":{"@id":"https:\/\/www.bellunopress.it\/#organization"},"image":{"@id":"https:\/\/www.bellunopress.it\/2022\/10\/31\/pierino-e-il-lupo-domenica-pomeriggio-al-teatro-comunale-di-belluno\/#primaryimage"},"thumbnailUrl":"https:\/\/www.bellunopress.it\/wp-content\/uploads\/2022\/03\/teatro-comunale-interni_edited.jpg","articleSection":["Appuntamenti, Eventi","Arte, Cultura, Spettacoli, Scienza","Pausa Caff\u00e8"],"inLanguage":"fr-FR"},{"@type":"WebPage","@id":"https:\/\/www.bellunopress.it\/2022\/10\/31\/pierino-e-il-lupo-domenica-pomeriggio-al-teatro-comunale-di-belluno\/","url":"https:\/\/www.bellunopress.it\/2022\/10\/31\/pierino-e-il-lupo-domenica-pomeriggio-al-teatro-comunale-di-belluno\/","name":"Pierino e il lupo. Domenica pomeriggio al Teatro comunale di Belluno - Bellunopress - Dolomiti","isPartOf":{"@id":"https:\/\/www.bellunopress.it\/#website"},"primaryImageOfPage":{"@id":"https:\/\/www.bellunopress.it\/2022\/10\/31\/pierino-e-il-lupo-domenica-pomeriggio-al-teatro-comunale-di-belluno\/#primaryimage"},"image":{"@id":"https:\/\/www.bellunopress.it\/2022\/10\/31\/pierino-e-il-lupo-domenica-pomeriggio-al-teatro-comunale-di-belluno\/#primaryimage"},"thumbnailUrl":"https:\/\/www.bellunopress.it\/wp-content\/uploads\/2022\/03\/teatro-comunale-interni_edited.jpg","datePublished":"2022-10-31T19:49:54+00:00","breadcrumb":{"@id":"https:\/\/www.bellunopress.it\/2022\/10\/31\/pierino-e-il-lupo-domenica-pomeriggio-al-teatro-comunale-di-belluno\/#breadcrumb"},"inLanguage":"fr-FR","potentialAction":[{"@type":"ReadAction","target":["https:\/\/www.bellunopress.it\/2022\/10\/31\/pierino-e-il-lupo-domenica-pomeriggio-al-teatro-comunale-di-belluno\/"]}]},{"@type":"ImageObject","inLanguage":"fr-FR","@id":"https:\/\/www.bellunopress.it\/2022\/10\/31\/pierino-e-il-lupo-domenica-pomeriggio-al-teatro-comunale-di-belluno\/#primaryimage","url":"https:\/\/www.bellunopress.it\/wp-content\/uploads\/2022\/03\/teatro-comunale-interni_edited.jpg","contentUrl":"https:\/\/www.bellunopress.it\/wp-content\/uploads\/2022\/03\/teatro-comunale-interni_edited.jpg","width":1000,"height":667,"caption":"Teatro Comunale di Belluno"},{"@type":"BreadcrumbList","@id":"https:\/\/www.bellunopress.it\/2022\/10\/31\/pierino-e-il-lupo-domenica-pomeriggio-al-teatro-comunale-di-belluno\/#breadcrumb","itemListElement":[{"@type":"ListItem","position":1,"name":"Home","item":"https:\/\/www.bellunopress.it\/"},{"@type":"ListItem","position":2,"name":"Pierino e il lupo. Domenica pomeriggio al Teatro comunale di Belluno"}]},{"@type":"WebSite","@id":"https:\/\/www.bellunopress.it\/#website","url":"https:\/\/www.bellunopress.it\/","name":"Bellunopress - Dolomiti","description":"e-mail: redazione@bellunopress.it","publisher":{"@id":"https:\/\/www.bellunopress.it\/#organization"},"potentialAction":[{"@type":"SearchAction","target":{"@type":"EntryPoint","urlTemplate":"https:\/\/www.bellunopress.it\/?s={search_term_string}"},"query-input":{"@type":"PropertyValueSpecification","valueRequired":true,"valueName":"search_term_string"}}],"inLanguage":"fr-FR"},{"@type":"Organization","@id":"https:\/\/www.bellunopress.it\/#organization","name":"Bellunopress","url":"https:\/\/www.bellunopress.it\/","logo":{"@type":"ImageObject","inLanguage":"fr-FR","@id":"https:\/\/www.bellunopress.it\/#\/schema\/logo\/image\/","url":"https:\/\/www.bellunopress.it\/wp-content\/uploads\/2011\/05\/cropped-logo-bellunopress-.jpg","contentUrl":"https:\/\/www.bellunopress.it\/wp-content\/uploads\/2011\/05\/cropped-logo-bellunopress-.jpg","width":512,"height":512,"caption":"Bellunopress"},"image":{"@id":"https:\/\/www.bellunopress.it\/#\/schema\/logo\/image\/"},"sameAs":["https:\/\/www.facebook.com\/profile.php?id=100008943462799","https:\/\/x.com\/bellunopress","https:\/\/www.linkedin.com\/hp\/?dnr=JBzUWaJfMUw8vbXJJ2tVW5-I3jZKvC4wsoxE&amp;amp;amp;amp;amp;amp;trk=nav_responsive_tab_home","https:\/\/www.youtube.com\/channel\/UCxL0wu1uN0_3_7hGG0306cw"]},{"@type":"Person","@id":"https:\/\/www.bellunopress.it\/#\/schema\/person\/79bb06722b37ece1c03d3e94beb30d73","name":"r\u00e9daction","image":{"@type":"ImageObject","inLanguage":"fr-FR","@id":"https:\/\/secure.gravatar.com\/avatar\/37d968a2e67a6fd04c169c4bdef102d0bc5d31b2546345219e348575eb80e9a0?s=96&d=mm&r=g","url":"https:\/\/secure.gravatar.com\/avatar\/37d968a2e67a6fd04c169c4bdef102d0bc5d31b2546345219e348575eb80e9a0?s=96&d=mm&r=g","contentUrl":"https:\/\/secure.gravatar.com\/avatar\/37d968a2e67a6fd04c169c4bdef102d0bc5d31b2546345219e348575eb80e9a0?s=96&d=mm&r=g","caption":"redazione"},"sameAs":["http:\/\/www.bellunopress.it","https:\/\/x.com\/bellunopress"],"url":"https:\/\/www.bellunopress.it\/fr\/author\/redazione\/"}]}},"_links":{"self":[{"href":"https:\/\/www.bellunopress.it\/fr\/wp-json\/wp\/v2\/posts\/137320","targetHints":{"allow":["GET"]}}],"collection":[{"href":"https:\/\/www.bellunopress.it\/fr\/wp-json\/wp\/v2\/posts"}],"about":[{"href":"https:\/\/www.bellunopress.it\/fr\/wp-json\/wp\/v2\/types\/post"}],"author":[{"embeddable":true,"href":"https:\/\/www.bellunopress.it\/fr\/wp-json\/wp\/v2\/users\/2"}],"replies":[{"embeddable":true,"href":"https:\/\/www.bellunopress.it\/fr\/wp-json\/wp\/v2\/comments?post=137320"}],"version-history":[{"count":1,"href":"https:\/\/www.bellunopress.it\/fr\/wp-json\/wp\/v2\/posts\/137320\/revisions"}],"predecessor-version":[{"id":137321,"href":"https:\/\/www.bellunopress.it\/fr\/wp-json\/wp\/v2\/posts\/137320\/revisions\/137321"}],"wp:featuredmedia":[{"embeddable":true,"href":"https:\/\/www.bellunopress.it\/fr\/wp-json\/wp\/v2\/media\/132354"}],"wp:attachment":[{"href":"https:\/\/www.bellunopress.it\/fr\/wp-json\/wp\/v2\/media?parent=137320"}],"wp:term":[{"taxonomy":"category","embeddable":true,"href":"https:\/\/www.bellunopress.it\/fr\/wp-json\/wp\/v2\/categories?post=137320"},{"taxonomy":"post_tag","embeddable":true,"href":"https:\/\/www.bellunopress.it\/fr\/wp-json\/wp\/v2\/tags?post=137320"}],"curies":[{"name":"wp","href":"https:\/\/api.w.org\/{rel}","templated":true}]}}