{"id":137314,"date":"2022-10-28T19:41:06","date_gmt":"2022-10-28T17:41:06","guid":{"rendered":"https:\/\/www.bellunopress.it\/?p=137314"},"modified":"2022-10-28T19:43:07","modified_gmt":"2022-10-28T17:43:07","slug":"lingegneria-pendemico-istituzionale-non-sara-facile-dimenticare-di-filiberto-dal-molin","status":"publish","type":"post","link":"https:\/\/www.bellunopress.it\/fr\/2022\/10\/28\/lingegneria-pendemico-istituzionale-non-sara-facile-dimenticare-di-filiberto-dal-molin\/","title":{"rendered":"L&#8217;ingegneria pendemico-istituzionale. Non sar\u00e0 facile dimenticare  * di Filiberto Dal Molin"},"content":{"rendered":"<figure id=\"attachment_135571\" aria-describedby=\"caption-attachment-135571\" style=\"width: 750px\" class=\"wp-caption alignleft\"><img loading=\"lazy\" decoding=\"async\" class=\"size-full wp-image-135571\" src=\"https:\/\/www.bellunopress.it\/wp-content\/uploads\/2022\/08\/Filiberto-Dal-Molin_edited.jpg\" alt=\"\" width=\"750\" height=\"1000\" srcset=\"https:\/\/www.bellunopress.it\/wp-content\/uploads\/2022\/08\/Filiberto-Dal-Molin_edited.jpg 750w, https:\/\/www.bellunopress.it\/wp-content\/uploads\/2022\/08\/Filiberto-Dal-Molin_edited-375x500.jpg 375w, https:\/\/www.bellunopress.it\/wp-content\/uploads\/2022\/08\/Filiberto-Dal-Molin_edited-696x928.jpg 696w, https:\/\/www.bellunopress.it\/wp-content\/uploads\/2022\/08\/Filiberto-Dal-Molin_edited-315x420.jpg 315w\" sizes=\"auto, (max-width: 750px) 100vw, 750px\" \/><figcaption id=\"caption-attachment-135571\" class=\"wp-caption-text\">Filiberto Dal Molin &#8211; medico chirurgo specializzato in Radiologia, direttore sanitario della Salus, Istituto radiologico e fisiokinesiterapico con sede a Belluno.<\/figcaption><\/figure>\n<p>Belluno, 28 ottobre 2022 &#8211; Inaspettatamente con grande chiarezza e rara onest\u00e0 intellettuale la nostra Presidente del Consiglio appena insediata ha dichiarato che la pandemia \u00e8 finita; con essa tutti gli obblighi illeciti e tutti i vincoli anticostituzionali alle libert\u00e0 civili vengono cancellati con un semplice colpo di spugna. Possiamo respirare! Io, che non avevo votato per Lei, ringrazio vivamente.<\/p>\n<p>Non sar\u00e0 facile dimenticare l\u2019ineffabile ministro Speranza, la sua arietta da coniglio spaventato e le sue demenziali prescrizioni sanitarie.<br \/>\nCon difficolt\u00e0 dimenticheremo anche il presidente Draghi (che non ha propriamente salvato l\u2019Italia) e che in tema di vaccini ha pontificato \u201cprendi il vaccino e ti salvi; non prendi il vaccino e muori\u201d, clamorosamente smentito da milioni di persone che non gli hanno creduto e che sono guariti in tre giorni dalla viremia, spesso anche senza febbre e nella propria casa.<\/p>\n<p>Non dimenticheremo neppure i pochi medici che, contro gli ordini ricevuti, hanno curato a casa i malati con farmaci di uso comune, senza alcun vaccino e salvandoli tutti. Molti Presidenti degli Ordini dei Medici hanno protestato contro di loro e volevano cancellarli dall\u2019albo. Pochissimi li hanno rispettati.<\/p>\n<p>Sar\u00e0 impossibile dimenticare che fin dall\u2019inizio di questa viremia, programmaticamente trasformata in pandemia, 41 titolati medici delle nostre universit\u00e0 e dei nostri ospedali hanno scritto a Speranza che la normale terapia antinfiammatoria e antitrombotica erano sufficienti a bloccare all\u2019origine la viremia: lo sventurato non rispose.<\/p>\n<p>Noi \u201cteppaglia no-vax con i nostri rintronati mentori\u201d saremo invece capaci di dimenticare l\u2019insulto ingiusto, fascista e razzista.<\/p>\n<p>Non dovremo invece dimenticare i molti colleghi, e in particolare i Presidenti degli Ordini dei Medici, che hanno scelto di obbedire, senza discutere e senza dimettersi, alle disposizioni di un rintronato (questo s\u00ec) laureato in scienze politiche e alle sue ciance demenziali invece di ricordare che la nostra guida \u00e8 il Codice Deontologico, improntato al rispetto e all\u2019interesse del Paziente.<\/p>\n<p>Dovremo invece meditare, a futura memoria, che non \u00e8 Medicina quella che esclude le visite domiciliari, le autopsie, i confronti scientifici liberi e paritari, le terapie domiciliari, le libert\u00e0 professionali, il rispetto del codice deontologico e delle libert\u00e0 civili.<\/p>\n<p>Non dimenticheremo mai la \u201cvigile attesa e tachipirina\u201d che hanno riempito i centri di terapia intensiva e le cronache dei decessi. Soprattutto non sar\u00e0 possibile per nessuno dimenticare che tutto questo sovvertimento delle regole e della vita civile \u00e8 stato programmato a favore di un vaccino nella sua fase SPERIMENTALE e che lo sar\u00e0 ancora per molti mesi.<\/p>\n<p>Infine che dire dei media nazionali, con pochissime eccezioni fedelissimi al dettato governativo, efficacissimi filtri di qualunque notizia non gradita al manovratore?<\/p>\n<p>E che dire dei Comitati Etici brillantemente assenti da qualunque dibattito sul tema?<\/p>\n<p>Possiamo almeno sperare che tutto ci\u00f2 diventi una preziosa esperienza per il futuro!<\/p>\n<p><strong>Filiberto Dal Molin<\/strong><\/p>","protected":false},"excerpt":{"rendered":"<p>Belluno, 28 ottobre 2022 &#8211; Inaspettatamente con grande chiarezza e rara onest\u00e0 intellettuale la nostra Presidente del Consiglio appena insediata ha dichiarato che la pandemia \u00e8 finita; con essa tutti gli obblighi illeciti e tutti i vincoli anticostituzionali alle libert\u00e0 civili vengono cancellati con un semplice colpo di spugna. Possiamo respirare! Io, che non avevo [&hellip;]<\/p>\n","protected":false},"author":2,"featured_media":135571,"comment_status":"closed","ping_status":"open","sticky":false,"template":"","format":"standard","meta":{"footnotes":""},"categories":[3368,3446,26,17],"tags":[],"class_list":["post-137314","post","type-post","status-publish","format-standard","has-post-thumbnail","category-cahiers-de-doleances","category-featured","category-prima-pagina","category-sanita"],"yoast_head":"<!-- This site is optimized with the Yoast SEO plugin v28.4 - https:\/\/yoast.com\/product\/yoast-seo-wordpress\/ -->\n<title>L&#039;ingegneria pendemico-istituzionale. Non sar\u00e0 facile dimenticare * di Filiberto Dal Molin - Bellunopress - Dolomiti<\/title>\n<meta name=\"robots\" content=\"index, follow, max-snippet:-1, max-image-preview:large, max-video-preview:-1\" \/>\n<link rel=\"canonical\" href=\"https:\/\/www.bellunopress.it\/fr\/2022\/10\/28\/lingegneria-pendemico-istituzionale-non-sara-facile-dimenticare-di-filiberto-dal-molin\/\" \/>\n<meta property=\"og:locale\" content=\"fr_FR\" \/>\n<meta property=\"og:type\" content=\"article\" \/>\n<meta property=\"og:title\" content=\"L&#039;ingegneria pendemico-istituzionale. Non sar\u00e0 facile dimenticare * di Filiberto Dal Molin - Bellunopress - Dolomiti\" \/>\n<meta property=\"og:description\" content=\"Belluno, 28 ottobre 2022 &#8211; Inaspettatamente con grande chiarezza e rara onest\u00e0 intellettuale la nostra Presidente del Consiglio appena insediata ha dichiarato che la pandemia \u00e8 finita; con essa tutti gli obblighi illeciti e tutti i vincoli anticostituzionali alle libert\u00e0 civili vengono cancellati con un semplice colpo di spugna. Possiamo respirare! Io, che non avevo [&hellip;]\" \/>\n<meta property=\"og:url\" content=\"https:\/\/www.bellunopress.it\/fr\/2022\/10\/28\/lingegneria-pendemico-istituzionale-non-sara-facile-dimenticare-di-filiberto-dal-molin\/\" \/>\n<meta property=\"og:site_name\" content=\"Bellunopress - Dolomiti\" \/>\n<meta property=\"article:publisher\" content=\"https:\/\/www.facebook.com\/profile.php?id=100008943462799\" \/>\n<meta property=\"article:published_time\" content=\"2022-10-28T17:41:06+00:00\" \/>\n<meta property=\"article:modified_time\" content=\"2022-10-28T17:43:07+00:00\" \/>\n<meta property=\"og:image\" content=\"https:\/\/www.bellunopress.it\/wp-content\/uploads\/2022\/08\/Filiberto-Dal-Molin_edited.jpg\" \/>\n\t<meta property=\"og:image:width\" content=\"750\" \/>\n\t<meta property=\"og:image:height\" content=\"1000\" \/>\n\t<meta property=\"og:image:type\" content=\"image\/jpeg\" \/>\n<meta name=\"author\" content=\"redazione\" \/>\n<meta name=\"twitter:card\" content=\"summary_large_image\" \/>\n<meta name=\"twitter:creator\" content=\"@bellunopress\" \/>\n<meta name=\"twitter:site\" content=\"@bellunopress\" \/>\n<meta name=\"twitter:label1\" content=\"\u00c9crit par\" \/>\n\t<meta name=\"twitter:data1\" content=\"redazione\" \/>\n\t<meta name=\"twitter:label2\" content=\"Dur\u00e9e de lecture estim\u00e9e\" \/>\n\t<meta name=\"twitter:data2\" content=\"3 minutes\" \/>\n<script type=\"application\/ld+json\" class=\"yoast-schema-graph\">{\"@context\":\"https:\\\/\\\/schema.org\",\"@graph\":[{\"@type\":\"Article\",\"@id\":\"https:\\\/\\\/www.bellunopress.it\\\/2022\\\/10\\\/28\\\/lingegneria-pendemico-istituzionale-non-sara-facile-dimenticare-di-filiberto-dal-molin\\\/#article\",\"isPartOf\":{\"@id\":\"https:\\\/\\\/www.bellunopress.it\\\/2022\\\/10\\\/28\\\/lingegneria-pendemico-istituzionale-non-sara-facile-dimenticare-di-filiberto-dal-molin\\\/\"},\"author\":{\"name\":\"redazione\",\"@id\":\"https:\\\/\\\/www.bellunopress.it\\\/#\\\/schema\\\/person\\\/79bb06722b37ece1c03d3e94beb30d73\"},\"headline\":\"L&#8217;ingegneria pendemico-istituzionale. Non sar\u00e0 facile dimenticare * di Filiberto Dal Molin\",\"datePublished\":\"2022-10-28T17:41:06+00:00\",\"dateModified\":\"2022-10-28T17:43:07+00:00\",\"mainEntityOfPage\":{\"@id\":\"https:\\\/\\\/www.bellunopress.it\\\/2022\\\/10\\\/28\\\/lingegneria-pendemico-istituzionale-non-sara-facile-dimenticare-di-filiberto-dal-molin\\\/\"},\"wordCount\":497,\"publisher\":{\"@id\":\"https:\\\/\\\/www.bellunopress.it\\\/#organization\"},\"image\":{\"@id\":\"https:\\\/\\\/www.bellunopress.it\\\/2022\\\/10\\\/28\\\/lingegneria-pendemico-istituzionale-non-sara-facile-dimenticare-di-filiberto-dal-molin\\\/#primaryimage\"},\"thumbnailUrl\":\"https:\\\/\\\/www.bellunopress.it\\\/wp-content\\\/uploads\\\/2022\\\/08\\\/Filiberto-Dal-Molin_edited.jpg\",\"articleSection\":[\"Cahiers de dol\u00e9ances\",\"Featured\",\"Prima Pagina\",\"Sanit\u00e0 Medicina\"],\"inLanguage\":\"fr-FR\"},{\"@type\":\"WebPage\",\"@id\":\"https:\\\/\\\/www.bellunopress.it\\\/2022\\\/10\\\/28\\\/lingegneria-pendemico-istituzionale-non-sara-facile-dimenticare-di-filiberto-dal-molin\\\/\",\"url\":\"https:\\\/\\\/www.bellunopress.it\\\/2022\\\/10\\\/28\\\/lingegneria-pendemico-istituzionale-non-sara-facile-dimenticare-di-filiberto-dal-molin\\\/\",\"name\":\"L'ingegneria pendemico-istituzionale. Non sar\u00e0 facile dimenticare * di Filiberto Dal Molin - Bellunopress - Dolomiti\",\"isPartOf\":{\"@id\":\"https:\\\/\\\/www.bellunopress.it\\\/#website\"},\"primaryImageOfPage\":{\"@id\":\"https:\\\/\\\/www.bellunopress.it\\\/2022\\\/10\\\/28\\\/lingegneria-pendemico-istituzionale-non-sara-facile-dimenticare-di-filiberto-dal-molin\\\/#primaryimage\"},\"image\":{\"@id\":\"https:\\\/\\\/www.bellunopress.it\\\/2022\\\/10\\\/28\\\/lingegneria-pendemico-istituzionale-non-sara-facile-dimenticare-di-filiberto-dal-molin\\\/#primaryimage\"},\"thumbnailUrl\":\"https:\\\/\\\/www.bellunopress.it\\\/wp-content\\\/uploads\\\/2022\\\/08\\\/Filiberto-Dal-Molin_edited.jpg\",\"datePublished\":\"2022-10-28T17:41:06+00:00\",\"dateModified\":\"2022-10-28T17:43:07+00:00\",\"breadcrumb\":{\"@id\":\"https:\\\/\\\/www.bellunopress.it\\\/2022\\\/10\\\/28\\\/lingegneria-pendemico-istituzionale-non-sara-facile-dimenticare-di-filiberto-dal-molin\\\/#breadcrumb\"},\"inLanguage\":\"fr-FR\",\"potentialAction\":[{\"@type\":\"ReadAction\",\"target\":[\"https:\\\/\\\/www.bellunopress.it\\\/2022\\\/10\\\/28\\\/lingegneria-pendemico-istituzionale-non-sara-facile-dimenticare-di-filiberto-dal-molin\\\/\"]}]},{\"@type\":\"ImageObject\",\"inLanguage\":\"fr-FR\",\"@id\":\"https:\\\/\\\/www.bellunopress.it\\\/2022\\\/10\\\/28\\\/lingegneria-pendemico-istituzionale-non-sara-facile-dimenticare-di-filiberto-dal-molin\\\/#primaryimage\",\"url\":\"https:\\\/\\\/www.bellunopress.it\\\/wp-content\\\/uploads\\\/2022\\\/08\\\/Filiberto-Dal-Molin_edited.jpg\",\"contentUrl\":\"https:\\\/\\\/www.bellunopress.it\\\/wp-content\\\/uploads\\\/2022\\\/08\\\/Filiberto-Dal-Molin_edited.jpg\",\"width\":750,\"height\":1000,\"caption\":\"Filiberto Dal Molin - medico chirurgo specializzato in Radiologia, direttore sanitario della Salus, Istituto radiologico e fisiokinesiterapico con sede a Belluno.\"},{\"@type\":\"BreadcrumbList\",\"@id\":\"https:\\\/\\\/www.bellunopress.it\\\/2022\\\/10\\\/28\\\/lingegneria-pendemico-istituzionale-non-sara-facile-dimenticare-di-filiberto-dal-molin\\\/#breadcrumb\",\"itemListElement\":[{\"@type\":\"ListItem\",\"position\":1,\"name\":\"Home\",\"item\":\"https:\\\/\\\/www.bellunopress.it\\\/\"},{\"@type\":\"ListItem\",\"position\":2,\"name\":\"L&#8217;ingegneria pendemico-istituzionale. Non sar\u00e0 facile dimenticare * di Filiberto Dal Molin\"}]},{\"@type\":\"WebSite\",\"@id\":\"https:\\\/\\\/www.bellunopress.it\\\/#website\",\"url\":\"https:\\\/\\\/www.bellunopress.it\\\/\",\"name\":\"Bellunopress - Dolomiti\",\"description\":\"e-mail: redazione@bellunopress.it\",\"publisher\":{\"@id\":\"https:\\\/\\\/www.bellunopress.it\\\/#organization\"},\"potentialAction\":[{\"@type\":\"SearchAction\",\"target\":{\"@type\":\"EntryPoint\",\"urlTemplate\":\"https:\\\/\\\/www.bellunopress.it\\\/?s={search_term_string}\"},\"query-input\":{\"@type\":\"PropertyValueSpecification\",\"valueRequired\":true,\"valueName\":\"search_term_string\"}}],\"inLanguage\":\"fr-FR\"},{\"@type\":\"Organization\",\"@id\":\"https:\\\/\\\/www.bellunopress.it\\\/#organization\",\"name\":\"Bellunopress\",\"url\":\"https:\\\/\\\/www.bellunopress.it\\\/\",\"logo\":{\"@type\":\"ImageObject\",\"inLanguage\":\"fr-FR\",\"@id\":\"https:\\\/\\\/www.bellunopress.it\\\/#\\\/schema\\\/logo\\\/image\\\/\",\"url\":\"https:\\\/\\\/www.bellunopress.it\\\/wp-content\\\/uploads\\\/2011\\\/05\\\/cropped-logo-bellunopress-.jpg\",\"contentUrl\":\"https:\\\/\\\/www.bellunopress.it\\\/wp-content\\\/uploads\\\/2011\\\/05\\\/cropped-logo-bellunopress-.jpg\",\"width\":512,\"height\":512,\"caption\":\"Bellunopress\"},\"image\":{\"@id\":\"https:\\\/\\\/www.bellunopress.it\\\/#\\\/schema\\\/logo\\\/image\\\/\"},\"sameAs\":[\"https:\\\/\\\/www.facebook.com\\\/profile.php?id=100008943462799\",\"https:\\\/\\\/x.com\\\/bellunopress\",\"https:\\\/\\\/www.linkedin.com\\\/hp\\\/?dnr=JBzUWaJfMUw8vbXJJ2tVW5-I3jZKvC4wsoxE&amp;amp;amp;amp;amp;amp;trk=nav_responsive_tab_home\",\"https:\\\/\\\/www.youtube.com\\\/channel\\\/UCxL0wu1uN0_3_7hGG0306cw\"]},{\"@type\":\"Person\",\"@id\":\"https:\\\/\\\/www.bellunopress.it\\\/#\\\/schema\\\/person\\\/79bb06722b37ece1c03d3e94beb30d73\",\"name\":\"redazione\",\"image\":{\"@type\":\"ImageObject\",\"inLanguage\":\"fr-FR\",\"@id\":\"https:\\\/\\\/secure.gravatar.com\\\/avatar\\\/37d968a2e67a6fd04c169c4bdef102d0bc5d31b2546345219e348575eb80e9a0?s=96&d=mm&r=g\",\"url\":\"https:\\\/\\\/secure.gravatar.com\\\/avatar\\\/37d968a2e67a6fd04c169c4bdef102d0bc5d31b2546345219e348575eb80e9a0?s=96&d=mm&r=g\",\"contentUrl\":\"https:\\\/\\\/secure.gravatar.com\\\/avatar\\\/37d968a2e67a6fd04c169c4bdef102d0bc5d31b2546345219e348575eb80e9a0?s=96&d=mm&r=g\",\"caption\":\"redazione\"},\"sameAs\":[\"http:\\\/\\\/www.bellunopress.it\",\"https:\\\/\\\/x.com\\\/bellunopress\"],\"url\":\"https:\\\/\\\/www.bellunopress.it\\\/fr\\\/author\\\/redazione\\\/\"}]}<\/script>\n<!-- \/ Yoast SEO plugin. -->","yoast_head_json":{"title":"L'ingegneria pendemico-istituzionale. Non sar\u00e0 facile dimenticare * di Filiberto Dal Molin - Bellunopress - Dolomiti","robots":{"index":"index","follow":"follow","max-snippet":"max-snippet:-1","max-image-preview":"max-image-preview:large","max-video-preview":"max-video-preview:-1"},"canonical":"https:\/\/www.bellunopress.it\/fr\/2022\/10\/28\/lingegneria-pendemico-istituzionale-non-sara-facile-dimenticare-di-filiberto-dal-molin\/","og_locale":"fr_FR","og_type":"article","og_title":"L'ingegneria pendemico-istituzionale. Non sar\u00e0 facile dimenticare * di Filiberto Dal Molin - Bellunopress - Dolomiti","og_description":"Belluno, 28 ottobre 2022 &#8211; Inaspettatamente con grande chiarezza e rara onest\u00e0 intellettuale la nostra Presidente del Consiglio appena insediata ha dichiarato che la pandemia \u00e8 finita; con essa tutti gli obblighi illeciti e tutti i vincoli anticostituzionali alle libert\u00e0 civili vengono cancellati con un semplice colpo di spugna. Possiamo respirare! Io, che non avevo [&hellip;]","og_url":"https:\/\/www.bellunopress.it\/fr\/2022\/10\/28\/lingegneria-pendemico-istituzionale-non-sara-facile-dimenticare-di-filiberto-dal-molin\/","og_site_name":"Bellunopress - Dolomiti","article_publisher":"https:\/\/www.facebook.com\/profile.php?id=100008943462799","article_published_time":"2022-10-28T17:41:06+00:00","article_modified_time":"2022-10-28T17:43:07+00:00","og_image":[{"width":750,"height":1000,"url":"https:\/\/www.bellunopress.it\/wp-content\/uploads\/2022\/08\/Filiberto-Dal-Molin_edited.jpg","type":"image\/jpeg"}],"author":"redazione","twitter_card":"summary_large_image","twitter_creator":"@bellunopress","twitter_site":"@bellunopress","twitter_misc":{"\u00c9crit par":"redazione","Dur\u00e9e de lecture estim\u00e9e":"3 minutes"},"schema":{"@context":"https:\/\/schema.org","@graph":[{"@type":"Article","@id":"https:\/\/www.bellunopress.it\/2022\/10\/28\/lingegneria-pendemico-istituzionale-non-sara-facile-dimenticare-di-filiberto-dal-molin\/#article","isPartOf":{"@id":"https:\/\/www.bellunopress.it\/2022\/10\/28\/lingegneria-pendemico-istituzionale-non-sara-facile-dimenticare-di-filiberto-dal-molin\/"},"author":{"name":"redazione","@id":"https:\/\/www.bellunopress.it\/#\/schema\/person\/79bb06722b37ece1c03d3e94beb30d73"},"headline":"L&#8217;ingegneria pendemico-istituzionale. Non sar\u00e0 facile dimenticare * di Filiberto Dal Molin","datePublished":"2022-10-28T17:41:06+00:00","dateModified":"2022-10-28T17:43:07+00:00","mainEntityOfPage":{"@id":"https:\/\/www.bellunopress.it\/2022\/10\/28\/lingegneria-pendemico-istituzionale-non-sara-facile-dimenticare-di-filiberto-dal-molin\/"},"wordCount":497,"publisher":{"@id":"https:\/\/www.bellunopress.it\/#organization"},"image":{"@id":"https:\/\/www.bellunopress.it\/2022\/10\/28\/lingegneria-pendemico-istituzionale-non-sara-facile-dimenticare-di-filiberto-dal-molin\/#primaryimage"},"thumbnailUrl":"https:\/\/www.bellunopress.it\/wp-content\/uploads\/2022\/08\/Filiberto-Dal-Molin_edited.jpg","articleSection":["Cahiers de dol\u00e9ances","Featured","Prima Pagina","Sanit\u00e0 Medicina"],"inLanguage":"fr-FR"},{"@type":"WebPage","@id":"https:\/\/www.bellunopress.it\/2022\/10\/28\/lingegneria-pendemico-istituzionale-non-sara-facile-dimenticare-di-filiberto-dal-molin\/","url":"https:\/\/www.bellunopress.it\/2022\/10\/28\/lingegneria-pendemico-istituzionale-non-sara-facile-dimenticare-di-filiberto-dal-molin\/","name":"L'ingegneria pendemico-istituzionale. Non sar\u00e0 facile dimenticare * di Filiberto Dal Molin - Bellunopress - Dolomiti","isPartOf":{"@id":"https:\/\/www.bellunopress.it\/#website"},"primaryImageOfPage":{"@id":"https:\/\/www.bellunopress.it\/2022\/10\/28\/lingegneria-pendemico-istituzionale-non-sara-facile-dimenticare-di-filiberto-dal-molin\/#primaryimage"},"image":{"@id":"https:\/\/www.bellunopress.it\/2022\/10\/28\/lingegneria-pendemico-istituzionale-non-sara-facile-dimenticare-di-filiberto-dal-molin\/#primaryimage"},"thumbnailUrl":"https:\/\/www.bellunopress.it\/wp-content\/uploads\/2022\/08\/Filiberto-Dal-Molin_edited.jpg","datePublished":"2022-10-28T17:41:06+00:00","dateModified":"2022-10-28T17:43:07+00:00","breadcrumb":{"@id":"https:\/\/www.bellunopress.it\/2022\/10\/28\/lingegneria-pendemico-istituzionale-non-sara-facile-dimenticare-di-filiberto-dal-molin\/#breadcrumb"},"inLanguage":"fr-FR","potentialAction":[{"@type":"ReadAction","target":["https:\/\/www.bellunopress.it\/2022\/10\/28\/lingegneria-pendemico-istituzionale-non-sara-facile-dimenticare-di-filiberto-dal-molin\/"]}]},{"@type":"ImageObject","inLanguage":"fr-FR","@id":"https:\/\/www.bellunopress.it\/2022\/10\/28\/lingegneria-pendemico-istituzionale-non-sara-facile-dimenticare-di-filiberto-dal-molin\/#primaryimage","url":"https:\/\/www.bellunopress.it\/wp-content\/uploads\/2022\/08\/Filiberto-Dal-Molin_edited.jpg","contentUrl":"https:\/\/www.bellunopress.it\/wp-content\/uploads\/2022\/08\/Filiberto-Dal-Molin_edited.jpg","width":750,"height":1000,"caption":"Filiberto Dal Molin - medico chirurgo specializzato in Radiologia, direttore sanitario della Salus, Istituto radiologico e fisiokinesiterapico con sede a Belluno."},{"@type":"BreadcrumbList","@id":"https:\/\/www.bellunopress.it\/2022\/10\/28\/lingegneria-pendemico-istituzionale-non-sara-facile-dimenticare-di-filiberto-dal-molin\/#breadcrumb","itemListElement":[{"@type":"ListItem","position":1,"name":"Home","item":"https:\/\/www.bellunopress.it\/"},{"@type":"ListItem","position":2,"name":"L&#8217;ingegneria pendemico-istituzionale. Non sar\u00e0 facile dimenticare * di Filiberto Dal Molin"}]},{"@type":"WebSite","@id":"https:\/\/www.bellunopress.it\/#website","url":"https:\/\/www.bellunopress.it\/","name":"Bellunopress - Dolomiti","description":"e-mail: redazione@bellunopress.it","publisher":{"@id":"https:\/\/www.bellunopress.it\/#organization"},"potentialAction":[{"@type":"SearchAction","target":{"@type":"EntryPoint","urlTemplate":"https:\/\/www.bellunopress.it\/?s={search_term_string}"},"query-input":{"@type":"PropertyValueSpecification","valueRequired":true,"valueName":"search_term_string"}}],"inLanguage":"fr-FR"},{"@type":"Organization","@id":"https:\/\/www.bellunopress.it\/#organization","name":"Bellunopress","url":"https:\/\/www.bellunopress.it\/","logo":{"@type":"ImageObject","inLanguage":"fr-FR","@id":"https:\/\/www.bellunopress.it\/#\/schema\/logo\/image\/","url":"https:\/\/www.bellunopress.it\/wp-content\/uploads\/2011\/05\/cropped-logo-bellunopress-.jpg","contentUrl":"https:\/\/www.bellunopress.it\/wp-content\/uploads\/2011\/05\/cropped-logo-bellunopress-.jpg","width":512,"height":512,"caption":"Bellunopress"},"image":{"@id":"https:\/\/www.bellunopress.it\/#\/schema\/logo\/image\/"},"sameAs":["https:\/\/www.facebook.com\/profile.php?id=100008943462799","https:\/\/x.com\/bellunopress","https:\/\/www.linkedin.com\/hp\/?dnr=JBzUWaJfMUw8vbXJJ2tVW5-I3jZKvC4wsoxE&amp;amp;amp;amp;amp;amp;trk=nav_responsive_tab_home","https:\/\/www.youtube.com\/channel\/UCxL0wu1uN0_3_7hGG0306cw"]},{"@type":"Person","@id":"https:\/\/www.bellunopress.it\/#\/schema\/person\/79bb06722b37ece1c03d3e94beb30d73","name":"r\u00e9daction","image":{"@type":"ImageObject","inLanguage":"fr-FR","@id":"https:\/\/secure.gravatar.com\/avatar\/37d968a2e67a6fd04c169c4bdef102d0bc5d31b2546345219e348575eb80e9a0?s=96&d=mm&r=g","url":"https:\/\/secure.gravatar.com\/avatar\/37d968a2e67a6fd04c169c4bdef102d0bc5d31b2546345219e348575eb80e9a0?s=96&d=mm&r=g","contentUrl":"https:\/\/secure.gravatar.com\/avatar\/37d968a2e67a6fd04c169c4bdef102d0bc5d31b2546345219e348575eb80e9a0?s=96&d=mm&r=g","caption":"redazione"},"sameAs":["http:\/\/www.bellunopress.it","https:\/\/x.com\/bellunopress"],"url":"https:\/\/www.bellunopress.it\/fr\/author\/redazione\/"}]}},"_links":{"self":[{"href":"https:\/\/www.bellunopress.it\/fr\/wp-json\/wp\/v2\/posts\/137314","targetHints":{"allow":["GET"]}}],"collection":[{"href":"https:\/\/www.bellunopress.it\/fr\/wp-json\/wp\/v2\/posts"}],"about":[{"href":"https:\/\/www.bellunopress.it\/fr\/wp-json\/wp\/v2\/types\/post"}],"author":[{"embeddable":true,"href":"https:\/\/www.bellunopress.it\/fr\/wp-json\/wp\/v2\/users\/2"}],"replies":[{"embeddable":true,"href":"https:\/\/www.bellunopress.it\/fr\/wp-json\/wp\/v2\/comments?post=137314"}],"version-history":[{"count":2,"href":"https:\/\/www.bellunopress.it\/fr\/wp-json\/wp\/v2\/posts\/137314\/revisions"}],"predecessor-version":[{"id":137316,"href":"https:\/\/www.bellunopress.it\/fr\/wp-json\/wp\/v2\/posts\/137314\/revisions\/137316"}],"wp:featuredmedia":[{"embeddable":true,"href":"https:\/\/www.bellunopress.it\/fr\/wp-json\/wp\/v2\/media\/135571"}],"wp:attachment":[{"href":"https:\/\/www.bellunopress.it\/fr\/wp-json\/wp\/v2\/media?parent=137314"}],"wp:term":[{"taxonomy":"category","embeddable":true,"href":"https:\/\/www.bellunopress.it\/fr\/wp-json\/wp\/v2\/categories?post=137314"},{"taxonomy":"post_tag","embeddable":true,"href":"https:\/\/www.bellunopress.it\/fr\/wp-json\/wp\/v2\/tags?post=137314"}],"curies":[{"name":"wp","href":"https:\/\/api.w.org\/{rel}","templated":true}]}}