{"id":137307,"date":"2022-10-28T15:34:11","date_gmt":"2022-10-28T13:34:11","guid":{"rendered":"https:\/\/www.bellunopress.it\/?p=137307"},"modified":"2022-10-28T15:34:11","modified_gmt":"2022-10-28T13:34:11","slug":"granfondo-dobbiaco-cortina-100-giorni-alla-46ma-edizione","status":"publish","type":"post","link":"https:\/\/www.bellunopress.it\/fr\/2022\/10\/28\/granfondo-dobbiaco-cortina-100-giorni-alla-46ma-edizione\/","title":{"rendered":"Granfondo Dobbiaco-Cortina, 100 giorni alla 46ma edizione"},"content":{"rendered":"<h4>Il 4-5 febbraio 2023 largo ai fondisti, c\u2019\u00e8 la Dobbiaco-Cortina<\/h4>\n<h4>Online i profili tecnici aggiornati della 46ma edizione<\/h4>\n<h4>L\u2019origine della Granfondo Dobbiaco-Cortina \u00e8 \u201cfemmina\u201d<\/h4>\n<h4>Passo Cimabanche sar\u00e0 il punto \u201cclou\u201d prima dell\u2019arrivo<\/h4>\n<p>&nbsp;<\/p>\n<figure id=\"attachment_120713\" aria-describedby=\"caption-attachment-120713\" style=\"width: 1000px\" class=\"wp-caption alignleft\"><img loading=\"lazy\" decoding=\"async\" class=\"size-full wp-image-120713\" src=\"https:\/\/www.bellunopress.it\/wp-content\/uploads\/2021\/01\/Dobbiaco-Cortina_edited.jpg\" alt=\"\" width=\"1000\" height=\"578\" srcset=\"https:\/\/www.bellunopress.it\/wp-content\/uploads\/2021\/01\/Dobbiaco-Cortina_edited.jpg 1000w, https:\/\/www.bellunopress.it\/wp-content\/uploads\/2021\/01\/Dobbiaco-Cortina_edited-500x289.jpg 500w, https:\/\/www.bellunopress.it\/wp-content\/uploads\/2021\/01\/Dobbiaco-Cortina_edited-696x402.jpg 696w, https:\/\/www.bellunopress.it\/wp-content\/uploads\/2021\/01\/Dobbiaco-Cortina_edited-727x420.jpg 727w\" sizes=\"auto, (max-width: 1000px) 100vw, 1000px\" \/><figcaption id=\"caption-attachment-120713\" class=\"wp-caption-text\">Dobbiaco-Cortina (Foto di repertorio)<\/figcaption><\/figure>\n<p>\u201cDobbiamo continuare cos\u00ec e arrivare alla 100.a edizione\u201d. Herbert Santer, presidente della Granfondo Dobbiaco-Cortina, ha le idee chiare sul futuro dello sci di fondo. Lo speciale weekend del 4-5 febbraio sar\u00e0 dedicato alla 46ma edizione della storica gara che collega la provincia di Bolzano a quella di Belluno, due territori profondamente legati allo sport e al turismo di montagna.<\/p>\n<p>Sulla bellezza del tracciato c\u2019\u00e8 poco da dire: dal punto panoramico di Landro-Tre Cime, nel cuore del Parco Naturale Tre Cime, inizier\u00e0 un\u2019affascinante cavalcata sugli sci lunga 42 km fino a raggiungere il piazzale dell\u2019Autostazione di Cortina d\u2019Ampezzo. Dopo aver costeggiato per intero il Lago di Dobbiaco e superato il cristallino Lago di Landro e Carbonin, si raggiunger\u00e0 al 26\u00b0 km il punto pi\u00f9 alto del tracciato di Passo Cimabanche posto a 1534m, tra il massiccio della Croda Rossa d&#8217;Ampezzo a nord e quello del Cristallo a sud. Una volta superata la salita che si trova proprio sul confine tra le due province, inizier\u00e0 una lunga discesa verso l\u2019arrivo di Cortina attraverso il Lago Bianco, Ospitale e Fiames.<\/p>\n<p>Dalla tecnica classica del sabato si passer\u00e0 il giorno successivo a quella in skating, sempre sul medesimo itinerario. Dal 2020, infatti, entrambe le gare seguono la direzione Dobbiaco-Cortina, mentre in passato la prova domenicale in skating scorreva in senso inverso.<\/p>\n<p>A 100 giorni dalla mitica corsa che sfocia nella bella Cortina sono stati caricati sul sito i tracciati e i profili aggiornati dei percorsi, cos\u00ec gli appassionati fondisti avranno modo di allenarsi sulla mitica pista appena scender\u00e0 la neve.<\/p>\n<p>Una chicca per veri intenditori \u00e8 l\u2019origine della Dobbiaco-Cortina. L\u2019ormai classica granfondo nasce da un\u2019altra gara organizzata dallo Sci Club Cortina nel 1974 chiamata \u201cRa F\u00e9menes\u201d, la prima dedicata solo alle donne in risposta \u2018polemica\u2019 ai regolamenti delle prime gare di gran fondo riservate agli uomini. Facendo un tuffo nel passato, una donna da menzionare \u00e8 Maria Canins Bonaldi, nota a tutti per le sue grandi imprese sugli sci, in mtb e bici da strada e ben 7 volte vincitrice della Dobbiaco-Cortina.<\/p>\n<p>Fino al 31 dicembre gli affezionati fondisti potranno iscriversi alla quota agevolata di 85 Euro per la gara in classico e di 70 Euro per la prova in skating, mentre chi parteciper\u00e0 alla combinata al prezzo di 155 Euro ricever\u00e0 inoltre in omaggio il gadget marchiato Dobbiaco-Cortina.<\/p>\n<p>Per il presidente Herbert Santer ed il suo vice Igor Gombac saranno due giorni di grande spettacolo che metteranno in risalto le bellezze e le peculiarit\u00e0 di entrambe le localit\u00e0, unite da un filo invisibile e indissolubile.<\/p>","protected":false},"excerpt":{"rendered":"<p>Il 4-5 febbraio 2023 largo ai fondisti, c\u2019\u00e8 la Dobbiaco-Cortina Online i profili tecnici aggiornati della 46ma edizione L\u2019origine della Granfondo Dobbiaco-Cortina \u00e8 \u201cfemmina\u201d Passo Cimabanche sar\u00e0 il punto \u201cclou\u201d prima dell\u2019arrivo &nbsp; \u201cDobbiamo continuare cos\u00ec e arrivare alla 100.a edizione\u201d. Herbert Santer, presidente della Granfondo Dobbiaco-Cortina, ha le idee chiare sul futuro dello sci [&hellip;]<\/p>\n","protected":false},"author":2,"featured_media":120713,"comment_status":"closed","ping_status":"open","sticky":false,"template":"","format":"standard","meta":{"footnotes":""},"categories":[25,4],"tags":[],"class_list":["post-137307","post","type-post","status-publish","format-standard","has-post-thumbnail","category-pausa-caffe","category-sport"],"yoast_head":"<!-- This site is optimized with the Yoast SEO plugin v28.4 - https:\/\/yoast.com\/product\/yoast-seo-wordpress\/ -->\n<title>Granfondo Dobbiaco-Cortina, 100 giorni alla 46ma edizione - Bellunopress - Dolomiti<\/title>\n<meta name=\"robots\" content=\"index, follow, max-snippet:-1, max-image-preview:large, max-video-preview:-1\" \/>\n<link rel=\"canonical\" href=\"https:\/\/www.bellunopress.it\/fr\/2022\/10\/28\/granfondo-dobbiaco-cortina-100-giorni-alla-46ma-edizione\/\" \/>\n<meta property=\"og:locale\" content=\"fr_FR\" \/>\n<meta property=\"og:type\" content=\"article\" \/>\n<meta property=\"og:title\" content=\"Granfondo Dobbiaco-Cortina, 100 giorni alla 46ma edizione - Bellunopress - Dolomiti\" \/>\n<meta property=\"og:description\" content=\"Il 4-5 febbraio 2023 largo ai fondisti, c\u2019\u00e8 la Dobbiaco-Cortina Online i profili tecnici aggiornati della 46ma edizione L\u2019origine della Granfondo Dobbiaco-Cortina \u00e8 \u201cfemmina\u201d Passo Cimabanche sar\u00e0 il punto \u201cclou\u201d prima dell\u2019arrivo &nbsp; \u201cDobbiamo continuare cos\u00ec e arrivare alla 100.a edizione\u201d. Herbert Santer, presidente della Granfondo Dobbiaco-Cortina, ha le idee chiare sul futuro dello sci [&hellip;]\" \/>\n<meta property=\"og:url\" content=\"https:\/\/www.bellunopress.it\/fr\/2022\/10\/28\/granfondo-dobbiaco-cortina-100-giorni-alla-46ma-edizione\/\" \/>\n<meta property=\"og:site_name\" content=\"Bellunopress - Dolomiti\" \/>\n<meta property=\"article:publisher\" content=\"https:\/\/www.facebook.com\/profile.php?id=100008943462799\" \/>\n<meta property=\"article:published_time\" content=\"2022-10-28T13:34:11+00:00\" \/>\n<meta property=\"og:image\" content=\"https:\/\/www.bellunopress.it\/wp-content\/uploads\/2021\/01\/Dobbiaco-Cortina_edited.jpg\" \/>\n\t<meta property=\"og:image:width\" content=\"1000\" \/>\n\t<meta property=\"og:image:height\" content=\"578\" \/>\n\t<meta property=\"og:image:type\" content=\"image\/jpeg\" \/>\n<meta name=\"author\" content=\"redazione\" \/>\n<meta name=\"twitter:card\" content=\"summary_large_image\" \/>\n<meta name=\"twitter:creator\" content=\"@bellunopress\" \/>\n<meta name=\"twitter:site\" content=\"@bellunopress\" \/>\n<meta name=\"twitter:label1\" content=\"\u00c9crit par\" \/>\n\t<meta name=\"twitter:data1\" content=\"redazione\" \/>\n\t<meta name=\"twitter:label2\" content=\"Dur\u00e9e de lecture estim\u00e9e\" \/>\n\t<meta name=\"twitter:data2\" content=\"3 minutes\" \/>\n<script type=\"application\/ld+json\" class=\"yoast-schema-graph\">{\"@context\":\"https:\\\/\\\/schema.org\",\"@graph\":[{\"@type\":\"Article\",\"@id\":\"https:\\\/\\\/www.bellunopress.it\\\/2022\\\/10\\\/28\\\/granfondo-dobbiaco-cortina-100-giorni-alla-46ma-edizione\\\/#article\",\"isPartOf\":{\"@id\":\"https:\\\/\\\/www.bellunopress.it\\\/2022\\\/10\\\/28\\\/granfondo-dobbiaco-cortina-100-giorni-alla-46ma-edizione\\\/\"},\"author\":{\"name\":\"redazione\",\"@id\":\"https:\\\/\\\/www.bellunopress.it\\\/#\\\/schema\\\/person\\\/79bb06722b37ece1c03d3e94beb30d73\"},\"headline\":\"Granfondo Dobbiaco-Cortina, 100 giorni alla 46ma edizione\",\"datePublished\":\"2022-10-28T13:34:11+00:00\",\"mainEntityOfPage\":{\"@id\":\"https:\\\/\\\/www.bellunopress.it\\\/2022\\\/10\\\/28\\\/granfondo-dobbiaco-cortina-100-giorni-alla-46ma-edizione\\\/\"},\"wordCount\":469,\"publisher\":{\"@id\":\"https:\\\/\\\/www.bellunopress.it\\\/#organization\"},\"image\":{\"@id\":\"https:\\\/\\\/www.bellunopress.it\\\/2022\\\/10\\\/28\\\/granfondo-dobbiaco-cortina-100-giorni-alla-46ma-edizione\\\/#primaryimage\"},\"thumbnailUrl\":\"https:\\\/\\\/www.bellunopress.it\\\/wp-content\\\/uploads\\\/2021\\\/01\\\/Dobbiaco-Cortina_edited.jpg\",\"articleSection\":[\"Pausa Caff\u00e8\",\"Sport, tempo libero\"],\"inLanguage\":\"fr-FR\"},{\"@type\":\"WebPage\",\"@id\":\"https:\\\/\\\/www.bellunopress.it\\\/2022\\\/10\\\/28\\\/granfondo-dobbiaco-cortina-100-giorni-alla-46ma-edizione\\\/\",\"url\":\"https:\\\/\\\/www.bellunopress.it\\\/2022\\\/10\\\/28\\\/granfondo-dobbiaco-cortina-100-giorni-alla-46ma-edizione\\\/\",\"name\":\"Granfondo Dobbiaco-Cortina, 100 giorni alla 46ma edizione - Bellunopress - Dolomiti\",\"isPartOf\":{\"@id\":\"https:\\\/\\\/www.bellunopress.it\\\/#website\"},\"primaryImageOfPage\":{\"@id\":\"https:\\\/\\\/www.bellunopress.it\\\/2022\\\/10\\\/28\\\/granfondo-dobbiaco-cortina-100-giorni-alla-46ma-edizione\\\/#primaryimage\"},\"image\":{\"@id\":\"https:\\\/\\\/www.bellunopress.it\\\/2022\\\/10\\\/28\\\/granfondo-dobbiaco-cortina-100-giorni-alla-46ma-edizione\\\/#primaryimage\"},\"thumbnailUrl\":\"https:\\\/\\\/www.bellunopress.it\\\/wp-content\\\/uploads\\\/2021\\\/01\\\/Dobbiaco-Cortina_edited.jpg\",\"datePublished\":\"2022-10-28T13:34:11+00:00\",\"breadcrumb\":{\"@id\":\"https:\\\/\\\/www.bellunopress.it\\\/2022\\\/10\\\/28\\\/granfondo-dobbiaco-cortina-100-giorni-alla-46ma-edizione\\\/#breadcrumb\"},\"inLanguage\":\"fr-FR\",\"potentialAction\":[{\"@type\":\"ReadAction\",\"target\":[\"https:\\\/\\\/www.bellunopress.it\\\/2022\\\/10\\\/28\\\/granfondo-dobbiaco-cortina-100-giorni-alla-46ma-edizione\\\/\"]}]},{\"@type\":\"ImageObject\",\"inLanguage\":\"fr-FR\",\"@id\":\"https:\\\/\\\/www.bellunopress.it\\\/2022\\\/10\\\/28\\\/granfondo-dobbiaco-cortina-100-giorni-alla-46ma-edizione\\\/#primaryimage\",\"url\":\"https:\\\/\\\/www.bellunopress.it\\\/wp-content\\\/uploads\\\/2021\\\/01\\\/Dobbiaco-Cortina_edited.jpg\",\"contentUrl\":\"https:\\\/\\\/www.bellunopress.it\\\/wp-content\\\/uploads\\\/2021\\\/01\\\/Dobbiaco-Cortina_edited.jpg\",\"width\":1000,\"height\":578,\"caption\":\"Dobbiaco-Cortina (Foto di repertorio)\"},{\"@type\":\"BreadcrumbList\",\"@id\":\"https:\\\/\\\/www.bellunopress.it\\\/2022\\\/10\\\/28\\\/granfondo-dobbiaco-cortina-100-giorni-alla-46ma-edizione\\\/#breadcrumb\",\"itemListElement\":[{\"@type\":\"ListItem\",\"position\":1,\"name\":\"Home\",\"item\":\"https:\\\/\\\/www.bellunopress.it\\\/\"},{\"@type\":\"ListItem\",\"position\":2,\"name\":\"Granfondo Dobbiaco-Cortina, 100 giorni alla 46ma edizione\"}]},{\"@type\":\"WebSite\",\"@id\":\"https:\\\/\\\/www.bellunopress.it\\\/#website\",\"url\":\"https:\\\/\\\/www.bellunopress.it\\\/\",\"name\":\"Bellunopress - Dolomiti\",\"description\":\"e-mail: redazione@bellunopress.it\",\"publisher\":{\"@id\":\"https:\\\/\\\/www.bellunopress.it\\\/#organization\"},\"potentialAction\":[{\"@type\":\"SearchAction\",\"target\":{\"@type\":\"EntryPoint\",\"urlTemplate\":\"https:\\\/\\\/www.bellunopress.it\\\/?s={search_term_string}\"},\"query-input\":{\"@type\":\"PropertyValueSpecification\",\"valueRequired\":true,\"valueName\":\"search_term_string\"}}],\"inLanguage\":\"fr-FR\"},{\"@type\":\"Organization\",\"@id\":\"https:\\\/\\\/www.bellunopress.it\\\/#organization\",\"name\":\"Bellunopress\",\"url\":\"https:\\\/\\\/www.bellunopress.it\\\/\",\"logo\":{\"@type\":\"ImageObject\",\"inLanguage\":\"fr-FR\",\"@id\":\"https:\\\/\\\/www.bellunopress.it\\\/#\\\/schema\\\/logo\\\/image\\\/\",\"url\":\"https:\\\/\\\/www.bellunopress.it\\\/wp-content\\\/uploads\\\/2011\\\/05\\\/cropped-logo-bellunopress-.jpg\",\"contentUrl\":\"https:\\\/\\\/www.bellunopress.it\\\/wp-content\\\/uploads\\\/2011\\\/05\\\/cropped-logo-bellunopress-.jpg\",\"width\":512,\"height\":512,\"caption\":\"Bellunopress\"},\"image\":{\"@id\":\"https:\\\/\\\/www.bellunopress.it\\\/#\\\/schema\\\/logo\\\/image\\\/\"},\"sameAs\":[\"https:\\\/\\\/www.facebook.com\\\/profile.php?id=100008943462799\",\"https:\\\/\\\/x.com\\\/bellunopress\",\"https:\\\/\\\/www.linkedin.com\\\/hp\\\/?dnr=JBzUWaJfMUw8vbXJJ2tVW5-I3jZKvC4wsoxE&amp;amp;amp;amp;amp;amp;trk=nav_responsive_tab_home\",\"https:\\\/\\\/www.youtube.com\\\/channel\\\/UCxL0wu1uN0_3_7hGG0306cw\"]},{\"@type\":\"Person\",\"@id\":\"https:\\\/\\\/www.bellunopress.it\\\/#\\\/schema\\\/person\\\/79bb06722b37ece1c03d3e94beb30d73\",\"name\":\"redazione\",\"image\":{\"@type\":\"ImageObject\",\"inLanguage\":\"fr-FR\",\"@id\":\"https:\\\/\\\/secure.gravatar.com\\\/avatar\\\/37d968a2e67a6fd04c169c4bdef102d0bc5d31b2546345219e348575eb80e9a0?s=96&d=mm&r=g\",\"url\":\"https:\\\/\\\/secure.gravatar.com\\\/avatar\\\/37d968a2e67a6fd04c169c4bdef102d0bc5d31b2546345219e348575eb80e9a0?s=96&d=mm&r=g\",\"contentUrl\":\"https:\\\/\\\/secure.gravatar.com\\\/avatar\\\/37d968a2e67a6fd04c169c4bdef102d0bc5d31b2546345219e348575eb80e9a0?s=96&d=mm&r=g\",\"caption\":\"redazione\"},\"sameAs\":[\"http:\\\/\\\/www.bellunopress.it\",\"https:\\\/\\\/x.com\\\/bellunopress\"],\"url\":\"https:\\\/\\\/www.bellunopress.it\\\/fr\\\/author\\\/redazione\\\/\"}]}<\/script>\n<!-- \/ Yoast SEO plugin. -->","yoast_head_json":{"title":"Granfondo Dobbiaco-Cortina, 100 giorni alla 46ma edizione - Bellunopress - Dolomiti","robots":{"index":"index","follow":"follow","max-snippet":"max-snippet:-1","max-image-preview":"max-image-preview:large","max-video-preview":"max-video-preview:-1"},"canonical":"https:\/\/www.bellunopress.it\/fr\/2022\/10\/28\/granfondo-dobbiaco-cortina-100-giorni-alla-46ma-edizione\/","og_locale":"fr_FR","og_type":"article","og_title":"Granfondo Dobbiaco-Cortina, 100 giorni alla 46ma edizione - Bellunopress - Dolomiti","og_description":"Il 4-5 febbraio 2023 largo ai fondisti, c\u2019\u00e8 la Dobbiaco-Cortina Online i profili tecnici aggiornati della 46ma edizione L\u2019origine della Granfondo Dobbiaco-Cortina \u00e8 \u201cfemmina\u201d Passo Cimabanche sar\u00e0 il punto \u201cclou\u201d prima dell\u2019arrivo &nbsp; \u201cDobbiamo continuare cos\u00ec e arrivare alla 100.a edizione\u201d. Herbert Santer, presidente della Granfondo Dobbiaco-Cortina, ha le idee chiare sul futuro dello sci [&hellip;]","og_url":"https:\/\/www.bellunopress.it\/fr\/2022\/10\/28\/granfondo-dobbiaco-cortina-100-giorni-alla-46ma-edizione\/","og_site_name":"Bellunopress - Dolomiti","article_publisher":"https:\/\/www.facebook.com\/profile.php?id=100008943462799","article_published_time":"2022-10-28T13:34:11+00:00","og_image":[{"width":1000,"height":578,"url":"https:\/\/www.bellunopress.it\/wp-content\/uploads\/2021\/01\/Dobbiaco-Cortina_edited.jpg","type":"image\/jpeg"}],"author":"redazione","twitter_card":"summary_large_image","twitter_creator":"@bellunopress","twitter_site":"@bellunopress","twitter_misc":{"\u00c9crit par":"redazione","Dur\u00e9e de lecture estim\u00e9e":"3 minutes"},"schema":{"@context":"https:\/\/schema.org","@graph":[{"@type":"Article","@id":"https:\/\/www.bellunopress.it\/2022\/10\/28\/granfondo-dobbiaco-cortina-100-giorni-alla-46ma-edizione\/#article","isPartOf":{"@id":"https:\/\/www.bellunopress.it\/2022\/10\/28\/granfondo-dobbiaco-cortina-100-giorni-alla-46ma-edizione\/"},"author":{"name":"redazione","@id":"https:\/\/www.bellunopress.it\/#\/schema\/person\/79bb06722b37ece1c03d3e94beb30d73"},"headline":"Granfondo Dobbiaco-Cortina, 100 giorni alla 46ma edizione","datePublished":"2022-10-28T13:34:11+00:00","mainEntityOfPage":{"@id":"https:\/\/www.bellunopress.it\/2022\/10\/28\/granfondo-dobbiaco-cortina-100-giorni-alla-46ma-edizione\/"},"wordCount":469,"publisher":{"@id":"https:\/\/www.bellunopress.it\/#organization"},"image":{"@id":"https:\/\/www.bellunopress.it\/2022\/10\/28\/granfondo-dobbiaco-cortina-100-giorni-alla-46ma-edizione\/#primaryimage"},"thumbnailUrl":"https:\/\/www.bellunopress.it\/wp-content\/uploads\/2021\/01\/Dobbiaco-Cortina_edited.jpg","articleSection":["Pausa Caff\u00e8","Sport, tempo libero"],"inLanguage":"fr-FR"},{"@type":"WebPage","@id":"https:\/\/www.bellunopress.it\/2022\/10\/28\/granfondo-dobbiaco-cortina-100-giorni-alla-46ma-edizione\/","url":"https:\/\/www.bellunopress.it\/2022\/10\/28\/granfondo-dobbiaco-cortina-100-giorni-alla-46ma-edizione\/","name":"Granfondo Dobbiaco-Cortina, 100 giorni alla 46ma edizione - Bellunopress - Dolomiti","isPartOf":{"@id":"https:\/\/www.bellunopress.it\/#website"},"primaryImageOfPage":{"@id":"https:\/\/www.bellunopress.it\/2022\/10\/28\/granfondo-dobbiaco-cortina-100-giorni-alla-46ma-edizione\/#primaryimage"},"image":{"@id":"https:\/\/www.bellunopress.it\/2022\/10\/28\/granfondo-dobbiaco-cortina-100-giorni-alla-46ma-edizione\/#primaryimage"},"thumbnailUrl":"https:\/\/www.bellunopress.it\/wp-content\/uploads\/2021\/01\/Dobbiaco-Cortina_edited.jpg","datePublished":"2022-10-28T13:34:11+00:00","breadcrumb":{"@id":"https:\/\/www.bellunopress.it\/2022\/10\/28\/granfondo-dobbiaco-cortina-100-giorni-alla-46ma-edizione\/#breadcrumb"},"inLanguage":"fr-FR","potentialAction":[{"@type":"ReadAction","target":["https:\/\/www.bellunopress.it\/2022\/10\/28\/granfondo-dobbiaco-cortina-100-giorni-alla-46ma-edizione\/"]}]},{"@type":"ImageObject","inLanguage":"fr-FR","@id":"https:\/\/www.bellunopress.it\/2022\/10\/28\/granfondo-dobbiaco-cortina-100-giorni-alla-46ma-edizione\/#primaryimage","url":"https:\/\/www.bellunopress.it\/wp-content\/uploads\/2021\/01\/Dobbiaco-Cortina_edited.jpg","contentUrl":"https:\/\/www.bellunopress.it\/wp-content\/uploads\/2021\/01\/Dobbiaco-Cortina_edited.jpg","width":1000,"height":578,"caption":"Dobbiaco-Cortina (Foto di repertorio)"},{"@type":"BreadcrumbList","@id":"https:\/\/www.bellunopress.it\/2022\/10\/28\/granfondo-dobbiaco-cortina-100-giorni-alla-46ma-edizione\/#breadcrumb","itemListElement":[{"@type":"ListItem","position":1,"name":"Home","item":"https:\/\/www.bellunopress.it\/"},{"@type":"ListItem","position":2,"name":"Granfondo Dobbiaco-Cortina, 100 giorni alla 46ma edizione"}]},{"@type":"WebSite","@id":"https:\/\/www.bellunopress.it\/#website","url":"https:\/\/www.bellunopress.it\/","name":"Bellunopress - Dolomiti","description":"e-mail: redazione@bellunopress.it","publisher":{"@id":"https:\/\/www.bellunopress.it\/#organization"},"potentialAction":[{"@type":"SearchAction","target":{"@type":"EntryPoint","urlTemplate":"https:\/\/www.bellunopress.it\/?s={search_term_string}"},"query-input":{"@type":"PropertyValueSpecification","valueRequired":true,"valueName":"search_term_string"}}],"inLanguage":"fr-FR"},{"@type":"Organization","@id":"https:\/\/www.bellunopress.it\/#organization","name":"Bellunopress","url":"https:\/\/www.bellunopress.it\/","logo":{"@type":"ImageObject","inLanguage":"fr-FR","@id":"https:\/\/www.bellunopress.it\/#\/schema\/logo\/image\/","url":"https:\/\/www.bellunopress.it\/wp-content\/uploads\/2011\/05\/cropped-logo-bellunopress-.jpg","contentUrl":"https:\/\/www.bellunopress.it\/wp-content\/uploads\/2011\/05\/cropped-logo-bellunopress-.jpg","width":512,"height":512,"caption":"Bellunopress"},"image":{"@id":"https:\/\/www.bellunopress.it\/#\/schema\/logo\/image\/"},"sameAs":["https:\/\/www.facebook.com\/profile.php?id=100008943462799","https:\/\/x.com\/bellunopress","https:\/\/www.linkedin.com\/hp\/?dnr=JBzUWaJfMUw8vbXJJ2tVW5-I3jZKvC4wsoxE&amp;amp;amp;amp;amp;amp;trk=nav_responsive_tab_home","https:\/\/www.youtube.com\/channel\/UCxL0wu1uN0_3_7hGG0306cw"]},{"@type":"Person","@id":"https:\/\/www.bellunopress.it\/#\/schema\/person\/79bb06722b37ece1c03d3e94beb30d73","name":"r\u00e9daction","image":{"@type":"ImageObject","inLanguage":"fr-FR","@id":"https:\/\/secure.gravatar.com\/avatar\/37d968a2e67a6fd04c169c4bdef102d0bc5d31b2546345219e348575eb80e9a0?s=96&d=mm&r=g","url":"https:\/\/secure.gravatar.com\/avatar\/37d968a2e67a6fd04c169c4bdef102d0bc5d31b2546345219e348575eb80e9a0?s=96&d=mm&r=g","contentUrl":"https:\/\/secure.gravatar.com\/avatar\/37d968a2e67a6fd04c169c4bdef102d0bc5d31b2546345219e348575eb80e9a0?s=96&d=mm&r=g","caption":"redazione"},"sameAs":["http:\/\/www.bellunopress.it","https:\/\/x.com\/bellunopress"],"url":"https:\/\/www.bellunopress.it\/fr\/author\/redazione\/"}]}},"_links":{"self":[{"href":"https:\/\/www.bellunopress.it\/fr\/wp-json\/wp\/v2\/posts\/137307","targetHints":{"allow":["GET"]}}],"collection":[{"href":"https:\/\/www.bellunopress.it\/fr\/wp-json\/wp\/v2\/posts"}],"about":[{"href":"https:\/\/www.bellunopress.it\/fr\/wp-json\/wp\/v2\/types\/post"}],"author":[{"embeddable":true,"href":"https:\/\/www.bellunopress.it\/fr\/wp-json\/wp\/v2\/users\/2"}],"replies":[{"embeddable":true,"href":"https:\/\/www.bellunopress.it\/fr\/wp-json\/wp\/v2\/comments?post=137307"}],"version-history":[{"count":1,"href":"https:\/\/www.bellunopress.it\/fr\/wp-json\/wp\/v2\/posts\/137307\/revisions"}],"predecessor-version":[{"id":137308,"href":"https:\/\/www.bellunopress.it\/fr\/wp-json\/wp\/v2\/posts\/137307\/revisions\/137308"}],"wp:featuredmedia":[{"embeddable":true,"href":"https:\/\/www.bellunopress.it\/fr\/wp-json\/wp\/v2\/media\/120713"}],"wp:attachment":[{"href":"https:\/\/www.bellunopress.it\/fr\/wp-json\/wp\/v2\/media?parent=137307"}],"wp:term":[{"taxonomy":"category","embeddable":true,"href":"https:\/\/www.bellunopress.it\/fr\/wp-json\/wp\/v2\/categories?post=137307"},{"taxonomy":"post_tag","embeddable":true,"href":"https:\/\/www.bellunopress.it\/fr\/wp-json\/wp\/v2\/tags?post=137307"}],"curies":[{"name":"wp","href":"https:\/\/api.w.org\/{rel}","templated":true}]}}