{"id":137305,"date":"2022-10-28T13:21:14","date_gmt":"2022-10-28T11:21:14","guid":{"rendered":"https:\/\/www.bellunopress.it\/?p=137305"},"modified":"2022-10-28T13:21:14","modified_gmt":"2022-10-28T11:21:14","slug":"la-demografia-dimpresa-nelle-province-di-treviso-e-belluno-al-30-settembre-2022","status":"publish","type":"post","link":"https:\/\/www.bellunopress.it\/fr\/2022\/10\/28\/la-demografia-dimpresa-nelle-province-di-treviso-e-belluno-al-30-settembre-2022\/","title":{"rendered":"La demografia d&#8217;impresa nelle province di Treviso e Belluno al 30 settembre 2022"},"content":{"rendered":"<p>Rispetto allo scorso giugno le sedi d&#8217;impresa risultano in crescita in entrambe le province: +89 a Treviso e +25 a Belluno. Il confronto con lo stesso periodo dell&#8217;anno precedente evidenzia invece una consistenza in crescita a Treviso (+212) ma in flessione a Belluno (-75). Ed \u00e8\u00a0ancora il comparto dell&#8217;edilizia a sostenere il trend di crescita. Continuano invece a soffrire, sia nel trevigiano che nel bellunese, il comparto del commercio e della ristorazione, mentre si mantengono pi\u00f9 che positive le attivit\u00e0 dell&#8217;alloggio.<\/p>\n<p>Lo rivela lo studio dell&#8217;Ufficio Studi e Statistica\u00a0della Camera di Commercio di Treviso-Belluno|Dolomiti sulla base dei dati Infocamere.<\/p>\n<figure id=\"attachment_112738\" aria-describedby=\"caption-attachment-112738\" style=\"width: 900px\" class=\"wp-caption alignleft\"><img loading=\"lazy\" decoding=\"async\" class=\"size-full wp-image-112738\" src=\"https:\/\/www.bellunopress.it\/wp-content\/uploads\/2020\/03\/camera-commercio-1.jpg\" alt=\"\" width=\"900\" height=\"506\" srcset=\"https:\/\/www.bellunopress.it\/wp-content\/uploads\/2020\/03\/camera-commercio-1.jpg 900w, https:\/\/www.bellunopress.it\/wp-content\/uploads\/2020\/03\/camera-commercio-1-500x281.jpg 500w, https:\/\/www.bellunopress.it\/wp-content\/uploads\/2020\/03\/camera-commercio-1-696x391.jpg 696w, https:\/\/www.bellunopress.it\/wp-content\/uploads\/2020\/03\/camera-commercio-1-747x420.jpg 747w\" sizes=\"auto, (max-width: 900px) 100vw, 900px\" \/><figcaption id=\"caption-attachment-112738\" class=\"wp-caption-text\">Camera di Commercio di Treviso e Belluno Dolomiti &#8211; Sede di Belluno<\/figcaption><\/figure>\n<p>Treviso, 28 ottobre 2022 &#8211;\u00a0Al 30 settembre 2022 le sedi d&#8217;impresa delle province di Treviso e Belluno, risultano in crescita rispetto allo scorso trimestre (rispettivamente +89 e +25 unit\u00e0). Il confronto con lo stesso periodo dell&#8217;anno precedente ci restituisce una situazione divergente tra le due province: nella Marca Trevigiana le sedi d&#8217;impresa risultano in crescita (+212) mentre nel Bellunese sono in contrazione (-75).<\/p>\n<p>Le unit\u00e0 locali (da intendersi le filiali d&#8217;impresa, anche con sede fuori provincia) continuano invece a crescere su entrambi i territori, per tutti i periodi considerati: su base trimestrale si contano +62 unit\u00e0 a Treviso e +27 a Belluno, che diventano rispettivamente +275 e +106 su base annuale.<\/p>\n<p>Le sedi d&#8217;impresa artigiane evidenziano analogo andamento descritto per le sedi d&#8217;impresa totali: crescono rispetto al trimestre precedente nella Marca (+30) e rimangono pressoch\u00e9 stazionarie nel bellunese (+5), ma dal confronto con l&#8217;anno precedente risultano in crescita solo a Treviso (+161), mentre a Belluno la consistenza \u00e8 in flessione (-48 aziende artigiane).<\/p>\n<p>E&#8217; soprattutto il comparto dell&#8217;edilizia (+238 sedi nelle costruzioni e +123 agenzie immobiliari) a sostenere il trend di crescita su base annua delle imprese in provincia di Treviso. Anche a Belluno, pur nel contesto di un saldo negativo, il comparto, tra settembre 2021 e settembre 2022, cresce di +22 sedi d&#8217;impresa (di cui +17 agenzie immobiliari). Le costruzioni risultano pressoch\u00e9 stabili su base annua (+5 imprese), con un netto recupero su base congiunturale (+13).<\/p>\n<p>&nbsp;<\/p>\n<p><strong>Il commento del presidente Mario Pozza<\/strong><\/p>\n<figure id=\"attachment_78272\" aria-describedby=\"caption-attachment-78272\" style=\"width: 191px\" class=\"wp-caption alignleft\"><img loading=\"lazy\" decoding=\"async\" class=\"size-full wp-image-78272\" src=\"https:\/\/www.bellunopress.it\/wp-content\/uploads\/2016\/06\/Mario_Pozza-pres-camera-commercio-tv-bl.jpg\" alt=\"\" width=\"191\" height=\"215\" \/><figcaption id=\"caption-attachment-78272\" class=\"wp-caption-text\">Mario Pozza presidente CCIIAA Treviso Belluno Dolomiti<\/figcaption><\/figure>\n<p>I dati della demografia d&#8217;impresa al 30 settembre tornano ad evidenziare le tendenze gi\u00e0 commentate nel trimestre precedente: il comparto dell&#8217;edilizia continua a trainare la crescita delle imprese su base annua, soprattutto a Treviso \u2013 sottolinea il Presidente della Camera di Commercio di Treviso-Belluno|Dolomiti, Mario Pozza &#8211; ancora per effetto dei vari incentivi che hanno &#8220;drogato&#8221; la domanda e saturato la capacit\u00e0 produttiva del comparto: nel trevigiano si contano +238 unit\u00e0 nelle costruzioni e +123 agenzie immobiliari. Nel bellunese le cifre, pi\u00f9 contenute, evidenziano una crescita di +17 sedi per le agenzie immobiliari e +5 per le costruzioni.<\/p>\n<p>Dall&#8217;altro lato, continua la sofferenza del commercio al dettaglio, con chiusure che vanno ad impoverire il tessuto urbano: su base annua Treviso ha perso 103 esercizi commerciali, Belluno -39. Considerando il triennio, nel periodo che va da settembre 2019 a settembre 2022 Treviso ha perso oltre 270 negozi, quasi 100 ne ha persi Belluno.<\/p>\n<p>L&#8217;alloggio e ristorazione &#8211; prosegue Pozza &#8211; esce dal periodo critico della pandemia: il recupero per\u00f2 \u00e8 asimmetrico, risultano premiate le imprese dell&#8217;ospitalit\u00e0 (+15 imprese a Belluno e +13 a Treviso) mentre la ristorazione presenta un bilancio annuo negativo (-20 imprese a Belluno, -73 a Treviso).<\/p>\n<p>Nel manifatturiero si continua a registrare questa doppia tendenza della contrazione delle sedi, in parallelo alla crescita delle filiali, frutto di processi di concentrazione, acquisizione, plurilocalizzazione. I numeri sono questi \u2013 spiega Pozza: Treviso perde 62 sedi d&#8217;impresa, ma guadagna 48 filiali; analogamente, Belluno perde 29 sedi d&#8217;imprese ma guadagna 8 filiali.<\/p>\n<p>Ma fin qui \u00e8 quanto successo fino a settembre. Temo che nei prossimi mesi, e soprattutto con il giro di anno, la nati mortalit\u00e0 d&#8217;impresa potr\u00e0 peggiorare &#8211; \u00e8 la preoccupazione del Presidente: bisogna intervenire in fretta per mitigare gli effetti dei rincari energetici. Continuo ad incontrare esercenti che, nella disperazione, mi comunicano che sono costretti a chiudere e a lasciare a casa i propri collaboratori \u2013 evidenzia il Presidente Pozza -. Famiglie che rimangono senza reddito, citt\u00e0 che si svuotano, centri che rimangano senza i negozi di vicinato, filiere d&#8217;impresa che si interrompono. Ribadisco che bisogna fare presto. Il Sistema Camerale \u00e8 presente e sollecita il nuovo Governo a proteggere chi fa impresa. Sono necessari interventi per oggi, ma anche una visione strategica di lungo periodo sulla politica energetica nazionale, dopo i tanti errori commessi in passato.<\/p>\n<p>&nbsp;<\/p>\n<p><strong>Provincia di Belluno<\/strong><\/p>\n<p>In provincia di Belluno la consistenza delle sedi d&#8217;impresa, pari a 13.818 unit\u00e0 al 30 settembre 2022, risulta in crescita rispetto allo scorso giugno (+25 sedi), ma in flessione su base annuale (-75 unit\u00e0). Si conferma invece il trend di crescita delle unit\u00e0 locali, pari a 4.544 unit\u00e0, che fanno registrare incrementi su tutti i periodi osservati (+27 unit\u00e0 su base congiunturale, +106 rispetto a settembre 2021).<\/p>\n<p>Le sedi d&#8217;impresa artigiane, costituite da 4.658 unit\u00e0, risultano sostanzialmente stazionarie rispetto al trimestre precedente (+5), ma in flessione rispetto allo stock di un anno fa (-48).<\/p>\n<p>I settori con consistenza in crescita sono: le costruzioni (+13 su base congiunturale e +5 su base annuale), le attivit\u00e0 immobiliari (stabili nel trimestre, +17 sedi nell&#8217;ultimo anno), l&#8217;alloggio che, in particolare su base annua guadagna +15 sedi e +18 filiali dipendenti.<\/p>\n<p>Per contro, il settore della ristorazione risulta in flessione: -20 sedi d&#8217;impresa rispetto ad un anno fa, in parte compensata da +8 filiali.<\/p>\n<p>Il manifatturiero, che si mantiene stazionario per le sedi d&#8217;impresa rispetto al trimestre precedente (+3), accusa una contrazione su base annua pari a -29 unit\u00e0, di cui un terzo costituite da imprese artigiane (-9 unit\u00e0). La diminuzione interessa quasi tutti i principali settori economici, ma in particolare le attivit\u00e0 collegate all&#8217;occhialeria (-9 sedi).<\/p>\n<p>Anche in provincia di Belluno il commercio risulta il settore in maggiore sofferenza perch\u00e9 perde -54 sedi d&#8217;impresa su base annua, concentrate soprattutto nella tipologia al dettaglio (-39) e solo parzialmente compensate dalla crescita di filiali dipendenti (+8). Rispetto a settembre 2019 la consistenza delle sedi del comparto totale si \u00e8 ridotta di -146 unit\u00e0.<\/p>\n<p>Il comparto dei servizi alle persone risulta pressoch\u00e9 stazionario sia rispetto al trimestre che all&#8217;anno precedente: effetto di una compensazione fra crescita nella sanit\u00e0 e assistenza sociale di +10 imprese e contrazione di -15 imprese nelle altre attivit\u00e0 dei servizi.<\/p>\n<p>L&#8217;agricoltura si mantiene sopra alla stazionariet\u00e0 su base trimestrale (+6), ma perde -11 sedi d&#8217;impresa rispetto a settembre 2021.<\/p>\n<p>&nbsp;<\/p>\n<p><strong>Provincia di Treviso<\/strong><\/p>\n<p>Al 30 settembre 2022 lo stock di imprese attive della provincia di Treviso risulta pari a 79.827 unit\u00e0. Buona parte della crescita annua, pari a +212 sedi d&#8217;impresa, risulta concentrata nel terzo trimestre dell&#8217;anno (+89 unit\u00e0). Anche la consistenza delle filiali d&#8217;impresa, pari a 18.872 unit\u00e0 locali, evidenzia un trend in costante aumento negli ultimi tre anni: lo stock \u00e8 cresciuto di +62 unit\u00e0 tra giugno e settembre 2022, di +275 unit\u00e0 su base annuale e di +850 unit\u00e0 da settembre 2019.<\/p>\n<p>La dinamica descritta per le sedi d&#8217;impresa si adatta anche all&#8217;andamento delle imprese artigiane che risultano costituite da 22.742 unit\u00e0 e crescono di +161 unit\u00e0 rispetto a settembre 2021, di cui +30 unit\u00e0 concentrate tra giugno e settembre 2022. Il bilancio \u00e8 positivo anche con riferimento alla situazione pre-Covid (+79 rispetto a settembre 2019).<\/p>\n<p>I settori trainanti su base congiunturale e su base annua sono le costruzioni, le attivit\u00e0 immobiliari e le attivit\u00e0 di supporto alle imprese.<\/p>\n<p>L&#8217;edilizia continua a sostenere la crescita complessiva delle imprese provinciali: guadagna +38 sedi tra giugno e settembre 2022 per un complesso di +238 su base annua, in prevalenza artigiane (+195).<\/p>\n<p>All&#8217;incremento dell&#8217;edilizia si affianca quello dei servizi alle imprese ed in particolare delle attivit\u00e0 immobiliari (+36 sedi nel trimestre e +123 su base annua) a cui si aggiungono le attivit\u00e0 finanziarie e assicurative (rispettivamente +30 e +94). Importante anche la crescita annuale delle attivit\u00e0 di noleggio, agenzie di viaggio, servizi di supporto alle imprese (+79, di cui +33 per le attivit\u00e0 di servizi per edifici e paesaggio) e le attivit\u00e0 professionali, scientifiche e tecniche (+72).<\/p>\n<p>In crescita anche il comparto dei servizi alle persone che guadagna +31 unit\u00e0 nell&#8217;ultimo trimestre per un totale +58 unit\u00e0 su base annua con incrementi che coinvolgono tutte le singole attivit\u00e0 del comparto. La crescita artigiana \u00e8 invece concentrata nelle altre attivit\u00e0 dei servizi (+12 unit\u00e0 rispetto a settembre 2021) che ricomprendono le attivit\u00e0 di parrucchieri ed estetisti.<\/p>\n<p>Il settore dell&#8217;alloggio si mantiene di poco sopra alla stazionariet\u00e0 guadagnando +13 sedi d&#8217;impresa e +20 filiali dipendenti nell&#8217;ultimo anno, di cui rispettivamente +4 e +9 dallo scorso giugno.<\/p>\n<p>Al contrario le attivit\u00e0 dei servizi di ristorazione risultano in flessione: di -19 imprese su base congiunturale, di -73 su base annuale, tendenza appena mitigata dalla crescita della componente artigiana.<\/p>\n<p>Il manifatturiero evidenzia un andamento negativo nel suo complesso: perde su base annua -62 sedi d&#8217;impresa, ma guadagna +48 filiali dipendenti. La flessione annuale delle sedi \u00e8 determinata quasi interamente dalle imprese artigiane (-55), concentrate in particolare nel sistema moda (-29) e nel legno-arredo (-26). Sono le imprese dedite alle attivit\u00e0 di riparazione, manutenzione e installazione di macchine ed altre apparecchiature ad attenuare la flessione, tanto per le artigiane (+16 sedi), quanto per le imprese nel complesso (+26 sedi).<\/p>\n<p>Il commercio risulta il settore in maggiore sofferenza con una perdita di -217 sedi rispetto all&#8217;anno precedente (di cui -103 relative al commercio al dettaglio), che portano la flessione nel triennio a -538 sedi d&#8217;impresa (di cui -271 nel commercio al dettaglio). Tale contrazione risulta compensata solo in minima parte dalla crescita di filiali dipendenti (+22 rispetto a settembre 2019). Anche nel trimestre in esame il comparto ha perso 30 sedi d&#8217;impresa.<\/p>\n<p>In flessione anche il numero di imprese nell&#8217;agricoltura: -53 sedi d&#8217;impresa rispetto a settembre 2021, di cui quasi la met\u00e0 nell&#8217;ultimo trimestre, e -208 unit\u00e0 da settembre 2019.<\/p>\n<p>&nbsp;<\/p>","protected":false},"excerpt":{"rendered":"<p>Rispetto allo scorso giugno le sedi d&#8217;impresa risultano in crescita in entrambe le province: +89 a Treviso e +25 a Belluno. Il confronto con lo stesso periodo dell&#8217;anno precedente evidenzia invece una consistenza in crescita a Treviso (+212) ma in flessione a Belluno (-75). Ed \u00e8\u00a0ancora il comparto dell&#8217;edilizia a sostenere il trend di crescita. [&hellip;]<\/p>\n","protected":false},"author":2,"featured_media":112738,"comment_status":"closed","ping_status":"open","sticky":false,"template":"","format":"standard","meta":{"footnotes":""},"categories":[3446,36],"tags":[],"class_list":["post-137305","post","type-post","status-publish","format-standard","has-post-thumbnail","category-featured","category-lavoro-economia"],"yoast_head":"<!-- This site is optimized with the Yoast SEO plugin v28.4 - https:\/\/yoast.com\/product\/yoast-seo-wordpress\/ -->\n<title>La demografia d&#039;impresa nelle province di Treviso e Belluno al 30 settembre 2022 - Bellunopress - Dolomiti<\/title>\n<meta name=\"robots\" content=\"index, follow, max-snippet:-1, max-image-preview:large, max-video-preview:-1\" \/>\n<link rel=\"canonical\" href=\"https:\/\/www.bellunopress.it\/fr\/2022\/10\/28\/la-demografia-dimpresa-nelle-province-di-treviso-e-belluno-al-30-settembre-2022\/\" \/>\n<meta property=\"og:locale\" content=\"fr_FR\" \/>\n<meta property=\"og:type\" content=\"article\" \/>\n<meta property=\"og:title\" content=\"La demografia d&#039;impresa nelle province di Treviso e Belluno al 30 settembre 2022 - Bellunopress - Dolomiti\" \/>\n<meta property=\"og:description\" content=\"Rispetto allo scorso giugno le sedi d&#8217;impresa risultano in crescita in entrambe le province: +89 a Treviso e +25 a Belluno. Il confronto con lo stesso periodo dell&#8217;anno precedente evidenzia invece una consistenza in crescita a Treviso (+212) ma in flessione a Belluno (-75). Ed \u00e8\u00a0ancora il comparto dell&#8217;edilizia a sostenere il trend di crescita. [&hellip;]\" \/>\n<meta property=\"og:url\" content=\"https:\/\/www.bellunopress.it\/fr\/2022\/10\/28\/la-demografia-dimpresa-nelle-province-di-treviso-e-belluno-al-30-settembre-2022\/\" \/>\n<meta property=\"og:site_name\" content=\"Bellunopress - Dolomiti\" \/>\n<meta property=\"article:publisher\" content=\"https:\/\/www.facebook.com\/profile.php?id=100008943462799\" \/>\n<meta property=\"article:published_time\" content=\"2022-10-28T11:21:14+00:00\" \/>\n<meta property=\"og:image\" content=\"https:\/\/www.bellunopress.it\/wp-content\/uploads\/2020\/03\/camera-commercio-1.jpg\" \/>\n\t<meta property=\"og:image:width\" content=\"900\" \/>\n\t<meta property=\"og:image:height\" content=\"506\" \/>\n\t<meta property=\"og:image:type\" content=\"image\/jpeg\" \/>\n<meta name=\"author\" content=\"redazione\" \/>\n<meta name=\"twitter:card\" content=\"summary_large_image\" \/>\n<meta name=\"twitter:creator\" content=\"@bellunopress\" \/>\n<meta name=\"twitter:site\" content=\"@bellunopress\" \/>\n<meta name=\"twitter:label1\" content=\"\u00c9crit par\" \/>\n\t<meta name=\"twitter:data1\" content=\"redazione\" \/>\n\t<meta name=\"twitter:label2\" content=\"Dur\u00e9e de lecture estim\u00e9e\" \/>\n\t<meta name=\"twitter:data2\" content=\"10 minutes\" \/>\n<script type=\"application\/ld+json\" class=\"yoast-schema-graph\">{\"@context\":\"https:\\\/\\\/schema.org\",\"@graph\":[{\"@type\":\"Article\",\"@id\":\"https:\\\/\\\/www.bellunopress.it\\\/2022\\\/10\\\/28\\\/la-demografia-dimpresa-nelle-province-di-treviso-e-belluno-al-30-settembre-2022\\\/#article\",\"isPartOf\":{\"@id\":\"https:\\\/\\\/www.bellunopress.it\\\/2022\\\/10\\\/28\\\/la-demografia-dimpresa-nelle-province-di-treviso-e-belluno-al-30-settembre-2022\\\/\"},\"author\":{\"name\":\"redazione\",\"@id\":\"https:\\\/\\\/www.bellunopress.it\\\/#\\\/schema\\\/person\\\/79bb06722b37ece1c03d3e94beb30d73\"},\"headline\":\"La demografia d&#8217;impresa nelle province di Treviso e Belluno al 30 settembre 2022\",\"datePublished\":\"2022-10-28T11:21:14+00:00\",\"mainEntityOfPage\":{\"@id\":\"https:\\\/\\\/www.bellunopress.it\\\/2022\\\/10\\\/28\\\/la-demografia-dimpresa-nelle-province-di-treviso-e-belluno-al-30-settembre-2022\\\/\"},\"wordCount\":1607,\"publisher\":{\"@id\":\"https:\\\/\\\/www.bellunopress.it\\\/#organization\"},\"image\":{\"@id\":\"https:\\\/\\\/www.bellunopress.it\\\/2022\\\/10\\\/28\\\/la-demografia-dimpresa-nelle-province-di-treviso-e-belluno-al-30-settembre-2022\\\/#primaryimage\"},\"thumbnailUrl\":\"https:\\\/\\\/www.bellunopress.it\\\/wp-content\\\/uploads\\\/2020\\\/03\\\/camera-commercio-1.jpg\",\"articleSection\":[\"Featured\",\"Lavoro, Economia, Turismo\"],\"inLanguage\":\"fr-FR\"},{\"@type\":\"WebPage\",\"@id\":\"https:\\\/\\\/www.bellunopress.it\\\/2022\\\/10\\\/28\\\/la-demografia-dimpresa-nelle-province-di-treviso-e-belluno-al-30-settembre-2022\\\/\",\"url\":\"https:\\\/\\\/www.bellunopress.it\\\/2022\\\/10\\\/28\\\/la-demografia-dimpresa-nelle-province-di-treviso-e-belluno-al-30-settembre-2022\\\/\",\"name\":\"La demografia d'impresa nelle province di Treviso e Belluno al 30 settembre 2022 - Bellunopress - Dolomiti\",\"isPartOf\":{\"@id\":\"https:\\\/\\\/www.bellunopress.it\\\/#website\"},\"primaryImageOfPage\":{\"@id\":\"https:\\\/\\\/www.bellunopress.it\\\/2022\\\/10\\\/28\\\/la-demografia-dimpresa-nelle-province-di-treviso-e-belluno-al-30-settembre-2022\\\/#primaryimage\"},\"image\":{\"@id\":\"https:\\\/\\\/www.bellunopress.it\\\/2022\\\/10\\\/28\\\/la-demografia-dimpresa-nelle-province-di-treviso-e-belluno-al-30-settembre-2022\\\/#primaryimage\"},\"thumbnailUrl\":\"https:\\\/\\\/www.bellunopress.it\\\/wp-content\\\/uploads\\\/2020\\\/03\\\/camera-commercio-1.jpg\",\"datePublished\":\"2022-10-28T11:21:14+00:00\",\"breadcrumb\":{\"@id\":\"https:\\\/\\\/www.bellunopress.it\\\/2022\\\/10\\\/28\\\/la-demografia-dimpresa-nelle-province-di-treviso-e-belluno-al-30-settembre-2022\\\/#breadcrumb\"},\"inLanguage\":\"fr-FR\",\"potentialAction\":[{\"@type\":\"ReadAction\",\"target\":[\"https:\\\/\\\/www.bellunopress.it\\\/2022\\\/10\\\/28\\\/la-demografia-dimpresa-nelle-province-di-treviso-e-belluno-al-30-settembre-2022\\\/\"]}]},{\"@type\":\"ImageObject\",\"inLanguage\":\"fr-FR\",\"@id\":\"https:\\\/\\\/www.bellunopress.it\\\/2022\\\/10\\\/28\\\/la-demografia-dimpresa-nelle-province-di-treviso-e-belluno-al-30-settembre-2022\\\/#primaryimage\",\"url\":\"https:\\\/\\\/www.bellunopress.it\\\/wp-content\\\/uploads\\\/2020\\\/03\\\/camera-commercio-1.jpg\",\"contentUrl\":\"https:\\\/\\\/www.bellunopress.it\\\/wp-content\\\/uploads\\\/2020\\\/03\\\/camera-commercio-1.jpg\",\"width\":900,\"height\":506,\"caption\":\"Camera di Commercio di Treviso e Belluno Dolomiti - Sede di Belluno\"},{\"@type\":\"BreadcrumbList\",\"@id\":\"https:\\\/\\\/www.bellunopress.it\\\/2022\\\/10\\\/28\\\/la-demografia-dimpresa-nelle-province-di-treviso-e-belluno-al-30-settembre-2022\\\/#breadcrumb\",\"itemListElement\":[{\"@type\":\"ListItem\",\"position\":1,\"name\":\"Home\",\"item\":\"https:\\\/\\\/www.bellunopress.it\\\/\"},{\"@type\":\"ListItem\",\"position\":2,\"name\":\"La demografia d&#8217;impresa nelle province di Treviso e Belluno al 30 settembre 2022\"}]},{\"@type\":\"WebSite\",\"@id\":\"https:\\\/\\\/www.bellunopress.it\\\/#website\",\"url\":\"https:\\\/\\\/www.bellunopress.it\\\/\",\"name\":\"Bellunopress - Dolomiti\",\"description\":\"e-mail: redazione@bellunopress.it\",\"publisher\":{\"@id\":\"https:\\\/\\\/www.bellunopress.it\\\/#organization\"},\"potentialAction\":[{\"@type\":\"SearchAction\",\"target\":{\"@type\":\"EntryPoint\",\"urlTemplate\":\"https:\\\/\\\/www.bellunopress.it\\\/?s={search_term_string}\"},\"query-input\":{\"@type\":\"PropertyValueSpecification\",\"valueRequired\":true,\"valueName\":\"search_term_string\"}}],\"inLanguage\":\"fr-FR\"},{\"@type\":\"Organization\",\"@id\":\"https:\\\/\\\/www.bellunopress.it\\\/#organization\",\"name\":\"Bellunopress\",\"url\":\"https:\\\/\\\/www.bellunopress.it\\\/\",\"logo\":{\"@type\":\"ImageObject\",\"inLanguage\":\"fr-FR\",\"@id\":\"https:\\\/\\\/www.bellunopress.it\\\/#\\\/schema\\\/logo\\\/image\\\/\",\"url\":\"https:\\\/\\\/www.bellunopress.it\\\/wp-content\\\/uploads\\\/2011\\\/05\\\/cropped-logo-bellunopress-.jpg\",\"contentUrl\":\"https:\\\/\\\/www.bellunopress.it\\\/wp-content\\\/uploads\\\/2011\\\/05\\\/cropped-logo-bellunopress-.jpg\",\"width\":512,\"height\":512,\"caption\":\"Bellunopress\"},\"image\":{\"@id\":\"https:\\\/\\\/www.bellunopress.it\\\/#\\\/schema\\\/logo\\\/image\\\/\"},\"sameAs\":[\"https:\\\/\\\/www.facebook.com\\\/profile.php?id=100008943462799\",\"https:\\\/\\\/x.com\\\/bellunopress\",\"https:\\\/\\\/www.linkedin.com\\\/hp\\\/?dnr=JBzUWaJfMUw8vbXJJ2tVW5-I3jZKvC4wsoxE&amp;amp;amp;amp;amp;amp;trk=nav_responsive_tab_home\",\"https:\\\/\\\/www.youtube.com\\\/channel\\\/UCxL0wu1uN0_3_7hGG0306cw\"]},{\"@type\":\"Person\",\"@id\":\"https:\\\/\\\/www.bellunopress.it\\\/#\\\/schema\\\/person\\\/79bb06722b37ece1c03d3e94beb30d73\",\"name\":\"redazione\",\"image\":{\"@type\":\"ImageObject\",\"inLanguage\":\"fr-FR\",\"@id\":\"https:\\\/\\\/secure.gravatar.com\\\/avatar\\\/37d968a2e67a6fd04c169c4bdef102d0bc5d31b2546345219e348575eb80e9a0?s=96&d=mm&r=g\",\"url\":\"https:\\\/\\\/secure.gravatar.com\\\/avatar\\\/37d968a2e67a6fd04c169c4bdef102d0bc5d31b2546345219e348575eb80e9a0?s=96&d=mm&r=g\",\"contentUrl\":\"https:\\\/\\\/secure.gravatar.com\\\/avatar\\\/37d968a2e67a6fd04c169c4bdef102d0bc5d31b2546345219e348575eb80e9a0?s=96&d=mm&r=g\",\"caption\":\"redazione\"},\"sameAs\":[\"http:\\\/\\\/www.bellunopress.it\",\"https:\\\/\\\/x.com\\\/bellunopress\"],\"url\":\"https:\\\/\\\/www.bellunopress.it\\\/fr\\\/author\\\/redazione\\\/\"}]}<\/script>\n<!-- \/ Yoast SEO plugin. -->","yoast_head_json":{"title":"La demografia d'impresa nelle province di Treviso e Belluno al 30 settembre 2022 - Bellunopress - Dolomiti","robots":{"index":"index","follow":"follow","max-snippet":"max-snippet:-1","max-image-preview":"max-image-preview:large","max-video-preview":"max-video-preview:-1"},"canonical":"https:\/\/www.bellunopress.it\/fr\/2022\/10\/28\/la-demografia-dimpresa-nelle-province-di-treviso-e-belluno-al-30-settembre-2022\/","og_locale":"fr_FR","og_type":"article","og_title":"La demografia d'impresa nelle province di Treviso e Belluno al 30 settembre 2022 - Bellunopress - Dolomiti","og_description":"Rispetto allo scorso giugno le sedi d&#8217;impresa risultano in crescita in entrambe le province: +89 a Treviso e +25 a Belluno. Il confronto con lo stesso periodo dell&#8217;anno precedente evidenzia invece una consistenza in crescita a Treviso (+212) ma in flessione a Belluno (-75). Ed \u00e8\u00a0ancora il comparto dell&#8217;edilizia a sostenere il trend di crescita. [&hellip;]","og_url":"https:\/\/www.bellunopress.it\/fr\/2022\/10\/28\/la-demografia-dimpresa-nelle-province-di-treviso-e-belluno-al-30-settembre-2022\/","og_site_name":"Bellunopress - Dolomiti","article_publisher":"https:\/\/www.facebook.com\/profile.php?id=100008943462799","article_published_time":"2022-10-28T11:21:14+00:00","og_image":[{"width":900,"height":506,"url":"https:\/\/www.bellunopress.it\/wp-content\/uploads\/2020\/03\/camera-commercio-1.jpg","type":"image\/jpeg"}],"author":"redazione","twitter_card":"summary_large_image","twitter_creator":"@bellunopress","twitter_site":"@bellunopress","twitter_misc":{"\u00c9crit par":"redazione","Dur\u00e9e de lecture estim\u00e9e":"10 minutes"},"schema":{"@context":"https:\/\/schema.org","@graph":[{"@type":"Article","@id":"https:\/\/www.bellunopress.it\/2022\/10\/28\/la-demografia-dimpresa-nelle-province-di-treviso-e-belluno-al-30-settembre-2022\/#article","isPartOf":{"@id":"https:\/\/www.bellunopress.it\/2022\/10\/28\/la-demografia-dimpresa-nelle-province-di-treviso-e-belluno-al-30-settembre-2022\/"},"author":{"name":"redazione","@id":"https:\/\/www.bellunopress.it\/#\/schema\/person\/79bb06722b37ece1c03d3e94beb30d73"},"headline":"La demografia d&#8217;impresa nelle province di Treviso e Belluno al 30 settembre 2022","datePublished":"2022-10-28T11:21:14+00:00","mainEntityOfPage":{"@id":"https:\/\/www.bellunopress.it\/2022\/10\/28\/la-demografia-dimpresa-nelle-province-di-treviso-e-belluno-al-30-settembre-2022\/"},"wordCount":1607,"publisher":{"@id":"https:\/\/www.bellunopress.it\/#organization"},"image":{"@id":"https:\/\/www.bellunopress.it\/2022\/10\/28\/la-demografia-dimpresa-nelle-province-di-treviso-e-belluno-al-30-settembre-2022\/#primaryimage"},"thumbnailUrl":"https:\/\/www.bellunopress.it\/wp-content\/uploads\/2020\/03\/camera-commercio-1.jpg","articleSection":["Featured","Lavoro, Economia, Turismo"],"inLanguage":"fr-FR"},{"@type":"WebPage","@id":"https:\/\/www.bellunopress.it\/2022\/10\/28\/la-demografia-dimpresa-nelle-province-di-treviso-e-belluno-al-30-settembre-2022\/","url":"https:\/\/www.bellunopress.it\/2022\/10\/28\/la-demografia-dimpresa-nelle-province-di-treviso-e-belluno-al-30-settembre-2022\/","name":"La demografia d'impresa nelle province di Treviso e Belluno al 30 settembre 2022 - Bellunopress - Dolomiti","isPartOf":{"@id":"https:\/\/www.bellunopress.it\/#website"},"primaryImageOfPage":{"@id":"https:\/\/www.bellunopress.it\/2022\/10\/28\/la-demografia-dimpresa-nelle-province-di-treviso-e-belluno-al-30-settembre-2022\/#primaryimage"},"image":{"@id":"https:\/\/www.bellunopress.it\/2022\/10\/28\/la-demografia-dimpresa-nelle-province-di-treviso-e-belluno-al-30-settembre-2022\/#primaryimage"},"thumbnailUrl":"https:\/\/www.bellunopress.it\/wp-content\/uploads\/2020\/03\/camera-commercio-1.jpg","datePublished":"2022-10-28T11:21:14+00:00","breadcrumb":{"@id":"https:\/\/www.bellunopress.it\/2022\/10\/28\/la-demografia-dimpresa-nelle-province-di-treviso-e-belluno-al-30-settembre-2022\/#breadcrumb"},"inLanguage":"fr-FR","potentialAction":[{"@type":"ReadAction","target":["https:\/\/www.bellunopress.it\/2022\/10\/28\/la-demografia-dimpresa-nelle-province-di-treviso-e-belluno-al-30-settembre-2022\/"]}]},{"@type":"ImageObject","inLanguage":"fr-FR","@id":"https:\/\/www.bellunopress.it\/2022\/10\/28\/la-demografia-dimpresa-nelle-province-di-treviso-e-belluno-al-30-settembre-2022\/#primaryimage","url":"https:\/\/www.bellunopress.it\/wp-content\/uploads\/2020\/03\/camera-commercio-1.jpg","contentUrl":"https:\/\/www.bellunopress.it\/wp-content\/uploads\/2020\/03\/camera-commercio-1.jpg","width":900,"height":506,"caption":"Camera di Commercio di Treviso e Belluno Dolomiti - Sede di Belluno"},{"@type":"BreadcrumbList","@id":"https:\/\/www.bellunopress.it\/2022\/10\/28\/la-demografia-dimpresa-nelle-province-di-treviso-e-belluno-al-30-settembre-2022\/#breadcrumb","itemListElement":[{"@type":"ListItem","position":1,"name":"Home","item":"https:\/\/www.bellunopress.it\/"},{"@type":"ListItem","position":2,"name":"La demografia d&#8217;impresa nelle province di Treviso e Belluno al 30 settembre 2022"}]},{"@type":"WebSite","@id":"https:\/\/www.bellunopress.it\/#website","url":"https:\/\/www.bellunopress.it\/","name":"Bellunopress - Dolomiti","description":"e-mail: redazione@bellunopress.it","publisher":{"@id":"https:\/\/www.bellunopress.it\/#organization"},"potentialAction":[{"@type":"SearchAction","target":{"@type":"EntryPoint","urlTemplate":"https:\/\/www.bellunopress.it\/?s={search_term_string}"},"query-input":{"@type":"PropertyValueSpecification","valueRequired":true,"valueName":"search_term_string"}}],"inLanguage":"fr-FR"},{"@type":"Organization","@id":"https:\/\/www.bellunopress.it\/#organization","name":"Bellunopress","url":"https:\/\/www.bellunopress.it\/","logo":{"@type":"ImageObject","inLanguage":"fr-FR","@id":"https:\/\/www.bellunopress.it\/#\/schema\/logo\/image\/","url":"https:\/\/www.bellunopress.it\/wp-content\/uploads\/2011\/05\/cropped-logo-bellunopress-.jpg","contentUrl":"https:\/\/www.bellunopress.it\/wp-content\/uploads\/2011\/05\/cropped-logo-bellunopress-.jpg","width":512,"height":512,"caption":"Bellunopress"},"image":{"@id":"https:\/\/www.bellunopress.it\/#\/schema\/logo\/image\/"},"sameAs":["https:\/\/www.facebook.com\/profile.php?id=100008943462799","https:\/\/x.com\/bellunopress","https:\/\/www.linkedin.com\/hp\/?dnr=JBzUWaJfMUw8vbXJJ2tVW5-I3jZKvC4wsoxE&amp;amp;amp;amp;amp;amp;trk=nav_responsive_tab_home","https:\/\/www.youtube.com\/channel\/UCxL0wu1uN0_3_7hGG0306cw"]},{"@type":"Person","@id":"https:\/\/www.bellunopress.it\/#\/schema\/person\/79bb06722b37ece1c03d3e94beb30d73","name":"r\u00e9daction","image":{"@type":"ImageObject","inLanguage":"fr-FR","@id":"https:\/\/secure.gravatar.com\/avatar\/37d968a2e67a6fd04c169c4bdef102d0bc5d31b2546345219e348575eb80e9a0?s=96&d=mm&r=g","url":"https:\/\/secure.gravatar.com\/avatar\/37d968a2e67a6fd04c169c4bdef102d0bc5d31b2546345219e348575eb80e9a0?s=96&d=mm&r=g","contentUrl":"https:\/\/secure.gravatar.com\/avatar\/37d968a2e67a6fd04c169c4bdef102d0bc5d31b2546345219e348575eb80e9a0?s=96&d=mm&r=g","caption":"redazione"},"sameAs":["http:\/\/www.bellunopress.it","https:\/\/x.com\/bellunopress"],"url":"https:\/\/www.bellunopress.it\/fr\/author\/redazione\/"}]}},"_links":{"self":[{"href":"https:\/\/www.bellunopress.it\/fr\/wp-json\/wp\/v2\/posts\/137305","targetHints":{"allow":["GET"]}}],"collection":[{"href":"https:\/\/www.bellunopress.it\/fr\/wp-json\/wp\/v2\/posts"}],"about":[{"href":"https:\/\/www.bellunopress.it\/fr\/wp-json\/wp\/v2\/types\/post"}],"author":[{"embeddable":true,"href":"https:\/\/www.bellunopress.it\/fr\/wp-json\/wp\/v2\/users\/2"}],"replies":[{"embeddable":true,"href":"https:\/\/www.bellunopress.it\/fr\/wp-json\/wp\/v2\/comments?post=137305"}],"version-history":[{"count":1,"href":"https:\/\/www.bellunopress.it\/fr\/wp-json\/wp\/v2\/posts\/137305\/revisions"}],"predecessor-version":[{"id":137306,"href":"https:\/\/www.bellunopress.it\/fr\/wp-json\/wp\/v2\/posts\/137305\/revisions\/137306"}],"wp:featuredmedia":[{"embeddable":true,"href":"https:\/\/www.bellunopress.it\/fr\/wp-json\/wp\/v2\/media\/112738"}],"wp:attachment":[{"href":"https:\/\/www.bellunopress.it\/fr\/wp-json\/wp\/v2\/media?parent=137305"}],"wp:term":[{"taxonomy":"category","embeddable":true,"href":"https:\/\/www.bellunopress.it\/fr\/wp-json\/wp\/v2\/categories?post=137305"},{"taxonomy":"post_tag","embeddable":true,"href":"https:\/\/www.bellunopress.it\/fr\/wp-json\/wp\/v2\/tags?post=137305"}],"curies":[{"name":"wp","href":"https:\/\/api.w.org\/{rel}","templated":true}]}}