{"id":137302,"date":"2022-10-28T12:48:29","date_gmt":"2022-10-28T10:48:29","guid":{"rendered":"https:\/\/www.bellunopress.it\/?p=137302"},"modified":"2022-10-28T12:48:29","modified_gmt":"2022-10-28T10:48:29","slug":"feltre-nominata-la-nuova-dirigente-del-settore-gestione-del-territorio-e-larchitetto-maria-cristina-scalet","status":"publish","type":"post","link":"https:\/\/www.bellunopress.it\/fr\/2022\/10\/28\/feltre-nominata-la-nuova-dirigente-del-settore-gestione-del-territorio-e-larchitetto-maria-cristina-scalet\/","title":{"rendered":"Feltre. Nominata la nuova dirigente del Settore Gestione del Territorio: \u00e8 l\u2019architetto Maria Cristina Scalet"},"content":{"rendered":"<p><img loading=\"lazy\" decoding=\"async\" class=\"alignleft  wp-image-137303\" src=\"https:\/\/www.bellunopress.it\/wp-content\/uploads\/2022\/10\/Maria-Cristina-Scalet-architetto_edited.jpg\" alt=\"\" width=\"438\" height=\"548\" srcset=\"https:\/\/www.bellunopress.it\/wp-content\/uploads\/2022\/10\/Maria-Cristina-Scalet-architetto_edited.jpg 608w, https:\/\/www.bellunopress.it\/wp-content\/uploads\/2022\/10\/Maria-Cristina-Scalet-architetto_edited-400x500.jpg 400w, https:\/\/www.bellunopress.it\/wp-content\/uploads\/2022\/10\/Maria-Cristina-Scalet-architetto_edited-336x420.jpg 336w\" sizes=\"auto, (max-width: 438px) 100vw, 438px\" \/>L\u2019architetto Maria Cristina Scalet \u00e8 il nuovo dirigente del settore Gestione del Territorio del Comune di Feltre.<br \/>\nIl sindaco, Viviana Fusaro, ha firmato oggi il decreto di nomina a seguito della selezione pubblica alla quale hanno preso parte nelle scorse settimane circa 40 professionisti provenienti da varie parti del Veneto e non solo.<\/p>\n<p>Dopo la laurea a pieni voti allo IUAV di Venezia, Scalet, 54 anni, ha sviluppato la propria carriera lavorativa principalmente all&#8217;interno del Comune di Vittorio Veneto, presso il quale ricopre attualmente l&#8217;incarico di responsabile del Servizio Pianificazione Territoriale e Gestione del Patrimonio Pubblico; vanta inoltre una lunga esperienza e diversi incarichi anche in ambito turistico e culturale.<\/p>\n<p>\u201cDo il pi\u00f9 sincero benvenuto al nuovo dirigente, a cui auguro di poter trovare presso il Comune di Feltre il contesto pi\u00f9 favorevole in cui proseguire nel proprio percorso professionale\u201d, ha sottolineato il sindaco Fusaro durante il primo incontro in municipio.<\/p>\n<p>\u201cL&#8217;Amministrazione e gli uffici garantiranno alla dottoressa Scalet tutta la collaborazione utile ad instaurare un clima di lavoro fattivo e proficuo, in un settore strategico come quello della gestione del territorio; le partite aperte e quelle future sono molte ed importanti; siamo sicuri che il nuovo dirigente ha tutte le qualit\u00e0 personali e professionali per interpretare al meglio il proprio ruolo a vantaggio della citt\u00e0 e dei cittadini\u201d, ha aggiunto il sindaco.<br \/>\nLa dottoressa Scalet prender\u00e0 servizio nelle prossime settimane, espletati i necessari passaggi formali.<\/p>","protected":false},"excerpt":{"rendered":"<p>L\u2019architetto Maria Cristina Scalet \u00e8 il nuovo dirigente del settore Gestione del Territorio del Comune di Feltre. Il sindaco, Viviana Fusaro, ha firmato oggi il decreto di nomina a seguito della selezione pubblica alla quale hanno preso parte nelle scorse settimane circa 40 professionisti provenienti da varie parti del Veneto e non solo. Dopo la [&hellip;]<\/p>\n","protected":false},"author":2,"featured_media":137303,"comment_status":"closed","ping_status":"open","sticky":false,"template":"","format":"standard","meta":{"footnotes":""},"categories":[26,8],"tags":[],"class_list":["post-137302","post","type-post","status-publish","format-standard","has-post-thumbnail","category-prima-pagina","category-societa-istituzioni"],"yoast_head":"<!-- This site is optimized with the Yoast SEO plugin v28.4 - https:\/\/yoast.com\/product\/yoast-seo-wordpress\/ -->\n<title>Feltre. Nominata la nuova dirigente del Settore Gestione del Territorio: \u00e8 l\u2019architetto Maria Cristina Scalet - Bellunopress - Dolomiti<\/title>\n<meta name=\"robots\" content=\"index, follow, max-snippet:-1, max-image-preview:large, max-video-preview:-1\" \/>\n<link rel=\"canonical\" href=\"https:\/\/www.bellunopress.it\/fr\/2022\/10\/28\/feltre-nominata-la-nuova-dirigente-del-settore-gestione-del-territorio-e-larchitetto-maria-cristina-scalet\/\" \/>\n<meta property=\"og:locale\" content=\"fr_FR\" \/>\n<meta property=\"og:type\" content=\"article\" \/>\n<meta property=\"og:title\" content=\"Feltre. Nominata la nuova dirigente del Settore Gestione del Territorio: \u00e8 l\u2019architetto Maria Cristina Scalet - Bellunopress - Dolomiti\" \/>\n<meta property=\"og:description\" content=\"L\u2019architetto Maria Cristina Scalet \u00e8 il nuovo dirigente del settore Gestione del Territorio del Comune di Feltre. Il sindaco, Viviana Fusaro, ha firmato oggi il decreto di nomina a seguito della selezione pubblica alla quale hanno preso parte nelle scorse settimane circa 40 professionisti provenienti da varie parti del Veneto e non solo. Dopo la [&hellip;]\" \/>\n<meta property=\"og:url\" content=\"https:\/\/www.bellunopress.it\/fr\/2022\/10\/28\/feltre-nominata-la-nuova-dirigente-del-settore-gestione-del-territorio-e-larchitetto-maria-cristina-scalet\/\" \/>\n<meta property=\"og:site_name\" content=\"Bellunopress - Dolomiti\" \/>\n<meta property=\"article:publisher\" content=\"https:\/\/www.facebook.com\/profile.php?id=100008943462799\" \/>\n<meta property=\"article:published_time\" content=\"2022-10-28T10:48:29+00:00\" \/>\n<meta property=\"og:image\" content=\"https:\/\/www.bellunopress.it\/wp-content\/uploads\/2022\/10\/Maria-Cristina-Scalet-architetto_edited.jpg\" \/>\n\t<meta property=\"og:image:width\" content=\"608\" \/>\n\t<meta property=\"og:image:height\" content=\"760\" \/>\n\t<meta property=\"og:image:type\" content=\"image\/jpeg\" \/>\n<meta name=\"author\" content=\"redazione\" \/>\n<meta name=\"twitter:card\" content=\"summary_large_image\" \/>\n<meta name=\"twitter:creator\" content=\"@bellunopress\" \/>\n<meta name=\"twitter:site\" content=\"@bellunopress\" \/>\n<meta name=\"twitter:label1\" content=\"\u00c9crit par\" \/>\n\t<meta name=\"twitter:data1\" content=\"redazione\" \/>\n\t<meta name=\"twitter:label2\" content=\"Dur\u00e9e de lecture estim\u00e9e\" \/>\n\t<meta name=\"twitter:data2\" content=\"2 minutes\" \/>\n<script type=\"application\/ld+json\" class=\"yoast-schema-graph\">{\"@context\":\"https:\\\/\\\/schema.org\",\"@graph\":[{\"@type\":\"Article\",\"@id\":\"https:\\\/\\\/www.bellunopress.it\\\/2022\\\/10\\\/28\\\/feltre-nominata-la-nuova-dirigente-del-settore-gestione-del-territorio-e-larchitetto-maria-cristina-scalet\\\/#article\",\"isPartOf\":{\"@id\":\"https:\\\/\\\/www.bellunopress.it\\\/2022\\\/10\\\/28\\\/feltre-nominata-la-nuova-dirigente-del-settore-gestione-del-territorio-e-larchitetto-maria-cristina-scalet\\\/\"},\"author\":{\"name\":\"redazione\",\"@id\":\"https:\\\/\\\/www.bellunopress.it\\\/#\\\/schema\\\/person\\\/79bb06722b37ece1c03d3e94beb30d73\"},\"headline\":\"Feltre. Nominata la nuova dirigente del Settore Gestione del Territorio: \u00e8 l\u2019architetto Maria Cristina Scalet\",\"datePublished\":\"2022-10-28T10:48:29+00:00\",\"mainEntityOfPage\":{\"@id\":\"https:\\\/\\\/www.bellunopress.it\\\/2022\\\/10\\\/28\\\/feltre-nominata-la-nuova-dirigente-del-settore-gestione-del-territorio-e-larchitetto-maria-cristina-scalet\\\/\"},\"wordCount\":252,\"publisher\":{\"@id\":\"https:\\\/\\\/www.bellunopress.it\\\/#organization\"},\"image\":{\"@id\":\"https:\\\/\\\/www.bellunopress.it\\\/2022\\\/10\\\/28\\\/feltre-nominata-la-nuova-dirigente-del-settore-gestione-del-territorio-e-larchitetto-maria-cristina-scalet\\\/#primaryimage\"},\"thumbnailUrl\":\"https:\\\/\\\/www.bellunopress.it\\\/wp-content\\\/uploads\\\/2022\\\/10\\\/Maria-Cristina-Scalet-architetto_edited.jpg\",\"articleSection\":[\"Prima Pagina\",\"Societ\u00e0, Associazioni, Istituzioni\"],\"inLanguage\":\"fr-FR\"},{\"@type\":\"WebPage\",\"@id\":\"https:\\\/\\\/www.bellunopress.it\\\/2022\\\/10\\\/28\\\/feltre-nominata-la-nuova-dirigente-del-settore-gestione-del-territorio-e-larchitetto-maria-cristina-scalet\\\/\",\"url\":\"https:\\\/\\\/www.bellunopress.it\\\/2022\\\/10\\\/28\\\/feltre-nominata-la-nuova-dirigente-del-settore-gestione-del-territorio-e-larchitetto-maria-cristina-scalet\\\/\",\"name\":\"Feltre. Nominata la nuova dirigente del Settore Gestione del Territorio: \u00e8 l\u2019architetto Maria Cristina Scalet - Bellunopress - Dolomiti\",\"isPartOf\":{\"@id\":\"https:\\\/\\\/www.bellunopress.it\\\/#website\"},\"primaryImageOfPage\":{\"@id\":\"https:\\\/\\\/www.bellunopress.it\\\/2022\\\/10\\\/28\\\/feltre-nominata-la-nuova-dirigente-del-settore-gestione-del-territorio-e-larchitetto-maria-cristina-scalet\\\/#primaryimage\"},\"image\":{\"@id\":\"https:\\\/\\\/www.bellunopress.it\\\/2022\\\/10\\\/28\\\/feltre-nominata-la-nuova-dirigente-del-settore-gestione-del-territorio-e-larchitetto-maria-cristina-scalet\\\/#primaryimage\"},\"thumbnailUrl\":\"https:\\\/\\\/www.bellunopress.it\\\/wp-content\\\/uploads\\\/2022\\\/10\\\/Maria-Cristina-Scalet-architetto_edited.jpg\",\"datePublished\":\"2022-10-28T10:48:29+00:00\",\"breadcrumb\":{\"@id\":\"https:\\\/\\\/www.bellunopress.it\\\/2022\\\/10\\\/28\\\/feltre-nominata-la-nuova-dirigente-del-settore-gestione-del-territorio-e-larchitetto-maria-cristina-scalet\\\/#breadcrumb\"},\"inLanguage\":\"fr-FR\",\"potentialAction\":[{\"@type\":\"ReadAction\",\"target\":[\"https:\\\/\\\/www.bellunopress.it\\\/2022\\\/10\\\/28\\\/feltre-nominata-la-nuova-dirigente-del-settore-gestione-del-territorio-e-larchitetto-maria-cristina-scalet\\\/\"]}]},{\"@type\":\"ImageObject\",\"inLanguage\":\"fr-FR\",\"@id\":\"https:\\\/\\\/www.bellunopress.it\\\/2022\\\/10\\\/28\\\/feltre-nominata-la-nuova-dirigente-del-settore-gestione-del-territorio-e-larchitetto-maria-cristina-scalet\\\/#primaryimage\",\"url\":\"https:\\\/\\\/www.bellunopress.it\\\/wp-content\\\/uploads\\\/2022\\\/10\\\/Maria-Cristina-Scalet-architetto_edited.jpg\",\"contentUrl\":\"https:\\\/\\\/www.bellunopress.it\\\/wp-content\\\/uploads\\\/2022\\\/10\\\/Maria-Cristina-Scalet-architetto_edited.jpg\",\"width\":608,\"height\":760},{\"@type\":\"BreadcrumbList\",\"@id\":\"https:\\\/\\\/www.bellunopress.it\\\/2022\\\/10\\\/28\\\/feltre-nominata-la-nuova-dirigente-del-settore-gestione-del-territorio-e-larchitetto-maria-cristina-scalet\\\/#breadcrumb\",\"itemListElement\":[{\"@type\":\"ListItem\",\"position\":1,\"name\":\"Home\",\"item\":\"https:\\\/\\\/www.bellunopress.it\\\/\"},{\"@type\":\"ListItem\",\"position\":2,\"name\":\"Feltre. Nominata la nuova dirigente del Settore Gestione del Territorio: \u00e8 l\u2019architetto Maria Cristina Scalet\"}]},{\"@type\":\"WebSite\",\"@id\":\"https:\\\/\\\/www.bellunopress.it\\\/#website\",\"url\":\"https:\\\/\\\/www.bellunopress.it\\\/\",\"name\":\"Bellunopress - Dolomiti\",\"description\":\"e-mail: redazione@bellunopress.it\",\"publisher\":{\"@id\":\"https:\\\/\\\/www.bellunopress.it\\\/#organization\"},\"potentialAction\":[{\"@type\":\"SearchAction\",\"target\":{\"@type\":\"EntryPoint\",\"urlTemplate\":\"https:\\\/\\\/www.bellunopress.it\\\/?s={search_term_string}\"},\"query-input\":{\"@type\":\"PropertyValueSpecification\",\"valueRequired\":true,\"valueName\":\"search_term_string\"}}],\"inLanguage\":\"fr-FR\"},{\"@type\":\"Organization\",\"@id\":\"https:\\\/\\\/www.bellunopress.it\\\/#organization\",\"name\":\"Bellunopress\",\"url\":\"https:\\\/\\\/www.bellunopress.it\\\/\",\"logo\":{\"@type\":\"ImageObject\",\"inLanguage\":\"fr-FR\",\"@id\":\"https:\\\/\\\/www.bellunopress.it\\\/#\\\/schema\\\/logo\\\/image\\\/\",\"url\":\"https:\\\/\\\/www.bellunopress.it\\\/wp-content\\\/uploads\\\/2011\\\/05\\\/cropped-logo-bellunopress-.jpg\",\"contentUrl\":\"https:\\\/\\\/www.bellunopress.it\\\/wp-content\\\/uploads\\\/2011\\\/05\\\/cropped-logo-bellunopress-.jpg\",\"width\":512,\"height\":512,\"caption\":\"Bellunopress\"},\"image\":{\"@id\":\"https:\\\/\\\/www.bellunopress.it\\\/#\\\/schema\\\/logo\\\/image\\\/\"},\"sameAs\":[\"https:\\\/\\\/www.facebook.com\\\/profile.php?id=100008943462799\",\"https:\\\/\\\/x.com\\\/bellunopress\",\"https:\\\/\\\/www.linkedin.com\\\/hp\\\/?dnr=JBzUWaJfMUw8vbXJJ2tVW5-I3jZKvC4wsoxE&amp;amp;amp;amp;amp;amp;trk=nav_responsive_tab_home\",\"https:\\\/\\\/www.youtube.com\\\/channel\\\/UCxL0wu1uN0_3_7hGG0306cw\"]},{\"@type\":\"Person\",\"@id\":\"https:\\\/\\\/www.bellunopress.it\\\/#\\\/schema\\\/person\\\/79bb06722b37ece1c03d3e94beb30d73\",\"name\":\"redazione\",\"image\":{\"@type\":\"ImageObject\",\"inLanguage\":\"fr-FR\",\"@id\":\"https:\\\/\\\/secure.gravatar.com\\\/avatar\\\/37d968a2e67a6fd04c169c4bdef102d0bc5d31b2546345219e348575eb80e9a0?s=96&d=mm&r=g\",\"url\":\"https:\\\/\\\/secure.gravatar.com\\\/avatar\\\/37d968a2e67a6fd04c169c4bdef102d0bc5d31b2546345219e348575eb80e9a0?s=96&d=mm&r=g\",\"contentUrl\":\"https:\\\/\\\/secure.gravatar.com\\\/avatar\\\/37d968a2e67a6fd04c169c4bdef102d0bc5d31b2546345219e348575eb80e9a0?s=96&d=mm&r=g\",\"caption\":\"redazione\"},\"sameAs\":[\"http:\\\/\\\/www.bellunopress.it\",\"https:\\\/\\\/x.com\\\/bellunopress\"],\"url\":\"https:\\\/\\\/www.bellunopress.it\\\/fr\\\/author\\\/redazione\\\/\"}]}<\/script>\n<!-- \/ Yoast SEO plugin. -->","yoast_head_json":{"title":"Feltre. Nominata la nuova dirigente del Settore Gestione del Territorio: \u00e8 l\u2019architetto Maria Cristina Scalet - Bellunopress - Dolomiti","robots":{"index":"index","follow":"follow","max-snippet":"max-snippet:-1","max-image-preview":"max-image-preview:large","max-video-preview":"max-video-preview:-1"},"canonical":"https:\/\/www.bellunopress.it\/fr\/2022\/10\/28\/feltre-nominata-la-nuova-dirigente-del-settore-gestione-del-territorio-e-larchitetto-maria-cristina-scalet\/","og_locale":"fr_FR","og_type":"article","og_title":"Feltre. Nominata la nuova dirigente del Settore Gestione del Territorio: \u00e8 l\u2019architetto Maria Cristina Scalet - Bellunopress - Dolomiti","og_description":"L\u2019architetto Maria Cristina Scalet \u00e8 il nuovo dirigente del settore Gestione del Territorio del Comune di Feltre. Il sindaco, Viviana Fusaro, ha firmato oggi il decreto di nomina a seguito della selezione pubblica alla quale hanno preso parte nelle scorse settimane circa 40 professionisti provenienti da varie parti del Veneto e non solo. Dopo la [&hellip;]","og_url":"https:\/\/www.bellunopress.it\/fr\/2022\/10\/28\/feltre-nominata-la-nuova-dirigente-del-settore-gestione-del-territorio-e-larchitetto-maria-cristina-scalet\/","og_site_name":"Bellunopress - Dolomiti","article_publisher":"https:\/\/www.facebook.com\/profile.php?id=100008943462799","article_published_time":"2022-10-28T10:48:29+00:00","og_image":[{"width":608,"height":760,"url":"https:\/\/www.bellunopress.it\/wp-content\/uploads\/2022\/10\/Maria-Cristina-Scalet-architetto_edited.jpg","type":"image\/jpeg"}],"author":"redazione","twitter_card":"summary_large_image","twitter_creator":"@bellunopress","twitter_site":"@bellunopress","twitter_misc":{"\u00c9crit par":"redazione","Dur\u00e9e de lecture estim\u00e9e":"2 minutes"},"schema":{"@context":"https:\/\/schema.org","@graph":[{"@type":"Article","@id":"https:\/\/www.bellunopress.it\/2022\/10\/28\/feltre-nominata-la-nuova-dirigente-del-settore-gestione-del-territorio-e-larchitetto-maria-cristina-scalet\/#article","isPartOf":{"@id":"https:\/\/www.bellunopress.it\/2022\/10\/28\/feltre-nominata-la-nuova-dirigente-del-settore-gestione-del-territorio-e-larchitetto-maria-cristina-scalet\/"},"author":{"name":"redazione","@id":"https:\/\/www.bellunopress.it\/#\/schema\/person\/79bb06722b37ece1c03d3e94beb30d73"},"headline":"Feltre. Nominata la nuova dirigente del Settore Gestione del Territorio: \u00e8 l\u2019architetto Maria Cristina Scalet","datePublished":"2022-10-28T10:48:29+00:00","mainEntityOfPage":{"@id":"https:\/\/www.bellunopress.it\/2022\/10\/28\/feltre-nominata-la-nuova-dirigente-del-settore-gestione-del-territorio-e-larchitetto-maria-cristina-scalet\/"},"wordCount":252,"publisher":{"@id":"https:\/\/www.bellunopress.it\/#organization"},"image":{"@id":"https:\/\/www.bellunopress.it\/2022\/10\/28\/feltre-nominata-la-nuova-dirigente-del-settore-gestione-del-territorio-e-larchitetto-maria-cristina-scalet\/#primaryimage"},"thumbnailUrl":"https:\/\/www.bellunopress.it\/wp-content\/uploads\/2022\/10\/Maria-Cristina-Scalet-architetto_edited.jpg","articleSection":["Prima Pagina","Societ\u00e0, Associazioni, Istituzioni"],"inLanguage":"fr-FR"},{"@type":"WebPage","@id":"https:\/\/www.bellunopress.it\/2022\/10\/28\/feltre-nominata-la-nuova-dirigente-del-settore-gestione-del-territorio-e-larchitetto-maria-cristina-scalet\/","url":"https:\/\/www.bellunopress.it\/2022\/10\/28\/feltre-nominata-la-nuova-dirigente-del-settore-gestione-del-territorio-e-larchitetto-maria-cristina-scalet\/","name":"Feltre. Nominata la nuova dirigente del Settore Gestione del Territorio: \u00e8 l\u2019architetto Maria Cristina Scalet - Bellunopress - Dolomiti","isPartOf":{"@id":"https:\/\/www.bellunopress.it\/#website"},"primaryImageOfPage":{"@id":"https:\/\/www.bellunopress.it\/2022\/10\/28\/feltre-nominata-la-nuova-dirigente-del-settore-gestione-del-territorio-e-larchitetto-maria-cristina-scalet\/#primaryimage"},"image":{"@id":"https:\/\/www.bellunopress.it\/2022\/10\/28\/feltre-nominata-la-nuova-dirigente-del-settore-gestione-del-territorio-e-larchitetto-maria-cristina-scalet\/#primaryimage"},"thumbnailUrl":"https:\/\/www.bellunopress.it\/wp-content\/uploads\/2022\/10\/Maria-Cristina-Scalet-architetto_edited.jpg","datePublished":"2022-10-28T10:48:29+00:00","breadcrumb":{"@id":"https:\/\/www.bellunopress.it\/2022\/10\/28\/feltre-nominata-la-nuova-dirigente-del-settore-gestione-del-territorio-e-larchitetto-maria-cristina-scalet\/#breadcrumb"},"inLanguage":"fr-FR","potentialAction":[{"@type":"ReadAction","target":["https:\/\/www.bellunopress.it\/2022\/10\/28\/feltre-nominata-la-nuova-dirigente-del-settore-gestione-del-territorio-e-larchitetto-maria-cristina-scalet\/"]}]},{"@type":"ImageObject","inLanguage":"fr-FR","@id":"https:\/\/www.bellunopress.it\/2022\/10\/28\/feltre-nominata-la-nuova-dirigente-del-settore-gestione-del-territorio-e-larchitetto-maria-cristina-scalet\/#primaryimage","url":"https:\/\/www.bellunopress.it\/wp-content\/uploads\/2022\/10\/Maria-Cristina-Scalet-architetto_edited.jpg","contentUrl":"https:\/\/www.bellunopress.it\/wp-content\/uploads\/2022\/10\/Maria-Cristina-Scalet-architetto_edited.jpg","width":608,"height":760},{"@type":"BreadcrumbList","@id":"https:\/\/www.bellunopress.it\/2022\/10\/28\/feltre-nominata-la-nuova-dirigente-del-settore-gestione-del-territorio-e-larchitetto-maria-cristina-scalet\/#breadcrumb","itemListElement":[{"@type":"ListItem","position":1,"name":"Home","item":"https:\/\/www.bellunopress.it\/"},{"@type":"ListItem","position":2,"name":"Feltre. Nominata la nuova dirigente del Settore Gestione del Territorio: \u00e8 l\u2019architetto Maria Cristina Scalet"}]},{"@type":"WebSite","@id":"https:\/\/www.bellunopress.it\/#website","url":"https:\/\/www.bellunopress.it\/","name":"Bellunopress - Dolomiti","description":"e-mail: redazione@bellunopress.it","publisher":{"@id":"https:\/\/www.bellunopress.it\/#organization"},"potentialAction":[{"@type":"SearchAction","target":{"@type":"EntryPoint","urlTemplate":"https:\/\/www.bellunopress.it\/?s={search_term_string}"},"query-input":{"@type":"PropertyValueSpecification","valueRequired":true,"valueName":"search_term_string"}}],"inLanguage":"fr-FR"},{"@type":"Organization","@id":"https:\/\/www.bellunopress.it\/#organization","name":"Bellunopress","url":"https:\/\/www.bellunopress.it\/","logo":{"@type":"ImageObject","inLanguage":"fr-FR","@id":"https:\/\/www.bellunopress.it\/#\/schema\/logo\/image\/","url":"https:\/\/www.bellunopress.it\/wp-content\/uploads\/2011\/05\/cropped-logo-bellunopress-.jpg","contentUrl":"https:\/\/www.bellunopress.it\/wp-content\/uploads\/2011\/05\/cropped-logo-bellunopress-.jpg","width":512,"height":512,"caption":"Bellunopress"},"image":{"@id":"https:\/\/www.bellunopress.it\/#\/schema\/logo\/image\/"},"sameAs":["https:\/\/www.facebook.com\/profile.php?id=100008943462799","https:\/\/x.com\/bellunopress","https:\/\/www.linkedin.com\/hp\/?dnr=JBzUWaJfMUw8vbXJJ2tVW5-I3jZKvC4wsoxE&amp;amp;amp;amp;amp;amp;trk=nav_responsive_tab_home","https:\/\/www.youtube.com\/channel\/UCxL0wu1uN0_3_7hGG0306cw"]},{"@type":"Person","@id":"https:\/\/www.bellunopress.it\/#\/schema\/person\/79bb06722b37ece1c03d3e94beb30d73","name":"r\u00e9daction","image":{"@type":"ImageObject","inLanguage":"fr-FR","@id":"https:\/\/secure.gravatar.com\/avatar\/37d968a2e67a6fd04c169c4bdef102d0bc5d31b2546345219e348575eb80e9a0?s=96&d=mm&r=g","url":"https:\/\/secure.gravatar.com\/avatar\/37d968a2e67a6fd04c169c4bdef102d0bc5d31b2546345219e348575eb80e9a0?s=96&d=mm&r=g","contentUrl":"https:\/\/secure.gravatar.com\/avatar\/37d968a2e67a6fd04c169c4bdef102d0bc5d31b2546345219e348575eb80e9a0?s=96&d=mm&r=g","caption":"redazione"},"sameAs":["http:\/\/www.bellunopress.it","https:\/\/x.com\/bellunopress"],"url":"https:\/\/www.bellunopress.it\/fr\/author\/redazione\/"}]}},"_links":{"self":[{"href":"https:\/\/www.bellunopress.it\/fr\/wp-json\/wp\/v2\/posts\/137302","targetHints":{"allow":["GET"]}}],"collection":[{"href":"https:\/\/www.bellunopress.it\/fr\/wp-json\/wp\/v2\/posts"}],"about":[{"href":"https:\/\/www.bellunopress.it\/fr\/wp-json\/wp\/v2\/types\/post"}],"author":[{"embeddable":true,"href":"https:\/\/www.bellunopress.it\/fr\/wp-json\/wp\/v2\/users\/2"}],"replies":[{"embeddable":true,"href":"https:\/\/www.bellunopress.it\/fr\/wp-json\/wp\/v2\/comments?post=137302"}],"version-history":[{"count":1,"href":"https:\/\/www.bellunopress.it\/fr\/wp-json\/wp\/v2\/posts\/137302\/revisions"}],"predecessor-version":[{"id":137304,"href":"https:\/\/www.bellunopress.it\/fr\/wp-json\/wp\/v2\/posts\/137302\/revisions\/137304"}],"wp:featuredmedia":[{"embeddable":true,"href":"https:\/\/www.bellunopress.it\/fr\/wp-json\/wp\/v2\/media\/137303"}],"wp:attachment":[{"href":"https:\/\/www.bellunopress.it\/fr\/wp-json\/wp\/v2\/media?parent=137302"}],"wp:term":[{"taxonomy":"category","embeddable":true,"href":"https:\/\/www.bellunopress.it\/fr\/wp-json\/wp\/v2\/categories?post=137302"},{"taxonomy":"post_tag","embeddable":true,"href":"https:\/\/www.bellunopress.it\/fr\/wp-json\/wp\/v2\/tags?post=137302"}],"curies":[{"name":"wp","href":"https:\/\/api.w.org\/{rel}","templated":true}]}}