{"id":137295,"date":"2022-10-30T20:02:27","date_gmt":"2022-10-30T19:02:27","guid":{"rendered":"https:\/\/www.bellunopress.it\/?p=137295"},"modified":"2022-10-27T20:08:13","modified_gmt":"2022-10-27T18:08:13","slug":"cerimonie-commemorative-di-novembre-a-belluno-2","status":"publish","type":"post","link":"https:\/\/www.bellunopress.it\/fr\/2022\/10\/30\/cerimonie-commemorative-di-novembre-a-belluno-2\/","title":{"rendered":"Cerimonie commemorative di novembre a Belluno"},"content":{"rendered":"<p><em><strong>Il programma degli eventi previsti per il 1\u00b0, il 2 e il 4 novembre 2022<\/strong><\/em><\/p>\n<p><img loading=\"lazy\" decoding=\"async\" class=\"alignleft size-full wp-image-127780\" src=\"https:\/\/www.bellunopress.it\/wp-content\/uploads\/2021\/09\/tricolore-bandiera_edited.jpg\" alt=\"\" width=\"800\" height=\"653\" srcset=\"https:\/\/www.bellunopress.it\/wp-content\/uploads\/2021\/09\/tricolore-bandiera_edited.jpg 800w, https:\/\/www.bellunopress.it\/wp-content\/uploads\/2021\/09\/tricolore-bandiera_edited-500x408.jpg 500w, https:\/\/www.bellunopress.it\/wp-content\/uploads\/2021\/09\/tricolore-bandiera_edited-696x568.jpg 696w, https:\/\/www.bellunopress.it\/wp-content\/uploads\/2021\/09\/tricolore-bandiera_edited-515x420.jpg 515w\" sizes=\"auto, (max-width: 800px) 100vw, 800px\" \/>Marted\u00ec 1\u00b0 novembre ricorre il 104\u00b0 anniversario della Liberazione della Citt\u00e0 di<br \/>\nBelluno, dopo un durissimo anno di occupazione; mercoled\u00ec 2 novembre ricorre la<br \/>\ngiornata dedicata alla commemorazione dei defunti e, in particolare, dei Caduti delle<br \/>\nGuerre, e venerd\u00ec 4 novembre, ricorrenza della fine della Guerra 1915-18, \u00e8 il<br \/>\nGiorno dell&#8217;Unit\u00e0 Nazionale e Giornata delle Forze Armate.<br \/>\nIn Citt\u00e0 sono previsti degli appuntamenti commemorativi, il cui calendario \u00e8 stato,<br \/>\ncome di consueto, concordato con il 7\u00b0 Reggimento Alpini e coordinato dalla<br \/>\nPrefettura di Belluno.<\/p>\n<p>Marted\u00ec 1\u00b0 novembre il ritrovo \u00e8 fissato alle 9.30 in piazza Duomo, da dove<br \/>\npartir\u00e0 il corteo per la tradizionale sveglia alla Citt\u00e0, con il Gonfalone cittadino, la<br \/>\nFilarmonica di Belluno 1867, un picchetto in armi, le autorit\u00e0, le associazioni<br \/>\ncombattentistiche e i cittadini che vorranno partecipare.<br \/>\nAlle 10.15 si terr\u00e0 l&#8217;alzabandiera in piazza dei Martiri. La cerimonia proseguir\u00e0 poi in<br \/>\nviale Fantuzzi, con l\u2019alzabandiera e la deposizione di una corona alla Stele<br \/>\ncommemorativa dei Caduti della Guerra 1915\/18 e 1940\/45, alle 10.30.<br \/>\nAlle 11.00, a ricordo dell\u2019ingresso in citt\u00e0 delle truppe di Liberazione, la campana<br \/>\ndella Torre Civica suoner\u00e0 per 10 minuti, come da tradizione.<br \/>\nL&#8217;Amministrazione comunale ha predisposto anche i tradizionali omaggi floreali a steli<br \/>\ne monumenti sul territorio, per mantenere vivo il ricordo riconoscente nei confronti di<br \/>\nchi ha sacrificato la propria vita a difesa della pace.<\/p>\n<p>Mercoled\u00ec 2 novembre, giornata dedicata alla commemorazione dei Caduti militari<br \/>\ne dei defunti, il primo appuntamento \u00e8 fissato alle 9.30, con la posa di una corona<br \/>\nalla Stele commemorativa dei Caduti per Servizio in Piazzale Cesare Battisti.<br \/>\nAlle 10.00 verr\u00e0 celebrata una Santa Messa in suffragio dei Caduti presso il Campo<br \/>\nmilitare del Cimitero urbano, con la deposizione di due corone al Monumento dei<br \/>\nCaduti italiani e al Monumento dei Caduti austriaci e di un mazzo di fiori al Cippo<br \/>\ncommemorativo degli Esuli istriani, fiumani e dalmati, sempre al Cimitero Urbano di<br \/>\nPrade.<br \/>\nNel pomeriggio, alle 15.00, la Santa Messa con il Vescovo.<\/p>\n<p>A conclusione di questi appuntamenti commemorativi, venerd\u00ec 4 novembre si<br \/>\nfesteggeranno il Giorno dell&#8217;Unit\u00e0 Nazionale e la Giornata delle Forze Armate.<br \/>\nAlle 10.00 verranno deposte due corone ai monumenti degli alpini sull\u2019omonimo<br \/>\nPonte.<br \/>\nAlle 10.15 si terr\u00e0 l\u2019alzabandiera e la posa di una corona alla Stele commemorativa<br \/>\nai Caduti delle Guerre 1915\/1918 e 1940\/1945, in viale Fantuzzi. Seguir\u00e0, alle<br \/>\n10.45, l\u2019alzabandiera al pennone di piazza dei Martiri, dove verranno letti i messaggi<br \/>\nistituzionali per la giornata.<br \/>\nDalle 9 alle 13, nel centro storico ci sar\u00e0 un&#8217;esposizione di mezzi e materiali in<br \/>\ndotazione a Esercito, Carabinieri e Guardia di Finanza.<br \/>\nLa giornata si concluder\u00e0 con un appuntamento a Palazzo Bembo, alle 18.30, dove<br \/>\nverr\u00e0 presentato il volume di Paola Zambelli \u201cIl treno dell\u2019ignoto. Il viaggio del milite<br \/>\nignoto\u201d.<br \/>\nLa cittadinanza \u00e8 invitata a esporre il tricolore a balconi e finestre, nonch\u00e9 a<br \/>\npartecipare ai vari appuntamenti previsti.<\/p>\n<p><strong>Modifiche alla viabilit\u00e0<\/strong><br \/>\nPer consentire lo svolgimento delle cerimonie, si renderanno necessarie le seguenti<br \/>\nmodifiche alla viabilit\u00e0:<br \/>\nmarted\u00ec 1\u00b0 novembre<br \/>\n\u2022 divieto di sosta con rimozione forzata dei veicoli in piazza Duomo nell\u2019intera area antistante<br \/>\nalla Prefettura, in piazza dei Martiri nell&#8217;area antistante e opposta ai civici 27\/a, 27\/b, 27\/c,<br \/>\n27\/d, 27\/e e 27\/f, nell&#8217;intera area compresa tra le intersezioni con via Matteotti e via<br \/>\nSottocastello (area riservata ai ciclomotori, area riservata ai veicoli al servizio di persone<br \/>\ninvalide, area di sosta regolamentata a parcometro, area riservata ai veicoli per le operazioni<br \/>\ndi carico e scarico merci nonch\u00e9 la fermata dei bus di linea urbana), dalle ore 7.30 fino al<br \/>\ntermine della cerimonia prevista verso le ore 11.00;<br \/>\n\u2022 divieto di sosta con rimozione forzata dei veicoli in viale Fantuzzi e via Volontari della<br \/>\nLibert\u00e0, nell&#8217;area di parcheggio riservata ai veicoli della Polizia di Stato, nel tratto compreso<br \/>\ntra le due scalette di accesso alla Stele dei Caduti, dalle ore 7.30 fino al termine della<br \/>\ncerimonia di alzabandiera, prevista per le ore 10.45 circa;<br \/>\n\u2022 sospensione momentanea della circolazione, regolata dagli agenti preposti alla viabilit\u00e0, in<br \/>\nconcomitanza alla formazione dello schieramento e al passaggio del corteo da Piazza Duomo<br \/>\nlungo il tragitto: piazza Mercato, via Mezzaterra, via I Novembre, via del Piave, via San<br \/>\nLucano, piazza Duomo, piazza Castello e piazza dei Martiri;<br \/>\nmercoled\u00ec 2 novembre<br \/>\n\u2022 sospensione momentanea della circolazione, regolata da personale preposto alla viabilit\u00e0,<br \/>\nlungo la traversa di Piazzale Cesare Battisti, verso Via Caffi est, in concomitanza con la<br \/>\ncerimonia della posa corona al monumento ai Caduti per Servizio, prevista per le ore 9.30;<br \/>\nvenerd\u00ec 4 novembre<br \/>\n\u2022 divieto di sosta con rimozione forzata dei veicoli in piazza dei Martiri, nell&#8217;area antistante e opposta ai civici 27\/a, 27\/b, 27\/c, 27\/d, 27\/e e 27\/f, nell&#8217;intera area compresa tra le<br \/>\nintersezioni con via Matteotti e via Sottocastello (area riservata ai ciclomotori, area riservata ai veicoli al servizio di persone invalide, area di sosta regolamentata a parcometro, area riservata ai veicoli per le operazioni di carico e scarico merci nonch\u00e9 la fermata dei bus di linea urbana), dalle ore 8.00 fino al termine della cerimonia prevista verso le ore 11.00;<br \/>\n\u2022 sospensione momentanea della circolazione, regolata dagli agenti preposti alla viabilit\u00e0, sul Ponte degli Alpini per la deposizione di due corone ai monumenti degli Alpini posti alle<br \/>\nestremit\u00e0 dell&#8217;omonimo ponte, prevista per le ore 10.00;<br \/>\n\u2022 divieto di sosta con rimozione forzata dei veicoli in viale Fantuzzi e via Volontari della<br \/>\nLibert\u00e0, nell&#8217;area di parcheggio riservata ai veicoli della Polizia di Stato, nel tratto compreso<br \/>\ntra le due scalette di accesso alla Stele dei Caduti, dalle ore 7.30 fino al termine della<br \/>\ncerimonia di alzabandiera<\/p>","protected":false},"excerpt":{"rendered":"<p>Il programma degli eventi previsti per il 1\u00b0, il 2 e il 4 novembre 2022 Marted\u00ec 1\u00b0 novembre ricorre il 104\u00b0 anniversario della Liberazione della Citt\u00e0 di Belluno, dopo un durissimo anno di occupazione; mercoled\u00ec 2 novembre ricorre la giornata dedicata alla commemorazione dei defunti e, in particolare, dei Caduti delle Guerre, e venerd\u00ec 4 [&hellip;]<\/p>\n","protected":false},"author":2,"featured_media":127780,"comment_status":"closed","ping_status":"open","sticky":false,"template":"","format":"standard","meta":{"footnotes":""},"categories":[25,8],"tags":[],"class_list":["post-137295","post","type-post","status-publish","format-standard","has-post-thumbnail","category-pausa-caffe","category-societa-istituzioni"],"yoast_head":"<!-- This site is optimized with the Yoast SEO plugin v28.4 - https:\/\/yoast.com\/product\/yoast-seo-wordpress\/ -->\n<title>Cerimonie commemorative di novembre a Belluno - Bellunopress - Dolomiti<\/title>\n<meta name=\"robots\" content=\"index, follow, max-snippet:-1, max-image-preview:large, max-video-preview:-1\" \/>\n<link rel=\"canonical\" href=\"https:\/\/www.bellunopress.it\/fr\/2022\/10\/30\/cerimonie-commemorative-di-novembre-a-belluno-2\/\" \/>\n<meta property=\"og:locale\" content=\"fr_FR\" \/>\n<meta property=\"og:type\" content=\"article\" \/>\n<meta property=\"og:title\" content=\"Cerimonie commemorative di novembre a Belluno - Bellunopress - Dolomiti\" \/>\n<meta property=\"og:description\" content=\"Il programma degli eventi previsti per il 1\u00b0, il 2 e il 4 novembre 2022 Marted\u00ec 1\u00b0 novembre ricorre il 104\u00b0 anniversario della Liberazione della Citt\u00e0 di Belluno, dopo un durissimo anno di occupazione; mercoled\u00ec 2 novembre ricorre la giornata dedicata alla commemorazione dei defunti e, in particolare, dei Caduti delle Guerre, e venerd\u00ec 4 [&hellip;]\" \/>\n<meta property=\"og:url\" content=\"https:\/\/www.bellunopress.it\/fr\/2022\/10\/30\/cerimonie-commemorative-di-novembre-a-belluno-2\/\" \/>\n<meta property=\"og:site_name\" content=\"Bellunopress - Dolomiti\" \/>\n<meta property=\"article:publisher\" content=\"https:\/\/www.facebook.com\/profile.php?id=100008943462799\" \/>\n<meta property=\"article:published_time\" content=\"2022-10-30T19:02:27+00:00\" \/>\n<meta property=\"og:image\" content=\"https:\/\/www.bellunopress.it\/wp-content\/uploads\/2021\/09\/tricolore-bandiera_edited.jpg\" \/>\n\t<meta property=\"og:image:width\" content=\"800\" \/>\n\t<meta property=\"og:image:height\" content=\"653\" \/>\n\t<meta property=\"og:image:type\" content=\"image\/jpeg\" \/>\n<meta name=\"author\" content=\"redazione\" \/>\n<meta name=\"twitter:card\" content=\"summary_large_image\" \/>\n<meta name=\"twitter:creator\" content=\"@bellunopress\" \/>\n<meta name=\"twitter:site\" content=\"@bellunopress\" \/>\n<meta name=\"twitter:label1\" content=\"\u00c9crit par\" \/>\n\t<meta name=\"twitter:data1\" content=\"redazione\" \/>\n\t<meta name=\"twitter:label2\" content=\"Dur\u00e9e de lecture estim\u00e9e\" \/>\n\t<meta name=\"twitter:data2\" content=\"6 minutes\" \/>\n<script type=\"application\/ld+json\" class=\"yoast-schema-graph\">{\"@context\":\"https:\\\/\\\/schema.org\",\"@graph\":[{\"@type\":\"Article\",\"@id\":\"https:\\\/\\\/www.bellunopress.it\\\/2022\\\/10\\\/30\\\/cerimonie-commemorative-di-novembre-a-belluno-2\\\/#article\",\"isPartOf\":{\"@id\":\"https:\\\/\\\/www.bellunopress.it\\\/2022\\\/10\\\/30\\\/cerimonie-commemorative-di-novembre-a-belluno-2\\\/\"},\"author\":{\"name\":\"redazione\",\"@id\":\"https:\\\/\\\/www.bellunopress.it\\\/#\\\/schema\\\/person\\\/79bb06722b37ece1c03d3e94beb30d73\"},\"headline\":\"Cerimonie commemorative di novembre a Belluno\",\"datePublished\":\"2022-10-30T19:02:27+00:00\",\"mainEntityOfPage\":{\"@id\":\"https:\\\/\\\/www.bellunopress.it\\\/2022\\\/10\\\/30\\\/cerimonie-commemorative-di-novembre-a-belluno-2\\\/\"},\"wordCount\":903,\"publisher\":{\"@id\":\"https:\\\/\\\/www.bellunopress.it\\\/#organization\"},\"image\":{\"@id\":\"https:\\\/\\\/www.bellunopress.it\\\/2022\\\/10\\\/30\\\/cerimonie-commemorative-di-novembre-a-belluno-2\\\/#primaryimage\"},\"thumbnailUrl\":\"https:\\\/\\\/www.bellunopress.it\\\/wp-content\\\/uploads\\\/2021\\\/09\\\/tricolore-bandiera_edited.jpg\",\"articleSection\":[\"Pausa Caff\u00e8\",\"Societ\u00e0, Associazioni, Istituzioni\"],\"inLanguage\":\"fr-FR\"},{\"@type\":\"WebPage\",\"@id\":\"https:\\\/\\\/www.bellunopress.it\\\/2022\\\/10\\\/30\\\/cerimonie-commemorative-di-novembre-a-belluno-2\\\/\",\"url\":\"https:\\\/\\\/www.bellunopress.it\\\/2022\\\/10\\\/30\\\/cerimonie-commemorative-di-novembre-a-belluno-2\\\/\",\"name\":\"Cerimonie commemorative di novembre a Belluno - Bellunopress - Dolomiti\",\"isPartOf\":{\"@id\":\"https:\\\/\\\/www.bellunopress.it\\\/#website\"},\"primaryImageOfPage\":{\"@id\":\"https:\\\/\\\/www.bellunopress.it\\\/2022\\\/10\\\/30\\\/cerimonie-commemorative-di-novembre-a-belluno-2\\\/#primaryimage\"},\"image\":{\"@id\":\"https:\\\/\\\/www.bellunopress.it\\\/2022\\\/10\\\/30\\\/cerimonie-commemorative-di-novembre-a-belluno-2\\\/#primaryimage\"},\"thumbnailUrl\":\"https:\\\/\\\/www.bellunopress.it\\\/wp-content\\\/uploads\\\/2021\\\/09\\\/tricolore-bandiera_edited.jpg\",\"datePublished\":\"2022-10-30T19:02:27+00:00\",\"breadcrumb\":{\"@id\":\"https:\\\/\\\/www.bellunopress.it\\\/2022\\\/10\\\/30\\\/cerimonie-commemorative-di-novembre-a-belluno-2\\\/#breadcrumb\"},\"inLanguage\":\"fr-FR\",\"potentialAction\":[{\"@type\":\"ReadAction\",\"target\":[\"https:\\\/\\\/www.bellunopress.it\\\/2022\\\/10\\\/30\\\/cerimonie-commemorative-di-novembre-a-belluno-2\\\/\"]}]},{\"@type\":\"ImageObject\",\"inLanguage\":\"fr-FR\",\"@id\":\"https:\\\/\\\/www.bellunopress.it\\\/2022\\\/10\\\/30\\\/cerimonie-commemorative-di-novembre-a-belluno-2\\\/#primaryimage\",\"url\":\"https:\\\/\\\/www.bellunopress.it\\\/wp-content\\\/uploads\\\/2021\\\/09\\\/tricolore-bandiera_edited.jpg\",\"contentUrl\":\"https:\\\/\\\/www.bellunopress.it\\\/wp-content\\\/uploads\\\/2021\\\/09\\\/tricolore-bandiera_edited.jpg\",\"width\":800,\"height\":653},{\"@type\":\"BreadcrumbList\",\"@id\":\"https:\\\/\\\/www.bellunopress.it\\\/2022\\\/10\\\/30\\\/cerimonie-commemorative-di-novembre-a-belluno-2\\\/#breadcrumb\",\"itemListElement\":[{\"@type\":\"ListItem\",\"position\":1,\"name\":\"Home\",\"item\":\"https:\\\/\\\/www.bellunopress.it\\\/\"},{\"@type\":\"ListItem\",\"position\":2,\"name\":\"Cerimonie commemorative di novembre a Belluno\"}]},{\"@type\":\"WebSite\",\"@id\":\"https:\\\/\\\/www.bellunopress.it\\\/#website\",\"url\":\"https:\\\/\\\/www.bellunopress.it\\\/\",\"name\":\"Bellunopress - Dolomiti\",\"description\":\"e-mail: redazione@bellunopress.it\",\"publisher\":{\"@id\":\"https:\\\/\\\/www.bellunopress.it\\\/#organization\"},\"potentialAction\":[{\"@type\":\"SearchAction\",\"target\":{\"@type\":\"EntryPoint\",\"urlTemplate\":\"https:\\\/\\\/www.bellunopress.it\\\/?s={search_term_string}\"},\"query-input\":{\"@type\":\"PropertyValueSpecification\",\"valueRequired\":true,\"valueName\":\"search_term_string\"}}],\"inLanguage\":\"fr-FR\"},{\"@type\":\"Organization\",\"@id\":\"https:\\\/\\\/www.bellunopress.it\\\/#organization\",\"name\":\"Bellunopress\",\"url\":\"https:\\\/\\\/www.bellunopress.it\\\/\",\"logo\":{\"@type\":\"ImageObject\",\"inLanguage\":\"fr-FR\",\"@id\":\"https:\\\/\\\/www.bellunopress.it\\\/#\\\/schema\\\/logo\\\/image\\\/\",\"url\":\"https:\\\/\\\/www.bellunopress.it\\\/wp-content\\\/uploads\\\/2011\\\/05\\\/cropped-logo-bellunopress-.jpg\",\"contentUrl\":\"https:\\\/\\\/www.bellunopress.it\\\/wp-content\\\/uploads\\\/2011\\\/05\\\/cropped-logo-bellunopress-.jpg\",\"width\":512,\"height\":512,\"caption\":\"Bellunopress\"},\"image\":{\"@id\":\"https:\\\/\\\/www.bellunopress.it\\\/#\\\/schema\\\/logo\\\/image\\\/\"},\"sameAs\":[\"https:\\\/\\\/www.facebook.com\\\/profile.php?id=100008943462799\",\"https:\\\/\\\/x.com\\\/bellunopress\",\"https:\\\/\\\/www.linkedin.com\\\/hp\\\/?dnr=JBzUWaJfMUw8vbXJJ2tVW5-I3jZKvC4wsoxE&amp;amp;amp;amp;amp;amp;trk=nav_responsive_tab_home\",\"https:\\\/\\\/www.youtube.com\\\/channel\\\/UCxL0wu1uN0_3_7hGG0306cw\"]},{\"@type\":\"Person\",\"@id\":\"https:\\\/\\\/www.bellunopress.it\\\/#\\\/schema\\\/person\\\/79bb06722b37ece1c03d3e94beb30d73\",\"name\":\"redazione\",\"image\":{\"@type\":\"ImageObject\",\"inLanguage\":\"fr-FR\",\"@id\":\"https:\\\/\\\/secure.gravatar.com\\\/avatar\\\/37d968a2e67a6fd04c169c4bdef102d0bc5d31b2546345219e348575eb80e9a0?s=96&d=mm&r=g\",\"url\":\"https:\\\/\\\/secure.gravatar.com\\\/avatar\\\/37d968a2e67a6fd04c169c4bdef102d0bc5d31b2546345219e348575eb80e9a0?s=96&d=mm&r=g\",\"contentUrl\":\"https:\\\/\\\/secure.gravatar.com\\\/avatar\\\/37d968a2e67a6fd04c169c4bdef102d0bc5d31b2546345219e348575eb80e9a0?s=96&d=mm&r=g\",\"caption\":\"redazione\"},\"sameAs\":[\"http:\\\/\\\/www.bellunopress.it\",\"https:\\\/\\\/x.com\\\/bellunopress\"],\"url\":\"https:\\\/\\\/www.bellunopress.it\\\/fr\\\/author\\\/redazione\\\/\"}]}<\/script>\n<!-- \/ Yoast SEO plugin. -->","yoast_head_json":{"title":"Cerimonie commemorative di novembre a Belluno - Bellunopress - Dolomiti","robots":{"index":"index","follow":"follow","max-snippet":"max-snippet:-1","max-image-preview":"max-image-preview:large","max-video-preview":"max-video-preview:-1"},"canonical":"https:\/\/www.bellunopress.it\/fr\/2022\/10\/30\/cerimonie-commemorative-di-novembre-a-belluno-2\/","og_locale":"fr_FR","og_type":"article","og_title":"Cerimonie commemorative di novembre a Belluno - Bellunopress - Dolomiti","og_description":"Il programma degli eventi previsti per il 1\u00b0, il 2 e il 4 novembre 2022 Marted\u00ec 1\u00b0 novembre ricorre il 104\u00b0 anniversario della Liberazione della Citt\u00e0 di Belluno, dopo un durissimo anno di occupazione; mercoled\u00ec 2 novembre ricorre la giornata dedicata alla commemorazione dei defunti e, in particolare, dei Caduti delle Guerre, e venerd\u00ec 4 [&hellip;]","og_url":"https:\/\/www.bellunopress.it\/fr\/2022\/10\/30\/cerimonie-commemorative-di-novembre-a-belluno-2\/","og_site_name":"Bellunopress - Dolomiti","article_publisher":"https:\/\/www.facebook.com\/profile.php?id=100008943462799","article_published_time":"2022-10-30T19:02:27+00:00","og_image":[{"width":800,"height":653,"url":"https:\/\/www.bellunopress.it\/wp-content\/uploads\/2021\/09\/tricolore-bandiera_edited.jpg","type":"image\/jpeg"}],"author":"redazione","twitter_card":"summary_large_image","twitter_creator":"@bellunopress","twitter_site":"@bellunopress","twitter_misc":{"\u00c9crit par":"redazione","Dur\u00e9e de lecture estim\u00e9e":"6 minutes"},"schema":{"@context":"https:\/\/schema.org","@graph":[{"@type":"Article","@id":"https:\/\/www.bellunopress.it\/2022\/10\/30\/cerimonie-commemorative-di-novembre-a-belluno-2\/#article","isPartOf":{"@id":"https:\/\/www.bellunopress.it\/2022\/10\/30\/cerimonie-commemorative-di-novembre-a-belluno-2\/"},"author":{"name":"redazione","@id":"https:\/\/www.bellunopress.it\/#\/schema\/person\/79bb06722b37ece1c03d3e94beb30d73"},"headline":"Cerimonie commemorative di novembre a Belluno","datePublished":"2022-10-30T19:02:27+00:00","mainEntityOfPage":{"@id":"https:\/\/www.bellunopress.it\/2022\/10\/30\/cerimonie-commemorative-di-novembre-a-belluno-2\/"},"wordCount":903,"publisher":{"@id":"https:\/\/www.bellunopress.it\/#organization"},"image":{"@id":"https:\/\/www.bellunopress.it\/2022\/10\/30\/cerimonie-commemorative-di-novembre-a-belluno-2\/#primaryimage"},"thumbnailUrl":"https:\/\/www.bellunopress.it\/wp-content\/uploads\/2021\/09\/tricolore-bandiera_edited.jpg","articleSection":["Pausa Caff\u00e8","Societ\u00e0, Associazioni, Istituzioni"],"inLanguage":"fr-FR"},{"@type":"WebPage","@id":"https:\/\/www.bellunopress.it\/2022\/10\/30\/cerimonie-commemorative-di-novembre-a-belluno-2\/","url":"https:\/\/www.bellunopress.it\/2022\/10\/30\/cerimonie-commemorative-di-novembre-a-belluno-2\/","name":"Cerimonie commemorative di novembre a Belluno - Bellunopress - Dolomiti","isPartOf":{"@id":"https:\/\/www.bellunopress.it\/#website"},"primaryImageOfPage":{"@id":"https:\/\/www.bellunopress.it\/2022\/10\/30\/cerimonie-commemorative-di-novembre-a-belluno-2\/#primaryimage"},"image":{"@id":"https:\/\/www.bellunopress.it\/2022\/10\/30\/cerimonie-commemorative-di-novembre-a-belluno-2\/#primaryimage"},"thumbnailUrl":"https:\/\/www.bellunopress.it\/wp-content\/uploads\/2021\/09\/tricolore-bandiera_edited.jpg","datePublished":"2022-10-30T19:02:27+00:00","breadcrumb":{"@id":"https:\/\/www.bellunopress.it\/2022\/10\/30\/cerimonie-commemorative-di-novembre-a-belluno-2\/#breadcrumb"},"inLanguage":"fr-FR","potentialAction":[{"@type":"ReadAction","target":["https:\/\/www.bellunopress.it\/2022\/10\/30\/cerimonie-commemorative-di-novembre-a-belluno-2\/"]}]},{"@type":"ImageObject","inLanguage":"fr-FR","@id":"https:\/\/www.bellunopress.it\/2022\/10\/30\/cerimonie-commemorative-di-novembre-a-belluno-2\/#primaryimage","url":"https:\/\/www.bellunopress.it\/wp-content\/uploads\/2021\/09\/tricolore-bandiera_edited.jpg","contentUrl":"https:\/\/www.bellunopress.it\/wp-content\/uploads\/2021\/09\/tricolore-bandiera_edited.jpg","width":800,"height":653},{"@type":"BreadcrumbList","@id":"https:\/\/www.bellunopress.it\/2022\/10\/30\/cerimonie-commemorative-di-novembre-a-belluno-2\/#breadcrumb","itemListElement":[{"@type":"ListItem","position":1,"name":"Home","item":"https:\/\/www.bellunopress.it\/"},{"@type":"ListItem","position":2,"name":"Cerimonie commemorative di novembre a Belluno"}]},{"@type":"WebSite","@id":"https:\/\/www.bellunopress.it\/#website","url":"https:\/\/www.bellunopress.it\/","name":"Bellunopress - Dolomiti","description":"e-mail: redazione@bellunopress.it","publisher":{"@id":"https:\/\/www.bellunopress.it\/#organization"},"potentialAction":[{"@type":"SearchAction","target":{"@type":"EntryPoint","urlTemplate":"https:\/\/www.bellunopress.it\/?s={search_term_string}"},"query-input":{"@type":"PropertyValueSpecification","valueRequired":true,"valueName":"search_term_string"}}],"inLanguage":"fr-FR"},{"@type":"Organization","@id":"https:\/\/www.bellunopress.it\/#organization","name":"Bellunopress","url":"https:\/\/www.bellunopress.it\/","logo":{"@type":"ImageObject","inLanguage":"fr-FR","@id":"https:\/\/www.bellunopress.it\/#\/schema\/logo\/image\/","url":"https:\/\/www.bellunopress.it\/wp-content\/uploads\/2011\/05\/cropped-logo-bellunopress-.jpg","contentUrl":"https:\/\/www.bellunopress.it\/wp-content\/uploads\/2011\/05\/cropped-logo-bellunopress-.jpg","width":512,"height":512,"caption":"Bellunopress"},"image":{"@id":"https:\/\/www.bellunopress.it\/#\/schema\/logo\/image\/"},"sameAs":["https:\/\/www.facebook.com\/profile.php?id=100008943462799","https:\/\/x.com\/bellunopress","https:\/\/www.linkedin.com\/hp\/?dnr=JBzUWaJfMUw8vbXJJ2tVW5-I3jZKvC4wsoxE&amp;amp;amp;amp;amp;amp;trk=nav_responsive_tab_home","https:\/\/www.youtube.com\/channel\/UCxL0wu1uN0_3_7hGG0306cw"]},{"@type":"Person","@id":"https:\/\/www.bellunopress.it\/#\/schema\/person\/79bb06722b37ece1c03d3e94beb30d73","name":"r\u00e9daction","image":{"@type":"ImageObject","inLanguage":"fr-FR","@id":"https:\/\/secure.gravatar.com\/avatar\/37d968a2e67a6fd04c169c4bdef102d0bc5d31b2546345219e348575eb80e9a0?s=96&d=mm&r=g","url":"https:\/\/secure.gravatar.com\/avatar\/37d968a2e67a6fd04c169c4bdef102d0bc5d31b2546345219e348575eb80e9a0?s=96&d=mm&r=g","contentUrl":"https:\/\/secure.gravatar.com\/avatar\/37d968a2e67a6fd04c169c4bdef102d0bc5d31b2546345219e348575eb80e9a0?s=96&d=mm&r=g","caption":"redazione"},"sameAs":["http:\/\/www.bellunopress.it","https:\/\/x.com\/bellunopress"],"url":"https:\/\/www.bellunopress.it\/fr\/author\/redazione\/"}]}},"_links":{"self":[{"href":"https:\/\/www.bellunopress.it\/fr\/wp-json\/wp\/v2\/posts\/137295","targetHints":{"allow":["GET"]}}],"collection":[{"href":"https:\/\/www.bellunopress.it\/fr\/wp-json\/wp\/v2\/posts"}],"about":[{"href":"https:\/\/www.bellunopress.it\/fr\/wp-json\/wp\/v2\/types\/post"}],"author":[{"embeddable":true,"href":"https:\/\/www.bellunopress.it\/fr\/wp-json\/wp\/v2\/users\/2"}],"replies":[{"embeddable":true,"href":"https:\/\/www.bellunopress.it\/fr\/wp-json\/wp\/v2\/comments?post=137295"}],"version-history":[{"count":1,"href":"https:\/\/www.bellunopress.it\/fr\/wp-json\/wp\/v2\/posts\/137295\/revisions"}],"predecessor-version":[{"id":137296,"href":"https:\/\/www.bellunopress.it\/fr\/wp-json\/wp\/v2\/posts\/137295\/revisions\/137296"}],"wp:featuredmedia":[{"embeddable":true,"href":"https:\/\/www.bellunopress.it\/fr\/wp-json\/wp\/v2\/media\/127780"}],"wp:attachment":[{"href":"https:\/\/www.bellunopress.it\/fr\/wp-json\/wp\/v2\/media?parent=137295"}],"wp:term":[{"taxonomy":"category","embeddable":true,"href":"https:\/\/www.bellunopress.it\/fr\/wp-json\/wp\/v2\/categories?post=137295"},{"taxonomy":"post_tag","embeddable":true,"href":"https:\/\/www.bellunopress.it\/fr\/wp-json\/wp\/v2\/tags?post=137295"}],"curies":[{"name":"wp","href":"https:\/\/api.w.org\/{rel}","templated":true}]}}