{"id":137245,"date":"2022-10-25T16:30:56","date_gmt":"2022-10-25T14:30:56","guid":{"rendered":"https:\/\/www.bellunopress.it\/?p=137245"},"modified":"2022-10-25T16:30:56","modified_gmt":"2022-10-25T14:30:56","slug":"avviato-il-progetto-residenzialita-oggi-in-comune-lincontro-con-ascom-e-confedilizia","status":"publish","type":"post","link":"https:\/\/www.bellunopress.it\/fr\/2022\/10\/25\/avviato-il-progetto-residenzialita-oggi-in-comune-lincontro-con-ascom-e-confedilizia\/","title":{"rendered":"Avviato il Progetto residenzialit\u00e0. Oggi in Comune l\u2019incontro con Ascom e Confedilizia"},"content":{"rendered":"<figure id=\"attachment_137246\" aria-describedby=\"caption-attachment-137246\" style=\"width: 970px\" class=\"wp-caption alignleft\"><img loading=\"lazy\" decoding=\"async\" class=\"size-full wp-image-137246\" src=\"https:\/\/www.bellunopress.it\/wp-content\/uploads\/2022\/10\/Incontro-residenzialita_edited.jpg\" alt=\"\" width=\"970\" height=\"626\" srcset=\"https:\/\/www.bellunopress.it\/wp-content\/uploads\/2022\/10\/Incontro-residenzialita_edited.jpg 970w, https:\/\/www.bellunopress.it\/wp-content\/uploads\/2022\/10\/Incontro-residenzialita_edited-500x323.jpg 500w, https:\/\/www.bellunopress.it\/wp-content\/uploads\/2022\/10\/Incontro-residenzialita_edited-696x449.jpg 696w, https:\/\/www.bellunopress.it\/wp-content\/uploads\/2022\/10\/Incontro-residenzialita_edited-651x420.jpg 651w\" sizes=\"auto, (max-width: 970px) 100vw, 970px\" \/><figcaption id=\"caption-attachment-137246\" class=\"wp-caption-text\">Simonetta Buttignon, Oscar De Pellegrin, Giovanna Losso, Michele Vigne, Paolo Vaccari<\/figcaption><\/figure>\n<p>Belluno, 25 ottobre 2022 &#8211; Per favorire l\u2019arrivo di nuovi residenti da fuori provincia, per sostenere la ricerca di personale da parte delle aziende, per rendere pi\u00f9 attrattiva Belluno. Il progetto residenzialit\u00e0 della giunta De Pellegrin sta muovendo i primi passi. Questa mattina nella sala Giunta di Palazzo Rosso il sindaco Oscar De Pellegrin, l\u2019assessore alle pari opportunit\u00e0 e ai fondi nazionali ed europei Simonetta Buttignon e il consigliere di maggioranza Paolo De Biasio hanno incontrato i rappresentanti di alcune associazioni di categoria: Paolo Doglioni presidente di Confcommercio Belluno, Michele Vigne presidente veneto di Confedilizia, l\u2019avvocato Giovanna Losso e il geometra Paolo Vaccari entrambi vice presidenti di Confedilizia Belluno.<\/p>\n<p>\u201cE\u2019 stato presentato il progetto e abbiamo trovato piena adesione e appoggio \u2013 spiega il sindaco -, \u00e8 importante perch\u00e9 commercianti e proprietari di case sono i primi soggetti coinvolti. Ci rivolgeremo a tutti coloro che vogliono venire a vivere a Belluno e a lavorare in zone limitrofe, con attenzione anche alla categoria dei nomadi digitali e dei freelance, partendo da due presupposti fondamentali: a Belluno la qualit\u00e0 della vita \u00e8 davvero alta e c\u2019\u00e8 lavoro, c\u2019\u00e8 molto lavoro. Di fatto abbiamo tutti i requisiti richiesti dal profilo del lavoratore odierno, occorre organizzarci, strutturarci, farci conoscere e far incontrare domanda e offerta: ecco quello che si propone questo progetto. La residenzialit\u00e0, del centro storico e non solo, \u00e8 uno dei macro obiettivi di questa amministrazione\u201d.<\/p>\n<p>Si prende spunto anche da quanto sta sperimentando Venezia con il portale venywhere.it, nato dalla collaborazione tra Fondazione Venezia e Universit\u00e0 Ca\u2019 Foscari. In particolare, si stanno muovendo i primi passi a Belluno attraverso incontri finalizzati a cercare appoggio e collaborazione di associazioni e istituzioni. \u201cL\u2019iniziativa \u00e8 enorme, la stiamo strutturando in queste settimane e la presenteremo nel dettaglio non appena avremo aggiunto qualche tassello \u2013 spiega Buttignon -. Abbiamo gi\u00e0 incontrato i professori di Ca\u2019 Foscari referenti del progetto, il direttore dell\u2019ABM \u2013 Associazione Bellunesi nel Mondo e oggi i rappresentanti di alcune associazioni di categoria. Si tratta di un lavoro di rete, ora stiamo tessendo la rete\u201d.<\/p>\n<p>\u201cLo spunto iniziale \u00e8 stato il progetto di Venezia,\u2013 spiega il consigliere De Biasio che si sta occupando della stesura preliminare -, l\u2019obiettivo \u00e8 attrarre persone perch\u00e9 vengano a vivere qui e a lavorare nelle nostre aziende, o come nomadi digitali o freelance. Uno studio ci dice in particolare che un nomade digitale cerca luoghi fuori dai grandi centri urbani, borghi e territori marginali dove la qualit\u00e0 della vita \u00e8 ancora alta. Il 42% di queste persone \u00e8 disposto a spostare per un periodo compreso tra 1 e 3 mesi, il 25% fino a 6 mesi e il 20% per spazi di tempo ancora maggiori. Lo scopo \u00e8 intercettare questo target qui e fargli scoprire il nostro territorio; di conseguenza saranno favoriti la ricerca di case dove vivere e, per chi cerca lavoro, il contatto con le aziende\u201d.<\/p>","protected":false},"excerpt":{"rendered":"<p>Belluno, 25 ottobre 2022 &#8211; Per favorire l\u2019arrivo di nuovi residenti da fuori provincia, per sostenere la ricerca di personale da parte delle aziende, per rendere pi\u00f9 attrattiva Belluno. Il progetto residenzialit\u00e0 della giunta De Pellegrin sta muovendo i primi passi. Questa mattina nella sala Giunta di Palazzo Rosso il sindaco Oscar De Pellegrin, l\u2019assessore [&hellip;]<\/p>\n","protected":false},"author":2,"featured_media":137246,"comment_status":"closed","ping_status":"open","sticky":false,"template":"","format":"standard","meta":{"footnotes":""},"categories":[5,26],"tags":[],"class_list":["post-137245","post","type-post","status-publish","format-standard","has-post-thumbnail","category-cronaca","category-prima-pagina"],"yoast_head":"<!-- This site is optimized with the Yoast SEO plugin v28.4 - https:\/\/yoast.com\/product\/yoast-seo-wordpress\/ -->\n<title>Avviato il Progetto residenzialit\u00e0. Oggi in Comune l\u2019incontro con Ascom e Confedilizia - Bellunopress - Dolomiti<\/title>\n<meta name=\"robots\" content=\"index, follow, max-snippet:-1, max-image-preview:large, max-video-preview:-1\" \/>\n<link rel=\"canonical\" href=\"https:\/\/www.bellunopress.it\/fr\/2022\/10\/25\/avviato-il-progetto-residenzialita-oggi-in-comune-lincontro-con-ascom-e-confedilizia\/\" \/>\n<meta property=\"og:locale\" content=\"fr_FR\" \/>\n<meta property=\"og:type\" content=\"article\" \/>\n<meta property=\"og:title\" content=\"Avviato il Progetto residenzialit\u00e0. Oggi in Comune l\u2019incontro con Ascom e Confedilizia - Bellunopress - Dolomiti\" \/>\n<meta property=\"og:description\" content=\"Belluno, 25 ottobre 2022 &#8211; Per favorire l\u2019arrivo di nuovi residenti da fuori provincia, per sostenere la ricerca di personale da parte delle aziende, per rendere pi\u00f9 attrattiva Belluno. Il progetto residenzialit\u00e0 della giunta De Pellegrin sta muovendo i primi passi. Questa mattina nella sala Giunta di Palazzo Rosso il sindaco Oscar De Pellegrin, l\u2019assessore [&hellip;]\" \/>\n<meta property=\"og:url\" content=\"https:\/\/www.bellunopress.it\/fr\/2022\/10\/25\/avviato-il-progetto-residenzialita-oggi-in-comune-lincontro-con-ascom-e-confedilizia\/\" \/>\n<meta property=\"og:site_name\" content=\"Bellunopress - Dolomiti\" \/>\n<meta property=\"article:publisher\" content=\"https:\/\/www.facebook.com\/profile.php?id=100008943462799\" \/>\n<meta property=\"article:published_time\" content=\"2022-10-25T14:30:56+00:00\" \/>\n<meta property=\"og:image\" content=\"https:\/\/www.bellunopress.it\/wp-content\/uploads\/2022\/10\/Incontro-residenzialita_edited.jpg\" \/>\n\t<meta property=\"og:image:width\" content=\"970\" \/>\n\t<meta property=\"og:image:height\" content=\"626\" \/>\n\t<meta property=\"og:image:type\" content=\"image\/jpeg\" \/>\n<meta name=\"author\" content=\"redazione\" \/>\n<meta name=\"twitter:card\" content=\"summary_large_image\" \/>\n<meta name=\"twitter:creator\" content=\"@bellunopress\" \/>\n<meta name=\"twitter:site\" content=\"@bellunopress\" \/>\n<meta name=\"twitter:label1\" content=\"\u00c9crit par\" \/>\n\t<meta name=\"twitter:data1\" content=\"redazione\" \/>\n\t<meta name=\"twitter:label2\" content=\"Dur\u00e9e de lecture estim\u00e9e\" \/>\n\t<meta name=\"twitter:data2\" content=\"3 minutes\" \/>\n<script type=\"application\/ld+json\" class=\"yoast-schema-graph\">{\"@context\":\"https:\\\/\\\/schema.org\",\"@graph\":[{\"@type\":\"Article\",\"@id\":\"https:\\\/\\\/www.bellunopress.it\\\/2022\\\/10\\\/25\\\/avviato-il-progetto-residenzialita-oggi-in-comune-lincontro-con-ascom-e-confedilizia\\\/#article\",\"isPartOf\":{\"@id\":\"https:\\\/\\\/www.bellunopress.it\\\/2022\\\/10\\\/25\\\/avviato-il-progetto-residenzialita-oggi-in-comune-lincontro-con-ascom-e-confedilizia\\\/\"},\"author\":{\"name\":\"redazione\",\"@id\":\"https:\\\/\\\/www.bellunopress.it\\\/#\\\/schema\\\/person\\\/79bb06722b37ece1c03d3e94beb30d73\"},\"headline\":\"Avviato il Progetto residenzialit\u00e0. Oggi in Comune l\u2019incontro con Ascom e Confedilizia\",\"datePublished\":\"2022-10-25T14:30:56+00:00\",\"mainEntityOfPage\":{\"@id\":\"https:\\\/\\\/www.bellunopress.it\\\/2022\\\/10\\\/25\\\/avviato-il-progetto-residenzialita-oggi-in-comune-lincontro-con-ascom-e-confedilizia\\\/\"},\"wordCount\":499,\"publisher\":{\"@id\":\"https:\\\/\\\/www.bellunopress.it\\\/#organization\"},\"image\":{\"@id\":\"https:\\\/\\\/www.bellunopress.it\\\/2022\\\/10\\\/25\\\/avviato-il-progetto-residenzialita-oggi-in-comune-lincontro-con-ascom-e-confedilizia\\\/#primaryimage\"},\"thumbnailUrl\":\"https:\\\/\\\/www.bellunopress.it\\\/wp-content\\\/uploads\\\/2022\\\/10\\\/Incontro-residenzialita_edited.jpg\",\"articleSection\":[\"Cronaca\\\/Politica\",\"Prima Pagina\"],\"inLanguage\":\"fr-FR\"},{\"@type\":\"WebPage\",\"@id\":\"https:\\\/\\\/www.bellunopress.it\\\/2022\\\/10\\\/25\\\/avviato-il-progetto-residenzialita-oggi-in-comune-lincontro-con-ascom-e-confedilizia\\\/\",\"url\":\"https:\\\/\\\/www.bellunopress.it\\\/2022\\\/10\\\/25\\\/avviato-il-progetto-residenzialita-oggi-in-comune-lincontro-con-ascom-e-confedilizia\\\/\",\"name\":\"Avviato il Progetto residenzialit\u00e0. Oggi in Comune l\u2019incontro con Ascom e Confedilizia - Bellunopress - Dolomiti\",\"isPartOf\":{\"@id\":\"https:\\\/\\\/www.bellunopress.it\\\/#website\"},\"primaryImageOfPage\":{\"@id\":\"https:\\\/\\\/www.bellunopress.it\\\/2022\\\/10\\\/25\\\/avviato-il-progetto-residenzialita-oggi-in-comune-lincontro-con-ascom-e-confedilizia\\\/#primaryimage\"},\"image\":{\"@id\":\"https:\\\/\\\/www.bellunopress.it\\\/2022\\\/10\\\/25\\\/avviato-il-progetto-residenzialita-oggi-in-comune-lincontro-con-ascom-e-confedilizia\\\/#primaryimage\"},\"thumbnailUrl\":\"https:\\\/\\\/www.bellunopress.it\\\/wp-content\\\/uploads\\\/2022\\\/10\\\/Incontro-residenzialita_edited.jpg\",\"datePublished\":\"2022-10-25T14:30:56+00:00\",\"breadcrumb\":{\"@id\":\"https:\\\/\\\/www.bellunopress.it\\\/2022\\\/10\\\/25\\\/avviato-il-progetto-residenzialita-oggi-in-comune-lincontro-con-ascom-e-confedilizia\\\/#breadcrumb\"},\"inLanguage\":\"fr-FR\",\"potentialAction\":[{\"@type\":\"ReadAction\",\"target\":[\"https:\\\/\\\/www.bellunopress.it\\\/2022\\\/10\\\/25\\\/avviato-il-progetto-residenzialita-oggi-in-comune-lincontro-con-ascom-e-confedilizia\\\/\"]}]},{\"@type\":\"ImageObject\",\"inLanguage\":\"fr-FR\",\"@id\":\"https:\\\/\\\/www.bellunopress.it\\\/2022\\\/10\\\/25\\\/avviato-il-progetto-residenzialita-oggi-in-comune-lincontro-con-ascom-e-confedilizia\\\/#primaryimage\",\"url\":\"https:\\\/\\\/www.bellunopress.it\\\/wp-content\\\/uploads\\\/2022\\\/10\\\/Incontro-residenzialita_edited.jpg\",\"contentUrl\":\"https:\\\/\\\/www.bellunopress.it\\\/wp-content\\\/uploads\\\/2022\\\/10\\\/Incontro-residenzialita_edited.jpg\",\"width\":970,\"height\":626,\"caption\":\"Simonetta Buttignon, Oscar De Pellegrin, Giovanna Losso, Michele Vigne, Paolo Vaccari\"},{\"@type\":\"BreadcrumbList\",\"@id\":\"https:\\\/\\\/www.bellunopress.it\\\/2022\\\/10\\\/25\\\/avviato-il-progetto-residenzialita-oggi-in-comune-lincontro-con-ascom-e-confedilizia\\\/#breadcrumb\",\"itemListElement\":[{\"@type\":\"ListItem\",\"position\":1,\"name\":\"Home\",\"item\":\"https:\\\/\\\/www.bellunopress.it\\\/\"},{\"@type\":\"ListItem\",\"position\":2,\"name\":\"Avviato il Progetto residenzialit\u00e0. Oggi in Comune l\u2019incontro con Ascom e Confedilizia\"}]},{\"@type\":\"WebSite\",\"@id\":\"https:\\\/\\\/www.bellunopress.it\\\/#website\",\"url\":\"https:\\\/\\\/www.bellunopress.it\\\/\",\"name\":\"Bellunopress - Dolomiti\",\"description\":\"e-mail: redazione@bellunopress.it\",\"publisher\":{\"@id\":\"https:\\\/\\\/www.bellunopress.it\\\/#organization\"},\"potentialAction\":[{\"@type\":\"SearchAction\",\"target\":{\"@type\":\"EntryPoint\",\"urlTemplate\":\"https:\\\/\\\/www.bellunopress.it\\\/?s={search_term_string}\"},\"query-input\":{\"@type\":\"PropertyValueSpecification\",\"valueRequired\":true,\"valueName\":\"search_term_string\"}}],\"inLanguage\":\"fr-FR\"},{\"@type\":\"Organization\",\"@id\":\"https:\\\/\\\/www.bellunopress.it\\\/#organization\",\"name\":\"Bellunopress\",\"url\":\"https:\\\/\\\/www.bellunopress.it\\\/\",\"logo\":{\"@type\":\"ImageObject\",\"inLanguage\":\"fr-FR\",\"@id\":\"https:\\\/\\\/www.bellunopress.it\\\/#\\\/schema\\\/logo\\\/image\\\/\",\"url\":\"https:\\\/\\\/www.bellunopress.it\\\/wp-content\\\/uploads\\\/2011\\\/05\\\/cropped-logo-bellunopress-.jpg\",\"contentUrl\":\"https:\\\/\\\/www.bellunopress.it\\\/wp-content\\\/uploads\\\/2011\\\/05\\\/cropped-logo-bellunopress-.jpg\",\"width\":512,\"height\":512,\"caption\":\"Bellunopress\"},\"image\":{\"@id\":\"https:\\\/\\\/www.bellunopress.it\\\/#\\\/schema\\\/logo\\\/image\\\/\"},\"sameAs\":[\"https:\\\/\\\/www.facebook.com\\\/profile.php?id=100008943462799\",\"https:\\\/\\\/x.com\\\/bellunopress\",\"https:\\\/\\\/www.linkedin.com\\\/hp\\\/?dnr=JBzUWaJfMUw8vbXJJ2tVW5-I3jZKvC4wsoxE&amp;amp;amp;amp;amp;amp;trk=nav_responsive_tab_home\",\"https:\\\/\\\/www.youtube.com\\\/channel\\\/UCxL0wu1uN0_3_7hGG0306cw\"]},{\"@type\":\"Person\",\"@id\":\"https:\\\/\\\/www.bellunopress.it\\\/#\\\/schema\\\/person\\\/79bb06722b37ece1c03d3e94beb30d73\",\"name\":\"redazione\",\"image\":{\"@type\":\"ImageObject\",\"inLanguage\":\"fr-FR\",\"@id\":\"https:\\\/\\\/secure.gravatar.com\\\/avatar\\\/37d968a2e67a6fd04c169c4bdef102d0bc5d31b2546345219e348575eb80e9a0?s=96&d=mm&r=g\",\"url\":\"https:\\\/\\\/secure.gravatar.com\\\/avatar\\\/37d968a2e67a6fd04c169c4bdef102d0bc5d31b2546345219e348575eb80e9a0?s=96&d=mm&r=g\",\"contentUrl\":\"https:\\\/\\\/secure.gravatar.com\\\/avatar\\\/37d968a2e67a6fd04c169c4bdef102d0bc5d31b2546345219e348575eb80e9a0?s=96&d=mm&r=g\",\"caption\":\"redazione\"},\"sameAs\":[\"http:\\\/\\\/www.bellunopress.it\",\"https:\\\/\\\/x.com\\\/bellunopress\"],\"url\":\"https:\\\/\\\/www.bellunopress.it\\\/fr\\\/author\\\/redazione\\\/\"}]}<\/script>\n<!-- \/ Yoast SEO plugin. -->","yoast_head_json":{"title":"Avviato il Progetto residenzialit\u00e0. Oggi in Comune l\u2019incontro con Ascom e Confedilizia - Bellunopress - Dolomiti","robots":{"index":"index","follow":"follow","max-snippet":"max-snippet:-1","max-image-preview":"max-image-preview:large","max-video-preview":"max-video-preview:-1"},"canonical":"https:\/\/www.bellunopress.it\/fr\/2022\/10\/25\/avviato-il-progetto-residenzialita-oggi-in-comune-lincontro-con-ascom-e-confedilizia\/","og_locale":"fr_FR","og_type":"article","og_title":"Avviato il Progetto residenzialit\u00e0. Oggi in Comune l\u2019incontro con Ascom e Confedilizia - Bellunopress - Dolomiti","og_description":"Belluno, 25 ottobre 2022 &#8211; Per favorire l\u2019arrivo di nuovi residenti da fuori provincia, per sostenere la ricerca di personale da parte delle aziende, per rendere pi\u00f9 attrattiva Belluno. Il progetto residenzialit\u00e0 della giunta De Pellegrin sta muovendo i primi passi. Questa mattina nella sala Giunta di Palazzo Rosso il sindaco Oscar De Pellegrin, l\u2019assessore [&hellip;]","og_url":"https:\/\/www.bellunopress.it\/fr\/2022\/10\/25\/avviato-il-progetto-residenzialita-oggi-in-comune-lincontro-con-ascom-e-confedilizia\/","og_site_name":"Bellunopress - Dolomiti","article_publisher":"https:\/\/www.facebook.com\/profile.php?id=100008943462799","article_published_time":"2022-10-25T14:30:56+00:00","og_image":[{"width":970,"height":626,"url":"https:\/\/www.bellunopress.it\/wp-content\/uploads\/2022\/10\/Incontro-residenzialita_edited.jpg","type":"image\/jpeg"}],"author":"redazione","twitter_card":"summary_large_image","twitter_creator":"@bellunopress","twitter_site":"@bellunopress","twitter_misc":{"\u00c9crit par":"redazione","Dur\u00e9e de lecture estim\u00e9e":"3 minutes"},"schema":{"@context":"https:\/\/schema.org","@graph":[{"@type":"Article","@id":"https:\/\/www.bellunopress.it\/2022\/10\/25\/avviato-il-progetto-residenzialita-oggi-in-comune-lincontro-con-ascom-e-confedilizia\/#article","isPartOf":{"@id":"https:\/\/www.bellunopress.it\/2022\/10\/25\/avviato-il-progetto-residenzialita-oggi-in-comune-lincontro-con-ascom-e-confedilizia\/"},"author":{"name":"redazione","@id":"https:\/\/www.bellunopress.it\/#\/schema\/person\/79bb06722b37ece1c03d3e94beb30d73"},"headline":"Avviato il Progetto residenzialit\u00e0. Oggi in Comune l\u2019incontro con Ascom e Confedilizia","datePublished":"2022-10-25T14:30:56+00:00","mainEntityOfPage":{"@id":"https:\/\/www.bellunopress.it\/2022\/10\/25\/avviato-il-progetto-residenzialita-oggi-in-comune-lincontro-con-ascom-e-confedilizia\/"},"wordCount":499,"publisher":{"@id":"https:\/\/www.bellunopress.it\/#organization"},"image":{"@id":"https:\/\/www.bellunopress.it\/2022\/10\/25\/avviato-il-progetto-residenzialita-oggi-in-comune-lincontro-con-ascom-e-confedilizia\/#primaryimage"},"thumbnailUrl":"https:\/\/www.bellunopress.it\/wp-content\/uploads\/2022\/10\/Incontro-residenzialita_edited.jpg","articleSection":["Cronaca\/Politica","Prima Pagina"],"inLanguage":"fr-FR"},{"@type":"WebPage","@id":"https:\/\/www.bellunopress.it\/2022\/10\/25\/avviato-il-progetto-residenzialita-oggi-in-comune-lincontro-con-ascom-e-confedilizia\/","url":"https:\/\/www.bellunopress.it\/2022\/10\/25\/avviato-il-progetto-residenzialita-oggi-in-comune-lincontro-con-ascom-e-confedilizia\/","name":"Avviato il Progetto residenzialit\u00e0. Oggi in Comune l\u2019incontro con Ascom e Confedilizia - Bellunopress - Dolomiti","isPartOf":{"@id":"https:\/\/www.bellunopress.it\/#website"},"primaryImageOfPage":{"@id":"https:\/\/www.bellunopress.it\/2022\/10\/25\/avviato-il-progetto-residenzialita-oggi-in-comune-lincontro-con-ascom-e-confedilizia\/#primaryimage"},"image":{"@id":"https:\/\/www.bellunopress.it\/2022\/10\/25\/avviato-il-progetto-residenzialita-oggi-in-comune-lincontro-con-ascom-e-confedilizia\/#primaryimage"},"thumbnailUrl":"https:\/\/www.bellunopress.it\/wp-content\/uploads\/2022\/10\/Incontro-residenzialita_edited.jpg","datePublished":"2022-10-25T14:30:56+00:00","breadcrumb":{"@id":"https:\/\/www.bellunopress.it\/2022\/10\/25\/avviato-il-progetto-residenzialita-oggi-in-comune-lincontro-con-ascom-e-confedilizia\/#breadcrumb"},"inLanguage":"fr-FR","potentialAction":[{"@type":"ReadAction","target":["https:\/\/www.bellunopress.it\/2022\/10\/25\/avviato-il-progetto-residenzialita-oggi-in-comune-lincontro-con-ascom-e-confedilizia\/"]}]},{"@type":"ImageObject","inLanguage":"fr-FR","@id":"https:\/\/www.bellunopress.it\/2022\/10\/25\/avviato-il-progetto-residenzialita-oggi-in-comune-lincontro-con-ascom-e-confedilizia\/#primaryimage","url":"https:\/\/www.bellunopress.it\/wp-content\/uploads\/2022\/10\/Incontro-residenzialita_edited.jpg","contentUrl":"https:\/\/www.bellunopress.it\/wp-content\/uploads\/2022\/10\/Incontro-residenzialita_edited.jpg","width":970,"height":626,"caption":"Simonetta Buttignon, Oscar De Pellegrin, Giovanna Losso, Michele Vigne, Paolo Vaccari"},{"@type":"BreadcrumbList","@id":"https:\/\/www.bellunopress.it\/2022\/10\/25\/avviato-il-progetto-residenzialita-oggi-in-comune-lincontro-con-ascom-e-confedilizia\/#breadcrumb","itemListElement":[{"@type":"ListItem","position":1,"name":"Home","item":"https:\/\/www.bellunopress.it\/"},{"@type":"ListItem","position":2,"name":"Avviato il Progetto residenzialit\u00e0. Oggi in Comune l\u2019incontro con Ascom e Confedilizia"}]},{"@type":"WebSite","@id":"https:\/\/www.bellunopress.it\/#website","url":"https:\/\/www.bellunopress.it\/","name":"Bellunopress - Dolomiti","description":"e-mail: redazione@bellunopress.it","publisher":{"@id":"https:\/\/www.bellunopress.it\/#organization"},"potentialAction":[{"@type":"SearchAction","target":{"@type":"EntryPoint","urlTemplate":"https:\/\/www.bellunopress.it\/?s={search_term_string}"},"query-input":{"@type":"PropertyValueSpecification","valueRequired":true,"valueName":"search_term_string"}}],"inLanguage":"fr-FR"},{"@type":"Organization","@id":"https:\/\/www.bellunopress.it\/#organization","name":"Bellunopress","url":"https:\/\/www.bellunopress.it\/","logo":{"@type":"ImageObject","inLanguage":"fr-FR","@id":"https:\/\/www.bellunopress.it\/#\/schema\/logo\/image\/","url":"https:\/\/www.bellunopress.it\/wp-content\/uploads\/2011\/05\/cropped-logo-bellunopress-.jpg","contentUrl":"https:\/\/www.bellunopress.it\/wp-content\/uploads\/2011\/05\/cropped-logo-bellunopress-.jpg","width":512,"height":512,"caption":"Bellunopress"},"image":{"@id":"https:\/\/www.bellunopress.it\/#\/schema\/logo\/image\/"},"sameAs":["https:\/\/www.facebook.com\/profile.php?id=100008943462799","https:\/\/x.com\/bellunopress","https:\/\/www.linkedin.com\/hp\/?dnr=JBzUWaJfMUw8vbXJJ2tVW5-I3jZKvC4wsoxE&amp;amp;amp;amp;amp;amp;trk=nav_responsive_tab_home","https:\/\/www.youtube.com\/channel\/UCxL0wu1uN0_3_7hGG0306cw"]},{"@type":"Person","@id":"https:\/\/www.bellunopress.it\/#\/schema\/person\/79bb06722b37ece1c03d3e94beb30d73","name":"r\u00e9daction","image":{"@type":"ImageObject","inLanguage":"fr-FR","@id":"https:\/\/secure.gravatar.com\/avatar\/37d968a2e67a6fd04c169c4bdef102d0bc5d31b2546345219e348575eb80e9a0?s=96&d=mm&r=g","url":"https:\/\/secure.gravatar.com\/avatar\/37d968a2e67a6fd04c169c4bdef102d0bc5d31b2546345219e348575eb80e9a0?s=96&d=mm&r=g","contentUrl":"https:\/\/secure.gravatar.com\/avatar\/37d968a2e67a6fd04c169c4bdef102d0bc5d31b2546345219e348575eb80e9a0?s=96&d=mm&r=g","caption":"redazione"},"sameAs":["http:\/\/www.bellunopress.it","https:\/\/x.com\/bellunopress"],"url":"https:\/\/www.bellunopress.it\/fr\/author\/redazione\/"}]}},"_links":{"self":[{"href":"https:\/\/www.bellunopress.it\/fr\/wp-json\/wp\/v2\/posts\/137245","targetHints":{"allow":["GET"]}}],"collection":[{"href":"https:\/\/www.bellunopress.it\/fr\/wp-json\/wp\/v2\/posts"}],"about":[{"href":"https:\/\/www.bellunopress.it\/fr\/wp-json\/wp\/v2\/types\/post"}],"author":[{"embeddable":true,"href":"https:\/\/www.bellunopress.it\/fr\/wp-json\/wp\/v2\/users\/2"}],"replies":[{"embeddable":true,"href":"https:\/\/www.bellunopress.it\/fr\/wp-json\/wp\/v2\/comments?post=137245"}],"version-history":[{"count":1,"href":"https:\/\/www.bellunopress.it\/fr\/wp-json\/wp\/v2\/posts\/137245\/revisions"}],"predecessor-version":[{"id":137247,"href":"https:\/\/www.bellunopress.it\/fr\/wp-json\/wp\/v2\/posts\/137245\/revisions\/137247"}],"wp:featuredmedia":[{"embeddable":true,"href":"https:\/\/www.bellunopress.it\/fr\/wp-json\/wp\/v2\/media\/137246"}],"wp:attachment":[{"href":"https:\/\/www.bellunopress.it\/fr\/wp-json\/wp\/v2\/media?parent=137245"}],"wp:term":[{"taxonomy":"category","embeddable":true,"href":"https:\/\/www.bellunopress.it\/fr\/wp-json\/wp\/v2\/categories?post=137245"},{"taxonomy":"post_tag","embeddable":true,"href":"https:\/\/www.bellunopress.it\/fr\/wp-json\/wp\/v2\/tags?post=137245"}],"curies":[{"name":"wp","href":"https:\/\/api.w.org\/{rel}","templated":true}]}}