{"id":137230,"date":"2022-10-25T10:20:28","date_gmt":"2022-10-25T08:20:28","guid":{"rendered":"https:\/\/www.bellunopress.it\/?p=137230"},"modified":"2022-10-25T10:20:28","modified_gmt":"2022-10-25T08:20:28","slug":"al-via-gli-spettacoli-di-mistero-prima-data-sabato-29-ottobre-dal-centro-citta-alle-rive-del-piave","status":"publish","type":"post","link":"https:\/\/www.bellunopress.it\/fr\/2022\/10\/25\/al-via-gli-spettacoli-di-mistero-prima-data-sabato-29-ottobre-dal-centro-citta-alle-rive-del-piave\/","title":{"rendered":"Al via gli Spettacoli di Mistero. Prima data sabato 29 ottobre dal centro citt\u00e0 alle rive del Piave"},"content":{"rendered":"<p><img loading=\"lazy\" decoding=\"async\" class=\"alignleft  wp-image-137231\" src=\"https:\/\/www.bellunopress.it\/wp-content\/uploads\/2022\/10\/spettacoli-del-mistero_edited.jpg\" alt=\"\" width=\"294\" height=\"447\" srcset=\"https:\/\/www.bellunopress.it\/wp-content\/uploads\/2022\/10\/spettacoli-del-mistero_edited.jpg 607w, https:\/\/www.bellunopress.it\/wp-content\/uploads\/2022\/10\/spettacoli-del-mistero_edited-329x500.jpg 329w, https:\/\/www.bellunopress.it\/wp-content\/uploads\/2022\/10\/spettacoli-del-mistero_edited-276x420.jpg 276w\" sizes=\"auto, (max-width: 294px) 100vw, 294px\" \/>Al via gli &#8220;Spettacoli di Mistero&#8221; proposti dall&#8217;Unpli Belluno per la rassegna regionale promossa da Unpli regionale e Regione del Veneto. La prima data, quella provinciale, \u00e8 sabato 29 ottobre e, grazie all&#8217;apporto della Pro loco Pieve Castionese, si terr\u00e0 proprio nel centro di Belluno, passando per le rive del Piave. L&#8217;appuntamento s&#8217;intitola &#8220;Gocce di mistero&#8221;; una passeggiata che si avvarr\u00e0 della consulenza storica di Marco Perale.<\/p>\n<p>Riprendendo il fil rouge regionale, la camminata sar\u00e0 dedicata al legame inscindibile tra Belluno e l&#8217;acqua. La citt\u00e0 e l&#8217;intera provincia sorgono, infatti, lungo le rive del Piave, fiume che ha sempre rappresentato per questi luoghi l&#8217;elemento vitale per la sussistenza, il lavoro e la difesa. Saranno approfonditi tre aspetti: l&#8217;idromanzia, gli zattieri, le fontane. Si ripercorreranno i luoghi degli &#8220;Zater del Piave&#8221;, coloro che portavano il legname dal Cadore a Venezia, passando per la dogana di Borgo Pr\u00e0 fino alle fontane &#8220;ballerine&#8221; del centro storico.<\/p>\n<p>La partenza avverr\u00e0 a gruppi dalle 17.30 alle 19 e sar\u00e0 a numero limitato su prenotazione; per info 393 0560052, info@prolocopievecastionese.it. Lo stesso giorno ci saranno anche altri eventi: &#8220;Cavarnere, voci e silenzi dai boschi&#8221; con partenza a gruppi la sera presso l&#8217;area turistica di Melere su organizzazione della Pro loco di Trichiana (su prenotazione). Ancora, grazie alla Pro loco di Soranzen, lo stesso giorno alle 14 in localit\u00e0 La Santina in Val Canzoi ci sar\u00e0 &#8220;Leggende e misteri d&#8217;acqua&#8221;, passeggiata animata con i &#8220;Fuori di Quinta&#8221;, mentre alle 16.30 si passa, con la Pro loco Zumellese, ai Laghetti della Rimonta di Bardies per &#8220;La sacra acqua delle Anguane, il magico fuoco del drago&#8221;, passeggiata animata.<\/p>\n<p>Domenica 30 invece un&#8217;unica tappa a Sedico con la passeggiata lungo le Antiche Rogge alla scoperta dei misteri della &#8220;Levada&#8221;. Sabato 5 novembre, con la &#8220;Monti del Sole&#8221;, alle 15 a Sospirolo in Valle del Mis si terr\u00e0 la passeggiata animata &#8220;Il Serpenton dei mari e altre storie&#8221; tra le cascate di Brenton e Soffia; poi alle 18.30 in piazza Martiri ad Alano di Piave passeggiata animata e spettacolo finale con &#8220;Cortes e le sue leggende&#8221;.<\/p>\n<p>Gli eventi proseguiranno fino al 10 dicembre; info aggiornate su www.spettacolidimistero.it oppure: 0437 183 1211, belluno@unpliveneto.it.<\/p>","protected":false},"excerpt":{"rendered":"<p>Al via gli &#8220;Spettacoli di Mistero&#8221; proposti dall&#8217;Unpli Belluno per la rassegna regionale promossa da Unpli regionale e Regione del Veneto. La prima data, quella provinciale, \u00e8 sabato 29 ottobre e, grazie all&#8217;apporto della Pro loco Pieve Castionese, si terr\u00e0 proprio nel centro di Belluno, passando per le rive del Piave. L&#8217;appuntamento s&#8217;intitola &#8220;Gocce di [&hellip;]<\/p>\n","protected":false},"author":2,"featured_media":137231,"comment_status":"closed","ping_status":"open","sticky":false,"template":"","format":"standard","meta":{"footnotes":""},"categories":[27,3,25],"tags":[],"class_list":["post-137230","post","type-post","status-publish","format-standard","has-post-thumbnail","category-appuntamenti","category-arte-cultura-spettacoli-scienza-archivi","category-pausa-caffe"],"yoast_head":"<!-- This site is optimized with the Yoast SEO plugin v28.4 - https:\/\/yoast.com\/product\/yoast-seo-wordpress\/ -->\n<title>Al via gli Spettacoli di Mistero. Prima data sabato 29 ottobre dal centro citt\u00e0 alle rive del Piave - Bellunopress - Dolomiti<\/title>\n<meta name=\"robots\" content=\"index, follow, max-snippet:-1, max-image-preview:large, max-video-preview:-1\" \/>\n<link rel=\"canonical\" href=\"https:\/\/www.bellunopress.it\/fr\/2022\/10\/25\/al-via-gli-spettacoli-di-mistero-prima-data-sabato-29-ottobre-dal-centro-citta-alle-rive-del-piave\/\" \/>\n<meta property=\"og:locale\" content=\"fr_FR\" \/>\n<meta property=\"og:type\" content=\"article\" \/>\n<meta property=\"og:title\" content=\"Al via gli Spettacoli di Mistero. Prima data sabato 29 ottobre dal centro citt\u00e0 alle rive del Piave - Bellunopress - Dolomiti\" \/>\n<meta property=\"og:description\" content=\"Al via gli &#8220;Spettacoli di Mistero&#8221; proposti dall&#8217;Unpli Belluno per la rassegna regionale promossa da Unpli regionale e Regione del Veneto. La prima data, quella provinciale, \u00e8 sabato 29 ottobre e, grazie all&#8217;apporto della Pro loco Pieve Castionese, si terr\u00e0 proprio nel centro di Belluno, passando per le rive del Piave. L&#8217;appuntamento s&#8217;intitola &#8220;Gocce di [&hellip;]\" \/>\n<meta property=\"og:url\" content=\"https:\/\/www.bellunopress.it\/fr\/2022\/10\/25\/al-via-gli-spettacoli-di-mistero-prima-data-sabato-29-ottobre-dal-centro-citta-alle-rive-del-piave\/\" \/>\n<meta property=\"og:site_name\" content=\"Bellunopress - Dolomiti\" \/>\n<meta property=\"article:publisher\" content=\"https:\/\/www.facebook.com\/profile.php?id=100008943462799\" \/>\n<meta property=\"article:published_time\" content=\"2022-10-25T08:20:28+00:00\" \/>\n<meta property=\"og:image\" content=\"https:\/\/www.bellunopress.it\/wp-content\/uploads\/2022\/10\/spettacoli-del-mistero_edited.jpg\" \/>\n\t<meta property=\"og:image:width\" content=\"607\" \/>\n\t<meta property=\"og:image:height\" content=\"923\" \/>\n\t<meta property=\"og:image:type\" content=\"image\/jpeg\" \/>\n<meta name=\"author\" content=\"redazione\" \/>\n<meta name=\"twitter:card\" content=\"summary_large_image\" \/>\n<meta name=\"twitter:creator\" content=\"@bellunopress\" \/>\n<meta name=\"twitter:site\" content=\"@bellunopress\" \/>\n<meta name=\"twitter:label1\" content=\"\u00c9crit par\" \/>\n\t<meta name=\"twitter:data1\" content=\"redazione\" \/>\n\t<meta name=\"twitter:label2\" content=\"Dur\u00e9e de lecture estim\u00e9e\" \/>\n\t<meta name=\"twitter:data2\" content=\"3 minutes\" \/>\n<script type=\"application\/ld+json\" class=\"yoast-schema-graph\">{\"@context\":\"https:\\\/\\\/schema.org\",\"@graph\":[{\"@type\":\"Article\",\"@id\":\"https:\\\/\\\/www.bellunopress.it\\\/2022\\\/10\\\/25\\\/al-via-gli-spettacoli-di-mistero-prima-data-sabato-29-ottobre-dal-centro-citta-alle-rive-del-piave\\\/#article\",\"isPartOf\":{\"@id\":\"https:\\\/\\\/www.bellunopress.it\\\/2022\\\/10\\\/25\\\/al-via-gli-spettacoli-di-mistero-prima-data-sabato-29-ottobre-dal-centro-citta-alle-rive-del-piave\\\/\"},\"author\":{\"name\":\"redazione\",\"@id\":\"https:\\\/\\\/www.bellunopress.it\\\/#\\\/schema\\\/person\\\/79bb06722b37ece1c03d3e94beb30d73\"},\"headline\":\"Al via gli Spettacoli di Mistero. Prima data sabato 29 ottobre dal centro citt\u00e0 alle rive del Piave\",\"datePublished\":\"2022-10-25T08:20:28+00:00\",\"mainEntityOfPage\":{\"@id\":\"https:\\\/\\\/www.bellunopress.it\\\/2022\\\/10\\\/25\\\/al-via-gli-spettacoli-di-mistero-prima-data-sabato-29-ottobre-dal-centro-citta-alle-rive-del-piave\\\/\"},\"wordCount\":379,\"publisher\":{\"@id\":\"https:\\\/\\\/www.bellunopress.it\\\/#organization\"},\"image\":{\"@id\":\"https:\\\/\\\/www.bellunopress.it\\\/2022\\\/10\\\/25\\\/al-via-gli-spettacoli-di-mistero-prima-data-sabato-29-ottobre-dal-centro-citta-alle-rive-del-piave\\\/#primaryimage\"},\"thumbnailUrl\":\"https:\\\/\\\/www.bellunopress.it\\\/wp-content\\\/uploads\\\/2022\\\/10\\\/spettacoli-del-mistero_edited.jpg\",\"articleSection\":[\"Appuntamenti, Eventi\",\"Arte, Cultura, Spettacoli, Scienza\",\"Pausa Caff\u00e8\"],\"inLanguage\":\"fr-FR\"},{\"@type\":\"WebPage\",\"@id\":\"https:\\\/\\\/www.bellunopress.it\\\/2022\\\/10\\\/25\\\/al-via-gli-spettacoli-di-mistero-prima-data-sabato-29-ottobre-dal-centro-citta-alle-rive-del-piave\\\/\",\"url\":\"https:\\\/\\\/www.bellunopress.it\\\/2022\\\/10\\\/25\\\/al-via-gli-spettacoli-di-mistero-prima-data-sabato-29-ottobre-dal-centro-citta-alle-rive-del-piave\\\/\",\"name\":\"Al via gli Spettacoli di Mistero. Prima data sabato 29 ottobre dal centro citt\u00e0 alle rive del Piave - Bellunopress - Dolomiti\",\"isPartOf\":{\"@id\":\"https:\\\/\\\/www.bellunopress.it\\\/#website\"},\"primaryImageOfPage\":{\"@id\":\"https:\\\/\\\/www.bellunopress.it\\\/2022\\\/10\\\/25\\\/al-via-gli-spettacoli-di-mistero-prima-data-sabato-29-ottobre-dal-centro-citta-alle-rive-del-piave\\\/#primaryimage\"},\"image\":{\"@id\":\"https:\\\/\\\/www.bellunopress.it\\\/2022\\\/10\\\/25\\\/al-via-gli-spettacoli-di-mistero-prima-data-sabato-29-ottobre-dal-centro-citta-alle-rive-del-piave\\\/#primaryimage\"},\"thumbnailUrl\":\"https:\\\/\\\/www.bellunopress.it\\\/wp-content\\\/uploads\\\/2022\\\/10\\\/spettacoli-del-mistero_edited.jpg\",\"datePublished\":\"2022-10-25T08:20:28+00:00\",\"breadcrumb\":{\"@id\":\"https:\\\/\\\/www.bellunopress.it\\\/2022\\\/10\\\/25\\\/al-via-gli-spettacoli-di-mistero-prima-data-sabato-29-ottobre-dal-centro-citta-alle-rive-del-piave\\\/#breadcrumb\"},\"inLanguage\":\"fr-FR\",\"potentialAction\":[{\"@type\":\"ReadAction\",\"target\":[\"https:\\\/\\\/www.bellunopress.it\\\/2022\\\/10\\\/25\\\/al-via-gli-spettacoli-di-mistero-prima-data-sabato-29-ottobre-dal-centro-citta-alle-rive-del-piave\\\/\"]}]},{\"@type\":\"ImageObject\",\"inLanguage\":\"fr-FR\",\"@id\":\"https:\\\/\\\/www.bellunopress.it\\\/2022\\\/10\\\/25\\\/al-via-gli-spettacoli-di-mistero-prima-data-sabato-29-ottobre-dal-centro-citta-alle-rive-del-piave\\\/#primaryimage\",\"url\":\"https:\\\/\\\/www.bellunopress.it\\\/wp-content\\\/uploads\\\/2022\\\/10\\\/spettacoli-del-mistero_edited.jpg\",\"contentUrl\":\"https:\\\/\\\/www.bellunopress.it\\\/wp-content\\\/uploads\\\/2022\\\/10\\\/spettacoli-del-mistero_edited.jpg\",\"width\":607,\"height\":923},{\"@type\":\"BreadcrumbList\",\"@id\":\"https:\\\/\\\/www.bellunopress.it\\\/2022\\\/10\\\/25\\\/al-via-gli-spettacoli-di-mistero-prima-data-sabato-29-ottobre-dal-centro-citta-alle-rive-del-piave\\\/#breadcrumb\",\"itemListElement\":[{\"@type\":\"ListItem\",\"position\":1,\"name\":\"Home\",\"item\":\"https:\\\/\\\/www.bellunopress.it\\\/\"},{\"@type\":\"ListItem\",\"position\":2,\"name\":\"Al via gli Spettacoli di Mistero. Prima data sabato 29 ottobre dal centro citt\u00e0 alle rive del Piave\"}]},{\"@type\":\"WebSite\",\"@id\":\"https:\\\/\\\/www.bellunopress.it\\\/#website\",\"url\":\"https:\\\/\\\/www.bellunopress.it\\\/\",\"name\":\"Bellunopress - Dolomiti\",\"description\":\"e-mail: redazione@bellunopress.it\",\"publisher\":{\"@id\":\"https:\\\/\\\/www.bellunopress.it\\\/#organization\"},\"potentialAction\":[{\"@type\":\"SearchAction\",\"target\":{\"@type\":\"EntryPoint\",\"urlTemplate\":\"https:\\\/\\\/www.bellunopress.it\\\/?s={search_term_string}\"},\"query-input\":{\"@type\":\"PropertyValueSpecification\",\"valueRequired\":true,\"valueName\":\"search_term_string\"}}],\"inLanguage\":\"fr-FR\"},{\"@type\":\"Organization\",\"@id\":\"https:\\\/\\\/www.bellunopress.it\\\/#organization\",\"name\":\"Bellunopress\",\"url\":\"https:\\\/\\\/www.bellunopress.it\\\/\",\"logo\":{\"@type\":\"ImageObject\",\"inLanguage\":\"fr-FR\",\"@id\":\"https:\\\/\\\/www.bellunopress.it\\\/#\\\/schema\\\/logo\\\/image\\\/\",\"url\":\"https:\\\/\\\/www.bellunopress.it\\\/wp-content\\\/uploads\\\/2011\\\/05\\\/cropped-logo-bellunopress-.jpg\",\"contentUrl\":\"https:\\\/\\\/www.bellunopress.it\\\/wp-content\\\/uploads\\\/2011\\\/05\\\/cropped-logo-bellunopress-.jpg\",\"width\":512,\"height\":512,\"caption\":\"Bellunopress\"},\"image\":{\"@id\":\"https:\\\/\\\/www.bellunopress.it\\\/#\\\/schema\\\/logo\\\/image\\\/\"},\"sameAs\":[\"https:\\\/\\\/www.facebook.com\\\/profile.php?id=100008943462799\",\"https:\\\/\\\/x.com\\\/bellunopress\",\"https:\\\/\\\/www.linkedin.com\\\/hp\\\/?dnr=JBzUWaJfMUw8vbXJJ2tVW5-I3jZKvC4wsoxE&amp;amp;amp;amp;amp;amp;trk=nav_responsive_tab_home\",\"https:\\\/\\\/www.youtube.com\\\/channel\\\/UCxL0wu1uN0_3_7hGG0306cw\"]},{\"@type\":\"Person\",\"@id\":\"https:\\\/\\\/www.bellunopress.it\\\/#\\\/schema\\\/person\\\/79bb06722b37ece1c03d3e94beb30d73\",\"name\":\"redazione\",\"image\":{\"@type\":\"ImageObject\",\"inLanguage\":\"fr-FR\",\"@id\":\"https:\\\/\\\/secure.gravatar.com\\\/avatar\\\/37d968a2e67a6fd04c169c4bdef102d0bc5d31b2546345219e348575eb80e9a0?s=96&d=mm&r=g\",\"url\":\"https:\\\/\\\/secure.gravatar.com\\\/avatar\\\/37d968a2e67a6fd04c169c4bdef102d0bc5d31b2546345219e348575eb80e9a0?s=96&d=mm&r=g\",\"contentUrl\":\"https:\\\/\\\/secure.gravatar.com\\\/avatar\\\/37d968a2e67a6fd04c169c4bdef102d0bc5d31b2546345219e348575eb80e9a0?s=96&d=mm&r=g\",\"caption\":\"redazione\"},\"sameAs\":[\"http:\\\/\\\/www.bellunopress.it\",\"https:\\\/\\\/x.com\\\/bellunopress\"],\"url\":\"https:\\\/\\\/www.bellunopress.it\\\/fr\\\/author\\\/redazione\\\/\"}]}<\/script>\n<!-- \/ Yoast SEO plugin. -->","yoast_head_json":{"title":"Al via gli Spettacoli di Mistero. Prima data sabato 29 ottobre dal centro citt\u00e0 alle rive del Piave - Bellunopress - Dolomiti","robots":{"index":"index","follow":"follow","max-snippet":"max-snippet:-1","max-image-preview":"max-image-preview:large","max-video-preview":"max-video-preview:-1"},"canonical":"https:\/\/www.bellunopress.it\/fr\/2022\/10\/25\/al-via-gli-spettacoli-di-mistero-prima-data-sabato-29-ottobre-dal-centro-citta-alle-rive-del-piave\/","og_locale":"fr_FR","og_type":"article","og_title":"Al via gli Spettacoli di Mistero. Prima data sabato 29 ottobre dal centro citt\u00e0 alle rive del Piave - Bellunopress - Dolomiti","og_description":"Al via gli &#8220;Spettacoli di Mistero&#8221; proposti dall&#8217;Unpli Belluno per la rassegna regionale promossa da Unpli regionale e Regione del Veneto. La prima data, quella provinciale, \u00e8 sabato 29 ottobre e, grazie all&#8217;apporto della Pro loco Pieve Castionese, si terr\u00e0 proprio nel centro di Belluno, passando per le rive del Piave. L&#8217;appuntamento s&#8217;intitola &#8220;Gocce di [&hellip;]","og_url":"https:\/\/www.bellunopress.it\/fr\/2022\/10\/25\/al-via-gli-spettacoli-di-mistero-prima-data-sabato-29-ottobre-dal-centro-citta-alle-rive-del-piave\/","og_site_name":"Bellunopress - Dolomiti","article_publisher":"https:\/\/www.facebook.com\/profile.php?id=100008943462799","article_published_time":"2022-10-25T08:20:28+00:00","og_image":[{"width":607,"height":923,"url":"https:\/\/www.bellunopress.it\/wp-content\/uploads\/2022\/10\/spettacoli-del-mistero_edited.jpg","type":"image\/jpeg"}],"author":"redazione","twitter_card":"summary_large_image","twitter_creator":"@bellunopress","twitter_site":"@bellunopress","twitter_misc":{"\u00c9crit par":"redazione","Dur\u00e9e de lecture estim\u00e9e":"3 minutes"},"schema":{"@context":"https:\/\/schema.org","@graph":[{"@type":"Article","@id":"https:\/\/www.bellunopress.it\/2022\/10\/25\/al-via-gli-spettacoli-di-mistero-prima-data-sabato-29-ottobre-dal-centro-citta-alle-rive-del-piave\/#article","isPartOf":{"@id":"https:\/\/www.bellunopress.it\/2022\/10\/25\/al-via-gli-spettacoli-di-mistero-prima-data-sabato-29-ottobre-dal-centro-citta-alle-rive-del-piave\/"},"author":{"name":"redazione","@id":"https:\/\/www.bellunopress.it\/#\/schema\/person\/79bb06722b37ece1c03d3e94beb30d73"},"headline":"Al via gli Spettacoli di Mistero. Prima data sabato 29 ottobre dal centro citt\u00e0 alle rive del Piave","datePublished":"2022-10-25T08:20:28+00:00","mainEntityOfPage":{"@id":"https:\/\/www.bellunopress.it\/2022\/10\/25\/al-via-gli-spettacoli-di-mistero-prima-data-sabato-29-ottobre-dal-centro-citta-alle-rive-del-piave\/"},"wordCount":379,"publisher":{"@id":"https:\/\/www.bellunopress.it\/#organization"},"image":{"@id":"https:\/\/www.bellunopress.it\/2022\/10\/25\/al-via-gli-spettacoli-di-mistero-prima-data-sabato-29-ottobre-dal-centro-citta-alle-rive-del-piave\/#primaryimage"},"thumbnailUrl":"https:\/\/www.bellunopress.it\/wp-content\/uploads\/2022\/10\/spettacoli-del-mistero_edited.jpg","articleSection":["Appuntamenti, Eventi","Arte, Cultura, Spettacoli, Scienza","Pausa Caff\u00e8"],"inLanguage":"fr-FR"},{"@type":"WebPage","@id":"https:\/\/www.bellunopress.it\/2022\/10\/25\/al-via-gli-spettacoli-di-mistero-prima-data-sabato-29-ottobre-dal-centro-citta-alle-rive-del-piave\/","url":"https:\/\/www.bellunopress.it\/2022\/10\/25\/al-via-gli-spettacoli-di-mistero-prima-data-sabato-29-ottobre-dal-centro-citta-alle-rive-del-piave\/","name":"Al via gli Spettacoli di Mistero. Prima data sabato 29 ottobre dal centro citt\u00e0 alle rive del Piave - Bellunopress - Dolomiti","isPartOf":{"@id":"https:\/\/www.bellunopress.it\/#website"},"primaryImageOfPage":{"@id":"https:\/\/www.bellunopress.it\/2022\/10\/25\/al-via-gli-spettacoli-di-mistero-prima-data-sabato-29-ottobre-dal-centro-citta-alle-rive-del-piave\/#primaryimage"},"image":{"@id":"https:\/\/www.bellunopress.it\/2022\/10\/25\/al-via-gli-spettacoli-di-mistero-prima-data-sabato-29-ottobre-dal-centro-citta-alle-rive-del-piave\/#primaryimage"},"thumbnailUrl":"https:\/\/www.bellunopress.it\/wp-content\/uploads\/2022\/10\/spettacoli-del-mistero_edited.jpg","datePublished":"2022-10-25T08:20:28+00:00","breadcrumb":{"@id":"https:\/\/www.bellunopress.it\/2022\/10\/25\/al-via-gli-spettacoli-di-mistero-prima-data-sabato-29-ottobre-dal-centro-citta-alle-rive-del-piave\/#breadcrumb"},"inLanguage":"fr-FR","potentialAction":[{"@type":"ReadAction","target":["https:\/\/www.bellunopress.it\/2022\/10\/25\/al-via-gli-spettacoli-di-mistero-prima-data-sabato-29-ottobre-dal-centro-citta-alle-rive-del-piave\/"]}]},{"@type":"ImageObject","inLanguage":"fr-FR","@id":"https:\/\/www.bellunopress.it\/2022\/10\/25\/al-via-gli-spettacoli-di-mistero-prima-data-sabato-29-ottobre-dal-centro-citta-alle-rive-del-piave\/#primaryimage","url":"https:\/\/www.bellunopress.it\/wp-content\/uploads\/2022\/10\/spettacoli-del-mistero_edited.jpg","contentUrl":"https:\/\/www.bellunopress.it\/wp-content\/uploads\/2022\/10\/spettacoli-del-mistero_edited.jpg","width":607,"height":923},{"@type":"BreadcrumbList","@id":"https:\/\/www.bellunopress.it\/2022\/10\/25\/al-via-gli-spettacoli-di-mistero-prima-data-sabato-29-ottobre-dal-centro-citta-alle-rive-del-piave\/#breadcrumb","itemListElement":[{"@type":"ListItem","position":1,"name":"Home","item":"https:\/\/www.bellunopress.it\/"},{"@type":"ListItem","position":2,"name":"Al via gli Spettacoli di Mistero. Prima data sabato 29 ottobre dal centro citt\u00e0 alle rive del Piave"}]},{"@type":"WebSite","@id":"https:\/\/www.bellunopress.it\/#website","url":"https:\/\/www.bellunopress.it\/","name":"Bellunopress - Dolomiti","description":"e-mail: redazione@bellunopress.it","publisher":{"@id":"https:\/\/www.bellunopress.it\/#organization"},"potentialAction":[{"@type":"SearchAction","target":{"@type":"EntryPoint","urlTemplate":"https:\/\/www.bellunopress.it\/?s={search_term_string}"},"query-input":{"@type":"PropertyValueSpecification","valueRequired":true,"valueName":"search_term_string"}}],"inLanguage":"fr-FR"},{"@type":"Organization","@id":"https:\/\/www.bellunopress.it\/#organization","name":"Bellunopress","url":"https:\/\/www.bellunopress.it\/","logo":{"@type":"ImageObject","inLanguage":"fr-FR","@id":"https:\/\/www.bellunopress.it\/#\/schema\/logo\/image\/","url":"https:\/\/www.bellunopress.it\/wp-content\/uploads\/2011\/05\/cropped-logo-bellunopress-.jpg","contentUrl":"https:\/\/www.bellunopress.it\/wp-content\/uploads\/2011\/05\/cropped-logo-bellunopress-.jpg","width":512,"height":512,"caption":"Bellunopress"},"image":{"@id":"https:\/\/www.bellunopress.it\/#\/schema\/logo\/image\/"},"sameAs":["https:\/\/www.facebook.com\/profile.php?id=100008943462799","https:\/\/x.com\/bellunopress","https:\/\/www.linkedin.com\/hp\/?dnr=JBzUWaJfMUw8vbXJJ2tVW5-I3jZKvC4wsoxE&amp;amp;amp;amp;amp;amp;trk=nav_responsive_tab_home","https:\/\/www.youtube.com\/channel\/UCxL0wu1uN0_3_7hGG0306cw"]},{"@type":"Person","@id":"https:\/\/www.bellunopress.it\/#\/schema\/person\/79bb06722b37ece1c03d3e94beb30d73","name":"r\u00e9daction","image":{"@type":"ImageObject","inLanguage":"fr-FR","@id":"https:\/\/secure.gravatar.com\/avatar\/37d968a2e67a6fd04c169c4bdef102d0bc5d31b2546345219e348575eb80e9a0?s=96&d=mm&r=g","url":"https:\/\/secure.gravatar.com\/avatar\/37d968a2e67a6fd04c169c4bdef102d0bc5d31b2546345219e348575eb80e9a0?s=96&d=mm&r=g","contentUrl":"https:\/\/secure.gravatar.com\/avatar\/37d968a2e67a6fd04c169c4bdef102d0bc5d31b2546345219e348575eb80e9a0?s=96&d=mm&r=g","caption":"redazione"},"sameAs":["http:\/\/www.bellunopress.it","https:\/\/x.com\/bellunopress"],"url":"https:\/\/www.bellunopress.it\/fr\/author\/redazione\/"}]}},"_links":{"self":[{"href":"https:\/\/www.bellunopress.it\/fr\/wp-json\/wp\/v2\/posts\/137230","targetHints":{"allow":["GET"]}}],"collection":[{"href":"https:\/\/www.bellunopress.it\/fr\/wp-json\/wp\/v2\/posts"}],"about":[{"href":"https:\/\/www.bellunopress.it\/fr\/wp-json\/wp\/v2\/types\/post"}],"author":[{"embeddable":true,"href":"https:\/\/www.bellunopress.it\/fr\/wp-json\/wp\/v2\/users\/2"}],"replies":[{"embeddable":true,"href":"https:\/\/www.bellunopress.it\/fr\/wp-json\/wp\/v2\/comments?post=137230"}],"version-history":[{"count":1,"href":"https:\/\/www.bellunopress.it\/fr\/wp-json\/wp\/v2\/posts\/137230\/revisions"}],"predecessor-version":[{"id":137232,"href":"https:\/\/www.bellunopress.it\/fr\/wp-json\/wp\/v2\/posts\/137230\/revisions\/137232"}],"wp:featuredmedia":[{"embeddable":true,"href":"https:\/\/www.bellunopress.it\/fr\/wp-json\/wp\/v2\/media\/137231"}],"wp:attachment":[{"href":"https:\/\/www.bellunopress.it\/fr\/wp-json\/wp\/v2\/media?parent=137230"}],"wp:term":[{"taxonomy":"category","embeddable":true,"href":"https:\/\/www.bellunopress.it\/fr\/wp-json\/wp\/v2\/categories?post=137230"},{"taxonomy":"post_tag","embeddable":true,"href":"https:\/\/www.bellunopress.it\/fr\/wp-json\/wp\/v2\/tags?post=137230"}],"curies":[{"name":"wp","href":"https:\/\/api.w.org\/{rel}","templated":true}]}}