{"id":137220,"date":"2022-10-24T18:37:24","date_gmt":"2022-10-24T16:37:24","guid":{"rendered":"https:\/\/www.bellunopress.it\/?p=137220"},"modified":"2022-10-24T18:37:24","modified_gmt":"2022-10-24T16:37:24","slug":"anche-belluno-al-meeting-delle-citta-alpine","status":"publish","type":"post","link":"https:\/\/www.bellunopress.it\/fr\/2022\/10\/24\/anche-belluno-al-meeting-delle-citta-alpine\/","title":{"rendered":"Anche Belluno al meeting delle citt\u00e0 alpine"},"content":{"rendered":"<figure id=\"attachment_137221\" aria-describedby=\"caption-attachment-137221\" style=\"width: 748px\" class=\"wp-caption alignleft\"><img loading=\"lazy\" decoding=\"async\" class=\"size-full wp-image-137221\" src=\"https:\/\/www.bellunopress.it\/wp-content\/uploads\/2022\/10\/Luciani-assessore.jpg\" alt=\"\" width=\"748\" height=\"731\" srcset=\"https:\/\/www.bellunopress.it\/wp-content\/uploads\/2022\/10\/Luciani-assessore.jpg 748w, https:\/\/www.bellunopress.it\/wp-content\/uploads\/2022\/10\/Luciani-assessore-500x489.jpg 500w, https:\/\/www.bellunopress.it\/wp-content\/uploads\/2022\/10\/Luciani-assessore-696x680.jpg 696w, https:\/\/www.bellunopress.it\/wp-content\/uploads\/2022\/10\/Luciani-assessore-430x420.jpg 430w\" sizes=\"auto, (max-width: 748px) 100vw, 748px\" \/><figcaption id=\"caption-attachment-137221\" class=\"wp-caption-text\">Paolo Luciani, assessore al Turismo del Comune di Belluno<\/figcaption><\/figure>\n<p>\u201cBelluno sempre pi\u00f9 riferimento dell\u2019arco alpino, l\u2019assemblea annuale delle citt\u00e0 alpine ci ha dato la conferma\u201d. A dirlo \u00e8 l\u2019assessore al turismo Paolo Luciani, a margine del meeting a Passy dei giorni scorsi.<\/p>\n<p>La citt\u00e0 francese ha festeggiato il suo titolo di \u201cCitt\u00e0 Alpina dell\u2019anno 2022\u201d insieme alle delegazioni di altre citt\u00e0 appartenenti all\u2019associazione che reca lo stesso nome del titolo e a numerosi cittadine e cittadini di Passy. Il sindaco Rapha\u00ebl Cast\u00e9ra ha presentato le iniziative gi\u00e0 realizzate nonch\u00e9 le iniziative future volte allo sviluppo sostenibile della citt\u00e0. Ai festeggiamenti era presente anche Belluno, attraverso l\u2019assessore al turismo Paolo Luciani.<\/p>\n<p>\u201cBelluno \u00e8 membro della rete dal 1999, va da s\u00e9 che in questi anni \u00e8 riuscita a ritagliarsi un ruolo e uno spazio che, come amministrazione, vogliamo confermare e potenziare \u2013 dichiara Luciani -, secondo l\u2019obiettivo che ci siamo posti di rendere la citt\u00e0 sempre pi\u00f9 capoluogo delle Dolomiti. Il meeting \u00e8 stato l\u2019occasione per fare il punto sugli obiettivi da perseguire da qui ai prossimi due anni, verranno affrontati temi sui quali come Comune stiamo gi\u00e0 lavorando perci\u00f2 contiamo di dare il nostro contributo. Parlo della qualit\u00e0 della vita e dell\u2019aria, del risparmio delle risorse. Usciranno bandi, saranno messe a disposizione risorse e noi vogliamo farci trovare pronti.<\/p>\n<p>La nostra presenza a Passy \u00e8 stata fondamentale per essere al centro dell\u2019attivit\u00e0 della rete della quale facciamo orgogliosamente parte, siamo certi che ragionare oltre i nostri confini, lavorare e progettare con realt\u00e0 simili alla nostra possa essere uno stimolo anche per tutta la comunit\u00e0\u201d.<\/p>","protected":false},"excerpt":{"rendered":"<p>\u201cBelluno sempre pi\u00f9 riferimento dell\u2019arco alpino, l\u2019assemblea annuale delle citt\u00e0 alpine ci ha dato la conferma\u201d. A dirlo \u00e8 l\u2019assessore al turismo Paolo Luciani, a margine del meeting a Passy dei giorni scorsi. La citt\u00e0 francese ha festeggiato il suo titolo di \u201cCitt\u00e0 Alpina dell\u2019anno 2022\u201d insieme alle delegazioni di altre citt\u00e0 appartenenti all\u2019associazione che [&hellip;]<\/p>\n","protected":false},"author":2,"featured_media":137221,"comment_status":"closed","ping_status":"open","sticky":false,"template":"","format":"standard","meta":{"footnotes":""},"categories":[5],"tags":[],"class_list":["post-137220","post","type-post","status-publish","format-standard","has-post-thumbnail","category-cronaca"],"yoast_head":"<!-- This site is optimized with the Yoast SEO plugin v28.4 - https:\/\/yoast.com\/product\/yoast-seo-wordpress\/ -->\n<title>Anche Belluno al meeting delle citt\u00e0 alpine - Bellunopress - Dolomiti<\/title>\n<meta name=\"robots\" content=\"index, follow, max-snippet:-1, max-image-preview:large, max-video-preview:-1\" \/>\n<link rel=\"canonical\" href=\"https:\/\/www.bellunopress.it\/fr\/2022\/10\/24\/anche-belluno-al-meeting-delle-citta-alpine\/\" \/>\n<meta property=\"og:locale\" content=\"fr_FR\" \/>\n<meta property=\"og:type\" content=\"article\" \/>\n<meta property=\"og:title\" content=\"Anche Belluno al meeting delle citt\u00e0 alpine - Bellunopress - Dolomiti\" \/>\n<meta property=\"og:description\" content=\"\u201cBelluno sempre pi\u00f9 riferimento dell\u2019arco alpino, l\u2019assemblea annuale delle citt\u00e0 alpine ci ha dato la conferma\u201d. A dirlo \u00e8 l\u2019assessore al turismo Paolo Luciani, a margine del meeting a Passy dei giorni scorsi. La citt\u00e0 francese ha festeggiato il suo titolo di \u201cCitt\u00e0 Alpina dell\u2019anno 2022\u201d insieme alle delegazioni di altre citt\u00e0 appartenenti all\u2019associazione che [&hellip;]\" \/>\n<meta property=\"og:url\" content=\"https:\/\/www.bellunopress.it\/fr\/2022\/10\/24\/anche-belluno-al-meeting-delle-citta-alpine\/\" \/>\n<meta property=\"og:site_name\" content=\"Bellunopress - Dolomiti\" \/>\n<meta property=\"article:publisher\" content=\"https:\/\/www.facebook.com\/profile.php?id=100008943462799\" \/>\n<meta property=\"article:published_time\" content=\"2022-10-24T16:37:24+00:00\" \/>\n<meta property=\"og:image\" content=\"https:\/\/www.bellunopress.it\/wp-content\/uploads\/2022\/10\/Luciani-assessore.jpg\" \/>\n\t<meta property=\"og:image:width\" content=\"748\" \/>\n\t<meta property=\"og:image:height\" content=\"731\" \/>\n\t<meta property=\"og:image:type\" content=\"image\/jpeg\" \/>\n<meta name=\"author\" content=\"redazione\" \/>\n<meta name=\"twitter:card\" content=\"summary_large_image\" \/>\n<meta name=\"twitter:creator\" content=\"@bellunopress\" \/>\n<meta name=\"twitter:site\" content=\"@bellunopress\" \/>\n<meta name=\"twitter:label1\" content=\"\u00c9crit par\" \/>\n\t<meta name=\"twitter:data1\" content=\"redazione\" \/>\n\t<meta name=\"twitter:label2\" content=\"Dur\u00e9e de lecture estim\u00e9e\" \/>\n\t<meta name=\"twitter:data2\" content=\"2 minutes\" \/>\n<script type=\"application\/ld+json\" class=\"yoast-schema-graph\">{\"@context\":\"https:\\\/\\\/schema.org\",\"@graph\":[{\"@type\":\"Article\",\"@id\":\"https:\\\/\\\/www.bellunopress.it\\\/2022\\\/10\\\/24\\\/anche-belluno-al-meeting-delle-citta-alpine\\\/#article\",\"isPartOf\":{\"@id\":\"https:\\\/\\\/www.bellunopress.it\\\/2022\\\/10\\\/24\\\/anche-belluno-al-meeting-delle-citta-alpine\\\/\"},\"author\":{\"name\":\"redazione\",\"@id\":\"https:\\\/\\\/www.bellunopress.it\\\/#\\\/schema\\\/person\\\/79bb06722b37ece1c03d3e94beb30d73\"},\"headline\":\"Anche Belluno al meeting delle citt\u00e0 alpine\",\"datePublished\":\"2022-10-24T16:37:24+00:00\",\"mainEntityOfPage\":{\"@id\":\"https:\\\/\\\/www.bellunopress.it\\\/2022\\\/10\\\/24\\\/anche-belluno-al-meeting-delle-citta-alpine\\\/\"},\"wordCount\":282,\"publisher\":{\"@id\":\"https:\\\/\\\/www.bellunopress.it\\\/#organization\"},\"image\":{\"@id\":\"https:\\\/\\\/www.bellunopress.it\\\/2022\\\/10\\\/24\\\/anche-belluno-al-meeting-delle-citta-alpine\\\/#primaryimage\"},\"thumbnailUrl\":\"https:\\\/\\\/www.bellunopress.it\\\/wp-content\\\/uploads\\\/2022\\\/10\\\/Luciani-assessore.jpg\",\"articleSection\":[\"Cronaca\\\/Politica\"],\"inLanguage\":\"fr-FR\"},{\"@type\":\"WebPage\",\"@id\":\"https:\\\/\\\/www.bellunopress.it\\\/2022\\\/10\\\/24\\\/anche-belluno-al-meeting-delle-citta-alpine\\\/\",\"url\":\"https:\\\/\\\/www.bellunopress.it\\\/2022\\\/10\\\/24\\\/anche-belluno-al-meeting-delle-citta-alpine\\\/\",\"name\":\"Anche Belluno al meeting delle citt\u00e0 alpine - Bellunopress - Dolomiti\",\"isPartOf\":{\"@id\":\"https:\\\/\\\/www.bellunopress.it\\\/#website\"},\"primaryImageOfPage\":{\"@id\":\"https:\\\/\\\/www.bellunopress.it\\\/2022\\\/10\\\/24\\\/anche-belluno-al-meeting-delle-citta-alpine\\\/#primaryimage\"},\"image\":{\"@id\":\"https:\\\/\\\/www.bellunopress.it\\\/2022\\\/10\\\/24\\\/anche-belluno-al-meeting-delle-citta-alpine\\\/#primaryimage\"},\"thumbnailUrl\":\"https:\\\/\\\/www.bellunopress.it\\\/wp-content\\\/uploads\\\/2022\\\/10\\\/Luciani-assessore.jpg\",\"datePublished\":\"2022-10-24T16:37:24+00:00\",\"breadcrumb\":{\"@id\":\"https:\\\/\\\/www.bellunopress.it\\\/2022\\\/10\\\/24\\\/anche-belluno-al-meeting-delle-citta-alpine\\\/#breadcrumb\"},\"inLanguage\":\"fr-FR\",\"potentialAction\":[{\"@type\":\"ReadAction\",\"target\":[\"https:\\\/\\\/www.bellunopress.it\\\/2022\\\/10\\\/24\\\/anche-belluno-al-meeting-delle-citta-alpine\\\/\"]}]},{\"@type\":\"ImageObject\",\"inLanguage\":\"fr-FR\",\"@id\":\"https:\\\/\\\/www.bellunopress.it\\\/2022\\\/10\\\/24\\\/anche-belluno-al-meeting-delle-citta-alpine\\\/#primaryimage\",\"url\":\"https:\\\/\\\/www.bellunopress.it\\\/wp-content\\\/uploads\\\/2022\\\/10\\\/Luciani-assessore.jpg\",\"contentUrl\":\"https:\\\/\\\/www.bellunopress.it\\\/wp-content\\\/uploads\\\/2022\\\/10\\\/Luciani-assessore.jpg\",\"width\":748,\"height\":731,\"caption\":\"Paolo Luciani, assessore al Turismo del Comune di Belluno\"},{\"@type\":\"BreadcrumbList\",\"@id\":\"https:\\\/\\\/www.bellunopress.it\\\/2022\\\/10\\\/24\\\/anche-belluno-al-meeting-delle-citta-alpine\\\/#breadcrumb\",\"itemListElement\":[{\"@type\":\"ListItem\",\"position\":1,\"name\":\"Home\",\"item\":\"https:\\\/\\\/www.bellunopress.it\\\/\"},{\"@type\":\"ListItem\",\"position\":2,\"name\":\"Anche Belluno al meeting delle citt\u00e0 alpine\"}]},{\"@type\":\"WebSite\",\"@id\":\"https:\\\/\\\/www.bellunopress.it\\\/#website\",\"url\":\"https:\\\/\\\/www.bellunopress.it\\\/\",\"name\":\"Bellunopress - Dolomiti\",\"description\":\"e-mail: redazione@bellunopress.it\",\"publisher\":{\"@id\":\"https:\\\/\\\/www.bellunopress.it\\\/#organization\"},\"potentialAction\":[{\"@type\":\"SearchAction\",\"target\":{\"@type\":\"EntryPoint\",\"urlTemplate\":\"https:\\\/\\\/www.bellunopress.it\\\/?s={search_term_string}\"},\"query-input\":{\"@type\":\"PropertyValueSpecification\",\"valueRequired\":true,\"valueName\":\"search_term_string\"}}],\"inLanguage\":\"fr-FR\"},{\"@type\":\"Organization\",\"@id\":\"https:\\\/\\\/www.bellunopress.it\\\/#organization\",\"name\":\"Bellunopress\",\"url\":\"https:\\\/\\\/www.bellunopress.it\\\/\",\"logo\":{\"@type\":\"ImageObject\",\"inLanguage\":\"fr-FR\",\"@id\":\"https:\\\/\\\/www.bellunopress.it\\\/#\\\/schema\\\/logo\\\/image\\\/\",\"url\":\"https:\\\/\\\/www.bellunopress.it\\\/wp-content\\\/uploads\\\/2011\\\/05\\\/cropped-logo-bellunopress-.jpg\",\"contentUrl\":\"https:\\\/\\\/www.bellunopress.it\\\/wp-content\\\/uploads\\\/2011\\\/05\\\/cropped-logo-bellunopress-.jpg\",\"width\":512,\"height\":512,\"caption\":\"Bellunopress\"},\"image\":{\"@id\":\"https:\\\/\\\/www.bellunopress.it\\\/#\\\/schema\\\/logo\\\/image\\\/\"},\"sameAs\":[\"https:\\\/\\\/www.facebook.com\\\/profile.php?id=100008943462799\",\"https:\\\/\\\/x.com\\\/bellunopress\",\"https:\\\/\\\/www.linkedin.com\\\/hp\\\/?dnr=JBzUWaJfMUw8vbXJJ2tVW5-I3jZKvC4wsoxE&amp;amp;amp;amp;amp;amp;trk=nav_responsive_tab_home\",\"https:\\\/\\\/www.youtube.com\\\/channel\\\/UCxL0wu1uN0_3_7hGG0306cw\"]},{\"@type\":\"Person\",\"@id\":\"https:\\\/\\\/www.bellunopress.it\\\/#\\\/schema\\\/person\\\/79bb06722b37ece1c03d3e94beb30d73\",\"name\":\"redazione\",\"image\":{\"@type\":\"ImageObject\",\"inLanguage\":\"fr-FR\",\"@id\":\"https:\\\/\\\/secure.gravatar.com\\\/avatar\\\/37d968a2e67a6fd04c169c4bdef102d0bc5d31b2546345219e348575eb80e9a0?s=96&d=mm&r=g\",\"url\":\"https:\\\/\\\/secure.gravatar.com\\\/avatar\\\/37d968a2e67a6fd04c169c4bdef102d0bc5d31b2546345219e348575eb80e9a0?s=96&d=mm&r=g\",\"contentUrl\":\"https:\\\/\\\/secure.gravatar.com\\\/avatar\\\/37d968a2e67a6fd04c169c4bdef102d0bc5d31b2546345219e348575eb80e9a0?s=96&d=mm&r=g\",\"caption\":\"redazione\"},\"sameAs\":[\"http:\\\/\\\/www.bellunopress.it\",\"https:\\\/\\\/x.com\\\/bellunopress\"],\"url\":\"https:\\\/\\\/www.bellunopress.it\\\/fr\\\/author\\\/redazione\\\/\"}]}<\/script>\n<!-- \/ Yoast SEO plugin. -->","yoast_head_json":{"title":"Anche Belluno al meeting delle citt\u00e0 alpine - Bellunopress - Dolomiti","robots":{"index":"index","follow":"follow","max-snippet":"max-snippet:-1","max-image-preview":"max-image-preview:large","max-video-preview":"max-video-preview:-1"},"canonical":"https:\/\/www.bellunopress.it\/fr\/2022\/10\/24\/anche-belluno-al-meeting-delle-citta-alpine\/","og_locale":"fr_FR","og_type":"article","og_title":"Anche Belluno al meeting delle citt\u00e0 alpine - Bellunopress - Dolomiti","og_description":"\u201cBelluno sempre pi\u00f9 riferimento dell\u2019arco alpino, l\u2019assemblea annuale delle citt\u00e0 alpine ci ha dato la conferma\u201d. A dirlo \u00e8 l\u2019assessore al turismo Paolo Luciani, a margine del meeting a Passy dei giorni scorsi. La citt\u00e0 francese ha festeggiato il suo titolo di \u201cCitt\u00e0 Alpina dell\u2019anno 2022\u201d insieme alle delegazioni di altre citt\u00e0 appartenenti all\u2019associazione che [&hellip;]","og_url":"https:\/\/www.bellunopress.it\/fr\/2022\/10\/24\/anche-belluno-al-meeting-delle-citta-alpine\/","og_site_name":"Bellunopress - Dolomiti","article_publisher":"https:\/\/www.facebook.com\/profile.php?id=100008943462799","article_published_time":"2022-10-24T16:37:24+00:00","og_image":[{"width":748,"height":731,"url":"https:\/\/www.bellunopress.it\/wp-content\/uploads\/2022\/10\/Luciani-assessore.jpg","type":"image\/jpeg"}],"author":"redazione","twitter_card":"summary_large_image","twitter_creator":"@bellunopress","twitter_site":"@bellunopress","twitter_misc":{"\u00c9crit par":"redazione","Dur\u00e9e de lecture estim\u00e9e":"2 minutes"},"schema":{"@context":"https:\/\/schema.org","@graph":[{"@type":"Article","@id":"https:\/\/www.bellunopress.it\/2022\/10\/24\/anche-belluno-al-meeting-delle-citta-alpine\/#article","isPartOf":{"@id":"https:\/\/www.bellunopress.it\/2022\/10\/24\/anche-belluno-al-meeting-delle-citta-alpine\/"},"author":{"name":"redazione","@id":"https:\/\/www.bellunopress.it\/#\/schema\/person\/79bb06722b37ece1c03d3e94beb30d73"},"headline":"Anche Belluno al meeting delle citt\u00e0 alpine","datePublished":"2022-10-24T16:37:24+00:00","mainEntityOfPage":{"@id":"https:\/\/www.bellunopress.it\/2022\/10\/24\/anche-belluno-al-meeting-delle-citta-alpine\/"},"wordCount":282,"publisher":{"@id":"https:\/\/www.bellunopress.it\/#organization"},"image":{"@id":"https:\/\/www.bellunopress.it\/2022\/10\/24\/anche-belluno-al-meeting-delle-citta-alpine\/#primaryimage"},"thumbnailUrl":"https:\/\/www.bellunopress.it\/wp-content\/uploads\/2022\/10\/Luciani-assessore.jpg","articleSection":["Cronaca\/Politica"],"inLanguage":"fr-FR"},{"@type":"WebPage","@id":"https:\/\/www.bellunopress.it\/2022\/10\/24\/anche-belluno-al-meeting-delle-citta-alpine\/","url":"https:\/\/www.bellunopress.it\/2022\/10\/24\/anche-belluno-al-meeting-delle-citta-alpine\/","name":"Anche Belluno al meeting delle citt\u00e0 alpine - Bellunopress - Dolomiti","isPartOf":{"@id":"https:\/\/www.bellunopress.it\/#website"},"primaryImageOfPage":{"@id":"https:\/\/www.bellunopress.it\/2022\/10\/24\/anche-belluno-al-meeting-delle-citta-alpine\/#primaryimage"},"image":{"@id":"https:\/\/www.bellunopress.it\/2022\/10\/24\/anche-belluno-al-meeting-delle-citta-alpine\/#primaryimage"},"thumbnailUrl":"https:\/\/www.bellunopress.it\/wp-content\/uploads\/2022\/10\/Luciani-assessore.jpg","datePublished":"2022-10-24T16:37:24+00:00","breadcrumb":{"@id":"https:\/\/www.bellunopress.it\/2022\/10\/24\/anche-belluno-al-meeting-delle-citta-alpine\/#breadcrumb"},"inLanguage":"fr-FR","potentialAction":[{"@type":"ReadAction","target":["https:\/\/www.bellunopress.it\/2022\/10\/24\/anche-belluno-al-meeting-delle-citta-alpine\/"]}]},{"@type":"ImageObject","inLanguage":"fr-FR","@id":"https:\/\/www.bellunopress.it\/2022\/10\/24\/anche-belluno-al-meeting-delle-citta-alpine\/#primaryimage","url":"https:\/\/www.bellunopress.it\/wp-content\/uploads\/2022\/10\/Luciani-assessore.jpg","contentUrl":"https:\/\/www.bellunopress.it\/wp-content\/uploads\/2022\/10\/Luciani-assessore.jpg","width":748,"height":731,"caption":"Paolo Luciani, assessore al Turismo del Comune di Belluno"},{"@type":"BreadcrumbList","@id":"https:\/\/www.bellunopress.it\/2022\/10\/24\/anche-belluno-al-meeting-delle-citta-alpine\/#breadcrumb","itemListElement":[{"@type":"ListItem","position":1,"name":"Home","item":"https:\/\/www.bellunopress.it\/"},{"@type":"ListItem","position":2,"name":"Anche Belluno al meeting delle citt\u00e0 alpine"}]},{"@type":"WebSite","@id":"https:\/\/www.bellunopress.it\/#website","url":"https:\/\/www.bellunopress.it\/","name":"Bellunopress - Dolomiti","description":"e-mail: redazione@bellunopress.it","publisher":{"@id":"https:\/\/www.bellunopress.it\/#organization"},"potentialAction":[{"@type":"SearchAction","target":{"@type":"EntryPoint","urlTemplate":"https:\/\/www.bellunopress.it\/?s={search_term_string}"},"query-input":{"@type":"PropertyValueSpecification","valueRequired":true,"valueName":"search_term_string"}}],"inLanguage":"fr-FR"},{"@type":"Organization","@id":"https:\/\/www.bellunopress.it\/#organization","name":"Bellunopress","url":"https:\/\/www.bellunopress.it\/","logo":{"@type":"ImageObject","inLanguage":"fr-FR","@id":"https:\/\/www.bellunopress.it\/#\/schema\/logo\/image\/","url":"https:\/\/www.bellunopress.it\/wp-content\/uploads\/2011\/05\/cropped-logo-bellunopress-.jpg","contentUrl":"https:\/\/www.bellunopress.it\/wp-content\/uploads\/2011\/05\/cropped-logo-bellunopress-.jpg","width":512,"height":512,"caption":"Bellunopress"},"image":{"@id":"https:\/\/www.bellunopress.it\/#\/schema\/logo\/image\/"},"sameAs":["https:\/\/www.facebook.com\/profile.php?id=100008943462799","https:\/\/x.com\/bellunopress","https:\/\/www.linkedin.com\/hp\/?dnr=JBzUWaJfMUw8vbXJJ2tVW5-I3jZKvC4wsoxE&amp;amp;amp;amp;amp;amp;trk=nav_responsive_tab_home","https:\/\/www.youtube.com\/channel\/UCxL0wu1uN0_3_7hGG0306cw"]},{"@type":"Person","@id":"https:\/\/www.bellunopress.it\/#\/schema\/person\/79bb06722b37ece1c03d3e94beb30d73","name":"r\u00e9daction","image":{"@type":"ImageObject","inLanguage":"fr-FR","@id":"https:\/\/secure.gravatar.com\/avatar\/37d968a2e67a6fd04c169c4bdef102d0bc5d31b2546345219e348575eb80e9a0?s=96&d=mm&r=g","url":"https:\/\/secure.gravatar.com\/avatar\/37d968a2e67a6fd04c169c4bdef102d0bc5d31b2546345219e348575eb80e9a0?s=96&d=mm&r=g","contentUrl":"https:\/\/secure.gravatar.com\/avatar\/37d968a2e67a6fd04c169c4bdef102d0bc5d31b2546345219e348575eb80e9a0?s=96&d=mm&r=g","caption":"redazione"},"sameAs":["http:\/\/www.bellunopress.it","https:\/\/x.com\/bellunopress"],"url":"https:\/\/www.bellunopress.it\/fr\/author\/redazione\/"}]}},"_links":{"self":[{"href":"https:\/\/www.bellunopress.it\/fr\/wp-json\/wp\/v2\/posts\/137220","targetHints":{"allow":["GET"]}}],"collection":[{"href":"https:\/\/www.bellunopress.it\/fr\/wp-json\/wp\/v2\/posts"}],"about":[{"href":"https:\/\/www.bellunopress.it\/fr\/wp-json\/wp\/v2\/types\/post"}],"author":[{"embeddable":true,"href":"https:\/\/www.bellunopress.it\/fr\/wp-json\/wp\/v2\/users\/2"}],"replies":[{"embeddable":true,"href":"https:\/\/www.bellunopress.it\/fr\/wp-json\/wp\/v2\/comments?post=137220"}],"version-history":[{"count":1,"href":"https:\/\/www.bellunopress.it\/fr\/wp-json\/wp\/v2\/posts\/137220\/revisions"}],"predecessor-version":[{"id":137222,"href":"https:\/\/www.bellunopress.it\/fr\/wp-json\/wp\/v2\/posts\/137220\/revisions\/137222"}],"wp:featuredmedia":[{"embeddable":true,"href":"https:\/\/www.bellunopress.it\/fr\/wp-json\/wp\/v2\/media\/137221"}],"wp:attachment":[{"href":"https:\/\/www.bellunopress.it\/fr\/wp-json\/wp\/v2\/media?parent=137220"}],"wp:term":[{"taxonomy":"category","embeddable":true,"href":"https:\/\/www.bellunopress.it\/fr\/wp-json\/wp\/v2\/categories?post=137220"},{"taxonomy":"post_tag","embeddable":true,"href":"https:\/\/www.bellunopress.it\/fr\/wp-json\/wp\/v2\/tags?post=137220"}],"curies":[{"name":"wp","href":"https:\/\/api.w.org\/{rel}","templated":true}]}}