{"id":137210,"date":"2022-10-24T17:20:41","date_gmt":"2022-10-24T15:20:41","guid":{"rendered":"https:\/\/www.bellunopress.it\/?p=137210"},"modified":"2022-10-24T17:20:41","modified_gmt":"2022-10-24T15:20:41","slug":"taglio-del-nastro-per-le-nuove-colonnine-elettriche-fast-a-longarone","status":"publish","type":"post","link":"https:\/\/www.bellunopress.it\/fr\/2022\/10\/24\/taglio-del-nastro-per-le-nuove-colonnine-elettriche-fast-a-longarone\/","title":{"rendered":"Taglio del nastro per le nuove colonnine elettriche fast a Longarone"},"content":{"rendered":"<p><img loading=\"lazy\" decoding=\"async\" class=\"alignleft size-full wp-image-137211\" src=\"https:\/\/www.bellunopress.it\/wp-content\/uploads\/2022\/10\/Ricarica-auto-elettrica-Gas-Gas-Longarone.jpg\" alt=\"\" width=\"1000\" height=\"595\" srcset=\"https:\/\/www.bellunopress.it\/wp-content\/uploads\/2022\/10\/Ricarica-auto-elettrica-Gas-Gas-Longarone.jpg 1000w, https:\/\/www.bellunopress.it\/wp-content\/uploads\/2022\/10\/Ricarica-auto-elettrica-Gas-Gas-Longarone-500x298.jpg 500w, https:\/\/www.bellunopress.it\/wp-content\/uploads\/2022\/10\/Ricarica-auto-elettrica-Gas-Gas-Longarone-696x414.jpg 696w, https:\/\/www.bellunopress.it\/wp-content\/uploads\/2022\/10\/Ricarica-auto-elettrica-Gas-Gas-Longarone-706x420.jpg 706w\" sizes=\"auto, (max-width: 1000px) 100vw, 1000px\" \/>Longarone, 24 ottobre 2022 &#8211; Per il Sindaco Padrin \u00e8 \u201cun servizio molto importante per la comunit\u00e0 di Longarone, per i visitatori della Fiera e per tutte le persone che transiteranno\u201d. Soddisfatto il Presidente Bellati \u201ccon questo servizio vogliamo essere di buon esempio per altri Enti e soggetti\u201d.<\/p>\n<p>Si \u00e8 tenuta luned\u00ec 10 ottobre, nel pomeriggio durante la prima giornata di Dolomiti HoReCa e Dolomiti Show, la cerimonia che ha ufficializzato il nuovo servizio di ricarica per le auto elettriche messo a disposizione da Longarone Fiere Dolomiti.<br \/>\nA tagliare il nastro il Presidente della Provincia di Belluno e Sindaco di Longarone, Roberto Padrin: \u201cQuesta bellissima colonnina penso possa essere un servizio molto importante per la comunit\u00e0 di Longarone, per i visitatori della Fiera e per tutte le persone che transiteranno su questa strada che porta verso il Cadore. Ormai dobbiamo essere al passo con i tempi e questi investimenti sono fondamentali per garantire agli utenti della strada di poter avere delle alternative alla classica benzina i cui costi, poi stanno salendo in maniera vertiginosa. Sicuramente il futuro \u00e8 rappresentato dalle auto elettriche e questo servizio si inserisce in questo contesto. Sono convinto che altri investimenti del genere saranno opportuni da qua fino a Cortina\u201d.<\/p>\n<p>Grande soddisfazione anche da parte del Presidente di Longarone Fiere Dolomiti, Gian Angelo Bellati: \u201cLa Fiera \u00e8 al servizio del territorio. Quindi abbiamo pensato di proporre questo servizio agli automobilisti, quelli ovviamente che hanno delle macchine elettriche. Abbiamo queste colonnine della Gas Gas, un&#8217;azienda che ha vinto un bando di gara ed \u00e8 stata selezionata proprio per questo. Le colonnine funzionano molto bene, perch\u00e9 abbiamo sentito gli utenti, automobilisti, che sono contenti. Auspichiamo che su tutta la tratta da qui fino a Cortina ci sia la possibilit\u00e0 di avere ulteriori colonnine, perch\u00e9 siamo a disposizione delle imprese, dei cittadini, del territorio. Con questo servizio vogliamo anche essere di buon esempio per altri soggetti che vogliano dare la possibilit\u00e0 a chi possiede una macchina elettrica di poterla ricaricare con semplicit\u00e0 e con velocit\u00e0. Perch\u00e9 qui abbiamo anche la ricarica veloce, e chi \u00e8 esperto del settore sa che ci vuole poco tempo per ricarica la propria auto. Quindi avanti anche gli altri Enti, sulla tratta soprattutto fino a Cortina\u201d.<\/p>\n<p>Presente all\u2019inaugurazione l\u2019Amministratore Unico di Gas Gas, Alessandro Vigilanti: \u201cRingraziamo la Fiera di Longarone per aver ospitato una delle nostre colonnine pi\u00f9 potenti in Italia. Ad oggi abbiamo circa 100 punti di ricarica gi\u00e0 attivi, un portafoglio da 300 e piani per 2000 punti di ricarica. Una visione di una mobilit\u00e0 elettrica che renda pi\u00f9 sostenibili i trasporti e che vengano decarbonizzati, come ci viene richiesto dall&#8217;Europa, ma anche dagli utenti sono oggi pronti per una mobilit\u00e0 elettrica\u201d.<\/p>\n<p>Sicuramente un tassello importante nei servizi indispensabili sul territorio. Per i bellunesi e per i visitatori delle manifestazioni fieristiche che si tengono a Longarone. Per i turisti che sempre pi\u00f9 transiteranno in queste zone grazie all\u2019attrattivit\u00e0 in forte crescita della montagna bellunese e delle Dolomiti, sostenuta anche dai tanti eventi importanti che vi faranno tappa nei prossimi anni. Dal Giro d\u2019Italia del 2023 e via via fino alle Olimpiadi invernali di Milano-Cortina 2026. Appuntamenti nei quali l\u2019approccio sostenibile rappresenta un elemento ormai imprescindibile.<\/p>","protected":false},"excerpt":{"rendered":"<p>Longarone, 24 ottobre 2022 &#8211; Per il Sindaco Padrin \u00e8 \u201cun servizio molto importante per la comunit\u00e0 di Longarone, per i visitatori della Fiera e per tutte le persone che transiteranno\u201d. Soddisfatto il Presidente Bellati \u201ccon questo servizio vogliamo essere di buon esempio per altri Enti e soggetti\u201d. Si \u00e8 tenuta luned\u00ec 10 ottobre, nel [&hellip;]<\/p>\n","protected":false},"author":2,"featured_media":137211,"comment_status":"closed","ping_status":"open","sticky":false,"template":"","format":"standard","meta":{"footnotes":""},"categories":[5],"tags":[],"class_list":["post-137210","post","type-post","status-publish","format-standard","has-post-thumbnail","category-cronaca"],"yoast_head":"<!-- This site is optimized with the Yoast SEO plugin v28.4 - https:\/\/yoast.com\/product\/yoast-seo-wordpress\/ -->\n<title>Taglio del nastro per le nuove colonnine elettriche fast a Longarone - Bellunopress - Dolomiti<\/title>\n<meta name=\"robots\" content=\"index, follow, max-snippet:-1, max-image-preview:large, max-video-preview:-1\" \/>\n<link rel=\"canonical\" href=\"https:\/\/www.bellunopress.it\/fr\/2022\/10\/24\/taglio-del-nastro-per-le-nuove-colonnine-elettriche-fast-a-longarone\/\" \/>\n<meta property=\"og:locale\" content=\"fr_FR\" \/>\n<meta property=\"og:type\" content=\"article\" \/>\n<meta property=\"og:title\" content=\"Taglio del nastro per le nuove colonnine elettriche fast a Longarone - Bellunopress - Dolomiti\" \/>\n<meta property=\"og:description\" content=\"Longarone, 24 ottobre 2022 &#8211; Per il Sindaco Padrin \u00e8 \u201cun servizio molto importante per la comunit\u00e0 di Longarone, per i visitatori della Fiera e per tutte le persone che transiteranno\u201d. Soddisfatto il Presidente Bellati \u201ccon questo servizio vogliamo essere di buon esempio per altri Enti e soggetti\u201d. Si \u00e8 tenuta luned\u00ec 10 ottobre, nel [&hellip;]\" \/>\n<meta property=\"og:url\" content=\"https:\/\/www.bellunopress.it\/fr\/2022\/10\/24\/taglio-del-nastro-per-le-nuove-colonnine-elettriche-fast-a-longarone\/\" \/>\n<meta property=\"og:site_name\" content=\"Bellunopress - Dolomiti\" \/>\n<meta property=\"article:publisher\" content=\"https:\/\/www.facebook.com\/profile.php?id=100008943462799\" \/>\n<meta property=\"article:published_time\" content=\"2022-10-24T15:20:41+00:00\" \/>\n<meta property=\"og:image\" content=\"https:\/\/www.bellunopress.it\/wp-content\/uploads\/2022\/10\/Ricarica-auto-elettrica-Gas-Gas-Longarone.jpg\" \/>\n\t<meta property=\"og:image:width\" content=\"1000\" \/>\n\t<meta property=\"og:image:height\" content=\"595\" \/>\n\t<meta property=\"og:image:type\" content=\"image\/jpeg\" \/>\n<meta name=\"author\" content=\"redazione\" \/>\n<meta name=\"twitter:card\" content=\"summary_large_image\" \/>\n<meta name=\"twitter:creator\" content=\"@bellunopress\" \/>\n<meta name=\"twitter:site\" content=\"@bellunopress\" \/>\n<meta name=\"twitter:label1\" content=\"\u00c9crit par\" \/>\n\t<meta name=\"twitter:data1\" content=\"redazione\" \/>\n\t<meta name=\"twitter:label2\" content=\"Dur\u00e9e de lecture estim\u00e9e\" \/>\n\t<meta name=\"twitter:data2\" content=\"4 minutes\" \/>\n<script type=\"application\/ld+json\" class=\"yoast-schema-graph\">{\"@context\":\"https:\\\/\\\/schema.org\",\"@graph\":[{\"@type\":\"Article\",\"@id\":\"https:\\\/\\\/www.bellunopress.it\\\/2022\\\/10\\\/24\\\/taglio-del-nastro-per-le-nuove-colonnine-elettriche-fast-a-longarone\\\/#article\",\"isPartOf\":{\"@id\":\"https:\\\/\\\/www.bellunopress.it\\\/2022\\\/10\\\/24\\\/taglio-del-nastro-per-le-nuove-colonnine-elettriche-fast-a-longarone\\\/\"},\"author\":{\"name\":\"redazione\",\"@id\":\"https:\\\/\\\/www.bellunopress.it\\\/#\\\/schema\\\/person\\\/79bb06722b37ece1c03d3e94beb30d73\"},\"headline\":\"Taglio del nastro per le nuove colonnine elettriche fast a Longarone\",\"datePublished\":\"2022-10-24T15:20:41+00:00\",\"mainEntityOfPage\":{\"@id\":\"https:\\\/\\\/www.bellunopress.it\\\/2022\\\/10\\\/24\\\/taglio-del-nastro-per-le-nuove-colonnine-elettriche-fast-a-longarone\\\/\"},\"wordCount\":537,\"publisher\":{\"@id\":\"https:\\\/\\\/www.bellunopress.it\\\/#organization\"},\"image\":{\"@id\":\"https:\\\/\\\/www.bellunopress.it\\\/2022\\\/10\\\/24\\\/taglio-del-nastro-per-le-nuove-colonnine-elettriche-fast-a-longarone\\\/#primaryimage\"},\"thumbnailUrl\":\"https:\\\/\\\/www.bellunopress.it\\\/wp-content\\\/uploads\\\/2022\\\/10\\\/Ricarica-auto-elettrica-Gas-Gas-Longarone.jpg\",\"articleSection\":[\"Cronaca\\\/Politica\"],\"inLanguage\":\"fr-FR\"},{\"@type\":\"WebPage\",\"@id\":\"https:\\\/\\\/www.bellunopress.it\\\/2022\\\/10\\\/24\\\/taglio-del-nastro-per-le-nuove-colonnine-elettriche-fast-a-longarone\\\/\",\"url\":\"https:\\\/\\\/www.bellunopress.it\\\/2022\\\/10\\\/24\\\/taglio-del-nastro-per-le-nuove-colonnine-elettriche-fast-a-longarone\\\/\",\"name\":\"Taglio del nastro per le nuove colonnine elettriche fast a Longarone - Bellunopress - Dolomiti\",\"isPartOf\":{\"@id\":\"https:\\\/\\\/www.bellunopress.it\\\/#website\"},\"primaryImageOfPage\":{\"@id\":\"https:\\\/\\\/www.bellunopress.it\\\/2022\\\/10\\\/24\\\/taglio-del-nastro-per-le-nuove-colonnine-elettriche-fast-a-longarone\\\/#primaryimage\"},\"image\":{\"@id\":\"https:\\\/\\\/www.bellunopress.it\\\/2022\\\/10\\\/24\\\/taglio-del-nastro-per-le-nuove-colonnine-elettriche-fast-a-longarone\\\/#primaryimage\"},\"thumbnailUrl\":\"https:\\\/\\\/www.bellunopress.it\\\/wp-content\\\/uploads\\\/2022\\\/10\\\/Ricarica-auto-elettrica-Gas-Gas-Longarone.jpg\",\"datePublished\":\"2022-10-24T15:20:41+00:00\",\"breadcrumb\":{\"@id\":\"https:\\\/\\\/www.bellunopress.it\\\/2022\\\/10\\\/24\\\/taglio-del-nastro-per-le-nuove-colonnine-elettriche-fast-a-longarone\\\/#breadcrumb\"},\"inLanguage\":\"fr-FR\",\"potentialAction\":[{\"@type\":\"ReadAction\",\"target\":[\"https:\\\/\\\/www.bellunopress.it\\\/2022\\\/10\\\/24\\\/taglio-del-nastro-per-le-nuove-colonnine-elettriche-fast-a-longarone\\\/\"]}]},{\"@type\":\"ImageObject\",\"inLanguage\":\"fr-FR\",\"@id\":\"https:\\\/\\\/www.bellunopress.it\\\/2022\\\/10\\\/24\\\/taglio-del-nastro-per-le-nuove-colonnine-elettriche-fast-a-longarone\\\/#primaryimage\",\"url\":\"https:\\\/\\\/www.bellunopress.it\\\/wp-content\\\/uploads\\\/2022\\\/10\\\/Ricarica-auto-elettrica-Gas-Gas-Longarone.jpg\",\"contentUrl\":\"https:\\\/\\\/www.bellunopress.it\\\/wp-content\\\/uploads\\\/2022\\\/10\\\/Ricarica-auto-elettrica-Gas-Gas-Longarone.jpg\",\"width\":1000,\"height\":595},{\"@type\":\"BreadcrumbList\",\"@id\":\"https:\\\/\\\/www.bellunopress.it\\\/2022\\\/10\\\/24\\\/taglio-del-nastro-per-le-nuove-colonnine-elettriche-fast-a-longarone\\\/#breadcrumb\",\"itemListElement\":[{\"@type\":\"ListItem\",\"position\":1,\"name\":\"Home\",\"item\":\"https:\\\/\\\/www.bellunopress.it\\\/\"},{\"@type\":\"ListItem\",\"position\":2,\"name\":\"Taglio del nastro per le nuove colonnine elettriche fast a Longarone\"}]},{\"@type\":\"WebSite\",\"@id\":\"https:\\\/\\\/www.bellunopress.it\\\/#website\",\"url\":\"https:\\\/\\\/www.bellunopress.it\\\/\",\"name\":\"Bellunopress - Dolomiti\",\"description\":\"e-mail: redazione@bellunopress.it\",\"publisher\":{\"@id\":\"https:\\\/\\\/www.bellunopress.it\\\/#organization\"},\"potentialAction\":[{\"@type\":\"SearchAction\",\"target\":{\"@type\":\"EntryPoint\",\"urlTemplate\":\"https:\\\/\\\/www.bellunopress.it\\\/?s={search_term_string}\"},\"query-input\":{\"@type\":\"PropertyValueSpecification\",\"valueRequired\":true,\"valueName\":\"search_term_string\"}}],\"inLanguage\":\"fr-FR\"},{\"@type\":\"Organization\",\"@id\":\"https:\\\/\\\/www.bellunopress.it\\\/#organization\",\"name\":\"Bellunopress\",\"url\":\"https:\\\/\\\/www.bellunopress.it\\\/\",\"logo\":{\"@type\":\"ImageObject\",\"inLanguage\":\"fr-FR\",\"@id\":\"https:\\\/\\\/www.bellunopress.it\\\/#\\\/schema\\\/logo\\\/image\\\/\",\"url\":\"https:\\\/\\\/www.bellunopress.it\\\/wp-content\\\/uploads\\\/2011\\\/05\\\/cropped-logo-bellunopress-.jpg\",\"contentUrl\":\"https:\\\/\\\/www.bellunopress.it\\\/wp-content\\\/uploads\\\/2011\\\/05\\\/cropped-logo-bellunopress-.jpg\",\"width\":512,\"height\":512,\"caption\":\"Bellunopress\"},\"image\":{\"@id\":\"https:\\\/\\\/www.bellunopress.it\\\/#\\\/schema\\\/logo\\\/image\\\/\"},\"sameAs\":[\"https:\\\/\\\/www.facebook.com\\\/profile.php?id=100008943462799\",\"https:\\\/\\\/x.com\\\/bellunopress\",\"https:\\\/\\\/www.linkedin.com\\\/hp\\\/?dnr=JBzUWaJfMUw8vbXJJ2tVW5-I3jZKvC4wsoxE&amp;amp;amp;amp;amp;amp;trk=nav_responsive_tab_home\",\"https:\\\/\\\/www.youtube.com\\\/channel\\\/UCxL0wu1uN0_3_7hGG0306cw\"]},{\"@type\":\"Person\",\"@id\":\"https:\\\/\\\/www.bellunopress.it\\\/#\\\/schema\\\/person\\\/79bb06722b37ece1c03d3e94beb30d73\",\"name\":\"redazione\",\"image\":{\"@type\":\"ImageObject\",\"inLanguage\":\"fr-FR\",\"@id\":\"https:\\\/\\\/secure.gravatar.com\\\/avatar\\\/37d968a2e67a6fd04c169c4bdef102d0bc5d31b2546345219e348575eb80e9a0?s=96&d=mm&r=g\",\"url\":\"https:\\\/\\\/secure.gravatar.com\\\/avatar\\\/37d968a2e67a6fd04c169c4bdef102d0bc5d31b2546345219e348575eb80e9a0?s=96&d=mm&r=g\",\"contentUrl\":\"https:\\\/\\\/secure.gravatar.com\\\/avatar\\\/37d968a2e67a6fd04c169c4bdef102d0bc5d31b2546345219e348575eb80e9a0?s=96&d=mm&r=g\",\"caption\":\"redazione\"},\"sameAs\":[\"http:\\\/\\\/www.bellunopress.it\",\"https:\\\/\\\/x.com\\\/bellunopress\"],\"url\":\"https:\\\/\\\/www.bellunopress.it\\\/fr\\\/author\\\/redazione\\\/\"}]}<\/script>\n<!-- \/ Yoast SEO plugin. -->","yoast_head_json":{"title":"Taglio del nastro per le nuove colonnine elettriche fast a Longarone - Bellunopress - Dolomiti","robots":{"index":"index","follow":"follow","max-snippet":"max-snippet:-1","max-image-preview":"max-image-preview:large","max-video-preview":"max-video-preview:-1"},"canonical":"https:\/\/www.bellunopress.it\/fr\/2022\/10\/24\/taglio-del-nastro-per-le-nuove-colonnine-elettriche-fast-a-longarone\/","og_locale":"fr_FR","og_type":"article","og_title":"Taglio del nastro per le nuove colonnine elettriche fast a Longarone - Bellunopress - Dolomiti","og_description":"Longarone, 24 ottobre 2022 &#8211; Per il Sindaco Padrin \u00e8 \u201cun servizio molto importante per la comunit\u00e0 di Longarone, per i visitatori della Fiera e per tutte le persone che transiteranno\u201d. Soddisfatto il Presidente Bellati \u201ccon questo servizio vogliamo essere di buon esempio per altri Enti e soggetti\u201d. Si \u00e8 tenuta luned\u00ec 10 ottobre, nel [&hellip;]","og_url":"https:\/\/www.bellunopress.it\/fr\/2022\/10\/24\/taglio-del-nastro-per-le-nuove-colonnine-elettriche-fast-a-longarone\/","og_site_name":"Bellunopress - Dolomiti","article_publisher":"https:\/\/www.facebook.com\/profile.php?id=100008943462799","article_published_time":"2022-10-24T15:20:41+00:00","og_image":[{"width":1000,"height":595,"url":"https:\/\/www.bellunopress.it\/wp-content\/uploads\/2022\/10\/Ricarica-auto-elettrica-Gas-Gas-Longarone.jpg","type":"image\/jpeg"}],"author":"redazione","twitter_card":"summary_large_image","twitter_creator":"@bellunopress","twitter_site":"@bellunopress","twitter_misc":{"\u00c9crit par":"redazione","Dur\u00e9e de lecture estim\u00e9e":"4 minutes"},"schema":{"@context":"https:\/\/schema.org","@graph":[{"@type":"Article","@id":"https:\/\/www.bellunopress.it\/2022\/10\/24\/taglio-del-nastro-per-le-nuove-colonnine-elettriche-fast-a-longarone\/#article","isPartOf":{"@id":"https:\/\/www.bellunopress.it\/2022\/10\/24\/taglio-del-nastro-per-le-nuove-colonnine-elettriche-fast-a-longarone\/"},"author":{"name":"redazione","@id":"https:\/\/www.bellunopress.it\/#\/schema\/person\/79bb06722b37ece1c03d3e94beb30d73"},"headline":"Taglio del nastro per le nuove colonnine elettriche fast a Longarone","datePublished":"2022-10-24T15:20:41+00:00","mainEntityOfPage":{"@id":"https:\/\/www.bellunopress.it\/2022\/10\/24\/taglio-del-nastro-per-le-nuove-colonnine-elettriche-fast-a-longarone\/"},"wordCount":537,"publisher":{"@id":"https:\/\/www.bellunopress.it\/#organization"},"image":{"@id":"https:\/\/www.bellunopress.it\/2022\/10\/24\/taglio-del-nastro-per-le-nuove-colonnine-elettriche-fast-a-longarone\/#primaryimage"},"thumbnailUrl":"https:\/\/www.bellunopress.it\/wp-content\/uploads\/2022\/10\/Ricarica-auto-elettrica-Gas-Gas-Longarone.jpg","articleSection":["Cronaca\/Politica"],"inLanguage":"fr-FR"},{"@type":"WebPage","@id":"https:\/\/www.bellunopress.it\/2022\/10\/24\/taglio-del-nastro-per-le-nuove-colonnine-elettriche-fast-a-longarone\/","url":"https:\/\/www.bellunopress.it\/2022\/10\/24\/taglio-del-nastro-per-le-nuove-colonnine-elettriche-fast-a-longarone\/","name":"Taglio del nastro per le nuove colonnine elettriche fast a Longarone - Bellunopress - Dolomiti","isPartOf":{"@id":"https:\/\/www.bellunopress.it\/#website"},"primaryImageOfPage":{"@id":"https:\/\/www.bellunopress.it\/2022\/10\/24\/taglio-del-nastro-per-le-nuove-colonnine-elettriche-fast-a-longarone\/#primaryimage"},"image":{"@id":"https:\/\/www.bellunopress.it\/2022\/10\/24\/taglio-del-nastro-per-le-nuove-colonnine-elettriche-fast-a-longarone\/#primaryimage"},"thumbnailUrl":"https:\/\/www.bellunopress.it\/wp-content\/uploads\/2022\/10\/Ricarica-auto-elettrica-Gas-Gas-Longarone.jpg","datePublished":"2022-10-24T15:20:41+00:00","breadcrumb":{"@id":"https:\/\/www.bellunopress.it\/2022\/10\/24\/taglio-del-nastro-per-le-nuove-colonnine-elettriche-fast-a-longarone\/#breadcrumb"},"inLanguage":"fr-FR","potentialAction":[{"@type":"ReadAction","target":["https:\/\/www.bellunopress.it\/2022\/10\/24\/taglio-del-nastro-per-le-nuove-colonnine-elettriche-fast-a-longarone\/"]}]},{"@type":"ImageObject","inLanguage":"fr-FR","@id":"https:\/\/www.bellunopress.it\/2022\/10\/24\/taglio-del-nastro-per-le-nuove-colonnine-elettriche-fast-a-longarone\/#primaryimage","url":"https:\/\/www.bellunopress.it\/wp-content\/uploads\/2022\/10\/Ricarica-auto-elettrica-Gas-Gas-Longarone.jpg","contentUrl":"https:\/\/www.bellunopress.it\/wp-content\/uploads\/2022\/10\/Ricarica-auto-elettrica-Gas-Gas-Longarone.jpg","width":1000,"height":595},{"@type":"BreadcrumbList","@id":"https:\/\/www.bellunopress.it\/2022\/10\/24\/taglio-del-nastro-per-le-nuove-colonnine-elettriche-fast-a-longarone\/#breadcrumb","itemListElement":[{"@type":"ListItem","position":1,"name":"Home","item":"https:\/\/www.bellunopress.it\/"},{"@type":"ListItem","position":2,"name":"Taglio del nastro per le nuove colonnine elettriche fast a Longarone"}]},{"@type":"WebSite","@id":"https:\/\/www.bellunopress.it\/#website","url":"https:\/\/www.bellunopress.it\/","name":"Bellunopress - Dolomiti","description":"e-mail: redazione@bellunopress.it","publisher":{"@id":"https:\/\/www.bellunopress.it\/#organization"},"potentialAction":[{"@type":"SearchAction","target":{"@type":"EntryPoint","urlTemplate":"https:\/\/www.bellunopress.it\/?s={search_term_string}"},"query-input":{"@type":"PropertyValueSpecification","valueRequired":true,"valueName":"search_term_string"}}],"inLanguage":"fr-FR"},{"@type":"Organization","@id":"https:\/\/www.bellunopress.it\/#organization","name":"Bellunopress","url":"https:\/\/www.bellunopress.it\/","logo":{"@type":"ImageObject","inLanguage":"fr-FR","@id":"https:\/\/www.bellunopress.it\/#\/schema\/logo\/image\/","url":"https:\/\/www.bellunopress.it\/wp-content\/uploads\/2011\/05\/cropped-logo-bellunopress-.jpg","contentUrl":"https:\/\/www.bellunopress.it\/wp-content\/uploads\/2011\/05\/cropped-logo-bellunopress-.jpg","width":512,"height":512,"caption":"Bellunopress"},"image":{"@id":"https:\/\/www.bellunopress.it\/#\/schema\/logo\/image\/"},"sameAs":["https:\/\/www.facebook.com\/profile.php?id=100008943462799","https:\/\/x.com\/bellunopress","https:\/\/www.linkedin.com\/hp\/?dnr=JBzUWaJfMUw8vbXJJ2tVW5-I3jZKvC4wsoxE&amp;amp;amp;amp;amp;amp;trk=nav_responsive_tab_home","https:\/\/www.youtube.com\/channel\/UCxL0wu1uN0_3_7hGG0306cw"]},{"@type":"Person","@id":"https:\/\/www.bellunopress.it\/#\/schema\/person\/79bb06722b37ece1c03d3e94beb30d73","name":"r\u00e9daction","image":{"@type":"ImageObject","inLanguage":"fr-FR","@id":"https:\/\/secure.gravatar.com\/avatar\/37d968a2e67a6fd04c169c4bdef102d0bc5d31b2546345219e348575eb80e9a0?s=96&d=mm&r=g","url":"https:\/\/secure.gravatar.com\/avatar\/37d968a2e67a6fd04c169c4bdef102d0bc5d31b2546345219e348575eb80e9a0?s=96&d=mm&r=g","contentUrl":"https:\/\/secure.gravatar.com\/avatar\/37d968a2e67a6fd04c169c4bdef102d0bc5d31b2546345219e348575eb80e9a0?s=96&d=mm&r=g","caption":"redazione"},"sameAs":["http:\/\/www.bellunopress.it","https:\/\/x.com\/bellunopress"],"url":"https:\/\/www.bellunopress.it\/fr\/author\/redazione\/"}]}},"_links":{"self":[{"href":"https:\/\/www.bellunopress.it\/fr\/wp-json\/wp\/v2\/posts\/137210","targetHints":{"allow":["GET"]}}],"collection":[{"href":"https:\/\/www.bellunopress.it\/fr\/wp-json\/wp\/v2\/posts"}],"about":[{"href":"https:\/\/www.bellunopress.it\/fr\/wp-json\/wp\/v2\/types\/post"}],"author":[{"embeddable":true,"href":"https:\/\/www.bellunopress.it\/fr\/wp-json\/wp\/v2\/users\/2"}],"replies":[{"embeddable":true,"href":"https:\/\/www.bellunopress.it\/fr\/wp-json\/wp\/v2\/comments?post=137210"}],"version-history":[{"count":1,"href":"https:\/\/www.bellunopress.it\/fr\/wp-json\/wp\/v2\/posts\/137210\/revisions"}],"predecessor-version":[{"id":137212,"href":"https:\/\/www.bellunopress.it\/fr\/wp-json\/wp\/v2\/posts\/137210\/revisions\/137212"}],"wp:featuredmedia":[{"embeddable":true,"href":"https:\/\/www.bellunopress.it\/fr\/wp-json\/wp\/v2\/media\/137211"}],"wp:attachment":[{"href":"https:\/\/www.bellunopress.it\/fr\/wp-json\/wp\/v2\/media?parent=137210"}],"wp:term":[{"taxonomy":"category","embeddable":true,"href":"https:\/\/www.bellunopress.it\/fr\/wp-json\/wp\/v2\/categories?post=137210"},{"taxonomy":"post_tag","embeddable":true,"href":"https:\/\/www.bellunopress.it\/fr\/wp-json\/wp\/v2\/tags?post=137210"}],"curies":[{"name":"wp","href":"https:\/\/api.w.org\/{rel}","templated":true}]}}