{"id":137147,"date":"2022-10-21T18:38:01","date_gmt":"2022-10-21T16:38:01","guid":{"rendered":"https:\/\/www.bellunopress.it\/?p=137147"},"modified":"2022-10-21T18:38:01","modified_gmt":"2022-10-21T16:38:01","slug":"i-ragazzi-tornano-a-correre-sui-prati-madrina-deccezione-lolimpionica-agnese-possamai","status":"publish","type":"post","link":"https:\/\/www.bellunopress.it\/fr\/2022\/10\/21\/i-ragazzi-tornano-a-correre-sui-prati-madrina-deccezione-lolimpionica-agnese-possamai\/","title":{"rendered":"I ragazzi tornano a correre sui prati. Madrina d&#8217;eccezione l&#8217;olimpionica Agnese Possamai"},"content":{"rendered":"<figure id=\"attachment_137148\" aria-describedby=\"caption-attachment-137148\" style=\"width: 517px\" class=\"wp-caption alignleft\"><img loading=\"lazy\" decoding=\"async\" class=\"size-full wp-image-137148\" src=\"https:\/\/www.bellunopress.it\/wp-content\/uploads\/2022\/10\/Agnese-Possamai-e-Jonni-Schievenin.jpg\" alt=\"\" width=\"517\" height=\"1000\" srcset=\"https:\/\/www.bellunopress.it\/wp-content\/uploads\/2022\/10\/Agnese-Possamai-e-Jonni-Schievenin.jpg 517w, https:\/\/www.bellunopress.it\/wp-content\/uploads\/2022\/10\/Agnese-Possamai-e-Jonni-Schievenin-259x500.jpg 259w, https:\/\/www.bellunopress.it\/wp-content\/uploads\/2022\/10\/Agnese-Possamai-e-Jonni-Schievenin-217x420.jpg 217w\" sizes=\"auto, (max-width: 517px) 100vw, 517px\" \/><figcaption id=\"caption-attachment-137148\" class=\"wp-caption-text\">Agnese Possamai e Jonni Schievenin<\/figcaption><\/figure>\n<p>Mel, Borgo Valbelluna, venerd\u00ec 21 ottobre 2022 &#8211;\u00a0 Dopo la lunga battuta d\u2019arresto dovuta al Covid torna la fase d\u2019istituto di corsa campestre per il Comprensivo di Mel con madrina d\u2019eccezione Agnese Possamai.<\/p>\n<p>Circa 200 ragazzi hanno preso d\u2019assalto i prati circostanti lo stadio di calcio e atletica di Mel per accaparrarsi un posto nella rosa di coloro che rappresenteranno l\u2019istituto comprensivo nella fase distrettuale di corsa campestre.<br \/>\nDopo due anni di attivit\u00e0 motoria svolta con notevoli limitazioni e solo all\u2019interno del proprio gruppo classe , tornare a correre tutti insieme \u00e8 stata una forte emozione non solo per i ragazzi, ma anche per i numerosi insegnanti che li hanno accompagnati e assistiti nei vari momenti della mattinata. L\u2019importanza di fare sport insieme e all\u2019aria aperta \u00e8 stata sottolineata non solo dal dirigente scolastico Umberto De Col, ma anche da colei che \u00e8 stata la madrina della manifestazione. Agnese Possamai, due olimpiadi, Mosca \u201880 e Los Angeles \u201884, campionessa europea indoor nei 1500 m e due volte nei 3000 m, prima di premiare i vincitori ha voluto parlare ai ragazzi soffermandosi sul valore e sull\u2019importanza del sacrificio, insito nell\u2019allenarsi per ottenere un risultato. L\u2019evento, organizzato dall\u2019insegnante di scienze motorie Egle Possamai \u00e8 stato reso possibile grazie alla collaborazione con la Piave 2000 che ha realizzato il percorso e la disponibilit\u00e0 della societ\u00e0 di calcio Zumellese che ha permesso l\u2019utilizzo degli spogliatoi.<\/p>\n<p>Di seguito tutti i premiati:<br \/>\n5^ primaria femminile: 3\u00b0 Tres Laura, 2\u00b0 Battiston Arianna, 1\u00b0 Bellumat Emma. Maschile: 3\u00b0 Burtet Federico, 2\u00b0 Mouadine Mohamed Amine, 1\u00b0 Spada Nicol\u00f2. Categoria ragazze: 3\u00b0 De Vecchi Linda, 2\u00b0 De Gan Alessia, 1\u00b0 Sitta Anna. Categoria ragazzi: 3\u00b0 Forcellini Filippo, 2\u00b0 Grigoletto Leonardo, 1\u00b0 Bogo Simone. Categoria cadette: 3\u00b0 Somacal Lisa, 2\u00b0 Cavacece Caterina, 1\u00b0 Dal Farra Vanessa. Categoria cadetti: 3\u00b0 Da Lan Mirko, 2\u00b0 Balen Christian, 1\u00b0 Da Canal Gabriel.<\/p>","protected":false},"excerpt":{"rendered":"<p>Mel, Borgo Valbelluna, venerd\u00ec 21 ottobre 2022 &#8211;\u00a0 Dopo la lunga battuta d\u2019arresto dovuta al Covid torna la fase d\u2019istituto di corsa campestre per il Comprensivo di Mel con madrina d\u2019eccezione Agnese Possamai. Circa 200 ragazzi hanno preso d\u2019assalto i prati circostanti lo stadio di calcio e atletica di Mel per accaparrarsi un posto nella [&hellip;]<\/p>\n","protected":false},"author":2,"featured_media":137148,"comment_status":"closed","ping_status":"open","sticky":false,"template":"","format":"standard","meta":{"footnotes":""},"categories":[15,4],"tags":[],"class_list":["post-137147","post","type-post","status-publish","format-standard","has-post-thumbnail","category-scuola","category-sport"],"yoast_head":"<!-- This site is optimized with the Yoast SEO plugin v28.4 - https:\/\/yoast.com\/product\/yoast-seo-wordpress\/ -->\n<title>I ragazzi tornano a correre sui prati. Madrina d&#039;eccezione l&#039;olimpionica Agnese Possamai - Bellunopress - Dolomiti<\/title>\n<meta name=\"robots\" content=\"index, follow, max-snippet:-1, max-image-preview:large, max-video-preview:-1\" \/>\n<link rel=\"canonical\" href=\"https:\/\/www.bellunopress.it\/fr\/2022\/10\/21\/i-ragazzi-tornano-a-correre-sui-prati-madrina-deccezione-lolimpionica-agnese-possamai\/\" \/>\n<meta property=\"og:locale\" content=\"fr_FR\" \/>\n<meta property=\"og:type\" content=\"article\" \/>\n<meta property=\"og:title\" content=\"I ragazzi tornano a correre sui prati. Madrina d&#039;eccezione l&#039;olimpionica Agnese Possamai - Bellunopress - Dolomiti\" \/>\n<meta property=\"og:description\" content=\"Mel, Borgo Valbelluna, venerd\u00ec 21 ottobre 2022 &#8211;\u00a0 Dopo la lunga battuta d\u2019arresto dovuta al Covid torna la fase d\u2019istituto di corsa campestre per il Comprensivo di Mel con madrina d\u2019eccezione Agnese Possamai. Circa 200 ragazzi hanno preso d\u2019assalto i prati circostanti lo stadio di calcio e atletica di Mel per accaparrarsi un posto nella [&hellip;]\" \/>\n<meta property=\"og:url\" content=\"https:\/\/www.bellunopress.it\/fr\/2022\/10\/21\/i-ragazzi-tornano-a-correre-sui-prati-madrina-deccezione-lolimpionica-agnese-possamai\/\" \/>\n<meta property=\"og:site_name\" content=\"Bellunopress - Dolomiti\" \/>\n<meta property=\"article:publisher\" content=\"https:\/\/www.facebook.com\/profile.php?id=100008943462799\" \/>\n<meta property=\"article:published_time\" content=\"2022-10-21T16:38:01+00:00\" \/>\n<meta property=\"og:image\" content=\"https:\/\/www.bellunopress.it\/wp-content\/uploads\/2022\/10\/Agnese-Possamai-e-Jonni-Schievenin.jpg\" \/>\n\t<meta property=\"og:image:width\" content=\"517\" \/>\n\t<meta property=\"og:image:height\" content=\"1000\" \/>\n\t<meta property=\"og:image:type\" content=\"image\/jpeg\" \/>\n<meta name=\"author\" content=\"redazione\" \/>\n<meta name=\"twitter:card\" content=\"summary_large_image\" \/>\n<meta name=\"twitter:creator\" content=\"@bellunopress\" \/>\n<meta name=\"twitter:site\" content=\"@bellunopress\" \/>\n<meta name=\"twitter:label1\" content=\"\u00c9crit par\" \/>\n\t<meta name=\"twitter:data1\" content=\"redazione\" \/>\n\t<meta name=\"twitter:label2\" content=\"Dur\u00e9e de lecture estim\u00e9e\" \/>\n\t<meta name=\"twitter:data2\" content=\"2 minutes\" \/>\n<script type=\"application\/ld+json\" class=\"yoast-schema-graph\">{\"@context\":\"https:\\\/\\\/schema.org\",\"@graph\":[{\"@type\":\"Article\",\"@id\":\"https:\\\/\\\/www.bellunopress.it\\\/2022\\\/10\\\/21\\\/i-ragazzi-tornano-a-correre-sui-prati-madrina-deccezione-lolimpionica-agnese-possamai\\\/#article\",\"isPartOf\":{\"@id\":\"https:\\\/\\\/www.bellunopress.it\\\/2022\\\/10\\\/21\\\/i-ragazzi-tornano-a-correre-sui-prati-madrina-deccezione-lolimpionica-agnese-possamai\\\/\"},\"author\":{\"name\":\"redazione\",\"@id\":\"https:\\\/\\\/www.bellunopress.it\\\/#\\\/schema\\\/person\\\/79bb06722b37ece1c03d3e94beb30d73\"},\"headline\":\"I ragazzi tornano a correre sui prati. Madrina d&#8217;eccezione l&#8217;olimpionica Agnese Possamai\",\"datePublished\":\"2022-10-21T16:38:01+00:00\",\"mainEntityOfPage\":{\"@id\":\"https:\\\/\\\/www.bellunopress.it\\\/2022\\\/10\\\/21\\\/i-ragazzi-tornano-a-correre-sui-prati-madrina-deccezione-lolimpionica-agnese-possamai\\\/\"},\"wordCount\":315,\"publisher\":{\"@id\":\"https:\\\/\\\/www.bellunopress.it\\\/#organization\"},\"image\":{\"@id\":\"https:\\\/\\\/www.bellunopress.it\\\/2022\\\/10\\\/21\\\/i-ragazzi-tornano-a-correre-sui-prati-madrina-deccezione-lolimpionica-agnese-possamai\\\/#primaryimage\"},\"thumbnailUrl\":\"https:\\\/\\\/www.bellunopress.it\\\/wp-content\\\/uploads\\\/2022\\\/10\\\/Agnese-Possamai-e-Jonni-Schievenin.jpg\",\"articleSection\":[\"Scuola\",\"Sport, tempo libero\"],\"inLanguage\":\"fr-FR\"},{\"@type\":\"WebPage\",\"@id\":\"https:\\\/\\\/www.bellunopress.it\\\/2022\\\/10\\\/21\\\/i-ragazzi-tornano-a-correre-sui-prati-madrina-deccezione-lolimpionica-agnese-possamai\\\/\",\"url\":\"https:\\\/\\\/www.bellunopress.it\\\/2022\\\/10\\\/21\\\/i-ragazzi-tornano-a-correre-sui-prati-madrina-deccezione-lolimpionica-agnese-possamai\\\/\",\"name\":\"I ragazzi tornano a correre sui prati. Madrina d'eccezione l'olimpionica Agnese Possamai - Bellunopress - Dolomiti\",\"isPartOf\":{\"@id\":\"https:\\\/\\\/www.bellunopress.it\\\/#website\"},\"primaryImageOfPage\":{\"@id\":\"https:\\\/\\\/www.bellunopress.it\\\/2022\\\/10\\\/21\\\/i-ragazzi-tornano-a-correre-sui-prati-madrina-deccezione-lolimpionica-agnese-possamai\\\/#primaryimage\"},\"image\":{\"@id\":\"https:\\\/\\\/www.bellunopress.it\\\/2022\\\/10\\\/21\\\/i-ragazzi-tornano-a-correre-sui-prati-madrina-deccezione-lolimpionica-agnese-possamai\\\/#primaryimage\"},\"thumbnailUrl\":\"https:\\\/\\\/www.bellunopress.it\\\/wp-content\\\/uploads\\\/2022\\\/10\\\/Agnese-Possamai-e-Jonni-Schievenin.jpg\",\"datePublished\":\"2022-10-21T16:38:01+00:00\",\"breadcrumb\":{\"@id\":\"https:\\\/\\\/www.bellunopress.it\\\/2022\\\/10\\\/21\\\/i-ragazzi-tornano-a-correre-sui-prati-madrina-deccezione-lolimpionica-agnese-possamai\\\/#breadcrumb\"},\"inLanguage\":\"fr-FR\",\"potentialAction\":[{\"@type\":\"ReadAction\",\"target\":[\"https:\\\/\\\/www.bellunopress.it\\\/2022\\\/10\\\/21\\\/i-ragazzi-tornano-a-correre-sui-prati-madrina-deccezione-lolimpionica-agnese-possamai\\\/\"]}]},{\"@type\":\"ImageObject\",\"inLanguage\":\"fr-FR\",\"@id\":\"https:\\\/\\\/www.bellunopress.it\\\/2022\\\/10\\\/21\\\/i-ragazzi-tornano-a-correre-sui-prati-madrina-deccezione-lolimpionica-agnese-possamai\\\/#primaryimage\",\"url\":\"https:\\\/\\\/www.bellunopress.it\\\/wp-content\\\/uploads\\\/2022\\\/10\\\/Agnese-Possamai-e-Jonni-Schievenin.jpg\",\"contentUrl\":\"https:\\\/\\\/www.bellunopress.it\\\/wp-content\\\/uploads\\\/2022\\\/10\\\/Agnese-Possamai-e-Jonni-Schievenin.jpg\",\"width\":517,\"height\":1000,\"caption\":\"Agnese Possamai e Jonni Schievenin\"},{\"@type\":\"BreadcrumbList\",\"@id\":\"https:\\\/\\\/www.bellunopress.it\\\/2022\\\/10\\\/21\\\/i-ragazzi-tornano-a-correre-sui-prati-madrina-deccezione-lolimpionica-agnese-possamai\\\/#breadcrumb\",\"itemListElement\":[{\"@type\":\"ListItem\",\"position\":1,\"name\":\"Home\",\"item\":\"https:\\\/\\\/www.bellunopress.it\\\/\"},{\"@type\":\"ListItem\",\"position\":2,\"name\":\"I ragazzi tornano a correre sui prati. Madrina d&#8217;eccezione l&#8217;olimpionica Agnese Possamai\"}]},{\"@type\":\"WebSite\",\"@id\":\"https:\\\/\\\/www.bellunopress.it\\\/#website\",\"url\":\"https:\\\/\\\/www.bellunopress.it\\\/\",\"name\":\"Bellunopress - Dolomiti\",\"description\":\"e-mail: redazione@bellunopress.it\",\"publisher\":{\"@id\":\"https:\\\/\\\/www.bellunopress.it\\\/#organization\"},\"potentialAction\":[{\"@type\":\"SearchAction\",\"target\":{\"@type\":\"EntryPoint\",\"urlTemplate\":\"https:\\\/\\\/www.bellunopress.it\\\/?s={search_term_string}\"},\"query-input\":{\"@type\":\"PropertyValueSpecification\",\"valueRequired\":true,\"valueName\":\"search_term_string\"}}],\"inLanguage\":\"fr-FR\"},{\"@type\":\"Organization\",\"@id\":\"https:\\\/\\\/www.bellunopress.it\\\/#organization\",\"name\":\"Bellunopress\",\"url\":\"https:\\\/\\\/www.bellunopress.it\\\/\",\"logo\":{\"@type\":\"ImageObject\",\"inLanguage\":\"fr-FR\",\"@id\":\"https:\\\/\\\/www.bellunopress.it\\\/#\\\/schema\\\/logo\\\/image\\\/\",\"url\":\"https:\\\/\\\/www.bellunopress.it\\\/wp-content\\\/uploads\\\/2011\\\/05\\\/cropped-logo-bellunopress-.jpg\",\"contentUrl\":\"https:\\\/\\\/www.bellunopress.it\\\/wp-content\\\/uploads\\\/2011\\\/05\\\/cropped-logo-bellunopress-.jpg\",\"width\":512,\"height\":512,\"caption\":\"Bellunopress\"},\"image\":{\"@id\":\"https:\\\/\\\/www.bellunopress.it\\\/#\\\/schema\\\/logo\\\/image\\\/\"},\"sameAs\":[\"https:\\\/\\\/www.facebook.com\\\/profile.php?id=100008943462799\",\"https:\\\/\\\/x.com\\\/bellunopress\",\"https:\\\/\\\/www.linkedin.com\\\/hp\\\/?dnr=JBzUWaJfMUw8vbXJJ2tVW5-I3jZKvC4wsoxE&amp;amp;amp;amp;amp;amp;trk=nav_responsive_tab_home\",\"https:\\\/\\\/www.youtube.com\\\/channel\\\/UCxL0wu1uN0_3_7hGG0306cw\"]},{\"@type\":\"Person\",\"@id\":\"https:\\\/\\\/www.bellunopress.it\\\/#\\\/schema\\\/person\\\/79bb06722b37ece1c03d3e94beb30d73\",\"name\":\"redazione\",\"image\":{\"@type\":\"ImageObject\",\"inLanguage\":\"fr-FR\",\"@id\":\"https:\\\/\\\/secure.gravatar.com\\\/avatar\\\/37d968a2e67a6fd04c169c4bdef102d0bc5d31b2546345219e348575eb80e9a0?s=96&d=mm&r=g\",\"url\":\"https:\\\/\\\/secure.gravatar.com\\\/avatar\\\/37d968a2e67a6fd04c169c4bdef102d0bc5d31b2546345219e348575eb80e9a0?s=96&d=mm&r=g\",\"contentUrl\":\"https:\\\/\\\/secure.gravatar.com\\\/avatar\\\/37d968a2e67a6fd04c169c4bdef102d0bc5d31b2546345219e348575eb80e9a0?s=96&d=mm&r=g\",\"caption\":\"redazione\"},\"sameAs\":[\"http:\\\/\\\/www.bellunopress.it\",\"https:\\\/\\\/x.com\\\/bellunopress\"],\"url\":\"https:\\\/\\\/www.bellunopress.it\\\/fr\\\/author\\\/redazione\\\/\"}]}<\/script>\n<!-- \/ Yoast SEO plugin. -->","yoast_head_json":{"title":"I ragazzi tornano a correre sui prati. Madrina d'eccezione l'olimpionica Agnese Possamai - Bellunopress - Dolomiti","robots":{"index":"index","follow":"follow","max-snippet":"max-snippet:-1","max-image-preview":"max-image-preview:large","max-video-preview":"max-video-preview:-1"},"canonical":"https:\/\/www.bellunopress.it\/fr\/2022\/10\/21\/i-ragazzi-tornano-a-correre-sui-prati-madrina-deccezione-lolimpionica-agnese-possamai\/","og_locale":"fr_FR","og_type":"article","og_title":"I ragazzi tornano a correre sui prati. Madrina d'eccezione l'olimpionica Agnese Possamai - Bellunopress - Dolomiti","og_description":"Mel, Borgo Valbelluna, venerd\u00ec 21 ottobre 2022 &#8211;\u00a0 Dopo la lunga battuta d\u2019arresto dovuta al Covid torna la fase d\u2019istituto di corsa campestre per il Comprensivo di Mel con madrina d\u2019eccezione Agnese Possamai. Circa 200 ragazzi hanno preso d\u2019assalto i prati circostanti lo stadio di calcio e atletica di Mel per accaparrarsi un posto nella [&hellip;]","og_url":"https:\/\/www.bellunopress.it\/fr\/2022\/10\/21\/i-ragazzi-tornano-a-correre-sui-prati-madrina-deccezione-lolimpionica-agnese-possamai\/","og_site_name":"Bellunopress - Dolomiti","article_publisher":"https:\/\/www.facebook.com\/profile.php?id=100008943462799","article_published_time":"2022-10-21T16:38:01+00:00","og_image":[{"width":517,"height":1000,"url":"https:\/\/www.bellunopress.it\/wp-content\/uploads\/2022\/10\/Agnese-Possamai-e-Jonni-Schievenin.jpg","type":"image\/jpeg"}],"author":"redazione","twitter_card":"summary_large_image","twitter_creator":"@bellunopress","twitter_site":"@bellunopress","twitter_misc":{"\u00c9crit par":"redazione","Dur\u00e9e de lecture estim\u00e9e":"2 minutes"},"schema":{"@context":"https:\/\/schema.org","@graph":[{"@type":"Article","@id":"https:\/\/www.bellunopress.it\/2022\/10\/21\/i-ragazzi-tornano-a-correre-sui-prati-madrina-deccezione-lolimpionica-agnese-possamai\/#article","isPartOf":{"@id":"https:\/\/www.bellunopress.it\/2022\/10\/21\/i-ragazzi-tornano-a-correre-sui-prati-madrina-deccezione-lolimpionica-agnese-possamai\/"},"author":{"name":"redazione","@id":"https:\/\/www.bellunopress.it\/#\/schema\/person\/79bb06722b37ece1c03d3e94beb30d73"},"headline":"I ragazzi tornano a correre sui prati. Madrina d&#8217;eccezione l&#8217;olimpionica Agnese Possamai","datePublished":"2022-10-21T16:38:01+00:00","mainEntityOfPage":{"@id":"https:\/\/www.bellunopress.it\/2022\/10\/21\/i-ragazzi-tornano-a-correre-sui-prati-madrina-deccezione-lolimpionica-agnese-possamai\/"},"wordCount":315,"publisher":{"@id":"https:\/\/www.bellunopress.it\/#organization"},"image":{"@id":"https:\/\/www.bellunopress.it\/2022\/10\/21\/i-ragazzi-tornano-a-correre-sui-prati-madrina-deccezione-lolimpionica-agnese-possamai\/#primaryimage"},"thumbnailUrl":"https:\/\/www.bellunopress.it\/wp-content\/uploads\/2022\/10\/Agnese-Possamai-e-Jonni-Schievenin.jpg","articleSection":["Scuola","Sport, tempo libero"],"inLanguage":"fr-FR"},{"@type":"WebPage","@id":"https:\/\/www.bellunopress.it\/2022\/10\/21\/i-ragazzi-tornano-a-correre-sui-prati-madrina-deccezione-lolimpionica-agnese-possamai\/","url":"https:\/\/www.bellunopress.it\/2022\/10\/21\/i-ragazzi-tornano-a-correre-sui-prati-madrina-deccezione-lolimpionica-agnese-possamai\/","name":"I ragazzi tornano a correre sui prati. Madrina d'eccezione l'olimpionica Agnese Possamai - Bellunopress - Dolomiti","isPartOf":{"@id":"https:\/\/www.bellunopress.it\/#website"},"primaryImageOfPage":{"@id":"https:\/\/www.bellunopress.it\/2022\/10\/21\/i-ragazzi-tornano-a-correre-sui-prati-madrina-deccezione-lolimpionica-agnese-possamai\/#primaryimage"},"image":{"@id":"https:\/\/www.bellunopress.it\/2022\/10\/21\/i-ragazzi-tornano-a-correre-sui-prati-madrina-deccezione-lolimpionica-agnese-possamai\/#primaryimage"},"thumbnailUrl":"https:\/\/www.bellunopress.it\/wp-content\/uploads\/2022\/10\/Agnese-Possamai-e-Jonni-Schievenin.jpg","datePublished":"2022-10-21T16:38:01+00:00","breadcrumb":{"@id":"https:\/\/www.bellunopress.it\/2022\/10\/21\/i-ragazzi-tornano-a-correre-sui-prati-madrina-deccezione-lolimpionica-agnese-possamai\/#breadcrumb"},"inLanguage":"fr-FR","potentialAction":[{"@type":"ReadAction","target":["https:\/\/www.bellunopress.it\/2022\/10\/21\/i-ragazzi-tornano-a-correre-sui-prati-madrina-deccezione-lolimpionica-agnese-possamai\/"]}]},{"@type":"ImageObject","inLanguage":"fr-FR","@id":"https:\/\/www.bellunopress.it\/2022\/10\/21\/i-ragazzi-tornano-a-correre-sui-prati-madrina-deccezione-lolimpionica-agnese-possamai\/#primaryimage","url":"https:\/\/www.bellunopress.it\/wp-content\/uploads\/2022\/10\/Agnese-Possamai-e-Jonni-Schievenin.jpg","contentUrl":"https:\/\/www.bellunopress.it\/wp-content\/uploads\/2022\/10\/Agnese-Possamai-e-Jonni-Schievenin.jpg","width":517,"height":1000,"caption":"Agnese Possamai e Jonni Schievenin"},{"@type":"BreadcrumbList","@id":"https:\/\/www.bellunopress.it\/2022\/10\/21\/i-ragazzi-tornano-a-correre-sui-prati-madrina-deccezione-lolimpionica-agnese-possamai\/#breadcrumb","itemListElement":[{"@type":"ListItem","position":1,"name":"Home","item":"https:\/\/www.bellunopress.it\/"},{"@type":"ListItem","position":2,"name":"I ragazzi tornano a correre sui prati. Madrina d&#8217;eccezione l&#8217;olimpionica Agnese Possamai"}]},{"@type":"WebSite","@id":"https:\/\/www.bellunopress.it\/#website","url":"https:\/\/www.bellunopress.it\/","name":"Bellunopress - Dolomiti","description":"e-mail: redazione@bellunopress.it","publisher":{"@id":"https:\/\/www.bellunopress.it\/#organization"},"potentialAction":[{"@type":"SearchAction","target":{"@type":"EntryPoint","urlTemplate":"https:\/\/www.bellunopress.it\/?s={search_term_string}"},"query-input":{"@type":"PropertyValueSpecification","valueRequired":true,"valueName":"search_term_string"}}],"inLanguage":"fr-FR"},{"@type":"Organization","@id":"https:\/\/www.bellunopress.it\/#organization","name":"Bellunopress","url":"https:\/\/www.bellunopress.it\/","logo":{"@type":"ImageObject","inLanguage":"fr-FR","@id":"https:\/\/www.bellunopress.it\/#\/schema\/logo\/image\/","url":"https:\/\/www.bellunopress.it\/wp-content\/uploads\/2011\/05\/cropped-logo-bellunopress-.jpg","contentUrl":"https:\/\/www.bellunopress.it\/wp-content\/uploads\/2011\/05\/cropped-logo-bellunopress-.jpg","width":512,"height":512,"caption":"Bellunopress"},"image":{"@id":"https:\/\/www.bellunopress.it\/#\/schema\/logo\/image\/"},"sameAs":["https:\/\/www.facebook.com\/profile.php?id=100008943462799","https:\/\/x.com\/bellunopress","https:\/\/www.linkedin.com\/hp\/?dnr=JBzUWaJfMUw8vbXJJ2tVW5-I3jZKvC4wsoxE&amp;amp;amp;amp;amp;amp;trk=nav_responsive_tab_home","https:\/\/www.youtube.com\/channel\/UCxL0wu1uN0_3_7hGG0306cw"]},{"@type":"Person","@id":"https:\/\/www.bellunopress.it\/#\/schema\/person\/79bb06722b37ece1c03d3e94beb30d73","name":"r\u00e9daction","image":{"@type":"ImageObject","inLanguage":"fr-FR","@id":"https:\/\/secure.gravatar.com\/avatar\/37d968a2e67a6fd04c169c4bdef102d0bc5d31b2546345219e348575eb80e9a0?s=96&d=mm&r=g","url":"https:\/\/secure.gravatar.com\/avatar\/37d968a2e67a6fd04c169c4bdef102d0bc5d31b2546345219e348575eb80e9a0?s=96&d=mm&r=g","contentUrl":"https:\/\/secure.gravatar.com\/avatar\/37d968a2e67a6fd04c169c4bdef102d0bc5d31b2546345219e348575eb80e9a0?s=96&d=mm&r=g","caption":"redazione"},"sameAs":["http:\/\/www.bellunopress.it","https:\/\/x.com\/bellunopress"],"url":"https:\/\/www.bellunopress.it\/fr\/author\/redazione\/"}]}},"_links":{"self":[{"href":"https:\/\/www.bellunopress.it\/fr\/wp-json\/wp\/v2\/posts\/137147","targetHints":{"allow":["GET"]}}],"collection":[{"href":"https:\/\/www.bellunopress.it\/fr\/wp-json\/wp\/v2\/posts"}],"about":[{"href":"https:\/\/www.bellunopress.it\/fr\/wp-json\/wp\/v2\/types\/post"}],"author":[{"embeddable":true,"href":"https:\/\/www.bellunopress.it\/fr\/wp-json\/wp\/v2\/users\/2"}],"replies":[{"embeddable":true,"href":"https:\/\/www.bellunopress.it\/fr\/wp-json\/wp\/v2\/comments?post=137147"}],"version-history":[{"count":1,"href":"https:\/\/www.bellunopress.it\/fr\/wp-json\/wp\/v2\/posts\/137147\/revisions"}],"predecessor-version":[{"id":137149,"href":"https:\/\/www.bellunopress.it\/fr\/wp-json\/wp\/v2\/posts\/137147\/revisions\/137149"}],"wp:featuredmedia":[{"embeddable":true,"href":"https:\/\/www.bellunopress.it\/fr\/wp-json\/wp\/v2\/media\/137148"}],"wp:attachment":[{"href":"https:\/\/www.bellunopress.it\/fr\/wp-json\/wp\/v2\/media?parent=137147"}],"wp:term":[{"taxonomy":"category","embeddable":true,"href":"https:\/\/www.bellunopress.it\/fr\/wp-json\/wp\/v2\/categories?post=137147"},{"taxonomy":"post_tag","embeddable":true,"href":"https:\/\/www.bellunopress.it\/fr\/wp-json\/wp\/v2\/tags?post=137147"}],"curies":[{"name":"wp","href":"https:\/\/api.w.org\/{rel}","templated":true}]}}