{"id":137141,"date":"2022-10-21T12:25:03","date_gmt":"2022-10-21T10:25:03","guid":{"rendered":"https:\/\/www.bellunopress.it\/?p=137141"},"modified":"2022-10-21T18:12:00","modified_gmt":"2022-10-21T16:12:00","slug":"i-giovedi-nelle-scuole-al-via-la-prossima-settimana-il-tour-di-sindaco-e-assessore","status":"publish","type":"post","link":"https:\/\/www.bellunopress.it\/fr\/2022\/10\/21\/i-giovedi-nelle-scuole-al-via-la-prossima-settimana-il-tour-di-sindaco-e-assessore\/","title":{"rendered":"I gioved\u00ec nelle scuole. Al via la prossima settimana il tour di sindaco e assessore"},"content":{"rendered":"<figure id=\"attachment_135245\" aria-describedby=\"caption-attachment-135245\" style=\"width: 803px\" class=\"wp-caption alignleft\"><img loading=\"lazy\" decoding=\"async\" class=\"size-full wp-image-135245\" src=\"https:\/\/www.bellunopress.it\/wp-content\/uploads\/2022\/07\/Oscar-De-Pellegrin-sindaco-di-Belluno_edited.jpg\" alt=\"\" width=\"803\" height=\"1000\" srcset=\"https:\/\/www.bellunopress.it\/wp-content\/uploads\/2022\/07\/Oscar-De-Pellegrin-sindaco-di-Belluno_edited.jpg 803w, https:\/\/www.bellunopress.it\/wp-content\/uploads\/2022\/07\/Oscar-De-Pellegrin-sindaco-di-Belluno_edited-402x500.jpg 402w, https:\/\/www.bellunopress.it\/wp-content\/uploads\/2022\/07\/Oscar-De-Pellegrin-sindaco-di-Belluno_edited-696x867.jpg 696w, https:\/\/www.bellunopress.it\/wp-content\/uploads\/2022\/07\/Oscar-De-Pellegrin-sindaco-di-Belluno_edited-337x420.jpg 337w\" sizes=\"auto, (max-width: 803px) 100vw, 803px\" \/><figcaption id=\"caption-attachment-135245\" class=\"wp-caption-text\">Oscar De Pellegrin, sindaco di Belluno<\/figcaption><\/figure>\n<p>Belluno, 21 ottobre 2022 &#8211; I gioved\u00ec nelle scuole: prende il via la prossima settimana il tour negli asili e nelle scuole comunali. La prima tappa sar\u00e0 la scuola dell\u2019infanzia di Sopracroda, dove il sindaco Oscar De Pellegrin e l\u2019assessore alle politiche giovanili Roberta Olivotto arriveranno alle 9.00 circa.<\/p>\n<p>\u201cNel programma elettorale avevamo inserito la visita ad un istituto scolastico al mese \u2013 spiega il primo cittadino -, abbiamo deciso di raddoppiare e di visitarne uno ogni quindici giorni. Lo scopo \u00e8 conoscere gli insegnanti e tutto il personale, ascoltare da loro esigenze e problemi per poi stilare, con i dirigenti, una lista di possibili interventi e relative priorit\u00e0. Stiamo lavorando con i giovani e per i giovani su pi\u00f9 fronti, dal confronto con il mondo della scuola a quello diretto con gli adolescenti stessi\u201d.<\/p>\n<figure id=\"attachment_137144\" aria-describedby=\"caption-attachment-137144\" style=\"width: 802px\" class=\"wp-caption alignleft\"><img loading=\"lazy\" decoding=\"async\" class=\"size-full wp-image-137144\" src=\"https:\/\/www.bellunopress.it\/wp-content\/uploads\/2022\/10\/Roberta-Olivotto_edited.jpg\" alt=\"\" width=\"802\" height=\"1000\" srcset=\"https:\/\/www.bellunopress.it\/wp-content\/uploads\/2022\/10\/Roberta-Olivotto_edited.jpg 802w, https:\/\/www.bellunopress.it\/wp-content\/uploads\/2022\/10\/Roberta-Olivotto_edited-401x500.jpg 401w, https:\/\/www.bellunopress.it\/wp-content\/uploads\/2022\/10\/Roberta-Olivotto_edited-696x868.jpg 696w, https:\/\/www.bellunopress.it\/wp-content\/uploads\/2022\/10\/Roberta-Olivotto_edited-337x420.jpg 337w\" sizes=\"auto, (max-width: 802px) 100vw, 802px\" \/><figcaption id=\"caption-attachment-137144\" class=\"wp-caption-text\">Roberta Olivotto, assessore alle Politiche giovanili del Comune di Belluno<\/figcaption><\/figure>\n<p>Il programma completo delle tappe verr\u00e0 steso nei prossimi giorni, ad ogni modo l\u2019intenzione \u00e8 quella di partire dalle scuole dell\u2019infanzia per poi passare alle primarie e poi alle secondarie di primo grado, con cadenza regolare di due gioved\u00ec mattina al mese. Complessivamente le tappe saranno 22: 7 nelle scuole dell\u2019infanzia, 12 nelle primarie e 3 nelle secondarie di primo grado. Al nido comunale Piccolo girasole l\u2019incontro, invece, \u00e8 gi\u00e0 stato effettuato nelle scorse settimane.<\/p>\n<p>\u201cIl primo giorno ogni istituto ha visto almeno un assessore o un consigliere portare il saluto e l\u2019augurio per l\u2019anno scolastico 2022\/2023 \u2013 spiega De Pellegrin -, abbiamo cos\u00ec coperto le primarie e le secondarie di primo grado ma abbiamo, in quell\u2019occasione, escluso gli asili perch\u00e9 per i piccoli il primo giorno, si sa, \u00e8 delicato. Adesso prenderemo contatti e inizieremo un dialogo con tutti i dirigenti e con il corpo insegnanti per presentare loro le nostre idee e collaborare\u201d.<\/p>\n<p>L\u2019intenzione \u00e8 quella di ampliare l\u2019offerta formativa scolastica con corsi e laboratori da mettere a bando, coinvolgendo anche gli istituti superiori. \u201cPensiamo a iniziative molto legate al territorio \u2013 spiega l\u2019assessore Olivotto -, finalizzate ad ampliare la conoscenza della citt\u00e0, del Bellunese tutto e della sua storia tra i bambini e i ragazzi. Siamo il comune capoluogo, qui arrivano studenti da tutta la provincia ed eroghiamo servizi per un bacino di persone che va ben al di l\u00e0 dei residenti nella nostra citt\u00e0, da qui la volont\u00e0 di coinvolgere anche le scuole superiori\u201d. \u201cStiamo gi\u00e0 lavorando con gli adolescenti \u2013 conclude il sindaco &#8211; attraverso il progetto di costituire un gruppo di ascolto e di confronto con il Comune che faccia da portavoce tra le istituzioni e il mondo giovanile, entrare nelle scuole sar\u00e0 il passo successivo\u201d.<\/p>","protected":false},"excerpt":{"rendered":"<p>Belluno, 21 ottobre 2022 &#8211; I gioved\u00ec nelle scuole: prende il via la prossima settimana il tour negli asili e nelle scuole comunali. La prima tappa sar\u00e0 la scuola dell\u2019infanzia di Sopracroda, dove il sindaco Oscar De Pellegrin e l\u2019assessore alle politiche giovanili Roberta Olivotto arriveranno alle 9.00 circa. \u201cNel programma elettorale avevamo inserito la [&hellip;]<\/p>\n","protected":false},"author":2,"featured_media":135245,"comment_status":"closed","ping_status":"open","sticky":false,"template":"","format":"standard","meta":{"footnotes":""},"categories":[26,15],"tags":[],"class_list":["post-137141","post","type-post","status-publish","format-standard","has-post-thumbnail","category-prima-pagina","category-scuola"],"yoast_head":"<!-- This site is optimized with the Yoast SEO plugin v28.4 - https:\/\/yoast.com\/product\/yoast-seo-wordpress\/ -->\n<title>I gioved\u00ec nelle scuole. Al via la prossima settimana il tour di sindaco e assessore - Bellunopress - Dolomiti<\/title>\n<meta name=\"robots\" content=\"index, follow, max-snippet:-1, max-image-preview:large, max-video-preview:-1\" \/>\n<link rel=\"canonical\" href=\"https:\/\/www.bellunopress.it\/fr\/2022\/10\/21\/i-giovedi-nelle-scuole-al-via-la-prossima-settimana-il-tour-di-sindaco-e-assessore\/\" \/>\n<meta property=\"og:locale\" content=\"fr_FR\" \/>\n<meta property=\"og:type\" content=\"article\" \/>\n<meta property=\"og:title\" content=\"I gioved\u00ec nelle scuole. Al via la prossima settimana il tour di sindaco e assessore - Bellunopress - Dolomiti\" \/>\n<meta property=\"og:description\" content=\"Belluno, 21 ottobre 2022 &#8211; I gioved\u00ec nelle scuole: prende il via la prossima settimana il tour negli asili e nelle scuole comunali. La prima tappa sar\u00e0 la scuola dell\u2019infanzia di Sopracroda, dove il sindaco Oscar De Pellegrin e l\u2019assessore alle politiche giovanili Roberta Olivotto arriveranno alle 9.00 circa. \u201cNel programma elettorale avevamo inserito la [&hellip;]\" \/>\n<meta property=\"og:url\" content=\"https:\/\/www.bellunopress.it\/fr\/2022\/10\/21\/i-giovedi-nelle-scuole-al-via-la-prossima-settimana-il-tour-di-sindaco-e-assessore\/\" \/>\n<meta property=\"og:site_name\" content=\"Bellunopress - Dolomiti\" \/>\n<meta property=\"article:publisher\" content=\"https:\/\/www.facebook.com\/profile.php?id=100008943462799\" \/>\n<meta property=\"article:published_time\" content=\"2022-10-21T10:25:03+00:00\" \/>\n<meta property=\"article:modified_time\" content=\"2022-10-21T16:12:00+00:00\" \/>\n<meta property=\"og:image\" content=\"https:\/\/www.bellunopress.it\/wp-content\/uploads\/2022\/07\/Oscar-De-Pellegrin-sindaco-di-Belluno_edited.jpg\" \/>\n\t<meta property=\"og:image:width\" content=\"803\" \/>\n\t<meta property=\"og:image:height\" content=\"1000\" \/>\n\t<meta property=\"og:image:type\" content=\"image\/jpeg\" \/>\n<meta name=\"author\" content=\"redazione\" \/>\n<meta name=\"twitter:card\" content=\"summary_large_image\" \/>\n<meta name=\"twitter:creator\" content=\"@bellunopress\" \/>\n<meta name=\"twitter:site\" content=\"@bellunopress\" \/>\n<meta name=\"twitter:label1\" content=\"Written by\" \/>\n\t<meta name=\"twitter:data1\" content=\"redazione\" \/>\n\t<meta name=\"twitter:label2\" content=\"Est. reading time\" \/>\n\t<meta name=\"twitter:data2\" content=\"3 minutes\" \/>\n<script type=\"application\/ld+json\" class=\"yoast-schema-graph\">{\"@context\":\"https:\\\/\\\/schema.org\",\"@graph\":[{\"@type\":\"Article\",\"@id\":\"https:\\\/\\\/www.bellunopress.it\\\/2022\\\/10\\\/21\\\/i-giovedi-nelle-scuole-al-via-la-prossima-settimana-il-tour-di-sindaco-e-assessore\\\/#article\",\"isPartOf\":{\"@id\":\"https:\\\/\\\/www.bellunopress.it\\\/2022\\\/10\\\/21\\\/i-giovedi-nelle-scuole-al-via-la-prossima-settimana-il-tour-di-sindaco-e-assessore\\\/\"},\"author\":{\"name\":\"redazione\",\"@id\":\"https:\\\/\\\/www.bellunopress.it\\\/#\\\/schema\\\/person\\\/79bb06722b37ece1c03d3e94beb30d73\"},\"headline\":\"I gioved\u00ec nelle scuole. Al via la prossima settimana il tour di sindaco e assessore\",\"datePublished\":\"2022-10-21T10:25:03+00:00\",\"dateModified\":\"2022-10-21T16:12:00+00:00\",\"mainEntityOfPage\":{\"@id\":\"https:\\\/\\\/www.bellunopress.it\\\/2022\\\/10\\\/21\\\/i-giovedi-nelle-scuole-al-via-la-prossima-settimana-il-tour-di-sindaco-e-assessore\\\/\"},\"wordCount\":467,\"publisher\":{\"@id\":\"https:\\\/\\\/www.bellunopress.it\\\/#organization\"},\"image\":{\"@id\":\"https:\\\/\\\/www.bellunopress.it\\\/2022\\\/10\\\/21\\\/i-giovedi-nelle-scuole-al-via-la-prossima-settimana-il-tour-di-sindaco-e-assessore\\\/#primaryimage\"},\"thumbnailUrl\":\"https:\\\/\\\/www.bellunopress.it\\\/wp-content\\\/uploads\\\/2022\\\/07\\\/Oscar-De-Pellegrin-sindaco-di-Belluno_edited.jpg\",\"articleSection\":[\"Prima Pagina\",\"Scuola\"],\"inLanguage\":\"fr-FR\"},{\"@type\":\"WebPage\",\"@id\":\"https:\\\/\\\/www.bellunopress.it\\\/2022\\\/10\\\/21\\\/i-giovedi-nelle-scuole-al-via-la-prossima-settimana-il-tour-di-sindaco-e-assessore\\\/\",\"url\":\"https:\\\/\\\/www.bellunopress.it\\\/2022\\\/10\\\/21\\\/i-giovedi-nelle-scuole-al-via-la-prossima-settimana-il-tour-di-sindaco-e-assessore\\\/\",\"name\":\"I gioved\u00ec nelle scuole. Al via la prossima settimana il tour di sindaco e assessore - Bellunopress - Dolomiti\",\"isPartOf\":{\"@id\":\"https:\\\/\\\/www.bellunopress.it\\\/#website\"},\"primaryImageOfPage\":{\"@id\":\"https:\\\/\\\/www.bellunopress.it\\\/2022\\\/10\\\/21\\\/i-giovedi-nelle-scuole-al-via-la-prossima-settimana-il-tour-di-sindaco-e-assessore\\\/#primaryimage\"},\"image\":{\"@id\":\"https:\\\/\\\/www.bellunopress.it\\\/2022\\\/10\\\/21\\\/i-giovedi-nelle-scuole-al-via-la-prossima-settimana-il-tour-di-sindaco-e-assessore\\\/#primaryimage\"},\"thumbnailUrl\":\"https:\\\/\\\/www.bellunopress.it\\\/wp-content\\\/uploads\\\/2022\\\/07\\\/Oscar-De-Pellegrin-sindaco-di-Belluno_edited.jpg\",\"datePublished\":\"2022-10-21T10:25:03+00:00\",\"dateModified\":\"2022-10-21T16:12:00+00:00\",\"breadcrumb\":{\"@id\":\"https:\\\/\\\/www.bellunopress.it\\\/2022\\\/10\\\/21\\\/i-giovedi-nelle-scuole-al-via-la-prossima-settimana-il-tour-di-sindaco-e-assessore\\\/#breadcrumb\"},\"inLanguage\":\"fr-FR\",\"potentialAction\":[{\"@type\":\"ReadAction\",\"target\":[\"https:\\\/\\\/www.bellunopress.it\\\/2022\\\/10\\\/21\\\/i-giovedi-nelle-scuole-al-via-la-prossima-settimana-il-tour-di-sindaco-e-assessore\\\/\"]}]},{\"@type\":\"ImageObject\",\"inLanguage\":\"fr-FR\",\"@id\":\"https:\\\/\\\/www.bellunopress.it\\\/2022\\\/10\\\/21\\\/i-giovedi-nelle-scuole-al-via-la-prossima-settimana-il-tour-di-sindaco-e-assessore\\\/#primaryimage\",\"url\":\"https:\\\/\\\/www.bellunopress.it\\\/wp-content\\\/uploads\\\/2022\\\/07\\\/Oscar-De-Pellegrin-sindaco-di-Belluno_edited.jpg\",\"contentUrl\":\"https:\\\/\\\/www.bellunopress.it\\\/wp-content\\\/uploads\\\/2022\\\/07\\\/Oscar-De-Pellegrin-sindaco-di-Belluno_edited.jpg\",\"width\":803,\"height\":1000,\"caption\":\"Oscar De Pellegrin, sindaco di Belluno\"},{\"@type\":\"BreadcrumbList\",\"@id\":\"https:\\\/\\\/www.bellunopress.it\\\/2022\\\/10\\\/21\\\/i-giovedi-nelle-scuole-al-via-la-prossima-settimana-il-tour-di-sindaco-e-assessore\\\/#breadcrumb\",\"itemListElement\":[{\"@type\":\"ListItem\",\"position\":1,\"name\":\"Home\",\"item\":\"https:\\\/\\\/www.bellunopress.it\\\/\"},{\"@type\":\"ListItem\",\"position\":2,\"name\":\"I gioved\u00ec nelle scuole. Al via la prossima settimana il tour di sindaco e assessore\"}]},{\"@type\":\"WebSite\",\"@id\":\"https:\\\/\\\/www.bellunopress.it\\\/#website\",\"url\":\"https:\\\/\\\/www.bellunopress.it\\\/\",\"name\":\"Bellunopress - Dolomiti\",\"description\":\"e-mail: redazione@bellunopress.it\",\"publisher\":{\"@id\":\"https:\\\/\\\/www.bellunopress.it\\\/#organization\"},\"potentialAction\":[{\"@type\":\"SearchAction\",\"target\":{\"@type\":\"EntryPoint\",\"urlTemplate\":\"https:\\\/\\\/www.bellunopress.it\\\/?s={search_term_string}\"},\"query-input\":{\"@type\":\"PropertyValueSpecification\",\"valueRequired\":true,\"valueName\":\"search_term_string\"}}],\"inLanguage\":\"fr-FR\"},{\"@type\":\"Organization\",\"@id\":\"https:\\\/\\\/www.bellunopress.it\\\/#organization\",\"name\":\"Bellunopress\",\"url\":\"https:\\\/\\\/www.bellunopress.it\\\/\",\"logo\":{\"@type\":\"ImageObject\",\"inLanguage\":\"fr-FR\",\"@id\":\"https:\\\/\\\/www.bellunopress.it\\\/#\\\/schema\\\/logo\\\/image\\\/\",\"url\":\"https:\\\/\\\/www.bellunopress.it\\\/wp-content\\\/uploads\\\/2011\\\/05\\\/cropped-logo-bellunopress-.jpg\",\"contentUrl\":\"https:\\\/\\\/www.bellunopress.it\\\/wp-content\\\/uploads\\\/2011\\\/05\\\/cropped-logo-bellunopress-.jpg\",\"width\":512,\"height\":512,\"caption\":\"Bellunopress\"},\"image\":{\"@id\":\"https:\\\/\\\/www.bellunopress.it\\\/#\\\/schema\\\/logo\\\/image\\\/\"},\"sameAs\":[\"https:\\\/\\\/www.facebook.com\\\/profile.php?id=100008943462799\",\"https:\\\/\\\/x.com\\\/bellunopress\",\"https:\\\/\\\/www.linkedin.com\\\/hp\\\/?dnr=JBzUWaJfMUw8vbXJJ2tVW5-I3jZKvC4wsoxE&amp;amp;amp;amp;amp;amp;trk=nav_responsive_tab_home\",\"https:\\\/\\\/www.youtube.com\\\/channel\\\/UCxL0wu1uN0_3_7hGG0306cw\"]},{\"@type\":\"Person\",\"@id\":\"https:\\\/\\\/www.bellunopress.it\\\/#\\\/schema\\\/person\\\/79bb06722b37ece1c03d3e94beb30d73\",\"name\":\"redazione\",\"image\":{\"@type\":\"ImageObject\",\"inLanguage\":\"fr-FR\",\"@id\":\"https:\\\/\\\/secure.gravatar.com\\\/avatar\\\/37d968a2e67a6fd04c169c4bdef102d0bc5d31b2546345219e348575eb80e9a0?s=96&d=mm&r=g\",\"url\":\"https:\\\/\\\/secure.gravatar.com\\\/avatar\\\/37d968a2e67a6fd04c169c4bdef102d0bc5d31b2546345219e348575eb80e9a0?s=96&d=mm&r=g\",\"contentUrl\":\"https:\\\/\\\/secure.gravatar.com\\\/avatar\\\/37d968a2e67a6fd04c169c4bdef102d0bc5d31b2546345219e348575eb80e9a0?s=96&d=mm&r=g\",\"caption\":\"redazione\"},\"sameAs\":[\"http:\\\/\\\/www.bellunopress.it\",\"https:\\\/\\\/x.com\\\/bellunopress\"],\"url\":\"https:\\\/\\\/www.bellunopress.it\\\/fr\\\/author\\\/redazione\\\/\"}]}<\/script>\n<!-- \/ Yoast SEO plugin. -->","yoast_head_json":{"title":"I gioved\u00ec nelle scuole. Al via la prossima settimana il tour di sindaco e assessore - Bellunopress - Dolomiti","robots":{"index":"index","follow":"follow","max-snippet":"max-snippet:-1","max-image-preview":"max-image-preview:large","max-video-preview":"max-video-preview:-1"},"canonical":"https:\/\/www.bellunopress.it\/fr\/2022\/10\/21\/i-giovedi-nelle-scuole-al-via-la-prossima-settimana-il-tour-di-sindaco-e-assessore\/","og_locale":"fr_FR","og_type":"article","og_title":"I gioved\u00ec nelle scuole. Al via la prossima settimana il tour di sindaco e assessore - Bellunopress - Dolomiti","og_description":"Belluno, 21 ottobre 2022 &#8211; I gioved\u00ec nelle scuole: prende il via la prossima settimana il tour negli asili e nelle scuole comunali. La prima tappa sar\u00e0 la scuola dell\u2019infanzia di Sopracroda, dove il sindaco Oscar De Pellegrin e l\u2019assessore alle politiche giovanili Roberta Olivotto arriveranno alle 9.00 circa. \u201cNel programma elettorale avevamo inserito la [&hellip;]","og_url":"https:\/\/www.bellunopress.it\/fr\/2022\/10\/21\/i-giovedi-nelle-scuole-al-via-la-prossima-settimana-il-tour-di-sindaco-e-assessore\/","og_site_name":"Bellunopress - Dolomiti","article_publisher":"https:\/\/www.facebook.com\/profile.php?id=100008943462799","article_published_time":"2022-10-21T10:25:03+00:00","article_modified_time":"2022-10-21T16:12:00+00:00","og_image":[{"width":803,"height":1000,"url":"https:\/\/www.bellunopress.it\/wp-content\/uploads\/2022\/07\/Oscar-De-Pellegrin-sindaco-di-Belluno_edited.jpg","type":"image\/jpeg"}],"author":"redazione","twitter_card":"summary_large_image","twitter_creator":"@bellunopress","twitter_site":"@bellunopress","twitter_misc":{"Written by":"redazione","Est. reading time":"3 minutes"},"schema":{"@context":"https:\/\/schema.org","@graph":[{"@type":"Article","@id":"https:\/\/www.bellunopress.it\/2022\/10\/21\/i-giovedi-nelle-scuole-al-via-la-prossima-settimana-il-tour-di-sindaco-e-assessore\/#article","isPartOf":{"@id":"https:\/\/www.bellunopress.it\/2022\/10\/21\/i-giovedi-nelle-scuole-al-via-la-prossima-settimana-il-tour-di-sindaco-e-assessore\/"},"author":{"name":"redazione","@id":"https:\/\/www.bellunopress.it\/#\/schema\/person\/79bb06722b37ece1c03d3e94beb30d73"},"headline":"I gioved\u00ec nelle scuole. Al via la prossima settimana il tour di sindaco e assessore","datePublished":"2022-10-21T10:25:03+00:00","dateModified":"2022-10-21T16:12:00+00:00","mainEntityOfPage":{"@id":"https:\/\/www.bellunopress.it\/2022\/10\/21\/i-giovedi-nelle-scuole-al-via-la-prossima-settimana-il-tour-di-sindaco-e-assessore\/"},"wordCount":467,"publisher":{"@id":"https:\/\/www.bellunopress.it\/#organization"},"image":{"@id":"https:\/\/www.bellunopress.it\/2022\/10\/21\/i-giovedi-nelle-scuole-al-via-la-prossima-settimana-il-tour-di-sindaco-e-assessore\/#primaryimage"},"thumbnailUrl":"https:\/\/www.bellunopress.it\/wp-content\/uploads\/2022\/07\/Oscar-De-Pellegrin-sindaco-di-Belluno_edited.jpg","articleSection":["Prima Pagina","Scuola"],"inLanguage":"fr-FR"},{"@type":"WebPage","@id":"https:\/\/www.bellunopress.it\/2022\/10\/21\/i-giovedi-nelle-scuole-al-via-la-prossima-settimana-il-tour-di-sindaco-e-assessore\/","url":"https:\/\/www.bellunopress.it\/2022\/10\/21\/i-giovedi-nelle-scuole-al-via-la-prossima-settimana-il-tour-di-sindaco-e-assessore\/","name":"I gioved\u00ec nelle scuole. Al via la prossima settimana il tour di sindaco e assessore - Bellunopress - Dolomiti","isPartOf":{"@id":"https:\/\/www.bellunopress.it\/#website"},"primaryImageOfPage":{"@id":"https:\/\/www.bellunopress.it\/2022\/10\/21\/i-giovedi-nelle-scuole-al-via-la-prossima-settimana-il-tour-di-sindaco-e-assessore\/#primaryimage"},"image":{"@id":"https:\/\/www.bellunopress.it\/2022\/10\/21\/i-giovedi-nelle-scuole-al-via-la-prossima-settimana-il-tour-di-sindaco-e-assessore\/#primaryimage"},"thumbnailUrl":"https:\/\/www.bellunopress.it\/wp-content\/uploads\/2022\/07\/Oscar-De-Pellegrin-sindaco-di-Belluno_edited.jpg","datePublished":"2022-10-21T10:25:03+00:00","dateModified":"2022-10-21T16:12:00+00:00","breadcrumb":{"@id":"https:\/\/www.bellunopress.it\/2022\/10\/21\/i-giovedi-nelle-scuole-al-via-la-prossima-settimana-il-tour-di-sindaco-e-assessore\/#breadcrumb"},"inLanguage":"fr-FR","potentialAction":[{"@type":"ReadAction","target":["https:\/\/www.bellunopress.it\/2022\/10\/21\/i-giovedi-nelle-scuole-al-via-la-prossima-settimana-il-tour-di-sindaco-e-assessore\/"]}]},{"@type":"ImageObject","inLanguage":"fr-FR","@id":"https:\/\/www.bellunopress.it\/2022\/10\/21\/i-giovedi-nelle-scuole-al-via-la-prossima-settimana-il-tour-di-sindaco-e-assessore\/#primaryimage","url":"https:\/\/www.bellunopress.it\/wp-content\/uploads\/2022\/07\/Oscar-De-Pellegrin-sindaco-di-Belluno_edited.jpg","contentUrl":"https:\/\/www.bellunopress.it\/wp-content\/uploads\/2022\/07\/Oscar-De-Pellegrin-sindaco-di-Belluno_edited.jpg","width":803,"height":1000,"caption":"Oscar De Pellegrin, sindaco di Belluno"},{"@type":"BreadcrumbList","@id":"https:\/\/www.bellunopress.it\/2022\/10\/21\/i-giovedi-nelle-scuole-al-via-la-prossima-settimana-il-tour-di-sindaco-e-assessore\/#breadcrumb","itemListElement":[{"@type":"ListItem","position":1,"name":"Home","item":"https:\/\/www.bellunopress.it\/"},{"@type":"ListItem","position":2,"name":"I gioved\u00ec nelle scuole. Al via la prossima settimana il tour di sindaco e assessore"}]},{"@type":"WebSite","@id":"https:\/\/www.bellunopress.it\/#website","url":"https:\/\/www.bellunopress.it\/","name":"Bellunopress - Dolomiti","description":"e-mail: redazione@bellunopress.it","publisher":{"@id":"https:\/\/www.bellunopress.it\/#organization"},"potentialAction":[{"@type":"SearchAction","target":{"@type":"EntryPoint","urlTemplate":"https:\/\/www.bellunopress.it\/?s={search_term_string}"},"query-input":{"@type":"PropertyValueSpecification","valueRequired":true,"valueName":"search_term_string"}}],"inLanguage":"fr-FR"},{"@type":"Organization","@id":"https:\/\/www.bellunopress.it\/#organization","name":"Bellunopress","url":"https:\/\/www.bellunopress.it\/","logo":{"@type":"ImageObject","inLanguage":"fr-FR","@id":"https:\/\/www.bellunopress.it\/#\/schema\/logo\/image\/","url":"https:\/\/www.bellunopress.it\/wp-content\/uploads\/2011\/05\/cropped-logo-bellunopress-.jpg","contentUrl":"https:\/\/www.bellunopress.it\/wp-content\/uploads\/2011\/05\/cropped-logo-bellunopress-.jpg","width":512,"height":512,"caption":"Bellunopress"},"image":{"@id":"https:\/\/www.bellunopress.it\/#\/schema\/logo\/image\/"},"sameAs":["https:\/\/www.facebook.com\/profile.php?id=100008943462799","https:\/\/x.com\/bellunopress","https:\/\/www.linkedin.com\/hp\/?dnr=JBzUWaJfMUw8vbXJJ2tVW5-I3jZKvC4wsoxE&amp;amp;amp;amp;amp;amp;trk=nav_responsive_tab_home","https:\/\/www.youtube.com\/channel\/UCxL0wu1uN0_3_7hGG0306cw"]},{"@type":"Person","@id":"https:\/\/www.bellunopress.it\/#\/schema\/person\/79bb06722b37ece1c03d3e94beb30d73","name":"r\u00e9daction","image":{"@type":"ImageObject","inLanguage":"fr-FR","@id":"https:\/\/secure.gravatar.com\/avatar\/37d968a2e67a6fd04c169c4bdef102d0bc5d31b2546345219e348575eb80e9a0?s=96&d=mm&r=g","url":"https:\/\/secure.gravatar.com\/avatar\/37d968a2e67a6fd04c169c4bdef102d0bc5d31b2546345219e348575eb80e9a0?s=96&d=mm&r=g","contentUrl":"https:\/\/secure.gravatar.com\/avatar\/37d968a2e67a6fd04c169c4bdef102d0bc5d31b2546345219e348575eb80e9a0?s=96&d=mm&r=g","caption":"redazione"},"sameAs":["http:\/\/www.bellunopress.it","https:\/\/x.com\/bellunopress"],"url":"https:\/\/www.bellunopress.it\/fr\/author\/redazione\/"}]}},"_links":{"self":[{"href":"https:\/\/www.bellunopress.it\/fr\/wp-json\/wp\/v2\/posts\/137141","targetHints":{"allow":["GET"]}}],"collection":[{"href":"https:\/\/www.bellunopress.it\/fr\/wp-json\/wp\/v2\/posts"}],"about":[{"href":"https:\/\/www.bellunopress.it\/fr\/wp-json\/wp\/v2\/types\/post"}],"author":[{"embeddable":true,"href":"https:\/\/www.bellunopress.it\/fr\/wp-json\/wp\/v2\/users\/2"}],"replies":[{"embeddable":true,"href":"https:\/\/www.bellunopress.it\/fr\/wp-json\/wp\/v2\/comments?post=137141"}],"version-history":[{"count":3,"href":"https:\/\/www.bellunopress.it\/fr\/wp-json\/wp\/v2\/posts\/137141\/revisions"}],"predecessor-version":[{"id":137146,"href":"https:\/\/www.bellunopress.it\/fr\/wp-json\/wp\/v2\/posts\/137141\/revisions\/137146"}],"wp:featuredmedia":[{"embeddable":true,"href":"https:\/\/www.bellunopress.it\/fr\/wp-json\/wp\/v2\/media\/135245"}],"wp:attachment":[{"href":"https:\/\/www.bellunopress.it\/fr\/wp-json\/wp\/v2\/media?parent=137141"}],"wp:term":[{"taxonomy":"category","embeddable":true,"href":"https:\/\/www.bellunopress.it\/fr\/wp-json\/wp\/v2\/categories?post=137141"},{"taxonomy":"post_tag","embeddable":true,"href":"https:\/\/www.bellunopress.it\/fr\/wp-json\/wp\/v2\/tags?post=137141"}],"curies":[{"name":"wp","href":"https:\/\/api.w.org\/{rel}","templated":true}]}}