{"id":137117,"date":"2022-10-20T19:14:42","date_gmt":"2022-10-20T17:14:42","guid":{"rendered":"https:\/\/www.bellunopress.it\/?p=137117"},"modified":"2022-10-20T19:14:42","modified_gmt":"2022-10-20T17:14:42","slug":"traffico-piu-scorrevole-a-semaforo-lampeggiante-al-via-la-sperimentazione-a-baldenich","status":"publish","type":"post","link":"https:\/\/www.bellunopress.it\/fr\/2022\/10\/20\/traffico-piu-scorrevole-a-semaforo-lampeggiante-al-via-la-sperimentazione-a-baldenich\/","title":{"rendered":"Traffico pi\u00f9 scorrevole a semaforo lampeggiante. Al via la sperimentazione a Baldenich"},"content":{"rendered":"<p><img loading=\"lazy\" decoding=\"async\" class=\"alignleft size-full wp-image-137118\" src=\"https:\/\/www.bellunopress.it\/wp-content\/uploads\/2022\/10\/semaforo-giallo_edited.jpg\" alt=\"\" width=\"550\" height=\"688\" srcset=\"https:\/\/www.bellunopress.it\/wp-content\/uploads\/2022\/10\/semaforo-giallo_edited.jpg 550w, https:\/\/www.bellunopress.it\/wp-content\/uploads\/2022\/10\/semaforo-giallo_edited-400x500.jpg 400w, https:\/\/www.bellunopress.it\/wp-content\/uploads\/2022\/10\/semaforo-giallo_edited-336x420.jpg 336w\" sizes=\"auto, (max-width: 550px) 100vw, 550px\" \/>Belluno, 20 ottobre 2022 &#8211; Sistemato il semaforo di Baldenich: a breve partir\u00e0 la sperimentazione. Un\u2019ordinanza firmata ieri dal comandante della polizia locale, avvia un nuovo funzionamento per l\u2019impianto all\u2019incrocio fra la fra le vie F. Pellegrini, F.M. Colle e Vittorio Veneto. La misura nasce dall\u2019aver verificato come negli orari non di punta il traffico all\u2019incrocio fosse pi\u00f9 scorrevole nei momenti in cui il semaforo, non funzionante a causa di danni alle componenti interne, lampeggiava.<\/p>\n<p>\u201cL\u2019obiettivo \u00e8 quello di migliorare la fluidit\u00e0 della circolazione e abbassare i livelli di smog, in particolar modo lungo il principale asse di attraversamento della nostra citt\u00e0 in Destra Piave \u2013 spiega il sindaco, Oscar De Pellegrin -, che \u00e8 proprio quello su cui insiste l\u2019impianto di Baldenich. Alternare orari di funzionamento tradizionale ad altri di solo lampeggio \u00e8 una possibilit\u00e0 data dai nuovi sistemi, come quello che \u00e8 stato montato nei giorni scorsi al nostro semaforo, e permette di modificare la regolazione del traffico sulla base dei flussi\u201d.<\/p>\n<p>Nelle ultime settimane il semaforo in questione ha alternato periodi di funzionamento e periodi di solo lampeggio a causa della rottura di componenti interne e dell\u2019impossibilit\u00e0 di trovare soluzioni definitive prima della sostituzione in toto delle parti. Questo ha permesso di verificare come il lampeggio determinasse un visibile miglioramento della fluidita\u0300 della circolazione, quando i volumi di traffico sono meno intensi, con effetti positivi anche sulla qualit\u00e0 dell\u2019aria. Da qui l\u2019idea di sperimentare, proprio a partire da questo incrocio, un nuovo sistema di regolazione dei flussi.<\/p>\n<p>Temporaneamente, per sei mesi ed in via sperimentale, il funzionamento dell\u2019impianto semaforico sar\u00e0 tradizionale, a tempi fissi, dalle 7.30 alle 9, dalle 12 alle 13.30 e dalle 17.30 alle 19, gli orari di maggior passaggio, mentre per il resto della giornata sar\u00e0 a luci gialle lampeggianti. L\u2019ordinanza, gi\u00e0 pubblicata nell\u2019albo pretorio del Comune, entrer\u00e0 in vigore non appena sar\u00e0 posata l\u2019apposita segnaletica. \u201cSei mesi ci daranno modo di capire se la misura funziona e se snellisce la circolazione \u2013 aggiunge il sindaco -, dopo di che si decider\u00e0 se proseguire in questa direzione o tornare al sistema di sempre. Auto ferme al semaforo in orari in cui il traffico \u00e8 molto basso generano emissioni che possono essere evitate\u201d.<br \/>\nL\u2019impianto \u00e8 stato aggiustato, con la sostituzione di tutte le componenti danneggiate, mercoled\u00ec. Le operazioni sono iniziate di primo mattino per concludersi nel tardo pomeriggio, quando il semaforo \u00e8 tornato a funzionare perfettamente. Ci sono volute settimane per riuscire a ripristinare l\u2019impianto e il suo funzionamento perch\u00e9 i pezzi da sostituire non erano immediatamente disponibili, come molti materiali in questo periodo, e cos\u00ec nel frattempo gli elettricisti si sono recati quasi quotidianamente all\u2019incrocio per tamponare il problema con soluzioni che, tuttavia, si rivelavano sempre temporanee.<\/p>","protected":false},"excerpt":{"rendered":"<p>Belluno, 20 ottobre 2022 &#8211; Sistemato il semaforo di Baldenich: a breve partir\u00e0 la sperimentazione. Un\u2019ordinanza firmata ieri dal comandante della polizia locale, avvia un nuovo funzionamento per l\u2019impianto all\u2019incrocio fra la fra le vie F. Pellegrini, F.M. Colle e Vittorio Veneto. La misura nasce dall\u2019aver verificato come negli orari non di punta il traffico [&hellip;]<\/p>\n","protected":false},"author":2,"featured_media":137118,"comment_status":"closed","ping_status":"open","sticky":false,"template":"","format":"standard","meta":{"footnotes":""},"categories":[26],"tags":[],"class_list":["post-137117","post","type-post","status-publish","format-standard","has-post-thumbnail","category-prima-pagina"],"yoast_head":"<!-- This site is optimized with the Yoast SEO plugin v28.4 - https:\/\/yoast.com\/product\/yoast-seo-wordpress\/ -->\n<title>Traffico pi\u00f9 scorrevole a semaforo lampeggiante. Al via la sperimentazione a Baldenich - Bellunopress - Dolomiti<\/title>\n<meta name=\"robots\" content=\"index, follow, max-snippet:-1, max-image-preview:large, max-video-preview:-1\" \/>\n<link rel=\"canonical\" href=\"https:\/\/www.bellunopress.it\/fr\/2022\/10\/20\/traffico-piu-scorrevole-a-semaforo-lampeggiante-al-via-la-sperimentazione-a-baldenich\/\" \/>\n<meta property=\"og:locale\" content=\"fr_FR\" \/>\n<meta property=\"og:type\" content=\"article\" \/>\n<meta property=\"og:title\" content=\"Traffico pi\u00f9 scorrevole a semaforo lampeggiante. Al via la sperimentazione a Baldenich - Bellunopress - Dolomiti\" \/>\n<meta property=\"og:description\" content=\"Belluno, 20 ottobre 2022 &#8211; Sistemato il semaforo di Baldenich: a breve partir\u00e0 la sperimentazione. Un\u2019ordinanza firmata ieri dal comandante della polizia locale, avvia un nuovo funzionamento per l\u2019impianto all\u2019incrocio fra la fra le vie F. Pellegrini, F.M. Colle e Vittorio Veneto. La misura nasce dall\u2019aver verificato come negli orari non di punta il traffico [&hellip;]\" \/>\n<meta property=\"og:url\" content=\"https:\/\/www.bellunopress.it\/fr\/2022\/10\/20\/traffico-piu-scorrevole-a-semaforo-lampeggiante-al-via-la-sperimentazione-a-baldenich\/\" \/>\n<meta property=\"og:site_name\" content=\"Bellunopress - Dolomiti\" \/>\n<meta property=\"article:publisher\" content=\"https:\/\/www.facebook.com\/profile.php?id=100008943462799\" \/>\n<meta property=\"article:published_time\" content=\"2022-10-20T17:14:42+00:00\" \/>\n<meta property=\"og:image\" content=\"https:\/\/www.bellunopress.it\/wp-content\/uploads\/2022\/10\/semaforo-giallo_edited.jpg\" \/>\n\t<meta property=\"og:image:width\" content=\"550\" \/>\n\t<meta property=\"og:image:height\" content=\"688\" \/>\n\t<meta property=\"og:image:type\" content=\"image\/jpeg\" \/>\n<meta name=\"author\" content=\"redazione\" \/>\n<meta name=\"twitter:card\" content=\"summary_large_image\" \/>\n<meta name=\"twitter:creator\" content=\"@bellunopress\" \/>\n<meta name=\"twitter:site\" content=\"@bellunopress\" \/>\n<meta name=\"twitter:label1\" content=\"Written by\" \/>\n\t<meta name=\"twitter:data1\" content=\"redazione\" \/>\n\t<meta name=\"twitter:label2\" content=\"Est. reading time\" \/>\n\t<meta name=\"twitter:data2\" content=\"3 minutes\" \/>\n<script type=\"application\/ld+json\" class=\"yoast-schema-graph\">{\"@context\":\"https:\\\/\\\/schema.org\",\"@graph\":[{\"@type\":\"Article\",\"@id\":\"https:\\\/\\\/www.bellunopress.it\\\/2022\\\/10\\\/20\\\/traffico-piu-scorrevole-a-semaforo-lampeggiante-al-via-la-sperimentazione-a-baldenich\\\/#article\",\"isPartOf\":{\"@id\":\"https:\\\/\\\/www.bellunopress.it\\\/2022\\\/10\\\/20\\\/traffico-piu-scorrevole-a-semaforo-lampeggiante-al-via-la-sperimentazione-a-baldenich\\\/\"},\"author\":{\"name\":\"redazione\",\"@id\":\"https:\\\/\\\/www.bellunopress.it\\\/#\\\/schema\\\/person\\\/79bb06722b37ece1c03d3e94beb30d73\"},\"headline\":\"Traffico pi\u00f9 scorrevole a semaforo lampeggiante. Al via la sperimentazione a Baldenich\",\"datePublished\":\"2022-10-20T17:14:42+00:00\",\"mainEntityOfPage\":{\"@id\":\"https:\\\/\\\/www.bellunopress.it\\\/2022\\\/10\\\/20\\\/traffico-piu-scorrevole-a-semaforo-lampeggiante-al-via-la-sperimentazione-a-baldenich\\\/\"},\"wordCount\":466,\"publisher\":{\"@id\":\"https:\\\/\\\/www.bellunopress.it\\\/#organization\"},\"image\":{\"@id\":\"https:\\\/\\\/www.bellunopress.it\\\/2022\\\/10\\\/20\\\/traffico-piu-scorrevole-a-semaforo-lampeggiante-al-via-la-sperimentazione-a-baldenich\\\/#primaryimage\"},\"thumbnailUrl\":\"https:\\\/\\\/www.bellunopress.it\\\/wp-content\\\/uploads\\\/2022\\\/10\\\/semaforo-giallo_edited.jpg\",\"articleSection\":[\"Prima Pagina\"],\"inLanguage\":\"fr-FR\"},{\"@type\":\"WebPage\",\"@id\":\"https:\\\/\\\/www.bellunopress.it\\\/2022\\\/10\\\/20\\\/traffico-piu-scorrevole-a-semaforo-lampeggiante-al-via-la-sperimentazione-a-baldenich\\\/\",\"url\":\"https:\\\/\\\/www.bellunopress.it\\\/2022\\\/10\\\/20\\\/traffico-piu-scorrevole-a-semaforo-lampeggiante-al-via-la-sperimentazione-a-baldenich\\\/\",\"name\":\"Traffico pi\u00f9 scorrevole a semaforo lampeggiante. Al via la sperimentazione a Baldenich - Bellunopress - Dolomiti\",\"isPartOf\":{\"@id\":\"https:\\\/\\\/www.bellunopress.it\\\/#website\"},\"primaryImageOfPage\":{\"@id\":\"https:\\\/\\\/www.bellunopress.it\\\/2022\\\/10\\\/20\\\/traffico-piu-scorrevole-a-semaforo-lampeggiante-al-via-la-sperimentazione-a-baldenich\\\/#primaryimage\"},\"image\":{\"@id\":\"https:\\\/\\\/www.bellunopress.it\\\/2022\\\/10\\\/20\\\/traffico-piu-scorrevole-a-semaforo-lampeggiante-al-via-la-sperimentazione-a-baldenich\\\/#primaryimage\"},\"thumbnailUrl\":\"https:\\\/\\\/www.bellunopress.it\\\/wp-content\\\/uploads\\\/2022\\\/10\\\/semaforo-giallo_edited.jpg\",\"datePublished\":\"2022-10-20T17:14:42+00:00\",\"breadcrumb\":{\"@id\":\"https:\\\/\\\/www.bellunopress.it\\\/2022\\\/10\\\/20\\\/traffico-piu-scorrevole-a-semaforo-lampeggiante-al-via-la-sperimentazione-a-baldenich\\\/#breadcrumb\"},\"inLanguage\":\"fr-FR\",\"potentialAction\":[{\"@type\":\"ReadAction\",\"target\":[\"https:\\\/\\\/www.bellunopress.it\\\/2022\\\/10\\\/20\\\/traffico-piu-scorrevole-a-semaforo-lampeggiante-al-via-la-sperimentazione-a-baldenich\\\/\"]}]},{\"@type\":\"ImageObject\",\"inLanguage\":\"fr-FR\",\"@id\":\"https:\\\/\\\/www.bellunopress.it\\\/2022\\\/10\\\/20\\\/traffico-piu-scorrevole-a-semaforo-lampeggiante-al-via-la-sperimentazione-a-baldenich\\\/#primaryimage\",\"url\":\"https:\\\/\\\/www.bellunopress.it\\\/wp-content\\\/uploads\\\/2022\\\/10\\\/semaforo-giallo_edited.jpg\",\"contentUrl\":\"https:\\\/\\\/www.bellunopress.it\\\/wp-content\\\/uploads\\\/2022\\\/10\\\/semaforo-giallo_edited.jpg\",\"width\":550,\"height\":688},{\"@type\":\"BreadcrumbList\",\"@id\":\"https:\\\/\\\/www.bellunopress.it\\\/2022\\\/10\\\/20\\\/traffico-piu-scorrevole-a-semaforo-lampeggiante-al-via-la-sperimentazione-a-baldenich\\\/#breadcrumb\",\"itemListElement\":[{\"@type\":\"ListItem\",\"position\":1,\"name\":\"Home\",\"item\":\"https:\\\/\\\/www.bellunopress.it\\\/\"},{\"@type\":\"ListItem\",\"position\":2,\"name\":\"Traffico pi\u00f9 scorrevole a semaforo lampeggiante. Al via la sperimentazione a Baldenich\"}]},{\"@type\":\"WebSite\",\"@id\":\"https:\\\/\\\/www.bellunopress.it\\\/#website\",\"url\":\"https:\\\/\\\/www.bellunopress.it\\\/\",\"name\":\"Bellunopress - Dolomiti\",\"description\":\"e-mail: redazione@bellunopress.it\",\"publisher\":{\"@id\":\"https:\\\/\\\/www.bellunopress.it\\\/#organization\"},\"potentialAction\":[{\"@type\":\"SearchAction\",\"target\":{\"@type\":\"EntryPoint\",\"urlTemplate\":\"https:\\\/\\\/www.bellunopress.it\\\/?s={search_term_string}\"},\"query-input\":{\"@type\":\"PropertyValueSpecification\",\"valueRequired\":true,\"valueName\":\"search_term_string\"}}],\"inLanguage\":\"fr-FR\"},{\"@type\":\"Organization\",\"@id\":\"https:\\\/\\\/www.bellunopress.it\\\/#organization\",\"name\":\"Bellunopress\",\"url\":\"https:\\\/\\\/www.bellunopress.it\\\/\",\"logo\":{\"@type\":\"ImageObject\",\"inLanguage\":\"fr-FR\",\"@id\":\"https:\\\/\\\/www.bellunopress.it\\\/#\\\/schema\\\/logo\\\/image\\\/\",\"url\":\"https:\\\/\\\/www.bellunopress.it\\\/wp-content\\\/uploads\\\/2011\\\/05\\\/cropped-logo-bellunopress-.jpg\",\"contentUrl\":\"https:\\\/\\\/www.bellunopress.it\\\/wp-content\\\/uploads\\\/2011\\\/05\\\/cropped-logo-bellunopress-.jpg\",\"width\":512,\"height\":512,\"caption\":\"Bellunopress\"},\"image\":{\"@id\":\"https:\\\/\\\/www.bellunopress.it\\\/#\\\/schema\\\/logo\\\/image\\\/\"},\"sameAs\":[\"https:\\\/\\\/www.facebook.com\\\/profile.php?id=100008943462799\",\"https:\\\/\\\/x.com\\\/bellunopress\",\"https:\\\/\\\/www.linkedin.com\\\/hp\\\/?dnr=JBzUWaJfMUw8vbXJJ2tVW5-I3jZKvC4wsoxE&amp;amp;amp;amp;amp;amp;trk=nav_responsive_tab_home\",\"https:\\\/\\\/www.youtube.com\\\/channel\\\/UCxL0wu1uN0_3_7hGG0306cw\"]},{\"@type\":\"Person\",\"@id\":\"https:\\\/\\\/www.bellunopress.it\\\/#\\\/schema\\\/person\\\/79bb06722b37ece1c03d3e94beb30d73\",\"name\":\"redazione\",\"image\":{\"@type\":\"ImageObject\",\"inLanguage\":\"fr-FR\",\"@id\":\"https:\\\/\\\/secure.gravatar.com\\\/avatar\\\/37d968a2e67a6fd04c169c4bdef102d0bc5d31b2546345219e348575eb80e9a0?s=96&d=mm&r=g\",\"url\":\"https:\\\/\\\/secure.gravatar.com\\\/avatar\\\/37d968a2e67a6fd04c169c4bdef102d0bc5d31b2546345219e348575eb80e9a0?s=96&d=mm&r=g\",\"contentUrl\":\"https:\\\/\\\/secure.gravatar.com\\\/avatar\\\/37d968a2e67a6fd04c169c4bdef102d0bc5d31b2546345219e348575eb80e9a0?s=96&d=mm&r=g\",\"caption\":\"redazione\"},\"sameAs\":[\"http:\\\/\\\/www.bellunopress.it\",\"https:\\\/\\\/x.com\\\/bellunopress\"],\"url\":\"https:\\\/\\\/www.bellunopress.it\\\/fr\\\/author\\\/redazione\\\/\"}]}<\/script>\n<!-- \/ Yoast SEO plugin. -->","yoast_head_json":{"title":"Traffico pi\u00f9 scorrevole a semaforo lampeggiante. Al via la sperimentazione a Baldenich - Bellunopress - Dolomiti","robots":{"index":"index","follow":"follow","max-snippet":"max-snippet:-1","max-image-preview":"max-image-preview:large","max-video-preview":"max-video-preview:-1"},"canonical":"https:\/\/www.bellunopress.it\/fr\/2022\/10\/20\/traffico-piu-scorrevole-a-semaforo-lampeggiante-al-via-la-sperimentazione-a-baldenich\/","og_locale":"fr_FR","og_type":"article","og_title":"Traffico pi\u00f9 scorrevole a semaforo lampeggiante. Al via la sperimentazione a Baldenich - Bellunopress - Dolomiti","og_description":"Belluno, 20 ottobre 2022 &#8211; Sistemato il semaforo di Baldenich: a breve partir\u00e0 la sperimentazione. Un\u2019ordinanza firmata ieri dal comandante della polizia locale, avvia un nuovo funzionamento per l\u2019impianto all\u2019incrocio fra la fra le vie F. Pellegrini, F.M. Colle e Vittorio Veneto. La misura nasce dall\u2019aver verificato come negli orari non di punta il traffico [&hellip;]","og_url":"https:\/\/www.bellunopress.it\/fr\/2022\/10\/20\/traffico-piu-scorrevole-a-semaforo-lampeggiante-al-via-la-sperimentazione-a-baldenich\/","og_site_name":"Bellunopress - Dolomiti","article_publisher":"https:\/\/www.facebook.com\/profile.php?id=100008943462799","article_published_time":"2022-10-20T17:14:42+00:00","og_image":[{"width":550,"height":688,"url":"https:\/\/www.bellunopress.it\/wp-content\/uploads\/2022\/10\/semaforo-giallo_edited.jpg","type":"image\/jpeg"}],"author":"redazione","twitter_card":"summary_large_image","twitter_creator":"@bellunopress","twitter_site":"@bellunopress","twitter_misc":{"Written by":"redazione","Est. reading time":"3 minutes"},"schema":{"@context":"https:\/\/schema.org","@graph":[{"@type":"Article","@id":"https:\/\/www.bellunopress.it\/2022\/10\/20\/traffico-piu-scorrevole-a-semaforo-lampeggiante-al-via-la-sperimentazione-a-baldenich\/#article","isPartOf":{"@id":"https:\/\/www.bellunopress.it\/2022\/10\/20\/traffico-piu-scorrevole-a-semaforo-lampeggiante-al-via-la-sperimentazione-a-baldenich\/"},"author":{"name":"redazione","@id":"https:\/\/www.bellunopress.it\/#\/schema\/person\/79bb06722b37ece1c03d3e94beb30d73"},"headline":"Traffico pi\u00f9 scorrevole a semaforo lampeggiante. Al via la sperimentazione a Baldenich","datePublished":"2022-10-20T17:14:42+00:00","mainEntityOfPage":{"@id":"https:\/\/www.bellunopress.it\/2022\/10\/20\/traffico-piu-scorrevole-a-semaforo-lampeggiante-al-via-la-sperimentazione-a-baldenich\/"},"wordCount":466,"publisher":{"@id":"https:\/\/www.bellunopress.it\/#organization"},"image":{"@id":"https:\/\/www.bellunopress.it\/2022\/10\/20\/traffico-piu-scorrevole-a-semaforo-lampeggiante-al-via-la-sperimentazione-a-baldenich\/#primaryimage"},"thumbnailUrl":"https:\/\/www.bellunopress.it\/wp-content\/uploads\/2022\/10\/semaforo-giallo_edited.jpg","articleSection":["Prima Pagina"],"inLanguage":"fr-FR"},{"@type":"WebPage","@id":"https:\/\/www.bellunopress.it\/2022\/10\/20\/traffico-piu-scorrevole-a-semaforo-lampeggiante-al-via-la-sperimentazione-a-baldenich\/","url":"https:\/\/www.bellunopress.it\/2022\/10\/20\/traffico-piu-scorrevole-a-semaforo-lampeggiante-al-via-la-sperimentazione-a-baldenich\/","name":"Traffico pi\u00f9 scorrevole a semaforo lampeggiante. Al via la sperimentazione a Baldenich - Bellunopress - Dolomiti","isPartOf":{"@id":"https:\/\/www.bellunopress.it\/#website"},"primaryImageOfPage":{"@id":"https:\/\/www.bellunopress.it\/2022\/10\/20\/traffico-piu-scorrevole-a-semaforo-lampeggiante-al-via-la-sperimentazione-a-baldenich\/#primaryimage"},"image":{"@id":"https:\/\/www.bellunopress.it\/2022\/10\/20\/traffico-piu-scorrevole-a-semaforo-lampeggiante-al-via-la-sperimentazione-a-baldenich\/#primaryimage"},"thumbnailUrl":"https:\/\/www.bellunopress.it\/wp-content\/uploads\/2022\/10\/semaforo-giallo_edited.jpg","datePublished":"2022-10-20T17:14:42+00:00","breadcrumb":{"@id":"https:\/\/www.bellunopress.it\/2022\/10\/20\/traffico-piu-scorrevole-a-semaforo-lampeggiante-al-via-la-sperimentazione-a-baldenich\/#breadcrumb"},"inLanguage":"fr-FR","potentialAction":[{"@type":"ReadAction","target":["https:\/\/www.bellunopress.it\/2022\/10\/20\/traffico-piu-scorrevole-a-semaforo-lampeggiante-al-via-la-sperimentazione-a-baldenich\/"]}]},{"@type":"ImageObject","inLanguage":"fr-FR","@id":"https:\/\/www.bellunopress.it\/2022\/10\/20\/traffico-piu-scorrevole-a-semaforo-lampeggiante-al-via-la-sperimentazione-a-baldenich\/#primaryimage","url":"https:\/\/www.bellunopress.it\/wp-content\/uploads\/2022\/10\/semaforo-giallo_edited.jpg","contentUrl":"https:\/\/www.bellunopress.it\/wp-content\/uploads\/2022\/10\/semaforo-giallo_edited.jpg","width":550,"height":688},{"@type":"BreadcrumbList","@id":"https:\/\/www.bellunopress.it\/2022\/10\/20\/traffico-piu-scorrevole-a-semaforo-lampeggiante-al-via-la-sperimentazione-a-baldenich\/#breadcrumb","itemListElement":[{"@type":"ListItem","position":1,"name":"Home","item":"https:\/\/www.bellunopress.it\/"},{"@type":"ListItem","position":2,"name":"Traffico pi\u00f9 scorrevole a semaforo lampeggiante. Al via la sperimentazione a Baldenich"}]},{"@type":"WebSite","@id":"https:\/\/www.bellunopress.it\/#website","url":"https:\/\/www.bellunopress.it\/","name":"Bellunopress - Dolomiti","description":"e-mail: redazione@bellunopress.it","publisher":{"@id":"https:\/\/www.bellunopress.it\/#organization"},"potentialAction":[{"@type":"SearchAction","target":{"@type":"EntryPoint","urlTemplate":"https:\/\/www.bellunopress.it\/?s={search_term_string}"},"query-input":{"@type":"PropertyValueSpecification","valueRequired":true,"valueName":"search_term_string"}}],"inLanguage":"fr-FR"},{"@type":"Organization","@id":"https:\/\/www.bellunopress.it\/#organization","name":"Bellunopress","url":"https:\/\/www.bellunopress.it\/","logo":{"@type":"ImageObject","inLanguage":"fr-FR","@id":"https:\/\/www.bellunopress.it\/#\/schema\/logo\/image\/","url":"https:\/\/www.bellunopress.it\/wp-content\/uploads\/2011\/05\/cropped-logo-bellunopress-.jpg","contentUrl":"https:\/\/www.bellunopress.it\/wp-content\/uploads\/2011\/05\/cropped-logo-bellunopress-.jpg","width":512,"height":512,"caption":"Bellunopress"},"image":{"@id":"https:\/\/www.bellunopress.it\/#\/schema\/logo\/image\/"},"sameAs":["https:\/\/www.facebook.com\/profile.php?id=100008943462799","https:\/\/x.com\/bellunopress","https:\/\/www.linkedin.com\/hp\/?dnr=JBzUWaJfMUw8vbXJJ2tVW5-I3jZKvC4wsoxE&amp;amp;amp;amp;amp;amp;trk=nav_responsive_tab_home","https:\/\/www.youtube.com\/channel\/UCxL0wu1uN0_3_7hGG0306cw"]},{"@type":"Person","@id":"https:\/\/www.bellunopress.it\/#\/schema\/person\/79bb06722b37ece1c03d3e94beb30d73","name":"r\u00e9daction","image":{"@type":"ImageObject","inLanguage":"fr-FR","@id":"https:\/\/secure.gravatar.com\/avatar\/37d968a2e67a6fd04c169c4bdef102d0bc5d31b2546345219e348575eb80e9a0?s=96&d=mm&r=g","url":"https:\/\/secure.gravatar.com\/avatar\/37d968a2e67a6fd04c169c4bdef102d0bc5d31b2546345219e348575eb80e9a0?s=96&d=mm&r=g","contentUrl":"https:\/\/secure.gravatar.com\/avatar\/37d968a2e67a6fd04c169c4bdef102d0bc5d31b2546345219e348575eb80e9a0?s=96&d=mm&r=g","caption":"redazione"},"sameAs":["http:\/\/www.bellunopress.it","https:\/\/x.com\/bellunopress"],"url":"https:\/\/www.bellunopress.it\/fr\/author\/redazione\/"}]}},"_links":{"self":[{"href":"https:\/\/www.bellunopress.it\/fr\/wp-json\/wp\/v2\/posts\/137117","targetHints":{"allow":["GET"]}}],"collection":[{"href":"https:\/\/www.bellunopress.it\/fr\/wp-json\/wp\/v2\/posts"}],"about":[{"href":"https:\/\/www.bellunopress.it\/fr\/wp-json\/wp\/v2\/types\/post"}],"author":[{"embeddable":true,"href":"https:\/\/www.bellunopress.it\/fr\/wp-json\/wp\/v2\/users\/2"}],"replies":[{"embeddable":true,"href":"https:\/\/www.bellunopress.it\/fr\/wp-json\/wp\/v2\/comments?post=137117"}],"version-history":[{"count":1,"href":"https:\/\/www.bellunopress.it\/fr\/wp-json\/wp\/v2\/posts\/137117\/revisions"}],"predecessor-version":[{"id":137119,"href":"https:\/\/www.bellunopress.it\/fr\/wp-json\/wp\/v2\/posts\/137117\/revisions\/137119"}],"wp:featuredmedia":[{"embeddable":true,"href":"https:\/\/www.bellunopress.it\/fr\/wp-json\/wp\/v2\/media\/137118"}],"wp:attachment":[{"href":"https:\/\/www.bellunopress.it\/fr\/wp-json\/wp\/v2\/media?parent=137117"}],"wp:term":[{"taxonomy":"category","embeddable":true,"href":"https:\/\/www.bellunopress.it\/fr\/wp-json\/wp\/v2\/categories?post=137117"},{"taxonomy":"post_tag","embeddable":true,"href":"https:\/\/www.bellunopress.it\/fr\/wp-json\/wp\/v2\/tags?post=137117"}],"curies":[{"name":"wp","href":"https:\/\/api.w.org\/{rel}","templated":true}]}}