{"id":137109,"date":"2022-10-20T14:48:45","date_gmt":"2022-10-20T12:48:45","guid":{"rendered":"https:\/\/www.bellunopress.it\/?p=137109"},"modified":"2022-10-20T14:48:45","modified_gmt":"2022-10-20T12:48:45","slug":"terna-concluso-il-monitoraggio-di-oltre-3400-km-della-rete-elettrica-veneta","status":"publish","type":"post","link":"https:\/\/www.bellunopress.it\/fr\/2022\/10\/20\/terna-concluso-il-monitoraggio-di-oltre-3400-km-della-rete-elettrica-veneta\/","title":{"rendered":"Terna: concluso il monitoraggio di oltre 3400 Km della rete elettrica veneta"},"content":{"rendered":"<p><em><strong>Ispezionati in elicottero 210 elettrodotti in 15 giorni<\/strong><\/em><br \/>\n<em><strong>Investiti ogni anno circa 50 milioni di euro per il monitoraggio e la manutenzione della rete elettrica italiana<\/strong><\/em><\/p>\n<p><img loading=\"lazy\" decoding=\"async\" class=\"alignleft size-full wp-image-137110\" src=\"https:\/\/www.bellunopress.it\/wp-content\/uploads\/2022\/10\/elicottero-Terna_edited.jpg\" alt=\"\" width=\"1000\" height=\"750\" srcset=\"https:\/\/www.bellunopress.it\/wp-content\/uploads\/2022\/10\/elicottero-Terna_edited.jpg 1000w, https:\/\/www.bellunopress.it\/wp-content\/uploads\/2022\/10\/elicottero-Terna_edited-500x375.jpg 500w, https:\/\/www.bellunopress.it\/wp-content\/uploads\/2022\/10\/elicottero-Terna_edited-696x522.jpg 696w, https:\/\/www.bellunopress.it\/wp-content\/uploads\/2022\/10\/elicottero-Terna_edited-560x420.jpg 560w, https:\/\/www.bellunopress.it\/wp-content\/uploads\/2022\/10\/elicottero-Terna_edited-80x60.jpg 80w, https:\/\/www.bellunopress.it\/wp-content\/uploads\/2022\/10\/elicottero-Terna_edited-265x198.jpg 265w\" sizes=\"auto, (max-width: 1000px) 100vw, 1000px\" \/>Roma, 20 Ottobre 2022 \u2013 Terna ha concluso in questi giorni le attivit\u00e0 di monitoraggio della rete elettrica nella Veneto. In soli 15 giorni, con l\u2019utilizzo degli elicotteri della flotta aziendale, sono stati ispezionati oltre 3400 km di linee aeree nelle province di Belluno, Padova, Rovigo, Treviso, Venezia, Verona, Vicenza per un totale di 210 elettrodotti a 60, 130, 220 e 380 kV.<br \/>\nIl costante monitoraggio e la manutenzione dei propri asset \u00e8 una priorit\u00e0 per il gestore della rete elettrica nazionale che, per queste attivit\u00e0, investe complessivamente ogni anno circa 50 milioni di euro.<br \/>\nL\u2019ispezione aerea consente verificare l\u2019eventuale presenza di anomalie su conduttori e sostegni, al fine di garantire la piena efficienza del servizio, permettendo di analizzare circa 240 km di linee in una sola giornata contro i 15 km delle ispezioni a terra, che restano comunque uno strumento fondamentale per l\u2019individuazione di eventuali anomalie che dall\u2019alto non sono riscontrabili. Entro la fine del 2022 Terna avr\u00e0 sorvolato e ispezionato, con tecnologia infrarosso, oltre 44.000 Km di elettrodotti in alta tensione, effettuando un\u2019analisi completa della rete regionale.<br \/>\nPer poter eseguire queste attivit\u00e0 di monitoraggio, l\u2019Azienda si \u00e8 dotata di sette elicotteri equipaggiati con una tecnologia all\u2019avanguardia che consente la visualizzazione in tempo reale dei dati. Inoltre, al termine delle attivit\u00e0 di monitoraggio in volo seguono successive verifiche dei dati raccolti tramite l\u2019elaborazione da parte di un sistema informativo di tipo DSS (Decision Support System) che supporta in modo proattivo la catena decisionale del processo di mantenimento degli impianti, proponendo azioni di monitoraggio, manutenzione e sostituzione asset con tempistiche di intervento che seguono una policy predefinita.<br \/>\nPer la gestione di questa strumentazione, altamente tecnologica, decine di professionisti provenienti dalle Unit\u00e0 Impianti di Terna dislocate su tutto il territorio nazionale, sono stati sottoposti ad un periodo di addestramento nel polo formativo della Societ\u00e0 &#8211; allestito per l\u2019occasione con tutte le strumentazioni di bordo dell\u2019elicottero per le varie simulazioni &#8211; al termine del quale hanno ottenuto la qualifica di \u201cspecialista di ispezione eliportata IR\u201d.<\/p>","protected":false},"excerpt":{"rendered":"<p>Ispezionati in elicottero 210 elettrodotti in 15 giorni Investiti ogni anno circa 50 milioni di euro per il monitoraggio e la manutenzione della rete elettrica italiana Roma, 20 Ottobre 2022 \u2013 Terna ha concluso in questi giorni le attivit\u00e0 di monitoraggio della rete elettrica nella Veneto. In soli 15 giorni, con l\u2019utilizzo degli elicotteri della [&hellip;]<\/p>\n","protected":false},"author":2,"featured_media":137110,"comment_status":"closed","ping_status":"open","sticky":false,"template":"","format":"standard","meta":{"footnotes":""},"categories":[5],"tags":[],"class_list":["post-137109","post","type-post","status-publish","format-standard","has-post-thumbnail","category-cronaca"],"yoast_head":"<!-- This site is optimized with the Yoast SEO plugin v28.4 - https:\/\/yoast.com\/product\/yoast-seo-wordpress\/ -->\n<title>Terna: concluso il monitoraggio di oltre 3400 Km della rete elettrica veneta - Bellunopress - Dolomiti<\/title>\n<meta name=\"robots\" content=\"index, follow, max-snippet:-1, max-image-preview:large, max-video-preview:-1\" \/>\n<link rel=\"canonical\" href=\"https:\/\/www.bellunopress.it\/fr\/2022\/10\/20\/terna-concluso-il-monitoraggio-di-oltre-3400-km-della-rete-elettrica-veneta\/\" \/>\n<meta property=\"og:locale\" content=\"fr_FR\" \/>\n<meta property=\"og:type\" content=\"article\" \/>\n<meta property=\"og:title\" content=\"Terna: concluso il monitoraggio di oltre 3400 Km della rete elettrica veneta - Bellunopress - Dolomiti\" \/>\n<meta property=\"og:description\" content=\"Ispezionati in elicottero 210 elettrodotti in 15 giorni Investiti ogni anno circa 50 milioni di euro per il monitoraggio e la manutenzione della rete elettrica italiana Roma, 20 Ottobre 2022 \u2013 Terna ha concluso in questi giorni le attivit\u00e0 di monitoraggio della rete elettrica nella Veneto. In soli 15 giorni, con l\u2019utilizzo degli elicotteri della [&hellip;]\" \/>\n<meta property=\"og:url\" content=\"https:\/\/www.bellunopress.it\/fr\/2022\/10\/20\/terna-concluso-il-monitoraggio-di-oltre-3400-km-della-rete-elettrica-veneta\/\" \/>\n<meta property=\"og:site_name\" content=\"Bellunopress - Dolomiti\" \/>\n<meta property=\"article:publisher\" content=\"https:\/\/www.facebook.com\/profile.php?id=100008943462799\" \/>\n<meta property=\"article:published_time\" content=\"2022-10-20T12:48:45+00:00\" \/>\n<meta property=\"og:image\" content=\"https:\/\/www.bellunopress.it\/wp-content\/uploads\/2022\/10\/elicottero-Terna_edited.jpg\" \/>\n\t<meta property=\"og:image:width\" content=\"1000\" \/>\n\t<meta property=\"og:image:height\" content=\"750\" \/>\n\t<meta property=\"og:image:type\" content=\"image\/jpeg\" \/>\n<meta name=\"author\" content=\"redazione\" \/>\n<meta name=\"twitter:card\" content=\"summary_large_image\" \/>\n<meta name=\"twitter:creator\" content=\"@bellunopress\" \/>\n<meta name=\"twitter:site\" content=\"@bellunopress\" \/>\n<meta name=\"twitter:label1\" content=\"\u00c9crit par\" \/>\n\t<meta name=\"twitter:data1\" content=\"redazione\" \/>\n\t<meta name=\"twitter:label2\" content=\"Dur\u00e9e de lecture estim\u00e9e\" \/>\n\t<meta name=\"twitter:data2\" content=\"3 minutes\" \/>\n<script type=\"application\/ld+json\" class=\"yoast-schema-graph\">{\"@context\":\"https:\\\/\\\/schema.org\",\"@graph\":[{\"@type\":\"Article\",\"@id\":\"https:\\\/\\\/www.bellunopress.it\\\/2022\\\/10\\\/20\\\/terna-concluso-il-monitoraggio-di-oltre-3400-km-della-rete-elettrica-veneta\\\/#article\",\"isPartOf\":{\"@id\":\"https:\\\/\\\/www.bellunopress.it\\\/2022\\\/10\\\/20\\\/terna-concluso-il-monitoraggio-di-oltre-3400-km-della-rete-elettrica-veneta\\\/\"},\"author\":{\"name\":\"redazione\",\"@id\":\"https:\\\/\\\/www.bellunopress.it\\\/#\\\/schema\\\/person\\\/79bb06722b37ece1c03d3e94beb30d73\"},\"headline\":\"Terna: concluso il monitoraggio di oltre 3400 Km della rete elettrica veneta\",\"datePublished\":\"2022-10-20T12:48:45+00:00\",\"mainEntityOfPage\":{\"@id\":\"https:\\\/\\\/www.bellunopress.it\\\/2022\\\/10\\\/20\\\/terna-concluso-il-monitoraggio-di-oltre-3400-km-della-rete-elettrica-veneta\\\/\"},\"wordCount\":361,\"publisher\":{\"@id\":\"https:\\\/\\\/www.bellunopress.it\\\/#organization\"},\"image\":{\"@id\":\"https:\\\/\\\/www.bellunopress.it\\\/2022\\\/10\\\/20\\\/terna-concluso-il-monitoraggio-di-oltre-3400-km-della-rete-elettrica-veneta\\\/#primaryimage\"},\"thumbnailUrl\":\"https:\\\/\\\/www.bellunopress.it\\\/wp-content\\\/uploads\\\/2022\\\/10\\\/elicottero-Terna_edited.jpg\",\"articleSection\":[\"Cronaca\\\/Politica\"],\"inLanguage\":\"fr-FR\"},{\"@type\":\"WebPage\",\"@id\":\"https:\\\/\\\/www.bellunopress.it\\\/2022\\\/10\\\/20\\\/terna-concluso-il-monitoraggio-di-oltre-3400-km-della-rete-elettrica-veneta\\\/\",\"url\":\"https:\\\/\\\/www.bellunopress.it\\\/2022\\\/10\\\/20\\\/terna-concluso-il-monitoraggio-di-oltre-3400-km-della-rete-elettrica-veneta\\\/\",\"name\":\"Terna: concluso il monitoraggio di oltre 3400 Km della rete elettrica veneta - Bellunopress - Dolomiti\",\"isPartOf\":{\"@id\":\"https:\\\/\\\/www.bellunopress.it\\\/#website\"},\"primaryImageOfPage\":{\"@id\":\"https:\\\/\\\/www.bellunopress.it\\\/2022\\\/10\\\/20\\\/terna-concluso-il-monitoraggio-di-oltre-3400-km-della-rete-elettrica-veneta\\\/#primaryimage\"},\"image\":{\"@id\":\"https:\\\/\\\/www.bellunopress.it\\\/2022\\\/10\\\/20\\\/terna-concluso-il-monitoraggio-di-oltre-3400-km-della-rete-elettrica-veneta\\\/#primaryimage\"},\"thumbnailUrl\":\"https:\\\/\\\/www.bellunopress.it\\\/wp-content\\\/uploads\\\/2022\\\/10\\\/elicottero-Terna_edited.jpg\",\"datePublished\":\"2022-10-20T12:48:45+00:00\",\"breadcrumb\":{\"@id\":\"https:\\\/\\\/www.bellunopress.it\\\/2022\\\/10\\\/20\\\/terna-concluso-il-monitoraggio-di-oltre-3400-km-della-rete-elettrica-veneta\\\/#breadcrumb\"},\"inLanguage\":\"fr-FR\",\"potentialAction\":[{\"@type\":\"ReadAction\",\"target\":[\"https:\\\/\\\/www.bellunopress.it\\\/2022\\\/10\\\/20\\\/terna-concluso-il-monitoraggio-di-oltre-3400-km-della-rete-elettrica-veneta\\\/\"]}]},{\"@type\":\"ImageObject\",\"inLanguage\":\"fr-FR\",\"@id\":\"https:\\\/\\\/www.bellunopress.it\\\/2022\\\/10\\\/20\\\/terna-concluso-il-monitoraggio-di-oltre-3400-km-della-rete-elettrica-veneta\\\/#primaryimage\",\"url\":\"https:\\\/\\\/www.bellunopress.it\\\/wp-content\\\/uploads\\\/2022\\\/10\\\/elicottero-Terna_edited.jpg\",\"contentUrl\":\"https:\\\/\\\/www.bellunopress.it\\\/wp-content\\\/uploads\\\/2022\\\/10\\\/elicottero-Terna_edited.jpg\",\"width\":1000,\"height\":750},{\"@type\":\"BreadcrumbList\",\"@id\":\"https:\\\/\\\/www.bellunopress.it\\\/2022\\\/10\\\/20\\\/terna-concluso-il-monitoraggio-di-oltre-3400-km-della-rete-elettrica-veneta\\\/#breadcrumb\",\"itemListElement\":[{\"@type\":\"ListItem\",\"position\":1,\"name\":\"Home\",\"item\":\"https:\\\/\\\/www.bellunopress.it\\\/\"},{\"@type\":\"ListItem\",\"position\":2,\"name\":\"Terna: concluso il monitoraggio di oltre 3400 Km della rete elettrica veneta\"}]},{\"@type\":\"WebSite\",\"@id\":\"https:\\\/\\\/www.bellunopress.it\\\/#website\",\"url\":\"https:\\\/\\\/www.bellunopress.it\\\/\",\"name\":\"Bellunopress - Dolomiti\",\"description\":\"e-mail: redazione@bellunopress.it\",\"publisher\":{\"@id\":\"https:\\\/\\\/www.bellunopress.it\\\/#organization\"},\"potentialAction\":[{\"@type\":\"SearchAction\",\"target\":{\"@type\":\"EntryPoint\",\"urlTemplate\":\"https:\\\/\\\/www.bellunopress.it\\\/?s={search_term_string}\"},\"query-input\":{\"@type\":\"PropertyValueSpecification\",\"valueRequired\":true,\"valueName\":\"search_term_string\"}}],\"inLanguage\":\"fr-FR\"},{\"@type\":\"Organization\",\"@id\":\"https:\\\/\\\/www.bellunopress.it\\\/#organization\",\"name\":\"Bellunopress\",\"url\":\"https:\\\/\\\/www.bellunopress.it\\\/\",\"logo\":{\"@type\":\"ImageObject\",\"inLanguage\":\"fr-FR\",\"@id\":\"https:\\\/\\\/www.bellunopress.it\\\/#\\\/schema\\\/logo\\\/image\\\/\",\"url\":\"https:\\\/\\\/www.bellunopress.it\\\/wp-content\\\/uploads\\\/2011\\\/05\\\/cropped-logo-bellunopress-.jpg\",\"contentUrl\":\"https:\\\/\\\/www.bellunopress.it\\\/wp-content\\\/uploads\\\/2011\\\/05\\\/cropped-logo-bellunopress-.jpg\",\"width\":512,\"height\":512,\"caption\":\"Bellunopress\"},\"image\":{\"@id\":\"https:\\\/\\\/www.bellunopress.it\\\/#\\\/schema\\\/logo\\\/image\\\/\"},\"sameAs\":[\"https:\\\/\\\/www.facebook.com\\\/profile.php?id=100008943462799\",\"https:\\\/\\\/x.com\\\/bellunopress\",\"https:\\\/\\\/www.linkedin.com\\\/hp\\\/?dnr=JBzUWaJfMUw8vbXJJ2tVW5-I3jZKvC4wsoxE&amp;amp;amp;amp;amp;amp;trk=nav_responsive_tab_home\",\"https:\\\/\\\/www.youtube.com\\\/channel\\\/UCxL0wu1uN0_3_7hGG0306cw\"]},{\"@type\":\"Person\",\"@id\":\"https:\\\/\\\/www.bellunopress.it\\\/#\\\/schema\\\/person\\\/79bb06722b37ece1c03d3e94beb30d73\",\"name\":\"redazione\",\"image\":{\"@type\":\"ImageObject\",\"inLanguage\":\"fr-FR\",\"@id\":\"https:\\\/\\\/secure.gravatar.com\\\/avatar\\\/37d968a2e67a6fd04c169c4bdef102d0bc5d31b2546345219e348575eb80e9a0?s=96&d=mm&r=g\",\"url\":\"https:\\\/\\\/secure.gravatar.com\\\/avatar\\\/37d968a2e67a6fd04c169c4bdef102d0bc5d31b2546345219e348575eb80e9a0?s=96&d=mm&r=g\",\"contentUrl\":\"https:\\\/\\\/secure.gravatar.com\\\/avatar\\\/37d968a2e67a6fd04c169c4bdef102d0bc5d31b2546345219e348575eb80e9a0?s=96&d=mm&r=g\",\"caption\":\"redazione\"},\"sameAs\":[\"http:\\\/\\\/www.bellunopress.it\",\"https:\\\/\\\/x.com\\\/bellunopress\"],\"url\":\"https:\\\/\\\/www.bellunopress.it\\\/fr\\\/author\\\/redazione\\\/\"}]}<\/script>\n<!-- \/ Yoast SEO plugin. -->","yoast_head_json":{"title":"Terna: concluso il monitoraggio di oltre 3400 Km della rete elettrica veneta - Bellunopress - Dolomiti","robots":{"index":"index","follow":"follow","max-snippet":"max-snippet:-1","max-image-preview":"max-image-preview:large","max-video-preview":"max-video-preview:-1"},"canonical":"https:\/\/www.bellunopress.it\/fr\/2022\/10\/20\/terna-concluso-il-monitoraggio-di-oltre-3400-km-della-rete-elettrica-veneta\/","og_locale":"fr_FR","og_type":"article","og_title":"Terna: concluso il monitoraggio di oltre 3400 Km della rete elettrica veneta - Bellunopress - Dolomiti","og_description":"Ispezionati in elicottero 210 elettrodotti in 15 giorni Investiti ogni anno circa 50 milioni di euro per il monitoraggio e la manutenzione della rete elettrica italiana Roma, 20 Ottobre 2022 \u2013 Terna ha concluso in questi giorni le attivit\u00e0 di monitoraggio della rete elettrica nella Veneto. In soli 15 giorni, con l\u2019utilizzo degli elicotteri della [&hellip;]","og_url":"https:\/\/www.bellunopress.it\/fr\/2022\/10\/20\/terna-concluso-il-monitoraggio-di-oltre-3400-km-della-rete-elettrica-veneta\/","og_site_name":"Bellunopress - Dolomiti","article_publisher":"https:\/\/www.facebook.com\/profile.php?id=100008943462799","article_published_time":"2022-10-20T12:48:45+00:00","og_image":[{"width":1000,"height":750,"url":"https:\/\/www.bellunopress.it\/wp-content\/uploads\/2022\/10\/elicottero-Terna_edited.jpg","type":"image\/jpeg"}],"author":"redazione","twitter_card":"summary_large_image","twitter_creator":"@bellunopress","twitter_site":"@bellunopress","twitter_misc":{"\u00c9crit par":"redazione","Dur\u00e9e de lecture estim\u00e9e":"3 minutes"},"schema":{"@context":"https:\/\/schema.org","@graph":[{"@type":"Article","@id":"https:\/\/www.bellunopress.it\/2022\/10\/20\/terna-concluso-il-monitoraggio-di-oltre-3400-km-della-rete-elettrica-veneta\/#article","isPartOf":{"@id":"https:\/\/www.bellunopress.it\/2022\/10\/20\/terna-concluso-il-monitoraggio-di-oltre-3400-km-della-rete-elettrica-veneta\/"},"author":{"name":"redazione","@id":"https:\/\/www.bellunopress.it\/#\/schema\/person\/79bb06722b37ece1c03d3e94beb30d73"},"headline":"Terna: concluso il monitoraggio di oltre 3400 Km della rete elettrica veneta","datePublished":"2022-10-20T12:48:45+00:00","mainEntityOfPage":{"@id":"https:\/\/www.bellunopress.it\/2022\/10\/20\/terna-concluso-il-monitoraggio-di-oltre-3400-km-della-rete-elettrica-veneta\/"},"wordCount":361,"publisher":{"@id":"https:\/\/www.bellunopress.it\/#organization"},"image":{"@id":"https:\/\/www.bellunopress.it\/2022\/10\/20\/terna-concluso-il-monitoraggio-di-oltre-3400-km-della-rete-elettrica-veneta\/#primaryimage"},"thumbnailUrl":"https:\/\/www.bellunopress.it\/wp-content\/uploads\/2022\/10\/elicottero-Terna_edited.jpg","articleSection":["Cronaca\/Politica"],"inLanguage":"fr-FR"},{"@type":"WebPage","@id":"https:\/\/www.bellunopress.it\/2022\/10\/20\/terna-concluso-il-monitoraggio-di-oltre-3400-km-della-rete-elettrica-veneta\/","url":"https:\/\/www.bellunopress.it\/2022\/10\/20\/terna-concluso-il-monitoraggio-di-oltre-3400-km-della-rete-elettrica-veneta\/","name":"Terna: concluso il monitoraggio di oltre 3400 Km della rete elettrica veneta - Bellunopress - Dolomiti","isPartOf":{"@id":"https:\/\/www.bellunopress.it\/#website"},"primaryImageOfPage":{"@id":"https:\/\/www.bellunopress.it\/2022\/10\/20\/terna-concluso-il-monitoraggio-di-oltre-3400-km-della-rete-elettrica-veneta\/#primaryimage"},"image":{"@id":"https:\/\/www.bellunopress.it\/2022\/10\/20\/terna-concluso-il-monitoraggio-di-oltre-3400-km-della-rete-elettrica-veneta\/#primaryimage"},"thumbnailUrl":"https:\/\/www.bellunopress.it\/wp-content\/uploads\/2022\/10\/elicottero-Terna_edited.jpg","datePublished":"2022-10-20T12:48:45+00:00","breadcrumb":{"@id":"https:\/\/www.bellunopress.it\/2022\/10\/20\/terna-concluso-il-monitoraggio-di-oltre-3400-km-della-rete-elettrica-veneta\/#breadcrumb"},"inLanguage":"fr-FR","potentialAction":[{"@type":"ReadAction","target":["https:\/\/www.bellunopress.it\/2022\/10\/20\/terna-concluso-il-monitoraggio-di-oltre-3400-km-della-rete-elettrica-veneta\/"]}]},{"@type":"ImageObject","inLanguage":"fr-FR","@id":"https:\/\/www.bellunopress.it\/2022\/10\/20\/terna-concluso-il-monitoraggio-di-oltre-3400-km-della-rete-elettrica-veneta\/#primaryimage","url":"https:\/\/www.bellunopress.it\/wp-content\/uploads\/2022\/10\/elicottero-Terna_edited.jpg","contentUrl":"https:\/\/www.bellunopress.it\/wp-content\/uploads\/2022\/10\/elicottero-Terna_edited.jpg","width":1000,"height":750},{"@type":"BreadcrumbList","@id":"https:\/\/www.bellunopress.it\/2022\/10\/20\/terna-concluso-il-monitoraggio-di-oltre-3400-km-della-rete-elettrica-veneta\/#breadcrumb","itemListElement":[{"@type":"ListItem","position":1,"name":"Home","item":"https:\/\/www.bellunopress.it\/"},{"@type":"ListItem","position":2,"name":"Terna: concluso il monitoraggio di oltre 3400 Km della rete elettrica veneta"}]},{"@type":"WebSite","@id":"https:\/\/www.bellunopress.it\/#website","url":"https:\/\/www.bellunopress.it\/","name":"Bellunopress - Dolomiti","description":"e-mail: redazione@bellunopress.it","publisher":{"@id":"https:\/\/www.bellunopress.it\/#organization"},"potentialAction":[{"@type":"SearchAction","target":{"@type":"EntryPoint","urlTemplate":"https:\/\/www.bellunopress.it\/?s={search_term_string}"},"query-input":{"@type":"PropertyValueSpecification","valueRequired":true,"valueName":"search_term_string"}}],"inLanguage":"fr-FR"},{"@type":"Organization","@id":"https:\/\/www.bellunopress.it\/#organization","name":"Bellunopress","url":"https:\/\/www.bellunopress.it\/","logo":{"@type":"ImageObject","inLanguage":"fr-FR","@id":"https:\/\/www.bellunopress.it\/#\/schema\/logo\/image\/","url":"https:\/\/www.bellunopress.it\/wp-content\/uploads\/2011\/05\/cropped-logo-bellunopress-.jpg","contentUrl":"https:\/\/www.bellunopress.it\/wp-content\/uploads\/2011\/05\/cropped-logo-bellunopress-.jpg","width":512,"height":512,"caption":"Bellunopress"},"image":{"@id":"https:\/\/www.bellunopress.it\/#\/schema\/logo\/image\/"},"sameAs":["https:\/\/www.facebook.com\/profile.php?id=100008943462799","https:\/\/x.com\/bellunopress","https:\/\/www.linkedin.com\/hp\/?dnr=JBzUWaJfMUw8vbXJJ2tVW5-I3jZKvC4wsoxE&amp;amp;amp;amp;amp;amp;trk=nav_responsive_tab_home","https:\/\/www.youtube.com\/channel\/UCxL0wu1uN0_3_7hGG0306cw"]},{"@type":"Person","@id":"https:\/\/www.bellunopress.it\/#\/schema\/person\/79bb06722b37ece1c03d3e94beb30d73","name":"r\u00e9daction","image":{"@type":"ImageObject","inLanguage":"fr-FR","@id":"https:\/\/secure.gravatar.com\/avatar\/37d968a2e67a6fd04c169c4bdef102d0bc5d31b2546345219e348575eb80e9a0?s=96&d=mm&r=g","url":"https:\/\/secure.gravatar.com\/avatar\/37d968a2e67a6fd04c169c4bdef102d0bc5d31b2546345219e348575eb80e9a0?s=96&d=mm&r=g","contentUrl":"https:\/\/secure.gravatar.com\/avatar\/37d968a2e67a6fd04c169c4bdef102d0bc5d31b2546345219e348575eb80e9a0?s=96&d=mm&r=g","caption":"redazione"},"sameAs":["http:\/\/www.bellunopress.it","https:\/\/x.com\/bellunopress"],"url":"https:\/\/www.bellunopress.it\/fr\/author\/redazione\/"}]}},"_links":{"self":[{"href":"https:\/\/www.bellunopress.it\/fr\/wp-json\/wp\/v2\/posts\/137109","targetHints":{"allow":["GET"]}}],"collection":[{"href":"https:\/\/www.bellunopress.it\/fr\/wp-json\/wp\/v2\/posts"}],"about":[{"href":"https:\/\/www.bellunopress.it\/fr\/wp-json\/wp\/v2\/types\/post"}],"author":[{"embeddable":true,"href":"https:\/\/www.bellunopress.it\/fr\/wp-json\/wp\/v2\/users\/2"}],"replies":[{"embeddable":true,"href":"https:\/\/www.bellunopress.it\/fr\/wp-json\/wp\/v2\/comments?post=137109"}],"version-history":[{"count":1,"href":"https:\/\/www.bellunopress.it\/fr\/wp-json\/wp\/v2\/posts\/137109\/revisions"}],"predecessor-version":[{"id":137111,"href":"https:\/\/www.bellunopress.it\/fr\/wp-json\/wp\/v2\/posts\/137109\/revisions\/137111"}],"wp:featuredmedia":[{"embeddable":true,"href":"https:\/\/www.bellunopress.it\/fr\/wp-json\/wp\/v2\/media\/137110"}],"wp:attachment":[{"href":"https:\/\/www.bellunopress.it\/fr\/wp-json\/wp\/v2\/media?parent=137109"}],"wp:term":[{"taxonomy":"category","embeddable":true,"href":"https:\/\/www.bellunopress.it\/fr\/wp-json\/wp\/v2\/categories?post=137109"},{"taxonomy":"post_tag","embeddable":true,"href":"https:\/\/www.bellunopress.it\/fr\/wp-json\/wp\/v2\/tags?post=137109"}],"curies":[{"name":"wp","href":"https:\/\/api.w.org\/{rel}","templated":true}]}}