{"id":137107,"date":"2022-10-20T14:35:54","date_gmt":"2022-10-20T12:35:54","guid":{"rendered":"https:\/\/www.bellunopress.it\/?p=137107"},"modified":"2022-10-20T14:35:54","modified_gmt":"2022-10-20T12:35:54","slug":"auto-e-moto-depoca-dal-20-al-23-ottobre-alla-fiera-di-padova","status":"publish","type":"post","link":"https:\/\/www.bellunopress.it\/fr\/2022\/10\/20\/auto-e-moto-depoca-dal-20-al-23-ottobre-alla-fiera-di-padova\/","title":{"rendered":"Auto e moto d&#8217;epoca. Dal 20 al 23 ottobre alla Fiera di Padova"},"content":{"rendered":"<figure id=\"attachment_136558\" aria-describedby=\"caption-attachment-136558\" style=\"width: 741px\" class=\"wp-caption alignleft\"><img loading=\"lazy\" decoding=\"async\" class=\"size-full wp-image-136558\" src=\"https:\/\/www.bellunopress.it\/wp-content\/uploads\/2022\/09\/Auto-Moto-dEpoca-Padova-Brutus-47mila-cc.jpg\" alt=\"\" width=\"741\" height=\"426\" srcset=\"https:\/\/www.bellunopress.it\/wp-content\/uploads\/2022\/09\/Auto-Moto-dEpoca-Padova-Brutus-47mila-cc.jpg 741w, https:\/\/www.bellunopress.it\/wp-content\/uploads\/2022\/09\/Auto-Moto-dEpoca-Padova-Brutus-47mila-cc-500x287.jpg 500w, https:\/\/www.bellunopress.it\/wp-content\/uploads\/2022\/09\/Auto-Moto-dEpoca-Padova-Brutus-47mila-cc-696x400.jpg 696w, https:\/\/www.bellunopress.it\/wp-content\/uploads\/2022\/09\/Auto-Moto-dEpoca-Padova-Brutus-47mila-cc-731x420.jpg 731w\" sizes=\"auto, (max-width: 741px) 100vw, 741px\" \/><figcaption id=\"caption-attachment-136558\" class=\"wp-caption-text\">Brutus 1907, 47000 cc 750 Cv 200 Km\/h<\/figcaption><\/figure>\n<p>La 39esima edizione di Auto e Moto d\u2019Epoca, dal 20 al 23 ottobre 2022 alla fiera di Padova, richiama appassionati, collezionisti e curiosi da tutto il mondo. Ecco 10 cose da vedere per rimanere a bocca aperta.<\/p>\n<p>\u00c9 la 39ma edizione per Auto e Moto d\u2019Epoca, l\u2019ultima ospitata nella fiera della citt\u00e0 di Padova prima del trasferimento a Bologna fissato per l\u2019edizione 2023. Un saluto commosso e pieno di gratitudine, quello di una fiera ancora una volta ricca di \u201cprime volte\u201d e novit\u00e0.<\/p>\n<p><strong>Un insuccesso davvero \u201cpromettente\u201d &#8211; Viale Centrale<\/strong><br \/>\nPrima volta di una Mostra organizzata in collaborazione con il Museo Enzo Ferrari di Modena, dalla cui collezione arriva la Ferrari 125 S, la prima vettura con il marchio del Cavallino, ad inaugurare la \u201cMostra Ferrari Classiche &#8211; I gioielli del Museo Enzo Ferrari di Modena ad Auto e Moto d&#8217;Epoca 2022\u201d. L&#8217;esordio della 125 S sul circuito di Piacenza fu, nelle parole di Enzo Ferrari, un &#8220;insuccesso promettente&#8221;, a causa di un guasto che costrinse Franco Cortese al ritiro. Ma nelle settimane successive la vettura vinse ben sei gare su tredici. Tra gli altri modelli la F40 che coron\u00f2 l\u2019aspirazione espressa da Enzo Ferrari di una vettura sensazionale per celebrare i quarant\u2019anni di attivit\u00e0 della Casa.<\/p>\n<p><strong>La prima Lamborghini &#8211; padiglione 1<\/strong><br \/>\nDove si parla di Ferrari non si pu\u00f2 non ricordare la grande rivalit\u00e0 che nacque dopo il famoso bisticcio tra Enzo Ferrari e Ferruccio Lamborghini, che ingaggi\u00f2 i migliori progettisti dell\u2019epoca: Giotto Bizzarrini per il motore, Gian Paolo Dallara per il telaio e Franco Scaglione per la linea della carrozzeria (tutti collaboravano o avevano collaborato con Ferrari). Al Salone di Torino del 1963, present\u00f2 la GTV. Vettura rivoluzionaria, ma difficile da costruire a causa del disegno della carrozzeria che mal si adattava alla meccanica. Ferruccio Lamborghini quindi si rivolse alla Carrozzeria Touring Superleggera. Carlo Felice Bianchi Anderloni con il fido Federico Formenti, riuscirono a mantenere le linee particolari, pensate da Scaglione, riuscendo a creare una vettura eccezionale: la Lamborghini 350 GT &#8211; Coup\u00e9 Touring Superleggera, la prima Lamborghini prodotta dal 1964 al 1966. Quella Touring fu, perci\u00f2, la prima carrozzeria sia di Ferrari che di Lamborghini.<\/p>\n<p><strong>Anteprima mondiale per un altro grande marchio della sportivit\u00e0<\/strong><br \/>\nIl dipartimento Heritage di Stellantis svela ad Auto e Moto d\u2019Epoca la Abarth Classiche 1000 SP, vettura prodotta in una limitatissima serie di 5 esemplari ed erede contemporanea della Fiat Abarth 1000SP di Mario Colucci. Leggerezza, aerodinamicit\u00e0 ed ergonomia sono i tre principi cardine del design di questa sportiva trasmessi dagli anni 60 ad oggi.<\/p>\n<p><strong>La splendida vittoria di Munari &#8211; Padiglione 3 ACI<\/strong><br \/>\nPrima perch\u00e9 unica e irripetibile \u00e8, in un certo senso, anche la vittoria di Munari nel 1972 quando, alla guida della Lancia Fulvia HF 1600 numero 14 e assieme al navigatore Mario Mannucci, trionf\u00f2 al rallye di Monte-Carlo contribuendo a diffondere la passione del Rally in Italia.<\/p>\n<p><strong>L&#8217;avvento delle superbike<\/strong><br \/>\nDivertenti, performanti, ricercate come status symbol: negli anni 70 le moto stradali di grossa cilindrata prendono il volo, conquistando l\u2019immaginario del pubblico e del cinema e gettando le basi per un intero segmento di mercato. Supermoto 70 \u00e8 la mostra curata assieme alla collezione Veloce Classic. La Kawasaki 900 Z1 Super 4 prodotta tra il &#8217;72 ed il &#8217;76 fu la prima due ruote a ricevere il \u201ctitolo\u201d di superbike.<\/p>\n<p><strong>Una vittoria funambolica &#8211; the Golden Age Of Rally. Le grandi sfide &#8211; Padiglione 1<\/strong><br \/>\nLa Fondazione Gino Macaluso per l\u2019Auto Storica presenta \u201cThe Golden Age Of Rally. Le grandi sfide\u201d esposizione inedita nel panorama internazionale, che il pubblico potr\u00e0 scoprire dal 27 ottobre 2022 al 2 maggio 2023 nelle sale del MAUTO Museo Nazionale dell\u2019Automobile di Torino. Proprio nello stand padovano del MAUTO, presso il Padiglione 1, la Fondazione dar\u00e0 un primo assaggio della mostra, esibendo la Lancia Stratos con livrea Alitalia e la BMC Mini Cooper S. Esemplari iconici, protagonisti di sfide leggendarie, cos\u00ec come la Fiat 124 Sport Spider e la Renault Alpine A110, che i visitatori di Auto e Moto d\u2019Epoca potranno scoprire presso lo spazio di ACI Storico. Tra le tante storie legate a questi esemplari se se segnala uno in particolare: La mini Cooper vinse il Rally dei 1000 laghi in Finlandia: vittoria memorabile e funambolica perch\u00e9, in seguito alla rottura del gancio del cofano, il pilota dovette guidare per molti chilometri sporgendosi dal finestrino tra i monumentali dossi e conseguenti grandi salti del percorso, essendo il parabrezza completamente oscurato dal cofano stesso.<\/p>\n<p><strong>75 ANNI DI MV AGUSTA &#8211; Padiglione 8<\/strong><br \/>\nAl padiglione 8 una bella selezione dalla collezione di Paolo Rafido: alcune tra le prime MV AGUSTA sportive di piccola cilindrata. La MV AGUSTA, azienda di produzione bellica e minuteria meccanica, nel secondo dopoguerra inizia la produzione di motociclette partecipando alla motorizzazione del paese. La prima moto si chiamava &#8211; curiosamente &#8211; \u201cVespa\u201d. Una moto leggera da 98 centimetri cubici. La Piaggio aveva, per\u00f2, gi\u00e0 registrato il marchio. Rimase, perci\u00f2, solo MV 98 (pronunciata Emme Vi). Da l\u00ec \u00e8 iniziata la produzione che si orient\u00f2 presto verso le competizioni. Negli anni 60 arriver\u00e0 il \u201cmitomondiale\u201d Giacomo Agostini che sar\u00e0 premiato nello stand ASI ad Auto e Moto d\u2019Epoca sabato 22 alle ore 12:00. Anche il grandissimo pilota inglese Phil Read, recentemente scomparso, corse e vinse molto con MV negli anni 70.<\/p>\n<p><strong>Project Car Brutus<\/strong>: il rombo del tuono &#8211; Classic Square tra i padiglioni 4, 5 e la galleria 78. Primissima volta per una divertente curiosit\u00e0: Brutus. Una simpatica chicca arrivata dal museo della tecnica di Sinsheim, in Germania. Un motore aeronautico da 47.000 cc montato su un telaio di un camion del 1907 e capace di erogare 750 cavalli di potenza con trasmissione a catena: \u00e8 il progetto Brutus, non un\u2019auto d\u2019epoca, ma un divertissement per gli appassionati di motori, capace di \u2018volare\u2019 a 200 chilometri orari. Il suo motore ruggente \u00e8 una delizia per le orecchie visitatori.<\/p>\n<p><strong>Nuove generazioni di appassionati per una nuova generazione di classiche &#8211; Padiglione 1 e 14<\/strong><br \/>\nIl Salone si \u00e8 sempre confrontato con l\u2019innovazione nel mondo Classic e, da anni, ha aperto le porte alle Youngtimer, alle nuove tecniche di restauro e ai nuovi artigiani dell\u2019auto. Cos\u00ec ha conquistato la fiducia dei tantissimi giovani collezionisti che lo rendono ad ogni edizione sempre pi\u00f9 frizzante e animato. BMW M3 serie E30, Delta Integrale, Golf GTI, FIAT Barchetta e Uno Turbo mai cos\u00ec numerose come quest\u2019anno. Presente anche una Twingo prima serie del 1996, un esemplare raro da trovare in ottime condizioni.<\/p>\n<p><strong>Sorprese nel mercato Padiglione 15 -14 &#8211; 11<\/strong><br \/>\nParecchie novit\u00e0 anche nel settore mercato: tra queste la BMW M1 (Pad 11). Debutta ad Auto e Moto d\u2019Epoca la prima sportiva a motore centrale prodotta da BMW con stile italiano di Giugiaro che quest\u2019anno compie 50 anni. Forte la partecipazione dei dealere e delle case d\u2019asta internazionali. Tra gli attori di primo livello ci saranno l&#8217;azienda di dealership del l&#8217;ex pilota di Formula uno Thierry Boutsen e la Casa d&#8217;Aste RM SOTHEBY&#8217;S (padiglione 15). Per Bonhams \u2013 The Market la Nissan GT-R (R35) del 2010 soprannominata \u201cGodzilla\u201d dagli appassionati per il suo motore V6 da 3.8 cc e 480 cavalli. Nel vasto stand di Ruote da Sogno nel Viale Centrale: Ferrari 250 Granturismo Coupe\u0301 Boano Low Roof: si tratta di una delle sole 12 vetture realizzate completamente in alluminio, creata per il mondo delle corse, e caratterizzata dal tettuccio abbassato, da cui deriva la denominazione Low Roof. Tra gli altri gioielli spiccano per bellezza una Porsche 356 Pre-A 1500 Speedster, esattamente il 50\u00b0 esemplare prodotto dei primi 200 preserie, oltre ad una meravigliosa Aston Martin DB2\/4 MK3 dall\u2019inesauribile fascino.<\/p>\n<p><strong>Nel 2022 fanno capolino anche camion d&#8217;epoca, realt\u00e0 virtuale in 3D, motori d&#8217;aerei e la Vespa a 4 ruote.<\/strong><br \/>\nLa Collezione Marazzato esporra\u0300 un Isotta Fraschini D.80, Nel dopoguerra, la Casa milanese aveva prodotto esclusivamente camion. Uno dei primati della Casa che pochi conoscono \u00e8 quello di avere introdotto il motore diesel sui camion italiani. Durante il Salone sar\u00e0 possibile salire in cabina dell\u2019Isotta Fraschini e vivere un\u2019esperienza di guida in Realt\u00e0 Virtuale ambientata nel Piemonte degli anni \u201850.<br \/>\nL\u2019Historical Aircraft Group, (Pad 4) l\u2019unico club \u201caeronautico\u201d federato in ASI, esporra\u0300 un motore aeronautico Fiat A.30RA. Sullo stand del vespa Club Italia (Pad 4 ) verranno ricordati anche i 65 anni dalla nascita della Vespa 400. La simpatica vetturetta nata nel 1957 fu prodotta dalla consociata di Piaggio, la ditta ACMA (Ateliers de Construction de Motocycles et d\u2019Automobiles) di Fourchambauld che la produsse fino al 1961 con circa 30000 esemplari costruiti.<\/p>\n<p><strong>La pi\u00f9 grande offerta di pezzi di ricambio originali Padiglioni 7 ed 8<\/strong><br \/>\nGrandissima scelta il padiglione dedicato ai pezzi di ricambio originali d&#8217;epoca, sia quelli usati che quelli ancora nuovi, avvolti nelle confezioni con le quali furono distribuite alle officine e ai meccanici decine di anni fa. Con questi e con le riproduzioni fedelissime riportate in vita dai lavoratori e dagli artigiani degli antichi impianti di produzione, il salone \u00e8 in grado di soddisfare il 100 per cento delle richieste di restauratori e collezionisti.<\/p>\n<p><strong>La Lancia superjolly che accompagn\u00f2 due papi &#8211; Viale centrale<\/strong><\/p>\n<p>Infine, un&#8217;autentica chicca per chi ama i mezzi trasformati e la Formula 1 Veloce Classic and Sport Cars London espone un rarissimo Lancia Superjolly in allestimento &#8220;parata&#8221; per scopi promozionali: lo si vede in foto e video dell&#8217;epoca a Montecarlo, dove sfila per due anni consecutivi coi vincitori Graham Hill (1965) e Jackie Stewart (1966), ma a bordo ha ospitato anche la Principessa Grace, Gianni Agnelli e ben due Papi, Paolo VI e Giovanni Paolo II. Sullo stand del Vespa Club Italia verranno ricordati anche i 65 anni dalla nascita della Vespa 400. La simpatica vetturetta nata nel 1957 e prodotta dalla consociata Piaggio, la ditta ACMA (Ateliers de Construction de Motocycles et d\u2019Automobiles) di Fourchambauld che la produsse fino al 1961 con circa 30000 esemplari costruiti.<\/p>","protected":false},"excerpt":{"rendered":"<p>La 39esima edizione di Auto e Moto d\u2019Epoca, dal 20 al 23 ottobre 2022 alla fiera di Padova, richiama appassionati, collezionisti e curiosi da tutto il mondo. Ecco 10 cose da vedere per rimanere a bocca aperta. \u00c9 la 39ma edizione per Auto e Moto d\u2019Epoca, l\u2019ultima ospitata nella fiera della citt\u00e0 di Padova prima [&hellip;]<\/p>\n","protected":false},"author":2,"featured_media":136559,"comment_status":"closed","ping_status":"open","sticky":false,"template":"","format":"standard","meta":{"footnotes":""},"categories":[27,25,4],"tags":[],"class_list":["post-137107","post","type-post","status-publish","format-standard","has-post-thumbnail","category-appuntamenti","category-pausa-caffe","category-sport"],"yoast_head":"<!-- This site is optimized with the Yoast SEO plugin v28.4 - https:\/\/yoast.com\/product\/yoast-seo-wordpress\/ -->\n<title>Auto e moto d&#039;epoca. Dal 20 al 23 ottobre alla Fiera di Padova - Bellunopress - Dolomiti<\/title>\n<meta name=\"robots\" content=\"index, follow, max-snippet:-1, max-image-preview:large, max-video-preview:-1\" \/>\n<link rel=\"canonical\" href=\"https:\/\/www.bellunopress.it\/fr\/2022\/10\/20\/auto-e-moto-depoca-dal-20-al-23-ottobre-alla-fiera-di-padova\/\" \/>\n<meta property=\"og:locale\" content=\"fr_FR\" \/>\n<meta property=\"og:type\" content=\"article\" \/>\n<meta property=\"og:title\" content=\"Auto e moto d&#039;epoca. Dal 20 al 23 ottobre alla Fiera di Padova - Bellunopress - Dolomiti\" \/>\n<meta property=\"og:description\" content=\"La 39esima edizione di Auto e Moto d\u2019Epoca, dal 20 al 23 ottobre 2022 alla fiera di Padova, richiama appassionati, collezionisti e curiosi da tutto il mondo. Ecco 10 cose da vedere per rimanere a bocca aperta. \u00c9 la 39ma edizione per Auto e Moto d\u2019Epoca, l\u2019ultima ospitata nella fiera della citt\u00e0 di Padova prima [&hellip;]\" \/>\n<meta property=\"og:url\" content=\"https:\/\/www.bellunopress.it\/fr\/2022\/10\/20\/auto-e-moto-depoca-dal-20-al-23-ottobre-alla-fiera-di-padova\/\" \/>\n<meta property=\"og:site_name\" content=\"Bellunopress - Dolomiti\" \/>\n<meta property=\"article:publisher\" content=\"https:\/\/www.facebook.com\/profile.php?id=100008943462799\" \/>\n<meta property=\"article:published_time\" content=\"2022-10-20T12:35:54+00:00\" \/>\n<meta property=\"og:image\" content=\"https:\/\/www.bellunopress.it\/wp-content\/uploads\/2022\/09\/Auto-Moto-dEpoca-Padova-Brutus-47mila-cc-motore-Bmw-aeronautico-della-1-guerra-mond.jpg\" \/>\n\t<meta property=\"og:image:width\" content=\"1000\" \/>\n\t<meta property=\"og:image:height\" content=\"929\" \/>\n\t<meta property=\"og:image:type\" content=\"image\/jpeg\" \/>\n<meta name=\"author\" content=\"redazione\" \/>\n<meta name=\"twitter:card\" content=\"summary_large_image\" \/>\n<meta name=\"twitter:creator\" content=\"@bellunopress\" \/>\n<meta name=\"twitter:site\" content=\"@bellunopress\" \/>\n<meta name=\"twitter:label1\" content=\"\u00c9crit par\" \/>\n\t<meta name=\"twitter:data1\" content=\"redazione\" \/>\n\t<meta name=\"twitter:label2\" content=\"Dur\u00e9e de lecture estim\u00e9e\" \/>\n\t<meta name=\"twitter:data2\" content=\"9 minutes\" \/>\n<script type=\"application\/ld+json\" class=\"yoast-schema-graph\">{\"@context\":\"https:\\\/\\\/schema.org\",\"@graph\":[{\"@type\":\"Article\",\"@id\":\"https:\\\/\\\/www.bellunopress.it\\\/2022\\\/10\\\/20\\\/auto-e-moto-depoca-dal-20-al-23-ottobre-alla-fiera-di-padova\\\/#article\",\"isPartOf\":{\"@id\":\"https:\\\/\\\/www.bellunopress.it\\\/2022\\\/10\\\/20\\\/auto-e-moto-depoca-dal-20-al-23-ottobre-alla-fiera-di-padova\\\/\"},\"author\":{\"name\":\"redazione\",\"@id\":\"https:\\\/\\\/www.bellunopress.it\\\/#\\\/schema\\\/person\\\/79bb06722b37ece1c03d3e94beb30d73\"},\"headline\":\"Auto e moto d&#8217;epoca. Dal 20 al 23 ottobre alla Fiera di Padova\",\"datePublished\":\"2022-10-20T12:35:54+00:00\",\"mainEntityOfPage\":{\"@id\":\"https:\\\/\\\/www.bellunopress.it\\\/2022\\\/10\\\/20\\\/auto-e-moto-depoca-dal-20-al-23-ottobre-alla-fiera-di-padova\\\/\"},\"wordCount\":1604,\"publisher\":{\"@id\":\"https:\\\/\\\/www.bellunopress.it\\\/#organization\"},\"image\":{\"@id\":\"https:\\\/\\\/www.bellunopress.it\\\/2022\\\/10\\\/20\\\/auto-e-moto-depoca-dal-20-al-23-ottobre-alla-fiera-di-padova\\\/#primaryimage\"},\"thumbnailUrl\":\"https:\\\/\\\/www.bellunopress.it\\\/wp-content\\\/uploads\\\/2022\\\/09\\\/Auto-Moto-dEpoca-Padova-Brutus-47mila-cc-motore-Bmw-aeronautico-della-1-guerra-mond.jpg\",\"articleSection\":[\"Appuntamenti, Eventi\",\"Pausa Caff\u00e8\",\"Sport, tempo libero\"],\"inLanguage\":\"fr-FR\"},{\"@type\":\"WebPage\",\"@id\":\"https:\\\/\\\/www.bellunopress.it\\\/2022\\\/10\\\/20\\\/auto-e-moto-depoca-dal-20-al-23-ottobre-alla-fiera-di-padova\\\/\",\"url\":\"https:\\\/\\\/www.bellunopress.it\\\/2022\\\/10\\\/20\\\/auto-e-moto-depoca-dal-20-al-23-ottobre-alla-fiera-di-padova\\\/\",\"name\":\"Auto e moto d'epoca. Dal 20 al 23 ottobre alla Fiera di Padova - Bellunopress - Dolomiti\",\"isPartOf\":{\"@id\":\"https:\\\/\\\/www.bellunopress.it\\\/#website\"},\"primaryImageOfPage\":{\"@id\":\"https:\\\/\\\/www.bellunopress.it\\\/2022\\\/10\\\/20\\\/auto-e-moto-depoca-dal-20-al-23-ottobre-alla-fiera-di-padova\\\/#primaryimage\"},\"image\":{\"@id\":\"https:\\\/\\\/www.bellunopress.it\\\/2022\\\/10\\\/20\\\/auto-e-moto-depoca-dal-20-al-23-ottobre-alla-fiera-di-padova\\\/#primaryimage\"},\"thumbnailUrl\":\"https:\\\/\\\/www.bellunopress.it\\\/wp-content\\\/uploads\\\/2022\\\/09\\\/Auto-Moto-dEpoca-Padova-Brutus-47mila-cc-motore-Bmw-aeronautico-della-1-guerra-mond.jpg\",\"datePublished\":\"2022-10-20T12:35:54+00:00\",\"breadcrumb\":{\"@id\":\"https:\\\/\\\/www.bellunopress.it\\\/2022\\\/10\\\/20\\\/auto-e-moto-depoca-dal-20-al-23-ottobre-alla-fiera-di-padova\\\/#breadcrumb\"},\"inLanguage\":\"fr-FR\",\"potentialAction\":[{\"@type\":\"ReadAction\",\"target\":[\"https:\\\/\\\/www.bellunopress.it\\\/2022\\\/10\\\/20\\\/auto-e-moto-depoca-dal-20-al-23-ottobre-alla-fiera-di-padova\\\/\"]}]},{\"@type\":\"ImageObject\",\"inLanguage\":\"fr-FR\",\"@id\":\"https:\\\/\\\/www.bellunopress.it\\\/2022\\\/10\\\/20\\\/auto-e-moto-depoca-dal-20-al-23-ottobre-alla-fiera-di-padova\\\/#primaryimage\",\"url\":\"https:\\\/\\\/www.bellunopress.it\\\/wp-content\\\/uploads\\\/2022\\\/09\\\/Auto-Moto-dEpoca-Padova-Brutus-47mila-cc-motore-Bmw-aeronautico-della-1-guerra-mond.jpg\",\"contentUrl\":\"https:\\\/\\\/www.bellunopress.it\\\/wp-content\\\/uploads\\\/2022\\\/09\\\/Auto-Moto-dEpoca-Padova-Brutus-47mila-cc-motore-Bmw-aeronautico-della-1-guerra-mond.jpg\",\"width\":1000,\"height\":929},{\"@type\":\"BreadcrumbList\",\"@id\":\"https:\\\/\\\/www.bellunopress.it\\\/2022\\\/10\\\/20\\\/auto-e-moto-depoca-dal-20-al-23-ottobre-alla-fiera-di-padova\\\/#breadcrumb\",\"itemListElement\":[{\"@type\":\"ListItem\",\"position\":1,\"name\":\"Home\",\"item\":\"https:\\\/\\\/www.bellunopress.it\\\/\"},{\"@type\":\"ListItem\",\"position\":2,\"name\":\"Auto e moto d&#8217;epoca. Dal 20 al 23 ottobre alla Fiera di Padova\"}]},{\"@type\":\"WebSite\",\"@id\":\"https:\\\/\\\/www.bellunopress.it\\\/#website\",\"url\":\"https:\\\/\\\/www.bellunopress.it\\\/\",\"name\":\"Bellunopress - Dolomiti\",\"description\":\"e-mail: redazione@bellunopress.it\",\"publisher\":{\"@id\":\"https:\\\/\\\/www.bellunopress.it\\\/#organization\"},\"potentialAction\":[{\"@type\":\"SearchAction\",\"target\":{\"@type\":\"EntryPoint\",\"urlTemplate\":\"https:\\\/\\\/www.bellunopress.it\\\/?s={search_term_string}\"},\"query-input\":{\"@type\":\"PropertyValueSpecification\",\"valueRequired\":true,\"valueName\":\"search_term_string\"}}],\"inLanguage\":\"fr-FR\"},{\"@type\":\"Organization\",\"@id\":\"https:\\\/\\\/www.bellunopress.it\\\/#organization\",\"name\":\"Bellunopress\",\"url\":\"https:\\\/\\\/www.bellunopress.it\\\/\",\"logo\":{\"@type\":\"ImageObject\",\"inLanguage\":\"fr-FR\",\"@id\":\"https:\\\/\\\/www.bellunopress.it\\\/#\\\/schema\\\/logo\\\/image\\\/\",\"url\":\"https:\\\/\\\/www.bellunopress.it\\\/wp-content\\\/uploads\\\/2011\\\/05\\\/cropped-logo-bellunopress-.jpg\",\"contentUrl\":\"https:\\\/\\\/www.bellunopress.it\\\/wp-content\\\/uploads\\\/2011\\\/05\\\/cropped-logo-bellunopress-.jpg\",\"width\":512,\"height\":512,\"caption\":\"Bellunopress\"},\"image\":{\"@id\":\"https:\\\/\\\/www.bellunopress.it\\\/#\\\/schema\\\/logo\\\/image\\\/\"},\"sameAs\":[\"https:\\\/\\\/www.facebook.com\\\/profile.php?id=100008943462799\",\"https:\\\/\\\/x.com\\\/bellunopress\",\"https:\\\/\\\/www.linkedin.com\\\/hp\\\/?dnr=JBzUWaJfMUw8vbXJJ2tVW5-I3jZKvC4wsoxE&amp;amp;amp;amp;amp;amp;trk=nav_responsive_tab_home\",\"https:\\\/\\\/www.youtube.com\\\/channel\\\/UCxL0wu1uN0_3_7hGG0306cw\"]},{\"@type\":\"Person\",\"@id\":\"https:\\\/\\\/www.bellunopress.it\\\/#\\\/schema\\\/person\\\/79bb06722b37ece1c03d3e94beb30d73\",\"name\":\"redazione\",\"image\":{\"@type\":\"ImageObject\",\"inLanguage\":\"fr-FR\",\"@id\":\"https:\\\/\\\/secure.gravatar.com\\\/avatar\\\/37d968a2e67a6fd04c169c4bdef102d0bc5d31b2546345219e348575eb80e9a0?s=96&d=mm&r=g\",\"url\":\"https:\\\/\\\/secure.gravatar.com\\\/avatar\\\/37d968a2e67a6fd04c169c4bdef102d0bc5d31b2546345219e348575eb80e9a0?s=96&d=mm&r=g\",\"contentUrl\":\"https:\\\/\\\/secure.gravatar.com\\\/avatar\\\/37d968a2e67a6fd04c169c4bdef102d0bc5d31b2546345219e348575eb80e9a0?s=96&d=mm&r=g\",\"caption\":\"redazione\"},\"sameAs\":[\"http:\\\/\\\/www.bellunopress.it\",\"https:\\\/\\\/x.com\\\/bellunopress\"],\"url\":\"https:\\\/\\\/www.bellunopress.it\\\/fr\\\/author\\\/redazione\\\/\"}]}<\/script>\n<!-- \/ Yoast SEO plugin. -->","yoast_head_json":{"title":"Auto e moto d'epoca. Dal 20 al 23 ottobre alla Fiera di Padova - Bellunopress - Dolomiti","robots":{"index":"index","follow":"follow","max-snippet":"max-snippet:-1","max-image-preview":"max-image-preview:large","max-video-preview":"max-video-preview:-1"},"canonical":"https:\/\/www.bellunopress.it\/fr\/2022\/10\/20\/auto-e-moto-depoca-dal-20-al-23-ottobre-alla-fiera-di-padova\/","og_locale":"fr_FR","og_type":"article","og_title":"Auto e moto d'epoca. Dal 20 al 23 ottobre alla Fiera di Padova - Bellunopress - Dolomiti","og_description":"La 39esima edizione di Auto e Moto d\u2019Epoca, dal 20 al 23 ottobre 2022 alla fiera di Padova, richiama appassionati, collezionisti e curiosi da tutto il mondo. Ecco 10 cose da vedere per rimanere a bocca aperta. \u00c9 la 39ma edizione per Auto e Moto d\u2019Epoca, l\u2019ultima ospitata nella fiera della citt\u00e0 di Padova prima [&hellip;]","og_url":"https:\/\/www.bellunopress.it\/fr\/2022\/10\/20\/auto-e-moto-depoca-dal-20-al-23-ottobre-alla-fiera-di-padova\/","og_site_name":"Bellunopress - Dolomiti","article_publisher":"https:\/\/www.facebook.com\/profile.php?id=100008943462799","article_published_time":"2022-10-20T12:35:54+00:00","og_image":[{"width":1000,"height":929,"url":"https:\/\/www.bellunopress.it\/wp-content\/uploads\/2022\/09\/Auto-Moto-dEpoca-Padova-Brutus-47mila-cc-motore-Bmw-aeronautico-della-1-guerra-mond.jpg","type":"image\/jpeg"}],"author":"redazione","twitter_card":"summary_large_image","twitter_creator":"@bellunopress","twitter_site":"@bellunopress","twitter_misc":{"\u00c9crit par":"redazione","Dur\u00e9e de lecture estim\u00e9e":"9 minutes"},"schema":{"@context":"https:\/\/schema.org","@graph":[{"@type":"Article","@id":"https:\/\/www.bellunopress.it\/2022\/10\/20\/auto-e-moto-depoca-dal-20-al-23-ottobre-alla-fiera-di-padova\/#article","isPartOf":{"@id":"https:\/\/www.bellunopress.it\/2022\/10\/20\/auto-e-moto-depoca-dal-20-al-23-ottobre-alla-fiera-di-padova\/"},"author":{"name":"redazione","@id":"https:\/\/www.bellunopress.it\/#\/schema\/person\/79bb06722b37ece1c03d3e94beb30d73"},"headline":"Auto e moto d&#8217;epoca. Dal 20 al 23 ottobre alla Fiera di Padova","datePublished":"2022-10-20T12:35:54+00:00","mainEntityOfPage":{"@id":"https:\/\/www.bellunopress.it\/2022\/10\/20\/auto-e-moto-depoca-dal-20-al-23-ottobre-alla-fiera-di-padova\/"},"wordCount":1604,"publisher":{"@id":"https:\/\/www.bellunopress.it\/#organization"},"image":{"@id":"https:\/\/www.bellunopress.it\/2022\/10\/20\/auto-e-moto-depoca-dal-20-al-23-ottobre-alla-fiera-di-padova\/#primaryimage"},"thumbnailUrl":"https:\/\/www.bellunopress.it\/wp-content\/uploads\/2022\/09\/Auto-Moto-dEpoca-Padova-Brutus-47mila-cc-motore-Bmw-aeronautico-della-1-guerra-mond.jpg","articleSection":["Appuntamenti, Eventi","Pausa Caff\u00e8","Sport, tempo libero"],"inLanguage":"fr-FR"},{"@type":"WebPage","@id":"https:\/\/www.bellunopress.it\/2022\/10\/20\/auto-e-moto-depoca-dal-20-al-23-ottobre-alla-fiera-di-padova\/","url":"https:\/\/www.bellunopress.it\/2022\/10\/20\/auto-e-moto-depoca-dal-20-al-23-ottobre-alla-fiera-di-padova\/","name":"Auto e moto d'epoca. Dal 20 al 23 ottobre alla Fiera di Padova - Bellunopress - Dolomiti","isPartOf":{"@id":"https:\/\/www.bellunopress.it\/#website"},"primaryImageOfPage":{"@id":"https:\/\/www.bellunopress.it\/2022\/10\/20\/auto-e-moto-depoca-dal-20-al-23-ottobre-alla-fiera-di-padova\/#primaryimage"},"image":{"@id":"https:\/\/www.bellunopress.it\/2022\/10\/20\/auto-e-moto-depoca-dal-20-al-23-ottobre-alla-fiera-di-padova\/#primaryimage"},"thumbnailUrl":"https:\/\/www.bellunopress.it\/wp-content\/uploads\/2022\/09\/Auto-Moto-dEpoca-Padova-Brutus-47mila-cc-motore-Bmw-aeronautico-della-1-guerra-mond.jpg","datePublished":"2022-10-20T12:35:54+00:00","breadcrumb":{"@id":"https:\/\/www.bellunopress.it\/2022\/10\/20\/auto-e-moto-depoca-dal-20-al-23-ottobre-alla-fiera-di-padova\/#breadcrumb"},"inLanguage":"fr-FR","potentialAction":[{"@type":"ReadAction","target":["https:\/\/www.bellunopress.it\/2022\/10\/20\/auto-e-moto-depoca-dal-20-al-23-ottobre-alla-fiera-di-padova\/"]}]},{"@type":"ImageObject","inLanguage":"fr-FR","@id":"https:\/\/www.bellunopress.it\/2022\/10\/20\/auto-e-moto-depoca-dal-20-al-23-ottobre-alla-fiera-di-padova\/#primaryimage","url":"https:\/\/www.bellunopress.it\/wp-content\/uploads\/2022\/09\/Auto-Moto-dEpoca-Padova-Brutus-47mila-cc-motore-Bmw-aeronautico-della-1-guerra-mond.jpg","contentUrl":"https:\/\/www.bellunopress.it\/wp-content\/uploads\/2022\/09\/Auto-Moto-dEpoca-Padova-Brutus-47mila-cc-motore-Bmw-aeronautico-della-1-guerra-mond.jpg","width":1000,"height":929},{"@type":"BreadcrumbList","@id":"https:\/\/www.bellunopress.it\/2022\/10\/20\/auto-e-moto-depoca-dal-20-al-23-ottobre-alla-fiera-di-padova\/#breadcrumb","itemListElement":[{"@type":"ListItem","position":1,"name":"Home","item":"https:\/\/www.bellunopress.it\/"},{"@type":"ListItem","position":2,"name":"Auto e moto d&#8217;epoca. Dal 20 al 23 ottobre alla Fiera di Padova"}]},{"@type":"WebSite","@id":"https:\/\/www.bellunopress.it\/#website","url":"https:\/\/www.bellunopress.it\/","name":"Bellunopress - Dolomiti","description":"e-mail: redazione@bellunopress.it","publisher":{"@id":"https:\/\/www.bellunopress.it\/#organization"},"potentialAction":[{"@type":"SearchAction","target":{"@type":"EntryPoint","urlTemplate":"https:\/\/www.bellunopress.it\/?s={search_term_string}"},"query-input":{"@type":"PropertyValueSpecification","valueRequired":true,"valueName":"search_term_string"}}],"inLanguage":"fr-FR"},{"@type":"Organization","@id":"https:\/\/www.bellunopress.it\/#organization","name":"Bellunopress","url":"https:\/\/www.bellunopress.it\/","logo":{"@type":"ImageObject","inLanguage":"fr-FR","@id":"https:\/\/www.bellunopress.it\/#\/schema\/logo\/image\/","url":"https:\/\/www.bellunopress.it\/wp-content\/uploads\/2011\/05\/cropped-logo-bellunopress-.jpg","contentUrl":"https:\/\/www.bellunopress.it\/wp-content\/uploads\/2011\/05\/cropped-logo-bellunopress-.jpg","width":512,"height":512,"caption":"Bellunopress"},"image":{"@id":"https:\/\/www.bellunopress.it\/#\/schema\/logo\/image\/"},"sameAs":["https:\/\/www.facebook.com\/profile.php?id=100008943462799","https:\/\/x.com\/bellunopress","https:\/\/www.linkedin.com\/hp\/?dnr=JBzUWaJfMUw8vbXJJ2tVW5-I3jZKvC4wsoxE&amp;amp;amp;amp;amp;amp;trk=nav_responsive_tab_home","https:\/\/www.youtube.com\/channel\/UCxL0wu1uN0_3_7hGG0306cw"]},{"@type":"Person","@id":"https:\/\/www.bellunopress.it\/#\/schema\/person\/79bb06722b37ece1c03d3e94beb30d73","name":"r\u00e9daction","image":{"@type":"ImageObject","inLanguage":"fr-FR","@id":"https:\/\/secure.gravatar.com\/avatar\/37d968a2e67a6fd04c169c4bdef102d0bc5d31b2546345219e348575eb80e9a0?s=96&d=mm&r=g","url":"https:\/\/secure.gravatar.com\/avatar\/37d968a2e67a6fd04c169c4bdef102d0bc5d31b2546345219e348575eb80e9a0?s=96&d=mm&r=g","contentUrl":"https:\/\/secure.gravatar.com\/avatar\/37d968a2e67a6fd04c169c4bdef102d0bc5d31b2546345219e348575eb80e9a0?s=96&d=mm&r=g","caption":"redazione"},"sameAs":["http:\/\/www.bellunopress.it","https:\/\/x.com\/bellunopress"],"url":"https:\/\/www.bellunopress.it\/fr\/author\/redazione\/"}]}},"_links":{"self":[{"href":"https:\/\/www.bellunopress.it\/fr\/wp-json\/wp\/v2\/posts\/137107","targetHints":{"allow":["GET"]}}],"collection":[{"href":"https:\/\/www.bellunopress.it\/fr\/wp-json\/wp\/v2\/posts"}],"about":[{"href":"https:\/\/www.bellunopress.it\/fr\/wp-json\/wp\/v2\/types\/post"}],"author":[{"embeddable":true,"href":"https:\/\/www.bellunopress.it\/fr\/wp-json\/wp\/v2\/users\/2"}],"replies":[{"embeddable":true,"href":"https:\/\/www.bellunopress.it\/fr\/wp-json\/wp\/v2\/comments?post=137107"}],"version-history":[{"count":1,"href":"https:\/\/www.bellunopress.it\/fr\/wp-json\/wp\/v2\/posts\/137107\/revisions"}],"predecessor-version":[{"id":137108,"href":"https:\/\/www.bellunopress.it\/fr\/wp-json\/wp\/v2\/posts\/137107\/revisions\/137108"}],"wp:featuredmedia":[{"embeddable":true,"href":"https:\/\/www.bellunopress.it\/fr\/wp-json\/wp\/v2\/media\/136559"}],"wp:attachment":[{"href":"https:\/\/www.bellunopress.it\/fr\/wp-json\/wp\/v2\/media?parent=137107"}],"wp:term":[{"taxonomy":"category","embeddable":true,"href":"https:\/\/www.bellunopress.it\/fr\/wp-json\/wp\/v2\/categories?post=137107"},{"taxonomy":"post_tag","embeddable":true,"href":"https:\/\/www.bellunopress.it\/fr\/wp-json\/wp\/v2\/tags?post=137107"}],"curies":[{"name":"wp","href":"https:\/\/api.w.org\/{rel}","templated":true}]}}