{"id":137104,"date":"2022-10-20T13:30:19","date_gmt":"2022-10-20T11:30:19","guid":{"rendered":"https:\/\/www.bellunopress.it\/?p=137104"},"modified":"2022-10-20T13:30:19","modified_gmt":"2022-10-20T11:30:19","slug":"domenica-a-tisoi-il-goser-trail-la-corsa-in-montagna-su-due-tracciati-14-e-5-km","status":"publish","type":"post","link":"https:\/\/www.bellunopress.it\/fr\/2022\/10\/20\/domenica-a-tisoi-il-goser-trail-la-corsa-in-montagna-su-due-tracciati-14-e-5-km\/","title":{"rendered":"Domenica a Tisoi il Gos\u00e8r Trail, la corsa in montagna su due tracciati 14 e 5 Km"},"content":{"rendered":"<p><img loading=\"lazy\" decoding=\"async\" class=\"alignleft size-full wp-image-137105\" src=\"https:\/\/www.bellunopress.it\/wp-content\/uploads\/2022\/10\/GoserTrail-Tisoi_edited.jpg\" alt=\"\" width=\"1000\" height=\"667\" srcset=\"https:\/\/www.bellunopress.it\/wp-content\/uploads\/2022\/10\/GoserTrail-Tisoi_edited.jpg 1000w, https:\/\/www.bellunopress.it\/wp-content\/uploads\/2022\/10\/GoserTrail-Tisoi_edited-500x334.jpg 500w, https:\/\/www.bellunopress.it\/wp-content\/uploads\/2022\/10\/GoserTrail-Tisoi_edited-696x464.jpg 696w, https:\/\/www.bellunopress.it\/wp-content\/uploads\/2022\/10\/GoserTrail-Tisoi_edited-630x420.jpg 630w\" sizes=\"auto, (max-width: 1000px) 100vw, 1000px\" \/>Domenica 23 ottobre si corre il Gos\u00e8r Trail di Tisoi (Belluno), giunto quest&#8217;anno alla sua quarta edizione. Si tratta di un importante appuntamento sportivo per gli appassionati della corsa in montagna. Dopo un lungo periodo di &#8220;stop&#8221; dovuto all&#8217;emergenza sanitaria nazionale, tutto \u00e8 pronto in quel di Tisoi per il countdown che domenica mattina verr\u00e0 scandito al microfono da Enrico Dal Farra, presidente della asd Al Gos\u00e8r.<\/p>\n<p>Due i tracciati proposti dallo staff. Alle ore 9.30 prender\u00e0 il via il trail lungo con un tracciato di 14 km e 1000 metri di dislivello positivo. Successivamente alle ore 10, per i pi\u00f9 piccoli e gli appassionati della natura, sar\u00e0 la volta del mini trail con un percorso ludico motorio di 5 km.<\/p>\n<p>\u00abLe iscrizioni del Gos\u00e8r Trail rimangono aperte online al link www.algoser.it\/iscrizioni-online fino alle ore 12.00 di sabato 22 ottobre\u00bb fanno sapere i dall&#8217;associazione. \u00abDiversamente, secondo le disponibilit\u00e0, sar\u00e0 possibile iscriversi direttamente in loco, presso la centrale piazza di Tisoi, dalle ore 18 alle 20 di sabato, oppure il giorno della gara dalle ore 7. Negli stessi orari sar\u00e0 possibile anche ritirare il pacco gara. Per chi vorr\u00e0 invece partecipare al mini trail le iscrizioni avverranno solamente domenica, prima della partenza, dalle ore 7.\u00bb<\/p>\n<p>Intanto dal quartier generale del Gos\u00e8r Trail ci informano che gli iscritti sono quasi 200 e rimangono disponibili solamente pochissimi pettorali.<\/p>\n<p>\u00abUna ri-partenza quasi &#8220;sold out&#8221; e questo ci gratifica e soddisfa molto!\u00bb, commentano Enrico Dal Farra ed Eugenio Tramontin, rispettivamente presidente e vice dell&#8217;associazione Al Gos\u00e8r. \u00abCe la abbiamo messa veramente tutta, anche perch\u00e9 dopo l&#8217;annullamento del 2020 e del 2021 eravamo demoralizzati. Due edizioni cancellate di fila non sono poca cosa. Ma non potevamo rimanere seduti a guardare, quindi abbiamo lavorato sodo dietro le quinte, nei momenti di chiusura, e nei sentieri quando c&#8217;\u00e8 stato permesso.\u00bb<\/p>\n<p>E il lavoro svolto da questi ragazzi \u00e8 stato veramente enorme. La macchina organizzativa ha provveduto a tabellare e mettere in sicurezza il tracciato per una percorrenza a 365 giorni. Cos\u00ec il trail non rappresenta solamente una competizione sportiva &#8220;one day&#8221;, ma bens\u00ec un &#8220;mood&#8221; per vivere la natura e la montagna dal centrale paese fino al Pianon de Talvena.<\/p>\n<p>&nbsp;<\/p>","protected":false},"excerpt":{"rendered":"<p>Domenica 23 ottobre si corre il Gos\u00e8r Trail di Tisoi (Belluno), giunto quest&#8217;anno alla sua quarta edizione. Si tratta di un importante appuntamento sportivo per gli appassionati della corsa in montagna. Dopo un lungo periodo di &#8220;stop&#8221; dovuto all&#8217;emergenza sanitaria nazionale, tutto \u00e8 pronto in quel di Tisoi per il countdown che domenica mattina verr\u00e0 [&hellip;]<\/p>\n","protected":false},"author":2,"featured_media":137105,"comment_status":"closed","ping_status":"open","sticky":false,"template":"","format":"standard","meta":{"footnotes":""},"categories":[25,4],"tags":[],"class_list":["post-137104","post","type-post","status-publish","format-standard","has-post-thumbnail","category-pausa-caffe","category-sport"],"yoast_head":"<!-- This site is optimized with the Yoast SEO plugin v28.4 - https:\/\/yoast.com\/product\/yoast-seo-wordpress\/ -->\n<title>Domenica a Tisoi il Gos\u00e8r Trail, la corsa in montagna su due tracciati 14 e 5 Km - Bellunopress - Dolomiti<\/title>\n<meta name=\"robots\" content=\"index, follow, max-snippet:-1, max-image-preview:large, max-video-preview:-1\" \/>\n<link rel=\"canonical\" href=\"https:\/\/www.bellunopress.it\/fr\/2022\/10\/20\/domenica-a-tisoi-il-goser-trail-la-corsa-in-montagna-su-due-tracciati-14-e-5-km\/\" \/>\n<meta property=\"og:locale\" content=\"fr_FR\" \/>\n<meta property=\"og:type\" content=\"article\" \/>\n<meta property=\"og:title\" content=\"Domenica a Tisoi il Gos\u00e8r Trail, la corsa in montagna su due tracciati 14 e 5 Km - Bellunopress - Dolomiti\" \/>\n<meta property=\"og:description\" content=\"Domenica 23 ottobre si corre il Gos\u00e8r Trail di Tisoi (Belluno), giunto quest&#8217;anno alla sua quarta edizione. Si tratta di un importante appuntamento sportivo per gli appassionati della corsa in montagna. Dopo un lungo periodo di &#8220;stop&#8221; dovuto all&#8217;emergenza sanitaria nazionale, tutto \u00e8 pronto in quel di Tisoi per il countdown che domenica mattina verr\u00e0 [&hellip;]\" \/>\n<meta property=\"og:url\" content=\"https:\/\/www.bellunopress.it\/fr\/2022\/10\/20\/domenica-a-tisoi-il-goser-trail-la-corsa-in-montagna-su-due-tracciati-14-e-5-km\/\" \/>\n<meta property=\"og:site_name\" content=\"Bellunopress - Dolomiti\" \/>\n<meta property=\"article:publisher\" content=\"https:\/\/www.facebook.com\/profile.php?id=100008943462799\" \/>\n<meta property=\"article:published_time\" content=\"2022-10-20T11:30:19+00:00\" \/>\n<meta property=\"og:image\" content=\"https:\/\/www.bellunopress.it\/wp-content\/uploads\/2022\/10\/GoserTrail-Tisoi_edited.jpg\" \/>\n\t<meta property=\"og:image:width\" content=\"1000\" \/>\n\t<meta property=\"og:image:height\" content=\"667\" \/>\n\t<meta property=\"og:image:type\" content=\"image\/jpeg\" \/>\n<meta name=\"author\" content=\"redazione\" \/>\n<meta name=\"twitter:card\" content=\"summary_large_image\" \/>\n<meta name=\"twitter:creator\" content=\"@bellunopress\" \/>\n<meta name=\"twitter:site\" content=\"@bellunopress\" \/>\n<meta name=\"twitter:label1\" content=\"\u00c9crit par\" \/>\n\t<meta name=\"twitter:data1\" content=\"redazione\" \/>\n\t<meta name=\"twitter:label2\" content=\"Dur\u00e9e de lecture estim\u00e9e\" \/>\n\t<meta name=\"twitter:data2\" content=\"3 minutes\" \/>\n<script type=\"application\/ld+json\" class=\"yoast-schema-graph\">{\"@context\":\"https:\\\/\\\/schema.org\",\"@graph\":[{\"@type\":\"Article\",\"@id\":\"https:\\\/\\\/www.bellunopress.it\\\/2022\\\/10\\\/20\\\/domenica-a-tisoi-il-goser-trail-la-corsa-in-montagna-su-due-tracciati-14-e-5-km\\\/#article\",\"isPartOf\":{\"@id\":\"https:\\\/\\\/www.bellunopress.it\\\/2022\\\/10\\\/20\\\/domenica-a-tisoi-il-goser-trail-la-corsa-in-montagna-su-due-tracciati-14-e-5-km\\\/\"},\"author\":{\"name\":\"redazione\",\"@id\":\"https:\\\/\\\/www.bellunopress.it\\\/#\\\/schema\\\/person\\\/79bb06722b37ece1c03d3e94beb30d73\"},\"headline\":\"Domenica a Tisoi il Gos\u00e8r Trail, la corsa in montagna su due tracciati 14 e 5 Km\",\"datePublished\":\"2022-10-20T11:30:19+00:00\",\"mainEntityOfPage\":{\"@id\":\"https:\\\/\\\/www.bellunopress.it\\\/2022\\\/10\\\/20\\\/domenica-a-tisoi-il-goser-trail-la-corsa-in-montagna-su-due-tracciati-14-e-5-km\\\/\"},\"wordCount\":374,\"publisher\":{\"@id\":\"https:\\\/\\\/www.bellunopress.it\\\/#organization\"},\"image\":{\"@id\":\"https:\\\/\\\/www.bellunopress.it\\\/2022\\\/10\\\/20\\\/domenica-a-tisoi-il-goser-trail-la-corsa-in-montagna-su-due-tracciati-14-e-5-km\\\/#primaryimage\"},\"thumbnailUrl\":\"https:\\\/\\\/www.bellunopress.it\\\/wp-content\\\/uploads\\\/2022\\\/10\\\/GoserTrail-Tisoi_edited.jpg\",\"articleSection\":[\"Pausa Caff\u00e8\",\"Sport, tempo libero\"],\"inLanguage\":\"fr-FR\"},{\"@type\":\"WebPage\",\"@id\":\"https:\\\/\\\/www.bellunopress.it\\\/2022\\\/10\\\/20\\\/domenica-a-tisoi-il-goser-trail-la-corsa-in-montagna-su-due-tracciati-14-e-5-km\\\/\",\"url\":\"https:\\\/\\\/www.bellunopress.it\\\/2022\\\/10\\\/20\\\/domenica-a-tisoi-il-goser-trail-la-corsa-in-montagna-su-due-tracciati-14-e-5-km\\\/\",\"name\":\"Domenica a Tisoi il Gos\u00e8r Trail, la corsa in montagna su due tracciati 14 e 5 Km - Bellunopress - Dolomiti\",\"isPartOf\":{\"@id\":\"https:\\\/\\\/www.bellunopress.it\\\/#website\"},\"primaryImageOfPage\":{\"@id\":\"https:\\\/\\\/www.bellunopress.it\\\/2022\\\/10\\\/20\\\/domenica-a-tisoi-il-goser-trail-la-corsa-in-montagna-su-due-tracciati-14-e-5-km\\\/#primaryimage\"},\"image\":{\"@id\":\"https:\\\/\\\/www.bellunopress.it\\\/2022\\\/10\\\/20\\\/domenica-a-tisoi-il-goser-trail-la-corsa-in-montagna-su-due-tracciati-14-e-5-km\\\/#primaryimage\"},\"thumbnailUrl\":\"https:\\\/\\\/www.bellunopress.it\\\/wp-content\\\/uploads\\\/2022\\\/10\\\/GoserTrail-Tisoi_edited.jpg\",\"datePublished\":\"2022-10-20T11:30:19+00:00\",\"breadcrumb\":{\"@id\":\"https:\\\/\\\/www.bellunopress.it\\\/2022\\\/10\\\/20\\\/domenica-a-tisoi-il-goser-trail-la-corsa-in-montagna-su-due-tracciati-14-e-5-km\\\/#breadcrumb\"},\"inLanguage\":\"fr-FR\",\"potentialAction\":[{\"@type\":\"ReadAction\",\"target\":[\"https:\\\/\\\/www.bellunopress.it\\\/2022\\\/10\\\/20\\\/domenica-a-tisoi-il-goser-trail-la-corsa-in-montagna-su-due-tracciati-14-e-5-km\\\/\"]}]},{\"@type\":\"ImageObject\",\"inLanguage\":\"fr-FR\",\"@id\":\"https:\\\/\\\/www.bellunopress.it\\\/2022\\\/10\\\/20\\\/domenica-a-tisoi-il-goser-trail-la-corsa-in-montagna-su-due-tracciati-14-e-5-km\\\/#primaryimage\",\"url\":\"https:\\\/\\\/www.bellunopress.it\\\/wp-content\\\/uploads\\\/2022\\\/10\\\/GoserTrail-Tisoi_edited.jpg\",\"contentUrl\":\"https:\\\/\\\/www.bellunopress.it\\\/wp-content\\\/uploads\\\/2022\\\/10\\\/GoserTrail-Tisoi_edited.jpg\",\"width\":1000,\"height\":667},{\"@type\":\"BreadcrumbList\",\"@id\":\"https:\\\/\\\/www.bellunopress.it\\\/2022\\\/10\\\/20\\\/domenica-a-tisoi-il-goser-trail-la-corsa-in-montagna-su-due-tracciati-14-e-5-km\\\/#breadcrumb\",\"itemListElement\":[{\"@type\":\"ListItem\",\"position\":1,\"name\":\"Home\",\"item\":\"https:\\\/\\\/www.bellunopress.it\\\/\"},{\"@type\":\"ListItem\",\"position\":2,\"name\":\"Domenica a Tisoi il Gos\u00e8r Trail, la corsa in montagna su due tracciati 14 e 5 Km\"}]},{\"@type\":\"WebSite\",\"@id\":\"https:\\\/\\\/www.bellunopress.it\\\/#website\",\"url\":\"https:\\\/\\\/www.bellunopress.it\\\/\",\"name\":\"Bellunopress - Dolomiti\",\"description\":\"e-mail: redazione@bellunopress.it\",\"publisher\":{\"@id\":\"https:\\\/\\\/www.bellunopress.it\\\/#organization\"},\"potentialAction\":[{\"@type\":\"SearchAction\",\"target\":{\"@type\":\"EntryPoint\",\"urlTemplate\":\"https:\\\/\\\/www.bellunopress.it\\\/?s={search_term_string}\"},\"query-input\":{\"@type\":\"PropertyValueSpecification\",\"valueRequired\":true,\"valueName\":\"search_term_string\"}}],\"inLanguage\":\"fr-FR\"},{\"@type\":\"Organization\",\"@id\":\"https:\\\/\\\/www.bellunopress.it\\\/#organization\",\"name\":\"Bellunopress\",\"url\":\"https:\\\/\\\/www.bellunopress.it\\\/\",\"logo\":{\"@type\":\"ImageObject\",\"inLanguage\":\"fr-FR\",\"@id\":\"https:\\\/\\\/www.bellunopress.it\\\/#\\\/schema\\\/logo\\\/image\\\/\",\"url\":\"https:\\\/\\\/www.bellunopress.it\\\/wp-content\\\/uploads\\\/2011\\\/05\\\/cropped-logo-bellunopress-.jpg\",\"contentUrl\":\"https:\\\/\\\/www.bellunopress.it\\\/wp-content\\\/uploads\\\/2011\\\/05\\\/cropped-logo-bellunopress-.jpg\",\"width\":512,\"height\":512,\"caption\":\"Bellunopress\"},\"image\":{\"@id\":\"https:\\\/\\\/www.bellunopress.it\\\/#\\\/schema\\\/logo\\\/image\\\/\"},\"sameAs\":[\"https:\\\/\\\/www.facebook.com\\\/profile.php?id=100008943462799\",\"https:\\\/\\\/x.com\\\/bellunopress\",\"https:\\\/\\\/www.linkedin.com\\\/hp\\\/?dnr=JBzUWaJfMUw8vbXJJ2tVW5-I3jZKvC4wsoxE&amp;amp;amp;amp;amp;amp;trk=nav_responsive_tab_home\",\"https:\\\/\\\/www.youtube.com\\\/channel\\\/UCxL0wu1uN0_3_7hGG0306cw\"]},{\"@type\":\"Person\",\"@id\":\"https:\\\/\\\/www.bellunopress.it\\\/#\\\/schema\\\/person\\\/79bb06722b37ece1c03d3e94beb30d73\",\"name\":\"redazione\",\"image\":{\"@type\":\"ImageObject\",\"inLanguage\":\"fr-FR\",\"@id\":\"https:\\\/\\\/secure.gravatar.com\\\/avatar\\\/37d968a2e67a6fd04c169c4bdef102d0bc5d31b2546345219e348575eb80e9a0?s=96&d=mm&r=g\",\"url\":\"https:\\\/\\\/secure.gravatar.com\\\/avatar\\\/37d968a2e67a6fd04c169c4bdef102d0bc5d31b2546345219e348575eb80e9a0?s=96&d=mm&r=g\",\"contentUrl\":\"https:\\\/\\\/secure.gravatar.com\\\/avatar\\\/37d968a2e67a6fd04c169c4bdef102d0bc5d31b2546345219e348575eb80e9a0?s=96&d=mm&r=g\",\"caption\":\"redazione\"},\"sameAs\":[\"http:\\\/\\\/www.bellunopress.it\",\"https:\\\/\\\/x.com\\\/bellunopress\"],\"url\":\"https:\\\/\\\/www.bellunopress.it\\\/fr\\\/author\\\/redazione\\\/\"}]}<\/script>\n<!-- \/ Yoast SEO plugin. -->","yoast_head_json":{"title":"Domenica a Tisoi il Gos\u00e8r Trail, la corsa in montagna su due tracciati 14 e 5 Km - Bellunopress - Dolomiti","robots":{"index":"index","follow":"follow","max-snippet":"max-snippet:-1","max-image-preview":"max-image-preview:large","max-video-preview":"max-video-preview:-1"},"canonical":"https:\/\/www.bellunopress.it\/fr\/2022\/10\/20\/domenica-a-tisoi-il-goser-trail-la-corsa-in-montagna-su-due-tracciati-14-e-5-km\/","og_locale":"fr_FR","og_type":"article","og_title":"Domenica a Tisoi il Gos\u00e8r Trail, la corsa in montagna su due tracciati 14 e 5 Km - Bellunopress - Dolomiti","og_description":"Domenica 23 ottobre si corre il Gos\u00e8r Trail di Tisoi (Belluno), giunto quest&#8217;anno alla sua quarta edizione. Si tratta di un importante appuntamento sportivo per gli appassionati della corsa in montagna. Dopo un lungo periodo di &#8220;stop&#8221; dovuto all&#8217;emergenza sanitaria nazionale, tutto \u00e8 pronto in quel di Tisoi per il countdown che domenica mattina verr\u00e0 [&hellip;]","og_url":"https:\/\/www.bellunopress.it\/fr\/2022\/10\/20\/domenica-a-tisoi-il-goser-trail-la-corsa-in-montagna-su-due-tracciati-14-e-5-km\/","og_site_name":"Bellunopress - Dolomiti","article_publisher":"https:\/\/www.facebook.com\/profile.php?id=100008943462799","article_published_time":"2022-10-20T11:30:19+00:00","og_image":[{"width":1000,"height":667,"url":"https:\/\/www.bellunopress.it\/wp-content\/uploads\/2022\/10\/GoserTrail-Tisoi_edited.jpg","type":"image\/jpeg"}],"author":"redazione","twitter_card":"summary_large_image","twitter_creator":"@bellunopress","twitter_site":"@bellunopress","twitter_misc":{"\u00c9crit par":"redazione","Dur\u00e9e de lecture estim\u00e9e":"3 minutes"},"schema":{"@context":"https:\/\/schema.org","@graph":[{"@type":"Article","@id":"https:\/\/www.bellunopress.it\/2022\/10\/20\/domenica-a-tisoi-il-goser-trail-la-corsa-in-montagna-su-due-tracciati-14-e-5-km\/#article","isPartOf":{"@id":"https:\/\/www.bellunopress.it\/2022\/10\/20\/domenica-a-tisoi-il-goser-trail-la-corsa-in-montagna-su-due-tracciati-14-e-5-km\/"},"author":{"name":"redazione","@id":"https:\/\/www.bellunopress.it\/#\/schema\/person\/79bb06722b37ece1c03d3e94beb30d73"},"headline":"Domenica a Tisoi il Gos\u00e8r Trail, la corsa in montagna su due tracciati 14 e 5 Km","datePublished":"2022-10-20T11:30:19+00:00","mainEntityOfPage":{"@id":"https:\/\/www.bellunopress.it\/2022\/10\/20\/domenica-a-tisoi-il-goser-trail-la-corsa-in-montagna-su-due-tracciati-14-e-5-km\/"},"wordCount":374,"publisher":{"@id":"https:\/\/www.bellunopress.it\/#organization"},"image":{"@id":"https:\/\/www.bellunopress.it\/2022\/10\/20\/domenica-a-tisoi-il-goser-trail-la-corsa-in-montagna-su-due-tracciati-14-e-5-km\/#primaryimage"},"thumbnailUrl":"https:\/\/www.bellunopress.it\/wp-content\/uploads\/2022\/10\/GoserTrail-Tisoi_edited.jpg","articleSection":["Pausa Caff\u00e8","Sport, tempo libero"],"inLanguage":"fr-FR"},{"@type":"WebPage","@id":"https:\/\/www.bellunopress.it\/2022\/10\/20\/domenica-a-tisoi-il-goser-trail-la-corsa-in-montagna-su-due-tracciati-14-e-5-km\/","url":"https:\/\/www.bellunopress.it\/2022\/10\/20\/domenica-a-tisoi-il-goser-trail-la-corsa-in-montagna-su-due-tracciati-14-e-5-km\/","name":"Domenica a Tisoi il Gos\u00e8r Trail, la corsa in montagna su due tracciati 14 e 5 Km - Bellunopress - Dolomiti","isPartOf":{"@id":"https:\/\/www.bellunopress.it\/#website"},"primaryImageOfPage":{"@id":"https:\/\/www.bellunopress.it\/2022\/10\/20\/domenica-a-tisoi-il-goser-trail-la-corsa-in-montagna-su-due-tracciati-14-e-5-km\/#primaryimage"},"image":{"@id":"https:\/\/www.bellunopress.it\/2022\/10\/20\/domenica-a-tisoi-il-goser-trail-la-corsa-in-montagna-su-due-tracciati-14-e-5-km\/#primaryimage"},"thumbnailUrl":"https:\/\/www.bellunopress.it\/wp-content\/uploads\/2022\/10\/GoserTrail-Tisoi_edited.jpg","datePublished":"2022-10-20T11:30:19+00:00","breadcrumb":{"@id":"https:\/\/www.bellunopress.it\/2022\/10\/20\/domenica-a-tisoi-il-goser-trail-la-corsa-in-montagna-su-due-tracciati-14-e-5-km\/#breadcrumb"},"inLanguage":"fr-FR","potentialAction":[{"@type":"ReadAction","target":["https:\/\/www.bellunopress.it\/2022\/10\/20\/domenica-a-tisoi-il-goser-trail-la-corsa-in-montagna-su-due-tracciati-14-e-5-km\/"]}]},{"@type":"ImageObject","inLanguage":"fr-FR","@id":"https:\/\/www.bellunopress.it\/2022\/10\/20\/domenica-a-tisoi-il-goser-trail-la-corsa-in-montagna-su-due-tracciati-14-e-5-km\/#primaryimage","url":"https:\/\/www.bellunopress.it\/wp-content\/uploads\/2022\/10\/GoserTrail-Tisoi_edited.jpg","contentUrl":"https:\/\/www.bellunopress.it\/wp-content\/uploads\/2022\/10\/GoserTrail-Tisoi_edited.jpg","width":1000,"height":667},{"@type":"BreadcrumbList","@id":"https:\/\/www.bellunopress.it\/2022\/10\/20\/domenica-a-tisoi-il-goser-trail-la-corsa-in-montagna-su-due-tracciati-14-e-5-km\/#breadcrumb","itemListElement":[{"@type":"ListItem","position":1,"name":"Home","item":"https:\/\/www.bellunopress.it\/"},{"@type":"ListItem","position":2,"name":"Domenica a Tisoi il Gos\u00e8r Trail, la corsa in montagna su due tracciati 14 e 5 Km"}]},{"@type":"WebSite","@id":"https:\/\/www.bellunopress.it\/#website","url":"https:\/\/www.bellunopress.it\/","name":"Bellunopress - Dolomiti","description":"e-mail: redazione@bellunopress.it","publisher":{"@id":"https:\/\/www.bellunopress.it\/#organization"},"potentialAction":[{"@type":"SearchAction","target":{"@type":"EntryPoint","urlTemplate":"https:\/\/www.bellunopress.it\/?s={search_term_string}"},"query-input":{"@type":"PropertyValueSpecification","valueRequired":true,"valueName":"search_term_string"}}],"inLanguage":"fr-FR"},{"@type":"Organization","@id":"https:\/\/www.bellunopress.it\/#organization","name":"Bellunopress","url":"https:\/\/www.bellunopress.it\/","logo":{"@type":"ImageObject","inLanguage":"fr-FR","@id":"https:\/\/www.bellunopress.it\/#\/schema\/logo\/image\/","url":"https:\/\/www.bellunopress.it\/wp-content\/uploads\/2011\/05\/cropped-logo-bellunopress-.jpg","contentUrl":"https:\/\/www.bellunopress.it\/wp-content\/uploads\/2011\/05\/cropped-logo-bellunopress-.jpg","width":512,"height":512,"caption":"Bellunopress"},"image":{"@id":"https:\/\/www.bellunopress.it\/#\/schema\/logo\/image\/"},"sameAs":["https:\/\/www.facebook.com\/profile.php?id=100008943462799","https:\/\/x.com\/bellunopress","https:\/\/www.linkedin.com\/hp\/?dnr=JBzUWaJfMUw8vbXJJ2tVW5-I3jZKvC4wsoxE&amp;amp;amp;amp;amp;amp;trk=nav_responsive_tab_home","https:\/\/www.youtube.com\/channel\/UCxL0wu1uN0_3_7hGG0306cw"]},{"@type":"Person","@id":"https:\/\/www.bellunopress.it\/#\/schema\/person\/79bb06722b37ece1c03d3e94beb30d73","name":"r\u00e9daction","image":{"@type":"ImageObject","inLanguage":"fr-FR","@id":"https:\/\/secure.gravatar.com\/avatar\/37d968a2e67a6fd04c169c4bdef102d0bc5d31b2546345219e348575eb80e9a0?s=96&d=mm&r=g","url":"https:\/\/secure.gravatar.com\/avatar\/37d968a2e67a6fd04c169c4bdef102d0bc5d31b2546345219e348575eb80e9a0?s=96&d=mm&r=g","contentUrl":"https:\/\/secure.gravatar.com\/avatar\/37d968a2e67a6fd04c169c4bdef102d0bc5d31b2546345219e348575eb80e9a0?s=96&d=mm&r=g","caption":"redazione"},"sameAs":["http:\/\/www.bellunopress.it","https:\/\/x.com\/bellunopress"],"url":"https:\/\/www.bellunopress.it\/fr\/author\/redazione\/"}]}},"_links":{"self":[{"href":"https:\/\/www.bellunopress.it\/fr\/wp-json\/wp\/v2\/posts\/137104","targetHints":{"allow":["GET"]}}],"collection":[{"href":"https:\/\/www.bellunopress.it\/fr\/wp-json\/wp\/v2\/posts"}],"about":[{"href":"https:\/\/www.bellunopress.it\/fr\/wp-json\/wp\/v2\/types\/post"}],"author":[{"embeddable":true,"href":"https:\/\/www.bellunopress.it\/fr\/wp-json\/wp\/v2\/users\/2"}],"replies":[{"embeddable":true,"href":"https:\/\/www.bellunopress.it\/fr\/wp-json\/wp\/v2\/comments?post=137104"}],"version-history":[{"count":1,"href":"https:\/\/www.bellunopress.it\/fr\/wp-json\/wp\/v2\/posts\/137104\/revisions"}],"predecessor-version":[{"id":137106,"href":"https:\/\/www.bellunopress.it\/fr\/wp-json\/wp\/v2\/posts\/137104\/revisions\/137106"}],"wp:featuredmedia":[{"embeddable":true,"href":"https:\/\/www.bellunopress.it\/fr\/wp-json\/wp\/v2\/media\/137105"}],"wp:attachment":[{"href":"https:\/\/www.bellunopress.it\/fr\/wp-json\/wp\/v2\/media?parent=137104"}],"wp:term":[{"taxonomy":"category","embeddable":true,"href":"https:\/\/www.bellunopress.it\/fr\/wp-json\/wp\/v2\/categories?post=137104"},{"taxonomy":"post_tag","embeddable":true,"href":"https:\/\/www.bellunopress.it\/fr\/wp-json\/wp\/v2\/tags?post=137104"}],"curies":[{"name":"wp","href":"https:\/\/api.w.org\/{rel}","templated":true}]}}