{"id":137096,"date":"2022-10-20T11:28:21","date_gmt":"2022-10-20T09:28:21","guid":{"rendered":"https:\/\/www.bellunopress.it\/?p=137096"},"modified":"2022-10-19T20:43:23","modified_gmt":"2022-10-19T18:43:23","slug":"sabato-in-piazza-martiri-per-un-cessate-il-fuoco-in-ucraina","status":"publish","type":"post","link":"https:\/\/www.bellunopress.it\/fr\/2022\/10\/20\/sabato-in-piazza-martiri-per-un-cessate-il-fuoco-in-ucraina\/","title":{"rendered":"Sabato in piazza Martiri per un cessate il fuoco in Ucraina"},"content":{"rendered":"<p><img loading=\"lazy\" decoding=\"async\" class=\"alignleft size-full wp-image-137097\" src=\"https:\/\/www.bellunopress.it\/wp-content\/uploads\/2022\/10\/Spazio-alla-pace.jpg\" alt=\"\" width=\"707\" height=\"1000\" srcset=\"https:\/\/www.bellunopress.it\/wp-content\/uploads\/2022\/10\/Spazio-alla-pace.jpg 707w, https:\/\/www.bellunopress.it\/wp-content\/uploads\/2022\/10\/Spazio-alla-pace-354x500.jpg 354w, https:\/\/www.bellunopress.it\/wp-content\/uploads\/2022\/10\/Spazio-alla-pace-696x984.jpg 696w, https:\/\/www.bellunopress.it\/wp-content\/uploads\/2022\/10\/Spazio-alla-pace-297x420.jpg 297w\" sizes=\"auto, (max-width: 707px) 100vw, 707px\" \/>Sabato 22 ottobre dalle ore 10 alle ore 18 in piazza dei Martiri a Belluno ci sar\u00e0 un banchetto informativo e di scambio di idee, sull&#8217;attuale conflitto in Ucraina promosso dal Coordinamento provinciale Pace e Disarmo.<\/p>\n<p>Aderiscono all&#8217;iniziativa: Acli, ANPI, Casa dei Beni Comuni, CGIL, Spi-Cgil, Emergency, Movimento dei Focolari, Non una di meno, Samarcanda s.c.s. onlus.<\/p>\n<p>Sar\u00e0 l\u2019occasione per informare anche sulla manifestazione nazionale del prossimo 5 novembre a Roma, promossa da Europa For Peace e organizzata da Rete italiana Pace e Disarmo, insieme a tante altre realt\u00e0, che ha gi\u00e0 raccolto pi\u00f9 di 700 adesioni, per chiedere con forza il cessate il fuoco, l\u2019apertura di un negoziato e di una Conferenza internazionale di Pace.<\/p>\n<p>Dopo otto anni di conflitto nel Donbass e dopo otto mesi dall\u2019esecrabile invasione dell&#8217;Ucraina da parte della Russia, si manifestano distruzioni, morti e odio sempre maggiori. Siamo sempre pi\u00f9 convinti &#8211; si legge nella nota del Coordinamento provinciale pace e disarmo &#8211; che si debbano chiudere gli arsenali e aprire le stanze della diplomazia e del disarmo. La logica della sola contrapposizione armata tra le parti e con armi sempre pi\u00f9 potenti, dettata da una politica miope, ha provocato una escalation della guerra e crudelt\u00e0 sempre maggiori, con il rischio sempre pi\u00f9 alto che si possa arrivare all\u2019uso di armi nucleari.<br \/>\nIn uno scenario in cui la diplomazia sembra messa a tacere dai potenti &#8211; prosegue la nota &#8211; \u00e8 necessario che i popoli si facciano sentire e manifestino apertamente la voglia di pace e di dialogo.<br \/>\n\u00c8 per questo che, come Coordinamento provinciale Pace e Disarmo, desideriamo chiamare cittadine, cittadini, associazioni e organizzazioni ad un\u2019azione comune pacifica, nonviolenta per chiedere il cessate il fuoco immediato e l\u2019apertura di negoziati, insieme ad oltre 100 piazze di comuni italiani che hanno aderito all\u2019appello della Rete italiana Pace e Disarmo dal 21 al 23 ottobre.<\/p>\n<p>&nbsp;<\/p>","protected":false},"excerpt":{"rendered":"<p>Sabato 22 ottobre dalle ore 10 alle ore 18 in piazza dei Martiri a Belluno ci sar\u00e0 un banchetto informativo e di scambio di idee, sull&#8217;attuale conflitto in Ucraina promosso dal Coordinamento provinciale Pace e Disarmo. Aderiscono all&#8217;iniziativa: Acli, ANPI, Casa dei Beni Comuni, CGIL, Spi-Cgil, Emergency, Movimento dei Focolari, Non una di meno, Samarcanda [&hellip;]<\/p>\n","protected":false},"author":2,"featured_media":137097,"comment_status":"closed","ping_status":"open","sticky":false,"template":"","format":"standard","meta":{"footnotes":""},"categories":[8],"tags":[],"class_list":["post-137096","post","type-post","status-publish","format-standard","has-post-thumbnail","category-societa-istituzioni"],"yoast_head":"<!-- This site is optimized with the Yoast SEO plugin v28.4 - https:\/\/yoast.com\/product\/yoast-seo-wordpress\/ -->\n<title>Sabato in piazza Martiri per un cessate il fuoco in Ucraina - Bellunopress - Dolomiti<\/title>\n<meta name=\"robots\" content=\"index, follow, max-snippet:-1, max-image-preview:large, max-video-preview:-1\" \/>\n<link rel=\"canonical\" href=\"https:\/\/www.bellunopress.it\/fr\/2022\/10\/20\/sabato-in-piazza-martiri-per-un-cessate-il-fuoco-in-ucraina\/\" \/>\n<meta property=\"og:locale\" content=\"fr_FR\" \/>\n<meta property=\"og:type\" content=\"article\" \/>\n<meta property=\"og:title\" content=\"Sabato in piazza Martiri per un cessate il fuoco in Ucraina - Bellunopress - Dolomiti\" \/>\n<meta property=\"og:description\" content=\"Sabato 22 ottobre dalle ore 10 alle ore 18 in piazza dei Martiri a Belluno ci sar\u00e0 un banchetto informativo e di scambio di idee, sull&#8217;attuale conflitto in Ucraina promosso dal Coordinamento provinciale Pace e Disarmo. Aderiscono all&#8217;iniziativa: Acli, ANPI, Casa dei Beni Comuni, CGIL, Spi-Cgil, Emergency, Movimento dei Focolari, Non una di meno, Samarcanda [&hellip;]\" \/>\n<meta property=\"og:url\" content=\"https:\/\/www.bellunopress.it\/fr\/2022\/10\/20\/sabato-in-piazza-martiri-per-un-cessate-il-fuoco-in-ucraina\/\" \/>\n<meta property=\"og:site_name\" content=\"Bellunopress - Dolomiti\" \/>\n<meta property=\"article:publisher\" content=\"https:\/\/www.facebook.com\/profile.php?id=100008943462799\" \/>\n<meta property=\"article:published_time\" content=\"2022-10-20T09:28:21+00:00\" \/>\n<meta property=\"og:image\" content=\"https:\/\/www.bellunopress.it\/wp-content\/uploads\/2022\/10\/Spazio-alla-pace.jpg\" \/>\n\t<meta property=\"og:image:width\" content=\"707\" \/>\n\t<meta property=\"og:image:height\" content=\"1000\" \/>\n\t<meta property=\"og:image:type\" content=\"image\/jpeg\" \/>\n<meta name=\"author\" content=\"redazione\" \/>\n<meta name=\"twitter:card\" content=\"summary_large_image\" \/>\n<meta name=\"twitter:creator\" content=\"@bellunopress\" \/>\n<meta name=\"twitter:site\" content=\"@bellunopress\" \/>\n<meta name=\"twitter:label1\" content=\"\u00c9crit par\" \/>\n\t<meta name=\"twitter:data1\" content=\"redazione\" \/>\n\t<meta name=\"twitter:label2\" content=\"Dur\u00e9e de lecture estim\u00e9e\" \/>\n\t<meta name=\"twitter:data2\" content=\"2 minutes\" \/>\n<script type=\"application\/ld+json\" class=\"yoast-schema-graph\">{\"@context\":\"https:\\\/\\\/schema.org\",\"@graph\":[{\"@type\":\"Article\",\"@id\":\"https:\\\/\\\/www.bellunopress.it\\\/2022\\\/10\\\/20\\\/sabato-in-piazza-martiri-per-un-cessate-il-fuoco-in-ucraina\\\/#article\",\"isPartOf\":{\"@id\":\"https:\\\/\\\/www.bellunopress.it\\\/2022\\\/10\\\/20\\\/sabato-in-piazza-martiri-per-un-cessate-il-fuoco-in-ucraina\\\/\"},\"author\":{\"name\":\"redazione\",\"@id\":\"https:\\\/\\\/www.bellunopress.it\\\/#\\\/schema\\\/person\\\/79bb06722b37ece1c03d3e94beb30d73\"},\"headline\":\"Sabato in piazza Martiri per un cessate il fuoco in Ucraina\",\"datePublished\":\"2022-10-20T09:28:21+00:00\",\"mainEntityOfPage\":{\"@id\":\"https:\\\/\\\/www.bellunopress.it\\\/2022\\\/10\\\/20\\\/sabato-in-piazza-martiri-per-un-cessate-il-fuoco-in-ucraina\\\/\"},\"wordCount\":323,\"publisher\":{\"@id\":\"https:\\\/\\\/www.bellunopress.it\\\/#organization\"},\"image\":{\"@id\":\"https:\\\/\\\/www.bellunopress.it\\\/2022\\\/10\\\/20\\\/sabato-in-piazza-martiri-per-un-cessate-il-fuoco-in-ucraina\\\/#primaryimage\"},\"thumbnailUrl\":\"https:\\\/\\\/www.bellunopress.it\\\/wp-content\\\/uploads\\\/2022\\\/10\\\/Spazio-alla-pace.jpg\",\"articleSection\":[\"Societ\u00e0, Associazioni, Istituzioni\"],\"inLanguage\":\"fr-FR\"},{\"@type\":\"WebPage\",\"@id\":\"https:\\\/\\\/www.bellunopress.it\\\/2022\\\/10\\\/20\\\/sabato-in-piazza-martiri-per-un-cessate-il-fuoco-in-ucraina\\\/\",\"url\":\"https:\\\/\\\/www.bellunopress.it\\\/2022\\\/10\\\/20\\\/sabato-in-piazza-martiri-per-un-cessate-il-fuoco-in-ucraina\\\/\",\"name\":\"Sabato in piazza Martiri per un cessate il fuoco in Ucraina - Bellunopress - Dolomiti\",\"isPartOf\":{\"@id\":\"https:\\\/\\\/www.bellunopress.it\\\/#website\"},\"primaryImageOfPage\":{\"@id\":\"https:\\\/\\\/www.bellunopress.it\\\/2022\\\/10\\\/20\\\/sabato-in-piazza-martiri-per-un-cessate-il-fuoco-in-ucraina\\\/#primaryimage\"},\"image\":{\"@id\":\"https:\\\/\\\/www.bellunopress.it\\\/2022\\\/10\\\/20\\\/sabato-in-piazza-martiri-per-un-cessate-il-fuoco-in-ucraina\\\/#primaryimage\"},\"thumbnailUrl\":\"https:\\\/\\\/www.bellunopress.it\\\/wp-content\\\/uploads\\\/2022\\\/10\\\/Spazio-alla-pace.jpg\",\"datePublished\":\"2022-10-20T09:28:21+00:00\",\"breadcrumb\":{\"@id\":\"https:\\\/\\\/www.bellunopress.it\\\/2022\\\/10\\\/20\\\/sabato-in-piazza-martiri-per-un-cessate-il-fuoco-in-ucraina\\\/#breadcrumb\"},\"inLanguage\":\"fr-FR\",\"potentialAction\":[{\"@type\":\"ReadAction\",\"target\":[\"https:\\\/\\\/www.bellunopress.it\\\/2022\\\/10\\\/20\\\/sabato-in-piazza-martiri-per-un-cessate-il-fuoco-in-ucraina\\\/\"]}]},{\"@type\":\"ImageObject\",\"inLanguage\":\"fr-FR\",\"@id\":\"https:\\\/\\\/www.bellunopress.it\\\/2022\\\/10\\\/20\\\/sabato-in-piazza-martiri-per-un-cessate-il-fuoco-in-ucraina\\\/#primaryimage\",\"url\":\"https:\\\/\\\/www.bellunopress.it\\\/wp-content\\\/uploads\\\/2022\\\/10\\\/Spazio-alla-pace.jpg\",\"contentUrl\":\"https:\\\/\\\/www.bellunopress.it\\\/wp-content\\\/uploads\\\/2022\\\/10\\\/Spazio-alla-pace.jpg\",\"width\":707,\"height\":1000},{\"@type\":\"BreadcrumbList\",\"@id\":\"https:\\\/\\\/www.bellunopress.it\\\/2022\\\/10\\\/20\\\/sabato-in-piazza-martiri-per-un-cessate-il-fuoco-in-ucraina\\\/#breadcrumb\",\"itemListElement\":[{\"@type\":\"ListItem\",\"position\":1,\"name\":\"Home\",\"item\":\"https:\\\/\\\/www.bellunopress.it\\\/\"},{\"@type\":\"ListItem\",\"position\":2,\"name\":\"Sabato in piazza Martiri per un cessate il fuoco in Ucraina\"}]},{\"@type\":\"WebSite\",\"@id\":\"https:\\\/\\\/www.bellunopress.it\\\/#website\",\"url\":\"https:\\\/\\\/www.bellunopress.it\\\/\",\"name\":\"Bellunopress - Dolomiti\",\"description\":\"e-mail: redazione@bellunopress.it\",\"publisher\":{\"@id\":\"https:\\\/\\\/www.bellunopress.it\\\/#organization\"},\"potentialAction\":[{\"@type\":\"SearchAction\",\"target\":{\"@type\":\"EntryPoint\",\"urlTemplate\":\"https:\\\/\\\/www.bellunopress.it\\\/?s={search_term_string}\"},\"query-input\":{\"@type\":\"PropertyValueSpecification\",\"valueRequired\":true,\"valueName\":\"search_term_string\"}}],\"inLanguage\":\"fr-FR\"},{\"@type\":\"Organization\",\"@id\":\"https:\\\/\\\/www.bellunopress.it\\\/#organization\",\"name\":\"Bellunopress\",\"url\":\"https:\\\/\\\/www.bellunopress.it\\\/\",\"logo\":{\"@type\":\"ImageObject\",\"inLanguage\":\"fr-FR\",\"@id\":\"https:\\\/\\\/www.bellunopress.it\\\/#\\\/schema\\\/logo\\\/image\\\/\",\"url\":\"https:\\\/\\\/www.bellunopress.it\\\/wp-content\\\/uploads\\\/2011\\\/05\\\/cropped-logo-bellunopress-.jpg\",\"contentUrl\":\"https:\\\/\\\/www.bellunopress.it\\\/wp-content\\\/uploads\\\/2011\\\/05\\\/cropped-logo-bellunopress-.jpg\",\"width\":512,\"height\":512,\"caption\":\"Bellunopress\"},\"image\":{\"@id\":\"https:\\\/\\\/www.bellunopress.it\\\/#\\\/schema\\\/logo\\\/image\\\/\"},\"sameAs\":[\"https:\\\/\\\/www.facebook.com\\\/profile.php?id=100008943462799\",\"https:\\\/\\\/x.com\\\/bellunopress\",\"https:\\\/\\\/www.linkedin.com\\\/hp\\\/?dnr=JBzUWaJfMUw8vbXJJ2tVW5-I3jZKvC4wsoxE&amp;amp;amp;amp;amp;amp;trk=nav_responsive_tab_home\",\"https:\\\/\\\/www.youtube.com\\\/channel\\\/UCxL0wu1uN0_3_7hGG0306cw\"]},{\"@type\":\"Person\",\"@id\":\"https:\\\/\\\/www.bellunopress.it\\\/#\\\/schema\\\/person\\\/79bb06722b37ece1c03d3e94beb30d73\",\"name\":\"redazione\",\"image\":{\"@type\":\"ImageObject\",\"inLanguage\":\"fr-FR\",\"@id\":\"https:\\\/\\\/secure.gravatar.com\\\/avatar\\\/37d968a2e67a6fd04c169c4bdef102d0bc5d31b2546345219e348575eb80e9a0?s=96&d=mm&r=g\",\"url\":\"https:\\\/\\\/secure.gravatar.com\\\/avatar\\\/37d968a2e67a6fd04c169c4bdef102d0bc5d31b2546345219e348575eb80e9a0?s=96&d=mm&r=g\",\"contentUrl\":\"https:\\\/\\\/secure.gravatar.com\\\/avatar\\\/37d968a2e67a6fd04c169c4bdef102d0bc5d31b2546345219e348575eb80e9a0?s=96&d=mm&r=g\",\"caption\":\"redazione\"},\"sameAs\":[\"http:\\\/\\\/www.bellunopress.it\",\"https:\\\/\\\/x.com\\\/bellunopress\"],\"url\":\"https:\\\/\\\/www.bellunopress.it\\\/fr\\\/author\\\/redazione\\\/\"}]}<\/script>\n<!-- \/ Yoast SEO plugin. -->","yoast_head_json":{"title":"Sabato in piazza Martiri per un cessate il fuoco in Ucraina - Bellunopress - Dolomiti","robots":{"index":"index","follow":"follow","max-snippet":"max-snippet:-1","max-image-preview":"max-image-preview:large","max-video-preview":"max-video-preview:-1"},"canonical":"https:\/\/www.bellunopress.it\/fr\/2022\/10\/20\/sabato-in-piazza-martiri-per-un-cessate-il-fuoco-in-ucraina\/","og_locale":"fr_FR","og_type":"article","og_title":"Sabato in piazza Martiri per un cessate il fuoco in Ucraina - Bellunopress - Dolomiti","og_description":"Sabato 22 ottobre dalle ore 10 alle ore 18 in piazza dei Martiri a Belluno ci sar\u00e0 un banchetto informativo e di scambio di idee, sull&#8217;attuale conflitto in Ucraina promosso dal Coordinamento provinciale Pace e Disarmo. Aderiscono all&#8217;iniziativa: Acli, ANPI, Casa dei Beni Comuni, CGIL, Spi-Cgil, Emergency, Movimento dei Focolari, Non una di meno, Samarcanda [&hellip;]","og_url":"https:\/\/www.bellunopress.it\/fr\/2022\/10\/20\/sabato-in-piazza-martiri-per-un-cessate-il-fuoco-in-ucraina\/","og_site_name":"Bellunopress - Dolomiti","article_publisher":"https:\/\/www.facebook.com\/profile.php?id=100008943462799","article_published_time":"2022-10-20T09:28:21+00:00","og_image":[{"width":707,"height":1000,"url":"https:\/\/www.bellunopress.it\/wp-content\/uploads\/2022\/10\/Spazio-alla-pace.jpg","type":"image\/jpeg"}],"author":"redazione","twitter_card":"summary_large_image","twitter_creator":"@bellunopress","twitter_site":"@bellunopress","twitter_misc":{"\u00c9crit par":"redazione","Dur\u00e9e de lecture estim\u00e9e":"2 minutes"},"schema":{"@context":"https:\/\/schema.org","@graph":[{"@type":"Article","@id":"https:\/\/www.bellunopress.it\/2022\/10\/20\/sabato-in-piazza-martiri-per-un-cessate-il-fuoco-in-ucraina\/#article","isPartOf":{"@id":"https:\/\/www.bellunopress.it\/2022\/10\/20\/sabato-in-piazza-martiri-per-un-cessate-il-fuoco-in-ucraina\/"},"author":{"name":"redazione","@id":"https:\/\/www.bellunopress.it\/#\/schema\/person\/79bb06722b37ece1c03d3e94beb30d73"},"headline":"Sabato in piazza Martiri per un cessate il fuoco in Ucraina","datePublished":"2022-10-20T09:28:21+00:00","mainEntityOfPage":{"@id":"https:\/\/www.bellunopress.it\/2022\/10\/20\/sabato-in-piazza-martiri-per-un-cessate-il-fuoco-in-ucraina\/"},"wordCount":323,"publisher":{"@id":"https:\/\/www.bellunopress.it\/#organization"},"image":{"@id":"https:\/\/www.bellunopress.it\/2022\/10\/20\/sabato-in-piazza-martiri-per-un-cessate-il-fuoco-in-ucraina\/#primaryimage"},"thumbnailUrl":"https:\/\/www.bellunopress.it\/wp-content\/uploads\/2022\/10\/Spazio-alla-pace.jpg","articleSection":["Societ\u00e0, Associazioni, Istituzioni"],"inLanguage":"fr-FR"},{"@type":"WebPage","@id":"https:\/\/www.bellunopress.it\/2022\/10\/20\/sabato-in-piazza-martiri-per-un-cessate-il-fuoco-in-ucraina\/","url":"https:\/\/www.bellunopress.it\/2022\/10\/20\/sabato-in-piazza-martiri-per-un-cessate-il-fuoco-in-ucraina\/","name":"Sabato in piazza Martiri per un cessate il fuoco in Ucraina - Bellunopress - Dolomiti","isPartOf":{"@id":"https:\/\/www.bellunopress.it\/#website"},"primaryImageOfPage":{"@id":"https:\/\/www.bellunopress.it\/2022\/10\/20\/sabato-in-piazza-martiri-per-un-cessate-il-fuoco-in-ucraina\/#primaryimage"},"image":{"@id":"https:\/\/www.bellunopress.it\/2022\/10\/20\/sabato-in-piazza-martiri-per-un-cessate-il-fuoco-in-ucraina\/#primaryimage"},"thumbnailUrl":"https:\/\/www.bellunopress.it\/wp-content\/uploads\/2022\/10\/Spazio-alla-pace.jpg","datePublished":"2022-10-20T09:28:21+00:00","breadcrumb":{"@id":"https:\/\/www.bellunopress.it\/2022\/10\/20\/sabato-in-piazza-martiri-per-un-cessate-il-fuoco-in-ucraina\/#breadcrumb"},"inLanguage":"fr-FR","potentialAction":[{"@type":"ReadAction","target":["https:\/\/www.bellunopress.it\/2022\/10\/20\/sabato-in-piazza-martiri-per-un-cessate-il-fuoco-in-ucraina\/"]}]},{"@type":"ImageObject","inLanguage":"fr-FR","@id":"https:\/\/www.bellunopress.it\/2022\/10\/20\/sabato-in-piazza-martiri-per-un-cessate-il-fuoco-in-ucraina\/#primaryimage","url":"https:\/\/www.bellunopress.it\/wp-content\/uploads\/2022\/10\/Spazio-alla-pace.jpg","contentUrl":"https:\/\/www.bellunopress.it\/wp-content\/uploads\/2022\/10\/Spazio-alla-pace.jpg","width":707,"height":1000},{"@type":"BreadcrumbList","@id":"https:\/\/www.bellunopress.it\/2022\/10\/20\/sabato-in-piazza-martiri-per-un-cessate-il-fuoco-in-ucraina\/#breadcrumb","itemListElement":[{"@type":"ListItem","position":1,"name":"Home","item":"https:\/\/www.bellunopress.it\/"},{"@type":"ListItem","position":2,"name":"Sabato in piazza Martiri per un cessate il fuoco in Ucraina"}]},{"@type":"WebSite","@id":"https:\/\/www.bellunopress.it\/#website","url":"https:\/\/www.bellunopress.it\/","name":"Bellunopress - Dolomiti","description":"e-mail: redazione@bellunopress.it","publisher":{"@id":"https:\/\/www.bellunopress.it\/#organization"},"potentialAction":[{"@type":"SearchAction","target":{"@type":"EntryPoint","urlTemplate":"https:\/\/www.bellunopress.it\/?s={search_term_string}"},"query-input":{"@type":"PropertyValueSpecification","valueRequired":true,"valueName":"search_term_string"}}],"inLanguage":"fr-FR"},{"@type":"Organization","@id":"https:\/\/www.bellunopress.it\/#organization","name":"Bellunopress","url":"https:\/\/www.bellunopress.it\/","logo":{"@type":"ImageObject","inLanguage":"fr-FR","@id":"https:\/\/www.bellunopress.it\/#\/schema\/logo\/image\/","url":"https:\/\/www.bellunopress.it\/wp-content\/uploads\/2011\/05\/cropped-logo-bellunopress-.jpg","contentUrl":"https:\/\/www.bellunopress.it\/wp-content\/uploads\/2011\/05\/cropped-logo-bellunopress-.jpg","width":512,"height":512,"caption":"Bellunopress"},"image":{"@id":"https:\/\/www.bellunopress.it\/#\/schema\/logo\/image\/"},"sameAs":["https:\/\/www.facebook.com\/profile.php?id=100008943462799","https:\/\/x.com\/bellunopress","https:\/\/www.linkedin.com\/hp\/?dnr=JBzUWaJfMUw8vbXJJ2tVW5-I3jZKvC4wsoxE&amp;amp;amp;amp;amp;amp;trk=nav_responsive_tab_home","https:\/\/www.youtube.com\/channel\/UCxL0wu1uN0_3_7hGG0306cw"]},{"@type":"Person","@id":"https:\/\/www.bellunopress.it\/#\/schema\/person\/79bb06722b37ece1c03d3e94beb30d73","name":"r\u00e9daction","image":{"@type":"ImageObject","inLanguage":"fr-FR","@id":"https:\/\/secure.gravatar.com\/avatar\/37d968a2e67a6fd04c169c4bdef102d0bc5d31b2546345219e348575eb80e9a0?s=96&d=mm&r=g","url":"https:\/\/secure.gravatar.com\/avatar\/37d968a2e67a6fd04c169c4bdef102d0bc5d31b2546345219e348575eb80e9a0?s=96&d=mm&r=g","contentUrl":"https:\/\/secure.gravatar.com\/avatar\/37d968a2e67a6fd04c169c4bdef102d0bc5d31b2546345219e348575eb80e9a0?s=96&d=mm&r=g","caption":"redazione"},"sameAs":["http:\/\/www.bellunopress.it","https:\/\/x.com\/bellunopress"],"url":"https:\/\/www.bellunopress.it\/fr\/author\/redazione\/"}]}},"_links":{"self":[{"href":"https:\/\/www.bellunopress.it\/fr\/wp-json\/wp\/v2\/posts\/137096","targetHints":{"allow":["GET"]}}],"collection":[{"href":"https:\/\/www.bellunopress.it\/fr\/wp-json\/wp\/v2\/posts"}],"about":[{"href":"https:\/\/www.bellunopress.it\/fr\/wp-json\/wp\/v2\/types\/post"}],"author":[{"embeddable":true,"href":"https:\/\/www.bellunopress.it\/fr\/wp-json\/wp\/v2\/users\/2"}],"replies":[{"embeddable":true,"href":"https:\/\/www.bellunopress.it\/fr\/wp-json\/wp\/v2\/comments?post=137096"}],"version-history":[{"count":2,"href":"https:\/\/www.bellunopress.it\/fr\/wp-json\/wp\/v2\/posts\/137096\/revisions"}],"predecessor-version":[{"id":137099,"href":"https:\/\/www.bellunopress.it\/fr\/wp-json\/wp\/v2\/posts\/137096\/revisions\/137099"}],"wp:featuredmedia":[{"embeddable":true,"href":"https:\/\/www.bellunopress.it\/fr\/wp-json\/wp\/v2\/media\/137097"}],"wp:attachment":[{"href":"https:\/\/www.bellunopress.it\/fr\/wp-json\/wp\/v2\/media?parent=137096"}],"wp:term":[{"taxonomy":"category","embeddable":true,"href":"https:\/\/www.bellunopress.it\/fr\/wp-json\/wp\/v2\/categories?post=137096"},{"taxonomy":"post_tag","embeddable":true,"href":"https:\/\/www.bellunopress.it\/fr\/wp-json\/wp\/v2\/tags?post=137096"}],"curies":[{"name":"wp","href":"https:\/\/api.w.org\/{rel}","templated":true}]}}