{"id":137094,"date":"2022-10-19T15:14:58","date_gmt":"2022-10-19T13:14:58","guid":{"rendered":"https:\/\/www.bellunopress.it\/?p=137094"},"modified":"2022-10-19T19:17:50","modified_gmt":"2022-10-19T17:17:50","slug":"la-mongolfiera-di-giorgia-nuovo-bando-a-favore-dei-giovani-con-disabilita","status":"publish","type":"post","link":"https:\/\/www.bellunopress.it\/fr\/2022\/10\/19\/la-mongolfiera-di-giorgia-nuovo-bando-a-favore-dei-giovani-con-disabilita\/","title":{"rendered":"La mongolfiera di Giorgia. Nuovo bando a favore dei giovani con disabilit\u00e0"},"content":{"rendered":"<figure id=\"attachment_130859\" aria-describedby=\"caption-attachment-130859\" style=\"width: 763px\" class=\"wp-caption alignleft\"><img loading=\"lazy\" decoding=\"async\" class=\"size-full wp-image-130859\" src=\"https:\/\/www.bellunopress.it\/wp-content\/uploads\/2022\/01\/Giorgia-Praloran-Associazione-La-Mongolfiera-di-Giorgia.jpg\" alt=\"\" width=\"763\" height=\"1000\" srcset=\"https:\/\/www.bellunopress.it\/wp-content\/uploads\/2022\/01\/Giorgia-Praloran-Associazione-La-Mongolfiera-di-Giorgia.jpg 763w, https:\/\/www.bellunopress.it\/wp-content\/uploads\/2022\/01\/Giorgia-Praloran-Associazione-La-Mongolfiera-di-Giorgia-382x500.jpg 382w, https:\/\/www.bellunopress.it\/wp-content\/uploads\/2022\/01\/Giorgia-Praloran-Associazione-La-Mongolfiera-di-Giorgia-696x912.jpg 696w, https:\/\/www.bellunopress.it\/wp-content\/uploads\/2022\/01\/Giorgia-Praloran-Associazione-La-Mongolfiera-di-Giorgia-320x420.jpg 320w\" sizes=\"auto, (max-width: 763px) 100vw, 763px\" \/><figcaption id=\"caption-attachment-130859\" class=\"wp-caption-text\">Giorgia Praloran<\/figcaption><\/figure>\n<p>Ancora una bella azione, a favore di giovani con disabilit\u00e0, quella dell\u2019associazione \u201cLa mongolfiera di Giorgia\u201d.<br \/>\nL\u2019ultimo risultato \u00e8 stato il dono di un ciclo di sedute di fisioterapia a un giovane bellunese di 23 anni in condizioni di disabilit\u00e0 certificata, la cui candidatura entro i termini rispondeva ai requisiti del regolamento. Si tratta dell\u2019esito del bando straordinario &#8220;CroceBLu per Giorgia&#8221;, proposto durante l&#8217;estate in collaborazione con la Cooperativa Sociale CroceBLu. Purtroppo il secondo ciclo di sedute non \u00e8 stato aggiudicato perch\u00e9 \u00e8 pervenuta una sola domanda; l\u2019associazione ringrazia in ogni caso la Cooperativa per la disponibilit\u00e0.<\/p>\n<p>Non \u00e8 tutto. \u00c8 stato appena bandito un nuovo bando, lo scorso 10 ottobre, nel sesto anniversario dalla scomparsa della giovane Giorgia, le cui domande di contributo potranno essere presentate fino alla mezzanotte del 9 dicembre.<br \/>\n\u201cQuesta volta la somma stanziata \u00e8 di addirittura 8.000 euro e quindi c&#8217;\u00e8 margine per esaudire un bel po&#8217; di desideri che diano sollievo ai &#8220;nostri&#8221; ragazzi\u201d, spiega l\u2019associazione. \u201cOra siamo al lavoro per far arrivare la notizia a tutti i potenziali beneficiari: si tratta di ragazzi tra i 13 e i 24 anni, residenti in Veneto, con disabilit\u00e0 certificate, anche temporanee. L\u2019impegno sar\u00e0 massimo perch\u00e9 anche quest&#8217;anno vogliamo avere modo di offrire dei bei regali di Natale!\u201d.<\/p>\n<p>Sia il bando che il form per la domanda si trovano partendo dalla home page del sito <a href=\"http:\/\/www.lamongolfieradigiorgia.it\">www.lamongolfieradigiorgia.it<\/a>.<br \/>\nPer domande o chiarimenti \u00e8 possibile scrivere all\u2019e-mail lamongolfieradigiorgia@gmail.com oppure sar\u00e0 anche possibile passare a trovare lo staff presso il Parco Citt\u00e0 di Bologna di Belluno nel pomeriggio di sabato 22 ottobre, dove l\u2019associazione sar\u00e0 presente con uno stand ricco di gadget in occasione della \u201cBelluno School Run\u201d.<\/p>\n<p>&nbsp;<\/p>","protected":false},"excerpt":{"rendered":"<p>Ancora una bella azione, a favore di giovani con disabilit\u00e0, quella dell\u2019associazione \u201cLa mongolfiera di Giorgia\u201d. L\u2019ultimo risultato \u00e8 stato il dono di un ciclo di sedute di fisioterapia a un giovane bellunese di 23 anni in condizioni di disabilit\u00e0 certificata, la cui candidatura entro i termini rispondeva ai requisiti del regolamento. Si tratta dell\u2019esito [&hellip;]<\/p>\n","protected":false},"author":2,"featured_media":134706,"comment_status":"closed","ping_status":"open","sticky":false,"template":"","format":"standard","meta":{"footnotes":""},"categories":[8],"tags":[],"class_list":["post-137094","post","type-post","status-publish","format-standard","has-post-thumbnail","category-societa-istituzioni"],"yoast_head":"<!-- This site is optimized with the Yoast SEO plugin v28.4 - https:\/\/yoast.com\/product\/yoast-seo-wordpress\/ -->\n<title>La mongolfiera di Giorgia. Nuovo bando a favore dei giovani con disabilit\u00e0 - Bellunopress - Dolomiti<\/title>\n<meta name=\"robots\" content=\"index, follow, max-snippet:-1, max-image-preview:large, max-video-preview:-1\" \/>\n<link rel=\"canonical\" href=\"https:\/\/www.bellunopress.it\/fr\/2022\/10\/19\/la-mongolfiera-di-giorgia-nuovo-bando-a-favore-dei-giovani-con-disabilita\/\" \/>\n<meta property=\"og:locale\" content=\"fr_FR\" \/>\n<meta property=\"og:type\" content=\"article\" \/>\n<meta property=\"og:title\" content=\"La mongolfiera di Giorgia. Nuovo bando a favore dei giovani con disabilit\u00e0 - Bellunopress - Dolomiti\" \/>\n<meta property=\"og:description\" content=\"Ancora una bella azione, a favore di giovani con disabilit\u00e0, quella dell\u2019associazione \u201cLa mongolfiera di Giorgia\u201d. L\u2019ultimo risultato \u00e8 stato il dono di un ciclo di sedute di fisioterapia a un giovane bellunese di 23 anni in condizioni di disabilit\u00e0 certificata, la cui candidatura entro i termini rispondeva ai requisiti del regolamento. Si tratta dell\u2019esito [&hellip;]\" \/>\n<meta property=\"og:url\" content=\"https:\/\/www.bellunopress.it\/fr\/2022\/10\/19\/la-mongolfiera-di-giorgia-nuovo-bando-a-favore-dei-giovani-con-disabilita\/\" \/>\n<meta property=\"og:site_name\" content=\"Bellunopress - Dolomiti\" \/>\n<meta property=\"article:publisher\" content=\"https:\/\/www.facebook.com\/profile.php?id=100008943462799\" \/>\n<meta property=\"article:published_time\" content=\"2022-10-19T13:14:58+00:00\" \/>\n<meta property=\"article:modified_time\" content=\"2022-10-19T17:17:50+00:00\" \/>\n<meta property=\"og:image\" content=\"https:\/\/www.bellunopress.it\/wp-content\/uploads\/2022\/06\/La-mongolfiera-di-Giorgia.jpg\" \/>\n\t<meta property=\"og:image:width\" content=\"846\" \/>\n\t<meta property=\"og:image:height\" content=\"625\" \/>\n\t<meta property=\"og:image:type\" content=\"image\/jpeg\" \/>\n<meta name=\"author\" content=\"redazione\" \/>\n<meta name=\"twitter:card\" content=\"summary_large_image\" \/>\n<meta name=\"twitter:creator\" content=\"@bellunopress\" \/>\n<meta name=\"twitter:site\" content=\"@bellunopress\" \/>\n<meta name=\"twitter:label1\" content=\"\u00c9crit par\" \/>\n\t<meta name=\"twitter:data1\" content=\"redazione\" \/>\n\t<meta name=\"twitter:label2\" content=\"Dur\u00e9e de lecture estim\u00e9e\" \/>\n\t<meta name=\"twitter:data2\" content=\"2 minutes\" \/>\n<script type=\"application\/ld+json\" class=\"yoast-schema-graph\">{\"@context\":\"https:\\\/\\\/schema.org\",\"@graph\":[{\"@type\":\"Article\",\"@id\":\"https:\\\/\\\/www.bellunopress.it\\\/2022\\\/10\\\/19\\\/la-mongolfiera-di-giorgia-nuovo-bando-a-favore-dei-giovani-con-disabilita\\\/#article\",\"isPartOf\":{\"@id\":\"https:\\\/\\\/www.bellunopress.it\\\/2022\\\/10\\\/19\\\/la-mongolfiera-di-giorgia-nuovo-bando-a-favore-dei-giovani-con-disabilita\\\/\"},\"author\":{\"name\":\"redazione\",\"@id\":\"https:\\\/\\\/www.bellunopress.it\\\/#\\\/schema\\\/person\\\/79bb06722b37ece1c03d3e94beb30d73\"},\"headline\":\"La mongolfiera di Giorgia. Nuovo bando a favore dei giovani con disabilit\u00e0\",\"datePublished\":\"2022-10-19T13:14:58+00:00\",\"dateModified\":\"2022-10-19T17:17:50+00:00\",\"mainEntityOfPage\":{\"@id\":\"https:\\\/\\\/www.bellunopress.it\\\/2022\\\/10\\\/19\\\/la-mongolfiera-di-giorgia-nuovo-bando-a-favore-dei-giovani-con-disabilita\\\/\"},\"wordCount\":299,\"publisher\":{\"@id\":\"https:\\\/\\\/www.bellunopress.it\\\/#organization\"},\"image\":{\"@id\":\"https:\\\/\\\/www.bellunopress.it\\\/2022\\\/10\\\/19\\\/la-mongolfiera-di-giorgia-nuovo-bando-a-favore-dei-giovani-con-disabilita\\\/#primaryimage\"},\"thumbnailUrl\":\"https:\\\/\\\/www.bellunopress.it\\\/wp-content\\\/uploads\\\/2022\\\/06\\\/La-mongolfiera-di-Giorgia.jpg\",\"articleSection\":[\"Societ\u00e0, Associazioni, Istituzioni\"],\"inLanguage\":\"fr-FR\"},{\"@type\":\"WebPage\",\"@id\":\"https:\\\/\\\/www.bellunopress.it\\\/2022\\\/10\\\/19\\\/la-mongolfiera-di-giorgia-nuovo-bando-a-favore-dei-giovani-con-disabilita\\\/\",\"url\":\"https:\\\/\\\/www.bellunopress.it\\\/2022\\\/10\\\/19\\\/la-mongolfiera-di-giorgia-nuovo-bando-a-favore-dei-giovani-con-disabilita\\\/\",\"name\":\"La mongolfiera di Giorgia. Nuovo bando a favore dei giovani con disabilit\u00e0 - Bellunopress - Dolomiti\",\"isPartOf\":{\"@id\":\"https:\\\/\\\/www.bellunopress.it\\\/#website\"},\"primaryImageOfPage\":{\"@id\":\"https:\\\/\\\/www.bellunopress.it\\\/2022\\\/10\\\/19\\\/la-mongolfiera-di-giorgia-nuovo-bando-a-favore-dei-giovani-con-disabilita\\\/#primaryimage\"},\"image\":{\"@id\":\"https:\\\/\\\/www.bellunopress.it\\\/2022\\\/10\\\/19\\\/la-mongolfiera-di-giorgia-nuovo-bando-a-favore-dei-giovani-con-disabilita\\\/#primaryimage\"},\"thumbnailUrl\":\"https:\\\/\\\/www.bellunopress.it\\\/wp-content\\\/uploads\\\/2022\\\/06\\\/La-mongolfiera-di-Giorgia.jpg\",\"datePublished\":\"2022-10-19T13:14:58+00:00\",\"dateModified\":\"2022-10-19T17:17:50+00:00\",\"breadcrumb\":{\"@id\":\"https:\\\/\\\/www.bellunopress.it\\\/2022\\\/10\\\/19\\\/la-mongolfiera-di-giorgia-nuovo-bando-a-favore-dei-giovani-con-disabilita\\\/#breadcrumb\"},\"inLanguage\":\"fr-FR\",\"potentialAction\":[{\"@type\":\"ReadAction\",\"target\":[\"https:\\\/\\\/www.bellunopress.it\\\/2022\\\/10\\\/19\\\/la-mongolfiera-di-giorgia-nuovo-bando-a-favore-dei-giovani-con-disabilita\\\/\"]}]},{\"@type\":\"ImageObject\",\"inLanguage\":\"fr-FR\",\"@id\":\"https:\\\/\\\/www.bellunopress.it\\\/2022\\\/10\\\/19\\\/la-mongolfiera-di-giorgia-nuovo-bando-a-favore-dei-giovani-con-disabilita\\\/#primaryimage\",\"url\":\"https:\\\/\\\/www.bellunopress.it\\\/wp-content\\\/uploads\\\/2022\\\/06\\\/La-mongolfiera-di-Giorgia.jpg\",\"contentUrl\":\"https:\\\/\\\/www.bellunopress.it\\\/wp-content\\\/uploads\\\/2022\\\/06\\\/La-mongolfiera-di-Giorgia.jpg\",\"width\":846,\"height\":625},{\"@type\":\"BreadcrumbList\",\"@id\":\"https:\\\/\\\/www.bellunopress.it\\\/2022\\\/10\\\/19\\\/la-mongolfiera-di-giorgia-nuovo-bando-a-favore-dei-giovani-con-disabilita\\\/#breadcrumb\",\"itemListElement\":[{\"@type\":\"ListItem\",\"position\":1,\"name\":\"Home\",\"item\":\"https:\\\/\\\/www.bellunopress.it\\\/\"},{\"@type\":\"ListItem\",\"position\":2,\"name\":\"La mongolfiera di Giorgia. Nuovo bando a favore dei giovani con disabilit\u00e0\"}]},{\"@type\":\"WebSite\",\"@id\":\"https:\\\/\\\/www.bellunopress.it\\\/#website\",\"url\":\"https:\\\/\\\/www.bellunopress.it\\\/\",\"name\":\"Bellunopress - Dolomiti\",\"description\":\"e-mail: redazione@bellunopress.it\",\"publisher\":{\"@id\":\"https:\\\/\\\/www.bellunopress.it\\\/#organization\"},\"potentialAction\":[{\"@type\":\"SearchAction\",\"target\":{\"@type\":\"EntryPoint\",\"urlTemplate\":\"https:\\\/\\\/www.bellunopress.it\\\/?s={search_term_string}\"},\"query-input\":{\"@type\":\"PropertyValueSpecification\",\"valueRequired\":true,\"valueName\":\"search_term_string\"}}],\"inLanguage\":\"fr-FR\"},{\"@type\":\"Organization\",\"@id\":\"https:\\\/\\\/www.bellunopress.it\\\/#organization\",\"name\":\"Bellunopress\",\"url\":\"https:\\\/\\\/www.bellunopress.it\\\/\",\"logo\":{\"@type\":\"ImageObject\",\"inLanguage\":\"fr-FR\",\"@id\":\"https:\\\/\\\/www.bellunopress.it\\\/#\\\/schema\\\/logo\\\/image\\\/\",\"url\":\"https:\\\/\\\/www.bellunopress.it\\\/wp-content\\\/uploads\\\/2011\\\/05\\\/cropped-logo-bellunopress-.jpg\",\"contentUrl\":\"https:\\\/\\\/www.bellunopress.it\\\/wp-content\\\/uploads\\\/2011\\\/05\\\/cropped-logo-bellunopress-.jpg\",\"width\":512,\"height\":512,\"caption\":\"Bellunopress\"},\"image\":{\"@id\":\"https:\\\/\\\/www.bellunopress.it\\\/#\\\/schema\\\/logo\\\/image\\\/\"},\"sameAs\":[\"https:\\\/\\\/www.facebook.com\\\/profile.php?id=100008943462799\",\"https:\\\/\\\/x.com\\\/bellunopress\",\"https:\\\/\\\/www.linkedin.com\\\/hp\\\/?dnr=JBzUWaJfMUw8vbXJJ2tVW5-I3jZKvC4wsoxE&amp;amp;amp;amp;amp;amp;trk=nav_responsive_tab_home\",\"https:\\\/\\\/www.youtube.com\\\/channel\\\/UCxL0wu1uN0_3_7hGG0306cw\"]},{\"@type\":\"Person\",\"@id\":\"https:\\\/\\\/www.bellunopress.it\\\/#\\\/schema\\\/person\\\/79bb06722b37ece1c03d3e94beb30d73\",\"name\":\"redazione\",\"image\":{\"@type\":\"ImageObject\",\"inLanguage\":\"fr-FR\",\"@id\":\"https:\\\/\\\/secure.gravatar.com\\\/avatar\\\/37d968a2e67a6fd04c169c4bdef102d0bc5d31b2546345219e348575eb80e9a0?s=96&d=mm&r=g\",\"url\":\"https:\\\/\\\/secure.gravatar.com\\\/avatar\\\/37d968a2e67a6fd04c169c4bdef102d0bc5d31b2546345219e348575eb80e9a0?s=96&d=mm&r=g\",\"contentUrl\":\"https:\\\/\\\/secure.gravatar.com\\\/avatar\\\/37d968a2e67a6fd04c169c4bdef102d0bc5d31b2546345219e348575eb80e9a0?s=96&d=mm&r=g\",\"caption\":\"redazione\"},\"sameAs\":[\"http:\\\/\\\/www.bellunopress.it\",\"https:\\\/\\\/x.com\\\/bellunopress\"],\"url\":\"https:\\\/\\\/www.bellunopress.it\\\/fr\\\/author\\\/redazione\\\/\"}]}<\/script>\n<!-- \/ Yoast SEO plugin. -->","yoast_head_json":{"title":"La mongolfiera di Giorgia. Nuovo bando a favore dei giovani con disabilit\u00e0 - Bellunopress - Dolomiti","robots":{"index":"index","follow":"follow","max-snippet":"max-snippet:-1","max-image-preview":"max-image-preview:large","max-video-preview":"max-video-preview:-1"},"canonical":"https:\/\/www.bellunopress.it\/fr\/2022\/10\/19\/la-mongolfiera-di-giorgia-nuovo-bando-a-favore-dei-giovani-con-disabilita\/","og_locale":"fr_FR","og_type":"article","og_title":"La mongolfiera di Giorgia. Nuovo bando a favore dei giovani con disabilit\u00e0 - Bellunopress - Dolomiti","og_description":"Ancora una bella azione, a favore di giovani con disabilit\u00e0, quella dell\u2019associazione \u201cLa mongolfiera di Giorgia\u201d. L\u2019ultimo risultato \u00e8 stato il dono di un ciclo di sedute di fisioterapia a un giovane bellunese di 23 anni in condizioni di disabilit\u00e0 certificata, la cui candidatura entro i termini rispondeva ai requisiti del regolamento. Si tratta dell\u2019esito [&hellip;]","og_url":"https:\/\/www.bellunopress.it\/fr\/2022\/10\/19\/la-mongolfiera-di-giorgia-nuovo-bando-a-favore-dei-giovani-con-disabilita\/","og_site_name":"Bellunopress - Dolomiti","article_publisher":"https:\/\/www.facebook.com\/profile.php?id=100008943462799","article_published_time":"2022-10-19T13:14:58+00:00","article_modified_time":"2022-10-19T17:17:50+00:00","og_image":[{"width":846,"height":625,"url":"https:\/\/www.bellunopress.it\/wp-content\/uploads\/2022\/06\/La-mongolfiera-di-Giorgia.jpg","type":"image\/jpeg"}],"author":"redazione","twitter_card":"summary_large_image","twitter_creator":"@bellunopress","twitter_site":"@bellunopress","twitter_misc":{"\u00c9crit par":"redazione","Dur\u00e9e de lecture estim\u00e9e":"2 minutes"},"schema":{"@context":"https:\/\/schema.org","@graph":[{"@type":"Article","@id":"https:\/\/www.bellunopress.it\/2022\/10\/19\/la-mongolfiera-di-giorgia-nuovo-bando-a-favore-dei-giovani-con-disabilita\/#article","isPartOf":{"@id":"https:\/\/www.bellunopress.it\/2022\/10\/19\/la-mongolfiera-di-giorgia-nuovo-bando-a-favore-dei-giovani-con-disabilita\/"},"author":{"name":"redazione","@id":"https:\/\/www.bellunopress.it\/#\/schema\/person\/79bb06722b37ece1c03d3e94beb30d73"},"headline":"La mongolfiera di Giorgia. Nuovo bando a favore dei giovani con disabilit\u00e0","datePublished":"2022-10-19T13:14:58+00:00","dateModified":"2022-10-19T17:17:50+00:00","mainEntityOfPage":{"@id":"https:\/\/www.bellunopress.it\/2022\/10\/19\/la-mongolfiera-di-giorgia-nuovo-bando-a-favore-dei-giovani-con-disabilita\/"},"wordCount":299,"publisher":{"@id":"https:\/\/www.bellunopress.it\/#organization"},"image":{"@id":"https:\/\/www.bellunopress.it\/2022\/10\/19\/la-mongolfiera-di-giorgia-nuovo-bando-a-favore-dei-giovani-con-disabilita\/#primaryimage"},"thumbnailUrl":"https:\/\/www.bellunopress.it\/wp-content\/uploads\/2022\/06\/La-mongolfiera-di-Giorgia.jpg","articleSection":["Societ\u00e0, Associazioni, Istituzioni"],"inLanguage":"fr-FR"},{"@type":"WebPage","@id":"https:\/\/www.bellunopress.it\/2022\/10\/19\/la-mongolfiera-di-giorgia-nuovo-bando-a-favore-dei-giovani-con-disabilita\/","url":"https:\/\/www.bellunopress.it\/2022\/10\/19\/la-mongolfiera-di-giorgia-nuovo-bando-a-favore-dei-giovani-con-disabilita\/","name":"La mongolfiera di Giorgia. Nuovo bando a favore dei giovani con disabilit\u00e0 - Bellunopress - Dolomiti","isPartOf":{"@id":"https:\/\/www.bellunopress.it\/#website"},"primaryImageOfPage":{"@id":"https:\/\/www.bellunopress.it\/2022\/10\/19\/la-mongolfiera-di-giorgia-nuovo-bando-a-favore-dei-giovani-con-disabilita\/#primaryimage"},"image":{"@id":"https:\/\/www.bellunopress.it\/2022\/10\/19\/la-mongolfiera-di-giorgia-nuovo-bando-a-favore-dei-giovani-con-disabilita\/#primaryimage"},"thumbnailUrl":"https:\/\/www.bellunopress.it\/wp-content\/uploads\/2022\/06\/La-mongolfiera-di-Giorgia.jpg","datePublished":"2022-10-19T13:14:58+00:00","dateModified":"2022-10-19T17:17:50+00:00","breadcrumb":{"@id":"https:\/\/www.bellunopress.it\/2022\/10\/19\/la-mongolfiera-di-giorgia-nuovo-bando-a-favore-dei-giovani-con-disabilita\/#breadcrumb"},"inLanguage":"fr-FR","potentialAction":[{"@type":"ReadAction","target":["https:\/\/www.bellunopress.it\/2022\/10\/19\/la-mongolfiera-di-giorgia-nuovo-bando-a-favore-dei-giovani-con-disabilita\/"]}]},{"@type":"ImageObject","inLanguage":"fr-FR","@id":"https:\/\/www.bellunopress.it\/2022\/10\/19\/la-mongolfiera-di-giorgia-nuovo-bando-a-favore-dei-giovani-con-disabilita\/#primaryimage","url":"https:\/\/www.bellunopress.it\/wp-content\/uploads\/2022\/06\/La-mongolfiera-di-Giorgia.jpg","contentUrl":"https:\/\/www.bellunopress.it\/wp-content\/uploads\/2022\/06\/La-mongolfiera-di-Giorgia.jpg","width":846,"height":625},{"@type":"BreadcrumbList","@id":"https:\/\/www.bellunopress.it\/2022\/10\/19\/la-mongolfiera-di-giorgia-nuovo-bando-a-favore-dei-giovani-con-disabilita\/#breadcrumb","itemListElement":[{"@type":"ListItem","position":1,"name":"Home","item":"https:\/\/www.bellunopress.it\/"},{"@type":"ListItem","position":2,"name":"La mongolfiera di Giorgia. Nuovo bando a favore dei giovani con disabilit\u00e0"}]},{"@type":"WebSite","@id":"https:\/\/www.bellunopress.it\/#website","url":"https:\/\/www.bellunopress.it\/","name":"Bellunopress - Dolomiti","description":"e-mail: redazione@bellunopress.it","publisher":{"@id":"https:\/\/www.bellunopress.it\/#organization"},"potentialAction":[{"@type":"SearchAction","target":{"@type":"EntryPoint","urlTemplate":"https:\/\/www.bellunopress.it\/?s={search_term_string}"},"query-input":{"@type":"PropertyValueSpecification","valueRequired":true,"valueName":"search_term_string"}}],"inLanguage":"fr-FR"},{"@type":"Organization","@id":"https:\/\/www.bellunopress.it\/#organization","name":"Bellunopress","url":"https:\/\/www.bellunopress.it\/","logo":{"@type":"ImageObject","inLanguage":"fr-FR","@id":"https:\/\/www.bellunopress.it\/#\/schema\/logo\/image\/","url":"https:\/\/www.bellunopress.it\/wp-content\/uploads\/2011\/05\/cropped-logo-bellunopress-.jpg","contentUrl":"https:\/\/www.bellunopress.it\/wp-content\/uploads\/2011\/05\/cropped-logo-bellunopress-.jpg","width":512,"height":512,"caption":"Bellunopress"},"image":{"@id":"https:\/\/www.bellunopress.it\/#\/schema\/logo\/image\/"},"sameAs":["https:\/\/www.facebook.com\/profile.php?id=100008943462799","https:\/\/x.com\/bellunopress","https:\/\/www.linkedin.com\/hp\/?dnr=JBzUWaJfMUw8vbXJJ2tVW5-I3jZKvC4wsoxE&amp;amp;amp;amp;amp;amp;trk=nav_responsive_tab_home","https:\/\/www.youtube.com\/channel\/UCxL0wu1uN0_3_7hGG0306cw"]},{"@type":"Person","@id":"https:\/\/www.bellunopress.it\/#\/schema\/person\/79bb06722b37ece1c03d3e94beb30d73","name":"r\u00e9daction","image":{"@type":"ImageObject","inLanguage":"fr-FR","@id":"https:\/\/secure.gravatar.com\/avatar\/37d968a2e67a6fd04c169c4bdef102d0bc5d31b2546345219e348575eb80e9a0?s=96&d=mm&r=g","url":"https:\/\/secure.gravatar.com\/avatar\/37d968a2e67a6fd04c169c4bdef102d0bc5d31b2546345219e348575eb80e9a0?s=96&d=mm&r=g","contentUrl":"https:\/\/secure.gravatar.com\/avatar\/37d968a2e67a6fd04c169c4bdef102d0bc5d31b2546345219e348575eb80e9a0?s=96&d=mm&r=g","caption":"redazione"},"sameAs":["http:\/\/www.bellunopress.it","https:\/\/x.com\/bellunopress"],"url":"https:\/\/www.bellunopress.it\/fr\/author\/redazione\/"}]}},"_links":{"self":[{"href":"https:\/\/www.bellunopress.it\/fr\/wp-json\/wp\/v2\/posts\/137094","targetHints":{"allow":["GET"]}}],"collection":[{"href":"https:\/\/www.bellunopress.it\/fr\/wp-json\/wp\/v2\/posts"}],"about":[{"href":"https:\/\/www.bellunopress.it\/fr\/wp-json\/wp\/v2\/types\/post"}],"author":[{"embeddable":true,"href":"https:\/\/www.bellunopress.it\/fr\/wp-json\/wp\/v2\/users\/2"}],"replies":[{"embeddable":true,"href":"https:\/\/www.bellunopress.it\/fr\/wp-json\/wp\/v2\/comments?post=137094"}],"version-history":[{"count":1,"href":"https:\/\/www.bellunopress.it\/fr\/wp-json\/wp\/v2\/posts\/137094\/revisions"}],"predecessor-version":[{"id":137095,"href":"https:\/\/www.bellunopress.it\/fr\/wp-json\/wp\/v2\/posts\/137094\/revisions\/137095"}],"wp:featuredmedia":[{"embeddable":true,"href":"https:\/\/www.bellunopress.it\/fr\/wp-json\/wp\/v2\/media\/134706"}],"wp:attachment":[{"href":"https:\/\/www.bellunopress.it\/fr\/wp-json\/wp\/v2\/media?parent=137094"}],"wp:term":[{"taxonomy":"category","embeddable":true,"href":"https:\/\/www.bellunopress.it\/fr\/wp-json\/wp\/v2\/categories?post=137094"},{"taxonomy":"post_tag","embeddable":true,"href":"https:\/\/www.bellunopress.it\/fr\/wp-json\/wp\/v2\/tags?post=137094"}],"curies":[{"name":"wp","href":"https:\/\/api.w.org\/{rel}","templated":true}]}}