{"id":137088,"date":"2022-10-19T16:14:42","date_gmt":"2022-10-19T14:14:42","guid":{"rendered":"https:\/\/www.bellunopress.it\/?p=137088"},"modified":"2022-10-19T16:15:13","modified_gmt":"2022-10-19T14:15:13","slug":"apre-il-convitto-femminile-allistituto-agrario-di-vellai","status":"publish","type":"post","link":"https:\/\/www.bellunopress.it\/fr\/2022\/10\/19\/apre-il-convitto-femminile-allistituto-agrario-di-vellai\/","title":{"rendered":"Apre il convitto femminile all&#8217;istituto agrario di Vellai"},"content":{"rendered":"<p><em><strong>Flavia Monego: \u00abFinalmente posto fine a un problema di discriminazione di genere\u00bb<\/strong><\/em><\/p>\n<p><img loading=\"lazy\" decoding=\"async\" class=\"alignleft size-full wp-image-137089\" src=\"https:\/\/www.bellunopress.it\/wp-content\/uploads\/2022\/10\/Convitto-Feltre-Vellai_edited.jpg\" alt=\"\" width=\"1000\" height=\"637\" srcset=\"https:\/\/www.bellunopress.it\/wp-content\/uploads\/2022\/10\/Convitto-Feltre-Vellai_edited.jpg 1000w, https:\/\/www.bellunopress.it\/wp-content\/uploads\/2022\/10\/Convitto-Feltre-Vellai_edited-500x319.jpg 500w, https:\/\/www.bellunopress.it\/wp-content\/uploads\/2022\/10\/Convitto-Feltre-Vellai_edited-696x443.jpg 696w, https:\/\/www.bellunopress.it\/wp-content\/uploads\/2022\/10\/Convitto-Feltre-Vellai_edited-659x420.jpg 659w\" sizes=\"auto, (max-width: 1000px) 100vw, 1000px\" \/>\u00c8 partito ufficialmente sabato scorso (15 ottobre) il convitto femminile all&#8217;istituto agrario di Vellai (Feltre). Le ragazze ospitate &#8211; una ventina &#8211; hanno potuto usufruire del servizio gi\u00e0 nelle prime settimane di scuola, ma la novit\u00e0 \u00e8 stata presentata alle famiglie durante una breve cerimonia inaugurale, a cui ha partecipato anche la consigliera provinciale di parit\u00e0 Flavia Monego.<\/p>\n<p>Era stata proprio la consigliera di parit\u00e0 a sollevare il problema dell&#8217;assenza di un convitto femminile nella scuola di Vellai, che da anni ospita diversi alunni maschi provenienti anche da fuori provincia. Al contrario, le ragazze che frequentano l&#8217;istituto, sempre pi\u00f9 numerose, erano costrette a trovare ospitalit\u00e0 in famiglia o nelle strutture ricettive del territorio. Per questo, \u00e8 stata trovata una soluzione, grazie al lavoro di squadra tra Provincia, consigliera di parit\u00e0 e dirigenza scolastica. Durante l&#8217;estate la Provincia ha realizzato lavori di recupero di un&#8217;ala della scuola, ricavando le stanze per ospitare una ventina di ragazze, con nuovi bagni e arredi.<\/p>\n<p>\u00abFinalmente si \u00e8 posto fine a un problema di discriminazione di genere e si \u00e8 dato un servizio in pi\u00f9 a una scuola in crescita, rinomata anche fuori provincia\u00bb il commento della consigliera di parit\u00e0 Flavia Monego, che durante la cerimonia di sabato ha raccolto i pareri estremamente positivi delle famiglie delle ragazze ospitate nel nuovo convitto. \u00abMi ha fatto molto piacere sentire i genitori delle convittrici sollevati nel sapere che le loro figlie hanno trovato una sistemazione consona e accogliente. E anche vedere il grande lavoro svolto dagli educatori del convitto. Ringrazio la Provincia per aver collaborato attivamente alla soluzione del problema e la mia collega consigliera regionale di parit\u00e0. Da Vellai dobbiamo ripartire: questo \u00e8 un esempio lampante di come il lavoro di squadra sia fondamentale per intervenire sulle problematiche di parit\u00e0 di genere. Con la Provincia di Belluno continuer\u00e0 la sinergia per chiedere al ministero dell&#8217;istruzione una deroga ai numeri minimi per istituire i servizi convittuali: la montagna non pu\u00f2 avere le stesse regole della pianura\u00bb.<\/p>","protected":false},"excerpt":{"rendered":"<p>Flavia Monego: \u00abFinalmente posto fine a un problema di discriminazione di genere\u00bb \u00c8 partito ufficialmente sabato scorso (15 ottobre) il convitto femminile all&#8217;istituto agrario di Vellai (Feltre). Le ragazze ospitate &#8211; una ventina &#8211; hanno potuto usufruire del servizio gi\u00e0 nelle prime settimane di scuola, ma la novit\u00e0 \u00e8 stata presentata alle famiglie durante una [&hellip;]<\/p>\n","protected":false},"author":2,"featured_media":137089,"comment_status":"closed","ping_status":"open","sticky":false,"template":"","format":"standard","meta":{"footnotes":""},"categories":[26,15],"tags":[],"class_list":["post-137088","post","type-post","status-publish","format-standard","has-post-thumbnail","category-prima-pagina","category-scuola"],"yoast_head":"<!-- This site is optimized with the Yoast SEO plugin v28.4 - https:\/\/yoast.com\/product\/yoast-seo-wordpress\/ -->\n<title>Apre il convitto femminile all&#039;istituto agrario di Vellai - Bellunopress - Dolomiti<\/title>\n<meta name=\"robots\" content=\"index, follow, max-snippet:-1, max-image-preview:large, max-video-preview:-1\" \/>\n<link rel=\"canonical\" href=\"https:\/\/www.bellunopress.it\/fr\/2022\/10\/19\/apre-il-convitto-femminile-allistituto-agrario-di-vellai\/\" \/>\n<meta property=\"og:locale\" content=\"fr_FR\" \/>\n<meta property=\"og:type\" content=\"article\" \/>\n<meta property=\"og:title\" content=\"Apre il convitto femminile all&#039;istituto agrario di Vellai - Bellunopress - Dolomiti\" \/>\n<meta property=\"og:description\" content=\"Flavia Monego: \u00abFinalmente posto fine a un problema di discriminazione di genere\u00bb \u00c8 partito ufficialmente sabato scorso (15 ottobre) il convitto femminile all&#8217;istituto agrario di Vellai (Feltre). Le ragazze ospitate &#8211; una ventina &#8211; hanno potuto usufruire del servizio gi\u00e0 nelle prime settimane di scuola, ma la novit\u00e0 \u00e8 stata presentata alle famiglie durante una [&hellip;]\" \/>\n<meta property=\"og:url\" content=\"https:\/\/www.bellunopress.it\/fr\/2022\/10\/19\/apre-il-convitto-femminile-allistituto-agrario-di-vellai\/\" \/>\n<meta property=\"og:site_name\" content=\"Bellunopress - Dolomiti\" \/>\n<meta property=\"article:publisher\" content=\"https:\/\/www.facebook.com\/profile.php?id=100008943462799\" \/>\n<meta property=\"article:published_time\" content=\"2022-10-19T14:14:42+00:00\" \/>\n<meta property=\"article:modified_time\" content=\"2022-10-19T14:15:13+00:00\" \/>\n<meta property=\"og:image\" content=\"https:\/\/www.bellunopress.it\/wp-content\/uploads\/2022\/10\/Convitto-Feltre-Vellai_edited.jpg\" \/>\n\t<meta property=\"og:image:width\" content=\"1000\" \/>\n\t<meta property=\"og:image:height\" content=\"637\" \/>\n\t<meta property=\"og:image:type\" content=\"image\/jpeg\" \/>\n<meta name=\"author\" content=\"redazione\" \/>\n<meta name=\"twitter:card\" content=\"summary_large_image\" \/>\n<meta name=\"twitter:creator\" content=\"@bellunopress\" \/>\n<meta name=\"twitter:site\" content=\"@bellunopress\" \/>\n<meta name=\"twitter:label1\" content=\"\u00c9crit par\" \/>\n\t<meta name=\"twitter:data1\" content=\"redazione\" \/>\n\t<meta name=\"twitter:label2\" content=\"Dur\u00e9e de lecture estim\u00e9e\" \/>\n\t<meta name=\"twitter:data2\" content=\"3 minutes\" \/>\n<script type=\"application\/ld+json\" class=\"yoast-schema-graph\">{\"@context\":\"https:\\\/\\\/schema.org\",\"@graph\":[{\"@type\":\"Article\",\"@id\":\"https:\\\/\\\/www.bellunopress.it\\\/2022\\\/10\\\/19\\\/apre-il-convitto-femminile-allistituto-agrario-di-vellai\\\/#article\",\"isPartOf\":{\"@id\":\"https:\\\/\\\/www.bellunopress.it\\\/2022\\\/10\\\/19\\\/apre-il-convitto-femminile-allistituto-agrario-di-vellai\\\/\"},\"author\":{\"name\":\"redazione\",\"@id\":\"https:\\\/\\\/www.bellunopress.it\\\/#\\\/schema\\\/person\\\/79bb06722b37ece1c03d3e94beb30d73\"},\"headline\":\"Apre il convitto femminile all&#8217;istituto agrario di Vellai\",\"datePublished\":\"2022-10-19T14:14:42+00:00\",\"dateModified\":\"2022-10-19T14:15:13+00:00\",\"mainEntityOfPage\":{\"@id\":\"https:\\\/\\\/www.bellunopress.it\\\/2022\\\/10\\\/19\\\/apre-il-convitto-femminile-allistituto-agrario-di-vellai\\\/\"},\"wordCount\":349,\"publisher\":{\"@id\":\"https:\\\/\\\/www.bellunopress.it\\\/#organization\"},\"image\":{\"@id\":\"https:\\\/\\\/www.bellunopress.it\\\/2022\\\/10\\\/19\\\/apre-il-convitto-femminile-allistituto-agrario-di-vellai\\\/#primaryimage\"},\"thumbnailUrl\":\"https:\\\/\\\/www.bellunopress.it\\\/wp-content\\\/uploads\\\/2022\\\/10\\\/Convitto-Feltre-Vellai_edited.jpg\",\"articleSection\":[\"Prima Pagina\",\"Scuola\"],\"inLanguage\":\"fr-FR\"},{\"@type\":\"WebPage\",\"@id\":\"https:\\\/\\\/www.bellunopress.it\\\/2022\\\/10\\\/19\\\/apre-il-convitto-femminile-allistituto-agrario-di-vellai\\\/\",\"url\":\"https:\\\/\\\/www.bellunopress.it\\\/2022\\\/10\\\/19\\\/apre-il-convitto-femminile-allistituto-agrario-di-vellai\\\/\",\"name\":\"Apre il convitto femminile all'istituto agrario di Vellai - Bellunopress - Dolomiti\",\"isPartOf\":{\"@id\":\"https:\\\/\\\/www.bellunopress.it\\\/#website\"},\"primaryImageOfPage\":{\"@id\":\"https:\\\/\\\/www.bellunopress.it\\\/2022\\\/10\\\/19\\\/apre-il-convitto-femminile-allistituto-agrario-di-vellai\\\/#primaryimage\"},\"image\":{\"@id\":\"https:\\\/\\\/www.bellunopress.it\\\/2022\\\/10\\\/19\\\/apre-il-convitto-femminile-allistituto-agrario-di-vellai\\\/#primaryimage\"},\"thumbnailUrl\":\"https:\\\/\\\/www.bellunopress.it\\\/wp-content\\\/uploads\\\/2022\\\/10\\\/Convitto-Feltre-Vellai_edited.jpg\",\"datePublished\":\"2022-10-19T14:14:42+00:00\",\"dateModified\":\"2022-10-19T14:15:13+00:00\",\"breadcrumb\":{\"@id\":\"https:\\\/\\\/www.bellunopress.it\\\/2022\\\/10\\\/19\\\/apre-il-convitto-femminile-allistituto-agrario-di-vellai\\\/#breadcrumb\"},\"inLanguage\":\"fr-FR\",\"potentialAction\":[{\"@type\":\"ReadAction\",\"target\":[\"https:\\\/\\\/www.bellunopress.it\\\/2022\\\/10\\\/19\\\/apre-il-convitto-femminile-allistituto-agrario-di-vellai\\\/\"]}]},{\"@type\":\"ImageObject\",\"inLanguage\":\"fr-FR\",\"@id\":\"https:\\\/\\\/www.bellunopress.it\\\/2022\\\/10\\\/19\\\/apre-il-convitto-femminile-allistituto-agrario-di-vellai\\\/#primaryimage\",\"url\":\"https:\\\/\\\/www.bellunopress.it\\\/wp-content\\\/uploads\\\/2022\\\/10\\\/Convitto-Feltre-Vellai_edited.jpg\",\"contentUrl\":\"https:\\\/\\\/www.bellunopress.it\\\/wp-content\\\/uploads\\\/2022\\\/10\\\/Convitto-Feltre-Vellai_edited.jpg\",\"width\":1000,\"height\":637},{\"@type\":\"BreadcrumbList\",\"@id\":\"https:\\\/\\\/www.bellunopress.it\\\/2022\\\/10\\\/19\\\/apre-il-convitto-femminile-allistituto-agrario-di-vellai\\\/#breadcrumb\",\"itemListElement\":[{\"@type\":\"ListItem\",\"position\":1,\"name\":\"Home\",\"item\":\"https:\\\/\\\/www.bellunopress.it\\\/\"},{\"@type\":\"ListItem\",\"position\":2,\"name\":\"Apre il convitto femminile all&#8217;istituto agrario di Vellai\"}]},{\"@type\":\"WebSite\",\"@id\":\"https:\\\/\\\/www.bellunopress.it\\\/#website\",\"url\":\"https:\\\/\\\/www.bellunopress.it\\\/\",\"name\":\"Bellunopress - Dolomiti\",\"description\":\"e-mail: redazione@bellunopress.it\",\"publisher\":{\"@id\":\"https:\\\/\\\/www.bellunopress.it\\\/#organization\"},\"potentialAction\":[{\"@type\":\"SearchAction\",\"target\":{\"@type\":\"EntryPoint\",\"urlTemplate\":\"https:\\\/\\\/www.bellunopress.it\\\/?s={search_term_string}\"},\"query-input\":{\"@type\":\"PropertyValueSpecification\",\"valueRequired\":true,\"valueName\":\"search_term_string\"}}],\"inLanguage\":\"fr-FR\"},{\"@type\":\"Organization\",\"@id\":\"https:\\\/\\\/www.bellunopress.it\\\/#organization\",\"name\":\"Bellunopress\",\"url\":\"https:\\\/\\\/www.bellunopress.it\\\/\",\"logo\":{\"@type\":\"ImageObject\",\"inLanguage\":\"fr-FR\",\"@id\":\"https:\\\/\\\/www.bellunopress.it\\\/#\\\/schema\\\/logo\\\/image\\\/\",\"url\":\"https:\\\/\\\/www.bellunopress.it\\\/wp-content\\\/uploads\\\/2011\\\/05\\\/cropped-logo-bellunopress-.jpg\",\"contentUrl\":\"https:\\\/\\\/www.bellunopress.it\\\/wp-content\\\/uploads\\\/2011\\\/05\\\/cropped-logo-bellunopress-.jpg\",\"width\":512,\"height\":512,\"caption\":\"Bellunopress\"},\"image\":{\"@id\":\"https:\\\/\\\/www.bellunopress.it\\\/#\\\/schema\\\/logo\\\/image\\\/\"},\"sameAs\":[\"https:\\\/\\\/www.facebook.com\\\/profile.php?id=100008943462799\",\"https:\\\/\\\/x.com\\\/bellunopress\",\"https:\\\/\\\/www.linkedin.com\\\/hp\\\/?dnr=JBzUWaJfMUw8vbXJJ2tVW5-I3jZKvC4wsoxE&amp;amp;amp;amp;amp;amp;trk=nav_responsive_tab_home\",\"https:\\\/\\\/www.youtube.com\\\/channel\\\/UCxL0wu1uN0_3_7hGG0306cw\"]},{\"@type\":\"Person\",\"@id\":\"https:\\\/\\\/www.bellunopress.it\\\/#\\\/schema\\\/person\\\/79bb06722b37ece1c03d3e94beb30d73\",\"name\":\"redazione\",\"image\":{\"@type\":\"ImageObject\",\"inLanguage\":\"fr-FR\",\"@id\":\"https:\\\/\\\/secure.gravatar.com\\\/avatar\\\/37d968a2e67a6fd04c169c4bdef102d0bc5d31b2546345219e348575eb80e9a0?s=96&d=mm&r=g\",\"url\":\"https:\\\/\\\/secure.gravatar.com\\\/avatar\\\/37d968a2e67a6fd04c169c4bdef102d0bc5d31b2546345219e348575eb80e9a0?s=96&d=mm&r=g\",\"contentUrl\":\"https:\\\/\\\/secure.gravatar.com\\\/avatar\\\/37d968a2e67a6fd04c169c4bdef102d0bc5d31b2546345219e348575eb80e9a0?s=96&d=mm&r=g\",\"caption\":\"redazione\"},\"sameAs\":[\"http:\\\/\\\/www.bellunopress.it\",\"https:\\\/\\\/x.com\\\/bellunopress\"],\"url\":\"https:\\\/\\\/www.bellunopress.it\\\/fr\\\/author\\\/redazione\\\/\"}]}<\/script>\n<!-- \/ Yoast SEO plugin. -->","yoast_head_json":{"title":"Apre il convitto femminile all'istituto agrario di Vellai - Bellunopress - Dolomiti","robots":{"index":"index","follow":"follow","max-snippet":"max-snippet:-1","max-image-preview":"max-image-preview:large","max-video-preview":"max-video-preview:-1"},"canonical":"https:\/\/www.bellunopress.it\/fr\/2022\/10\/19\/apre-il-convitto-femminile-allistituto-agrario-di-vellai\/","og_locale":"fr_FR","og_type":"article","og_title":"Apre il convitto femminile all'istituto agrario di Vellai - Bellunopress - Dolomiti","og_description":"Flavia Monego: \u00abFinalmente posto fine a un problema di discriminazione di genere\u00bb \u00c8 partito ufficialmente sabato scorso (15 ottobre) il convitto femminile all&#8217;istituto agrario di Vellai (Feltre). Le ragazze ospitate &#8211; una ventina &#8211; hanno potuto usufruire del servizio gi\u00e0 nelle prime settimane di scuola, ma la novit\u00e0 \u00e8 stata presentata alle famiglie durante una [&hellip;]","og_url":"https:\/\/www.bellunopress.it\/fr\/2022\/10\/19\/apre-il-convitto-femminile-allistituto-agrario-di-vellai\/","og_site_name":"Bellunopress - Dolomiti","article_publisher":"https:\/\/www.facebook.com\/profile.php?id=100008943462799","article_published_time":"2022-10-19T14:14:42+00:00","article_modified_time":"2022-10-19T14:15:13+00:00","og_image":[{"width":1000,"height":637,"url":"https:\/\/www.bellunopress.it\/wp-content\/uploads\/2022\/10\/Convitto-Feltre-Vellai_edited.jpg","type":"image\/jpeg"}],"author":"redazione","twitter_card":"summary_large_image","twitter_creator":"@bellunopress","twitter_site":"@bellunopress","twitter_misc":{"\u00c9crit par":"redazione","Dur\u00e9e de lecture estim\u00e9e":"3 minutes"},"schema":{"@context":"https:\/\/schema.org","@graph":[{"@type":"Article","@id":"https:\/\/www.bellunopress.it\/2022\/10\/19\/apre-il-convitto-femminile-allistituto-agrario-di-vellai\/#article","isPartOf":{"@id":"https:\/\/www.bellunopress.it\/2022\/10\/19\/apre-il-convitto-femminile-allistituto-agrario-di-vellai\/"},"author":{"name":"redazione","@id":"https:\/\/www.bellunopress.it\/#\/schema\/person\/79bb06722b37ece1c03d3e94beb30d73"},"headline":"Apre il convitto femminile all&#8217;istituto agrario di Vellai","datePublished":"2022-10-19T14:14:42+00:00","dateModified":"2022-10-19T14:15:13+00:00","mainEntityOfPage":{"@id":"https:\/\/www.bellunopress.it\/2022\/10\/19\/apre-il-convitto-femminile-allistituto-agrario-di-vellai\/"},"wordCount":349,"publisher":{"@id":"https:\/\/www.bellunopress.it\/#organization"},"image":{"@id":"https:\/\/www.bellunopress.it\/2022\/10\/19\/apre-il-convitto-femminile-allistituto-agrario-di-vellai\/#primaryimage"},"thumbnailUrl":"https:\/\/www.bellunopress.it\/wp-content\/uploads\/2022\/10\/Convitto-Feltre-Vellai_edited.jpg","articleSection":["Prima Pagina","Scuola"],"inLanguage":"fr-FR"},{"@type":"WebPage","@id":"https:\/\/www.bellunopress.it\/2022\/10\/19\/apre-il-convitto-femminile-allistituto-agrario-di-vellai\/","url":"https:\/\/www.bellunopress.it\/2022\/10\/19\/apre-il-convitto-femminile-allistituto-agrario-di-vellai\/","name":"Apre il convitto femminile all'istituto agrario di Vellai - Bellunopress - Dolomiti","isPartOf":{"@id":"https:\/\/www.bellunopress.it\/#website"},"primaryImageOfPage":{"@id":"https:\/\/www.bellunopress.it\/2022\/10\/19\/apre-il-convitto-femminile-allistituto-agrario-di-vellai\/#primaryimage"},"image":{"@id":"https:\/\/www.bellunopress.it\/2022\/10\/19\/apre-il-convitto-femminile-allistituto-agrario-di-vellai\/#primaryimage"},"thumbnailUrl":"https:\/\/www.bellunopress.it\/wp-content\/uploads\/2022\/10\/Convitto-Feltre-Vellai_edited.jpg","datePublished":"2022-10-19T14:14:42+00:00","dateModified":"2022-10-19T14:15:13+00:00","breadcrumb":{"@id":"https:\/\/www.bellunopress.it\/2022\/10\/19\/apre-il-convitto-femminile-allistituto-agrario-di-vellai\/#breadcrumb"},"inLanguage":"fr-FR","potentialAction":[{"@type":"ReadAction","target":["https:\/\/www.bellunopress.it\/2022\/10\/19\/apre-il-convitto-femminile-allistituto-agrario-di-vellai\/"]}]},{"@type":"ImageObject","inLanguage":"fr-FR","@id":"https:\/\/www.bellunopress.it\/2022\/10\/19\/apre-il-convitto-femminile-allistituto-agrario-di-vellai\/#primaryimage","url":"https:\/\/www.bellunopress.it\/wp-content\/uploads\/2022\/10\/Convitto-Feltre-Vellai_edited.jpg","contentUrl":"https:\/\/www.bellunopress.it\/wp-content\/uploads\/2022\/10\/Convitto-Feltre-Vellai_edited.jpg","width":1000,"height":637},{"@type":"BreadcrumbList","@id":"https:\/\/www.bellunopress.it\/2022\/10\/19\/apre-il-convitto-femminile-allistituto-agrario-di-vellai\/#breadcrumb","itemListElement":[{"@type":"ListItem","position":1,"name":"Home","item":"https:\/\/www.bellunopress.it\/"},{"@type":"ListItem","position":2,"name":"Apre il convitto femminile all&#8217;istituto agrario di Vellai"}]},{"@type":"WebSite","@id":"https:\/\/www.bellunopress.it\/#website","url":"https:\/\/www.bellunopress.it\/","name":"Bellunopress - Dolomiti","description":"e-mail: redazione@bellunopress.it","publisher":{"@id":"https:\/\/www.bellunopress.it\/#organization"},"potentialAction":[{"@type":"SearchAction","target":{"@type":"EntryPoint","urlTemplate":"https:\/\/www.bellunopress.it\/?s={search_term_string}"},"query-input":{"@type":"PropertyValueSpecification","valueRequired":true,"valueName":"search_term_string"}}],"inLanguage":"fr-FR"},{"@type":"Organization","@id":"https:\/\/www.bellunopress.it\/#organization","name":"Bellunopress","url":"https:\/\/www.bellunopress.it\/","logo":{"@type":"ImageObject","inLanguage":"fr-FR","@id":"https:\/\/www.bellunopress.it\/#\/schema\/logo\/image\/","url":"https:\/\/www.bellunopress.it\/wp-content\/uploads\/2011\/05\/cropped-logo-bellunopress-.jpg","contentUrl":"https:\/\/www.bellunopress.it\/wp-content\/uploads\/2011\/05\/cropped-logo-bellunopress-.jpg","width":512,"height":512,"caption":"Bellunopress"},"image":{"@id":"https:\/\/www.bellunopress.it\/#\/schema\/logo\/image\/"},"sameAs":["https:\/\/www.facebook.com\/profile.php?id=100008943462799","https:\/\/x.com\/bellunopress","https:\/\/www.linkedin.com\/hp\/?dnr=JBzUWaJfMUw8vbXJJ2tVW5-I3jZKvC4wsoxE&amp;amp;amp;amp;amp;amp;trk=nav_responsive_tab_home","https:\/\/www.youtube.com\/channel\/UCxL0wu1uN0_3_7hGG0306cw"]},{"@type":"Person","@id":"https:\/\/www.bellunopress.it\/#\/schema\/person\/79bb06722b37ece1c03d3e94beb30d73","name":"r\u00e9daction","image":{"@type":"ImageObject","inLanguage":"fr-FR","@id":"https:\/\/secure.gravatar.com\/avatar\/37d968a2e67a6fd04c169c4bdef102d0bc5d31b2546345219e348575eb80e9a0?s=96&d=mm&r=g","url":"https:\/\/secure.gravatar.com\/avatar\/37d968a2e67a6fd04c169c4bdef102d0bc5d31b2546345219e348575eb80e9a0?s=96&d=mm&r=g","contentUrl":"https:\/\/secure.gravatar.com\/avatar\/37d968a2e67a6fd04c169c4bdef102d0bc5d31b2546345219e348575eb80e9a0?s=96&d=mm&r=g","caption":"redazione"},"sameAs":["http:\/\/www.bellunopress.it","https:\/\/x.com\/bellunopress"],"url":"https:\/\/www.bellunopress.it\/fr\/author\/redazione\/"}]}},"_links":{"self":[{"href":"https:\/\/www.bellunopress.it\/fr\/wp-json\/wp\/v2\/posts\/137088","targetHints":{"allow":["GET"]}}],"collection":[{"href":"https:\/\/www.bellunopress.it\/fr\/wp-json\/wp\/v2\/posts"}],"about":[{"href":"https:\/\/www.bellunopress.it\/fr\/wp-json\/wp\/v2\/types\/post"}],"author":[{"embeddable":true,"href":"https:\/\/www.bellunopress.it\/fr\/wp-json\/wp\/v2\/users\/2"}],"replies":[{"embeddable":true,"href":"https:\/\/www.bellunopress.it\/fr\/wp-json\/wp\/v2\/comments?post=137088"}],"version-history":[{"count":2,"href":"https:\/\/www.bellunopress.it\/fr\/wp-json\/wp\/v2\/posts\/137088\/revisions"}],"predecessor-version":[{"id":137091,"href":"https:\/\/www.bellunopress.it\/fr\/wp-json\/wp\/v2\/posts\/137088\/revisions\/137091"}],"wp:featuredmedia":[{"embeddable":true,"href":"https:\/\/www.bellunopress.it\/fr\/wp-json\/wp\/v2\/media\/137089"}],"wp:attachment":[{"href":"https:\/\/www.bellunopress.it\/fr\/wp-json\/wp\/v2\/media?parent=137088"}],"wp:term":[{"taxonomy":"category","embeddable":true,"href":"https:\/\/www.bellunopress.it\/fr\/wp-json\/wp\/v2\/categories?post=137088"},{"taxonomy":"post_tag","embeddable":true,"href":"https:\/\/www.bellunopress.it\/fr\/wp-json\/wp\/v2\/tags?post=137088"}],"curies":[{"name":"wp","href":"https:\/\/api.w.org\/{rel}","templated":true}]}}