{"id":137085,"date":"2022-10-19T15:55:32","date_gmt":"2022-10-19T13:55:32","guid":{"rendered":"https:\/\/www.bellunopress.it\/?p=137085"},"modified":"2022-10-19T15:55:32","modified_gmt":"2022-10-19T13:55:32","slug":"nuovi-cartelli-in-nevegal","status":"publish","type":"post","link":"https:\/\/www.bellunopress.it\/fr\/2022\/10\/19\/nuovi-cartelli-in-nevegal\/","title":{"rendered":"Nuovi cartelli in Nevegal"},"content":{"rendered":"<p><img loading=\"lazy\" decoding=\"async\" class=\"alignleft size-full wp-image-137086\" src=\"https:\/\/www.bellunopress.it\/wp-content\/uploads\/2022\/10\/nuovi-cartelli-Nevegal_edited.jpg\" alt=\"\" width=\"1000\" height=\"874\" srcset=\"https:\/\/www.bellunopress.it\/wp-content\/uploads\/2022\/10\/nuovi-cartelli-Nevegal_edited.jpg 1000w, https:\/\/www.bellunopress.it\/wp-content\/uploads\/2022\/10\/nuovi-cartelli-Nevegal_edited-500x437.jpg 500w, https:\/\/www.bellunopress.it\/wp-content\/uploads\/2022\/10\/nuovi-cartelli-Nevegal_edited-696x608.jpg 696w, https:\/\/www.bellunopress.it\/wp-content\/uploads\/2022\/10\/nuovi-cartelli-Nevegal_edited-481x420.jpg 481w\" sizes=\"auto, (max-width: 1000px) 100vw, 1000px\" \/>Belluno, 19 ottobre 2022 &#8211; Posati i nuovi cartelli tematici in Nevegal. Ora restano da sostituire quelli danneggiati.<\/p>\n<p>Da qualche giorno sul Colle ci sono 4 nuovi percorsi segnalati con l\u2019apposita cartellonistica e dedicati rispettivamente a Natura, Bosco, Famiglia e Paesaggio. Una ventina di punti informativi, utili per segnalare il percorso e fornire indicazioni relative alla localit\u00e0, alla flora e alla fauna.<\/p>\n<p>\u201cSi tratta di un\u2019iniziativa dalla passata amministrazione \u2013 spiega il sindaco, Oscar De Pellegrin -, l\u2019abbiamo semplicemente portata a termine facendo posare la cartellonistica che era stata fatta realizzare. Ora proseguiremo la manutenzione della sentieristica intervenendo sui cartelli gi\u00e0 posati, quelli dei tracciati storici e ben noti del Colle, perch\u00e9 purtroppo continuano a verificarsi danneggiamenti. Ringrazio il consigliere Massimo Garzotto per aver seguito l\u2019iter e essere andato di persona ad affiggere le tabelle alle bacheche e ringrazio la ditta Parente di Castion per la disponibilit\u00e0 e la cura con cui ha svolto il lavoro\u201d.<\/p>\n<p>I percorsi tematici, ideati dalla scorsa amministrazione, sono quattro e portano l\u2019escursionista ad esplorare i versanti del Colle noti e meno noti. Il Natura parte dal piazzale e, passando per Vallavia, sbuca in Faverghera. Il Bosco parte dal piazzale zona bassa e, compiendo un tragitto ad anello, porta alla Grava, quindi a Costa Legner per scendere verso Valbruna e tornare al parcheggio passando per Col Canil. Il Famiglia invita a imboccare la stradina della forestale poco sotto la Casera per poi salire fino a Malga Toront. Il Paesaggio, infine, parte dalla Casera e porta fino alla penultima cresta del Visentin. A segnalarli ci sono ora 20 cartelli affissi alla loro pensilina in legno.<\/p>\n<p>Il prossimo passaggio sar\u00e0 la sostituzione di oltre una ventina di cartelli danneggiati lungo gli altri sentieri. \u201cDispiace dover spendere soldi pubblici per sostituire una segnaletica posata appena un anno fa \u2013 conclude il sindaco -, ma pi\u00f9 che la spesa in s\u00e9 ad amareggiare \u00e8 il gesto di incivilt\u00e0\u201d.<\/p>\n<p>&nbsp;<\/p>","protected":false},"excerpt":{"rendered":"<p>Belluno, 19 ottobre 2022 &#8211; Posati i nuovi cartelli tematici in Nevegal. Ora restano da sostituire quelli danneggiati. Da qualche giorno sul Colle ci sono 4 nuovi percorsi segnalati con l\u2019apposita cartellonistica e dedicati rispettivamente a Natura, Bosco, Famiglia e Paesaggio. Una ventina di punti informativi, utili per segnalare il percorso e fornire indicazioni relative [&hellip;]<\/p>\n","protected":false},"author":2,"featured_media":137086,"comment_status":"closed","ping_status":"open","sticky":false,"template":"","format":"standard","meta":{"footnotes":""},"categories":[36,26],"tags":[],"class_list":["post-137085","post","type-post","status-publish","format-standard","has-post-thumbnail","category-lavoro-economia","category-prima-pagina"],"yoast_head":"<!-- This site is optimized with the Yoast SEO plugin v28.4 - https:\/\/yoast.com\/product\/yoast-seo-wordpress\/ -->\n<title>Nuovi cartelli in Nevegal - Bellunopress - Dolomiti<\/title>\n<meta name=\"robots\" content=\"index, follow, max-snippet:-1, max-image-preview:large, max-video-preview:-1\" \/>\n<link rel=\"canonical\" href=\"https:\/\/www.bellunopress.it\/fr\/2022\/10\/19\/nuovi-cartelli-in-nevegal\/\" \/>\n<meta property=\"og:locale\" content=\"fr_FR\" \/>\n<meta property=\"og:type\" content=\"article\" \/>\n<meta property=\"og:title\" content=\"Nuovi cartelli in Nevegal - Bellunopress - Dolomiti\" \/>\n<meta property=\"og:description\" content=\"Belluno, 19 ottobre 2022 &#8211; Posati i nuovi cartelli tematici in Nevegal. Ora restano da sostituire quelli danneggiati. Da qualche giorno sul Colle ci sono 4 nuovi percorsi segnalati con l\u2019apposita cartellonistica e dedicati rispettivamente a Natura, Bosco, Famiglia e Paesaggio. Una ventina di punti informativi, utili per segnalare il percorso e fornire indicazioni relative [&hellip;]\" \/>\n<meta property=\"og:url\" content=\"https:\/\/www.bellunopress.it\/fr\/2022\/10\/19\/nuovi-cartelli-in-nevegal\/\" \/>\n<meta property=\"og:site_name\" content=\"Bellunopress - Dolomiti\" \/>\n<meta property=\"article:publisher\" content=\"https:\/\/www.facebook.com\/profile.php?id=100008943462799\" \/>\n<meta property=\"article:published_time\" content=\"2022-10-19T13:55:32+00:00\" \/>\n<meta property=\"og:image\" content=\"https:\/\/www.bellunopress.it\/wp-content\/uploads\/2022\/10\/nuovi-cartelli-Nevegal_edited.jpg\" \/>\n\t<meta property=\"og:image:width\" content=\"1000\" \/>\n\t<meta property=\"og:image:height\" content=\"874\" \/>\n\t<meta property=\"og:image:type\" content=\"image\/jpeg\" \/>\n<meta name=\"author\" content=\"redazione\" \/>\n<meta name=\"twitter:card\" content=\"summary_large_image\" \/>\n<meta name=\"twitter:creator\" content=\"@bellunopress\" \/>\n<meta name=\"twitter:site\" content=\"@bellunopress\" \/>\n<meta name=\"twitter:label1\" content=\"\u00c9crit par\" \/>\n\t<meta name=\"twitter:data1\" content=\"redazione\" \/>\n\t<meta name=\"twitter:label2\" content=\"Dur\u00e9e de lecture estim\u00e9e\" \/>\n\t<meta name=\"twitter:data2\" content=\"2 minutes\" \/>\n<script type=\"application\/ld+json\" class=\"yoast-schema-graph\">{\"@context\":\"https:\\\/\\\/schema.org\",\"@graph\":[{\"@type\":\"Article\",\"@id\":\"https:\\\/\\\/www.bellunopress.it\\\/2022\\\/10\\\/19\\\/nuovi-cartelli-in-nevegal\\\/#article\",\"isPartOf\":{\"@id\":\"https:\\\/\\\/www.bellunopress.it\\\/2022\\\/10\\\/19\\\/nuovi-cartelli-in-nevegal\\\/\"},\"author\":{\"name\":\"redazione\",\"@id\":\"https:\\\/\\\/www.bellunopress.it\\\/#\\\/schema\\\/person\\\/79bb06722b37ece1c03d3e94beb30d73\"},\"headline\":\"Nuovi cartelli in Nevegal\",\"datePublished\":\"2022-10-19T13:55:32+00:00\",\"mainEntityOfPage\":{\"@id\":\"https:\\\/\\\/www.bellunopress.it\\\/2022\\\/10\\\/19\\\/nuovi-cartelli-in-nevegal\\\/\"},\"wordCount\":322,\"publisher\":{\"@id\":\"https:\\\/\\\/www.bellunopress.it\\\/#organization\"},\"image\":{\"@id\":\"https:\\\/\\\/www.bellunopress.it\\\/2022\\\/10\\\/19\\\/nuovi-cartelli-in-nevegal\\\/#primaryimage\"},\"thumbnailUrl\":\"https:\\\/\\\/www.bellunopress.it\\\/wp-content\\\/uploads\\\/2022\\\/10\\\/nuovi-cartelli-Nevegal_edited.jpg\",\"articleSection\":[\"Lavoro, Economia, Turismo\",\"Prima Pagina\"],\"inLanguage\":\"fr-FR\"},{\"@type\":\"WebPage\",\"@id\":\"https:\\\/\\\/www.bellunopress.it\\\/2022\\\/10\\\/19\\\/nuovi-cartelli-in-nevegal\\\/\",\"url\":\"https:\\\/\\\/www.bellunopress.it\\\/2022\\\/10\\\/19\\\/nuovi-cartelli-in-nevegal\\\/\",\"name\":\"Nuovi cartelli in Nevegal - Bellunopress - Dolomiti\",\"isPartOf\":{\"@id\":\"https:\\\/\\\/www.bellunopress.it\\\/#website\"},\"primaryImageOfPage\":{\"@id\":\"https:\\\/\\\/www.bellunopress.it\\\/2022\\\/10\\\/19\\\/nuovi-cartelli-in-nevegal\\\/#primaryimage\"},\"image\":{\"@id\":\"https:\\\/\\\/www.bellunopress.it\\\/2022\\\/10\\\/19\\\/nuovi-cartelli-in-nevegal\\\/#primaryimage\"},\"thumbnailUrl\":\"https:\\\/\\\/www.bellunopress.it\\\/wp-content\\\/uploads\\\/2022\\\/10\\\/nuovi-cartelli-Nevegal_edited.jpg\",\"datePublished\":\"2022-10-19T13:55:32+00:00\",\"breadcrumb\":{\"@id\":\"https:\\\/\\\/www.bellunopress.it\\\/2022\\\/10\\\/19\\\/nuovi-cartelli-in-nevegal\\\/#breadcrumb\"},\"inLanguage\":\"fr-FR\",\"potentialAction\":[{\"@type\":\"ReadAction\",\"target\":[\"https:\\\/\\\/www.bellunopress.it\\\/2022\\\/10\\\/19\\\/nuovi-cartelli-in-nevegal\\\/\"]}]},{\"@type\":\"ImageObject\",\"inLanguage\":\"fr-FR\",\"@id\":\"https:\\\/\\\/www.bellunopress.it\\\/2022\\\/10\\\/19\\\/nuovi-cartelli-in-nevegal\\\/#primaryimage\",\"url\":\"https:\\\/\\\/www.bellunopress.it\\\/wp-content\\\/uploads\\\/2022\\\/10\\\/nuovi-cartelli-Nevegal_edited.jpg\",\"contentUrl\":\"https:\\\/\\\/www.bellunopress.it\\\/wp-content\\\/uploads\\\/2022\\\/10\\\/nuovi-cartelli-Nevegal_edited.jpg\",\"width\":1000,\"height\":874},{\"@type\":\"BreadcrumbList\",\"@id\":\"https:\\\/\\\/www.bellunopress.it\\\/2022\\\/10\\\/19\\\/nuovi-cartelli-in-nevegal\\\/#breadcrumb\",\"itemListElement\":[{\"@type\":\"ListItem\",\"position\":1,\"name\":\"Home\",\"item\":\"https:\\\/\\\/www.bellunopress.it\\\/\"},{\"@type\":\"ListItem\",\"position\":2,\"name\":\"Nuovi cartelli in Nevegal\"}]},{\"@type\":\"WebSite\",\"@id\":\"https:\\\/\\\/www.bellunopress.it\\\/#website\",\"url\":\"https:\\\/\\\/www.bellunopress.it\\\/\",\"name\":\"Bellunopress - Dolomiti\",\"description\":\"e-mail: redazione@bellunopress.it\",\"publisher\":{\"@id\":\"https:\\\/\\\/www.bellunopress.it\\\/#organization\"},\"potentialAction\":[{\"@type\":\"SearchAction\",\"target\":{\"@type\":\"EntryPoint\",\"urlTemplate\":\"https:\\\/\\\/www.bellunopress.it\\\/?s={search_term_string}\"},\"query-input\":{\"@type\":\"PropertyValueSpecification\",\"valueRequired\":true,\"valueName\":\"search_term_string\"}}],\"inLanguage\":\"fr-FR\"},{\"@type\":\"Organization\",\"@id\":\"https:\\\/\\\/www.bellunopress.it\\\/#organization\",\"name\":\"Bellunopress\",\"url\":\"https:\\\/\\\/www.bellunopress.it\\\/\",\"logo\":{\"@type\":\"ImageObject\",\"inLanguage\":\"fr-FR\",\"@id\":\"https:\\\/\\\/www.bellunopress.it\\\/#\\\/schema\\\/logo\\\/image\\\/\",\"url\":\"https:\\\/\\\/www.bellunopress.it\\\/wp-content\\\/uploads\\\/2011\\\/05\\\/cropped-logo-bellunopress-.jpg\",\"contentUrl\":\"https:\\\/\\\/www.bellunopress.it\\\/wp-content\\\/uploads\\\/2011\\\/05\\\/cropped-logo-bellunopress-.jpg\",\"width\":512,\"height\":512,\"caption\":\"Bellunopress\"},\"image\":{\"@id\":\"https:\\\/\\\/www.bellunopress.it\\\/#\\\/schema\\\/logo\\\/image\\\/\"},\"sameAs\":[\"https:\\\/\\\/www.facebook.com\\\/profile.php?id=100008943462799\",\"https:\\\/\\\/x.com\\\/bellunopress\",\"https:\\\/\\\/www.linkedin.com\\\/hp\\\/?dnr=JBzUWaJfMUw8vbXJJ2tVW5-I3jZKvC4wsoxE&amp;amp;amp;amp;amp;amp;trk=nav_responsive_tab_home\",\"https:\\\/\\\/www.youtube.com\\\/channel\\\/UCxL0wu1uN0_3_7hGG0306cw\"]},{\"@type\":\"Person\",\"@id\":\"https:\\\/\\\/www.bellunopress.it\\\/#\\\/schema\\\/person\\\/79bb06722b37ece1c03d3e94beb30d73\",\"name\":\"redazione\",\"image\":{\"@type\":\"ImageObject\",\"inLanguage\":\"fr-FR\",\"@id\":\"https:\\\/\\\/secure.gravatar.com\\\/avatar\\\/37d968a2e67a6fd04c169c4bdef102d0bc5d31b2546345219e348575eb80e9a0?s=96&d=mm&r=g\",\"url\":\"https:\\\/\\\/secure.gravatar.com\\\/avatar\\\/37d968a2e67a6fd04c169c4bdef102d0bc5d31b2546345219e348575eb80e9a0?s=96&d=mm&r=g\",\"contentUrl\":\"https:\\\/\\\/secure.gravatar.com\\\/avatar\\\/37d968a2e67a6fd04c169c4bdef102d0bc5d31b2546345219e348575eb80e9a0?s=96&d=mm&r=g\",\"caption\":\"redazione\"},\"sameAs\":[\"http:\\\/\\\/www.bellunopress.it\",\"https:\\\/\\\/x.com\\\/bellunopress\"],\"url\":\"https:\\\/\\\/www.bellunopress.it\\\/fr\\\/author\\\/redazione\\\/\"}]}<\/script>\n<!-- \/ Yoast SEO plugin. -->","yoast_head_json":{"title":"Nuovi cartelli in Nevegal - Bellunopress - Dolomiti","robots":{"index":"index","follow":"follow","max-snippet":"max-snippet:-1","max-image-preview":"max-image-preview:large","max-video-preview":"max-video-preview:-1"},"canonical":"https:\/\/www.bellunopress.it\/fr\/2022\/10\/19\/nuovi-cartelli-in-nevegal\/","og_locale":"fr_FR","og_type":"article","og_title":"Nuovi cartelli in Nevegal - Bellunopress - Dolomiti","og_description":"Belluno, 19 ottobre 2022 &#8211; Posati i nuovi cartelli tematici in Nevegal. Ora restano da sostituire quelli danneggiati. Da qualche giorno sul Colle ci sono 4 nuovi percorsi segnalati con l\u2019apposita cartellonistica e dedicati rispettivamente a Natura, Bosco, Famiglia e Paesaggio. Una ventina di punti informativi, utili per segnalare il percorso e fornire indicazioni relative [&hellip;]","og_url":"https:\/\/www.bellunopress.it\/fr\/2022\/10\/19\/nuovi-cartelli-in-nevegal\/","og_site_name":"Bellunopress - Dolomiti","article_publisher":"https:\/\/www.facebook.com\/profile.php?id=100008943462799","article_published_time":"2022-10-19T13:55:32+00:00","og_image":[{"width":1000,"height":874,"url":"https:\/\/www.bellunopress.it\/wp-content\/uploads\/2022\/10\/nuovi-cartelli-Nevegal_edited.jpg","type":"image\/jpeg"}],"author":"redazione","twitter_card":"summary_large_image","twitter_creator":"@bellunopress","twitter_site":"@bellunopress","twitter_misc":{"\u00c9crit par":"redazione","Dur\u00e9e de lecture estim\u00e9e":"2 minutes"},"schema":{"@context":"https:\/\/schema.org","@graph":[{"@type":"Article","@id":"https:\/\/www.bellunopress.it\/2022\/10\/19\/nuovi-cartelli-in-nevegal\/#article","isPartOf":{"@id":"https:\/\/www.bellunopress.it\/2022\/10\/19\/nuovi-cartelli-in-nevegal\/"},"author":{"name":"redazione","@id":"https:\/\/www.bellunopress.it\/#\/schema\/person\/79bb06722b37ece1c03d3e94beb30d73"},"headline":"Nuovi cartelli in Nevegal","datePublished":"2022-10-19T13:55:32+00:00","mainEntityOfPage":{"@id":"https:\/\/www.bellunopress.it\/2022\/10\/19\/nuovi-cartelli-in-nevegal\/"},"wordCount":322,"publisher":{"@id":"https:\/\/www.bellunopress.it\/#organization"},"image":{"@id":"https:\/\/www.bellunopress.it\/2022\/10\/19\/nuovi-cartelli-in-nevegal\/#primaryimage"},"thumbnailUrl":"https:\/\/www.bellunopress.it\/wp-content\/uploads\/2022\/10\/nuovi-cartelli-Nevegal_edited.jpg","articleSection":["Lavoro, Economia, Turismo","Prima Pagina"],"inLanguage":"fr-FR"},{"@type":"WebPage","@id":"https:\/\/www.bellunopress.it\/2022\/10\/19\/nuovi-cartelli-in-nevegal\/","url":"https:\/\/www.bellunopress.it\/2022\/10\/19\/nuovi-cartelli-in-nevegal\/","name":"Nuovi cartelli in Nevegal - Bellunopress - Dolomiti","isPartOf":{"@id":"https:\/\/www.bellunopress.it\/#website"},"primaryImageOfPage":{"@id":"https:\/\/www.bellunopress.it\/2022\/10\/19\/nuovi-cartelli-in-nevegal\/#primaryimage"},"image":{"@id":"https:\/\/www.bellunopress.it\/2022\/10\/19\/nuovi-cartelli-in-nevegal\/#primaryimage"},"thumbnailUrl":"https:\/\/www.bellunopress.it\/wp-content\/uploads\/2022\/10\/nuovi-cartelli-Nevegal_edited.jpg","datePublished":"2022-10-19T13:55:32+00:00","breadcrumb":{"@id":"https:\/\/www.bellunopress.it\/2022\/10\/19\/nuovi-cartelli-in-nevegal\/#breadcrumb"},"inLanguage":"fr-FR","potentialAction":[{"@type":"ReadAction","target":["https:\/\/www.bellunopress.it\/2022\/10\/19\/nuovi-cartelli-in-nevegal\/"]}]},{"@type":"ImageObject","inLanguage":"fr-FR","@id":"https:\/\/www.bellunopress.it\/2022\/10\/19\/nuovi-cartelli-in-nevegal\/#primaryimage","url":"https:\/\/www.bellunopress.it\/wp-content\/uploads\/2022\/10\/nuovi-cartelli-Nevegal_edited.jpg","contentUrl":"https:\/\/www.bellunopress.it\/wp-content\/uploads\/2022\/10\/nuovi-cartelli-Nevegal_edited.jpg","width":1000,"height":874},{"@type":"BreadcrumbList","@id":"https:\/\/www.bellunopress.it\/2022\/10\/19\/nuovi-cartelli-in-nevegal\/#breadcrumb","itemListElement":[{"@type":"ListItem","position":1,"name":"Home","item":"https:\/\/www.bellunopress.it\/"},{"@type":"ListItem","position":2,"name":"Nuovi cartelli in Nevegal"}]},{"@type":"WebSite","@id":"https:\/\/www.bellunopress.it\/#website","url":"https:\/\/www.bellunopress.it\/","name":"Bellunopress - Dolomiti","description":"e-mail: redazione@bellunopress.it","publisher":{"@id":"https:\/\/www.bellunopress.it\/#organization"},"potentialAction":[{"@type":"SearchAction","target":{"@type":"EntryPoint","urlTemplate":"https:\/\/www.bellunopress.it\/?s={search_term_string}"},"query-input":{"@type":"PropertyValueSpecification","valueRequired":true,"valueName":"search_term_string"}}],"inLanguage":"fr-FR"},{"@type":"Organization","@id":"https:\/\/www.bellunopress.it\/#organization","name":"Bellunopress","url":"https:\/\/www.bellunopress.it\/","logo":{"@type":"ImageObject","inLanguage":"fr-FR","@id":"https:\/\/www.bellunopress.it\/#\/schema\/logo\/image\/","url":"https:\/\/www.bellunopress.it\/wp-content\/uploads\/2011\/05\/cropped-logo-bellunopress-.jpg","contentUrl":"https:\/\/www.bellunopress.it\/wp-content\/uploads\/2011\/05\/cropped-logo-bellunopress-.jpg","width":512,"height":512,"caption":"Bellunopress"},"image":{"@id":"https:\/\/www.bellunopress.it\/#\/schema\/logo\/image\/"},"sameAs":["https:\/\/www.facebook.com\/profile.php?id=100008943462799","https:\/\/x.com\/bellunopress","https:\/\/www.linkedin.com\/hp\/?dnr=JBzUWaJfMUw8vbXJJ2tVW5-I3jZKvC4wsoxE&amp;amp;amp;amp;amp;amp;trk=nav_responsive_tab_home","https:\/\/www.youtube.com\/channel\/UCxL0wu1uN0_3_7hGG0306cw"]},{"@type":"Person","@id":"https:\/\/www.bellunopress.it\/#\/schema\/person\/79bb06722b37ece1c03d3e94beb30d73","name":"r\u00e9daction","image":{"@type":"ImageObject","inLanguage":"fr-FR","@id":"https:\/\/secure.gravatar.com\/avatar\/37d968a2e67a6fd04c169c4bdef102d0bc5d31b2546345219e348575eb80e9a0?s=96&d=mm&r=g","url":"https:\/\/secure.gravatar.com\/avatar\/37d968a2e67a6fd04c169c4bdef102d0bc5d31b2546345219e348575eb80e9a0?s=96&d=mm&r=g","contentUrl":"https:\/\/secure.gravatar.com\/avatar\/37d968a2e67a6fd04c169c4bdef102d0bc5d31b2546345219e348575eb80e9a0?s=96&d=mm&r=g","caption":"redazione"},"sameAs":["http:\/\/www.bellunopress.it","https:\/\/x.com\/bellunopress"],"url":"https:\/\/www.bellunopress.it\/fr\/author\/redazione\/"}]}},"_links":{"self":[{"href":"https:\/\/www.bellunopress.it\/fr\/wp-json\/wp\/v2\/posts\/137085","targetHints":{"allow":["GET"]}}],"collection":[{"href":"https:\/\/www.bellunopress.it\/fr\/wp-json\/wp\/v2\/posts"}],"about":[{"href":"https:\/\/www.bellunopress.it\/fr\/wp-json\/wp\/v2\/types\/post"}],"author":[{"embeddable":true,"href":"https:\/\/www.bellunopress.it\/fr\/wp-json\/wp\/v2\/users\/2"}],"replies":[{"embeddable":true,"href":"https:\/\/www.bellunopress.it\/fr\/wp-json\/wp\/v2\/comments?post=137085"}],"version-history":[{"count":1,"href":"https:\/\/www.bellunopress.it\/fr\/wp-json\/wp\/v2\/posts\/137085\/revisions"}],"predecessor-version":[{"id":137087,"href":"https:\/\/www.bellunopress.it\/fr\/wp-json\/wp\/v2\/posts\/137085\/revisions\/137087"}],"wp:featuredmedia":[{"embeddable":true,"href":"https:\/\/www.bellunopress.it\/fr\/wp-json\/wp\/v2\/media\/137086"}],"wp:attachment":[{"href":"https:\/\/www.bellunopress.it\/fr\/wp-json\/wp\/v2\/media?parent=137085"}],"wp:term":[{"taxonomy":"category","embeddable":true,"href":"https:\/\/www.bellunopress.it\/fr\/wp-json\/wp\/v2\/categories?post=137085"},{"taxonomy":"post_tag","embeddable":true,"href":"https:\/\/www.bellunopress.it\/fr\/wp-json\/wp\/v2\/tags?post=137085"}],"curies":[{"name":"wp","href":"https:\/\/api.w.org\/{rel}","templated":true}]}}