{"id":137066,"date":"2022-10-18T15:48:31","date_gmt":"2022-10-18T13:48:31","guid":{"rendered":"https:\/\/www.bellunopress.it\/?p=137066"},"modified":"2022-10-18T15:48:31","modified_gmt":"2022-10-18T13:48:31","slug":"belluno-spenti-6400-punti-luce-la-bolletta-di-settembre-cala-di-quasi-100mila-euro-rispetto-alla-previsione","status":"publish","type":"post","link":"https:\/\/www.bellunopress.it\/fr\/2022\/10\/18\/belluno-spenti-6400-punti-luce-la-bolletta-di-settembre-cala-di-quasi-100mila-euro-rispetto-alla-previsione\/","title":{"rendered":"Belluno. Spenti 6400 punti luce la bolletta di settembre cala di quasi 100mila euro rispetto alla previsione"},"content":{"rendered":"<p><img loading=\"lazy\" decoding=\"async\" class=\"alignleft size-full wp-image-137067\" src=\"https:\/\/www.bellunopress.it\/wp-content\/uploads\/2022\/10\/lampione_edited.jpg\" alt=\"\" width=\"1000\" height=\"869\" srcset=\"https:\/\/www.bellunopress.it\/wp-content\/uploads\/2022\/10\/lampione_edited.jpg 1000w, https:\/\/www.bellunopress.it\/wp-content\/uploads\/2022\/10\/lampione_edited-500x435.jpg 500w, https:\/\/www.bellunopress.it\/wp-content\/uploads\/2022\/10\/lampione_edited-696x605.jpg 696w, https:\/\/www.bellunopress.it\/wp-content\/uploads\/2022\/10\/lampione_edited-483x420.jpg 483w\" sizes=\"auto, (max-width: 1000px) 100vw, 1000px\" \/>Le misure messe in atto dall\u2019amministrazione De Pellegrin per abbassare i costi energetici stanno dando i primi risultati. Nel mese di settembre la spesa per l\u2019elettricit\u00e0 \u00e8 stata di quasi 100 mila euro inferiore rispetto alla previsione degli uffici comunali.<\/p>\n<p>\u201cLo spegnimento dei punti luce ha fatto scalpore quando \u00e8 stato annunciato, ad agosto, ma ora i risultati si vedono e sono migliori rispetto alle nostre gi\u00e0 ottimistiche previsioni \u2013 spiega il sindaco, Oscar De Pellegrin -. Lo sforzo richiesto ai cittadini ha uno scopo preciso e ora possiamo dire che ci stiamo avvicinando all\u2019obiettivo, quello di ottenere il maggior risparmio possibile e, possibilmente, di riuscire a sostenere interamente i costi delle bollette senza dover ricorrere a nuove manovre di bilancio. Certo, stiamo alla finestra e monitoriamo i prezzi al kilowattora, se dovessero impennarsi dovremmo ricalcolare tutto, e cerchiamo di capire quale sar\u00e0 la decisione del Governo rispetto al mantenimento dell\u2019ora legale o meno\u201d.<\/p>\n<p>Qualche dato per descrivere la situazione fino ad agosto e, poi, il cambio di passo introdotto da settembre. Fino ad agosto lo spegnimento dei punti luce generava un risparmio di consumi di circa il 20%, non sufficiente a determinare efficaci riduzioni in bolletta. Basti pensare come i consumi dell\u2019agosto 2021 avessero portato ad una spesa di 67.822 euro e come questa, nell\u2019agosto di quest\u2019anno, sia salita a 154.813 euro nonostante lo spegnimento parziale dell\u2019illuminazione pubblica.<\/p>\n<p>E\u2019 stato l\u2019ampliamento della misura a tutti i 6400 punti luce, dapprima dalle 2.30 alle 5.30 del mattino e, ora, dall\u20191.00 alle 5, a portare risultati evidenti. La previsione di spesa per il mese di settembre, infatti, parlava di 233 mila euro ma di fatto la bolletta arrivata nei giorni scorsi a Palazzo Rosso \u00e8 di 128 mila. Quasi 100 mila euro in meno rispetto alle ipotesi. Positivi anche i numeri relativi alle due gallerie, spente h.24 da met\u00e0 agosto. La Maraga \u00e8 costata, nel mese di settembre, appena 5,48 euro mentre la Belluno alla quale \u00e8 collegato qualche lampione esterno, 1.126 euro.<br \/>\nDi recente \u00e8 stata introdotta una leggera modifica nell\u2019orario di chiusura dei punti luce, dall\u20191 alle 5 e non pi\u00f9 fino alle 5.30, questo per agevolare i lavoratori che si recano sul posto di lavoro di primo mattino.<\/p>\n<p>\u201cSe il trend resta questo e se il costo rester\u00e0 nel range dei 0,55 \u2013 0,78 kilowattora, allora potremmo sperare di non dover ricorrere ad una nuova variazione di bilancio per stanziare altri 300 mila euro a copertura degli aumenti energetici \u2013 conclude l\u2019assessore al bilancio e vice sindaco, Paolo Gamba -. Nel frattempo stiamo valutando e studiando altre misure, per contenere la spesa anche dentro le sedi comunali\u201d.<\/p>","protected":false},"excerpt":{"rendered":"<p>Le misure messe in atto dall\u2019amministrazione De Pellegrin per abbassare i costi energetici stanno dando i primi risultati. Nel mese di settembre la spesa per l\u2019elettricit\u00e0 \u00e8 stata di quasi 100 mila euro inferiore rispetto alla previsione degli uffici comunali. \u201cLo spegnimento dei punti luce ha fatto scalpore quando \u00e8 stato annunciato, ad agosto, ma [&hellip;]<\/p>\n","protected":false},"author":2,"featured_media":137067,"comment_status":"closed","ping_status":"open","sticky":false,"template":"","format":"standard","meta":{"footnotes":""},"categories":[5,26],"tags":[],"class_list":["post-137066","post","type-post","status-publish","format-standard","has-post-thumbnail","category-cronaca","category-prima-pagina"],"yoast_head":"<!-- This site is optimized with the Yoast SEO plugin v28.4 - https:\/\/yoast.com\/product\/yoast-seo-wordpress\/ -->\n<title>Belluno. Spenti 6400 punti luce la bolletta di settembre cala di quasi 100mila euro rispetto alla previsione - Bellunopress - Dolomiti<\/title>\n<meta name=\"robots\" content=\"index, follow, max-snippet:-1, max-image-preview:large, max-video-preview:-1\" \/>\n<link rel=\"canonical\" href=\"https:\/\/www.bellunopress.it\/fr\/2022\/10\/18\/belluno-spenti-6400-punti-luce-la-bolletta-di-settembre-cala-di-quasi-100mila-euro-rispetto-alla-previsione\/\" \/>\n<meta property=\"og:locale\" content=\"fr_FR\" \/>\n<meta property=\"og:type\" content=\"article\" \/>\n<meta property=\"og:title\" content=\"Belluno. Spenti 6400 punti luce la bolletta di settembre cala di quasi 100mila euro rispetto alla previsione - Bellunopress - Dolomiti\" \/>\n<meta property=\"og:description\" content=\"Le misure messe in atto dall\u2019amministrazione De Pellegrin per abbassare i costi energetici stanno dando i primi risultati. Nel mese di settembre la spesa per l\u2019elettricit\u00e0 \u00e8 stata di quasi 100 mila euro inferiore rispetto alla previsione degli uffici comunali. \u201cLo spegnimento dei punti luce ha fatto scalpore quando \u00e8 stato annunciato, ad agosto, ma [&hellip;]\" \/>\n<meta property=\"og:url\" content=\"https:\/\/www.bellunopress.it\/fr\/2022\/10\/18\/belluno-spenti-6400-punti-luce-la-bolletta-di-settembre-cala-di-quasi-100mila-euro-rispetto-alla-previsione\/\" \/>\n<meta property=\"og:site_name\" content=\"Bellunopress - Dolomiti\" \/>\n<meta property=\"article:publisher\" content=\"https:\/\/www.facebook.com\/profile.php?id=100008943462799\" \/>\n<meta property=\"article:published_time\" content=\"2022-10-18T13:48:31+00:00\" \/>\n<meta property=\"og:image\" content=\"https:\/\/www.bellunopress.it\/wp-content\/uploads\/2022\/10\/lampione_edited.jpg\" \/>\n\t<meta property=\"og:image:width\" content=\"1000\" \/>\n\t<meta property=\"og:image:height\" content=\"869\" \/>\n\t<meta property=\"og:image:type\" content=\"image\/jpeg\" \/>\n<meta name=\"author\" content=\"redazione\" \/>\n<meta name=\"twitter:card\" content=\"summary_large_image\" \/>\n<meta name=\"twitter:creator\" content=\"@bellunopress\" \/>\n<meta name=\"twitter:site\" content=\"@bellunopress\" \/>\n<meta name=\"twitter:label1\" content=\"\u00c9crit par\" \/>\n\t<meta name=\"twitter:data1\" content=\"redazione\" \/>\n\t<meta name=\"twitter:label2\" content=\"Dur\u00e9e de lecture estim\u00e9e\" \/>\n\t<meta name=\"twitter:data2\" content=\"3 minutes\" \/>\n<script type=\"application\/ld+json\" class=\"yoast-schema-graph\">{\"@context\":\"https:\\\/\\\/schema.org\",\"@graph\":[{\"@type\":\"Article\",\"@id\":\"https:\\\/\\\/www.bellunopress.it\\\/2022\\\/10\\\/18\\\/belluno-spenti-6400-punti-luce-la-bolletta-di-settembre-cala-di-quasi-100mila-euro-rispetto-alla-previsione\\\/#article\",\"isPartOf\":{\"@id\":\"https:\\\/\\\/www.bellunopress.it\\\/2022\\\/10\\\/18\\\/belluno-spenti-6400-punti-luce-la-bolletta-di-settembre-cala-di-quasi-100mila-euro-rispetto-alla-previsione\\\/\"},\"author\":{\"name\":\"redazione\",\"@id\":\"https:\\\/\\\/www.bellunopress.it\\\/#\\\/schema\\\/person\\\/79bb06722b37ece1c03d3e94beb30d73\"},\"headline\":\"Belluno. Spenti 6400 punti luce la bolletta di settembre cala di quasi 100mila euro rispetto alla previsione\",\"datePublished\":\"2022-10-18T13:48:31+00:00\",\"mainEntityOfPage\":{\"@id\":\"https:\\\/\\\/www.bellunopress.it\\\/2022\\\/10\\\/18\\\/belluno-spenti-6400-punti-luce-la-bolletta-di-settembre-cala-di-quasi-100mila-euro-rispetto-alla-previsione\\\/\"},\"wordCount\":438,\"publisher\":{\"@id\":\"https:\\\/\\\/www.bellunopress.it\\\/#organization\"},\"image\":{\"@id\":\"https:\\\/\\\/www.bellunopress.it\\\/2022\\\/10\\\/18\\\/belluno-spenti-6400-punti-luce-la-bolletta-di-settembre-cala-di-quasi-100mila-euro-rispetto-alla-previsione\\\/#primaryimage\"},\"thumbnailUrl\":\"https:\\\/\\\/www.bellunopress.it\\\/wp-content\\\/uploads\\\/2022\\\/10\\\/lampione_edited.jpg\",\"articleSection\":[\"Cronaca\\\/Politica\",\"Prima Pagina\"],\"inLanguage\":\"fr-FR\"},{\"@type\":\"WebPage\",\"@id\":\"https:\\\/\\\/www.bellunopress.it\\\/2022\\\/10\\\/18\\\/belluno-spenti-6400-punti-luce-la-bolletta-di-settembre-cala-di-quasi-100mila-euro-rispetto-alla-previsione\\\/\",\"url\":\"https:\\\/\\\/www.bellunopress.it\\\/2022\\\/10\\\/18\\\/belluno-spenti-6400-punti-luce-la-bolletta-di-settembre-cala-di-quasi-100mila-euro-rispetto-alla-previsione\\\/\",\"name\":\"Belluno. Spenti 6400 punti luce la bolletta di settembre cala di quasi 100mila euro rispetto alla previsione - Bellunopress - Dolomiti\",\"isPartOf\":{\"@id\":\"https:\\\/\\\/www.bellunopress.it\\\/#website\"},\"primaryImageOfPage\":{\"@id\":\"https:\\\/\\\/www.bellunopress.it\\\/2022\\\/10\\\/18\\\/belluno-spenti-6400-punti-luce-la-bolletta-di-settembre-cala-di-quasi-100mila-euro-rispetto-alla-previsione\\\/#primaryimage\"},\"image\":{\"@id\":\"https:\\\/\\\/www.bellunopress.it\\\/2022\\\/10\\\/18\\\/belluno-spenti-6400-punti-luce-la-bolletta-di-settembre-cala-di-quasi-100mila-euro-rispetto-alla-previsione\\\/#primaryimage\"},\"thumbnailUrl\":\"https:\\\/\\\/www.bellunopress.it\\\/wp-content\\\/uploads\\\/2022\\\/10\\\/lampione_edited.jpg\",\"datePublished\":\"2022-10-18T13:48:31+00:00\",\"breadcrumb\":{\"@id\":\"https:\\\/\\\/www.bellunopress.it\\\/2022\\\/10\\\/18\\\/belluno-spenti-6400-punti-luce-la-bolletta-di-settembre-cala-di-quasi-100mila-euro-rispetto-alla-previsione\\\/#breadcrumb\"},\"inLanguage\":\"fr-FR\",\"potentialAction\":[{\"@type\":\"ReadAction\",\"target\":[\"https:\\\/\\\/www.bellunopress.it\\\/2022\\\/10\\\/18\\\/belluno-spenti-6400-punti-luce-la-bolletta-di-settembre-cala-di-quasi-100mila-euro-rispetto-alla-previsione\\\/\"]}]},{\"@type\":\"ImageObject\",\"inLanguage\":\"fr-FR\",\"@id\":\"https:\\\/\\\/www.bellunopress.it\\\/2022\\\/10\\\/18\\\/belluno-spenti-6400-punti-luce-la-bolletta-di-settembre-cala-di-quasi-100mila-euro-rispetto-alla-previsione\\\/#primaryimage\",\"url\":\"https:\\\/\\\/www.bellunopress.it\\\/wp-content\\\/uploads\\\/2022\\\/10\\\/lampione_edited.jpg\",\"contentUrl\":\"https:\\\/\\\/www.bellunopress.it\\\/wp-content\\\/uploads\\\/2022\\\/10\\\/lampione_edited.jpg\",\"width\":1000,\"height\":869},{\"@type\":\"BreadcrumbList\",\"@id\":\"https:\\\/\\\/www.bellunopress.it\\\/2022\\\/10\\\/18\\\/belluno-spenti-6400-punti-luce-la-bolletta-di-settembre-cala-di-quasi-100mila-euro-rispetto-alla-previsione\\\/#breadcrumb\",\"itemListElement\":[{\"@type\":\"ListItem\",\"position\":1,\"name\":\"Home\",\"item\":\"https:\\\/\\\/www.bellunopress.it\\\/\"},{\"@type\":\"ListItem\",\"position\":2,\"name\":\"Belluno. Spenti 6400 punti luce la bolletta di settembre cala di quasi 100mila euro rispetto alla previsione\"}]},{\"@type\":\"WebSite\",\"@id\":\"https:\\\/\\\/www.bellunopress.it\\\/#website\",\"url\":\"https:\\\/\\\/www.bellunopress.it\\\/\",\"name\":\"Bellunopress - Dolomiti\",\"description\":\"e-mail: redazione@bellunopress.it\",\"publisher\":{\"@id\":\"https:\\\/\\\/www.bellunopress.it\\\/#organization\"},\"potentialAction\":[{\"@type\":\"SearchAction\",\"target\":{\"@type\":\"EntryPoint\",\"urlTemplate\":\"https:\\\/\\\/www.bellunopress.it\\\/?s={search_term_string}\"},\"query-input\":{\"@type\":\"PropertyValueSpecification\",\"valueRequired\":true,\"valueName\":\"search_term_string\"}}],\"inLanguage\":\"fr-FR\"},{\"@type\":\"Organization\",\"@id\":\"https:\\\/\\\/www.bellunopress.it\\\/#organization\",\"name\":\"Bellunopress\",\"url\":\"https:\\\/\\\/www.bellunopress.it\\\/\",\"logo\":{\"@type\":\"ImageObject\",\"inLanguage\":\"fr-FR\",\"@id\":\"https:\\\/\\\/www.bellunopress.it\\\/#\\\/schema\\\/logo\\\/image\\\/\",\"url\":\"https:\\\/\\\/www.bellunopress.it\\\/wp-content\\\/uploads\\\/2011\\\/05\\\/cropped-logo-bellunopress-.jpg\",\"contentUrl\":\"https:\\\/\\\/www.bellunopress.it\\\/wp-content\\\/uploads\\\/2011\\\/05\\\/cropped-logo-bellunopress-.jpg\",\"width\":512,\"height\":512,\"caption\":\"Bellunopress\"},\"image\":{\"@id\":\"https:\\\/\\\/www.bellunopress.it\\\/#\\\/schema\\\/logo\\\/image\\\/\"},\"sameAs\":[\"https:\\\/\\\/www.facebook.com\\\/profile.php?id=100008943462799\",\"https:\\\/\\\/x.com\\\/bellunopress\",\"https:\\\/\\\/www.linkedin.com\\\/hp\\\/?dnr=JBzUWaJfMUw8vbXJJ2tVW5-I3jZKvC4wsoxE&amp;amp;amp;amp;amp;amp;trk=nav_responsive_tab_home\",\"https:\\\/\\\/www.youtube.com\\\/channel\\\/UCxL0wu1uN0_3_7hGG0306cw\"]},{\"@type\":\"Person\",\"@id\":\"https:\\\/\\\/www.bellunopress.it\\\/#\\\/schema\\\/person\\\/79bb06722b37ece1c03d3e94beb30d73\",\"name\":\"redazione\",\"image\":{\"@type\":\"ImageObject\",\"inLanguage\":\"fr-FR\",\"@id\":\"https:\\\/\\\/secure.gravatar.com\\\/avatar\\\/37d968a2e67a6fd04c169c4bdef102d0bc5d31b2546345219e348575eb80e9a0?s=96&d=mm&r=g\",\"url\":\"https:\\\/\\\/secure.gravatar.com\\\/avatar\\\/37d968a2e67a6fd04c169c4bdef102d0bc5d31b2546345219e348575eb80e9a0?s=96&d=mm&r=g\",\"contentUrl\":\"https:\\\/\\\/secure.gravatar.com\\\/avatar\\\/37d968a2e67a6fd04c169c4bdef102d0bc5d31b2546345219e348575eb80e9a0?s=96&d=mm&r=g\",\"caption\":\"redazione\"},\"sameAs\":[\"http:\\\/\\\/www.bellunopress.it\",\"https:\\\/\\\/x.com\\\/bellunopress\"],\"url\":\"https:\\\/\\\/www.bellunopress.it\\\/fr\\\/author\\\/redazione\\\/\"}]}<\/script>\n<!-- \/ Yoast SEO plugin. -->","yoast_head_json":{"title":"Belluno. Spenti 6400 punti luce la bolletta di settembre cala di quasi 100mila euro rispetto alla previsione - Bellunopress - Dolomiti","robots":{"index":"index","follow":"follow","max-snippet":"max-snippet:-1","max-image-preview":"max-image-preview:large","max-video-preview":"max-video-preview:-1"},"canonical":"https:\/\/www.bellunopress.it\/fr\/2022\/10\/18\/belluno-spenti-6400-punti-luce-la-bolletta-di-settembre-cala-di-quasi-100mila-euro-rispetto-alla-previsione\/","og_locale":"fr_FR","og_type":"article","og_title":"Belluno. Spenti 6400 punti luce la bolletta di settembre cala di quasi 100mila euro rispetto alla previsione - Bellunopress - Dolomiti","og_description":"Le misure messe in atto dall\u2019amministrazione De Pellegrin per abbassare i costi energetici stanno dando i primi risultati. Nel mese di settembre la spesa per l\u2019elettricit\u00e0 \u00e8 stata di quasi 100 mila euro inferiore rispetto alla previsione degli uffici comunali. \u201cLo spegnimento dei punti luce ha fatto scalpore quando \u00e8 stato annunciato, ad agosto, ma [&hellip;]","og_url":"https:\/\/www.bellunopress.it\/fr\/2022\/10\/18\/belluno-spenti-6400-punti-luce-la-bolletta-di-settembre-cala-di-quasi-100mila-euro-rispetto-alla-previsione\/","og_site_name":"Bellunopress - Dolomiti","article_publisher":"https:\/\/www.facebook.com\/profile.php?id=100008943462799","article_published_time":"2022-10-18T13:48:31+00:00","og_image":[{"width":1000,"height":869,"url":"https:\/\/www.bellunopress.it\/wp-content\/uploads\/2022\/10\/lampione_edited.jpg","type":"image\/jpeg"}],"author":"redazione","twitter_card":"summary_large_image","twitter_creator":"@bellunopress","twitter_site":"@bellunopress","twitter_misc":{"\u00c9crit par":"redazione","Dur\u00e9e de lecture estim\u00e9e":"3 minutes"},"schema":{"@context":"https:\/\/schema.org","@graph":[{"@type":"Article","@id":"https:\/\/www.bellunopress.it\/2022\/10\/18\/belluno-spenti-6400-punti-luce-la-bolletta-di-settembre-cala-di-quasi-100mila-euro-rispetto-alla-previsione\/#article","isPartOf":{"@id":"https:\/\/www.bellunopress.it\/2022\/10\/18\/belluno-spenti-6400-punti-luce-la-bolletta-di-settembre-cala-di-quasi-100mila-euro-rispetto-alla-previsione\/"},"author":{"name":"redazione","@id":"https:\/\/www.bellunopress.it\/#\/schema\/person\/79bb06722b37ece1c03d3e94beb30d73"},"headline":"Belluno. Spenti 6400 punti luce la bolletta di settembre cala di quasi 100mila euro rispetto alla previsione","datePublished":"2022-10-18T13:48:31+00:00","mainEntityOfPage":{"@id":"https:\/\/www.bellunopress.it\/2022\/10\/18\/belluno-spenti-6400-punti-luce-la-bolletta-di-settembre-cala-di-quasi-100mila-euro-rispetto-alla-previsione\/"},"wordCount":438,"publisher":{"@id":"https:\/\/www.bellunopress.it\/#organization"},"image":{"@id":"https:\/\/www.bellunopress.it\/2022\/10\/18\/belluno-spenti-6400-punti-luce-la-bolletta-di-settembre-cala-di-quasi-100mila-euro-rispetto-alla-previsione\/#primaryimage"},"thumbnailUrl":"https:\/\/www.bellunopress.it\/wp-content\/uploads\/2022\/10\/lampione_edited.jpg","articleSection":["Cronaca\/Politica","Prima Pagina"],"inLanguage":"fr-FR"},{"@type":"WebPage","@id":"https:\/\/www.bellunopress.it\/2022\/10\/18\/belluno-spenti-6400-punti-luce-la-bolletta-di-settembre-cala-di-quasi-100mila-euro-rispetto-alla-previsione\/","url":"https:\/\/www.bellunopress.it\/2022\/10\/18\/belluno-spenti-6400-punti-luce-la-bolletta-di-settembre-cala-di-quasi-100mila-euro-rispetto-alla-previsione\/","name":"Belluno. Spenti 6400 punti luce la bolletta di settembre cala di quasi 100mila euro rispetto alla previsione - Bellunopress - Dolomiti","isPartOf":{"@id":"https:\/\/www.bellunopress.it\/#website"},"primaryImageOfPage":{"@id":"https:\/\/www.bellunopress.it\/2022\/10\/18\/belluno-spenti-6400-punti-luce-la-bolletta-di-settembre-cala-di-quasi-100mila-euro-rispetto-alla-previsione\/#primaryimage"},"image":{"@id":"https:\/\/www.bellunopress.it\/2022\/10\/18\/belluno-spenti-6400-punti-luce-la-bolletta-di-settembre-cala-di-quasi-100mila-euro-rispetto-alla-previsione\/#primaryimage"},"thumbnailUrl":"https:\/\/www.bellunopress.it\/wp-content\/uploads\/2022\/10\/lampione_edited.jpg","datePublished":"2022-10-18T13:48:31+00:00","breadcrumb":{"@id":"https:\/\/www.bellunopress.it\/2022\/10\/18\/belluno-spenti-6400-punti-luce-la-bolletta-di-settembre-cala-di-quasi-100mila-euro-rispetto-alla-previsione\/#breadcrumb"},"inLanguage":"fr-FR","potentialAction":[{"@type":"ReadAction","target":["https:\/\/www.bellunopress.it\/2022\/10\/18\/belluno-spenti-6400-punti-luce-la-bolletta-di-settembre-cala-di-quasi-100mila-euro-rispetto-alla-previsione\/"]}]},{"@type":"ImageObject","inLanguage":"fr-FR","@id":"https:\/\/www.bellunopress.it\/2022\/10\/18\/belluno-spenti-6400-punti-luce-la-bolletta-di-settembre-cala-di-quasi-100mila-euro-rispetto-alla-previsione\/#primaryimage","url":"https:\/\/www.bellunopress.it\/wp-content\/uploads\/2022\/10\/lampione_edited.jpg","contentUrl":"https:\/\/www.bellunopress.it\/wp-content\/uploads\/2022\/10\/lampione_edited.jpg","width":1000,"height":869},{"@type":"BreadcrumbList","@id":"https:\/\/www.bellunopress.it\/2022\/10\/18\/belluno-spenti-6400-punti-luce-la-bolletta-di-settembre-cala-di-quasi-100mila-euro-rispetto-alla-previsione\/#breadcrumb","itemListElement":[{"@type":"ListItem","position":1,"name":"Home","item":"https:\/\/www.bellunopress.it\/"},{"@type":"ListItem","position":2,"name":"Belluno. Spenti 6400 punti luce la bolletta di settembre cala di quasi 100mila euro rispetto alla previsione"}]},{"@type":"WebSite","@id":"https:\/\/www.bellunopress.it\/#website","url":"https:\/\/www.bellunopress.it\/","name":"Bellunopress - Dolomiti","description":"e-mail: redazione@bellunopress.it","publisher":{"@id":"https:\/\/www.bellunopress.it\/#organization"},"potentialAction":[{"@type":"SearchAction","target":{"@type":"EntryPoint","urlTemplate":"https:\/\/www.bellunopress.it\/?s={search_term_string}"},"query-input":{"@type":"PropertyValueSpecification","valueRequired":true,"valueName":"search_term_string"}}],"inLanguage":"fr-FR"},{"@type":"Organization","@id":"https:\/\/www.bellunopress.it\/#organization","name":"Bellunopress","url":"https:\/\/www.bellunopress.it\/","logo":{"@type":"ImageObject","inLanguage":"fr-FR","@id":"https:\/\/www.bellunopress.it\/#\/schema\/logo\/image\/","url":"https:\/\/www.bellunopress.it\/wp-content\/uploads\/2011\/05\/cropped-logo-bellunopress-.jpg","contentUrl":"https:\/\/www.bellunopress.it\/wp-content\/uploads\/2011\/05\/cropped-logo-bellunopress-.jpg","width":512,"height":512,"caption":"Bellunopress"},"image":{"@id":"https:\/\/www.bellunopress.it\/#\/schema\/logo\/image\/"},"sameAs":["https:\/\/www.facebook.com\/profile.php?id=100008943462799","https:\/\/x.com\/bellunopress","https:\/\/www.linkedin.com\/hp\/?dnr=JBzUWaJfMUw8vbXJJ2tVW5-I3jZKvC4wsoxE&amp;amp;amp;amp;amp;amp;trk=nav_responsive_tab_home","https:\/\/www.youtube.com\/channel\/UCxL0wu1uN0_3_7hGG0306cw"]},{"@type":"Person","@id":"https:\/\/www.bellunopress.it\/#\/schema\/person\/79bb06722b37ece1c03d3e94beb30d73","name":"r\u00e9daction","image":{"@type":"ImageObject","inLanguage":"fr-FR","@id":"https:\/\/secure.gravatar.com\/avatar\/37d968a2e67a6fd04c169c4bdef102d0bc5d31b2546345219e348575eb80e9a0?s=96&d=mm&r=g","url":"https:\/\/secure.gravatar.com\/avatar\/37d968a2e67a6fd04c169c4bdef102d0bc5d31b2546345219e348575eb80e9a0?s=96&d=mm&r=g","contentUrl":"https:\/\/secure.gravatar.com\/avatar\/37d968a2e67a6fd04c169c4bdef102d0bc5d31b2546345219e348575eb80e9a0?s=96&d=mm&r=g","caption":"redazione"},"sameAs":["http:\/\/www.bellunopress.it","https:\/\/x.com\/bellunopress"],"url":"https:\/\/www.bellunopress.it\/fr\/author\/redazione\/"}]}},"_links":{"self":[{"href":"https:\/\/www.bellunopress.it\/fr\/wp-json\/wp\/v2\/posts\/137066","targetHints":{"allow":["GET"]}}],"collection":[{"href":"https:\/\/www.bellunopress.it\/fr\/wp-json\/wp\/v2\/posts"}],"about":[{"href":"https:\/\/www.bellunopress.it\/fr\/wp-json\/wp\/v2\/types\/post"}],"author":[{"embeddable":true,"href":"https:\/\/www.bellunopress.it\/fr\/wp-json\/wp\/v2\/users\/2"}],"replies":[{"embeddable":true,"href":"https:\/\/www.bellunopress.it\/fr\/wp-json\/wp\/v2\/comments?post=137066"}],"version-history":[{"count":1,"href":"https:\/\/www.bellunopress.it\/fr\/wp-json\/wp\/v2\/posts\/137066\/revisions"}],"predecessor-version":[{"id":137068,"href":"https:\/\/www.bellunopress.it\/fr\/wp-json\/wp\/v2\/posts\/137066\/revisions\/137068"}],"wp:featuredmedia":[{"embeddable":true,"href":"https:\/\/www.bellunopress.it\/fr\/wp-json\/wp\/v2\/media\/137067"}],"wp:attachment":[{"href":"https:\/\/www.bellunopress.it\/fr\/wp-json\/wp\/v2\/media?parent=137066"}],"wp:term":[{"taxonomy":"category","embeddable":true,"href":"https:\/\/www.bellunopress.it\/fr\/wp-json\/wp\/v2\/categories?post=137066"},{"taxonomy":"post_tag","embeddable":true,"href":"https:\/\/www.bellunopress.it\/fr\/wp-json\/wp\/v2\/tags?post=137066"}],"curies":[{"name":"wp","href":"https:\/\/api.w.org\/{rel}","templated":true}]}}