{"id":137048,"date":"2022-10-17T21:16:49","date_gmt":"2022-10-17T19:16:49","guid":{"rendered":"https:\/\/www.bellunopress.it\/?p=137048"},"modified":"2022-10-17T21:18:15","modified_gmt":"2022-10-17T19:18:15","slug":"giro-ditalia-svelata-la-106ma-edizione-due-tappe-nel-bellunese-il-25-e-26-maggio","status":"publish","type":"post","link":"https:\/\/www.bellunopress.it\/fr\/2022\/10\/17\/giro-ditalia-svelata-la-106ma-edizione-due-tappe-nel-bellunese-il-25-e-26-maggio\/","title":{"rendered":"Giro d&#8217;Italia, svelata la 106ma edizione. Due tappe nel Bellunese il 25 e 26 maggio"},"content":{"rendered":"<figure id=\"attachment_133881\" aria-describedby=\"caption-attachment-133881\" style=\"width: 1000px\" class=\"wp-caption alignleft\"><img loading=\"lazy\" decoding=\"async\" class=\"size-full wp-image-133881\" src=\"https:\/\/www.bellunopress.it\/wp-content\/uploads\/2022\/05\/Giro-dItalia-Belluno_edited.jpg\" alt=\"\" width=\"1000\" height=\"667\" srcset=\"https:\/\/www.bellunopress.it\/wp-content\/uploads\/2022\/05\/Giro-dItalia-Belluno_edited.jpg 1000w, https:\/\/www.bellunopress.it\/wp-content\/uploads\/2022\/05\/Giro-dItalia-Belluno_edited-500x334.jpg 500w, https:\/\/www.bellunopress.it\/wp-content\/uploads\/2022\/05\/Giro-dItalia-Belluno_edited-696x464.jpg 696w, https:\/\/www.bellunopress.it\/wp-content\/uploads\/2022\/05\/Giro-dItalia-Belluno_edited-630x420.jpg 630w\" sizes=\"auto, (max-width: 1000px) 100vw, 1000px\" \/><figcaption id=\"caption-attachment-133881\" class=\"wp-caption-text\">Belluno, Giro d&#8217;Italia 2022<\/figcaption><\/figure>\n<p>La montagna bellunese sar\u00e0 protagonista al Giro d&#8217;Italia 2023. La corsa rosa infatti passer\u00e0 un giorno e mezzo in provincia di Belluno, con una partenza e ben due arrivi di tappa. E le salite epiche delle Dolomiti potranno decidere la gara. L&#8217;ufficialit\u00e0 dei tracciati \u00e8 stata confermata oggi, nella presentazione del Giro 2023 al Teatro Giorgio Gaber di Milano, in un evento organizzato da Rcs.<\/p>\n<p>\u00abAvremo due giorni interi di promozione planetaria: il nostro territorio non solo sar\u00e0 al centro dell&#8217;attenzione sportiva, con una copertura mediatica eccezionale. Ma presenter\u00e0 due tappe che da sole potrebbero decidere le sorti del Giro\u00bb commenta il presidente della Provincia, Roberto Padrin. \u00abSi conferma il legame indissolubile, fatto di fascino e sport, tra la corsa rosa e le montagne rosa, che da sempre \u00e8 tra le grandi bellezze del nostro Paese\u00bb.<\/p>\n<p>La corsa entrer\u00e0 in provincia di Belluno gioved\u00ec 25 maggio con la Oderzo-Val di Zoldo: 160 km e l&#8217;arrivo in salita a Palafavera, gi\u00e0 conclusione di tappa nel 2005. Il giorno dopo (venerd\u00ec 26 maggio) sar\u00e0 la volta del classico tappone dolomitico. La frazione Longarone-Tre Cime di Lavaredo (182 km) proporr\u00e0 nell&#8217;ordine: Campolongo, Valparola, Giau, Falzarego e Tre Croci prima dell&#8217;ultima salita, poco meno di 8 chilometri con pendenza media al 7,6% e punte massime al 18%.<\/p>\n<p>\u00abSaranno due giorni spettacolari di sport e di festa di popolo come solo il Giro sa essere &#8211; conclude il presidente Padrin -. Questa manifestazione raggiunge mediamente 10,4 milioni di spettatori coinvolti, con una copertura televisiva internazionale. Quindi \u00e8 anche una grandissima occasione di promozione territoriale. Gi\u00e0 da qualche anno con la Regione Veneto abbiamo deciso di puntare sul Giro come leva promozionale e nel 2023 attraverseremo le montagne pi\u00f9 belle del mondo ma anche la memoria, con il passaggio vicino al cimitero delle vittime del Vajont, in occasione dei sessant&#8217;anni dal disastro del 9 ottobre. Proprio per questo, attiveremo un gruppo di lavoro con i Comuni citt\u00e0 di tappa e con la DMO Dolomiti, che avr\u00e0 il compito di coordinare le due tappe e gli eventi collaterali che nasceranno. E anche promuovere il prodotto bike, per spingere sulla ciclabilit\u00e0 come vettore turistico sostenibile\u00bb<\/p>\n<p>&nbsp;<\/p>\n<p><strong>Giro d&#8217;Italia 2023 106ma edizione<\/strong><\/p>\n<p><strong>8 tappe per velocisti, tre prove contro il tempo per un totale di 70,6 km, 7 tappe di montagna con altrettanti arrivi in salita compresa la cronoscalata del Monte Lussari e 4 tappe mosse, molto insidiose, saranno il men\u00f9 di questo 106\u00b0 Giro d\u2019Italia che propone 51.300 metri di dislivello nei suoi 3.448,6 chilometri totali da percorrere. Partenza dall\u2019Abruzzo con una cronometro individuale, sulla pista ciclabile della Costa dei Trabocchi, e gran finale a Roma dove la Corsa Rosa terminer\u00e0 per la quinta volta nella sua storia. L\u2019unico sconfinamento del Giro sar\u00e0 in Svizzera con l\u2019arrivo in salita a Crans Montana che avr\u00e0 nella tappa la Cima Coppi di questo Giro: il Colle del Gran San Bernardo con i suoi 2.469 metri. La Scandiano \u2013 Viareggio sar\u00e0 la Tappa Bartali, il Gran Sasso d\u2019Italia (Campo Imperatore) sar\u00e0 la Montagna Pantani (nel 1999 la vittoria del Pirata).<\/strong><\/p>\n<p>Milano, 17 ottobre 2022 \u2013 In uno dei \u201csalotti\u201d storici nel centro di Milano, il Teatro Lirico Giorgio Gaber, \u00e8 stato presentato il percorso del 106\u00b0 Giro d\u2019Italia in programma dal 6 al 28 maggio 2023. Al vernissage, presentato da Cristina Fantoni e Paolo Kessisoglu, hanno partecipato molti volti noti dello sport, dello spettacolo, delle istituzioni e delle aziende che fanno e faranno parte della grande famiglia del Giro d\u2019Italia. Sul palco del teatro sono intervenuti anche il vincitore dell\u2019ultimo Giro d\u2019Italia, Jai Hindley, l\u2019ultimo vincitore della Maglia Ciclamino, Arnaud Demare, il vincitore dell\u2019ultima Maglia Azzurra degli scalatori, Koen Bouwman oltre a due grandi campioni che hanno fatto la storia della Corsa Rosa come Vincenzo Nibali e Alberto Contador. All\u2019interno della presentazione un talk show con i direttori del Corriere della Sera, Luciano Fontana; de La Gazzetta dello Sport, Stefano Barigelli; del quotidiano spagnolo, Marca, Juan Ignacio Gallardo, ha evidenziato come un grande evento internazionale &#8211; non solo sportivo \u2013 viene trattato dai media in tutte le sue sfaccettature e di come il modo di fare giornalismo sia cambiato col passare degli anni.<\/p>\n<p>A fare gli onori di casa il Presidente di RCS Mediagroup, Urbano Cairo; l\u2019Amministratore Delegato di RCS Sport, Paolo Bellino e il Direttore del Giro d\u2019Italia, Mauro Vegni.<\/p>\n<p><strong>GRANDE PARTENZA<\/strong><br \/>\nPer la seconda volta nella sua storia il Giro d\u2019Italia partir\u00e0 dalla Regione Abruzzo dopo quella del 2001.<br \/>\nPrima frazione a cronometro, quella di sabato 6 maggio, quasi interamente sulla Ciclovia dei Trabocchi che ripercorre la ferrovia adriatica dismessa. La prima parte \u00e8 interamente pianeggiante con vista sui trabocchi e sul mare fino al porto di Ortona dove la strada sale per poco pi\u00f9 di 1 km fino all\u2019arrivo in centro citt\u00e0.<br \/>\nDomenica 7, tappa adatta ai velocisti, con partenza da Teramo e un percorso ondulato nella prima parte. Si segue poi la costa con alcune escursioni all\u2019interno per scalare Silvi Paese, Chieti e Ripa Teatina. Finale lungo la costa fino alla volata sul lungomare di San Salvo Marina.<\/p>\n<p><strong>PRIMA SETTIMANA<\/strong><br \/>\nRipartenza da Vasto e arrivo a Melfi in una tappa nettamente divisa in due parti. La prima fino all\u2019ingresso in Basilicata completamente pianeggiante prima di incontrare le montagne del Vulture. Si attraversa il massiccio del Monte Vulture toccando i Laghi di Monticchio prima di scendere su Rionero e Rapolla in vista della risalita finale a Melfi.<br \/>\nPrima tappa appenninica che supera una serie di asperit\u00e0 fino ad accumulare 3500 m di dislivello quella che da Venosa porta a Lago Laceno, primo arrivo in salita del Giro.<br \/>\nMercoled\u00ec 10 e gioved\u00ec 11 spazio alle ruote veloci del gruppo con la Atripalda \u2013 Salerno e la Napoli \u2013 Napoli dove comunque gli sprinter puri dovranno conquistarsi la volata visto il percorso non interamente pianeggiante.<br \/>\nSecondo arrivo in salita del Giro e primo sopra i 2000 metri quello a Campo Imperatore sul Gran Sasso d\u2019Italia (2135 m) con partenza da Capua. Dopo un lungo avvicinamento si scala la salita classica di Roccaraso e il Piano delle Cinque Miglia prima di una lunghissima discesa fino ai piedi del Gran Sasso. L\u2019ascesa a Campo Imperatore \u00e8 una salita interminabile di quasi 45 km spezzata da un falsopiano.<br \/>\nSabato 13 maggio, da Terni a Fossombrone, una tappa mossa con i muri delle Marche a decidere il finale. I 60 km finali racchiudono praticamente tutto il dislivello (2.500 metri). Si scalano le ascese dei Cappuccini (3 km circa on pendenze fino al 19%), il Monte delle Cesane (7 km circa con pendenze fino al 18%) e dopo lo strappo di Montefelcino nuovamente la salita dei Cappuccini la cui cima, a 5 km dall\u2019arrivo, \u00e8 il trampolino ideale per chi volesse vincere la tappa.<br \/>\nCronometro interamente piatta, per specialisti, quella che da Savignano al Rubicone porta a Cesena (Technogym Village) dopo 33,6 km.<\/p>\n<p><strong>SECONDA SETTIMANA<\/strong><br \/>\nDopo il primo giorno di riposo, marted\u00ec 16 e mercoled\u00ec 17 il gruppo affronter\u00e0 due tappe adatte alle ruote veloci del gruppo: la Scandiano \u2013 Viareggio e la Camaiore \u2013 Tortona.<br \/>\nSi cambia registro gioved\u00ec 18 maggio con la Bra \u2013 Rivoli: tappa mista caratterizzata da tre segmenti riassumibili nel trittico collina-pianura-montagna. Dopo la prima parte collinare si attraversa quindi per circa 60 km la pianura Padana passando sulla linea di arrivo prima di affrontare l\u2019impegnativa salita del Colle Braida transitando accanto alla Sacra di San Michele. Ultimi 20 km ondulati fino a raggiungere Rivoli.<br \/>\nIl giorno seguente tappone alpino da Borgofranco d\u2019Ivrea a Crans Montana in Svizzera. Questo sar\u00e0 l\u2019unico sconfinamento di questo Giro. Si scalano il Colle del Gran San Bernardo (2469 m \u2013 Cima Coppi) lungo ben 34 km pur senza pendenze eccessive. Si supera quindi la Croix de Coeur (15 km x 1350 m disl) un altro passo over-2000. Seconda discesa di oltre 22 km e dopo un breve piano salita finale a Crans Montana da un versante inedito rispetto agli approcci consueti alla localit\u00e0 turistica.<br \/>\nAltra frazione adatta ai velocisti quella che partir\u00e0 da Sierre a Cassano Magnago prima della tappa \u201cdi montagna in citt\u00e0\u201d, la Bergamo \u2013 Bergamo di domenica 21 maggio.<br \/>\nSebbene intervallate da tratti abbastanza semplici le salite da affrontare possono costituire terreno per ogni tipo di attacco. Dopo pochi chilometri si scala la Valcava con le sue pendenze arcigne entrando in provincia di Bergamo. Primo passaggio in citt\u00e0 (non sull\u2019arrivo) per scalare i tornanti di Selvino. Discesa su Bracca e Sedrina per rientrare in Bergamo attraverso il traguardo (strappo della Boccola). Si affronta quindi la Roncola dal versante di Barlino per ridiscendere su Bergamo fino all\u2019arrivo in citt\u00e0.<\/p>\n<p><strong>ULTIMA SETTIMANA<\/strong><br \/>\nDopo il secondo e ultimo giorno di riposo il secondo tappone del Giro attende la carovana. La Sabbio Chiese &#8211; Monte Bondone si svolge tutta a quote relativamente basse, ma accumula oltre 5000 m di dislivello suddivisi tra salite molto dure e altre pedalabili. Prima parte lungo la costiera occidentale del Garda per raggiungere il Trentino a Riva del Garda. Si scala quindi il Passo di Santa Barbara (media attorno al 10%) e in rapida successione il Passo di Bordala. Discesa veloce su Rovereto da dove si entra nella Vallarsa per poi svoltare verso l\u2019altopiano di Folgaria passando da Serrada. Discesa impegnativa fino alla valle dell\u2019Adige a Calliano e dopo l\u2019unico breve tratto pianeggiante di circa 10 km si scala il Monte Bondone dal versante di Aldeno con i suoi cambi di pendenza con punte fino al 15%.<br \/>\nSi rifiata mercoled\u00ec 24 maggio con una tappa completamente pianeggiante da Pergine Valsugana a Caorle prima di una tre giorni in crescendo.<br \/>\nLa 18a frazione da Oderzo alla Val di Zoldo prevede infatti 3.700 m di dislivello. Tappa di montagna breve ma intensa. Dopo pochi chilometri dalla partenza si scala il Cansiglio dal versante classico di Vittorio Veneto (Passo la Crosetta) per entrare nel territorio dell\u2019Alpago e percorrerlo fino a raggiungere la valle del Piave. Dopo Longarone si tocca Pieve di Cadore per scalare senza tratti di riposo la Forcella Cibiana e, inedito 2023, dopo Forno la salita di Coi con i suoi quasi 4 km oltre il 10% e le punte al 19%. Da l\u00ec mancheranno 5 km all\u2019arrivo divisi equamente tra discesa e risalita pedalabile.<br \/>\nEcco il tappone Dolomitico, quello di venerd\u00ec 29 maggio, da Longarone (nel 2023 si commemoreranno i 60 anni dalla tragedia del Vajont) alle Tre Cime di Lavaredo (182 km e 5.400 metri di dislivello). Dopo l\u2019avvicinamento attraverso l\u2019Agordino si affrontano oltre 100 km che racchiudono praticamente l\u2019intero dislivello della tappa senza alcun tratto di riposo tra una salita e l\u2019altra. Giunti ad Arabba si scalano il Passo di Campolongo seguito dal Passo Valparola che immette nella \u201cScala Santa\u201d delle salite dolomitiche costituita da Passo Giau (versante Selva di Cadore 10% medio circa), Passo Tre Croci e Tre Cime di Lavaredo con le sue pendenze fino al 18%.<br \/>\nCronometro individuale estremamente impegnativa quella da Tarvisio al Monte Lussari (1050 mt di dislivello). I primi 10 km circa si svolgono in piano o leggera discesa prevalentemente lungo la Ciclovia Alpe Adria e permettono di sviluppare grandi velocit\u00e0. Giunti al Torrente Saisera (Cronometraggio intermedio) iniziano circa 8 km pavimentati in cemento che portano al Santuario. Il tratto di salita vera e propria in 7.5 km propone pendenze attorno al 12% medio con i primi 4.8 km al 15% (paragonabile al tratto centrale dello Zoncolan). Parte finale ondulata con un breve strappo (fino al 22%) in entrata al paese seguito da una breve discesa e una risalita fino all\u2019arrivo.<br \/>\nPasserella finale a Roma ai Fori Imperiali.<\/p>\n<p>&nbsp;<\/p>\n<p><strong>PILLOLE STATISTICHE<\/strong><\/p>\n<p>Per la seconda volta nella storia la Regione Abruzzo dar\u00e0 il via al Giro d\u2019Italia. La prima fu nel 2001.<br \/>\nPer la quinta volta Roma ospiter\u00e0 la chiusura del Giro d\u2019Italia. Si tratta del 49\u00b0 arrivo di tappa nella Capitale.<br \/>\nPer la quarta volta la Cima Coppi del Giro non sar\u00e0 in territorio italiano: 1971, Grossglockner (Austria); 1982, Col d\u2019Izoard (Francia); 1985 Passo del Sempione (Svizzera) e 2023 Colle del Gran San Bernardo (Svizzera).<br \/>\nL\u2019ultima volta che il Giro ha superato i 70 km totali a cronometro risale al 2013 (75,4). Il prossimo anno saranno 70,6<br \/>\n44\u00b0 arrivo a Napoli per la Corsa Rosa. L\u2019ultima volta \u00e8 stata nel maggio scorso con la vittoria di Thomas De Gendt<br \/>\nIl Gran Sasso d\u2019Italia (Campo Imperatore) vedr\u00e0 il quinto arrivo nella storia del Giro. I precedenti: 1971, Vicente Lopez-Carril; 1989, John Carlsen: 1999 Marco Pantani e 2018 Simon Yates<br \/>\n8\u00b0 arrivo a Bergamo. L\u2019ultimo nel 2017 con la vittoria di Bob Jungles.<br \/>\n6\u00b0 arrivo sul Monte Bondone. Nel 2023 verr\u00e0 scalato dal versante inedito di Aldeno. I precedenti tutti dal versante di Trento: 1956, Charly Gaul (la tappa della nevicata); 1957, Miguel Poblet; 1978, Wladimiro Panizza; 1992, Giorgio Furlan; 2006, Ivan Basso.<br \/>\n8\u00b0 arrivo alle Tre Cime di Lavaredo. I precedenti: 1967, Felice Gimondi; 1968, Eddy Merckx; 1974, Jose Manuel Fuente (ultima vittoria al Giro); 1981, Beat Breu; 1989, Lucho Herrera; 2007, Riccardo Ricc\u00f2; 2013, Vincenzo Nibali (col finale sotto la neve).<\/p>\n<p>&nbsp;<\/p>\n<p>&nbsp;<\/p>","protected":false},"excerpt":{"rendered":"<p>La montagna bellunese sar\u00e0 protagonista al Giro d&#8217;Italia 2023. La corsa rosa infatti passer\u00e0 un giorno e mezzo in provincia di Belluno, con una partenza e ben due arrivi di tappa. E le salite epiche delle Dolomiti potranno decidere la gara. L&#8217;ufficialit\u00e0 dei tracciati \u00e8 stata confermata oggi, nella presentazione del Giro 2023 al Teatro [&hellip;]<\/p>\n","protected":false},"author":2,"featured_media":133810,"comment_status":"closed","ping_status":"open","sticky":false,"template":"","format":"standard","meta":{"footnotes":""},"categories":[26,4],"tags":[],"class_list":["post-137048","post","type-post","status-publish","format-standard","has-post-thumbnail","category-prima-pagina","category-sport"],"yoast_head":"<!-- This site is optimized with the Yoast SEO plugin v28.4 - https:\/\/yoast.com\/product\/yoast-seo-wordpress\/ -->\n<title>Giro d&#039;Italia, svelata la 106ma edizione. Due tappe nel Bellunese il 25 e 26 maggio - Bellunopress - Dolomiti<\/title>\n<meta name=\"robots\" content=\"index, follow, max-snippet:-1, max-image-preview:large, max-video-preview:-1\" \/>\n<link rel=\"canonical\" href=\"https:\/\/www.bellunopress.it\/fr\/2022\/10\/17\/giro-ditalia-svelata-la-106ma-edizione-due-tappe-nel-bellunese-il-25-e-26-maggio\/\" \/>\n<meta property=\"og:locale\" content=\"fr_FR\" \/>\n<meta property=\"og:type\" content=\"article\" \/>\n<meta property=\"og:title\" content=\"Giro d&#039;Italia, svelata la 106ma edizione. Due tappe nel Bellunese il 25 e 26 maggio - Bellunopress - Dolomiti\" \/>\n<meta property=\"og:description\" content=\"La montagna bellunese sar\u00e0 protagonista al Giro d&#8217;Italia 2023. La corsa rosa infatti passer\u00e0 un giorno e mezzo in provincia di Belluno, con una partenza e ben due arrivi di tappa. E le salite epiche delle Dolomiti potranno decidere la gara. L&#8217;ufficialit\u00e0 dei tracciati \u00e8 stata confermata oggi, nella presentazione del Giro 2023 al Teatro [&hellip;]\" \/>\n<meta property=\"og:url\" content=\"https:\/\/www.bellunopress.it\/fr\/2022\/10\/17\/giro-ditalia-svelata-la-106ma-edizione-due-tappe-nel-bellunese-il-25-e-26-maggio\/\" \/>\n<meta property=\"og:site_name\" content=\"Bellunopress - Dolomiti\" \/>\n<meta property=\"article:publisher\" content=\"https:\/\/www.facebook.com\/profile.php?id=100008943462799\" \/>\n<meta property=\"article:published_time\" content=\"2022-10-17T19:16:49+00:00\" \/>\n<meta property=\"article:modified_time\" content=\"2022-10-17T19:18:15+00:00\" \/>\n<meta property=\"og:image\" content=\"https:\/\/www.bellunopress.it\/wp-content\/uploads\/2022\/05\/Giro-dItalia_edited.jpg\" \/>\n\t<meta property=\"og:image:width\" content=\"1000\" \/>\n\t<meta property=\"og:image:height\" content=\"667\" \/>\n\t<meta property=\"og:image:type\" content=\"image\/jpeg\" \/>\n<meta name=\"author\" content=\"redazione\" \/>\n<meta name=\"twitter:card\" content=\"summary_large_image\" \/>\n<meta name=\"twitter:creator\" content=\"@bellunopress\" \/>\n<meta name=\"twitter:site\" content=\"@bellunopress\" \/>\n<meta name=\"twitter:label1\" content=\"\u00c9crit par\" \/>\n\t<meta name=\"twitter:data1\" content=\"redazione\" \/>\n\t<meta name=\"twitter:label2\" content=\"Dur\u00e9e de lecture estim\u00e9e\" \/>\n\t<meta name=\"twitter:data2\" content=\"12 minutes\" \/>\n<script type=\"application\/ld+json\" class=\"yoast-schema-graph\">{\"@context\":\"https:\\\/\\\/schema.org\",\"@graph\":[{\"@type\":\"Article\",\"@id\":\"https:\\\/\\\/www.bellunopress.it\\\/2022\\\/10\\\/17\\\/giro-ditalia-svelata-la-106ma-edizione-due-tappe-nel-bellunese-il-25-e-26-maggio\\\/#article\",\"isPartOf\":{\"@id\":\"https:\\\/\\\/www.bellunopress.it\\\/2022\\\/10\\\/17\\\/giro-ditalia-svelata-la-106ma-edizione-due-tappe-nel-bellunese-il-25-e-26-maggio\\\/\"},\"author\":{\"name\":\"redazione\",\"@id\":\"https:\\\/\\\/www.bellunopress.it\\\/#\\\/schema\\\/person\\\/79bb06722b37ece1c03d3e94beb30d73\"},\"headline\":\"Giro d&#8217;Italia, svelata la 106ma edizione. Due tappe nel Bellunese il 25 e 26 maggio\",\"datePublished\":\"2022-10-17T19:16:49+00:00\",\"dateModified\":\"2022-10-17T19:18:15+00:00\",\"mainEntityOfPage\":{\"@id\":\"https:\\\/\\\/www.bellunopress.it\\\/2022\\\/10\\\/17\\\/giro-ditalia-svelata-la-106ma-edizione-due-tappe-nel-bellunese-il-25-e-26-maggio\\\/\"},\"wordCount\":2101,\"publisher\":{\"@id\":\"https:\\\/\\\/www.bellunopress.it\\\/#organization\"},\"image\":{\"@id\":\"https:\\\/\\\/www.bellunopress.it\\\/2022\\\/10\\\/17\\\/giro-ditalia-svelata-la-106ma-edizione-due-tappe-nel-bellunese-il-25-e-26-maggio\\\/#primaryimage\"},\"thumbnailUrl\":\"https:\\\/\\\/www.bellunopress.it\\\/wp-content\\\/uploads\\\/2022\\\/05\\\/Giro-dItalia_edited.jpg\",\"articleSection\":[\"Prima Pagina\",\"Sport, tempo libero\"],\"inLanguage\":\"fr-FR\"},{\"@type\":\"WebPage\",\"@id\":\"https:\\\/\\\/www.bellunopress.it\\\/2022\\\/10\\\/17\\\/giro-ditalia-svelata-la-106ma-edizione-due-tappe-nel-bellunese-il-25-e-26-maggio\\\/\",\"url\":\"https:\\\/\\\/www.bellunopress.it\\\/2022\\\/10\\\/17\\\/giro-ditalia-svelata-la-106ma-edizione-due-tappe-nel-bellunese-il-25-e-26-maggio\\\/\",\"name\":\"Giro d'Italia, svelata la 106ma edizione. Due tappe nel Bellunese il 25 e 26 maggio - Bellunopress - Dolomiti\",\"isPartOf\":{\"@id\":\"https:\\\/\\\/www.bellunopress.it\\\/#website\"},\"primaryImageOfPage\":{\"@id\":\"https:\\\/\\\/www.bellunopress.it\\\/2022\\\/10\\\/17\\\/giro-ditalia-svelata-la-106ma-edizione-due-tappe-nel-bellunese-il-25-e-26-maggio\\\/#primaryimage\"},\"image\":{\"@id\":\"https:\\\/\\\/www.bellunopress.it\\\/2022\\\/10\\\/17\\\/giro-ditalia-svelata-la-106ma-edizione-due-tappe-nel-bellunese-il-25-e-26-maggio\\\/#primaryimage\"},\"thumbnailUrl\":\"https:\\\/\\\/www.bellunopress.it\\\/wp-content\\\/uploads\\\/2022\\\/05\\\/Giro-dItalia_edited.jpg\",\"datePublished\":\"2022-10-17T19:16:49+00:00\",\"dateModified\":\"2022-10-17T19:18:15+00:00\",\"breadcrumb\":{\"@id\":\"https:\\\/\\\/www.bellunopress.it\\\/2022\\\/10\\\/17\\\/giro-ditalia-svelata-la-106ma-edizione-due-tappe-nel-bellunese-il-25-e-26-maggio\\\/#breadcrumb\"},\"inLanguage\":\"fr-FR\",\"potentialAction\":[{\"@type\":\"ReadAction\",\"target\":[\"https:\\\/\\\/www.bellunopress.it\\\/2022\\\/10\\\/17\\\/giro-ditalia-svelata-la-106ma-edizione-due-tappe-nel-bellunese-il-25-e-26-maggio\\\/\"]}]},{\"@type\":\"ImageObject\",\"inLanguage\":\"fr-FR\",\"@id\":\"https:\\\/\\\/www.bellunopress.it\\\/2022\\\/10\\\/17\\\/giro-ditalia-svelata-la-106ma-edizione-due-tappe-nel-bellunese-il-25-e-26-maggio\\\/#primaryimage\",\"url\":\"https:\\\/\\\/www.bellunopress.it\\\/wp-content\\\/uploads\\\/2022\\\/05\\\/Giro-dItalia_edited.jpg\",\"contentUrl\":\"https:\\\/\\\/www.bellunopress.it\\\/wp-content\\\/uploads\\\/2022\\\/05\\\/Giro-dItalia_edited.jpg\",\"width\":1000,\"height\":667},{\"@type\":\"BreadcrumbList\",\"@id\":\"https:\\\/\\\/www.bellunopress.it\\\/2022\\\/10\\\/17\\\/giro-ditalia-svelata-la-106ma-edizione-due-tappe-nel-bellunese-il-25-e-26-maggio\\\/#breadcrumb\",\"itemListElement\":[{\"@type\":\"ListItem\",\"position\":1,\"name\":\"Home\",\"item\":\"https:\\\/\\\/www.bellunopress.it\\\/\"},{\"@type\":\"ListItem\",\"position\":2,\"name\":\"Giro d&#8217;Italia, svelata la 106ma edizione. Due tappe nel Bellunese il 25 e 26 maggio\"}]},{\"@type\":\"WebSite\",\"@id\":\"https:\\\/\\\/www.bellunopress.it\\\/#website\",\"url\":\"https:\\\/\\\/www.bellunopress.it\\\/\",\"name\":\"Bellunopress - Dolomiti\",\"description\":\"e-mail: redazione@bellunopress.it\",\"publisher\":{\"@id\":\"https:\\\/\\\/www.bellunopress.it\\\/#organization\"},\"potentialAction\":[{\"@type\":\"SearchAction\",\"target\":{\"@type\":\"EntryPoint\",\"urlTemplate\":\"https:\\\/\\\/www.bellunopress.it\\\/?s={search_term_string}\"},\"query-input\":{\"@type\":\"PropertyValueSpecification\",\"valueRequired\":true,\"valueName\":\"search_term_string\"}}],\"inLanguage\":\"fr-FR\"},{\"@type\":\"Organization\",\"@id\":\"https:\\\/\\\/www.bellunopress.it\\\/#organization\",\"name\":\"Bellunopress\",\"url\":\"https:\\\/\\\/www.bellunopress.it\\\/\",\"logo\":{\"@type\":\"ImageObject\",\"inLanguage\":\"fr-FR\",\"@id\":\"https:\\\/\\\/www.bellunopress.it\\\/#\\\/schema\\\/logo\\\/image\\\/\",\"url\":\"https:\\\/\\\/www.bellunopress.it\\\/wp-content\\\/uploads\\\/2011\\\/05\\\/cropped-logo-bellunopress-.jpg\",\"contentUrl\":\"https:\\\/\\\/www.bellunopress.it\\\/wp-content\\\/uploads\\\/2011\\\/05\\\/cropped-logo-bellunopress-.jpg\",\"width\":512,\"height\":512,\"caption\":\"Bellunopress\"},\"image\":{\"@id\":\"https:\\\/\\\/www.bellunopress.it\\\/#\\\/schema\\\/logo\\\/image\\\/\"},\"sameAs\":[\"https:\\\/\\\/www.facebook.com\\\/profile.php?id=100008943462799\",\"https:\\\/\\\/x.com\\\/bellunopress\",\"https:\\\/\\\/www.linkedin.com\\\/hp\\\/?dnr=JBzUWaJfMUw8vbXJJ2tVW5-I3jZKvC4wsoxE&amp;amp;amp;amp;amp;amp;trk=nav_responsive_tab_home\",\"https:\\\/\\\/www.youtube.com\\\/channel\\\/UCxL0wu1uN0_3_7hGG0306cw\"]},{\"@type\":\"Person\",\"@id\":\"https:\\\/\\\/www.bellunopress.it\\\/#\\\/schema\\\/person\\\/79bb06722b37ece1c03d3e94beb30d73\",\"name\":\"redazione\",\"image\":{\"@type\":\"ImageObject\",\"inLanguage\":\"fr-FR\",\"@id\":\"https:\\\/\\\/secure.gravatar.com\\\/avatar\\\/37d968a2e67a6fd04c169c4bdef102d0bc5d31b2546345219e348575eb80e9a0?s=96&d=mm&r=g\",\"url\":\"https:\\\/\\\/secure.gravatar.com\\\/avatar\\\/37d968a2e67a6fd04c169c4bdef102d0bc5d31b2546345219e348575eb80e9a0?s=96&d=mm&r=g\",\"contentUrl\":\"https:\\\/\\\/secure.gravatar.com\\\/avatar\\\/37d968a2e67a6fd04c169c4bdef102d0bc5d31b2546345219e348575eb80e9a0?s=96&d=mm&r=g\",\"caption\":\"redazione\"},\"sameAs\":[\"http:\\\/\\\/www.bellunopress.it\",\"https:\\\/\\\/x.com\\\/bellunopress\"],\"url\":\"https:\\\/\\\/www.bellunopress.it\\\/fr\\\/author\\\/redazione\\\/\"}]}<\/script>\n<!-- \/ Yoast SEO plugin. -->","yoast_head_json":{"title":"Giro d'Italia, svelata la 106ma edizione. Due tappe nel Bellunese il 25 e 26 maggio - Bellunopress - Dolomiti","robots":{"index":"index","follow":"follow","max-snippet":"max-snippet:-1","max-image-preview":"max-image-preview:large","max-video-preview":"max-video-preview:-1"},"canonical":"https:\/\/www.bellunopress.it\/fr\/2022\/10\/17\/giro-ditalia-svelata-la-106ma-edizione-due-tappe-nel-bellunese-il-25-e-26-maggio\/","og_locale":"fr_FR","og_type":"article","og_title":"Giro d'Italia, svelata la 106ma edizione. Due tappe nel Bellunese il 25 e 26 maggio - Bellunopress - Dolomiti","og_description":"La montagna bellunese sar\u00e0 protagonista al Giro d&#8217;Italia 2023. La corsa rosa infatti passer\u00e0 un giorno e mezzo in provincia di Belluno, con una partenza e ben due arrivi di tappa. E le salite epiche delle Dolomiti potranno decidere la gara. L&#8217;ufficialit\u00e0 dei tracciati \u00e8 stata confermata oggi, nella presentazione del Giro 2023 al Teatro [&hellip;]","og_url":"https:\/\/www.bellunopress.it\/fr\/2022\/10\/17\/giro-ditalia-svelata-la-106ma-edizione-due-tappe-nel-bellunese-il-25-e-26-maggio\/","og_site_name":"Bellunopress - Dolomiti","article_publisher":"https:\/\/www.facebook.com\/profile.php?id=100008943462799","article_published_time":"2022-10-17T19:16:49+00:00","article_modified_time":"2022-10-17T19:18:15+00:00","og_image":[{"width":1000,"height":667,"url":"https:\/\/www.bellunopress.it\/wp-content\/uploads\/2022\/05\/Giro-dItalia_edited.jpg","type":"image\/jpeg"}],"author":"redazione","twitter_card":"summary_large_image","twitter_creator":"@bellunopress","twitter_site":"@bellunopress","twitter_misc":{"\u00c9crit par":"redazione","Dur\u00e9e de lecture estim\u00e9e":"12 minutes"},"schema":{"@context":"https:\/\/schema.org","@graph":[{"@type":"Article","@id":"https:\/\/www.bellunopress.it\/2022\/10\/17\/giro-ditalia-svelata-la-106ma-edizione-due-tappe-nel-bellunese-il-25-e-26-maggio\/#article","isPartOf":{"@id":"https:\/\/www.bellunopress.it\/2022\/10\/17\/giro-ditalia-svelata-la-106ma-edizione-due-tappe-nel-bellunese-il-25-e-26-maggio\/"},"author":{"name":"redazione","@id":"https:\/\/www.bellunopress.it\/#\/schema\/person\/79bb06722b37ece1c03d3e94beb30d73"},"headline":"Giro d&#8217;Italia, svelata la 106ma edizione. Due tappe nel Bellunese il 25 e 26 maggio","datePublished":"2022-10-17T19:16:49+00:00","dateModified":"2022-10-17T19:18:15+00:00","mainEntityOfPage":{"@id":"https:\/\/www.bellunopress.it\/2022\/10\/17\/giro-ditalia-svelata-la-106ma-edizione-due-tappe-nel-bellunese-il-25-e-26-maggio\/"},"wordCount":2101,"publisher":{"@id":"https:\/\/www.bellunopress.it\/#organization"},"image":{"@id":"https:\/\/www.bellunopress.it\/2022\/10\/17\/giro-ditalia-svelata-la-106ma-edizione-due-tappe-nel-bellunese-il-25-e-26-maggio\/#primaryimage"},"thumbnailUrl":"https:\/\/www.bellunopress.it\/wp-content\/uploads\/2022\/05\/Giro-dItalia_edited.jpg","articleSection":["Prima Pagina","Sport, tempo libero"],"inLanguage":"fr-FR"},{"@type":"WebPage","@id":"https:\/\/www.bellunopress.it\/2022\/10\/17\/giro-ditalia-svelata-la-106ma-edizione-due-tappe-nel-bellunese-il-25-e-26-maggio\/","url":"https:\/\/www.bellunopress.it\/2022\/10\/17\/giro-ditalia-svelata-la-106ma-edizione-due-tappe-nel-bellunese-il-25-e-26-maggio\/","name":"Giro d'Italia, svelata la 106ma edizione. Due tappe nel Bellunese il 25 e 26 maggio - Bellunopress - Dolomiti","isPartOf":{"@id":"https:\/\/www.bellunopress.it\/#website"},"primaryImageOfPage":{"@id":"https:\/\/www.bellunopress.it\/2022\/10\/17\/giro-ditalia-svelata-la-106ma-edizione-due-tappe-nel-bellunese-il-25-e-26-maggio\/#primaryimage"},"image":{"@id":"https:\/\/www.bellunopress.it\/2022\/10\/17\/giro-ditalia-svelata-la-106ma-edizione-due-tappe-nel-bellunese-il-25-e-26-maggio\/#primaryimage"},"thumbnailUrl":"https:\/\/www.bellunopress.it\/wp-content\/uploads\/2022\/05\/Giro-dItalia_edited.jpg","datePublished":"2022-10-17T19:16:49+00:00","dateModified":"2022-10-17T19:18:15+00:00","breadcrumb":{"@id":"https:\/\/www.bellunopress.it\/2022\/10\/17\/giro-ditalia-svelata-la-106ma-edizione-due-tappe-nel-bellunese-il-25-e-26-maggio\/#breadcrumb"},"inLanguage":"fr-FR","potentialAction":[{"@type":"ReadAction","target":["https:\/\/www.bellunopress.it\/2022\/10\/17\/giro-ditalia-svelata-la-106ma-edizione-due-tappe-nel-bellunese-il-25-e-26-maggio\/"]}]},{"@type":"ImageObject","inLanguage":"fr-FR","@id":"https:\/\/www.bellunopress.it\/2022\/10\/17\/giro-ditalia-svelata-la-106ma-edizione-due-tappe-nel-bellunese-il-25-e-26-maggio\/#primaryimage","url":"https:\/\/www.bellunopress.it\/wp-content\/uploads\/2022\/05\/Giro-dItalia_edited.jpg","contentUrl":"https:\/\/www.bellunopress.it\/wp-content\/uploads\/2022\/05\/Giro-dItalia_edited.jpg","width":1000,"height":667},{"@type":"BreadcrumbList","@id":"https:\/\/www.bellunopress.it\/2022\/10\/17\/giro-ditalia-svelata-la-106ma-edizione-due-tappe-nel-bellunese-il-25-e-26-maggio\/#breadcrumb","itemListElement":[{"@type":"ListItem","position":1,"name":"Home","item":"https:\/\/www.bellunopress.it\/"},{"@type":"ListItem","position":2,"name":"Giro d&#8217;Italia, svelata la 106ma edizione. Due tappe nel Bellunese il 25 e 26 maggio"}]},{"@type":"WebSite","@id":"https:\/\/www.bellunopress.it\/#website","url":"https:\/\/www.bellunopress.it\/","name":"Bellunopress - Dolomiti","description":"e-mail: redazione@bellunopress.it","publisher":{"@id":"https:\/\/www.bellunopress.it\/#organization"},"potentialAction":[{"@type":"SearchAction","target":{"@type":"EntryPoint","urlTemplate":"https:\/\/www.bellunopress.it\/?s={search_term_string}"},"query-input":{"@type":"PropertyValueSpecification","valueRequired":true,"valueName":"search_term_string"}}],"inLanguage":"fr-FR"},{"@type":"Organization","@id":"https:\/\/www.bellunopress.it\/#organization","name":"Bellunopress","url":"https:\/\/www.bellunopress.it\/","logo":{"@type":"ImageObject","inLanguage":"fr-FR","@id":"https:\/\/www.bellunopress.it\/#\/schema\/logo\/image\/","url":"https:\/\/www.bellunopress.it\/wp-content\/uploads\/2011\/05\/cropped-logo-bellunopress-.jpg","contentUrl":"https:\/\/www.bellunopress.it\/wp-content\/uploads\/2011\/05\/cropped-logo-bellunopress-.jpg","width":512,"height":512,"caption":"Bellunopress"},"image":{"@id":"https:\/\/www.bellunopress.it\/#\/schema\/logo\/image\/"},"sameAs":["https:\/\/www.facebook.com\/profile.php?id=100008943462799","https:\/\/x.com\/bellunopress","https:\/\/www.linkedin.com\/hp\/?dnr=JBzUWaJfMUw8vbXJJ2tVW5-I3jZKvC4wsoxE&amp;amp;amp;amp;amp;amp;trk=nav_responsive_tab_home","https:\/\/www.youtube.com\/channel\/UCxL0wu1uN0_3_7hGG0306cw"]},{"@type":"Person","@id":"https:\/\/www.bellunopress.it\/#\/schema\/person\/79bb06722b37ece1c03d3e94beb30d73","name":"r\u00e9daction","image":{"@type":"ImageObject","inLanguage":"fr-FR","@id":"https:\/\/secure.gravatar.com\/avatar\/37d968a2e67a6fd04c169c4bdef102d0bc5d31b2546345219e348575eb80e9a0?s=96&d=mm&r=g","url":"https:\/\/secure.gravatar.com\/avatar\/37d968a2e67a6fd04c169c4bdef102d0bc5d31b2546345219e348575eb80e9a0?s=96&d=mm&r=g","contentUrl":"https:\/\/secure.gravatar.com\/avatar\/37d968a2e67a6fd04c169c4bdef102d0bc5d31b2546345219e348575eb80e9a0?s=96&d=mm&r=g","caption":"redazione"},"sameAs":["http:\/\/www.bellunopress.it","https:\/\/x.com\/bellunopress"],"url":"https:\/\/www.bellunopress.it\/fr\/author\/redazione\/"}]}},"_links":{"self":[{"href":"https:\/\/www.bellunopress.it\/fr\/wp-json\/wp\/v2\/posts\/137048","targetHints":{"allow":["GET"]}}],"collection":[{"href":"https:\/\/www.bellunopress.it\/fr\/wp-json\/wp\/v2\/posts"}],"about":[{"href":"https:\/\/www.bellunopress.it\/fr\/wp-json\/wp\/v2\/types\/post"}],"author":[{"embeddable":true,"href":"https:\/\/www.bellunopress.it\/fr\/wp-json\/wp\/v2\/users\/2"}],"replies":[{"embeddable":true,"href":"https:\/\/www.bellunopress.it\/fr\/wp-json\/wp\/v2\/comments?post=137048"}],"version-history":[{"count":2,"href":"https:\/\/www.bellunopress.it\/fr\/wp-json\/wp\/v2\/posts\/137048\/revisions"}],"predecessor-version":[{"id":137050,"href":"https:\/\/www.bellunopress.it\/fr\/wp-json\/wp\/v2\/posts\/137048\/revisions\/137050"}],"wp:featuredmedia":[{"embeddable":true,"href":"https:\/\/www.bellunopress.it\/fr\/wp-json\/wp\/v2\/media\/133810"}],"wp:attachment":[{"href":"https:\/\/www.bellunopress.it\/fr\/wp-json\/wp\/v2\/media?parent=137048"}],"wp:term":[{"taxonomy":"category","embeddable":true,"href":"https:\/\/www.bellunopress.it\/fr\/wp-json\/wp\/v2\/categories?post=137048"},{"taxonomy":"post_tag","embeddable":true,"href":"https:\/\/www.bellunopress.it\/fr\/wp-json\/wp\/v2\/tags?post=137048"}],"curies":[{"name":"wp","href":"https:\/\/api.w.org\/{rel}","templated":true}]}}