{"id":137043,"date":"2022-10-17T14:52:46","date_gmt":"2022-10-17T12:52:46","guid":{"rendered":"https:\/\/www.bellunopress.it\/?p=137043"},"modified":"2022-10-17T14:52:46","modified_gmt":"2022-10-17T12:52:46","slug":"proseguono-le-mostre-allestite-in-occasione-di-oltre-le-vette","status":"publish","type":"post","link":"https:\/\/www.bellunopress.it\/fr\/2022\/10\/17\/proseguono-le-mostre-allestite-in-occasione-di-oltre-le-vette\/","title":{"rendered":"Proseguono le mostre allestite in occasione di Oltre le Vette"},"content":{"rendered":"<p><em><strong>A Palazzo Bembo, Alpimagia con foto di Stefano Torrione e testi di Paolo Cognetti<\/strong><\/em><br \/>\n<em><strong>A Palazzo Fulcis la mostra su Buzzati visitabile fino all\u201911 dicembre<\/strong><\/em><br \/>\n<em><strong>A Sedico e Seravella le altre due esposizioni \u201cfuori dal Comune\u201d<\/strong><\/em><\/p>\n<figure id=\"attachment_137044\" aria-describedby=\"caption-attachment-137044\" style=\"width: 1000px\" class=\"wp-caption alignleft\"><img loading=\"lazy\" decoding=\"async\" class=\"size-full wp-image-137044\" src=\"https:\/\/www.bellunopress.it\/wp-content\/uploads\/2022\/10\/palazzo-bembo-presentazione-Oltre-le-Vette_edited.jpg\" alt=\"\" width=\"1000\" height=\"750\" srcset=\"https:\/\/www.bellunopress.it\/wp-content\/uploads\/2022\/10\/palazzo-bembo-presentazione-Oltre-le-Vette_edited.jpg 1000w, https:\/\/www.bellunopress.it\/wp-content\/uploads\/2022\/10\/palazzo-bembo-presentazione-Oltre-le-Vette_edited-500x375.jpg 500w, https:\/\/www.bellunopress.it\/wp-content\/uploads\/2022\/10\/palazzo-bembo-presentazione-Oltre-le-Vette_edited-696x522.jpg 696w, https:\/\/www.bellunopress.it\/wp-content\/uploads\/2022\/10\/palazzo-bembo-presentazione-Oltre-le-Vette_edited-560x420.jpg 560w, https:\/\/www.bellunopress.it\/wp-content\/uploads\/2022\/10\/palazzo-bembo-presentazione-Oltre-le-Vette_edited-80x60.jpg 80w, https:\/\/www.bellunopress.it\/wp-content\/uploads\/2022\/10\/palazzo-bembo-presentazione-Oltre-le-Vette_edited-265x198.jpg 265w\" sizes=\"auto, (max-width: 1000px) 100vw, 1000px\" \/><figcaption id=\"caption-attachment-137044\" class=\"wp-caption-text\">Palazzo Bembo, presentazione della rassegna Oltre le Vette 2022<\/figcaption><\/figure>\n<p>Anche quest\u2019anno, la rassegna culturale Oltre le vette \u2013 Metafore, uomini, luoghi della montagna ha utilizzato diversi spazi quali sedi espositive per cinque mostre sui<br \/>\ntemi della montagna, offrendo ai visitatori molteplici opportunit\u00e0 di conoscenza e riflessione, com\u2019\u00e8 da sempre nello spirito del festival bellunese.<\/p>\n<p>Archiviata con un bel successo di pubblico la 26esima edizione, si rinnova dunque l\u2019appuntamento con le cinque esposizioni allestite in occasione di Oltre le Vette, che<br \/>\nproseguiranno nelle prossime settimane.<\/p>\n<p><strong>Le mostre:<\/strong><br \/>\n1. ALPIMAGIA \u2013 Riti, leggende e misteri dei popoli alpini<br \/>\nFotografie di Stefano Torrione, testi di Paolo Cognetti<br \/>\nUna mostra a cura di Daria Jorioz e Augusto Golin<br \/>\nPalazzo Bembo, primo piano \u2013 Belluno \u2013 fino al 2 novembre 2022 (ingresso libero)<br \/>\n2. NATURA 2000 nel Parco Nazionale Dolomiti Bellunesi \u2013 Habitat, piante e animali<br \/>\nMostra didattica sulla biodiversit\u00e0 nel Parco e sulle azioni per tutelarla<br \/>\nPalazzo Bembo, primo piano \u2013 Belluno \u2013 fino al 2 novembre 2022 (ingresso libero)<br \/>\n3. DINO BUZZATI. Dentro la creazione.<br \/>\nPalazzo Fulcis, Museo Civico \u2013 Belluno \u2013 fino all\u201911 dicembre 2022 (ingresso compreso nel<br \/>\nbiglietto del Museo)<br \/>\n4. I FOTOGRAFI DI UN PAESE \u2013 volti e immagini del \u2018900 in Val di Zoldo, di<br \/>\nAgostino e Paolo Gamba Zampol. Mostra fotografica.<br \/>\nBiblioteca civica di Sedico \u2013 fino al 29 ottobre 2022 (ingresso libero)<br \/>\n5. EMIGRAZIONE DALLE DOLOMITI NEL CORSO DEL NOVECENTO<br \/>\nMostra fotografica a cura di Luciana Palla<br \/>\nMuseo etnografico di Seravella di Cesiomaggiore BL \u2013 fino al 24 ottobre 2022 (ingresso<br \/>\nlibero)<br \/>\nPoi, la mostra sar\u00e0 allestita ad Agordo (30 ottobre &gt; 28 novembre 2022) presso la Sala<br \/>\ndon Tamis.<\/p>\n<p>Per informazioni: <a href=\"http:\/\/www.oltrelevette.it\">www.oltrelevette.it<\/a><\/p>","protected":false},"excerpt":{"rendered":"<p>A Palazzo Bembo, Alpimagia con foto di Stefano Torrione e testi di Paolo Cognetti A Palazzo Fulcis la mostra su Buzzati visitabile fino all\u201911 dicembre A Sedico e Seravella le altre due esposizioni \u201cfuori dal Comune\u201d Anche quest\u2019anno, la rassegna culturale Oltre le vette \u2013 Metafore, uomini, luoghi della montagna ha utilizzato diversi spazi quali [&hellip;]<\/p>\n","protected":false},"author":2,"featured_media":137044,"comment_status":"closed","ping_status":"open","sticky":false,"template":"","format":"standard","meta":{"footnotes":""},"categories":[3,25],"tags":[],"class_list":["post-137043","post","type-post","status-publish","format-standard","has-post-thumbnail","category-arte-cultura-spettacoli-scienza-archivi","category-pausa-caffe"],"yoast_head":"<!-- This site is optimized with the Yoast SEO plugin v28.4 - https:\/\/yoast.com\/product\/yoast-seo-wordpress\/ -->\n<title>Proseguono le mostre allestite in occasione di Oltre le Vette - Bellunopress - Dolomiti<\/title>\n<meta name=\"robots\" content=\"index, follow, max-snippet:-1, max-image-preview:large, max-video-preview:-1\" \/>\n<link rel=\"canonical\" href=\"https:\/\/www.bellunopress.it\/fr\/2022\/10\/17\/proseguono-le-mostre-allestite-in-occasione-di-oltre-le-vette\/\" \/>\n<meta property=\"og:locale\" content=\"fr_FR\" \/>\n<meta property=\"og:type\" content=\"article\" \/>\n<meta property=\"og:title\" content=\"Proseguono le mostre allestite in occasione di Oltre le Vette - Bellunopress - Dolomiti\" \/>\n<meta property=\"og:description\" content=\"A Palazzo Bembo, Alpimagia con foto di Stefano Torrione e testi di Paolo Cognetti A Palazzo Fulcis la mostra su Buzzati visitabile fino all\u201911 dicembre A Sedico e Seravella le altre due esposizioni \u201cfuori dal Comune\u201d Anche quest\u2019anno, la rassegna culturale Oltre le vette \u2013 Metafore, uomini, luoghi della montagna ha utilizzato diversi spazi quali [&hellip;]\" \/>\n<meta property=\"og:url\" content=\"https:\/\/www.bellunopress.it\/fr\/2022\/10\/17\/proseguono-le-mostre-allestite-in-occasione-di-oltre-le-vette\/\" \/>\n<meta property=\"og:site_name\" content=\"Bellunopress - Dolomiti\" \/>\n<meta property=\"article:publisher\" content=\"https:\/\/www.facebook.com\/profile.php?id=100008943462799\" \/>\n<meta property=\"article:published_time\" content=\"2022-10-17T12:52:46+00:00\" \/>\n<meta property=\"og:image\" content=\"https:\/\/www.bellunopress.it\/wp-content\/uploads\/2022\/10\/palazzo-bembo-presentazione-Oltre-le-Vette_edited.jpg\" \/>\n\t<meta property=\"og:image:width\" content=\"1000\" \/>\n\t<meta property=\"og:image:height\" content=\"750\" \/>\n\t<meta property=\"og:image:type\" content=\"image\/jpeg\" \/>\n<meta name=\"author\" content=\"redazione\" \/>\n<meta name=\"twitter:card\" content=\"summary_large_image\" \/>\n<meta name=\"twitter:creator\" content=\"@bellunopress\" \/>\n<meta name=\"twitter:site\" content=\"@bellunopress\" \/>\n<meta name=\"twitter:label1\" content=\"\u00c9crit par\" \/>\n\t<meta name=\"twitter:data1\" content=\"redazione\" \/>\n\t<meta name=\"twitter:label2\" content=\"Dur\u00e9e de lecture estim\u00e9e\" \/>\n\t<meta name=\"twitter:data2\" content=\"2 minutes\" \/>\n<script type=\"application\/ld+json\" class=\"yoast-schema-graph\">{\"@context\":\"https:\\\/\\\/schema.org\",\"@graph\":[{\"@type\":\"Article\",\"@id\":\"https:\\\/\\\/www.bellunopress.it\\\/2022\\\/10\\\/17\\\/proseguono-le-mostre-allestite-in-occasione-di-oltre-le-vette\\\/#article\",\"isPartOf\":{\"@id\":\"https:\\\/\\\/www.bellunopress.it\\\/2022\\\/10\\\/17\\\/proseguono-le-mostre-allestite-in-occasione-di-oltre-le-vette\\\/\"},\"author\":{\"name\":\"redazione\",\"@id\":\"https:\\\/\\\/www.bellunopress.it\\\/#\\\/schema\\\/person\\\/79bb06722b37ece1c03d3e94beb30d73\"},\"headline\":\"Proseguono le mostre allestite in occasione di Oltre le Vette\",\"datePublished\":\"2022-10-17T12:52:46+00:00\",\"mainEntityOfPage\":{\"@id\":\"https:\\\/\\\/www.bellunopress.it\\\/2022\\\/10\\\/17\\\/proseguono-le-mostre-allestite-in-occasione-di-oltre-le-vette\\\/\"},\"wordCount\":301,\"publisher\":{\"@id\":\"https:\\\/\\\/www.bellunopress.it\\\/#organization\"},\"image\":{\"@id\":\"https:\\\/\\\/www.bellunopress.it\\\/2022\\\/10\\\/17\\\/proseguono-le-mostre-allestite-in-occasione-di-oltre-le-vette\\\/#primaryimage\"},\"thumbnailUrl\":\"https:\\\/\\\/www.bellunopress.it\\\/wp-content\\\/uploads\\\/2022\\\/10\\\/palazzo-bembo-presentazione-Oltre-le-Vette_edited.jpg\",\"articleSection\":[\"Arte, Cultura, Spettacoli, Scienza\",\"Pausa Caff\u00e8\"],\"inLanguage\":\"fr-FR\"},{\"@type\":\"WebPage\",\"@id\":\"https:\\\/\\\/www.bellunopress.it\\\/2022\\\/10\\\/17\\\/proseguono-le-mostre-allestite-in-occasione-di-oltre-le-vette\\\/\",\"url\":\"https:\\\/\\\/www.bellunopress.it\\\/2022\\\/10\\\/17\\\/proseguono-le-mostre-allestite-in-occasione-di-oltre-le-vette\\\/\",\"name\":\"Proseguono le mostre allestite in occasione di Oltre le Vette - Bellunopress - Dolomiti\",\"isPartOf\":{\"@id\":\"https:\\\/\\\/www.bellunopress.it\\\/#website\"},\"primaryImageOfPage\":{\"@id\":\"https:\\\/\\\/www.bellunopress.it\\\/2022\\\/10\\\/17\\\/proseguono-le-mostre-allestite-in-occasione-di-oltre-le-vette\\\/#primaryimage\"},\"image\":{\"@id\":\"https:\\\/\\\/www.bellunopress.it\\\/2022\\\/10\\\/17\\\/proseguono-le-mostre-allestite-in-occasione-di-oltre-le-vette\\\/#primaryimage\"},\"thumbnailUrl\":\"https:\\\/\\\/www.bellunopress.it\\\/wp-content\\\/uploads\\\/2022\\\/10\\\/palazzo-bembo-presentazione-Oltre-le-Vette_edited.jpg\",\"datePublished\":\"2022-10-17T12:52:46+00:00\",\"breadcrumb\":{\"@id\":\"https:\\\/\\\/www.bellunopress.it\\\/2022\\\/10\\\/17\\\/proseguono-le-mostre-allestite-in-occasione-di-oltre-le-vette\\\/#breadcrumb\"},\"inLanguage\":\"fr-FR\",\"potentialAction\":[{\"@type\":\"ReadAction\",\"target\":[\"https:\\\/\\\/www.bellunopress.it\\\/2022\\\/10\\\/17\\\/proseguono-le-mostre-allestite-in-occasione-di-oltre-le-vette\\\/\"]}]},{\"@type\":\"ImageObject\",\"inLanguage\":\"fr-FR\",\"@id\":\"https:\\\/\\\/www.bellunopress.it\\\/2022\\\/10\\\/17\\\/proseguono-le-mostre-allestite-in-occasione-di-oltre-le-vette\\\/#primaryimage\",\"url\":\"https:\\\/\\\/www.bellunopress.it\\\/wp-content\\\/uploads\\\/2022\\\/10\\\/palazzo-bembo-presentazione-Oltre-le-Vette_edited.jpg\",\"contentUrl\":\"https:\\\/\\\/www.bellunopress.it\\\/wp-content\\\/uploads\\\/2022\\\/10\\\/palazzo-bembo-presentazione-Oltre-le-Vette_edited.jpg\",\"width\":1000,\"height\":750,\"caption\":\"Palazzo Bembo, presentazione della rassegna OLtre le Vette 2022\"},{\"@type\":\"BreadcrumbList\",\"@id\":\"https:\\\/\\\/www.bellunopress.it\\\/2022\\\/10\\\/17\\\/proseguono-le-mostre-allestite-in-occasione-di-oltre-le-vette\\\/#breadcrumb\",\"itemListElement\":[{\"@type\":\"ListItem\",\"position\":1,\"name\":\"Home\",\"item\":\"https:\\\/\\\/www.bellunopress.it\\\/\"},{\"@type\":\"ListItem\",\"position\":2,\"name\":\"Proseguono le mostre allestite in occasione di Oltre le Vette\"}]},{\"@type\":\"WebSite\",\"@id\":\"https:\\\/\\\/www.bellunopress.it\\\/#website\",\"url\":\"https:\\\/\\\/www.bellunopress.it\\\/\",\"name\":\"Bellunopress - Dolomiti\",\"description\":\"e-mail: redazione@bellunopress.it\",\"publisher\":{\"@id\":\"https:\\\/\\\/www.bellunopress.it\\\/#organization\"},\"potentialAction\":[{\"@type\":\"SearchAction\",\"target\":{\"@type\":\"EntryPoint\",\"urlTemplate\":\"https:\\\/\\\/www.bellunopress.it\\\/?s={search_term_string}\"},\"query-input\":{\"@type\":\"PropertyValueSpecification\",\"valueRequired\":true,\"valueName\":\"search_term_string\"}}],\"inLanguage\":\"fr-FR\"},{\"@type\":\"Organization\",\"@id\":\"https:\\\/\\\/www.bellunopress.it\\\/#organization\",\"name\":\"Bellunopress\",\"url\":\"https:\\\/\\\/www.bellunopress.it\\\/\",\"logo\":{\"@type\":\"ImageObject\",\"inLanguage\":\"fr-FR\",\"@id\":\"https:\\\/\\\/www.bellunopress.it\\\/#\\\/schema\\\/logo\\\/image\\\/\",\"url\":\"https:\\\/\\\/www.bellunopress.it\\\/wp-content\\\/uploads\\\/2011\\\/05\\\/cropped-logo-bellunopress-.jpg\",\"contentUrl\":\"https:\\\/\\\/www.bellunopress.it\\\/wp-content\\\/uploads\\\/2011\\\/05\\\/cropped-logo-bellunopress-.jpg\",\"width\":512,\"height\":512,\"caption\":\"Bellunopress\"},\"image\":{\"@id\":\"https:\\\/\\\/www.bellunopress.it\\\/#\\\/schema\\\/logo\\\/image\\\/\"},\"sameAs\":[\"https:\\\/\\\/www.facebook.com\\\/profile.php?id=100008943462799\",\"https:\\\/\\\/x.com\\\/bellunopress\",\"https:\\\/\\\/www.linkedin.com\\\/hp\\\/?dnr=JBzUWaJfMUw8vbXJJ2tVW5-I3jZKvC4wsoxE&amp;amp;amp;amp;amp;amp;trk=nav_responsive_tab_home\",\"https:\\\/\\\/www.youtube.com\\\/channel\\\/UCxL0wu1uN0_3_7hGG0306cw\"]},{\"@type\":\"Person\",\"@id\":\"https:\\\/\\\/www.bellunopress.it\\\/#\\\/schema\\\/person\\\/79bb06722b37ece1c03d3e94beb30d73\",\"name\":\"redazione\",\"image\":{\"@type\":\"ImageObject\",\"inLanguage\":\"fr-FR\",\"@id\":\"https:\\\/\\\/secure.gravatar.com\\\/avatar\\\/37d968a2e67a6fd04c169c4bdef102d0bc5d31b2546345219e348575eb80e9a0?s=96&d=mm&r=g\",\"url\":\"https:\\\/\\\/secure.gravatar.com\\\/avatar\\\/37d968a2e67a6fd04c169c4bdef102d0bc5d31b2546345219e348575eb80e9a0?s=96&d=mm&r=g\",\"contentUrl\":\"https:\\\/\\\/secure.gravatar.com\\\/avatar\\\/37d968a2e67a6fd04c169c4bdef102d0bc5d31b2546345219e348575eb80e9a0?s=96&d=mm&r=g\",\"caption\":\"redazione\"},\"sameAs\":[\"http:\\\/\\\/www.bellunopress.it\",\"https:\\\/\\\/x.com\\\/bellunopress\"],\"url\":\"https:\\\/\\\/www.bellunopress.it\\\/fr\\\/author\\\/redazione\\\/\"}]}<\/script>\n<!-- \/ Yoast SEO plugin. -->","yoast_head_json":{"title":"Proseguono le mostre allestite in occasione di Oltre le Vette - Bellunopress - Dolomiti","robots":{"index":"index","follow":"follow","max-snippet":"max-snippet:-1","max-image-preview":"max-image-preview:large","max-video-preview":"max-video-preview:-1"},"canonical":"https:\/\/www.bellunopress.it\/fr\/2022\/10\/17\/proseguono-le-mostre-allestite-in-occasione-di-oltre-le-vette\/","og_locale":"fr_FR","og_type":"article","og_title":"Proseguono le mostre allestite in occasione di Oltre le Vette - Bellunopress - Dolomiti","og_description":"A Palazzo Bembo, Alpimagia con foto di Stefano Torrione e testi di Paolo Cognetti A Palazzo Fulcis la mostra su Buzzati visitabile fino all\u201911 dicembre A Sedico e Seravella le altre due esposizioni \u201cfuori dal Comune\u201d Anche quest\u2019anno, la rassegna culturale Oltre le vette \u2013 Metafore, uomini, luoghi della montagna ha utilizzato diversi spazi quali [&hellip;]","og_url":"https:\/\/www.bellunopress.it\/fr\/2022\/10\/17\/proseguono-le-mostre-allestite-in-occasione-di-oltre-le-vette\/","og_site_name":"Bellunopress - Dolomiti","article_publisher":"https:\/\/www.facebook.com\/profile.php?id=100008943462799","article_published_time":"2022-10-17T12:52:46+00:00","og_image":[{"width":1000,"height":750,"url":"https:\/\/www.bellunopress.it\/wp-content\/uploads\/2022\/10\/palazzo-bembo-presentazione-Oltre-le-Vette_edited.jpg","type":"image\/jpeg"}],"author":"redazione","twitter_card":"summary_large_image","twitter_creator":"@bellunopress","twitter_site":"@bellunopress","twitter_misc":{"\u00c9crit par":"redazione","Dur\u00e9e de lecture estim\u00e9e":"2 minutes"},"schema":{"@context":"https:\/\/schema.org","@graph":[{"@type":"Article","@id":"https:\/\/www.bellunopress.it\/2022\/10\/17\/proseguono-le-mostre-allestite-in-occasione-di-oltre-le-vette\/#article","isPartOf":{"@id":"https:\/\/www.bellunopress.it\/2022\/10\/17\/proseguono-le-mostre-allestite-in-occasione-di-oltre-le-vette\/"},"author":{"name":"redazione","@id":"https:\/\/www.bellunopress.it\/#\/schema\/person\/79bb06722b37ece1c03d3e94beb30d73"},"headline":"Proseguono le mostre allestite in occasione di Oltre le Vette","datePublished":"2022-10-17T12:52:46+00:00","mainEntityOfPage":{"@id":"https:\/\/www.bellunopress.it\/2022\/10\/17\/proseguono-le-mostre-allestite-in-occasione-di-oltre-le-vette\/"},"wordCount":301,"publisher":{"@id":"https:\/\/www.bellunopress.it\/#organization"},"image":{"@id":"https:\/\/www.bellunopress.it\/2022\/10\/17\/proseguono-le-mostre-allestite-in-occasione-di-oltre-le-vette\/#primaryimage"},"thumbnailUrl":"https:\/\/www.bellunopress.it\/wp-content\/uploads\/2022\/10\/palazzo-bembo-presentazione-Oltre-le-Vette_edited.jpg","articleSection":["Arte, Cultura, Spettacoli, Scienza","Pausa Caff\u00e8"],"inLanguage":"fr-FR"},{"@type":"WebPage","@id":"https:\/\/www.bellunopress.it\/2022\/10\/17\/proseguono-le-mostre-allestite-in-occasione-di-oltre-le-vette\/","url":"https:\/\/www.bellunopress.it\/2022\/10\/17\/proseguono-le-mostre-allestite-in-occasione-di-oltre-le-vette\/","name":"Proseguono le mostre allestite in occasione di Oltre le Vette - Bellunopress - Dolomiti","isPartOf":{"@id":"https:\/\/www.bellunopress.it\/#website"},"primaryImageOfPage":{"@id":"https:\/\/www.bellunopress.it\/2022\/10\/17\/proseguono-le-mostre-allestite-in-occasione-di-oltre-le-vette\/#primaryimage"},"image":{"@id":"https:\/\/www.bellunopress.it\/2022\/10\/17\/proseguono-le-mostre-allestite-in-occasione-di-oltre-le-vette\/#primaryimage"},"thumbnailUrl":"https:\/\/www.bellunopress.it\/wp-content\/uploads\/2022\/10\/palazzo-bembo-presentazione-Oltre-le-Vette_edited.jpg","datePublished":"2022-10-17T12:52:46+00:00","breadcrumb":{"@id":"https:\/\/www.bellunopress.it\/2022\/10\/17\/proseguono-le-mostre-allestite-in-occasione-di-oltre-le-vette\/#breadcrumb"},"inLanguage":"fr-FR","potentialAction":[{"@type":"ReadAction","target":["https:\/\/www.bellunopress.it\/2022\/10\/17\/proseguono-le-mostre-allestite-in-occasione-di-oltre-le-vette\/"]}]},{"@type":"ImageObject","inLanguage":"fr-FR","@id":"https:\/\/www.bellunopress.it\/2022\/10\/17\/proseguono-le-mostre-allestite-in-occasione-di-oltre-le-vette\/#primaryimage","url":"https:\/\/www.bellunopress.it\/wp-content\/uploads\/2022\/10\/palazzo-bembo-presentazione-Oltre-le-Vette_edited.jpg","contentUrl":"https:\/\/www.bellunopress.it\/wp-content\/uploads\/2022\/10\/palazzo-bembo-presentazione-Oltre-le-Vette_edited.jpg","width":1000,"height":750,"caption":"Palazzo Bembo, presentazione della rassegna OLtre le Vette 2022"},{"@type":"BreadcrumbList","@id":"https:\/\/www.bellunopress.it\/2022\/10\/17\/proseguono-le-mostre-allestite-in-occasione-di-oltre-le-vette\/#breadcrumb","itemListElement":[{"@type":"ListItem","position":1,"name":"Home","item":"https:\/\/www.bellunopress.it\/"},{"@type":"ListItem","position":2,"name":"Proseguono le mostre allestite in occasione di Oltre le Vette"}]},{"@type":"WebSite","@id":"https:\/\/www.bellunopress.it\/#website","url":"https:\/\/www.bellunopress.it\/","name":"Bellunopress - Dolomiti","description":"e-mail: redazione@bellunopress.it","publisher":{"@id":"https:\/\/www.bellunopress.it\/#organization"},"potentialAction":[{"@type":"SearchAction","target":{"@type":"EntryPoint","urlTemplate":"https:\/\/www.bellunopress.it\/?s={search_term_string}"},"query-input":{"@type":"PropertyValueSpecification","valueRequired":true,"valueName":"search_term_string"}}],"inLanguage":"fr-FR"},{"@type":"Organization","@id":"https:\/\/www.bellunopress.it\/#organization","name":"Bellunopress","url":"https:\/\/www.bellunopress.it\/","logo":{"@type":"ImageObject","inLanguage":"fr-FR","@id":"https:\/\/www.bellunopress.it\/#\/schema\/logo\/image\/","url":"https:\/\/www.bellunopress.it\/wp-content\/uploads\/2011\/05\/cropped-logo-bellunopress-.jpg","contentUrl":"https:\/\/www.bellunopress.it\/wp-content\/uploads\/2011\/05\/cropped-logo-bellunopress-.jpg","width":512,"height":512,"caption":"Bellunopress"},"image":{"@id":"https:\/\/www.bellunopress.it\/#\/schema\/logo\/image\/"},"sameAs":["https:\/\/www.facebook.com\/profile.php?id=100008943462799","https:\/\/x.com\/bellunopress","https:\/\/www.linkedin.com\/hp\/?dnr=JBzUWaJfMUw8vbXJJ2tVW5-I3jZKvC4wsoxE&amp;amp;amp;amp;amp;amp;trk=nav_responsive_tab_home","https:\/\/www.youtube.com\/channel\/UCxL0wu1uN0_3_7hGG0306cw"]},{"@type":"Person","@id":"https:\/\/www.bellunopress.it\/#\/schema\/person\/79bb06722b37ece1c03d3e94beb30d73","name":"r\u00e9daction","image":{"@type":"ImageObject","inLanguage":"fr-FR","@id":"https:\/\/secure.gravatar.com\/avatar\/37d968a2e67a6fd04c169c4bdef102d0bc5d31b2546345219e348575eb80e9a0?s=96&d=mm&r=g","url":"https:\/\/secure.gravatar.com\/avatar\/37d968a2e67a6fd04c169c4bdef102d0bc5d31b2546345219e348575eb80e9a0?s=96&d=mm&r=g","contentUrl":"https:\/\/secure.gravatar.com\/avatar\/37d968a2e67a6fd04c169c4bdef102d0bc5d31b2546345219e348575eb80e9a0?s=96&d=mm&r=g","caption":"redazione"},"sameAs":["http:\/\/www.bellunopress.it","https:\/\/x.com\/bellunopress"],"url":"https:\/\/www.bellunopress.it\/fr\/author\/redazione\/"}]}},"_links":{"self":[{"href":"https:\/\/www.bellunopress.it\/fr\/wp-json\/wp\/v2\/posts\/137043","targetHints":{"allow":["GET"]}}],"collection":[{"href":"https:\/\/www.bellunopress.it\/fr\/wp-json\/wp\/v2\/posts"}],"about":[{"href":"https:\/\/www.bellunopress.it\/fr\/wp-json\/wp\/v2\/types\/post"}],"author":[{"embeddable":true,"href":"https:\/\/www.bellunopress.it\/fr\/wp-json\/wp\/v2\/users\/2"}],"replies":[{"embeddable":true,"href":"https:\/\/www.bellunopress.it\/fr\/wp-json\/wp\/v2\/comments?post=137043"}],"version-history":[{"count":1,"href":"https:\/\/www.bellunopress.it\/fr\/wp-json\/wp\/v2\/posts\/137043\/revisions"}],"predecessor-version":[{"id":137045,"href":"https:\/\/www.bellunopress.it\/fr\/wp-json\/wp\/v2\/posts\/137043\/revisions\/137045"}],"wp:featuredmedia":[{"embeddable":true,"href":"https:\/\/www.bellunopress.it\/fr\/wp-json\/wp\/v2\/media\/137044"}],"wp:attachment":[{"href":"https:\/\/www.bellunopress.it\/fr\/wp-json\/wp\/v2\/media?parent=137043"}],"wp:term":[{"taxonomy":"category","embeddable":true,"href":"https:\/\/www.bellunopress.it\/fr\/wp-json\/wp\/v2\/categories?post=137043"},{"taxonomy":"post_tag","embeddable":true,"href":"https:\/\/www.bellunopress.it\/fr\/wp-json\/wp\/v2\/tags?post=137043"}],"curies":[{"name":"wp","href":"https:\/\/api.w.org\/{rel}","templated":true}]}}