{"id":137041,"date":"2022-10-17T14:42:56","date_gmt":"2022-10-17T12:42:56","guid":{"rendered":"https:\/\/www.bellunopress.it\/?p=137041"},"modified":"2022-10-17T14:42:56","modified_gmt":"2022-10-17T12:42:56","slug":"stimate-7mila-presenze-totali-alla-26ma-edizione-della-rassegna-oltre-le-vette-conclusasi-a-belluno","status":"publish","type":"post","link":"https:\/\/www.bellunopress.it\/fr\/2022\/10\/17\/stimate-7mila-presenze-totali-alla-26ma-edizione-della-rassegna-oltre-le-vette-conclusasi-a-belluno\/","title":{"rendered":"Stimate 7mila presenze totali alla 26ma edizione della rassegna Oltre le vette conclusasi a Belluno"},"content":{"rendered":"<p><em><strong><img loading=\"lazy\" decoding=\"async\" class=\"alignleft size-full wp-image-136588\" src=\"https:\/\/www.bellunopress.it\/wp-content\/uploads\/2022\/09\/Oltre-le-Vette-2022_edited.jpg\" alt=\"\" width=\"1000\" height=\"713\" srcset=\"https:\/\/www.bellunopress.it\/wp-content\/uploads\/2022\/09\/Oltre-le-Vette-2022_edited.jpg 1000w, https:\/\/www.bellunopress.it\/wp-content\/uploads\/2022\/09\/Oltre-le-Vette-2022_edited-500x357.jpg 500w, https:\/\/www.bellunopress.it\/wp-content\/uploads\/2022\/09\/Oltre-le-Vette-2022_edited-696x496.jpg 696w, https:\/\/www.bellunopress.it\/wp-content\/uploads\/2022\/09\/Oltre-le-Vette-2022_edited-589x420.jpg 589w, https:\/\/www.bellunopress.it\/wp-content\/uploads\/2022\/09\/Oltre-le-Vette-2022_edited-100x70.jpg 100w\" sizes=\"auto, (max-width: 1000px) 100vw, 1000px\" \/>Il programma, diversificato e aperto a molteplici spunti, ha attratto un pubblico vasto<\/strong><\/em><br \/>\n<em><strong>Apprezzate le novit\u00e0: dall\u2019allargamento al territorio allo scrittore in residenza<\/strong><\/em><\/p>\n<p>Con un ultimo, grande concerto del gruppo Al Tei dedicato alla figura di Loris Tormen,<br \/>\ncompianto protagonista della scena culturale bellunese, si \u00e8 conclusa la 26ma edizione di<br \/>\nOltre le vette \u2013 Metafore, uomini, luoghi della montagna, la rassegna culturale che<br \/>\ntrasforma per quasi due settimane la piccola citt\u00e0 ai piedi della Dolomiti nella capitale<br \/>\nitaliana della cultura della montagna.<\/p>\n<p>Dar conto di tutti gli eventi del programma \u2013 oltre quaranta \u2013 \u00e8 ovviamente impossibile,<br \/>\nma molte serate al Teatro Comunale hanno segnato il tutto esaurito, le presentazione dei<br \/>\nlibri e i convegni hanno visto una costante partecipazione del pubblico che ha riempito le<br \/>\nsale, le scuole superiori cittadine hanno partecipato a diversi appuntamenti e le mostre<br \/>\n(aperte ancora per diverse settimane) segnano una assidua presenza di visitatori.<br \/>\nRicordiamo che il tema di quest\u2019anno, vero filo conduttore di tanti appuntamenti, era La<br \/>\nmontagna: limiti e libert\u00e0, una apparente contraddizione che ha suscitato molte utili<br \/>\nriflessioni.<\/p>\n<p>Tra i tanti appuntamenti di successo, va almeno segnalata la prima nazionale dello<br \/>\nspettacolo teatrale tratto dal libro Come si fanno le cose, edito da Marsilio, che ha goduto<br \/>\ndegli applausi di cinquecento entusiasti spettatori. Oppure la serata con l\u2019alpinista inglese<br \/>\nNick Bullock (per la prima volta in Italia), un vero showman nel raccontare le sue<br \/>\navventure; o quella con l\u2019antropologo David Bellatalla, sul fascino e i misteri delle<br \/>\nantiche vie carovaniere e, ancora, il costante successo della serata dedicata al cinema,<br \/>\nrealizzata in collaborazione con il Trento Film Festival. Un altro esempio, tra i diversi<br \/>\npossibili, \u00e8 stato lo spettacolo sui mutamenti climatici A qualcuno piace caldo, con il<br \/>\ndocente Stefano Caserini, in un Teatro Comunale gremito da quasi cinquecento ragazzi<br \/>\nprovenienti da varie scuole della provincia.<\/p>\n<p>In questa edizione, in particolare, va sottolineata la dimensione internazionale della<br \/>\nrassegna, grazie alla presenza di tre protagonisti di altrettanti eventi molto partecipati: gli<br \/>\nalpinisti Denis Urubko e Nick Bullock, e l\u2019americana Dierdre Wolownick, madre<br \/>\ndell\u2019arrampicatore Alex Honnold. Questi ultimi due sono arrivati per la prima volta in Italia<br \/>\ngrazie a Oltre le Vette.<\/p>\n<p>Per la serata di cinema \u00e8 stato stabilito un contatto con il regista iraniano Arman<br \/>\nDashtaki, di cui \u00e8 stato proiettato il film Zari, sulla condizione femminile, e prima della<br \/>\nvisione del film Icefall Doctors, sulla condizione degli sherpa che attrezzano la cascata di<br \/>\nghiaccio dell\u2019Everest, \u00e8 intervenuto a salutare il pubblico Tenji Sherpa, una delle guide di<br \/>\npunta per la salita degli Ottomila, alpinista nepalese che solo nella primavera estate del<br \/>\n2022 ha salito ben sette Ottomila e ha fallito di poco l\u2019ottavo.<\/p>\n<p>Un\u2019altra significativa novit\u00e0 \u00e8 data dall\u2019allargamento ad altri comuni bellunesi, in<br \/>\nparticolare quelli di Sedico e Cesiomaggiore, in collaborazione dei quali sono stati<br \/>\norganizzati eventi importanti, e due mostre che sono ancora in corso.<br \/>\nRiuscita anche l\u2019idea di ospitare per alcuni giorni uno \u201cscrittore in residenza\u201d: in questa<br \/>\nprima occasione Tiziano Fratus, che ha condotto passeggiate nella natura, guidato<br \/>\nmeditazioni all\u2019alba nei boschi, presentato colleghi scrittori.<\/p>\n<p>Dare un numero totale degli spettatori e partecipanti ai diversi appuntamenti \u00e8 difficile,<br \/>\nanche perch\u00e9 tutti gli eventi erano ad ingresso senza biglietto con offerta libera, e le<br \/>\ndiverse mostre sono ancora visitabili fino, almeno, alla fine di ottobre. Una prima, realistica<br \/>\ne prudente valutazione, in ogni caso fa stimare in almeno 7.000 persone i partecipanti, a<br \/>\nvario titolo, alla rassegna. In ogni caso va sottolineato che gli spettatori sono pervenuti<br \/>\ndall\u2019intero Veneto e, in qualche caso, anche da altre zone del nord Italia costituendo, per<br \/>\nuna realt\u00e0 come Belluno, una dimensione significativa anche dal punto di vista turistico ed<br \/>\neconomico.<\/p>\n<p>Piena soddisfazione, dunque, del comitato tecnico che organizza la rassegna, Valeria<br \/>\nBenni, coordinatrice generale, Flavio Faoro, per i libri e i cinema, Francesco<br \/>\nVascellari, per gli eventi dell\u2019alpinismo, Diego Cason, per i convegni scientifici e di<br \/>\nsociologia, e Valentina Ciprian, che ha gestito il fondamentale settore della<br \/>\ncomunicazione e dei social. E soddisfatti anche i diversi partner della manifestazione \u2013 la<br \/>\nFondazione Dolomiti UNESCO, il Parco nazionale Dolomiti Bellunesi e la sezione<br \/>\ndi Belluno del CAI \u2013 e gli sponsor che assicurano un sostanziale contributo: l\u2019azienda di<br \/>\nabbigliamento tecnico Montura, Allianz agenzia di Belluno, Manzotti automobili e il<br \/>\ngruppo SEST Luve.<\/p>\n<p>Ricordiamo che Oltre le vette \u00e8 una manifestazione del Comune di Belluno \u2013<br \/>\nassessorato alla cultura, con la gestione operativa della Fondazione Teatri delle<br \/>\nDolomiti.<br \/>\nPer rivivere i momenti salienti del festival, sono disponibili le pagine social e il sito ufficiale<br \/>\ndi Oltre le Vette, www.oltrelevette.it<\/p>","protected":false},"excerpt":{"rendered":"<p>Il programma, diversificato e aperto a molteplici spunti, ha attratto un pubblico vasto Apprezzate le novit\u00e0: dall\u2019allargamento al territorio allo scrittore in residenza Con un ultimo, grande concerto del gruppo Al Tei dedicato alla figura di Loris Tormen, compianto protagonista della scena culturale bellunese, si \u00e8 conclusa la 26ma edizione di Oltre le vette \u2013 [&hellip;]<\/p>\n","protected":false},"author":2,"featured_media":136588,"comment_status":"closed","ping_status":"open","sticky":false,"template":"","format":"standard","meta":{"footnotes":""},"categories":[3,26],"tags":[],"class_list":["post-137041","post","type-post","status-publish","format-standard","has-post-thumbnail","category-arte-cultura-spettacoli-scienza-archivi","category-prima-pagina"],"yoast_head":"<!-- This site is optimized with the Yoast SEO plugin v28.4 - https:\/\/yoast.com\/product\/yoast-seo-wordpress\/ -->\n<title>Stimate 7mila presenze totali alla 26ma edizione della rassegna Oltre le vette conclusasi a Belluno - Bellunopress - Dolomiti<\/title>\n<meta name=\"robots\" content=\"index, follow, max-snippet:-1, max-image-preview:large, max-video-preview:-1\" \/>\n<link rel=\"canonical\" href=\"https:\/\/www.bellunopress.it\/fr\/2022\/10\/17\/stimate-7mila-presenze-totali-alla-26ma-edizione-della-rassegna-oltre-le-vette-conclusasi-a-belluno\/\" \/>\n<meta property=\"og:locale\" content=\"fr_FR\" \/>\n<meta property=\"og:type\" content=\"article\" \/>\n<meta property=\"og:title\" content=\"Stimate 7mila presenze totali alla 26ma edizione della rassegna Oltre le vette conclusasi a Belluno - Bellunopress - Dolomiti\" \/>\n<meta property=\"og:description\" content=\"Il programma, diversificato e aperto a molteplici spunti, ha attratto un pubblico vasto Apprezzate le novit\u00e0: dall\u2019allargamento al territorio allo scrittore in residenza Con un ultimo, grande concerto del gruppo Al Tei dedicato alla figura di Loris Tormen, compianto protagonista della scena culturale bellunese, si \u00e8 conclusa la 26ma edizione di Oltre le vette \u2013 [&hellip;]\" \/>\n<meta property=\"og:url\" content=\"https:\/\/www.bellunopress.it\/fr\/2022\/10\/17\/stimate-7mila-presenze-totali-alla-26ma-edizione-della-rassegna-oltre-le-vette-conclusasi-a-belluno\/\" \/>\n<meta property=\"og:site_name\" content=\"Bellunopress - Dolomiti\" \/>\n<meta property=\"article:publisher\" content=\"https:\/\/www.facebook.com\/profile.php?id=100008943462799\" \/>\n<meta property=\"article:published_time\" content=\"2022-10-17T12:42:56+00:00\" \/>\n<meta property=\"og:image\" content=\"https:\/\/www.bellunopress.it\/wp-content\/uploads\/2022\/09\/Oltre-le-Vette-2022_edited.jpg\" \/>\n\t<meta property=\"og:image:width\" content=\"1000\" \/>\n\t<meta property=\"og:image:height\" content=\"713\" \/>\n\t<meta property=\"og:image:type\" content=\"image\/jpeg\" \/>\n<meta name=\"author\" content=\"redazione\" \/>\n<meta name=\"twitter:card\" content=\"summary_large_image\" \/>\n<meta name=\"twitter:creator\" content=\"@bellunopress\" \/>\n<meta name=\"twitter:site\" content=\"@bellunopress\" \/>\n<meta name=\"twitter:label1\" content=\"\u00c9crit par\" \/>\n\t<meta name=\"twitter:data1\" content=\"redazione\" \/>\n\t<meta name=\"twitter:label2\" content=\"Dur\u00e9e de lecture estim\u00e9e\" \/>\n\t<meta name=\"twitter:data2\" content=\"5 minutes\" \/>\n<script type=\"application\/ld+json\" class=\"yoast-schema-graph\">{\"@context\":\"https:\\\/\\\/schema.org\",\"@graph\":[{\"@type\":\"Article\",\"@id\":\"https:\\\/\\\/www.bellunopress.it\\\/2022\\\/10\\\/17\\\/stimate-7mila-presenze-totali-alla-26ma-edizione-della-rassegna-oltre-le-vette-conclusasi-a-belluno\\\/#article\",\"isPartOf\":{\"@id\":\"https:\\\/\\\/www.bellunopress.it\\\/2022\\\/10\\\/17\\\/stimate-7mila-presenze-totali-alla-26ma-edizione-della-rassegna-oltre-le-vette-conclusasi-a-belluno\\\/\"},\"author\":{\"name\":\"redazione\",\"@id\":\"https:\\\/\\\/www.bellunopress.it\\\/#\\\/schema\\\/person\\\/79bb06722b37ece1c03d3e94beb30d73\"},\"headline\":\"Stimate 7mila presenze totali alla 26ma edizione della rassegna Oltre le vette conclusasi a Belluno\",\"datePublished\":\"2022-10-17T12:42:56+00:00\",\"mainEntityOfPage\":{\"@id\":\"https:\\\/\\\/www.bellunopress.it\\\/2022\\\/10\\\/17\\\/stimate-7mila-presenze-totali-alla-26ma-edizione-della-rassegna-oltre-le-vette-conclusasi-a-belluno\\\/\"},\"wordCount\":773,\"publisher\":{\"@id\":\"https:\\\/\\\/www.bellunopress.it\\\/#organization\"},\"image\":{\"@id\":\"https:\\\/\\\/www.bellunopress.it\\\/2022\\\/10\\\/17\\\/stimate-7mila-presenze-totali-alla-26ma-edizione-della-rassegna-oltre-le-vette-conclusasi-a-belluno\\\/#primaryimage\"},\"thumbnailUrl\":\"https:\\\/\\\/www.bellunopress.it\\\/wp-content\\\/uploads\\\/2022\\\/09\\\/Oltre-le-Vette-2022_edited.jpg\",\"articleSection\":[\"Arte, Cultura, Spettacoli, Scienza\",\"Prima Pagina\"],\"inLanguage\":\"fr-FR\"},{\"@type\":\"WebPage\",\"@id\":\"https:\\\/\\\/www.bellunopress.it\\\/2022\\\/10\\\/17\\\/stimate-7mila-presenze-totali-alla-26ma-edizione-della-rassegna-oltre-le-vette-conclusasi-a-belluno\\\/\",\"url\":\"https:\\\/\\\/www.bellunopress.it\\\/2022\\\/10\\\/17\\\/stimate-7mila-presenze-totali-alla-26ma-edizione-della-rassegna-oltre-le-vette-conclusasi-a-belluno\\\/\",\"name\":\"Stimate 7mila presenze totali alla 26ma edizione della rassegna Oltre le vette conclusasi a Belluno - Bellunopress - Dolomiti\",\"isPartOf\":{\"@id\":\"https:\\\/\\\/www.bellunopress.it\\\/#website\"},\"primaryImageOfPage\":{\"@id\":\"https:\\\/\\\/www.bellunopress.it\\\/2022\\\/10\\\/17\\\/stimate-7mila-presenze-totali-alla-26ma-edizione-della-rassegna-oltre-le-vette-conclusasi-a-belluno\\\/#primaryimage\"},\"image\":{\"@id\":\"https:\\\/\\\/www.bellunopress.it\\\/2022\\\/10\\\/17\\\/stimate-7mila-presenze-totali-alla-26ma-edizione-della-rassegna-oltre-le-vette-conclusasi-a-belluno\\\/#primaryimage\"},\"thumbnailUrl\":\"https:\\\/\\\/www.bellunopress.it\\\/wp-content\\\/uploads\\\/2022\\\/09\\\/Oltre-le-Vette-2022_edited.jpg\",\"datePublished\":\"2022-10-17T12:42:56+00:00\",\"breadcrumb\":{\"@id\":\"https:\\\/\\\/www.bellunopress.it\\\/2022\\\/10\\\/17\\\/stimate-7mila-presenze-totali-alla-26ma-edizione-della-rassegna-oltre-le-vette-conclusasi-a-belluno\\\/#breadcrumb\"},\"inLanguage\":\"fr-FR\",\"potentialAction\":[{\"@type\":\"ReadAction\",\"target\":[\"https:\\\/\\\/www.bellunopress.it\\\/2022\\\/10\\\/17\\\/stimate-7mila-presenze-totali-alla-26ma-edizione-della-rassegna-oltre-le-vette-conclusasi-a-belluno\\\/\"]}]},{\"@type\":\"ImageObject\",\"inLanguage\":\"fr-FR\",\"@id\":\"https:\\\/\\\/www.bellunopress.it\\\/2022\\\/10\\\/17\\\/stimate-7mila-presenze-totali-alla-26ma-edizione-della-rassegna-oltre-le-vette-conclusasi-a-belluno\\\/#primaryimage\",\"url\":\"https:\\\/\\\/www.bellunopress.it\\\/wp-content\\\/uploads\\\/2022\\\/09\\\/Oltre-le-Vette-2022_edited.jpg\",\"contentUrl\":\"https:\\\/\\\/www.bellunopress.it\\\/wp-content\\\/uploads\\\/2022\\\/09\\\/Oltre-le-Vette-2022_edited.jpg\",\"width\":1000,\"height\":713},{\"@type\":\"BreadcrumbList\",\"@id\":\"https:\\\/\\\/www.bellunopress.it\\\/2022\\\/10\\\/17\\\/stimate-7mila-presenze-totali-alla-26ma-edizione-della-rassegna-oltre-le-vette-conclusasi-a-belluno\\\/#breadcrumb\",\"itemListElement\":[{\"@type\":\"ListItem\",\"position\":1,\"name\":\"Home\",\"item\":\"https:\\\/\\\/www.bellunopress.it\\\/\"},{\"@type\":\"ListItem\",\"position\":2,\"name\":\"Stimate 7mila presenze totali alla 26ma edizione della rassegna Oltre le vette conclusasi a Belluno\"}]},{\"@type\":\"WebSite\",\"@id\":\"https:\\\/\\\/www.bellunopress.it\\\/#website\",\"url\":\"https:\\\/\\\/www.bellunopress.it\\\/\",\"name\":\"Bellunopress - Dolomiti\",\"description\":\"e-mail: redazione@bellunopress.it\",\"publisher\":{\"@id\":\"https:\\\/\\\/www.bellunopress.it\\\/#organization\"},\"potentialAction\":[{\"@type\":\"SearchAction\",\"target\":{\"@type\":\"EntryPoint\",\"urlTemplate\":\"https:\\\/\\\/www.bellunopress.it\\\/?s={search_term_string}\"},\"query-input\":{\"@type\":\"PropertyValueSpecification\",\"valueRequired\":true,\"valueName\":\"search_term_string\"}}],\"inLanguage\":\"fr-FR\"},{\"@type\":\"Organization\",\"@id\":\"https:\\\/\\\/www.bellunopress.it\\\/#organization\",\"name\":\"Bellunopress\",\"url\":\"https:\\\/\\\/www.bellunopress.it\\\/\",\"logo\":{\"@type\":\"ImageObject\",\"inLanguage\":\"fr-FR\",\"@id\":\"https:\\\/\\\/www.bellunopress.it\\\/#\\\/schema\\\/logo\\\/image\\\/\",\"url\":\"https:\\\/\\\/www.bellunopress.it\\\/wp-content\\\/uploads\\\/2011\\\/05\\\/cropped-logo-bellunopress-.jpg\",\"contentUrl\":\"https:\\\/\\\/www.bellunopress.it\\\/wp-content\\\/uploads\\\/2011\\\/05\\\/cropped-logo-bellunopress-.jpg\",\"width\":512,\"height\":512,\"caption\":\"Bellunopress\"},\"image\":{\"@id\":\"https:\\\/\\\/www.bellunopress.it\\\/#\\\/schema\\\/logo\\\/image\\\/\"},\"sameAs\":[\"https:\\\/\\\/www.facebook.com\\\/profile.php?id=100008943462799\",\"https:\\\/\\\/x.com\\\/bellunopress\",\"https:\\\/\\\/www.linkedin.com\\\/hp\\\/?dnr=JBzUWaJfMUw8vbXJJ2tVW5-I3jZKvC4wsoxE&amp;amp;amp;amp;amp;amp;trk=nav_responsive_tab_home\",\"https:\\\/\\\/www.youtube.com\\\/channel\\\/UCxL0wu1uN0_3_7hGG0306cw\"]},{\"@type\":\"Person\",\"@id\":\"https:\\\/\\\/www.bellunopress.it\\\/#\\\/schema\\\/person\\\/79bb06722b37ece1c03d3e94beb30d73\",\"name\":\"redazione\",\"image\":{\"@type\":\"ImageObject\",\"inLanguage\":\"fr-FR\",\"@id\":\"https:\\\/\\\/secure.gravatar.com\\\/avatar\\\/37d968a2e67a6fd04c169c4bdef102d0bc5d31b2546345219e348575eb80e9a0?s=96&d=mm&r=g\",\"url\":\"https:\\\/\\\/secure.gravatar.com\\\/avatar\\\/37d968a2e67a6fd04c169c4bdef102d0bc5d31b2546345219e348575eb80e9a0?s=96&d=mm&r=g\",\"contentUrl\":\"https:\\\/\\\/secure.gravatar.com\\\/avatar\\\/37d968a2e67a6fd04c169c4bdef102d0bc5d31b2546345219e348575eb80e9a0?s=96&d=mm&r=g\",\"caption\":\"redazione\"},\"sameAs\":[\"http:\\\/\\\/www.bellunopress.it\",\"https:\\\/\\\/x.com\\\/bellunopress\"],\"url\":\"https:\\\/\\\/www.bellunopress.it\\\/fr\\\/author\\\/redazione\\\/\"}]}<\/script>\n<!-- \/ Yoast SEO plugin. -->","yoast_head_json":{"title":"Stimate 7mila presenze totali alla 26ma edizione della rassegna Oltre le vette conclusasi a Belluno - Bellunopress - Dolomiti","robots":{"index":"index","follow":"follow","max-snippet":"max-snippet:-1","max-image-preview":"max-image-preview:large","max-video-preview":"max-video-preview:-1"},"canonical":"https:\/\/www.bellunopress.it\/fr\/2022\/10\/17\/stimate-7mila-presenze-totali-alla-26ma-edizione-della-rassegna-oltre-le-vette-conclusasi-a-belluno\/","og_locale":"fr_FR","og_type":"article","og_title":"Stimate 7mila presenze totali alla 26ma edizione della rassegna Oltre le vette conclusasi a Belluno - Bellunopress - Dolomiti","og_description":"Il programma, diversificato e aperto a molteplici spunti, ha attratto un pubblico vasto Apprezzate le novit\u00e0: dall\u2019allargamento al territorio allo scrittore in residenza Con un ultimo, grande concerto del gruppo Al Tei dedicato alla figura di Loris Tormen, compianto protagonista della scena culturale bellunese, si \u00e8 conclusa la 26ma edizione di Oltre le vette \u2013 [&hellip;]","og_url":"https:\/\/www.bellunopress.it\/fr\/2022\/10\/17\/stimate-7mila-presenze-totali-alla-26ma-edizione-della-rassegna-oltre-le-vette-conclusasi-a-belluno\/","og_site_name":"Bellunopress - Dolomiti","article_publisher":"https:\/\/www.facebook.com\/profile.php?id=100008943462799","article_published_time":"2022-10-17T12:42:56+00:00","og_image":[{"width":1000,"height":713,"url":"https:\/\/www.bellunopress.it\/wp-content\/uploads\/2022\/09\/Oltre-le-Vette-2022_edited.jpg","type":"image\/jpeg"}],"author":"redazione","twitter_card":"summary_large_image","twitter_creator":"@bellunopress","twitter_site":"@bellunopress","twitter_misc":{"\u00c9crit par":"redazione","Dur\u00e9e de lecture estim\u00e9e":"5 minutes"},"schema":{"@context":"https:\/\/schema.org","@graph":[{"@type":"Article","@id":"https:\/\/www.bellunopress.it\/2022\/10\/17\/stimate-7mila-presenze-totali-alla-26ma-edizione-della-rassegna-oltre-le-vette-conclusasi-a-belluno\/#article","isPartOf":{"@id":"https:\/\/www.bellunopress.it\/2022\/10\/17\/stimate-7mila-presenze-totali-alla-26ma-edizione-della-rassegna-oltre-le-vette-conclusasi-a-belluno\/"},"author":{"name":"redazione","@id":"https:\/\/www.bellunopress.it\/#\/schema\/person\/79bb06722b37ece1c03d3e94beb30d73"},"headline":"Stimate 7mila presenze totali alla 26ma edizione della rassegna Oltre le vette conclusasi a Belluno","datePublished":"2022-10-17T12:42:56+00:00","mainEntityOfPage":{"@id":"https:\/\/www.bellunopress.it\/2022\/10\/17\/stimate-7mila-presenze-totali-alla-26ma-edizione-della-rassegna-oltre-le-vette-conclusasi-a-belluno\/"},"wordCount":773,"publisher":{"@id":"https:\/\/www.bellunopress.it\/#organization"},"image":{"@id":"https:\/\/www.bellunopress.it\/2022\/10\/17\/stimate-7mila-presenze-totali-alla-26ma-edizione-della-rassegna-oltre-le-vette-conclusasi-a-belluno\/#primaryimage"},"thumbnailUrl":"https:\/\/www.bellunopress.it\/wp-content\/uploads\/2022\/09\/Oltre-le-Vette-2022_edited.jpg","articleSection":["Arte, Cultura, Spettacoli, Scienza","Prima Pagina"],"inLanguage":"fr-FR"},{"@type":"WebPage","@id":"https:\/\/www.bellunopress.it\/2022\/10\/17\/stimate-7mila-presenze-totali-alla-26ma-edizione-della-rassegna-oltre-le-vette-conclusasi-a-belluno\/","url":"https:\/\/www.bellunopress.it\/2022\/10\/17\/stimate-7mila-presenze-totali-alla-26ma-edizione-della-rassegna-oltre-le-vette-conclusasi-a-belluno\/","name":"Stimate 7mila presenze totali alla 26ma edizione della rassegna Oltre le vette conclusasi a Belluno - Bellunopress - Dolomiti","isPartOf":{"@id":"https:\/\/www.bellunopress.it\/#website"},"primaryImageOfPage":{"@id":"https:\/\/www.bellunopress.it\/2022\/10\/17\/stimate-7mila-presenze-totali-alla-26ma-edizione-della-rassegna-oltre-le-vette-conclusasi-a-belluno\/#primaryimage"},"image":{"@id":"https:\/\/www.bellunopress.it\/2022\/10\/17\/stimate-7mila-presenze-totali-alla-26ma-edizione-della-rassegna-oltre-le-vette-conclusasi-a-belluno\/#primaryimage"},"thumbnailUrl":"https:\/\/www.bellunopress.it\/wp-content\/uploads\/2022\/09\/Oltre-le-Vette-2022_edited.jpg","datePublished":"2022-10-17T12:42:56+00:00","breadcrumb":{"@id":"https:\/\/www.bellunopress.it\/2022\/10\/17\/stimate-7mila-presenze-totali-alla-26ma-edizione-della-rassegna-oltre-le-vette-conclusasi-a-belluno\/#breadcrumb"},"inLanguage":"fr-FR","potentialAction":[{"@type":"ReadAction","target":["https:\/\/www.bellunopress.it\/2022\/10\/17\/stimate-7mila-presenze-totali-alla-26ma-edizione-della-rassegna-oltre-le-vette-conclusasi-a-belluno\/"]}]},{"@type":"ImageObject","inLanguage":"fr-FR","@id":"https:\/\/www.bellunopress.it\/2022\/10\/17\/stimate-7mila-presenze-totali-alla-26ma-edizione-della-rassegna-oltre-le-vette-conclusasi-a-belluno\/#primaryimage","url":"https:\/\/www.bellunopress.it\/wp-content\/uploads\/2022\/09\/Oltre-le-Vette-2022_edited.jpg","contentUrl":"https:\/\/www.bellunopress.it\/wp-content\/uploads\/2022\/09\/Oltre-le-Vette-2022_edited.jpg","width":1000,"height":713},{"@type":"BreadcrumbList","@id":"https:\/\/www.bellunopress.it\/2022\/10\/17\/stimate-7mila-presenze-totali-alla-26ma-edizione-della-rassegna-oltre-le-vette-conclusasi-a-belluno\/#breadcrumb","itemListElement":[{"@type":"ListItem","position":1,"name":"Home","item":"https:\/\/www.bellunopress.it\/"},{"@type":"ListItem","position":2,"name":"Stimate 7mila presenze totali alla 26ma edizione della rassegna Oltre le vette conclusasi a Belluno"}]},{"@type":"WebSite","@id":"https:\/\/www.bellunopress.it\/#website","url":"https:\/\/www.bellunopress.it\/","name":"Bellunopress - Dolomiti","description":"e-mail: redazione@bellunopress.it","publisher":{"@id":"https:\/\/www.bellunopress.it\/#organization"},"potentialAction":[{"@type":"SearchAction","target":{"@type":"EntryPoint","urlTemplate":"https:\/\/www.bellunopress.it\/?s={search_term_string}"},"query-input":{"@type":"PropertyValueSpecification","valueRequired":true,"valueName":"search_term_string"}}],"inLanguage":"fr-FR"},{"@type":"Organization","@id":"https:\/\/www.bellunopress.it\/#organization","name":"Bellunopress","url":"https:\/\/www.bellunopress.it\/","logo":{"@type":"ImageObject","inLanguage":"fr-FR","@id":"https:\/\/www.bellunopress.it\/#\/schema\/logo\/image\/","url":"https:\/\/www.bellunopress.it\/wp-content\/uploads\/2011\/05\/cropped-logo-bellunopress-.jpg","contentUrl":"https:\/\/www.bellunopress.it\/wp-content\/uploads\/2011\/05\/cropped-logo-bellunopress-.jpg","width":512,"height":512,"caption":"Bellunopress"},"image":{"@id":"https:\/\/www.bellunopress.it\/#\/schema\/logo\/image\/"},"sameAs":["https:\/\/www.facebook.com\/profile.php?id=100008943462799","https:\/\/x.com\/bellunopress","https:\/\/www.linkedin.com\/hp\/?dnr=JBzUWaJfMUw8vbXJJ2tVW5-I3jZKvC4wsoxE&amp;amp;amp;amp;amp;amp;trk=nav_responsive_tab_home","https:\/\/www.youtube.com\/channel\/UCxL0wu1uN0_3_7hGG0306cw"]},{"@type":"Person","@id":"https:\/\/www.bellunopress.it\/#\/schema\/person\/79bb06722b37ece1c03d3e94beb30d73","name":"r\u00e9daction","image":{"@type":"ImageObject","inLanguage":"fr-FR","@id":"https:\/\/secure.gravatar.com\/avatar\/37d968a2e67a6fd04c169c4bdef102d0bc5d31b2546345219e348575eb80e9a0?s=96&d=mm&r=g","url":"https:\/\/secure.gravatar.com\/avatar\/37d968a2e67a6fd04c169c4bdef102d0bc5d31b2546345219e348575eb80e9a0?s=96&d=mm&r=g","contentUrl":"https:\/\/secure.gravatar.com\/avatar\/37d968a2e67a6fd04c169c4bdef102d0bc5d31b2546345219e348575eb80e9a0?s=96&d=mm&r=g","caption":"redazione"},"sameAs":["http:\/\/www.bellunopress.it","https:\/\/x.com\/bellunopress"],"url":"https:\/\/www.bellunopress.it\/fr\/author\/redazione\/"}]}},"_links":{"self":[{"href":"https:\/\/www.bellunopress.it\/fr\/wp-json\/wp\/v2\/posts\/137041","targetHints":{"allow":["GET"]}}],"collection":[{"href":"https:\/\/www.bellunopress.it\/fr\/wp-json\/wp\/v2\/posts"}],"about":[{"href":"https:\/\/www.bellunopress.it\/fr\/wp-json\/wp\/v2\/types\/post"}],"author":[{"embeddable":true,"href":"https:\/\/www.bellunopress.it\/fr\/wp-json\/wp\/v2\/users\/2"}],"replies":[{"embeddable":true,"href":"https:\/\/www.bellunopress.it\/fr\/wp-json\/wp\/v2\/comments?post=137041"}],"version-history":[{"count":1,"href":"https:\/\/www.bellunopress.it\/fr\/wp-json\/wp\/v2\/posts\/137041\/revisions"}],"predecessor-version":[{"id":137042,"href":"https:\/\/www.bellunopress.it\/fr\/wp-json\/wp\/v2\/posts\/137041\/revisions\/137042"}],"wp:featuredmedia":[{"embeddable":true,"href":"https:\/\/www.bellunopress.it\/fr\/wp-json\/wp\/v2\/media\/136588"}],"wp:attachment":[{"href":"https:\/\/www.bellunopress.it\/fr\/wp-json\/wp\/v2\/media?parent=137041"}],"wp:term":[{"taxonomy":"category","embeddable":true,"href":"https:\/\/www.bellunopress.it\/fr\/wp-json\/wp\/v2\/categories?post=137041"},{"taxonomy":"post_tag","embeddable":true,"href":"https:\/\/www.bellunopress.it\/fr\/wp-json\/wp\/v2\/tags?post=137041"}],"curies":[{"name":"wp","href":"https:\/\/api.w.org\/{rel}","templated":true}]}}