{"id":137033,"date":"2022-10-17T14:26:18","date_gmt":"2022-10-17T12:26:18","guid":{"rendered":"https:\/\/www.bellunopress.it\/?p=137033"},"modified":"2022-10-17T14:28:00","modified_gmt":"2022-10-17T12:28:00","slug":"malore-in-nevegal-intervento-nella-notte-sul-palmar","status":"publish","type":"post","link":"https:\/\/www.bellunopress.it\/fr\/2022\/10\/17\/malore-in-nevegal-intervento-nella-notte-sul-palmar\/","title":{"rendered":"Malore in Nevegal. Intervento nella notte sul Palmar"},"content":{"rendered":"<p><img loading=\"lazy\" decoding=\"async\" class=\"alignleft size-full wp-image-119120\" src=\"https:\/\/www.bellunopress.it\/wp-content\/uploads\/2020\/11\/cnsas-corpo-nazionale-soccorso-alpino-e-speleologico_edited.jpg\" alt=\"\" width=\"790\" height=\"423\" srcset=\"https:\/\/www.bellunopress.it\/wp-content\/uploads\/2020\/11\/cnsas-corpo-nazionale-soccorso-alpino-e-speleologico_edited.jpg 790w, https:\/\/www.bellunopress.it\/wp-content\/uploads\/2020\/11\/cnsas-corpo-nazionale-soccorso-alpino-e-speleologico_edited-500x268.jpg 500w, https:\/\/www.bellunopress.it\/wp-content\/uploads\/2020\/11\/cnsas-corpo-nazionale-soccorso-alpino-e-speleologico_edited-696x373.jpg 696w, https:\/\/www.bellunopress.it\/wp-content\/uploads\/2020\/11\/cnsas-corpo-nazionale-soccorso-alpino-e-speleologico_edited-784x420.jpg 784w\" sizes=\"auto, (max-width: 790px) 100vw, 790px\" \/>Belluno, 17 &#8211; 10 &#8211; 22\u00a0 \u00a0Questa mattina alle 10.45 circa la Centrale del 118 \u00e8 stata attivata per un malore nella zona di Pian Longhi in Nevegal. Mentre si trovava con altre persone nel bosco, una 62enne di Cervignano del Friuli (UD) era infatti caduta a terra a causa di un probabile malore. Nelle vicinanze \u00e8 atterrato l&#8217;elicottero del Suem di Pieve di Cadore, che ha sbarcato equipe medica e tecnico di elisoccorso. Raggiunta la donna a una cinquantina di metri di distanza, le sono state prestate le prime cure. Imbarellata, la donna \u00e8 stata trasferita nell&#8217;ambulanza decollata in direzione dell&#8217;ospedale di Belluno, per le verifiche del caso.<\/p>\n<p>Cesiomaggiore (BL), 17 &#8211; 10 &#8211; 22 Ieri attorno alle 18.50 la Centrale del 118 ha allertato il Soccorso alpino di Feltre, per due escursionisti in difficolt\u00e0 sulla traversata del Tre Pietre. Partiti da Cesiomaggiore, i due amici erano saliti sul Palmar, per poi proseguire per la Cima del Tre Pietre e dalla cresta raggiungere poi il Bivacco Bosc dei Boi, lungo un viaz, la cui traccia \u00e8 difficilmente intuibile e facile da perdere. Infatti verso le 15, i due 26enni, uno di Lentiai (BL), \u00e8 l&#8217;altro di Cremona, avevano smarrito l&#8217;orientamento. Per un po&#8217; avevano girato fino a riuscire a tornare sui propri passi, ormai buio e senza fonti di luce. In contatto con i soccorritori, gli escursionisti hanno descritto il percorso, dicendo di aver superato una tratto attrezzato con una corda. Capito che dovevano trovarsi a due terzi dell&#8217;itinerario, \u00e8 stato detto loro di non muoversi, perch\u00e9 nella zona sottostante sono presenti pericolosi salti di roccia. Due squadre, una veloce e una a seguire di supporto, sono partite salendo dalla parte del Bivacco e cercando l&#8217;esile traccia tra i mughi. Ad un primo contatto vocale, sono seguiti alcuni tentativi di avvicinamento, ostacolati dalla presenza ingannatrice di vallette e crinali, fino all&#8217;individuazione alle 21.30. Dopo averli assicurati per superare i tratti pi\u00f9 ripidi, i soccorritori sono scesi assieme a loro fino alle jeep, per poi accompagnarli alla loro auto. L&#8217;intervento si \u00e8 concluso verso mezzanotte.<\/p>\n<p>Pieve di Cadore (BL), 17 &#8211; 10 &#8211; 22 Ieri sera verso le 20.30, i compagni di un cacciatore, preoccupati perch\u00e9, dopo essere usciti assieme nei boschi in localit\u00e0 Vedorcia, non riuscivano pi\u00f9 a trovarlo e non rispondeva al cellulare per assenza di campo, hanno lanciato l&#8217;allarme al 118. Il Soccorso alpino di Pieve di Cadore si \u00e8 attivato e 12 soccorritori si sono distribuiti in vari punti, finch\u00e9 una squadra non \u00e8 riuscita a individuarlo alle 21.30 circa. L&#8217;82enne di Pieve di Cadore (BL) si era attardato nel rientrare dopo aver perso l&#8217;orientamento ed era sopraggiunto il buio. L&#8217;uomo \u00e8 stato quindi riaccompagnato a valle.<\/p>","protected":false},"excerpt":{"rendered":"<p>Belluno, 17 &#8211; 10 &#8211; 22\u00a0 \u00a0Questa mattina alle 10.45 circa la Centrale del 118 \u00e8 stata attivata per un malore nella zona di Pian Longhi in Nevegal. Mentre si trovava con altre persone nel bosco, una 62enne di Cervignano del Friuli (UD) era infatti caduta a terra a causa di un probabile malore. Nelle [&hellip;]<\/p>\n","protected":false},"author":2,"featured_media":119120,"comment_status":"closed","ping_status":"open","sticky":false,"template":"","format":"standard","meta":{"footnotes":""},"categories":[5],"tags":[],"class_list":["post-137033","post","type-post","status-publish","format-standard","has-post-thumbnail","category-cronaca"],"yoast_head":"<!-- This site is optimized with the Yoast SEO plugin v28.4 - https:\/\/yoast.com\/product\/yoast-seo-wordpress\/ -->\n<title>Malore in Nevegal. Intervento nella notte sul Palmar - Bellunopress - Dolomiti<\/title>\n<meta name=\"robots\" content=\"index, follow, max-snippet:-1, max-image-preview:large, max-video-preview:-1\" \/>\n<link rel=\"canonical\" href=\"https:\/\/www.bellunopress.it\/fr\/2022\/10\/17\/malore-in-nevegal-intervento-nella-notte-sul-palmar\/\" \/>\n<meta property=\"og:locale\" content=\"fr_FR\" \/>\n<meta property=\"og:type\" content=\"article\" \/>\n<meta property=\"og:title\" content=\"Malore in Nevegal. Intervento nella notte sul Palmar - Bellunopress - Dolomiti\" \/>\n<meta property=\"og:description\" content=\"Belluno, 17 &#8211; 10 &#8211; 22\u00a0 \u00a0Questa mattina alle 10.45 circa la Centrale del 118 \u00e8 stata attivata per un malore nella zona di Pian Longhi in Nevegal. Mentre si trovava con altre persone nel bosco, una 62enne di Cervignano del Friuli (UD) era infatti caduta a terra a causa di un probabile malore. Nelle [&hellip;]\" \/>\n<meta property=\"og:url\" content=\"https:\/\/www.bellunopress.it\/fr\/2022\/10\/17\/malore-in-nevegal-intervento-nella-notte-sul-palmar\/\" \/>\n<meta property=\"og:site_name\" content=\"Bellunopress - Dolomiti\" \/>\n<meta property=\"article:publisher\" content=\"https:\/\/www.facebook.com\/profile.php?id=100008943462799\" \/>\n<meta property=\"article:published_time\" content=\"2022-10-17T12:26:18+00:00\" \/>\n<meta property=\"article:modified_time\" content=\"2022-10-17T12:28:00+00:00\" \/>\n<meta property=\"og:image\" content=\"https:\/\/www.bellunopress.it\/wp-content\/uploads\/2020\/11\/cnsas-corpo-nazionale-soccorso-alpino-e-speleologico_edited.jpg\" \/>\n\t<meta property=\"og:image:width\" content=\"790\" \/>\n\t<meta property=\"og:image:height\" content=\"423\" \/>\n\t<meta property=\"og:image:type\" content=\"image\/jpeg\" \/>\n<meta name=\"author\" content=\"redazione\" \/>\n<meta name=\"twitter:card\" content=\"summary_large_image\" \/>\n<meta name=\"twitter:creator\" content=\"@bellunopress\" \/>\n<meta name=\"twitter:site\" content=\"@bellunopress\" \/>\n<meta name=\"twitter:label1\" content=\"\u00c9crit par\" \/>\n\t<meta name=\"twitter:data1\" content=\"redazione\" \/>\n\t<meta name=\"twitter:label2\" content=\"Dur\u00e9e de lecture estim\u00e9e\" \/>\n\t<meta name=\"twitter:data2\" content=\"3 minutes\" \/>\n<script type=\"application\/ld+json\" class=\"yoast-schema-graph\">{\"@context\":\"https:\\\/\\\/schema.org\",\"@graph\":[{\"@type\":\"Article\",\"@id\":\"https:\\\/\\\/www.bellunopress.it\\\/2022\\\/10\\\/17\\\/malore-in-nevegal-intervento-nella-notte-sul-palmar\\\/#article\",\"isPartOf\":{\"@id\":\"https:\\\/\\\/www.bellunopress.it\\\/2022\\\/10\\\/17\\\/malore-in-nevegal-intervento-nella-notte-sul-palmar\\\/\"},\"author\":{\"name\":\"redazione\",\"@id\":\"https:\\\/\\\/www.bellunopress.it\\\/#\\\/schema\\\/person\\\/79bb06722b37ece1c03d3e94beb30d73\"},\"headline\":\"Malore in Nevegal. Intervento nella notte sul Palmar\",\"datePublished\":\"2022-10-17T12:26:18+00:00\",\"dateModified\":\"2022-10-17T12:28:00+00:00\",\"mainEntityOfPage\":{\"@id\":\"https:\\\/\\\/www.bellunopress.it\\\/2022\\\/10\\\/17\\\/malore-in-nevegal-intervento-nella-notte-sul-palmar\\\/\"},\"wordCount\":443,\"publisher\":{\"@id\":\"https:\\\/\\\/www.bellunopress.it\\\/#organization\"},\"image\":{\"@id\":\"https:\\\/\\\/www.bellunopress.it\\\/2022\\\/10\\\/17\\\/malore-in-nevegal-intervento-nella-notte-sul-palmar\\\/#primaryimage\"},\"thumbnailUrl\":\"https:\\\/\\\/www.bellunopress.it\\\/wp-content\\\/uploads\\\/2020\\\/11\\\/cnsas-corpo-nazionale-soccorso-alpino-e-speleologico_edited.jpg\",\"articleSection\":[\"Cronaca\\\/Politica\"],\"inLanguage\":\"fr-FR\"},{\"@type\":\"WebPage\",\"@id\":\"https:\\\/\\\/www.bellunopress.it\\\/2022\\\/10\\\/17\\\/malore-in-nevegal-intervento-nella-notte-sul-palmar\\\/\",\"url\":\"https:\\\/\\\/www.bellunopress.it\\\/2022\\\/10\\\/17\\\/malore-in-nevegal-intervento-nella-notte-sul-palmar\\\/\",\"name\":\"Malore in Nevegal. Intervento nella notte sul Palmar - Bellunopress - Dolomiti\",\"isPartOf\":{\"@id\":\"https:\\\/\\\/www.bellunopress.it\\\/#website\"},\"primaryImageOfPage\":{\"@id\":\"https:\\\/\\\/www.bellunopress.it\\\/2022\\\/10\\\/17\\\/malore-in-nevegal-intervento-nella-notte-sul-palmar\\\/#primaryimage\"},\"image\":{\"@id\":\"https:\\\/\\\/www.bellunopress.it\\\/2022\\\/10\\\/17\\\/malore-in-nevegal-intervento-nella-notte-sul-palmar\\\/#primaryimage\"},\"thumbnailUrl\":\"https:\\\/\\\/www.bellunopress.it\\\/wp-content\\\/uploads\\\/2020\\\/11\\\/cnsas-corpo-nazionale-soccorso-alpino-e-speleologico_edited.jpg\",\"datePublished\":\"2022-10-17T12:26:18+00:00\",\"dateModified\":\"2022-10-17T12:28:00+00:00\",\"breadcrumb\":{\"@id\":\"https:\\\/\\\/www.bellunopress.it\\\/2022\\\/10\\\/17\\\/malore-in-nevegal-intervento-nella-notte-sul-palmar\\\/#breadcrumb\"},\"inLanguage\":\"fr-FR\",\"potentialAction\":[{\"@type\":\"ReadAction\",\"target\":[\"https:\\\/\\\/www.bellunopress.it\\\/2022\\\/10\\\/17\\\/malore-in-nevegal-intervento-nella-notte-sul-palmar\\\/\"]}]},{\"@type\":\"ImageObject\",\"inLanguage\":\"fr-FR\",\"@id\":\"https:\\\/\\\/www.bellunopress.it\\\/2022\\\/10\\\/17\\\/malore-in-nevegal-intervento-nella-notte-sul-palmar\\\/#primaryimage\",\"url\":\"https:\\\/\\\/www.bellunopress.it\\\/wp-content\\\/uploads\\\/2020\\\/11\\\/cnsas-corpo-nazionale-soccorso-alpino-e-speleologico_edited.jpg\",\"contentUrl\":\"https:\\\/\\\/www.bellunopress.it\\\/wp-content\\\/uploads\\\/2020\\\/11\\\/cnsas-corpo-nazionale-soccorso-alpino-e-speleologico_edited.jpg\",\"width\":790,\"height\":423,\"caption\":\"Soccorso 118\"},{\"@type\":\"BreadcrumbList\",\"@id\":\"https:\\\/\\\/www.bellunopress.it\\\/2022\\\/10\\\/17\\\/malore-in-nevegal-intervento-nella-notte-sul-palmar\\\/#breadcrumb\",\"itemListElement\":[{\"@type\":\"ListItem\",\"position\":1,\"name\":\"Home\",\"item\":\"https:\\\/\\\/www.bellunopress.it\\\/\"},{\"@type\":\"ListItem\",\"position\":2,\"name\":\"Malore in Nevegal. Intervento nella notte sul Palmar\"}]},{\"@type\":\"WebSite\",\"@id\":\"https:\\\/\\\/www.bellunopress.it\\\/#website\",\"url\":\"https:\\\/\\\/www.bellunopress.it\\\/\",\"name\":\"Bellunopress - Dolomiti\",\"description\":\"e-mail: redazione@bellunopress.it\",\"publisher\":{\"@id\":\"https:\\\/\\\/www.bellunopress.it\\\/#organization\"},\"potentialAction\":[{\"@type\":\"SearchAction\",\"target\":{\"@type\":\"EntryPoint\",\"urlTemplate\":\"https:\\\/\\\/www.bellunopress.it\\\/?s={search_term_string}\"},\"query-input\":{\"@type\":\"PropertyValueSpecification\",\"valueRequired\":true,\"valueName\":\"search_term_string\"}}],\"inLanguage\":\"fr-FR\"},{\"@type\":\"Organization\",\"@id\":\"https:\\\/\\\/www.bellunopress.it\\\/#organization\",\"name\":\"Bellunopress\",\"url\":\"https:\\\/\\\/www.bellunopress.it\\\/\",\"logo\":{\"@type\":\"ImageObject\",\"inLanguage\":\"fr-FR\",\"@id\":\"https:\\\/\\\/www.bellunopress.it\\\/#\\\/schema\\\/logo\\\/image\\\/\",\"url\":\"https:\\\/\\\/www.bellunopress.it\\\/wp-content\\\/uploads\\\/2011\\\/05\\\/cropped-logo-bellunopress-.jpg\",\"contentUrl\":\"https:\\\/\\\/www.bellunopress.it\\\/wp-content\\\/uploads\\\/2011\\\/05\\\/cropped-logo-bellunopress-.jpg\",\"width\":512,\"height\":512,\"caption\":\"Bellunopress\"},\"image\":{\"@id\":\"https:\\\/\\\/www.bellunopress.it\\\/#\\\/schema\\\/logo\\\/image\\\/\"},\"sameAs\":[\"https:\\\/\\\/www.facebook.com\\\/profile.php?id=100008943462799\",\"https:\\\/\\\/x.com\\\/bellunopress\",\"https:\\\/\\\/www.linkedin.com\\\/hp\\\/?dnr=JBzUWaJfMUw8vbXJJ2tVW5-I3jZKvC4wsoxE&amp;amp;amp;amp;amp;amp;trk=nav_responsive_tab_home\",\"https:\\\/\\\/www.youtube.com\\\/channel\\\/UCxL0wu1uN0_3_7hGG0306cw\"]},{\"@type\":\"Person\",\"@id\":\"https:\\\/\\\/www.bellunopress.it\\\/#\\\/schema\\\/person\\\/79bb06722b37ece1c03d3e94beb30d73\",\"name\":\"redazione\",\"image\":{\"@type\":\"ImageObject\",\"inLanguage\":\"fr-FR\",\"@id\":\"https:\\\/\\\/secure.gravatar.com\\\/avatar\\\/37d968a2e67a6fd04c169c4bdef102d0bc5d31b2546345219e348575eb80e9a0?s=96&d=mm&r=g\",\"url\":\"https:\\\/\\\/secure.gravatar.com\\\/avatar\\\/37d968a2e67a6fd04c169c4bdef102d0bc5d31b2546345219e348575eb80e9a0?s=96&d=mm&r=g\",\"contentUrl\":\"https:\\\/\\\/secure.gravatar.com\\\/avatar\\\/37d968a2e67a6fd04c169c4bdef102d0bc5d31b2546345219e348575eb80e9a0?s=96&d=mm&r=g\",\"caption\":\"redazione\"},\"sameAs\":[\"http:\\\/\\\/www.bellunopress.it\",\"https:\\\/\\\/x.com\\\/bellunopress\"],\"url\":\"https:\\\/\\\/www.bellunopress.it\\\/fr\\\/author\\\/redazione\\\/\"}]}<\/script>\n<!-- \/ Yoast SEO plugin. -->","yoast_head_json":{"title":"Malore in Nevegal. Intervento nella notte sul Palmar - Bellunopress - Dolomiti","robots":{"index":"index","follow":"follow","max-snippet":"max-snippet:-1","max-image-preview":"max-image-preview:large","max-video-preview":"max-video-preview:-1"},"canonical":"https:\/\/www.bellunopress.it\/fr\/2022\/10\/17\/malore-in-nevegal-intervento-nella-notte-sul-palmar\/","og_locale":"fr_FR","og_type":"article","og_title":"Malore in Nevegal. Intervento nella notte sul Palmar - Bellunopress - Dolomiti","og_description":"Belluno, 17 &#8211; 10 &#8211; 22\u00a0 \u00a0Questa mattina alle 10.45 circa la Centrale del 118 \u00e8 stata attivata per un malore nella zona di Pian Longhi in Nevegal. Mentre si trovava con altre persone nel bosco, una 62enne di Cervignano del Friuli (UD) era infatti caduta a terra a causa di un probabile malore. Nelle [&hellip;]","og_url":"https:\/\/www.bellunopress.it\/fr\/2022\/10\/17\/malore-in-nevegal-intervento-nella-notte-sul-palmar\/","og_site_name":"Bellunopress - Dolomiti","article_publisher":"https:\/\/www.facebook.com\/profile.php?id=100008943462799","article_published_time":"2022-10-17T12:26:18+00:00","article_modified_time":"2022-10-17T12:28:00+00:00","og_image":[{"width":790,"height":423,"url":"https:\/\/www.bellunopress.it\/wp-content\/uploads\/2020\/11\/cnsas-corpo-nazionale-soccorso-alpino-e-speleologico_edited.jpg","type":"image\/jpeg"}],"author":"redazione","twitter_card":"summary_large_image","twitter_creator":"@bellunopress","twitter_site":"@bellunopress","twitter_misc":{"\u00c9crit par":"redazione","Dur\u00e9e de lecture estim\u00e9e":"3 minutes"},"schema":{"@context":"https:\/\/schema.org","@graph":[{"@type":"Article","@id":"https:\/\/www.bellunopress.it\/2022\/10\/17\/malore-in-nevegal-intervento-nella-notte-sul-palmar\/#article","isPartOf":{"@id":"https:\/\/www.bellunopress.it\/2022\/10\/17\/malore-in-nevegal-intervento-nella-notte-sul-palmar\/"},"author":{"name":"redazione","@id":"https:\/\/www.bellunopress.it\/#\/schema\/person\/79bb06722b37ece1c03d3e94beb30d73"},"headline":"Malore in Nevegal. Intervento nella notte sul Palmar","datePublished":"2022-10-17T12:26:18+00:00","dateModified":"2022-10-17T12:28:00+00:00","mainEntityOfPage":{"@id":"https:\/\/www.bellunopress.it\/2022\/10\/17\/malore-in-nevegal-intervento-nella-notte-sul-palmar\/"},"wordCount":443,"publisher":{"@id":"https:\/\/www.bellunopress.it\/#organization"},"image":{"@id":"https:\/\/www.bellunopress.it\/2022\/10\/17\/malore-in-nevegal-intervento-nella-notte-sul-palmar\/#primaryimage"},"thumbnailUrl":"https:\/\/www.bellunopress.it\/wp-content\/uploads\/2020\/11\/cnsas-corpo-nazionale-soccorso-alpino-e-speleologico_edited.jpg","articleSection":["Cronaca\/Politica"],"inLanguage":"fr-FR"},{"@type":"WebPage","@id":"https:\/\/www.bellunopress.it\/2022\/10\/17\/malore-in-nevegal-intervento-nella-notte-sul-palmar\/","url":"https:\/\/www.bellunopress.it\/2022\/10\/17\/malore-in-nevegal-intervento-nella-notte-sul-palmar\/","name":"Malore in Nevegal. Intervento nella notte sul Palmar - Bellunopress - Dolomiti","isPartOf":{"@id":"https:\/\/www.bellunopress.it\/#website"},"primaryImageOfPage":{"@id":"https:\/\/www.bellunopress.it\/2022\/10\/17\/malore-in-nevegal-intervento-nella-notte-sul-palmar\/#primaryimage"},"image":{"@id":"https:\/\/www.bellunopress.it\/2022\/10\/17\/malore-in-nevegal-intervento-nella-notte-sul-palmar\/#primaryimage"},"thumbnailUrl":"https:\/\/www.bellunopress.it\/wp-content\/uploads\/2020\/11\/cnsas-corpo-nazionale-soccorso-alpino-e-speleologico_edited.jpg","datePublished":"2022-10-17T12:26:18+00:00","dateModified":"2022-10-17T12:28:00+00:00","breadcrumb":{"@id":"https:\/\/www.bellunopress.it\/2022\/10\/17\/malore-in-nevegal-intervento-nella-notte-sul-palmar\/#breadcrumb"},"inLanguage":"fr-FR","potentialAction":[{"@type":"ReadAction","target":["https:\/\/www.bellunopress.it\/2022\/10\/17\/malore-in-nevegal-intervento-nella-notte-sul-palmar\/"]}]},{"@type":"ImageObject","inLanguage":"fr-FR","@id":"https:\/\/www.bellunopress.it\/2022\/10\/17\/malore-in-nevegal-intervento-nella-notte-sul-palmar\/#primaryimage","url":"https:\/\/www.bellunopress.it\/wp-content\/uploads\/2020\/11\/cnsas-corpo-nazionale-soccorso-alpino-e-speleologico_edited.jpg","contentUrl":"https:\/\/www.bellunopress.it\/wp-content\/uploads\/2020\/11\/cnsas-corpo-nazionale-soccorso-alpino-e-speleologico_edited.jpg","width":790,"height":423,"caption":"Soccorso 118"},{"@type":"BreadcrumbList","@id":"https:\/\/www.bellunopress.it\/2022\/10\/17\/malore-in-nevegal-intervento-nella-notte-sul-palmar\/#breadcrumb","itemListElement":[{"@type":"ListItem","position":1,"name":"Home","item":"https:\/\/www.bellunopress.it\/"},{"@type":"ListItem","position":2,"name":"Malore in Nevegal. Intervento nella notte sul Palmar"}]},{"@type":"WebSite","@id":"https:\/\/www.bellunopress.it\/#website","url":"https:\/\/www.bellunopress.it\/","name":"Bellunopress - Dolomiti","description":"e-mail: redazione@bellunopress.it","publisher":{"@id":"https:\/\/www.bellunopress.it\/#organization"},"potentialAction":[{"@type":"SearchAction","target":{"@type":"EntryPoint","urlTemplate":"https:\/\/www.bellunopress.it\/?s={search_term_string}"},"query-input":{"@type":"PropertyValueSpecification","valueRequired":true,"valueName":"search_term_string"}}],"inLanguage":"fr-FR"},{"@type":"Organization","@id":"https:\/\/www.bellunopress.it\/#organization","name":"Bellunopress","url":"https:\/\/www.bellunopress.it\/","logo":{"@type":"ImageObject","inLanguage":"fr-FR","@id":"https:\/\/www.bellunopress.it\/#\/schema\/logo\/image\/","url":"https:\/\/www.bellunopress.it\/wp-content\/uploads\/2011\/05\/cropped-logo-bellunopress-.jpg","contentUrl":"https:\/\/www.bellunopress.it\/wp-content\/uploads\/2011\/05\/cropped-logo-bellunopress-.jpg","width":512,"height":512,"caption":"Bellunopress"},"image":{"@id":"https:\/\/www.bellunopress.it\/#\/schema\/logo\/image\/"},"sameAs":["https:\/\/www.facebook.com\/profile.php?id=100008943462799","https:\/\/x.com\/bellunopress","https:\/\/www.linkedin.com\/hp\/?dnr=JBzUWaJfMUw8vbXJJ2tVW5-I3jZKvC4wsoxE&amp;amp;amp;amp;amp;amp;trk=nav_responsive_tab_home","https:\/\/www.youtube.com\/channel\/UCxL0wu1uN0_3_7hGG0306cw"]},{"@type":"Person","@id":"https:\/\/www.bellunopress.it\/#\/schema\/person\/79bb06722b37ece1c03d3e94beb30d73","name":"r\u00e9daction","image":{"@type":"ImageObject","inLanguage":"fr-FR","@id":"https:\/\/secure.gravatar.com\/avatar\/37d968a2e67a6fd04c169c4bdef102d0bc5d31b2546345219e348575eb80e9a0?s=96&d=mm&r=g","url":"https:\/\/secure.gravatar.com\/avatar\/37d968a2e67a6fd04c169c4bdef102d0bc5d31b2546345219e348575eb80e9a0?s=96&d=mm&r=g","contentUrl":"https:\/\/secure.gravatar.com\/avatar\/37d968a2e67a6fd04c169c4bdef102d0bc5d31b2546345219e348575eb80e9a0?s=96&d=mm&r=g","caption":"redazione"},"sameAs":["http:\/\/www.bellunopress.it","https:\/\/x.com\/bellunopress"],"url":"https:\/\/www.bellunopress.it\/fr\/author\/redazione\/"}]}},"_links":{"self":[{"href":"https:\/\/www.bellunopress.it\/fr\/wp-json\/wp\/v2\/posts\/137033","targetHints":{"allow":["GET"]}}],"collection":[{"href":"https:\/\/www.bellunopress.it\/fr\/wp-json\/wp\/v2\/posts"}],"about":[{"href":"https:\/\/www.bellunopress.it\/fr\/wp-json\/wp\/v2\/types\/post"}],"author":[{"embeddable":true,"href":"https:\/\/www.bellunopress.it\/fr\/wp-json\/wp\/v2\/users\/2"}],"replies":[{"embeddable":true,"href":"https:\/\/www.bellunopress.it\/fr\/wp-json\/wp\/v2\/comments?post=137033"}],"version-history":[{"count":2,"href":"https:\/\/www.bellunopress.it\/fr\/wp-json\/wp\/v2\/posts\/137033\/revisions"}],"predecessor-version":[{"id":137035,"href":"https:\/\/www.bellunopress.it\/fr\/wp-json\/wp\/v2\/posts\/137033\/revisions\/137035"}],"wp:featuredmedia":[{"embeddable":true,"href":"https:\/\/www.bellunopress.it\/fr\/wp-json\/wp\/v2\/media\/119120"}],"wp:attachment":[{"href":"https:\/\/www.bellunopress.it\/fr\/wp-json\/wp\/v2\/media?parent=137033"}],"wp:term":[{"taxonomy":"category","embeddable":true,"href":"https:\/\/www.bellunopress.it\/fr\/wp-json\/wp\/v2\/categories?post=137033"},{"taxonomy":"post_tag","embeddable":true,"href":"https:\/\/www.bellunopress.it\/fr\/wp-json\/wp\/v2\/tags?post=137033"}],"curies":[{"name":"wp","href":"https:\/\/api.w.org\/{rel}","templated":true}]}}