{"id":137007,"date":"2022-10-15T11:06:26","date_gmt":"2022-10-15T09:06:26","guid":{"rendered":"https:\/\/www.bellunopress.it\/?p=137007"},"modified":"2022-10-15T12:14:47","modified_gmt":"2022-10-15T10:14:47","slug":"segni-e-lettere-dal-bosco-sabato-pomeriggio-allinsolita-storia-la-presentazione-del-libro-di-lu-paer","status":"publish","type":"post","link":"https:\/\/www.bellunopress.it\/fr\/2022\/10\/15\/segni-e-lettere-dal-bosco-sabato-pomeriggio-allinsolita-storia-la-presentazione-del-libro-di-lu-paer\/","title":{"rendered":"Segni e lettere dal bosco. Sabato pomeriggio all&#8217;Insolita storia la presentazione del libro di Lu Paer"},"content":{"rendered":"<p><img loading=\"lazy\" decoding=\"async\" class=\"alignleft size-full wp-image-137008\" src=\"https:\/\/www.bellunopress.it\/wp-content\/uploads\/2022\/10\/Segni-e-lettere-dal-bosco-Lu-Paer_edited.jpg\" alt=\"\" width=\"536\" height=\"789\" srcset=\"https:\/\/www.bellunopress.it\/wp-content\/uploads\/2022\/10\/Segni-e-lettere-dal-bosco-Lu-Paer_edited.jpg 536w, https:\/\/www.bellunopress.it\/wp-content\/uploads\/2022\/10\/Segni-e-lettere-dal-bosco-Lu-Paer_edited-340x500.jpg 340w, https:\/\/www.bellunopress.it\/wp-content\/uploads\/2022\/10\/Segni-e-lettere-dal-bosco-Lu-Paer_edited-285x420.jpg 285w\" sizes=\"auto, (max-width: 536px) 100vw, 536px\" \/>Belluno, 15 ottobre 2022 &#8211; Oggi pomeriggio alle ore 16:45 al bar Insolita Storia vicino a Piazza Piloni (Belluno), si terr\u00e0 la presentazione del libro &#8220;Segni e lettere dal Bosco&#8221; di Lu Paer. A conversare con l&#8217;autrice sar\u00e0 Lorella De Bon.<\/p>\n<p>Gli animali selvatici e le piante sono portatori di messaggi dai \u201cmondi sottili\u201d, la dimensione spirituale e invisibile al di fuori del mondo materiale, al di l\u00e0 del tempo e dello spazio. Se vogliamo, tutti possiamo imparare a riconoscere questi messaggi, prenderne coscienza, e trovare in essi forza e consolazione di fronte alle difficolt\u00e0 e ai momenti dolorosi della vita.<br \/>\nPer capire questi \u201csegni\u201d, per\u00f2, \u00e8 indispensabile amare e rispettare la natura, fonte di vita e di bellezza, e anche impegnarsi per dare in qualche modo voce alle creature che vivono nei nostri boschi, sulle nostre montagne, troppo spesso messe in pericolo dall\u2019insensibilit\u00e0 di chi si dedica ad attivit\u00e0 di caccia inutili e cruente o di chi autorizza insensati piani di abbattimento.<\/p>","protected":false},"excerpt":{"rendered":"<p>Belluno, 15 ottobre 2022 &#8211; Oggi pomeriggio alle ore 16:45 al bar Insolita Storia vicino a Piazza Piloni (Belluno), si terr\u00e0 la presentazione del libro &#8220;Segni e lettere dal Bosco&#8221; di Lu Paer. A conversare con l&#8217;autrice sar\u00e0 Lorella De Bon. Gli animali selvatici e le piante sono portatori di messaggi dai \u201cmondi sottili\u201d, la [&hellip;]<\/p>\n","protected":false},"author":2,"featured_media":137008,"comment_status":"closed","ping_status":"open","sticky":false,"template":"","format":"standard","meta":{"footnotes":""},"categories":[27],"tags":[],"class_list":["post-137007","post","type-post","status-publish","format-standard","has-post-thumbnail","category-appuntamenti"],"yoast_head":"<!-- This site is optimized with the Yoast SEO plugin v28.4 - https:\/\/yoast.com\/product\/yoast-seo-wordpress\/ -->\n<title>Segni e lettere dal bosco. Sabato pomeriggio all&#039;Insolita storia la presentazione del libro di Lu Paer - Bellunopress - Dolomiti<\/title>\n<meta name=\"robots\" content=\"index, follow, max-snippet:-1, max-image-preview:large, max-video-preview:-1\" \/>\n<link rel=\"canonical\" href=\"https:\/\/www.bellunopress.it\/fr\/2022\/10\/15\/segni-e-lettere-dal-bosco-sabato-pomeriggio-allinsolita-storia-la-presentazione-del-libro-di-lu-paer\/\" \/>\n<meta property=\"og:locale\" content=\"fr_FR\" \/>\n<meta property=\"og:type\" content=\"article\" \/>\n<meta property=\"og:title\" content=\"Segni e lettere dal bosco. Sabato pomeriggio all&#039;Insolita storia la presentazione del libro di Lu Paer - Bellunopress - Dolomiti\" \/>\n<meta property=\"og:description\" content=\"Belluno, 15 ottobre 2022 &#8211; Oggi pomeriggio alle ore 16:45 al bar Insolita Storia vicino a Piazza Piloni (Belluno), si terr\u00e0 la presentazione del libro &#8220;Segni e lettere dal Bosco&#8221; di Lu Paer. A conversare con l&#8217;autrice sar\u00e0 Lorella De Bon. Gli animali selvatici e le piante sono portatori di messaggi dai \u201cmondi sottili\u201d, la [&hellip;]\" \/>\n<meta property=\"og:url\" content=\"https:\/\/www.bellunopress.it\/fr\/2022\/10\/15\/segni-e-lettere-dal-bosco-sabato-pomeriggio-allinsolita-storia-la-presentazione-del-libro-di-lu-paer\/\" \/>\n<meta property=\"og:site_name\" content=\"Bellunopress - Dolomiti\" \/>\n<meta property=\"article:publisher\" content=\"https:\/\/www.facebook.com\/profile.php?id=100008943462799\" \/>\n<meta property=\"article:published_time\" content=\"2022-10-15T09:06:26+00:00\" \/>\n<meta property=\"article:modified_time\" content=\"2022-10-15T10:14:47+00:00\" \/>\n<meta property=\"og:image\" content=\"https:\/\/www.bellunopress.it\/wp-content\/uploads\/2022\/10\/Segni-e-lettere-dal-bosco-Lu-Paer_edited.jpg\" \/>\n\t<meta property=\"og:image:width\" content=\"536\" \/>\n\t<meta property=\"og:image:height\" content=\"789\" \/>\n\t<meta property=\"og:image:type\" content=\"image\/jpeg\" \/>\n<meta name=\"author\" content=\"redazione\" \/>\n<meta name=\"twitter:card\" content=\"summary_large_image\" \/>\n<meta name=\"twitter:creator\" content=\"@bellunopress\" \/>\n<meta name=\"twitter:site\" content=\"@bellunopress\" \/>\n<meta name=\"twitter:label1\" content=\"\u00c9crit par\" \/>\n\t<meta name=\"twitter:data1\" content=\"redazione\" \/>\n\t<meta name=\"twitter:label2\" content=\"Dur\u00e9e de lecture estim\u00e9e\" \/>\n\t<meta name=\"twitter:data2\" content=\"2 minutes\" \/>\n<script type=\"application\/ld+json\" class=\"yoast-schema-graph\">{\"@context\":\"https:\\\/\\\/schema.org\",\"@graph\":[{\"@type\":\"Article\",\"@id\":\"https:\\\/\\\/www.bellunopress.it\\\/2022\\\/10\\\/15\\\/segni-e-lettere-dal-bosco-sabato-pomeriggio-allinsolita-storia-la-presentazione-del-libro-di-lu-paer\\\/#article\",\"isPartOf\":{\"@id\":\"https:\\\/\\\/www.bellunopress.it\\\/2022\\\/10\\\/15\\\/segni-e-lettere-dal-bosco-sabato-pomeriggio-allinsolita-storia-la-presentazione-del-libro-di-lu-paer\\\/\"},\"author\":{\"name\":\"redazione\",\"@id\":\"https:\\\/\\\/www.bellunopress.it\\\/#\\\/schema\\\/person\\\/79bb06722b37ece1c03d3e94beb30d73\"},\"headline\":\"Segni e lettere dal bosco. Sabato pomeriggio all&#8217;Insolita storia la presentazione del libro di Lu Paer\",\"datePublished\":\"2022-10-15T09:06:26+00:00\",\"dateModified\":\"2022-10-15T10:14:47+00:00\",\"mainEntityOfPage\":{\"@id\":\"https:\\\/\\\/www.bellunopress.it\\\/2022\\\/10\\\/15\\\/segni-e-lettere-dal-bosco-sabato-pomeriggio-allinsolita-storia-la-presentazione-del-libro-di-lu-paer\\\/\"},\"wordCount\":178,\"publisher\":{\"@id\":\"https:\\\/\\\/www.bellunopress.it\\\/#organization\"},\"image\":{\"@id\":\"https:\\\/\\\/www.bellunopress.it\\\/2022\\\/10\\\/15\\\/segni-e-lettere-dal-bosco-sabato-pomeriggio-allinsolita-storia-la-presentazione-del-libro-di-lu-paer\\\/#primaryimage\"},\"thumbnailUrl\":\"https:\\\/\\\/www.bellunopress.it\\\/wp-content\\\/uploads\\\/2022\\\/10\\\/Segni-e-lettere-dal-bosco-Lu-Paer_edited.jpg\",\"articleSection\":[\"Appuntamenti, Eventi\"],\"inLanguage\":\"fr-FR\"},{\"@type\":\"WebPage\",\"@id\":\"https:\\\/\\\/www.bellunopress.it\\\/2022\\\/10\\\/15\\\/segni-e-lettere-dal-bosco-sabato-pomeriggio-allinsolita-storia-la-presentazione-del-libro-di-lu-paer\\\/\",\"url\":\"https:\\\/\\\/www.bellunopress.it\\\/2022\\\/10\\\/15\\\/segni-e-lettere-dal-bosco-sabato-pomeriggio-allinsolita-storia-la-presentazione-del-libro-di-lu-paer\\\/\",\"name\":\"Segni e lettere dal bosco. Sabato pomeriggio all'Insolita storia la presentazione del libro di Lu Paer - Bellunopress - Dolomiti\",\"isPartOf\":{\"@id\":\"https:\\\/\\\/www.bellunopress.it\\\/#website\"},\"primaryImageOfPage\":{\"@id\":\"https:\\\/\\\/www.bellunopress.it\\\/2022\\\/10\\\/15\\\/segni-e-lettere-dal-bosco-sabato-pomeriggio-allinsolita-storia-la-presentazione-del-libro-di-lu-paer\\\/#primaryimage\"},\"image\":{\"@id\":\"https:\\\/\\\/www.bellunopress.it\\\/2022\\\/10\\\/15\\\/segni-e-lettere-dal-bosco-sabato-pomeriggio-allinsolita-storia-la-presentazione-del-libro-di-lu-paer\\\/#primaryimage\"},\"thumbnailUrl\":\"https:\\\/\\\/www.bellunopress.it\\\/wp-content\\\/uploads\\\/2022\\\/10\\\/Segni-e-lettere-dal-bosco-Lu-Paer_edited.jpg\",\"datePublished\":\"2022-10-15T09:06:26+00:00\",\"dateModified\":\"2022-10-15T10:14:47+00:00\",\"breadcrumb\":{\"@id\":\"https:\\\/\\\/www.bellunopress.it\\\/2022\\\/10\\\/15\\\/segni-e-lettere-dal-bosco-sabato-pomeriggio-allinsolita-storia-la-presentazione-del-libro-di-lu-paer\\\/#breadcrumb\"},\"inLanguage\":\"fr-FR\",\"potentialAction\":[{\"@type\":\"ReadAction\",\"target\":[\"https:\\\/\\\/www.bellunopress.it\\\/2022\\\/10\\\/15\\\/segni-e-lettere-dal-bosco-sabato-pomeriggio-allinsolita-storia-la-presentazione-del-libro-di-lu-paer\\\/\"]}]},{\"@type\":\"ImageObject\",\"inLanguage\":\"fr-FR\",\"@id\":\"https:\\\/\\\/www.bellunopress.it\\\/2022\\\/10\\\/15\\\/segni-e-lettere-dal-bosco-sabato-pomeriggio-allinsolita-storia-la-presentazione-del-libro-di-lu-paer\\\/#primaryimage\",\"url\":\"https:\\\/\\\/www.bellunopress.it\\\/wp-content\\\/uploads\\\/2022\\\/10\\\/Segni-e-lettere-dal-bosco-Lu-Paer_edited.jpg\",\"contentUrl\":\"https:\\\/\\\/www.bellunopress.it\\\/wp-content\\\/uploads\\\/2022\\\/10\\\/Segni-e-lettere-dal-bosco-Lu-Paer_edited.jpg\",\"width\":536,\"height\":789},{\"@type\":\"BreadcrumbList\",\"@id\":\"https:\\\/\\\/www.bellunopress.it\\\/2022\\\/10\\\/15\\\/segni-e-lettere-dal-bosco-sabato-pomeriggio-allinsolita-storia-la-presentazione-del-libro-di-lu-paer\\\/#breadcrumb\",\"itemListElement\":[{\"@type\":\"ListItem\",\"position\":1,\"name\":\"Home\",\"item\":\"https:\\\/\\\/www.bellunopress.it\\\/\"},{\"@type\":\"ListItem\",\"position\":2,\"name\":\"Segni e lettere dal bosco. Sabato pomeriggio all&#8217;Insolita storia la presentazione del libro di Lu Paer\"}]},{\"@type\":\"WebSite\",\"@id\":\"https:\\\/\\\/www.bellunopress.it\\\/#website\",\"url\":\"https:\\\/\\\/www.bellunopress.it\\\/\",\"name\":\"Bellunopress - Dolomiti\",\"description\":\"e-mail: redazione@bellunopress.it\",\"publisher\":{\"@id\":\"https:\\\/\\\/www.bellunopress.it\\\/#organization\"},\"potentialAction\":[{\"@type\":\"SearchAction\",\"target\":{\"@type\":\"EntryPoint\",\"urlTemplate\":\"https:\\\/\\\/www.bellunopress.it\\\/?s={search_term_string}\"},\"query-input\":{\"@type\":\"PropertyValueSpecification\",\"valueRequired\":true,\"valueName\":\"search_term_string\"}}],\"inLanguage\":\"fr-FR\"},{\"@type\":\"Organization\",\"@id\":\"https:\\\/\\\/www.bellunopress.it\\\/#organization\",\"name\":\"Bellunopress\",\"url\":\"https:\\\/\\\/www.bellunopress.it\\\/\",\"logo\":{\"@type\":\"ImageObject\",\"inLanguage\":\"fr-FR\",\"@id\":\"https:\\\/\\\/www.bellunopress.it\\\/#\\\/schema\\\/logo\\\/image\\\/\",\"url\":\"https:\\\/\\\/www.bellunopress.it\\\/wp-content\\\/uploads\\\/2011\\\/05\\\/cropped-logo-bellunopress-.jpg\",\"contentUrl\":\"https:\\\/\\\/www.bellunopress.it\\\/wp-content\\\/uploads\\\/2011\\\/05\\\/cropped-logo-bellunopress-.jpg\",\"width\":512,\"height\":512,\"caption\":\"Bellunopress\"},\"image\":{\"@id\":\"https:\\\/\\\/www.bellunopress.it\\\/#\\\/schema\\\/logo\\\/image\\\/\"},\"sameAs\":[\"https:\\\/\\\/www.facebook.com\\\/profile.php?id=100008943462799\",\"https:\\\/\\\/x.com\\\/bellunopress\",\"https:\\\/\\\/www.linkedin.com\\\/hp\\\/?dnr=JBzUWaJfMUw8vbXJJ2tVW5-I3jZKvC4wsoxE&amp;amp;amp;amp;amp;amp;trk=nav_responsive_tab_home\",\"https:\\\/\\\/www.youtube.com\\\/channel\\\/UCxL0wu1uN0_3_7hGG0306cw\"]},{\"@type\":\"Person\",\"@id\":\"https:\\\/\\\/www.bellunopress.it\\\/#\\\/schema\\\/person\\\/79bb06722b37ece1c03d3e94beb30d73\",\"name\":\"redazione\",\"image\":{\"@type\":\"ImageObject\",\"inLanguage\":\"fr-FR\",\"@id\":\"https:\\\/\\\/secure.gravatar.com\\\/avatar\\\/37d968a2e67a6fd04c169c4bdef102d0bc5d31b2546345219e348575eb80e9a0?s=96&d=mm&r=g\",\"url\":\"https:\\\/\\\/secure.gravatar.com\\\/avatar\\\/37d968a2e67a6fd04c169c4bdef102d0bc5d31b2546345219e348575eb80e9a0?s=96&d=mm&r=g\",\"contentUrl\":\"https:\\\/\\\/secure.gravatar.com\\\/avatar\\\/37d968a2e67a6fd04c169c4bdef102d0bc5d31b2546345219e348575eb80e9a0?s=96&d=mm&r=g\",\"caption\":\"redazione\"},\"sameAs\":[\"http:\\\/\\\/www.bellunopress.it\",\"https:\\\/\\\/x.com\\\/bellunopress\"],\"url\":\"https:\\\/\\\/www.bellunopress.it\\\/fr\\\/author\\\/redazione\\\/\"}]}<\/script>\n<!-- \/ Yoast SEO plugin. -->","yoast_head_json":{"title":"Segni e lettere dal bosco. Sabato pomeriggio all'Insolita storia la presentazione del libro di Lu Paer - Bellunopress - Dolomiti","robots":{"index":"index","follow":"follow","max-snippet":"max-snippet:-1","max-image-preview":"max-image-preview:large","max-video-preview":"max-video-preview:-1"},"canonical":"https:\/\/www.bellunopress.it\/fr\/2022\/10\/15\/segni-e-lettere-dal-bosco-sabato-pomeriggio-allinsolita-storia-la-presentazione-del-libro-di-lu-paer\/","og_locale":"fr_FR","og_type":"article","og_title":"Segni e lettere dal bosco. Sabato pomeriggio all'Insolita storia la presentazione del libro di Lu Paer - Bellunopress - Dolomiti","og_description":"Belluno, 15 ottobre 2022 &#8211; Oggi pomeriggio alle ore 16:45 al bar Insolita Storia vicino a Piazza Piloni (Belluno), si terr\u00e0 la presentazione del libro &#8220;Segni e lettere dal Bosco&#8221; di Lu Paer. A conversare con l&#8217;autrice sar\u00e0 Lorella De Bon. Gli animali selvatici e le piante sono portatori di messaggi dai \u201cmondi sottili\u201d, la [&hellip;]","og_url":"https:\/\/www.bellunopress.it\/fr\/2022\/10\/15\/segni-e-lettere-dal-bosco-sabato-pomeriggio-allinsolita-storia-la-presentazione-del-libro-di-lu-paer\/","og_site_name":"Bellunopress - Dolomiti","article_publisher":"https:\/\/www.facebook.com\/profile.php?id=100008943462799","article_published_time":"2022-10-15T09:06:26+00:00","article_modified_time":"2022-10-15T10:14:47+00:00","og_image":[{"width":536,"height":789,"url":"https:\/\/www.bellunopress.it\/wp-content\/uploads\/2022\/10\/Segni-e-lettere-dal-bosco-Lu-Paer_edited.jpg","type":"image\/jpeg"}],"author":"redazione","twitter_card":"summary_large_image","twitter_creator":"@bellunopress","twitter_site":"@bellunopress","twitter_misc":{"\u00c9crit par":"redazione","Dur\u00e9e de lecture estim\u00e9e":"2 minutes"},"schema":{"@context":"https:\/\/schema.org","@graph":[{"@type":"Article","@id":"https:\/\/www.bellunopress.it\/2022\/10\/15\/segni-e-lettere-dal-bosco-sabato-pomeriggio-allinsolita-storia-la-presentazione-del-libro-di-lu-paer\/#article","isPartOf":{"@id":"https:\/\/www.bellunopress.it\/2022\/10\/15\/segni-e-lettere-dal-bosco-sabato-pomeriggio-allinsolita-storia-la-presentazione-del-libro-di-lu-paer\/"},"author":{"name":"redazione","@id":"https:\/\/www.bellunopress.it\/#\/schema\/person\/79bb06722b37ece1c03d3e94beb30d73"},"headline":"Segni e lettere dal bosco. Sabato pomeriggio all&#8217;Insolita storia la presentazione del libro di Lu Paer","datePublished":"2022-10-15T09:06:26+00:00","dateModified":"2022-10-15T10:14:47+00:00","mainEntityOfPage":{"@id":"https:\/\/www.bellunopress.it\/2022\/10\/15\/segni-e-lettere-dal-bosco-sabato-pomeriggio-allinsolita-storia-la-presentazione-del-libro-di-lu-paer\/"},"wordCount":178,"publisher":{"@id":"https:\/\/www.bellunopress.it\/#organization"},"image":{"@id":"https:\/\/www.bellunopress.it\/2022\/10\/15\/segni-e-lettere-dal-bosco-sabato-pomeriggio-allinsolita-storia-la-presentazione-del-libro-di-lu-paer\/#primaryimage"},"thumbnailUrl":"https:\/\/www.bellunopress.it\/wp-content\/uploads\/2022\/10\/Segni-e-lettere-dal-bosco-Lu-Paer_edited.jpg","articleSection":["Appuntamenti, Eventi"],"inLanguage":"fr-FR"},{"@type":"WebPage","@id":"https:\/\/www.bellunopress.it\/2022\/10\/15\/segni-e-lettere-dal-bosco-sabato-pomeriggio-allinsolita-storia-la-presentazione-del-libro-di-lu-paer\/","url":"https:\/\/www.bellunopress.it\/2022\/10\/15\/segni-e-lettere-dal-bosco-sabato-pomeriggio-allinsolita-storia-la-presentazione-del-libro-di-lu-paer\/","name":"Segni e lettere dal bosco. Sabato pomeriggio all'Insolita storia la presentazione del libro di Lu Paer - Bellunopress - Dolomiti","isPartOf":{"@id":"https:\/\/www.bellunopress.it\/#website"},"primaryImageOfPage":{"@id":"https:\/\/www.bellunopress.it\/2022\/10\/15\/segni-e-lettere-dal-bosco-sabato-pomeriggio-allinsolita-storia-la-presentazione-del-libro-di-lu-paer\/#primaryimage"},"image":{"@id":"https:\/\/www.bellunopress.it\/2022\/10\/15\/segni-e-lettere-dal-bosco-sabato-pomeriggio-allinsolita-storia-la-presentazione-del-libro-di-lu-paer\/#primaryimage"},"thumbnailUrl":"https:\/\/www.bellunopress.it\/wp-content\/uploads\/2022\/10\/Segni-e-lettere-dal-bosco-Lu-Paer_edited.jpg","datePublished":"2022-10-15T09:06:26+00:00","dateModified":"2022-10-15T10:14:47+00:00","breadcrumb":{"@id":"https:\/\/www.bellunopress.it\/2022\/10\/15\/segni-e-lettere-dal-bosco-sabato-pomeriggio-allinsolita-storia-la-presentazione-del-libro-di-lu-paer\/#breadcrumb"},"inLanguage":"fr-FR","potentialAction":[{"@type":"ReadAction","target":["https:\/\/www.bellunopress.it\/2022\/10\/15\/segni-e-lettere-dal-bosco-sabato-pomeriggio-allinsolita-storia-la-presentazione-del-libro-di-lu-paer\/"]}]},{"@type":"ImageObject","inLanguage":"fr-FR","@id":"https:\/\/www.bellunopress.it\/2022\/10\/15\/segni-e-lettere-dal-bosco-sabato-pomeriggio-allinsolita-storia-la-presentazione-del-libro-di-lu-paer\/#primaryimage","url":"https:\/\/www.bellunopress.it\/wp-content\/uploads\/2022\/10\/Segni-e-lettere-dal-bosco-Lu-Paer_edited.jpg","contentUrl":"https:\/\/www.bellunopress.it\/wp-content\/uploads\/2022\/10\/Segni-e-lettere-dal-bosco-Lu-Paer_edited.jpg","width":536,"height":789},{"@type":"BreadcrumbList","@id":"https:\/\/www.bellunopress.it\/2022\/10\/15\/segni-e-lettere-dal-bosco-sabato-pomeriggio-allinsolita-storia-la-presentazione-del-libro-di-lu-paer\/#breadcrumb","itemListElement":[{"@type":"ListItem","position":1,"name":"Home","item":"https:\/\/www.bellunopress.it\/"},{"@type":"ListItem","position":2,"name":"Segni e lettere dal bosco. Sabato pomeriggio all&#8217;Insolita storia la presentazione del libro di Lu Paer"}]},{"@type":"WebSite","@id":"https:\/\/www.bellunopress.it\/#website","url":"https:\/\/www.bellunopress.it\/","name":"Bellunopress - Dolomiti","description":"e-mail: redazione@bellunopress.it","publisher":{"@id":"https:\/\/www.bellunopress.it\/#organization"},"potentialAction":[{"@type":"SearchAction","target":{"@type":"EntryPoint","urlTemplate":"https:\/\/www.bellunopress.it\/?s={search_term_string}"},"query-input":{"@type":"PropertyValueSpecification","valueRequired":true,"valueName":"search_term_string"}}],"inLanguage":"fr-FR"},{"@type":"Organization","@id":"https:\/\/www.bellunopress.it\/#organization","name":"Bellunopress","url":"https:\/\/www.bellunopress.it\/","logo":{"@type":"ImageObject","inLanguage":"fr-FR","@id":"https:\/\/www.bellunopress.it\/#\/schema\/logo\/image\/","url":"https:\/\/www.bellunopress.it\/wp-content\/uploads\/2011\/05\/cropped-logo-bellunopress-.jpg","contentUrl":"https:\/\/www.bellunopress.it\/wp-content\/uploads\/2011\/05\/cropped-logo-bellunopress-.jpg","width":512,"height":512,"caption":"Bellunopress"},"image":{"@id":"https:\/\/www.bellunopress.it\/#\/schema\/logo\/image\/"},"sameAs":["https:\/\/www.facebook.com\/profile.php?id=100008943462799","https:\/\/x.com\/bellunopress","https:\/\/www.linkedin.com\/hp\/?dnr=JBzUWaJfMUw8vbXJJ2tVW5-I3jZKvC4wsoxE&amp;amp;amp;amp;amp;amp;trk=nav_responsive_tab_home","https:\/\/www.youtube.com\/channel\/UCxL0wu1uN0_3_7hGG0306cw"]},{"@type":"Person","@id":"https:\/\/www.bellunopress.it\/#\/schema\/person\/79bb06722b37ece1c03d3e94beb30d73","name":"r\u00e9daction","image":{"@type":"ImageObject","inLanguage":"fr-FR","@id":"https:\/\/secure.gravatar.com\/avatar\/37d968a2e67a6fd04c169c4bdef102d0bc5d31b2546345219e348575eb80e9a0?s=96&d=mm&r=g","url":"https:\/\/secure.gravatar.com\/avatar\/37d968a2e67a6fd04c169c4bdef102d0bc5d31b2546345219e348575eb80e9a0?s=96&d=mm&r=g","contentUrl":"https:\/\/secure.gravatar.com\/avatar\/37d968a2e67a6fd04c169c4bdef102d0bc5d31b2546345219e348575eb80e9a0?s=96&d=mm&r=g","caption":"redazione"},"sameAs":["http:\/\/www.bellunopress.it","https:\/\/x.com\/bellunopress"],"url":"https:\/\/www.bellunopress.it\/fr\/author\/redazione\/"}]}},"_links":{"self":[{"href":"https:\/\/www.bellunopress.it\/fr\/wp-json\/wp\/v2\/posts\/137007","targetHints":{"allow":["GET"]}}],"collection":[{"href":"https:\/\/www.bellunopress.it\/fr\/wp-json\/wp\/v2\/posts"}],"about":[{"href":"https:\/\/www.bellunopress.it\/fr\/wp-json\/wp\/v2\/types\/post"}],"author":[{"embeddable":true,"href":"https:\/\/www.bellunopress.it\/fr\/wp-json\/wp\/v2\/users\/2"}],"replies":[{"embeddable":true,"href":"https:\/\/www.bellunopress.it\/fr\/wp-json\/wp\/v2\/comments?post=137007"}],"version-history":[{"count":2,"href":"https:\/\/www.bellunopress.it\/fr\/wp-json\/wp\/v2\/posts\/137007\/revisions"}],"predecessor-version":[{"id":137010,"href":"https:\/\/www.bellunopress.it\/fr\/wp-json\/wp\/v2\/posts\/137007\/revisions\/137010"}],"wp:featuredmedia":[{"embeddable":true,"href":"https:\/\/www.bellunopress.it\/fr\/wp-json\/wp\/v2\/media\/137008"}],"wp:attachment":[{"href":"https:\/\/www.bellunopress.it\/fr\/wp-json\/wp\/v2\/media?parent=137007"}],"wp:term":[{"taxonomy":"category","embeddable":true,"href":"https:\/\/www.bellunopress.it\/fr\/wp-json\/wp\/v2\/categories?post=137007"},{"taxonomy":"post_tag","embeddable":true,"href":"https:\/\/www.bellunopress.it\/fr\/wp-json\/wp\/v2\/tags?post=137007"}],"curies":[{"name":"wp","href":"https:\/\/api.w.org\/{rel}","templated":true}]}}