{"id":136988,"date":"2022-10-14T18:45:18","date_gmt":"2022-10-14T16:45:18","guid":{"rendered":"https:\/\/www.bellunopress.it\/?p=136988"},"modified":"2022-10-14T19:43:23","modified_gmt":"2022-10-14T17:43:23","slug":"alpinista-precipita-dalle-tre-cime-e-perde-la-vita-difficile-il-recupero","status":"publish","type":"post","link":"https:\/\/www.bellunopress.it\/fr\/2022\/10\/14\/alpinista-precipita-dalle-tre-cime-e-perde-la-vita-difficile-il-recupero\/","title":{"rendered":"Alpinista precipita dalle Tre Cime e perde la vita. Difficile il recupero"},"content":{"rendered":"<p><img loading=\"lazy\" decoding=\"async\" class=\"alignleft size-full wp-image-136990\" src=\"https:\/\/www.bellunopress.it\/wp-content\/uploads\/2022\/10\/Soccorso-alpino-Tre-Cime_edited.jpg\" alt=\"\" width=\"1000\" height=\"821\" srcset=\"https:\/\/www.bellunopress.it\/wp-content\/uploads\/2022\/10\/Soccorso-alpino-Tre-Cime_edited.jpg 1000w, https:\/\/www.bellunopress.it\/wp-content\/uploads\/2022\/10\/Soccorso-alpino-Tre-Cime_edited-500x411.jpg 500w, https:\/\/www.bellunopress.it\/wp-content\/uploads\/2022\/10\/Soccorso-alpino-Tre-Cime_edited-696x571.jpg 696w, https:\/\/www.bellunopress.it\/wp-content\/uploads\/2022\/10\/Soccorso-alpino-Tre-Cime_edited-512x420.jpg 512w\" sizes=\"auto, (max-width: 1000px) 100vw, 1000px\" \/>Auronzo di Cadore (BL), 14 &#8211; 10 &#8211; 22\u00a0 \u00a0Un alpinista \u00e8 precipitato oggi circa 300 metri dalla Ovest, delle Tre Cime di Lavaredo, perdendo la vita. Molto impegnativo e lungo l&#8217;intervento di recupero. Attorno alle 12.30 la Centrale del Suem \u00e8 stata attivata dai quattro compagni di un alpinista del &#8217;66 di San Candido (BZ), che, durante la discesa lungo la normale, meno di cento metri sotto la vetta, \u00e8 inciampato lungo una cengia cadendo tra le rocce. Il suo corpo si trovava in una stretta fessura tra la Cima Ovest e la Torre Comici.<\/p>\n<p>L&#8217;elicottero del Suem di Pieve di Cadore arrivato sul posto, ha trovato gli amici che hanno indicato all&#8217;equipaggio il punto della caduta. Abbassandosi di quota lungo la verticale, i soccorritori hanno visto alcuni oggetti e poi individuato lo zaino in una stretta fessura lunga un&#8217;ottantina di metri, impossibile da avvicinare con l&#8217;elicottero, nemmeno utilizzando un verricello. Calato su una cengetta soprastante la fessura il tecnico di elisoccorso, l&#8217;eliambulanza \u00e8 volata imbarcare 4 soccorritori, del Soccorso alpino di Auronzo e della Guardia di finanza in supporto alle operazioni, per poi sbarcarli con il verricello dove si trovava il tecnico di elisoccorso, che nel frattempo aveva preparato l&#8217;ancoraggio per le corde fisse. I soccorritori, attrezzato il percorso, sono quindi scesi fino a raggiungere lo zaino e pi\u00f9 sotto ancora il corpo senza vita dell&#8217;uomo. La salma \u00e8 stata imbarellata, sollevata di una ventina di metri e portata in un punto dove \u00e8 potuto avvenire il recupero con un verricello di una settantina di metri. Il corpo \u00e8 stato quindi trasferito a valle. I 4 soccorritori rimasti in parete sono risaliti fino alla cengetta, per poter essere recuperati in una seconda rotazione dall&#8217;elicottero.<\/p>","protected":false},"excerpt":{"rendered":"<p>Auronzo di Cadore (BL), 14 &#8211; 10 &#8211; 22\u00a0 \u00a0Un alpinista \u00e8 precipitato oggi circa 300 metri dalla Ovest, delle Tre Cime di Lavaredo, perdendo la vita. Molto impegnativo e lungo l&#8217;intervento di recupero. Attorno alle 12.30 la Centrale del Suem \u00e8 stata attivata dai quattro compagni di un alpinista del &#8217;66 di San Candido [&hellip;]<\/p>\n","protected":false},"author":2,"featured_media":136990,"comment_status":"closed","ping_status":"open","sticky":false,"template":"","format":"standard","meta":{"footnotes":""},"categories":[5],"tags":[],"class_list":["post-136988","post","type-post","status-publish","format-standard","has-post-thumbnail","category-cronaca"],"yoast_head":"<!-- This site is optimized with the Yoast SEO plugin v28.4 - https:\/\/yoast.com\/product\/yoast-seo-wordpress\/ -->\n<title>Alpinista precipita dalle Tre Cime e perde la vita. Difficile il recupero - Bellunopress - Dolomiti<\/title>\n<meta name=\"robots\" content=\"index, follow, max-snippet:-1, max-image-preview:large, max-video-preview:-1\" \/>\n<link rel=\"canonical\" href=\"https:\/\/www.bellunopress.it\/fr\/2022\/10\/14\/alpinista-precipita-dalle-tre-cime-e-perde-la-vita-difficile-il-recupero\/\" \/>\n<meta property=\"og:locale\" content=\"fr_FR\" \/>\n<meta property=\"og:type\" content=\"article\" \/>\n<meta property=\"og:title\" content=\"Alpinista precipita dalle Tre Cime e perde la vita. Difficile il recupero - Bellunopress - Dolomiti\" \/>\n<meta property=\"og:description\" content=\"Auronzo di Cadore (BL), 14 &#8211; 10 &#8211; 22\u00a0 \u00a0Un alpinista \u00e8 precipitato oggi circa 300 metri dalla Ovest, delle Tre Cime di Lavaredo, perdendo la vita. Molto impegnativo e lungo l&#8217;intervento di recupero. Attorno alle 12.30 la Centrale del Suem \u00e8 stata attivata dai quattro compagni di un alpinista del &#8217;66 di San Candido [&hellip;]\" \/>\n<meta property=\"og:url\" content=\"https:\/\/www.bellunopress.it\/fr\/2022\/10\/14\/alpinista-precipita-dalle-tre-cime-e-perde-la-vita-difficile-il-recupero\/\" \/>\n<meta property=\"og:site_name\" content=\"Bellunopress - Dolomiti\" \/>\n<meta property=\"article:publisher\" content=\"https:\/\/www.facebook.com\/profile.php?id=100008943462799\" \/>\n<meta property=\"article:published_time\" content=\"2022-10-14T16:45:18+00:00\" \/>\n<meta property=\"article:modified_time\" content=\"2022-10-14T17:43:23+00:00\" \/>\n<meta property=\"og:image\" content=\"https:\/\/www.bellunopress.it\/wp-content\/uploads\/2022\/10\/Soccorso-alpino-Tre-Cime_edited.jpg\" \/>\n\t<meta property=\"og:image:width\" content=\"1000\" \/>\n\t<meta property=\"og:image:height\" content=\"821\" \/>\n\t<meta property=\"og:image:type\" content=\"image\/jpeg\" \/>\n<meta name=\"author\" content=\"redazione\" \/>\n<meta name=\"twitter:card\" content=\"summary_large_image\" \/>\n<meta name=\"twitter:creator\" content=\"@bellunopress\" \/>\n<meta name=\"twitter:site\" content=\"@bellunopress\" \/>\n<meta name=\"twitter:label1\" content=\"\u00c9crit par\" \/>\n\t<meta name=\"twitter:data1\" content=\"redazione\" \/>\n\t<meta name=\"twitter:label2\" content=\"Dur\u00e9e de lecture estim\u00e9e\" \/>\n\t<meta name=\"twitter:data2\" content=\"2 minutes\" \/>\n<script type=\"application\/ld+json\" class=\"yoast-schema-graph\">{\"@context\":\"https:\\\/\\\/schema.org\",\"@graph\":[{\"@type\":\"Article\",\"@id\":\"https:\\\/\\\/www.bellunopress.it\\\/2022\\\/10\\\/14\\\/alpinista-precipita-dalle-tre-cime-e-perde-la-vita-difficile-il-recupero\\\/#article\",\"isPartOf\":{\"@id\":\"https:\\\/\\\/www.bellunopress.it\\\/2022\\\/10\\\/14\\\/alpinista-precipita-dalle-tre-cime-e-perde-la-vita-difficile-il-recupero\\\/\"},\"author\":{\"name\":\"redazione\",\"@id\":\"https:\\\/\\\/www.bellunopress.it\\\/#\\\/schema\\\/person\\\/79bb06722b37ece1c03d3e94beb30d73\"},\"headline\":\"Alpinista precipita dalle Tre Cime e perde la vita. Difficile il recupero\",\"datePublished\":\"2022-10-14T16:45:18+00:00\",\"dateModified\":\"2022-10-14T17:43:23+00:00\",\"mainEntityOfPage\":{\"@id\":\"https:\\\/\\\/www.bellunopress.it\\\/2022\\\/10\\\/14\\\/alpinista-precipita-dalle-tre-cime-e-perde-la-vita-difficile-il-recupero\\\/\"},\"wordCount\":292,\"publisher\":{\"@id\":\"https:\\\/\\\/www.bellunopress.it\\\/#organization\"},\"image\":{\"@id\":\"https:\\\/\\\/www.bellunopress.it\\\/2022\\\/10\\\/14\\\/alpinista-precipita-dalle-tre-cime-e-perde-la-vita-difficile-il-recupero\\\/#primaryimage\"},\"thumbnailUrl\":\"https:\\\/\\\/www.bellunopress.it\\\/wp-content\\\/uploads\\\/2022\\\/10\\\/Soccorso-alpino-Tre-Cime_edited.jpg\",\"articleSection\":[\"Cronaca\\\/Politica\"],\"inLanguage\":\"fr-FR\"},{\"@type\":\"WebPage\",\"@id\":\"https:\\\/\\\/www.bellunopress.it\\\/2022\\\/10\\\/14\\\/alpinista-precipita-dalle-tre-cime-e-perde-la-vita-difficile-il-recupero\\\/\",\"url\":\"https:\\\/\\\/www.bellunopress.it\\\/2022\\\/10\\\/14\\\/alpinista-precipita-dalle-tre-cime-e-perde-la-vita-difficile-il-recupero\\\/\",\"name\":\"Alpinista precipita dalle Tre Cime e perde la vita. Difficile il recupero - Bellunopress - Dolomiti\",\"isPartOf\":{\"@id\":\"https:\\\/\\\/www.bellunopress.it\\\/#website\"},\"primaryImageOfPage\":{\"@id\":\"https:\\\/\\\/www.bellunopress.it\\\/2022\\\/10\\\/14\\\/alpinista-precipita-dalle-tre-cime-e-perde-la-vita-difficile-il-recupero\\\/#primaryimage\"},\"image\":{\"@id\":\"https:\\\/\\\/www.bellunopress.it\\\/2022\\\/10\\\/14\\\/alpinista-precipita-dalle-tre-cime-e-perde-la-vita-difficile-il-recupero\\\/#primaryimage\"},\"thumbnailUrl\":\"https:\\\/\\\/www.bellunopress.it\\\/wp-content\\\/uploads\\\/2022\\\/10\\\/Soccorso-alpino-Tre-Cime_edited.jpg\",\"datePublished\":\"2022-10-14T16:45:18+00:00\",\"dateModified\":\"2022-10-14T17:43:23+00:00\",\"breadcrumb\":{\"@id\":\"https:\\\/\\\/www.bellunopress.it\\\/2022\\\/10\\\/14\\\/alpinista-precipita-dalle-tre-cime-e-perde-la-vita-difficile-il-recupero\\\/#breadcrumb\"},\"inLanguage\":\"fr-FR\",\"potentialAction\":[{\"@type\":\"ReadAction\",\"target\":[\"https:\\\/\\\/www.bellunopress.it\\\/2022\\\/10\\\/14\\\/alpinista-precipita-dalle-tre-cime-e-perde-la-vita-difficile-il-recupero\\\/\"]}]},{\"@type\":\"ImageObject\",\"inLanguage\":\"fr-FR\",\"@id\":\"https:\\\/\\\/www.bellunopress.it\\\/2022\\\/10\\\/14\\\/alpinista-precipita-dalle-tre-cime-e-perde-la-vita-difficile-il-recupero\\\/#primaryimage\",\"url\":\"https:\\\/\\\/www.bellunopress.it\\\/wp-content\\\/uploads\\\/2022\\\/10\\\/Soccorso-alpino-Tre-Cime_edited.jpg\",\"contentUrl\":\"https:\\\/\\\/www.bellunopress.it\\\/wp-content\\\/uploads\\\/2022\\\/10\\\/Soccorso-alpino-Tre-Cime_edited.jpg\",\"width\":1000,\"height\":821},{\"@type\":\"BreadcrumbList\",\"@id\":\"https:\\\/\\\/www.bellunopress.it\\\/2022\\\/10\\\/14\\\/alpinista-precipita-dalle-tre-cime-e-perde-la-vita-difficile-il-recupero\\\/#breadcrumb\",\"itemListElement\":[{\"@type\":\"ListItem\",\"position\":1,\"name\":\"Home\",\"item\":\"https:\\\/\\\/www.bellunopress.it\\\/\"},{\"@type\":\"ListItem\",\"position\":2,\"name\":\"Alpinista precipita dalle Tre Cime e perde la vita. Difficile il recupero\"}]},{\"@type\":\"WebSite\",\"@id\":\"https:\\\/\\\/www.bellunopress.it\\\/#website\",\"url\":\"https:\\\/\\\/www.bellunopress.it\\\/\",\"name\":\"Bellunopress - Dolomiti\",\"description\":\"e-mail: redazione@bellunopress.it\",\"publisher\":{\"@id\":\"https:\\\/\\\/www.bellunopress.it\\\/#organization\"},\"potentialAction\":[{\"@type\":\"SearchAction\",\"target\":{\"@type\":\"EntryPoint\",\"urlTemplate\":\"https:\\\/\\\/www.bellunopress.it\\\/?s={search_term_string}\"},\"query-input\":{\"@type\":\"PropertyValueSpecification\",\"valueRequired\":true,\"valueName\":\"search_term_string\"}}],\"inLanguage\":\"fr-FR\"},{\"@type\":\"Organization\",\"@id\":\"https:\\\/\\\/www.bellunopress.it\\\/#organization\",\"name\":\"Bellunopress\",\"url\":\"https:\\\/\\\/www.bellunopress.it\\\/\",\"logo\":{\"@type\":\"ImageObject\",\"inLanguage\":\"fr-FR\",\"@id\":\"https:\\\/\\\/www.bellunopress.it\\\/#\\\/schema\\\/logo\\\/image\\\/\",\"url\":\"https:\\\/\\\/www.bellunopress.it\\\/wp-content\\\/uploads\\\/2011\\\/05\\\/cropped-logo-bellunopress-.jpg\",\"contentUrl\":\"https:\\\/\\\/www.bellunopress.it\\\/wp-content\\\/uploads\\\/2011\\\/05\\\/cropped-logo-bellunopress-.jpg\",\"width\":512,\"height\":512,\"caption\":\"Bellunopress\"},\"image\":{\"@id\":\"https:\\\/\\\/www.bellunopress.it\\\/#\\\/schema\\\/logo\\\/image\\\/\"},\"sameAs\":[\"https:\\\/\\\/www.facebook.com\\\/profile.php?id=100008943462799\",\"https:\\\/\\\/x.com\\\/bellunopress\",\"https:\\\/\\\/www.linkedin.com\\\/hp\\\/?dnr=JBzUWaJfMUw8vbXJJ2tVW5-I3jZKvC4wsoxE&amp;amp;amp;amp;amp;amp;trk=nav_responsive_tab_home\",\"https:\\\/\\\/www.youtube.com\\\/channel\\\/UCxL0wu1uN0_3_7hGG0306cw\"]},{\"@type\":\"Person\",\"@id\":\"https:\\\/\\\/www.bellunopress.it\\\/#\\\/schema\\\/person\\\/79bb06722b37ece1c03d3e94beb30d73\",\"name\":\"redazione\",\"image\":{\"@type\":\"ImageObject\",\"inLanguage\":\"fr-FR\",\"@id\":\"https:\\\/\\\/secure.gravatar.com\\\/avatar\\\/37d968a2e67a6fd04c169c4bdef102d0bc5d31b2546345219e348575eb80e9a0?s=96&d=mm&r=g\",\"url\":\"https:\\\/\\\/secure.gravatar.com\\\/avatar\\\/37d968a2e67a6fd04c169c4bdef102d0bc5d31b2546345219e348575eb80e9a0?s=96&d=mm&r=g\",\"contentUrl\":\"https:\\\/\\\/secure.gravatar.com\\\/avatar\\\/37d968a2e67a6fd04c169c4bdef102d0bc5d31b2546345219e348575eb80e9a0?s=96&d=mm&r=g\",\"caption\":\"redazione\"},\"sameAs\":[\"http:\\\/\\\/www.bellunopress.it\",\"https:\\\/\\\/x.com\\\/bellunopress\"],\"url\":\"https:\\\/\\\/www.bellunopress.it\\\/fr\\\/author\\\/redazione\\\/\"}]}<\/script>\n<!-- \/ Yoast SEO plugin. -->","yoast_head_json":{"title":"Alpinista precipita dalle Tre Cime e perde la vita. Difficile il recupero - Bellunopress - Dolomiti","robots":{"index":"index","follow":"follow","max-snippet":"max-snippet:-1","max-image-preview":"max-image-preview:large","max-video-preview":"max-video-preview:-1"},"canonical":"https:\/\/www.bellunopress.it\/fr\/2022\/10\/14\/alpinista-precipita-dalle-tre-cime-e-perde-la-vita-difficile-il-recupero\/","og_locale":"fr_FR","og_type":"article","og_title":"Alpinista precipita dalle Tre Cime e perde la vita. Difficile il recupero - Bellunopress - Dolomiti","og_description":"Auronzo di Cadore (BL), 14 &#8211; 10 &#8211; 22\u00a0 \u00a0Un alpinista \u00e8 precipitato oggi circa 300 metri dalla Ovest, delle Tre Cime di Lavaredo, perdendo la vita. Molto impegnativo e lungo l&#8217;intervento di recupero. Attorno alle 12.30 la Centrale del Suem \u00e8 stata attivata dai quattro compagni di un alpinista del &#8217;66 di San Candido [&hellip;]","og_url":"https:\/\/www.bellunopress.it\/fr\/2022\/10\/14\/alpinista-precipita-dalle-tre-cime-e-perde-la-vita-difficile-il-recupero\/","og_site_name":"Bellunopress - Dolomiti","article_publisher":"https:\/\/www.facebook.com\/profile.php?id=100008943462799","article_published_time":"2022-10-14T16:45:18+00:00","article_modified_time":"2022-10-14T17:43:23+00:00","og_image":[{"width":1000,"height":821,"url":"https:\/\/www.bellunopress.it\/wp-content\/uploads\/2022\/10\/Soccorso-alpino-Tre-Cime_edited.jpg","type":"image\/jpeg"}],"author":"redazione","twitter_card":"summary_large_image","twitter_creator":"@bellunopress","twitter_site":"@bellunopress","twitter_misc":{"\u00c9crit par":"redazione","Dur\u00e9e de lecture estim\u00e9e":"2 minutes"},"schema":{"@context":"https:\/\/schema.org","@graph":[{"@type":"Article","@id":"https:\/\/www.bellunopress.it\/2022\/10\/14\/alpinista-precipita-dalle-tre-cime-e-perde-la-vita-difficile-il-recupero\/#article","isPartOf":{"@id":"https:\/\/www.bellunopress.it\/2022\/10\/14\/alpinista-precipita-dalle-tre-cime-e-perde-la-vita-difficile-il-recupero\/"},"author":{"name":"redazione","@id":"https:\/\/www.bellunopress.it\/#\/schema\/person\/79bb06722b37ece1c03d3e94beb30d73"},"headline":"Alpinista precipita dalle Tre Cime e perde la vita. Difficile il recupero","datePublished":"2022-10-14T16:45:18+00:00","dateModified":"2022-10-14T17:43:23+00:00","mainEntityOfPage":{"@id":"https:\/\/www.bellunopress.it\/2022\/10\/14\/alpinista-precipita-dalle-tre-cime-e-perde-la-vita-difficile-il-recupero\/"},"wordCount":292,"publisher":{"@id":"https:\/\/www.bellunopress.it\/#organization"},"image":{"@id":"https:\/\/www.bellunopress.it\/2022\/10\/14\/alpinista-precipita-dalle-tre-cime-e-perde-la-vita-difficile-il-recupero\/#primaryimage"},"thumbnailUrl":"https:\/\/www.bellunopress.it\/wp-content\/uploads\/2022\/10\/Soccorso-alpino-Tre-Cime_edited.jpg","articleSection":["Cronaca\/Politica"],"inLanguage":"fr-FR"},{"@type":"WebPage","@id":"https:\/\/www.bellunopress.it\/2022\/10\/14\/alpinista-precipita-dalle-tre-cime-e-perde-la-vita-difficile-il-recupero\/","url":"https:\/\/www.bellunopress.it\/2022\/10\/14\/alpinista-precipita-dalle-tre-cime-e-perde-la-vita-difficile-il-recupero\/","name":"Alpinista precipita dalle Tre Cime e perde la vita. Difficile il recupero - Bellunopress - Dolomiti","isPartOf":{"@id":"https:\/\/www.bellunopress.it\/#website"},"primaryImageOfPage":{"@id":"https:\/\/www.bellunopress.it\/2022\/10\/14\/alpinista-precipita-dalle-tre-cime-e-perde-la-vita-difficile-il-recupero\/#primaryimage"},"image":{"@id":"https:\/\/www.bellunopress.it\/2022\/10\/14\/alpinista-precipita-dalle-tre-cime-e-perde-la-vita-difficile-il-recupero\/#primaryimage"},"thumbnailUrl":"https:\/\/www.bellunopress.it\/wp-content\/uploads\/2022\/10\/Soccorso-alpino-Tre-Cime_edited.jpg","datePublished":"2022-10-14T16:45:18+00:00","dateModified":"2022-10-14T17:43:23+00:00","breadcrumb":{"@id":"https:\/\/www.bellunopress.it\/2022\/10\/14\/alpinista-precipita-dalle-tre-cime-e-perde-la-vita-difficile-il-recupero\/#breadcrumb"},"inLanguage":"fr-FR","potentialAction":[{"@type":"ReadAction","target":["https:\/\/www.bellunopress.it\/2022\/10\/14\/alpinista-precipita-dalle-tre-cime-e-perde-la-vita-difficile-il-recupero\/"]}]},{"@type":"ImageObject","inLanguage":"fr-FR","@id":"https:\/\/www.bellunopress.it\/2022\/10\/14\/alpinista-precipita-dalle-tre-cime-e-perde-la-vita-difficile-il-recupero\/#primaryimage","url":"https:\/\/www.bellunopress.it\/wp-content\/uploads\/2022\/10\/Soccorso-alpino-Tre-Cime_edited.jpg","contentUrl":"https:\/\/www.bellunopress.it\/wp-content\/uploads\/2022\/10\/Soccorso-alpino-Tre-Cime_edited.jpg","width":1000,"height":821},{"@type":"BreadcrumbList","@id":"https:\/\/www.bellunopress.it\/2022\/10\/14\/alpinista-precipita-dalle-tre-cime-e-perde-la-vita-difficile-il-recupero\/#breadcrumb","itemListElement":[{"@type":"ListItem","position":1,"name":"Home","item":"https:\/\/www.bellunopress.it\/"},{"@type":"ListItem","position":2,"name":"Alpinista precipita dalle Tre Cime e perde la vita. Difficile il recupero"}]},{"@type":"WebSite","@id":"https:\/\/www.bellunopress.it\/#website","url":"https:\/\/www.bellunopress.it\/","name":"Bellunopress - Dolomiti","description":"e-mail: redazione@bellunopress.it","publisher":{"@id":"https:\/\/www.bellunopress.it\/#organization"},"potentialAction":[{"@type":"SearchAction","target":{"@type":"EntryPoint","urlTemplate":"https:\/\/www.bellunopress.it\/?s={search_term_string}"},"query-input":{"@type":"PropertyValueSpecification","valueRequired":true,"valueName":"search_term_string"}}],"inLanguage":"fr-FR"},{"@type":"Organization","@id":"https:\/\/www.bellunopress.it\/#organization","name":"Bellunopress","url":"https:\/\/www.bellunopress.it\/","logo":{"@type":"ImageObject","inLanguage":"fr-FR","@id":"https:\/\/www.bellunopress.it\/#\/schema\/logo\/image\/","url":"https:\/\/www.bellunopress.it\/wp-content\/uploads\/2011\/05\/cropped-logo-bellunopress-.jpg","contentUrl":"https:\/\/www.bellunopress.it\/wp-content\/uploads\/2011\/05\/cropped-logo-bellunopress-.jpg","width":512,"height":512,"caption":"Bellunopress"},"image":{"@id":"https:\/\/www.bellunopress.it\/#\/schema\/logo\/image\/"},"sameAs":["https:\/\/www.facebook.com\/profile.php?id=100008943462799","https:\/\/x.com\/bellunopress","https:\/\/www.linkedin.com\/hp\/?dnr=JBzUWaJfMUw8vbXJJ2tVW5-I3jZKvC4wsoxE&amp;amp;amp;amp;amp;amp;trk=nav_responsive_tab_home","https:\/\/www.youtube.com\/channel\/UCxL0wu1uN0_3_7hGG0306cw"]},{"@type":"Person","@id":"https:\/\/www.bellunopress.it\/#\/schema\/person\/79bb06722b37ece1c03d3e94beb30d73","name":"r\u00e9daction","image":{"@type":"ImageObject","inLanguage":"fr-FR","@id":"https:\/\/secure.gravatar.com\/avatar\/37d968a2e67a6fd04c169c4bdef102d0bc5d31b2546345219e348575eb80e9a0?s=96&d=mm&r=g","url":"https:\/\/secure.gravatar.com\/avatar\/37d968a2e67a6fd04c169c4bdef102d0bc5d31b2546345219e348575eb80e9a0?s=96&d=mm&r=g","contentUrl":"https:\/\/secure.gravatar.com\/avatar\/37d968a2e67a6fd04c169c4bdef102d0bc5d31b2546345219e348575eb80e9a0?s=96&d=mm&r=g","caption":"redazione"},"sameAs":["http:\/\/www.bellunopress.it","https:\/\/x.com\/bellunopress"],"url":"https:\/\/www.bellunopress.it\/fr\/author\/redazione\/"}]}},"_links":{"self":[{"href":"https:\/\/www.bellunopress.it\/fr\/wp-json\/wp\/v2\/posts\/136988","targetHints":{"allow":["GET"]}}],"collection":[{"href":"https:\/\/www.bellunopress.it\/fr\/wp-json\/wp\/v2\/posts"}],"about":[{"href":"https:\/\/www.bellunopress.it\/fr\/wp-json\/wp\/v2\/types\/post"}],"author":[{"embeddable":true,"href":"https:\/\/www.bellunopress.it\/fr\/wp-json\/wp\/v2\/users\/2"}],"replies":[{"embeddable":true,"href":"https:\/\/www.bellunopress.it\/fr\/wp-json\/wp\/v2\/comments?post=136988"}],"version-history":[{"count":2,"href":"https:\/\/www.bellunopress.it\/fr\/wp-json\/wp\/v2\/posts\/136988\/revisions"}],"predecessor-version":[{"id":136991,"href":"https:\/\/www.bellunopress.it\/fr\/wp-json\/wp\/v2\/posts\/136988\/revisions\/136991"}],"wp:featuredmedia":[{"embeddable":true,"href":"https:\/\/www.bellunopress.it\/fr\/wp-json\/wp\/v2\/media\/136990"}],"wp:attachment":[{"href":"https:\/\/www.bellunopress.it\/fr\/wp-json\/wp\/v2\/media?parent=136988"}],"wp:term":[{"taxonomy":"category","embeddable":true,"href":"https:\/\/www.bellunopress.it\/fr\/wp-json\/wp\/v2\/categories?post=136988"},{"taxonomy":"post_tag","embeddable":true,"href":"https:\/\/www.bellunopress.it\/fr\/wp-json\/wp\/v2\/tags?post=136988"}],"curies":[{"name":"wp","href":"https:\/\/api.w.org\/{rel}","templated":true}]}}