{"id":136955,"date":"2022-10-13T12:39:00","date_gmt":"2022-10-13T10:39:00","guid":{"rendered":"https:\/\/www.bellunopress.it\/?p=136955"},"modified":"2022-10-13T12:39:00","modified_gmt":"2022-10-13T10:39:00","slug":"insieme-per-belluno-bene-comune-venerdi-pomeriggio-lincontro-pubblico-al-centro-giovanni-23mo-di-belluno","status":"publish","type":"post","link":"https:\/\/www.bellunopress.it\/fr\/2022\/10\/13\/insieme-per-belluno-bene-comune-venerdi-pomeriggio-lincontro-pubblico-al-centro-giovanni-23mo-di-belluno\/","title":{"rendered":"Insieme per Belluno Bene Comune. Venerd\u00ec pomeriggio l&#8217;incontro pubblico al Centro Giovanni 23mo di Belluno"},"content":{"rendered":"<p><img loading=\"lazy\" decoding=\"async\" class=\"alignleft size-full wp-image-132714\" src=\"https:\/\/www.bellunopress.it\/wp-content\/uploads\/2022\/04\/Insieme-per-belluno-lucia-olivotto-sindaco.jpg\" alt=\"\" width=\"960\" height=\"960\" srcset=\"https:\/\/www.bellunopress.it\/wp-content\/uploads\/2022\/04\/Insieme-per-belluno-lucia-olivotto-sindaco.jpg 960w, https:\/\/www.bellunopress.it\/wp-content\/uploads\/2022\/04\/Insieme-per-belluno-lucia-olivotto-sindaco-500x500.jpg 500w, https:\/\/www.bellunopress.it\/wp-content\/uploads\/2022\/04\/Insieme-per-belluno-lucia-olivotto-sindaco-300x300.jpg 300w, https:\/\/www.bellunopress.it\/wp-content\/uploads\/2022\/04\/Insieme-per-belluno-lucia-olivotto-sindaco-696x696.jpg 696w, https:\/\/www.bellunopress.it\/wp-content\/uploads\/2022\/04\/Insieme-per-belluno-lucia-olivotto-sindaco-420x420.jpg 420w\" sizes=\"auto, (max-width: 960px) 100vw, 960px\" \/>Venerd\u00ec 14 ottobre alle 18:00 al Centro Giovanni XXIII, si terr\u00e0 l\u2019assemblea delle formazioni politiche che hanno sostenuto Lucia Olivotto alle ultime elezioni amministrative.<\/p>\n<p>Le due liste, gi\u00e0 confluite in un unico gruppo in consiglio comunale con il nome di \u201cInsieme per Belluno Bene Comune\u201d, si ritrovano per tracciare un percorso politico sul quale camminare insieme nel prossimo futuro.<\/p>\n<p>Con uno sguardo di apertura alle varie realt\u00e0 di centro sinistra, Insieme per Belluno Bene Comune sente la responsabilit\u00e0 del ruolo importante affidatogli dagli elettori, come punto di riferimento di centro-sinistra nel panorama bellunese.<\/p>\n<p>Nodi focali dell\u2019incontro saranno pertanto:<br \/>\n\u25aa\ufe0f l\u2019opposizione attiva all\u2019amministrazione di destra che ha gi\u00e0 evidenziato tutta la sua fragilit\u00e0 politica e la sua inaffidabilit\u00e0 amministrativa;<br \/>\n\u25aa\ufe0f L&#8217;impegno sui temi caldi per le politiche di centro sinistra come la questione giovanile, il rilancio della sanit\u00e0, il sostegno alle famiglie e ai soggetti pi\u00f9 deboli, le politiche sociali e di integrazione, il sempre pi\u00f9 grave problema della viabilit\u00e0, le politiche di riconversione energetica;<br \/>\n\u25aa\ufe0f Le grandi questioni di politica nazionale a partire dai temi della fedelt\u00e0 alla costituzione, della marginalit\u00e0 della provincia, del sostegno alla pace e la collocazione europea.<\/p>\n<p>L\u2019incontro, aperto a tutti coloro che vogliano partecipare, sar\u00e0 il primo di una serie di assemblee itineranti che intendono riattivare la partecipazione e la passione dei cittadini per la politica intesa come promozione del bene comune.<\/p>","protected":false},"excerpt":{"rendered":"<p>Venerd\u00ec 14 ottobre alle 18:00 al Centro Giovanni XXIII, si terr\u00e0 l\u2019assemblea delle formazioni politiche che hanno sostenuto Lucia Olivotto alle ultime elezioni amministrative. Le due liste, gi\u00e0 confluite in un unico gruppo in consiglio comunale con il nome di \u201cInsieme per Belluno Bene Comune\u201d, si ritrovano per tracciare un percorso politico sul quale camminare [&hellip;]<\/p>\n","protected":false},"author":2,"featured_media":132714,"comment_status":"closed","ping_status":"open","sticky":false,"template":"","format":"standard","meta":{"footnotes":""},"categories":[5],"tags":[],"class_list":["post-136955","post","type-post","status-publish","format-standard","has-post-thumbnail","category-cronaca"],"yoast_head":"<!-- This site is optimized with the Yoast SEO plugin v28.4 - https:\/\/yoast.com\/product\/yoast-seo-wordpress\/ -->\n<title>Insieme per Belluno Bene Comune. Venerd\u00ec pomeriggio l&#039;incontro pubblico al Centro Giovanni 23mo di Belluno - Bellunopress - Dolomiti<\/title>\n<meta name=\"robots\" content=\"index, follow, max-snippet:-1, max-image-preview:large, max-video-preview:-1\" \/>\n<link rel=\"canonical\" href=\"https:\/\/www.bellunopress.it\/fr\/2022\/10\/13\/insieme-per-belluno-bene-comune-venerdi-pomeriggio-lincontro-pubblico-al-centro-giovanni-23mo-di-belluno\/\" \/>\n<meta property=\"og:locale\" content=\"fr_FR\" \/>\n<meta property=\"og:type\" content=\"article\" \/>\n<meta property=\"og:title\" content=\"Insieme per Belluno Bene Comune. Venerd\u00ec pomeriggio l&#039;incontro pubblico al Centro Giovanni 23mo di Belluno - Bellunopress - Dolomiti\" \/>\n<meta property=\"og:description\" content=\"Venerd\u00ec 14 ottobre alle 18:00 al Centro Giovanni XXIII, si terr\u00e0 l\u2019assemblea delle formazioni politiche che hanno sostenuto Lucia Olivotto alle ultime elezioni amministrative. Le due liste, gi\u00e0 confluite in un unico gruppo in consiglio comunale con il nome di \u201cInsieme per Belluno Bene Comune\u201d, si ritrovano per tracciare un percorso politico sul quale camminare [&hellip;]\" \/>\n<meta property=\"og:url\" content=\"https:\/\/www.bellunopress.it\/fr\/2022\/10\/13\/insieme-per-belluno-bene-comune-venerdi-pomeriggio-lincontro-pubblico-al-centro-giovanni-23mo-di-belluno\/\" \/>\n<meta property=\"og:site_name\" content=\"Bellunopress - Dolomiti\" \/>\n<meta property=\"article:publisher\" content=\"https:\/\/www.facebook.com\/profile.php?id=100008943462799\" \/>\n<meta property=\"article:published_time\" content=\"2022-10-13T10:39:00+00:00\" \/>\n<meta property=\"og:image\" content=\"https:\/\/www.bellunopress.it\/wp-content\/uploads\/2022\/04\/Insieme-per-belluno-lucia-olivotto-sindaco.jpg\" \/>\n\t<meta property=\"og:image:width\" content=\"960\" \/>\n\t<meta property=\"og:image:height\" content=\"960\" \/>\n\t<meta property=\"og:image:type\" content=\"image\/jpeg\" \/>\n<meta name=\"author\" content=\"redazione\" \/>\n<meta name=\"twitter:card\" content=\"summary_large_image\" \/>\n<meta name=\"twitter:creator\" content=\"@bellunopress\" \/>\n<meta name=\"twitter:site\" content=\"@bellunopress\" \/>\n<meta name=\"twitter:label1\" content=\"\u00c9crit par\" \/>\n\t<meta name=\"twitter:data1\" content=\"redazione\" \/>\n\t<meta name=\"twitter:label2\" content=\"Dur\u00e9e de lecture estim\u00e9e\" \/>\n\t<meta name=\"twitter:data2\" content=\"2 minutes\" \/>\n<script type=\"application\/ld+json\" class=\"yoast-schema-graph\">{\"@context\":\"https:\\\/\\\/schema.org\",\"@graph\":[{\"@type\":\"Article\",\"@id\":\"https:\\\/\\\/www.bellunopress.it\\\/2022\\\/10\\\/13\\\/insieme-per-belluno-bene-comune-venerdi-pomeriggio-lincontro-pubblico-al-centro-giovanni-23mo-di-belluno\\\/#article\",\"isPartOf\":{\"@id\":\"https:\\\/\\\/www.bellunopress.it\\\/2022\\\/10\\\/13\\\/insieme-per-belluno-bene-comune-venerdi-pomeriggio-lincontro-pubblico-al-centro-giovanni-23mo-di-belluno\\\/\"},\"author\":{\"name\":\"redazione\",\"@id\":\"https:\\\/\\\/www.bellunopress.it\\\/#\\\/schema\\\/person\\\/79bb06722b37ece1c03d3e94beb30d73\"},\"headline\":\"Insieme per Belluno Bene Comune. Venerd\u00ec pomeriggio l&#8217;incontro pubblico al Centro Giovanni 23mo di Belluno\",\"datePublished\":\"2022-10-13T10:39:00+00:00\",\"mainEntityOfPage\":{\"@id\":\"https:\\\/\\\/www.bellunopress.it\\\/2022\\\/10\\\/13\\\/insieme-per-belluno-bene-comune-venerdi-pomeriggio-lincontro-pubblico-al-centro-giovanni-23mo-di-belluno\\\/\"},\"wordCount\":244,\"publisher\":{\"@id\":\"https:\\\/\\\/www.bellunopress.it\\\/#organization\"},\"image\":{\"@id\":\"https:\\\/\\\/www.bellunopress.it\\\/2022\\\/10\\\/13\\\/insieme-per-belluno-bene-comune-venerdi-pomeriggio-lincontro-pubblico-al-centro-giovanni-23mo-di-belluno\\\/#primaryimage\"},\"thumbnailUrl\":\"https:\\\/\\\/www.bellunopress.it\\\/wp-content\\\/uploads\\\/2022\\\/04\\\/Insieme-per-belluno-lucia-olivotto-sindaco.jpg\",\"articleSection\":[\"Cronaca\\\/Politica\"],\"inLanguage\":\"fr-FR\"},{\"@type\":\"WebPage\",\"@id\":\"https:\\\/\\\/www.bellunopress.it\\\/2022\\\/10\\\/13\\\/insieme-per-belluno-bene-comune-venerdi-pomeriggio-lincontro-pubblico-al-centro-giovanni-23mo-di-belluno\\\/\",\"url\":\"https:\\\/\\\/www.bellunopress.it\\\/2022\\\/10\\\/13\\\/insieme-per-belluno-bene-comune-venerdi-pomeriggio-lincontro-pubblico-al-centro-giovanni-23mo-di-belluno\\\/\",\"name\":\"Insieme per Belluno Bene Comune. Venerd\u00ec pomeriggio l'incontro pubblico al Centro Giovanni 23mo di Belluno - Bellunopress - Dolomiti\",\"isPartOf\":{\"@id\":\"https:\\\/\\\/www.bellunopress.it\\\/#website\"},\"primaryImageOfPage\":{\"@id\":\"https:\\\/\\\/www.bellunopress.it\\\/2022\\\/10\\\/13\\\/insieme-per-belluno-bene-comune-venerdi-pomeriggio-lincontro-pubblico-al-centro-giovanni-23mo-di-belluno\\\/#primaryimage\"},\"image\":{\"@id\":\"https:\\\/\\\/www.bellunopress.it\\\/2022\\\/10\\\/13\\\/insieme-per-belluno-bene-comune-venerdi-pomeriggio-lincontro-pubblico-al-centro-giovanni-23mo-di-belluno\\\/#primaryimage\"},\"thumbnailUrl\":\"https:\\\/\\\/www.bellunopress.it\\\/wp-content\\\/uploads\\\/2022\\\/04\\\/Insieme-per-belluno-lucia-olivotto-sindaco.jpg\",\"datePublished\":\"2022-10-13T10:39:00+00:00\",\"breadcrumb\":{\"@id\":\"https:\\\/\\\/www.bellunopress.it\\\/2022\\\/10\\\/13\\\/insieme-per-belluno-bene-comune-venerdi-pomeriggio-lincontro-pubblico-al-centro-giovanni-23mo-di-belluno\\\/#breadcrumb\"},\"inLanguage\":\"fr-FR\",\"potentialAction\":[{\"@type\":\"ReadAction\",\"target\":[\"https:\\\/\\\/www.bellunopress.it\\\/2022\\\/10\\\/13\\\/insieme-per-belluno-bene-comune-venerdi-pomeriggio-lincontro-pubblico-al-centro-giovanni-23mo-di-belluno\\\/\"]}]},{\"@type\":\"ImageObject\",\"inLanguage\":\"fr-FR\",\"@id\":\"https:\\\/\\\/www.bellunopress.it\\\/2022\\\/10\\\/13\\\/insieme-per-belluno-bene-comune-venerdi-pomeriggio-lincontro-pubblico-al-centro-giovanni-23mo-di-belluno\\\/#primaryimage\",\"url\":\"https:\\\/\\\/www.bellunopress.it\\\/wp-content\\\/uploads\\\/2022\\\/04\\\/Insieme-per-belluno-lucia-olivotto-sindaco.jpg\",\"contentUrl\":\"https:\\\/\\\/www.bellunopress.it\\\/wp-content\\\/uploads\\\/2022\\\/04\\\/Insieme-per-belluno-lucia-olivotto-sindaco.jpg\",\"width\":960,\"height\":960},{\"@type\":\"BreadcrumbList\",\"@id\":\"https:\\\/\\\/www.bellunopress.it\\\/2022\\\/10\\\/13\\\/insieme-per-belluno-bene-comune-venerdi-pomeriggio-lincontro-pubblico-al-centro-giovanni-23mo-di-belluno\\\/#breadcrumb\",\"itemListElement\":[{\"@type\":\"ListItem\",\"position\":1,\"name\":\"Home\",\"item\":\"https:\\\/\\\/www.bellunopress.it\\\/\"},{\"@type\":\"ListItem\",\"position\":2,\"name\":\"Insieme per Belluno Bene Comune. Venerd\u00ec pomeriggio l&#8217;incontro pubblico al Centro Giovanni 23mo di Belluno\"}]},{\"@type\":\"WebSite\",\"@id\":\"https:\\\/\\\/www.bellunopress.it\\\/#website\",\"url\":\"https:\\\/\\\/www.bellunopress.it\\\/\",\"name\":\"Bellunopress - Dolomiti\",\"description\":\"e-mail: redazione@bellunopress.it\",\"publisher\":{\"@id\":\"https:\\\/\\\/www.bellunopress.it\\\/#organization\"},\"potentialAction\":[{\"@type\":\"SearchAction\",\"target\":{\"@type\":\"EntryPoint\",\"urlTemplate\":\"https:\\\/\\\/www.bellunopress.it\\\/?s={search_term_string}\"},\"query-input\":{\"@type\":\"PropertyValueSpecification\",\"valueRequired\":true,\"valueName\":\"search_term_string\"}}],\"inLanguage\":\"fr-FR\"},{\"@type\":\"Organization\",\"@id\":\"https:\\\/\\\/www.bellunopress.it\\\/#organization\",\"name\":\"Bellunopress\",\"url\":\"https:\\\/\\\/www.bellunopress.it\\\/\",\"logo\":{\"@type\":\"ImageObject\",\"inLanguage\":\"fr-FR\",\"@id\":\"https:\\\/\\\/www.bellunopress.it\\\/#\\\/schema\\\/logo\\\/image\\\/\",\"url\":\"https:\\\/\\\/www.bellunopress.it\\\/wp-content\\\/uploads\\\/2011\\\/05\\\/cropped-logo-bellunopress-.jpg\",\"contentUrl\":\"https:\\\/\\\/www.bellunopress.it\\\/wp-content\\\/uploads\\\/2011\\\/05\\\/cropped-logo-bellunopress-.jpg\",\"width\":512,\"height\":512,\"caption\":\"Bellunopress\"},\"image\":{\"@id\":\"https:\\\/\\\/www.bellunopress.it\\\/#\\\/schema\\\/logo\\\/image\\\/\"},\"sameAs\":[\"https:\\\/\\\/www.facebook.com\\\/profile.php?id=100008943462799\",\"https:\\\/\\\/x.com\\\/bellunopress\",\"https:\\\/\\\/www.linkedin.com\\\/hp\\\/?dnr=JBzUWaJfMUw8vbXJJ2tVW5-I3jZKvC4wsoxE&amp;amp;amp;amp;amp;amp;trk=nav_responsive_tab_home\",\"https:\\\/\\\/www.youtube.com\\\/channel\\\/UCxL0wu1uN0_3_7hGG0306cw\"]},{\"@type\":\"Person\",\"@id\":\"https:\\\/\\\/www.bellunopress.it\\\/#\\\/schema\\\/person\\\/79bb06722b37ece1c03d3e94beb30d73\",\"name\":\"redazione\",\"image\":{\"@type\":\"ImageObject\",\"inLanguage\":\"fr-FR\",\"@id\":\"https:\\\/\\\/secure.gravatar.com\\\/avatar\\\/37d968a2e67a6fd04c169c4bdef102d0bc5d31b2546345219e348575eb80e9a0?s=96&d=mm&r=g\",\"url\":\"https:\\\/\\\/secure.gravatar.com\\\/avatar\\\/37d968a2e67a6fd04c169c4bdef102d0bc5d31b2546345219e348575eb80e9a0?s=96&d=mm&r=g\",\"contentUrl\":\"https:\\\/\\\/secure.gravatar.com\\\/avatar\\\/37d968a2e67a6fd04c169c4bdef102d0bc5d31b2546345219e348575eb80e9a0?s=96&d=mm&r=g\",\"caption\":\"redazione\"},\"sameAs\":[\"http:\\\/\\\/www.bellunopress.it\",\"https:\\\/\\\/x.com\\\/bellunopress\"],\"url\":\"https:\\\/\\\/www.bellunopress.it\\\/fr\\\/author\\\/redazione\\\/\"}]}<\/script>\n<!-- \/ Yoast SEO plugin. -->","yoast_head_json":{"title":"Insieme per Belluno Bene Comune. Venerd\u00ec pomeriggio l'incontro pubblico al Centro Giovanni 23mo di Belluno - Bellunopress - Dolomiti","robots":{"index":"index","follow":"follow","max-snippet":"max-snippet:-1","max-image-preview":"max-image-preview:large","max-video-preview":"max-video-preview:-1"},"canonical":"https:\/\/www.bellunopress.it\/fr\/2022\/10\/13\/insieme-per-belluno-bene-comune-venerdi-pomeriggio-lincontro-pubblico-al-centro-giovanni-23mo-di-belluno\/","og_locale":"fr_FR","og_type":"article","og_title":"Insieme per Belluno Bene Comune. Venerd\u00ec pomeriggio l'incontro pubblico al Centro Giovanni 23mo di Belluno - Bellunopress - Dolomiti","og_description":"Venerd\u00ec 14 ottobre alle 18:00 al Centro Giovanni XXIII, si terr\u00e0 l\u2019assemblea delle formazioni politiche che hanno sostenuto Lucia Olivotto alle ultime elezioni amministrative. Le due liste, gi\u00e0 confluite in un unico gruppo in consiglio comunale con il nome di \u201cInsieme per Belluno Bene Comune\u201d, si ritrovano per tracciare un percorso politico sul quale camminare [&hellip;]","og_url":"https:\/\/www.bellunopress.it\/fr\/2022\/10\/13\/insieme-per-belluno-bene-comune-venerdi-pomeriggio-lincontro-pubblico-al-centro-giovanni-23mo-di-belluno\/","og_site_name":"Bellunopress - Dolomiti","article_publisher":"https:\/\/www.facebook.com\/profile.php?id=100008943462799","article_published_time":"2022-10-13T10:39:00+00:00","og_image":[{"width":960,"height":960,"url":"https:\/\/www.bellunopress.it\/wp-content\/uploads\/2022\/04\/Insieme-per-belluno-lucia-olivotto-sindaco.jpg","type":"image\/jpeg"}],"author":"redazione","twitter_card":"summary_large_image","twitter_creator":"@bellunopress","twitter_site":"@bellunopress","twitter_misc":{"\u00c9crit par":"redazione","Dur\u00e9e de lecture estim\u00e9e":"2 minutes"},"schema":{"@context":"https:\/\/schema.org","@graph":[{"@type":"Article","@id":"https:\/\/www.bellunopress.it\/2022\/10\/13\/insieme-per-belluno-bene-comune-venerdi-pomeriggio-lincontro-pubblico-al-centro-giovanni-23mo-di-belluno\/#article","isPartOf":{"@id":"https:\/\/www.bellunopress.it\/2022\/10\/13\/insieme-per-belluno-bene-comune-venerdi-pomeriggio-lincontro-pubblico-al-centro-giovanni-23mo-di-belluno\/"},"author":{"name":"redazione","@id":"https:\/\/www.bellunopress.it\/#\/schema\/person\/79bb06722b37ece1c03d3e94beb30d73"},"headline":"Insieme per Belluno Bene Comune. Venerd\u00ec pomeriggio l&#8217;incontro pubblico al Centro Giovanni 23mo di Belluno","datePublished":"2022-10-13T10:39:00+00:00","mainEntityOfPage":{"@id":"https:\/\/www.bellunopress.it\/2022\/10\/13\/insieme-per-belluno-bene-comune-venerdi-pomeriggio-lincontro-pubblico-al-centro-giovanni-23mo-di-belluno\/"},"wordCount":244,"publisher":{"@id":"https:\/\/www.bellunopress.it\/#organization"},"image":{"@id":"https:\/\/www.bellunopress.it\/2022\/10\/13\/insieme-per-belluno-bene-comune-venerdi-pomeriggio-lincontro-pubblico-al-centro-giovanni-23mo-di-belluno\/#primaryimage"},"thumbnailUrl":"https:\/\/www.bellunopress.it\/wp-content\/uploads\/2022\/04\/Insieme-per-belluno-lucia-olivotto-sindaco.jpg","articleSection":["Cronaca\/Politica"],"inLanguage":"fr-FR"},{"@type":"WebPage","@id":"https:\/\/www.bellunopress.it\/2022\/10\/13\/insieme-per-belluno-bene-comune-venerdi-pomeriggio-lincontro-pubblico-al-centro-giovanni-23mo-di-belluno\/","url":"https:\/\/www.bellunopress.it\/2022\/10\/13\/insieme-per-belluno-bene-comune-venerdi-pomeriggio-lincontro-pubblico-al-centro-giovanni-23mo-di-belluno\/","name":"Insieme per Belluno Bene Comune. Venerd\u00ec pomeriggio l'incontro pubblico al Centro Giovanni 23mo di Belluno - Bellunopress - Dolomiti","isPartOf":{"@id":"https:\/\/www.bellunopress.it\/#website"},"primaryImageOfPage":{"@id":"https:\/\/www.bellunopress.it\/2022\/10\/13\/insieme-per-belluno-bene-comune-venerdi-pomeriggio-lincontro-pubblico-al-centro-giovanni-23mo-di-belluno\/#primaryimage"},"image":{"@id":"https:\/\/www.bellunopress.it\/2022\/10\/13\/insieme-per-belluno-bene-comune-venerdi-pomeriggio-lincontro-pubblico-al-centro-giovanni-23mo-di-belluno\/#primaryimage"},"thumbnailUrl":"https:\/\/www.bellunopress.it\/wp-content\/uploads\/2022\/04\/Insieme-per-belluno-lucia-olivotto-sindaco.jpg","datePublished":"2022-10-13T10:39:00+00:00","breadcrumb":{"@id":"https:\/\/www.bellunopress.it\/2022\/10\/13\/insieme-per-belluno-bene-comune-venerdi-pomeriggio-lincontro-pubblico-al-centro-giovanni-23mo-di-belluno\/#breadcrumb"},"inLanguage":"fr-FR","potentialAction":[{"@type":"ReadAction","target":["https:\/\/www.bellunopress.it\/2022\/10\/13\/insieme-per-belluno-bene-comune-venerdi-pomeriggio-lincontro-pubblico-al-centro-giovanni-23mo-di-belluno\/"]}]},{"@type":"ImageObject","inLanguage":"fr-FR","@id":"https:\/\/www.bellunopress.it\/2022\/10\/13\/insieme-per-belluno-bene-comune-venerdi-pomeriggio-lincontro-pubblico-al-centro-giovanni-23mo-di-belluno\/#primaryimage","url":"https:\/\/www.bellunopress.it\/wp-content\/uploads\/2022\/04\/Insieme-per-belluno-lucia-olivotto-sindaco.jpg","contentUrl":"https:\/\/www.bellunopress.it\/wp-content\/uploads\/2022\/04\/Insieme-per-belluno-lucia-olivotto-sindaco.jpg","width":960,"height":960},{"@type":"BreadcrumbList","@id":"https:\/\/www.bellunopress.it\/2022\/10\/13\/insieme-per-belluno-bene-comune-venerdi-pomeriggio-lincontro-pubblico-al-centro-giovanni-23mo-di-belluno\/#breadcrumb","itemListElement":[{"@type":"ListItem","position":1,"name":"Home","item":"https:\/\/www.bellunopress.it\/"},{"@type":"ListItem","position":2,"name":"Insieme per Belluno Bene Comune. Venerd\u00ec pomeriggio l&#8217;incontro pubblico al Centro Giovanni 23mo di Belluno"}]},{"@type":"WebSite","@id":"https:\/\/www.bellunopress.it\/#website","url":"https:\/\/www.bellunopress.it\/","name":"Bellunopress - Dolomiti","description":"e-mail: redazione@bellunopress.it","publisher":{"@id":"https:\/\/www.bellunopress.it\/#organization"},"potentialAction":[{"@type":"SearchAction","target":{"@type":"EntryPoint","urlTemplate":"https:\/\/www.bellunopress.it\/?s={search_term_string}"},"query-input":{"@type":"PropertyValueSpecification","valueRequired":true,"valueName":"search_term_string"}}],"inLanguage":"fr-FR"},{"@type":"Organization","@id":"https:\/\/www.bellunopress.it\/#organization","name":"Bellunopress","url":"https:\/\/www.bellunopress.it\/","logo":{"@type":"ImageObject","inLanguage":"fr-FR","@id":"https:\/\/www.bellunopress.it\/#\/schema\/logo\/image\/","url":"https:\/\/www.bellunopress.it\/wp-content\/uploads\/2011\/05\/cropped-logo-bellunopress-.jpg","contentUrl":"https:\/\/www.bellunopress.it\/wp-content\/uploads\/2011\/05\/cropped-logo-bellunopress-.jpg","width":512,"height":512,"caption":"Bellunopress"},"image":{"@id":"https:\/\/www.bellunopress.it\/#\/schema\/logo\/image\/"},"sameAs":["https:\/\/www.facebook.com\/profile.php?id=100008943462799","https:\/\/x.com\/bellunopress","https:\/\/www.linkedin.com\/hp\/?dnr=JBzUWaJfMUw8vbXJJ2tVW5-I3jZKvC4wsoxE&amp;amp;amp;amp;amp;amp;trk=nav_responsive_tab_home","https:\/\/www.youtube.com\/channel\/UCxL0wu1uN0_3_7hGG0306cw"]},{"@type":"Person","@id":"https:\/\/www.bellunopress.it\/#\/schema\/person\/79bb06722b37ece1c03d3e94beb30d73","name":"r\u00e9daction","image":{"@type":"ImageObject","inLanguage":"fr-FR","@id":"https:\/\/secure.gravatar.com\/avatar\/37d968a2e67a6fd04c169c4bdef102d0bc5d31b2546345219e348575eb80e9a0?s=96&d=mm&r=g","url":"https:\/\/secure.gravatar.com\/avatar\/37d968a2e67a6fd04c169c4bdef102d0bc5d31b2546345219e348575eb80e9a0?s=96&d=mm&r=g","contentUrl":"https:\/\/secure.gravatar.com\/avatar\/37d968a2e67a6fd04c169c4bdef102d0bc5d31b2546345219e348575eb80e9a0?s=96&d=mm&r=g","caption":"redazione"},"sameAs":["http:\/\/www.bellunopress.it","https:\/\/x.com\/bellunopress"],"url":"https:\/\/www.bellunopress.it\/fr\/author\/redazione\/"}]}},"_links":{"self":[{"href":"https:\/\/www.bellunopress.it\/fr\/wp-json\/wp\/v2\/posts\/136955","targetHints":{"allow":["GET"]}}],"collection":[{"href":"https:\/\/www.bellunopress.it\/fr\/wp-json\/wp\/v2\/posts"}],"about":[{"href":"https:\/\/www.bellunopress.it\/fr\/wp-json\/wp\/v2\/types\/post"}],"author":[{"embeddable":true,"href":"https:\/\/www.bellunopress.it\/fr\/wp-json\/wp\/v2\/users\/2"}],"replies":[{"embeddable":true,"href":"https:\/\/www.bellunopress.it\/fr\/wp-json\/wp\/v2\/comments?post=136955"}],"version-history":[{"count":1,"href":"https:\/\/www.bellunopress.it\/fr\/wp-json\/wp\/v2\/posts\/136955\/revisions"}],"predecessor-version":[{"id":136956,"href":"https:\/\/www.bellunopress.it\/fr\/wp-json\/wp\/v2\/posts\/136955\/revisions\/136956"}],"wp:featuredmedia":[{"embeddable":true,"href":"https:\/\/www.bellunopress.it\/fr\/wp-json\/wp\/v2\/media\/132714"}],"wp:attachment":[{"href":"https:\/\/www.bellunopress.it\/fr\/wp-json\/wp\/v2\/media?parent=136955"}],"wp:term":[{"taxonomy":"category","embeddable":true,"href":"https:\/\/www.bellunopress.it\/fr\/wp-json\/wp\/v2\/categories?post=136955"},{"taxonomy":"post_tag","embeddable":true,"href":"https:\/\/www.bellunopress.it\/fr\/wp-json\/wp\/v2\/tags?post=136955"}],"curies":[{"name":"wp","href":"https:\/\/api.w.org\/{rel}","templated":true}]}}