{"id":136939,"date":"2022-10-12T18:21:34","date_gmt":"2022-10-12T16:21:34","guid":{"rendered":"https:\/\/www.bellunopress.it\/?p=136939"},"modified":"2022-10-13T09:10:44","modified_gmt":"2022-10-13T07:10:44","slug":"omnia-pro-nobis-di-filiberto-dal-molin","status":"publish","type":"post","link":"https:\/\/www.bellunopress.it\/fr\/2022\/10\/12\/omnia-pro-nobis-di-filiberto-dal-molin\/","title":{"rendered":"Omnia pro nobis?        * di Filiberto Dal Molin"},"content":{"rendered":"<figure id=\"attachment_135571\" aria-describedby=\"caption-attachment-135571\" style=\"width: 750px\" class=\"wp-caption alignleft\"><img loading=\"lazy\" decoding=\"async\" class=\"size-full wp-image-135571\" src=\"https:\/\/www.bellunopress.it\/wp-content\/uploads\/2022\/08\/Filiberto-Dal-Molin_edited.jpg\" alt=\"\" width=\"750\" height=\"1000\" srcset=\"https:\/\/www.bellunopress.it\/wp-content\/uploads\/2022\/08\/Filiberto-Dal-Molin_edited.jpg 750w, https:\/\/www.bellunopress.it\/wp-content\/uploads\/2022\/08\/Filiberto-Dal-Molin_edited-375x500.jpg 375w, https:\/\/www.bellunopress.it\/wp-content\/uploads\/2022\/08\/Filiberto-Dal-Molin_edited-696x928.jpg 696w, https:\/\/www.bellunopress.it\/wp-content\/uploads\/2022\/08\/Filiberto-Dal-Molin_edited-315x420.jpg 315w\" sizes=\"auto, (max-width: 750px) 100vw, 750px\" \/><figcaption id=\"caption-attachment-135571\" class=\"wp-caption-text\">Filiberto Dal Molin<\/figcaption><\/figure>\n<p>Tutto per il nostro bene? Tutto nel nostro interesse? Possiamo dire che la gestione sanitaria di questa pandemia \u00e8 stata organizzata all\u2019insegna del nostro bene comune pi\u00f9 prezioso, per la nostra salute?<\/p>\n<p>Qualche dubbio, per la verit\u00e0, non pochi di noi l\u2019hanno avuto e solo pochi giorni fa ne abbiamo avuto la conferma dal Presidente Nazionale degli Ordini dei Medici di Roma, il dott. Filippo Anelli. Dotato di una notevole vis comica, nella sua veste istituzionale, ha ordinato la retromarcia degli Ordini sui medici non vaccinati disponendo che tornino tutti al lavoro, con la stessa autorevolezza con cui aveva ordinato il contrario pochi mesi fa.<\/p>\n<p>Dopo la peggiore intransigenza che \u00e8 costata lavoro e stipendio a pi\u00f9 di 4000 medici italiani, per non parlare di tutti i lavoratori nella Sanit\u00e0, ora ci sarebbe la riammissione coatta alla professione, poich\u00e9 la gestione emergenziale del Covid non ha pi\u00f9 senso, sostiene Anelli. E in questo ha ragione. Possiamo quindi attendere fiduciosi una nuova pandemia poich\u00e9 abbiamo imparato che in soli 3 anni anche quelle di tipo influenzale riusciamo a domarle.<\/p>\n<p>Rivestendo i panni che gli sono pi\u00f9 congeniali il dott. Anelli ha severamente richiamato alla correttezza, ricorrendo eventualmente a provvedimenti legali, tutti quelli che si son permessi di protestare, insultare, minacciare e aggredire gli Ordini per la sospensione subita. Nella sua esilarante severit\u00e0 contro i colleghi, definiti facinorosi e violenti, che hanno protestato per la sospensione il Presidente degli Ordini dei Medici non si \u00e8 accorto di essere andato contro le disposizioni del ministro Speranza, che invece ha deciso di mantenere le sospensioni fino a dicembre e la mascherina anche nel mese di ottobre. E quindi anche Anelli e alcuni suoi colleghi che presiedono gli Ordini hanno cominciato a capire di non essere a disposizione del ministro della Salute (che mediamente rimane in carica non pi\u00f9 di 2 anni) ma sono semplicemente e indissolubilmente legati al loro codice deontologico, che richiede Scienza e Coscienza, ispirato al giuramento di Ippocrate da 2500 anni.<\/p>\n<p>Per la cronaca il nuovo potere politico, ancor prima del suo giuramento istituzionale, sembra aver gi\u00e0 espresso la volont\u00e0 di fare un po\u2019 d\u2019ordine nella congerie disordinata e criminale delle disposizioni che abbiamo dovuto subire per 3 anni: vaccini ancora sperimentali e resi obbligatori, quanto meno inutili e dannosi, se non mortali; vigili attese suicide; esclusione di farmaci collaudati da decenni e risolutivi della viremia in pochi giorni; esclusione di dibattiti scientifici aperti equilibrati e normati; stop a tutte le notizie scomode al governo; condanna di medici seriamente impegnati a salvare i propri pazienti, al di fuori delle disposizioni governative. Su tutto questo \u201cOrdini Superiori \u201cnon scritti ma indiscutibili, che non prendono atto di test diagnostici inaffidabili ed escludono ogni verit\u00e0 documentata che avremmo potuto avere dalle autopsie, proibite fin dai primi giorni. Senza contare l\u2019esclusione dai diritti civili per tutti quelli che non avevano meritato il green-pass. Tutto ci\u00f2 per il nostro interesse di cittadini e di pazienti? No, no, non per noi, ahinoi! Ridotti al ruolo di sudditi, questa tragicommedia del Covid rimane soltanto un\u2019esperienza preziosa: ha svelato il volto di un Potere che abbiamo ingenuamente creduto democratico e votato al servizio della Comunit\u00e0 e dei Beni Comuni.<\/p>\n<p>Come cittadini dobbiamo imparare ad esigere il confronto per accertare la Verit\u00e0 e manifestare il dissenso quando questa ci viene negata. E ci viene negata tutti i giorni. Nel nostro piccolo mondo bellunese un \u201cConfronto Scientifico\u201d ci sar\u00e0 al Teatro Comunale luned\u00ec 17 ottobre alle 17,30 nel pomeriggio in tema di vaccini. Siamo tutti invitati<\/p>\n<p>In questo nuovo millennio siamo sempre stati in guerra, al servizio dei pi\u00f9 potenti: 20 anni in Iraq e in Afghanistan (e nessuno si \u00e8 mai premurato di farci sapere con quale bilancio e con quali costi); per 3 anni contro una influenza chiamata Covid (e i costi purtroppo li conosciamo personalmente); ora minacciati da un fuoco nucleare voluto da almeno 3 criminali. E noi subiamo tacitamente e ringraziamo. Sudditi buoni e beneducati!<br \/>\nMi sembra necessario concludere con La Verit\u00e0 importantissima e non pi\u00f9 discutibile, che rappresenta il vero problema del nostro pianeta: la nostra civilt\u00e0 di SAPIENS si muove velocemente verso la sua autodistruzione e la distruzione dell\u2019unico mondo vivibile nel piccolo raggio di qualche migliaio di anni luce. Non abbiamo ancora incominciato a fare qualcosa per salvarlo e per salvare noi stessi; la pandemia e le guerre sono ottime scusanti per non incominciare mai e per accampare sterili promesse. La storia qui ci aiuta con due fatti significativi, che dovremmo studiare a scuola ma che disturbano i manovratori e le nostre coscienze.<\/p>\n<p>Nel 1947 i Paesi pi\u00f9 ricchi, nell\u2019entusiasmo post-bellico, hanno stipulato un accordo per un completo sfruttamento delle risorse mondiali, il GATT, con un aumento dei traffici e dei \u201cmercati\u201d, senza porsi alcun problema circa le conseguenze ambientali ed economiche di tale accordo (malgrado la notevole letteratura antecedente) al fine di uno sviluppo senza fine, con un aumento esplosivo del benessere per i pi\u00f9 ricchi, con l\u2019aumento esplosivo della popolazione, e cio\u00e8 dei clienti, e un altrettanto esplosivo aumento degli schiavi per dotarsi di manodopera concorrenziale e a basso o bassissimo costo. Non se ne parla pi\u00f9, per decenza, ma questo spirito, chiamiamolo imprenditoriale, \u00e8 alla base delle politiche del mondo.<\/p>\n<p>25 anni dopo il Club di Roma, associazione non governativa che riuniva capi di Stato, economisti e scienziati, promuove il \u201cRapporto sui limiti dello sviluppo\u201d successivamente denominato \u201cRapporto Meadows\u201d, commissionato al MIT. Secondo questo rapporto, come era logico aspettarsi, il modello economico di crescita continua in un ambiente di limitate risorse naturali era destinato rapidamente a fallire e a collassarsi. Anche e soprattutto a causa dei miglioramenti scientifici e tecnologici per un continuo aumento della domanda. Gli effetti del rapporto Meadows e delle sue puntuali conferme? Assolutamente nulli, troppo problematici e difficili da affrontare in un mondo che vuole lo sviluppo senza fine.<br \/>\nProprio 50 anni fa, nel 1970, secondo il Global Footprint Network abbiamo raggiunto nel mondo l\u2019equilibrio perfetto tra ci\u00f2 che il pianeta produceva e ci\u00f2 che consumavamo. Eravamo allora 3682 milioni di abitanti; oggi siamo pi\u00f9 del doppio e parliamo ancora e soltanto di sviluppo e progettiamo un necessario aumento di consumatori e di schiavi. Le risorse che il pianeta ci offre quest\u2019anno le abbiamo consumate nel mese di maggio. In questi altri mesi intacchiamo pesantemente il capitale, come abbiamo fatto in tutti gli anni precedenti. Se il modello di vita adottato negli Stati Uniti fosse quello di tutto il mondo ci vorrebbero le risorse di 6 pianeti come il nostro per mantenere l\u2019equilibrio tra domanda ed offerta.<\/p>\n<p>In questa situazione che voto dare a tutti i governi, di tutto il mondo, nell\u2019ultimo secolo e ai loro provvedimenti sostanzialmente criminali?<br \/>\nUn mondo di DELITTI certi e\u2026.di CASTIGHI prossimi venturi!<\/p>\n<p><strong>Filiberto Dal Molin<\/strong><\/p>\n<p>&nbsp;<\/p>\n<p>&nbsp;<\/p>\n<p>&nbsp;<\/p>\n<p>&nbsp;<\/p>","protected":false},"excerpt":{"rendered":"<p>Tutto per il nostro bene? Tutto nel nostro interesse? Possiamo dire che la gestione sanitaria di questa pandemia \u00e8 stata organizzata all\u2019insegna del nostro bene comune pi\u00f9 prezioso, per la nostra salute? Qualche dubbio, per la verit\u00e0, non pochi di noi l\u2019hanno avuto e solo pochi giorni fa ne abbiamo avuto la conferma dal Presidente [&hellip;]<\/p>\n","protected":false},"author":2,"featured_media":135571,"comment_status":"closed","ping_status":"open","sticky":false,"template":"","format":"standard","meta":{"footnotes":""},"categories":[3368,3446,26,17],"tags":[],"class_list":["post-136939","post","type-post","status-publish","format-standard","has-post-thumbnail","category-cahiers-de-doleances","category-featured","category-prima-pagina","category-sanita"],"yoast_head":"<!-- This site is optimized with the Yoast SEO plugin v28.4 - https:\/\/yoast.com\/product\/yoast-seo-wordpress\/ -->\n<title>Omnia pro nobis?    * di Filiberto Dal Molin - Bellunopress - Dolomiti<\/title>\n<meta name=\"robots\" content=\"index, follow, max-snippet:-1, max-image-preview:large, max-video-preview:-1\" \/>\n<link rel=\"canonical\" href=\"https:\/\/www.bellunopress.it\/fr\/2022\/10\/12\/omnia-pro-nobis-di-filiberto-dal-molin\/\" \/>\n<meta property=\"og:locale\" content=\"fr_FR\" \/>\n<meta property=\"og:type\" content=\"article\" \/>\n<meta property=\"og:title\" content=\"Omnia pro nobis?    * di Filiberto Dal Molin - Bellunopress - Dolomiti\" \/>\n<meta property=\"og:description\" content=\"Tutto per il nostro bene? Tutto nel nostro interesse? Possiamo dire che la gestione sanitaria di questa pandemia \u00e8 stata organizzata all\u2019insegna del nostro bene comune pi\u00f9 prezioso, per la nostra salute? Qualche dubbio, per la verit\u00e0, non pochi di noi l\u2019hanno avuto e solo pochi giorni fa ne abbiamo avuto la conferma dal Presidente [&hellip;]\" \/>\n<meta property=\"og:url\" content=\"https:\/\/www.bellunopress.it\/fr\/2022\/10\/12\/omnia-pro-nobis-di-filiberto-dal-molin\/\" \/>\n<meta property=\"og:site_name\" content=\"Bellunopress - Dolomiti\" \/>\n<meta property=\"article:publisher\" content=\"https:\/\/www.facebook.com\/profile.php?id=100008943462799\" \/>\n<meta property=\"article:published_time\" content=\"2022-10-12T16:21:34+00:00\" \/>\n<meta property=\"article:modified_time\" content=\"2022-10-13T07:10:44+00:00\" \/>\n<meta property=\"og:image\" content=\"https:\/\/www.bellunopress.it\/wp-content\/uploads\/2022\/08\/Filiberto-Dal-Molin_edited.jpg\" \/>\n\t<meta property=\"og:image:width\" content=\"750\" \/>\n\t<meta property=\"og:image:height\" content=\"1000\" \/>\n\t<meta property=\"og:image:type\" content=\"image\/jpeg\" \/>\n<meta name=\"author\" content=\"redazione\" \/>\n<meta name=\"twitter:card\" content=\"summary_large_image\" \/>\n<meta name=\"twitter:creator\" content=\"@bellunopress\" \/>\n<meta name=\"twitter:site\" content=\"@bellunopress\" \/>\n<meta name=\"twitter:label1\" content=\"Written by\" \/>\n\t<meta name=\"twitter:data1\" content=\"redazione\" \/>\n\t<meta name=\"twitter:label2\" content=\"Est. reading time\" \/>\n\t<meta name=\"twitter:data2\" content=\"7 minutes\" \/>\n<script type=\"application\/ld+json\" class=\"yoast-schema-graph\">{\"@context\":\"https:\\\/\\\/schema.org\",\"@graph\":[{\"@type\":\"Article\",\"@id\":\"https:\\\/\\\/www.bellunopress.it\\\/2022\\\/10\\\/12\\\/omnia-pro-nobis-di-filiberto-dal-molin\\\/#article\",\"isPartOf\":{\"@id\":\"https:\\\/\\\/www.bellunopress.it\\\/2022\\\/10\\\/12\\\/omnia-pro-nobis-di-filiberto-dal-molin\\\/\"},\"author\":{\"name\":\"redazione\",\"@id\":\"https:\\\/\\\/www.bellunopress.it\\\/#\\\/schema\\\/person\\\/79bb06722b37ece1c03d3e94beb30d73\"},\"headline\":\"Omnia pro nobis? * di Filiberto Dal Molin\",\"datePublished\":\"2022-10-12T16:21:34+00:00\",\"dateModified\":\"2022-10-13T07:10:44+00:00\",\"mainEntityOfPage\":{\"@id\":\"https:\\\/\\\/www.bellunopress.it\\\/2022\\\/10\\\/12\\\/omnia-pro-nobis-di-filiberto-dal-molin\\\/\"},\"wordCount\":1137,\"publisher\":{\"@id\":\"https:\\\/\\\/www.bellunopress.it\\\/#organization\"},\"image\":{\"@id\":\"https:\\\/\\\/www.bellunopress.it\\\/2022\\\/10\\\/12\\\/omnia-pro-nobis-di-filiberto-dal-molin\\\/#primaryimage\"},\"thumbnailUrl\":\"https:\\\/\\\/www.bellunopress.it\\\/wp-content\\\/uploads\\\/2022\\\/08\\\/Filiberto-Dal-Molin_edited.jpg\",\"articleSection\":[\"Cahiers de dol\u00e9ances\",\"Featured\",\"Prima Pagina\",\"Sanit\u00e0 Medicina\"],\"inLanguage\":\"fr-FR\"},{\"@type\":\"WebPage\",\"@id\":\"https:\\\/\\\/www.bellunopress.it\\\/2022\\\/10\\\/12\\\/omnia-pro-nobis-di-filiberto-dal-molin\\\/\",\"url\":\"https:\\\/\\\/www.bellunopress.it\\\/2022\\\/10\\\/12\\\/omnia-pro-nobis-di-filiberto-dal-molin\\\/\",\"name\":\"Omnia pro nobis? * di Filiberto Dal Molin - Bellunopress - Dolomiti\",\"isPartOf\":{\"@id\":\"https:\\\/\\\/www.bellunopress.it\\\/#website\"},\"primaryImageOfPage\":{\"@id\":\"https:\\\/\\\/www.bellunopress.it\\\/2022\\\/10\\\/12\\\/omnia-pro-nobis-di-filiberto-dal-molin\\\/#primaryimage\"},\"image\":{\"@id\":\"https:\\\/\\\/www.bellunopress.it\\\/2022\\\/10\\\/12\\\/omnia-pro-nobis-di-filiberto-dal-molin\\\/#primaryimage\"},\"thumbnailUrl\":\"https:\\\/\\\/www.bellunopress.it\\\/wp-content\\\/uploads\\\/2022\\\/08\\\/Filiberto-Dal-Molin_edited.jpg\",\"datePublished\":\"2022-10-12T16:21:34+00:00\",\"dateModified\":\"2022-10-13T07:10:44+00:00\",\"breadcrumb\":{\"@id\":\"https:\\\/\\\/www.bellunopress.it\\\/2022\\\/10\\\/12\\\/omnia-pro-nobis-di-filiberto-dal-molin\\\/#breadcrumb\"},\"inLanguage\":\"fr-FR\",\"potentialAction\":[{\"@type\":\"ReadAction\",\"target\":[\"https:\\\/\\\/www.bellunopress.it\\\/2022\\\/10\\\/12\\\/omnia-pro-nobis-di-filiberto-dal-molin\\\/\"]}]},{\"@type\":\"ImageObject\",\"inLanguage\":\"fr-FR\",\"@id\":\"https:\\\/\\\/www.bellunopress.it\\\/2022\\\/10\\\/12\\\/omnia-pro-nobis-di-filiberto-dal-molin\\\/#primaryimage\",\"url\":\"https:\\\/\\\/www.bellunopress.it\\\/wp-content\\\/uploads\\\/2022\\\/08\\\/Filiberto-Dal-Molin_edited.jpg\",\"contentUrl\":\"https:\\\/\\\/www.bellunopress.it\\\/wp-content\\\/uploads\\\/2022\\\/08\\\/Filiberto-Dal-Molin_edited.jpg\",\"width\":750,\"height\":1000,\"caption\":\"Filiberto Dal Molin - medico chirurgo specializzato in Radiologia, direttore sanitario della Salus, Istituto radiologico e fisiokinesiterapico con sede a Belluno.\"},{\"@type\":\"BreadcrumbList\",\"@id\":\"https:\\\/\\\/www.bellunopress.it\\\/2022\\\/10\\\/12\\\/omnia-pro-nobis-di-filiberto-dal-molin\\\/#breadcrumb\",\"itemListElement\":[{\"@type\":\"ListItem\",\"position\":1,\"name\":\"Home\",\"item\":\"https:\\\/\\\/www.bellunopress.it\\\/\"},{\"@type\":\"ListItem\",\"position\":2,\"name\":\"Omnia pro nobis? * di Filiberto Dal Molin\"}]},{\"@type\":\"WebSite\",\"@id\":\"https:\\\/\\\/www.bellunopress.it\\\/#website\",\"url\":\"https:\\\/\\\/www.bellunopress.it\\\/\",\"name\":\"Bellunopress - Dolomiti\",\"description\":\"e-mail: redazione@bellunopress.it\",\"publisher\":{\"@id\":\"https:\\\/\\\/www.bellunopress.it\\\/#organization\"},\"potentialAction\":[{\"@type\":\"SearchAction\",\"target\":{\"@type\":\"EntryPoint\",\"urlTemplate\":\"https:\\\/\\\/www.bellunopress.it\\\/?s={search_term_string}\"},\"query-input\":{\"@type\":\"PropertyValueSpecification\",\"valueRequired\":true,\"valueName\":\"search_term_string\"}}],\"inLanguage\":\"fr-FR\"},{\"@type\":\"Organization\",\"@id\":\"https:\\\/\\\/www.bellunopress.it\\\/#organization\",\"name\":\"Bellunopress\",\"url\":\"https:\\\/\\\/www.bellunopress.it\\\/\",\"logo\":{\"@type\":\"ImageObject\",\"inLanguage\":\"fr-FR\",\"@id\":\"https:\\\/\\\/www.bellunopress.it\\\/#\\\/schema\\\/logo\\\/image\\\/\",\"url\":\"https:\\\/\\\/www.bellunopress.it\\\/wp-content\\\/uploads\\\/2011\\\/05\\\/cropped-logo-bellunopress-.jpg\",\"contentUrl\":\"https:\\\/\\\/www.bellunopress.it\\\/wp-content\\\/uploads\\\/2011\\\/05\\\/cropped-logo-bellunopress-.jpg\",\"width\":512,\"height\":512,\"caption\":\"Bellunopress\"},\"image\":{\"@id\":\"https:\\\/\\\/www.bellunopress.it\\\/#\\\/schema\\\/logo\\\/image\\\/\"},\"sameAs\":[\"https:\\\/\\\/www.facebook.com\\\/profile.php?id=100008943462799\",\"https:\\\/\\\/x.com\\\/bellunopress\",\"https:\\\/\\\/www.linkedin.com\\\/hp\\\/?dnr=JBzUWaJfMUw8vbXJJ2tVW5-I3jZKvC4wsoxE&amp;amp;amp;amp;amp;amp;trk=nav_responsive_tab_home\",\"https:\\\/\\\/www.youtube.com\\\/channel\\\/UCxL0wu1uN0_3_7hGG0306cw\"]},{\"@type\":\"Person\",\"@id\":\"https:\\\/\\\/www.bellunopress.it\\\/#\\\/schema\\\/person\\\/79bb06722b37ece1c03d3e94beb30d73\",\"name\":\"redazione\",\"image\":{\"@type\":\"ImageObject\",\"inLanguage\":\"fr-FR\",\"@id\":\"https:\\\/\\\/secure.gravatar.com\\\/avatar\\\/37d968a2e67a6fd04c169c4bdef102d0bc5d31b2546345219e348575eb80e9a0?s=96&d=mm&r=g\",\"url\":\"https:\\\/\\\/secure.gravatar.com\\\/avatar\\\/37d968a2e67a6fd04c169c4bdef102d0bc5d31b2546345219e348575eb80e9a0?s=96&d=mm&r=g\",\"contentUrl\":\"https:\\\/\\\/secure.gravatar.com\\\/avatar\\\/37d968a2e67a6fd04c169c4bdef102d0bc5d31b2546345219e348575eb80e9a0?s=96&d=mm&r=g\",\"caption\":\"redazione\"},\"sameAs\":[\"http:\\\/\\\/www.bellunopress.it\",\"https:\\\/\\\/x.com\\\/bellunopress\"],\"url\":\"https:\\\/\\\/www.bellunopress.it\\\/fr\\\/author\\\/redazione\\\/\"}]}<\/script>\n<!-- \/ Yoast SEO plugin. -->","yoast_head_json":{"title":"Omnia pro nobis?    * di Filiberto Dal Molin - Bellunopress - Dolomiti","robots":{"index":"index","follow":"follow","max-snippet":"max-snippet:-1","max-image-preview":"max-image-preview:large","max-video-preview":"max-video-preview:-1"},"canonical":"https:\/\/www.bellunopress.it\/fr\/2022\/10\/12\/omnia-pro-nobis-di-filiberto-dal-molin\/","og_locale":"fr_FR","og_type":"article","og_title":"Omnia pro nobis?    * di Filiberto Dal Molin - Bellunopress - Dolomiti","og_description":"Tutto per il nostro bene? Tutto nel nostro interesse? Possiamo dire che la gestione sanitaria di questa pandemia \u00e8 stata organizzata all\u2019insegna del nostro bene comune pi\u00f9 prezioso, per la nostra salute? Qualche dubbio, per la verit\u00e0, non pochi di noi l\u2019hanno avuto e solo pochi giorni fa ne abbiamo avuto la conferma dal Presidente [&hellip;]","og_url":"https:\/\/www.bellunopress.it\/fr\/2022\/10\/12\/omnia-pro-nobis-di-filiberto-dal-molin\/","og_site_name":"Bellunopress - Dolomiti","article_publisher":"https:\/\/www.facebook.com\/profile.php?id=100008943462799","article_published_time":"2022-10-12T16:21:34+00:00","article_modified_time":"2022-10-13T07:10:44+00:00","og_image":[{"width":750,"height":1000,"url":"https:\/\/www.bellunopress.it\/wp-content\/uploads\/2022\/08\/Filiberto-Dal-Molin_edited.jpg","type":"image\/jpeg"}],"author":"redazione","twitter_card":"summary_large_image","twitter_creator":"@bellunopress","twitter_site":"@bellunopress","twitter_misc":{"Written by":"redazione","Est. reading time":"7 minutes"},"schema":{"@context":"https:\/\/schema.org","@graph":[{"@type":"Article","@id":"https:\/\/www.bellunopress.it\/2022\/10\/12\/omnia-pro-nobis-di-filiberto-dal-molin\/#article","isPartOf":{"@id":"https:\/\/www.bellunopress.it\/2022\/10\/12\/omnia-pro-nobis-di-filiberto-dal-molin\/"},"author":{"name":"redazione","@id":"https:\/\/www.bellunopress.it\/#\/schema\/person\/79bb06722b37ece1c03d3e94beb30d73"},"headline":"Omnia pro nobis? * di Filiberto Dal Molin","datePublished":"2022-10-12T16:21:34+00:00","dateModified":"2022-10-13T07:10:44+00:00","mainEntityOfPage":{"@id":"https:\/\/www.bellunopress.it\/2022\/10\/12\/omnia-pro-nobis-di-filiberto-dal-molin\/"},"wordCount":1137,"publisher":{"@id":"https:\/\/www.bellunopress.it\/#organization"},"image":{"@id":"https:\/\/www.bellunopress.it\/2022\/10\/12\/omnia-pro-nobis-di-filiberto-dal-molin\/#primaryimage"},"thumbnailUrl":"https:\/\/www.bellunopress.it\/wp-content\/uploads\/2022\/08\/Filiberto-Dal-Molin_edited.jpg","articleSection":["Cahiers de dol\u00e9ances","Featured","Prima Pagina","Sanit\u00e0 Medicina"],"inLanguage":"fr-FR"},{"@type":"WebPage","@id":"https:\/\/www.bellunopress.it\/2022\/10\/12\/omnia-pro-nobis-di-filiberto-dal-molin\/","url":"https:\/\/www.bellunopress.it\/2022\/10\/12\/omnia-pro-nobis-di-filiberto-dal-molin\/","name":"Omnia pro nobis? * di Filiberto Dal Molin - Bellunopress - Dolomiti","isPartOf":{"@id":"https:\/\/www.bellunopress.it\/#website"},"primaryImageOfPage":{"@id":"https:\/\/www.bellunopress.it\/2022\/10\/12\/omnia-pro-nobis-di-filiberto-dal-molin\/#primaryimage"},"image":{"@id":"https:\/\/www.bellunopress.it\/2022\/10\/12\/omnia-pro-nobis-di-filiberto-dal-molin\/#primaryimage"},"thumbnailUrl":"https:\/\/www.bellunopress.it\/wp-content\/uploads\/2022\/08\/Filiberto-Dal-Molin_edited.jpg","datePublished":"2022-10-12T16:21:34+00:00","dateModified":"2022-10-13T07:10:44+00:00","breadcrumb":{"@id":"https:\/\/www.bellunopress.it\/2022\/10\/12\/omnia-pro-nobis-di-filiberto-dal-molin\/#breadcrumb"},"inLanguage":"fr-FR","potentialAction":[{"@type":"ReadAction","target":["https:\/\/www.bellunopress.it\/2022\/10\/12\/omnia-pro-nobis-di-filiberto-dal-molin\/"]}]},{"@type":"ImageObject","inLanguage":"fr-FR","@id":"https:\/\/www.bellunopress.it\/2022\/10\/12\/omnia-pro-nobis-di-filiberto-dal-molin\/#primaryimage","url":"https:\/\/www.bellunopress.it\/wp-content\/uploads\/2022\/08\/Filiberto-Dal-Molin_edited.jpg","contentUrl":"https:\/\/www.bellunopress.it\/wp-content\/uploads\/2022\/08\/Filiberto-Dal-Molin_edited.jpg","width":750,"height":1000,"caption":"Filiberto Dal Molin - medico chirurgo specializzato in Radiologia, direttore sanitario della Salus, Istituto radiologico e fisiokinesiterapico con sede a Belluno."},{"@type":"BreadcrumbList","@id":"https:\/\/www.bellunopress.it\/2022\/10\/12\/omnia-pro-nobis-di-filiberto-dal-molin\/#breadcrumb","itemListElement":[{"@type":"ListItem","position":1,"name":"Home","item":"https:\/\/www.bellunopress.it\/"},{"@type":"ListItem","position":2,"name":"Omnia pro nobis? * di Filiberto Dal Molin"}]},{"@type":"WebSite","@id":"https:\/\/www.bellunopress.it\/#website","url":"https:\/\/www.bellunopress.it\/","name":"Bellunopress - Dolomiti","description":"e-mail: redazione@bellunopress.it","publisher":{"@id":"https:\/\/www.bellunopress.it\/#organization"},"potentialAction":[{"@type":"SearchAction","target":{"@type":"EntryPoint","urlTemplate":"https:\/\/www.bellunopress.it\/?s={search_term_string}"},"query-input":{"@type":"PropertyValueSpecification","valueRequired":true,"valueName":"search_term_string"}}],"inLanguage":"fr-FR"},{"@type":"Organization","@id":"https:\/\/www.bellunopress.it\/#organization","name":"Bellunopress","url":"https:\/\/www.bellunopress.it\/","logo":{"@type":"ImageObject","inLanguage":"fr-FR","@id":"https:\/\/www.bellunopress.it\/#\/schema\/logo\/image\/","url":"https:\/\/www.bellunopress.it\/wp-content\/uploads\/2011\/05\/cropped-logo-bellunopress-.jpg","contentUrl":"https:\/\/www.bellunopress.it\/wp-content\/uploads\/2011\/05\/cropped-logo-bellunopress-.jpg","width":512,"height":512,"caption":"Bellunopress"},"image":{"@id":"https:\/\/www.bellunopress.it\/#\/schema\/logo\/image\/"},"sameAs":["https:\/\/www.facebook.com\/profile.php?id=100008943462799","https:\/\/x.com\/bellunopress","https:\/\/www.linkedin.com\/hp\/?dnr=JBzUWaJfMUw8vbXJJ2tVW5-I3jZKvC4wsoxE&amp;amp;amp;amp;amp;amp;trk=nav_responsive_tab_home","https:\/\/www.youtube.com\/channel\/UCxL0wu1uN0_3_7hGG0306cw"]},{"@type":"Person","@id":"https:\/\/www.bellunopress.it\/#\/schema\/person\/79bb06722b37ece1c03d3e94beb30d73","name":"r\u00e9daction","image":{"@type":"ImageObject","inLanguage":"fr-FR","@id":"https:\/\/secure.gravatar.com\/avatar\/37d968a2e67a6fd04c169c4bdef102d0bc5d31b2546345219e348575eb80e9a0?s=96&d=mm&r=g","url":"https:\/\/secure.gravatar.com\/avatar\/37d968a2e67a6fd04c169c4bdef102d0bc5d31b2546345219e348575eb80e9a0?s=96&d=mm&r=g","contentUrl":"https:\/\/secure.gravatar.com\/avatar\/37d968a2e67a6fd04c169c4bdef102d0bc5d31b2546345219e348575eb80e9a0?s=96&d=mm&r=g","caption":"redazione"},"sameAs":["http:\/\/www.bellunopress.it","https:\/\/x.com\/bellunopress"],"url":"https:\/\/www.bellunopress.it\/fr\/author\/redazione\/"}]}},"_links":{"self":[{"href":"https:\/\/www.bellunopress.it\/fr\/wp-json\/wp\/v2\/posts\/136939","targetHints":{"allow":["GET"]}}],"collection":[{"href":"https:\/\/www.bellunopress.it\/fr\/wp-json\/wp\/v2\/posts"}],"about":[{"href":"https:\/\/www.bellunopress.it\/fr\/wp-json\/wp\/v2\/types\/post"}],"author":[{"embeddable":true,"href":"https:\/\/www.bellunopress.it\/fr\/wp-json\/wp\/v2\/users\/2"}],"replies":[{"embeddable":true,"href":"https:\/\/www.bellunopress.it\/fr\/wp-json\/wp\/v2\/comments?post=136939"}],"version-history":[{"count":3,"href":"https:\/\/www.bellunopress.it\/fr\/wp-json\/wp\/v2\/posts\/136939\/revisions"}],"predecessor-version":[{"id":136944,"href":"https:\/\/www.bellunopress.it\/fr\/wp-json\/wp\/v2\/posts\/136939\/revisions\/136944"}],"wp:featuredmedia":[{"embeddable":true,"href":"https:\/\/www.bellunopress.it\/fr\/wp-json\/wp\/v2\/media\/135571"}],"wp:attachment":[{"href":"https:\/\/www.bellunopress.it\/fr\/wp-json\/wp\/v2\/media?parent=136939"}],"wp:term":[{"taxonomy":"category","embeddable":true,"href":"https:\/\/www.bellunopress.it\/fr\/wp-json\/wp\/v2\/categories?post=136939"},{"taxonomy":"post_tag","embeddable":true,"href":"https:\/\/www.bellunopress.it\/fr\/wp-json\/wp\/v2\/tags?post=136939"}],"curies":[{"name":"wp","href":"https:\/\/api.w.org\/{rel}","templated":true}]}}