{"id":136936,"date":"2022-10-12T15:28:39","date_gmt":"2022-10-12T13:28:39","guid":{"rendered":"https:\/\/www.bellunopress.it\/?p=136936"},"modified":"2022-10-12T15:28:39","modified_gmt":"2022-10-12T13:28:39","slug":"milano-cortina-2026-lancia-adaptive-winter-sport-il-progetto-per-la-diffusione-degli-sport-paralimpici","status":"publish","type":"post","link":"https:\/\/www.bellunopress.it\/fr\/2022\/10\/12\/milano-cortina-2026-lancia-adaptive-winter-sport-il-progetto-per-la-diffusione-degli-sport-paralimpici\/","title":{"rendered":"Milano-Cortina 2026 lancia &#8220;Adaptive Winter Sport&#8221;, il progetto per la diffusione degli sport paralimpici"},"content":{"rendered":"<p><em>Il primo progetto del Programma Education dei Giochi del 2026 punta insieme con Comitato Paralimpico Italiano e Federazioni all\u2019inclusione e alla promozione della pratica sportiva<\/em>.<\/p>\n<p><img loading=\"lazy\" decoding=\"async\" class=\"alignleft size-full wp-image-136937\" src=\"https:\/\/www.bellunopress.it\/wp-content\/uploads\/2022\/10\/Adaptive-Winter-Sport-05_edited.jpg\" alt=\"\" width=\"1000\" height=\"667\" srcset=\"https:\/\/www.bellunopress.it\/wp-content\/uploads\/2022\/10\/Adaptive-Winter-Sport-05_edited.jpg 1000w, https:\/\/www.bellunopress.it\/wp-content\/uploads\/2022\/10\/Adaptive-Winter-Sport-05_edited-500x334.jpg 500w, https:\/\/www.bellunopress.it\/wp-content\/uploads\/2022\/10\/Adaptive-Winter-Sport-05_edited-696x464.jpg 696w, https:\/\/www.bellunopress.it\/wp-content\/uploads\/2022\/10\/Adaptive-Winter-Sport-05_edited-630x420.jpg 630w\" sizes=\"auto, (max-width: 1000px) 100vw, 1000px\" \/>Milano, 12 ottobre 2022 &#8211; Il Comitato Organizzatore dei Giochi Olimpici e Paralimpici di<br \/>\nMilano Cortina 2026 ha presentato oggi &#8211; nell\u2019ambito del Festival della Cultura Paralimpica,<br \/>\nin corso a Milano &#8211; il progetto quadriennale \u2018Adaptive Winter Sport\u2019.<br \/>\nL\u2019iniziativa, inserita nel programma Education del percorso che porta ai Giochi del 2026,<br \/>\npunta a promuovere l\u2019aumento della pratica sportiva tra le persone con disabilit\u00e0, attraverso corsi e campus dedicati.<\/p>\n<p>La Fondazione Milano Cortina 2026 supporta il Comitato Paralimpico Italiano (CIP), la<br \/>\nFederazione Italia Sport Ghiaccio e la Federazione Italiana Sport Paralimpici Invernali, in<br \/>\nun ampio piano che prevede la formazione di nuovi istruttori di sport Paralimpici, la<br \/>\ncreazione di ulteriori professionalit\u00e0 nel campo dell\u2019accoglienza e del turismo sportivo<br \/>\naccessibile e il rafforzamento della cooperazione tra le Associazioni Sportive Dilettantistiche<br \/>\nche si occupano di discipline Paralimpiche.<br \/>\nIn aggiunta alle attivit\u00e0 di promozione e formazione, il Comitato Organizzatore dei Giochi<br \/>\ndel 2026 contribuir\u00e0, d\u2019intesa con il CIP e le Federazioni, alla fornitura dell\u2019attrezzatura<br \/>\nsportiva necessaria per l\u2019avviamento agli sport invernali. Al centro dei valori che animano il<br \/>\nmovimento Paralimpico ci sono i principi che il programma \u2018Adaptive Winter Sport\u2019 intende<br \/>\npromuovere: siamo tutti uguali sulla linea di partenza e a tutti devono essere date pari<br \/>\nopportunit\u00e0 nell\u2019accesso alle discipline sportive.<br \/>\n\u201cCon questo progetto vogliamo dare un primo segnale concreto dell\u2019impegno di Milano<br \/>\nCortina 2026 per l\u2019inclusione e per la promozione dei valori Paralimpici\u201d, dichiara Diana<br \/>\nBianchedi, Games Project Director di Milano Cortina 2026. \u201cLe Olimpiadi e ancor di pi\u00f9 le<br \/>\nParalimpiadi \u2013 aggiunge Bianchedi \u2013 rappresentano una grande occasione per favorire,<br \/>\nattraverso lo sport, una vera e propria rivoluzione culturale e promuovere dunque una<br \/>\nsociet\u00e0 pi\u00f9 inclusiva per tutti. In questo senso \u2013 conclude \u2013 sono sicura che la Fondazione<br \/>\nMilano Cortina 2026 insieme al CIP, alle Federazioni e ai Territori possa fare un<br \/>\nimportantissimo lavoro per lasciare un\u2019eredit\u00e0 significativa per il nostro Paese\u201d.<br \/>\nMaggiori informazioni sul progetto \u2018Adaptive Winter Sport\u2019 sono disponibili sul sito<br \/>\nhttps:\/\/milano-cortina-2026.olympics.com\/it\/adaptive-winter-sport\/ e presso lo stand di<br \/>\nMilano Cortina 2026 al Festival della Cultura Paralimpica, in corso presso la Fabbrica del<br \/>\nVapore di Milano dal 12 al 14 ottobre 2022.<\/p>\n<p>FONDAZIONE MILANO CORTINA 2026<br \/>\nL\u2019obiettivo della Fondazione Milano Cortina 2026, in accordo con il Comitato Olimpico Internazionale (CIO), il Comitato Paralimpico Internazionale (IPC), il Comitato Olimpico Nazionale Italiano (CONI), il Comitato Italiano Paralimpico (CIP), le Citt\u00e0 di Milano e di Cortina d\u2019Ampezzo, la Regione del Veneto e la Regione Lombardia, le Province autonome di Trento e Bolzano, \u00e8 quello di pianificare, organizzare, finanziare e realizzare i Giochi Olimpici e Paralimpici Invernali di Milano Cortina nel 2026. Istituita il 9 dicembre 2019, la Fondazione Milano Cortina 2026 \u00e8 guidata dal Presidente Giovanni Malag\u00f2. I Giochi Olimpici e Paralimpici sono il pi\u00f9 grande evento sportivo al mondo, con un impatto mediatico senza precedenti. I Giochi di Milano Cortina 2026 riuniranno 2.900 atleti Olimpici e oltre 700 atleti Paralimpici e saranno seguiti da oltre 2 milioni di spettatori e 3 miliardi di telespettatori in tutto il mondo.<\/p>","protected":false},"excerpt":{"rendered":"<p>Il primo progetto del Programma Education dei Giochi del 2026 punta insieme con Comitato Paralimpico Italiano e Federazioni all\u2019inclusione e alla promozione della pratica sportiva. Milano, 12 ottobre 2022 &#8211; Il Comitato Organizzatore dei Giochi Olimpici e Paralimpici di Milano Cortina 2026 ha presentato oggi &#8211; nell\u2019ambito del Festival della Cultura Paralimpica, in corso a [&hellip;]<\/p>\n","protected":false},"author":2,"featured_media":136937,"comment_status":"closed","ping_status":"open","sticky":false,"template":"","format":"standard","meta":{"footnotes":""},"categories":[26,4],"tags":[],"class_list":["post-136936","post","type-post","status-publish","format-standard","has-post-thumbnail","category-prima-pagina","category-sport"],"yoast_head":"<!-- This site is optimized with the Yoast SEO plugin v28.4 - https:\/\/yoast.com\/product\/yoast-seo-wordpress\/ -->\n<title>Milano-Cortina 2026 lancia &quot;Adaptive Winter Sport&quot;, il progetto per la diffusione degli sport paralimpici - Bellunopress - Dolomiti<\/title>\n<meta name=\"robots\" content=\"index, follow, max-snippet:-1, max-image-preview:large, max-video-preview:-1\" \/>\n<link rel=\"canonical\" href=\"https:\/\/www.bellunopress.it\/fr\/2022\/10\/12\/milano-cortina-2026-lancia-adaptive-winter-sport-il-progetto-per-la-diffusione-degli-sport-paralimpici\/\" \/>\n<meta property=\"og:locale\" content=\"fr_FR\" \/>\n<meta property=\"og:type\" content=\"article\" \/>\n<meta property=\"og:title\" content=\"Milano-Cortina 2026 lancia &quot;Adaptive Winter Sport&quot;, il progetto per la diffusione degli sport paralimpici - Bellunopress - Dolomiti\" \/>\n<meta property=\"og:description\" content=\"Il primo progetto del Programma Education dei Giochi del 2026 punta insieme con Comitato Paralimpico Italiano e Federazioni all\u2019inclusione e alla promozione della pratica sportiva. Milano, 12 ottobre 2022 &#8211; Il Comitato Organizzatore dei Giochi Olimpici e Paralimpici di Milano Cortina 2026 ha presentato oggi &#8211; nell\u2019ambito del Festival della Cultura Paralimpica, in corso a [&hellip;]\" \/>\n<meta property=\"og:url\" content=\"https:\/\/www.bellunopress.it\/fr\/2022\/10\/12\/milano-cortina-2026-lancia-adaptive-winter-sport-il-progetto-per-la-diffusione-degli-sport-paralimpici\/\" \/>\n<meta property=\"og:site_name\" content=\"Bellunopress - Dolomiti\" \/>\n<meta property=\"article:publisher\" content=\"https:\/\/www.facebook.com\/profile.php?id=100008943462799\" \/>\n<meta property=\"article:published_time\" content=\"2022-10-12T13:28:39+00:00\" \/>\n<meta property=\"og:image\" content=\"https:\/\/www.bellunopress.it\/wp-content\/uploads\/2022\/10\/Adaptive-Winter-Sport-05_edited.jpg\" \/>\n\t<meta property=\"og:image:width\" content=\"1000\" \/>\n\t<meta property=\"og:image:height\" content=\"667\" \/>\n\t<meta property=\"og:image:type\" content=\"image\/jpeg\" \/>\n<meta name=\"author\" content=\"redazione\" \/>\n<meta name=\"twitter:card\" content=\"summary_large_image\" \/>\n<meta name=\"twitter:creator\" content=\"@bellunopress\" \/>\n<meta name=\"twitter:site\" content=\"@bellunopress\" \/>\n<meta name=\"twitter:label1\" content=\"\u00c9crit par\" \/>\n\t<meta name=\"twitter:data1\" content=\"redazione\" \/>\n\t<meta name=\"twitter:label2\" content=\"Dur\u00e9e de lecture estim\u00e9e\" \/>\n\t<meta name=\"twitter:data2\" content=\"3 minutes\" \/>\n<script type=\"application\/ld+json\" class=\"yoast-schema-graph\">{\"@context\":\"https:\\\/\\\/schema.org\",\"@graph\":[{\"@type\":\"Article\",\"@id\":\"https:\\\/\\\/www.bellunopress.it\\\/2022\\\/10\\\/12\\\/milano-cortina-2026-lancia-adaptive-winter-sport-il-progetto-per-la-diffusione-degli-sport-paralimpici\\\/#article\",\"isPartOf\":{\"@id\":\"https:\\\/\\\/www.bellunopress.it\\\/2022\\\/10\\\/12\\\/milano-cortina-2026-lancia-adaptive-winter-sport-il-progetto-per-la-diffusione-degli-sport-paralimpici\\\/\"},\"author\":{\"name\":\"redazione\",\"@id\":\"https:\\\/\\\/www.bellunopress.it\\\/#\\\/schema\\\/person\\\/79bb06722b37ece1c03d3e94beb30d73\"},\"headline\":\"Milano-Cortina 2026 lancia &#8220;Adaptive Winter Sport&#8221;, il progetto per la diffusione degli sport paralimpici\",\"datePublished\":\"2022-10-12T13:28:39+00:00\",\"mainEntityOfPage\":{\"@id\":\"https:\\\/\\\/www.bellunopress.it\\\/2022\\\/10\\\/12\\\/milano-cortina-2026-lancia-adaptive-winter-sport-il-progetto-per-la-diffusione-degli-sport-paralimpici\\\/\"},\"wordCount\":521,\"publisher\":{\"@id\":\"https:\\\/\\\/www.bellunopress.it\\\/#organization\"},\"image\":{\"@id\":\"https:\\\/\\\/www.bellunopress.it\\\/2022\\\/10\\\/12\\\/milano-cortina-2026-lancia-adaptive-winter-sport-il-progetto-per-la-diffusione-degli-sport-paralimpici\\\/#primaryimage\"},\"thumbnailUrl\":\"https:\\\/\\\/www.bellunopress.it\\\/wp-content\\\/uploads\\\/2022\\\/10\\\/Adaptive-Winter-Sport-05_edited.jpg\",\"articleSection\":[\"Prima Pagina\",\"Sport, tempo libero\"],\"inLanguage\":\"fr-FR\"},{\"@type\":\"WebPage\",\"@id\":\"https:\\\/\\\/www.bellunopress.it\\\/2022\\\/10\\\/12\\\/milano-cortina-2026-lancia-adaptive-winter-sport-il-progetto-per-la-diffusione-degli-sport-paralimpici\\\/\",\"url\":\"https:\\\/\\\/www.bellunopress.it\\\/2022\\\/10\\\/12\\\/milano-cortina-2026-lancia-adaptive-winter-sport-il-progetto-per-la-diffusione-degli-sport-paralimpici\\\/\",\"name\":\"Milano-Cortina 2026 lancia \\\"Adaptive Winter Sport\\\", il progetto per la diffusione degli sport paralimpici - Bellunopress - Dolomiti\",\"isPartOf\":{\"@id\":\"https:\\\/\\\/www.bellunopress.it\\\/#website\"},\"primaryImageOfPage\":{\"@id\":\"https:\\\/\\\/www.bellunopress.it\\\/2022\\\/10\\\/12\\\/milano-cortina-2026-lancia-adaptive-winter-sport-il-progetto-per-la-diffusione-degli-sport-paralimpici\\\/#primaryimage\"},\"image\":{\"@id\":\"https:\\\/\\\/www.bellunopress.it\\\/2022\\\/10\\\/12\\\/milano-cortina-2026-lancia-adaptive-winter-sport-il-progetto-per-la-diffusione-degli-sport-paralimpici\\\/#primaryimage\"},\"thumbnailUrl\":\"https:\\\/\\\/www.bellunopress.it\\\/wp-content\\\/uploads\\\/2022\\\/10\\\/Adaptive-Winter-Sport-05_edited.jpg\",\"datePublished\":\"2022-10-12T13:28:39+00:00\",\"breadcrumb\":{\"@id\":\"https:\\\/\\\/www.bellunopress.it\\\/2022\\\/10\\\/12\\\/milano-cortina-2026-lancia-adaptive-winter-sport-il-progetto-per-la-diffusione-degli-sport-paralimpici\\\/#breadcrumb\"},\"inLanguage\":\"fr-FR\",\"potentialAction\":[{\"@type\":\"ReadAction\",\"target\":[\"https:\\\/\\\/www.bellunopress.it\\\/2022\\\/10\\\/12\\\/milano-cortina-2026-lancia-adaptive-winter-sport-il-progetto-per-la-diffusione-degli-sport-paralimpici\\\/\"]}]},{\"@type\":\"ImageObject\",\"inLanguage\":\"fr-FR\",\"@id\":\"https:\\\/\\\/www.bellunopress.it\\\/2022\\\/10\\\/12\\\/milano-cortina-2026-lancia-adaptive-winter-sport-il-progetto-per-la-diffusione-degli-sport-paralimpici\\\/#primaryimage\",\"url\":\"https:\\\/\\\/www.bellunopress.it\\\/wp-content\\\/uploads\\\/2022\\\/10\\\/Adaptive-Winter-Sport-05_edited.jpg\",\"contentUrl\":\"https:\\\/\\\/www.bellunopress.it\\\/wp-content\\\/uploads\\\/2022\\\/10\\\/Adaptive-Winter-Sport-05_edited.jpg\",\"width\":1000,\"height\":667},{\"@type\":\"BreadcrumbList\",\"@id\":\"https:\\\/\\\/www.bellunopress.it\\\/2022\\\/10\\\/12\\\/milano-cortina-2026-lancia-adaptive-winter-sport-il-progetto-per-la-diffusione-degli-sport-paralimpici\\\/#breadcrumb\",\"itemListElement\":[{\"@type\":\"ListItem\",\"position\":1,\"name\":\"Home\",\"item\":\"https:\\\/\\\/www.bellunopress.it\\\/\"},{\"@type\":\"ListItem\",\"position\":2,\"name\":\"Milano-Cortina 2026 lancia &#8220;Adaptive Winter Sport&#8221;, il progetto per la diffusione degli sport paralimpici\"}]},{\"@type\":\"WebSite\",\"@id\":\"https:\\\/\\\/www.bellunopress.it\\\/#website\",\"url\":\"https:\\\/\\\/www.bellunopress.it\\\/\",\"name\":\"Bellunopress - Dolomiti\",\"description\":\"e-mail: redazione@bellunopress.it\",\"publisher\":{\"@id\":\"https:\\\/\\\/www.bellunopress.it\\\/#organization\"},\"potentialAction\":[{\"@type\":\"SearchAction\",\"target\":{\"@type\":\"EntryPoint\",\"urlTemplate\":\"https:\\\/\\\/www.bellunopress.it\\\/?s={search_term_string}\"},\"query-input\":{\"@type\":\"PropertyValueSpecification\",\"valueRequired\":true,\"valueName\":\"search_term_string\"}}],\"inLanguage\":\"fr-FR\"},{\"@type\":\"Organization\",\"@id\":\"https:\\\/\\\/www.bellunopress.it\\\/#organization\",\"name\":\"Bellunopress\",\"url\":\"https:\\\/\\\/www.bellunopress.it\\\/\",\"logo\":{\"@type\":\"ImageObject\",\"inLanguage\":\"fr-FR\",\"@id\":\"https:\\\/\\\/www.bellunopress.it\\\/#\\\/schema\\\/logo\\\/image\\\/\",\"url\":\"https:\\\/\\\/www.bellunopress.it\\\/wp-content\\\/uploads\\\/2011\\\/05\\\/cropped-logo-bellunopress-.jpg\",\"contentUrl\":\"https:\\\/\\\/www.bellunopress.it\\\/wp-content\\\/uploads\\\/2011\\\/05\\\/cropped-logo-bellunopress-.jpg\",\"width\":512,\"height\":512,\"caption\":\"Bellunopress\"},\"image\":{\"@id\":\"https:\\\/\\\/www.bellunopress.it\\\/#\\\/schema\\\/logo\\\/image\\\/\"},\"sameAs\":[\"https:\\\/\\\/www.facebook.com\\\/profile.php?id=100008943462799\",\"https:\\\/\\\/x.com\\\/bellunopress\",\"https:\\\/\\\/www.linkedin.com\\\/hp\\\/?dnr=JBzUWaJfMUw8vbXJJ2tVW5-I3jZKvC4wsoxE&amp;amp;amp;amp;amp;amp;trk=nav_responsive_tab_home\",\"https:\\\/\\\/www.youtube.com\\\/channel\\\/UCxL0wu1uN0_3_7hGG0306cw\"]},{\"@type\":\"Person\",\"@id\":\"https:\\\/\\\/www.bellunopress.it\\\/#\\\/schema\\\/person\\\/79bb06722b37ece1c03d3e94beb30d73\",\"name\":\"redazione\",\"image\":{\"@type\":\"ImageObject\",\"inLanguage\":\"fr-FR\",\"@id\":\"https:\\\/\\\/secure.gravatar.com\\\/avatar\\\/37d968a2e67a6fd04c169c4bdef102d0bc5d31b2546345219e348575eb80e9a0?s=96&d=mm&r=g\",\"url\":\"https:\\\/\\\/secure.gravatar.com\\\/avatar\\\/37d968a2e67a6fd04c169c4bdef102d0bc5d31b2546345219e348575eb80e9a0?s=96&d=mm&r=g\",\"contentUrl\":\"https:\\\/\\\/secure.gravatar.com\\\/avatar\\\/37d968a2e67a6fd04c169c4bdef102d0bc5d31b2546345219e348575eb80e9a0?s=96&d=mm&r=g\",\"caption\":\"redazione\"},\"sameAs\":[\"http:\\\/\\\/www.bellunopress.it\",\"https:\\\/\\\/x.com\\\/bellunopress\"],\"url\":\"https:\\\/\\\/www.bellunopress.it\\\/fr\\\/author\\\/redazione\\\/\"}]}<\/script>\n<!-- \/ Yoast SEO plugin. -->","yoast_head_json":{"title":"Milano-Cortina 2026 lancia \"Adaptive Winter Sport\", il progetto per la diffusione degli sport paralimpici - Bellunopress - Dolomiti","robots":{"index":"index","follow":"follow","max-snippet":"max-snippet:-1","max-image-preview":"max-image-preview:large","max-video-preview":"max-video-preview:-1"},"canonical":"https:\/\/www.bellunopress.it\/fr\/2022\/10\/12\/milano-cortina-2026-lancia-adaptive-winter-sport-il-progetto-per-la-diffusione-degli-sport-paralimpici\/","og_locale":"fr_FR","og_type":"article","og_title":"Milano-Cortina 2026 lancia \"Adaptive Winter Sport\", il progetto per la diffusione degli sport paralimpici - Bellunopress - Dolomiti","og_description":"Il primo progetto del Programma Education dei Giochi del 2026 punta insieme con Comitato Paralimpico Italiano e Federazioni all\u2019inclusione e alla promozione della pratica sportiva. Milano, 12 ottobre 2022 &#8211; Il Comitato Organizzatore dei Giochi Olimpici e Paralimpici di Milano Cortina 2026 ha presentato oggi &#8211; nell\u2019ambito del Festival della Cultura Paralimpica, in corso a [&hellip;]","og_url":"https:\/\/www.bellunopress.it\/fr\/2022\/10\/12\/milano-cortina-2026-lancia-adaptive-winter-sport-il-progetto-per-la-diffusione-degli-sport-paralimpici\/","og_site_name":"Bellunopress - Dolomiti","article_publisher":"https:\/\/www.facebook.com\/profile.php?id=100008943462799","article_published_time":"2022-10-12T13:28:39+00:00","og_image":[{"width":1000,"height":667,"url":"https:\/\/www.bellunopress.it\/wp-content\/uploads\/2022\/10\/Adaptive-Winter-Sport-05_edited.jpg","type":"image\/jpeg"}],"author":"redazione","twitter_card":"summary_large_image","twitter_creator":"@bellunopress","twitter_site":"@bellunopress","twitter_misc":{"\u00c9crit par":"redazione","Dur\u00e9e de lecture estim\u00e9e":"3 minutes"},"schema":{"@context":"https:\/\/schema.org","@graph":[{"@type":"Article","@id":"https:\/\/www.bellunopress.it\/2022\/10\/12\/milano-cortina-2026-lancia-adaptive-winter-sport-il-progetto-per-la-diffusione-degli-sport-paralimpici\/#article","isPartOf":{"@id":"https:\/\/www.bellunopress.it\/2022\/10\/12\/milano-cortina-2026-lancia-adaptive-winter-sport-il-progetto-per-la-diffusione-degli-sport-paralimpici\/"},"author":{"name":"redazione","@id":"https:\/\/www.bellunopress.it\/#\/schema\/person\/79bb06722b37ece1c03d3e94beb30d73"},"headline":"Milano-Cortina 2026 lancia &#8220;Adaptive Winter Sport&#8221;, il progetto per la diffusione degli sport paralimpici","datePublished":"2022-10-12T13:28:39+00:00","mainEntityOfPage":{"@id":"https:\/\/www.bellunopress.it\/2022\/10\/12\/milano-cortina-2026-lancia-adaptive-winter-sport-il-progetto-per-la-diffusione-degli-sport-paralimpici\/"},"wordCount":521,"publisher":{"@id":"https:\/\/www.bellunopress.it\/#organization"},"image":{"@id":"https:\/\/www.bellunopress.it\/2022\/10\/12\/milano-cortina-2026-lancia-adaptive-winter-sport-il-progetto-per-la-diffusione-degli-sport-paralimpici\/#primaryimage"},"thumbnailUrl":"https:\/\/www.bellunopress.it\/wp-content\/uploads\/2022\/10\/Adaptive-Winter-Sport-05_edited.jpg","articleSection":["Prima Pagina","Sport, tempo libero"],"inLanguage":"fr-FR"},{"@type":"WebPage","@id":"https:\/\/www.bellunopress.it\/2022\/10\/12\/milano-cortina-2026-lancia-adaptive-winter-sport-il-progetto-per-la-diffusione-degli-sport-paralimpici\/","url":"https:\/\/www.bellunopress.it\/2022\/10\/12\/milano-cortina-2026-lancia-adaptive-winter-sport-il-progetto-per-la-diffusione-degli-sport-paralimpici\/","name":"Milano-Cortina 2026 lancia \"Adaptive Winter Sport\", il progetto per la diffusione degli sport paralimpici - Bellunopress - Dolomiti","isPartOf":{"@id":"https:\/\/www.bellunopress.it\/#website"},"primaryImageOfPage":{"@id":"https:\/\/www.bellunopress.it\/2022\/10\/12\/milano-cortina-2026-lancia-adaptive-winter-sport-il-progetto-per-la-diffusione-degli-sport-paralimpici\/#primaryimage"},"image":{"@id":"https:\/\/www.bellunopress.it\/2022\/10\/12\/milano-cortina-2026-lancia-adaptive-winter-sport-il-progetto-per-la-diffusione-degli-sport-paralimpici\/#primaryimage"},"thumbnailUrl":"https:\/\/www.bellunopress.it\/wp-content\/uploads\/2022\/10\/Adaptive-Winter-Sport-05_edited.jpg","datePublished":"2022-10-12T13:28:39+00:00","breadcrumb":{"@id":"https:\/\/www.bellunopress.it\/2022\/10\/12\/milano-cortina-2026-lancia-adaptive-winter-sport-il-progetto-per-la-diffusione-degli-sport-paralimpici\/#breadcrumb"},"inLanguage":"fr-FR","potentialAction":[{"@type":"ReadAction","target":["https:\/\/www.bellunopress.it\/2022\/10\/12\/milano-cortina-2026-lancia-adaptive-winter-sport-il-progetto-per-la-diffusione-degli-sport-paralimpici\/"]}]},{"@type":"ImageObject","inLanguage":"fr-FR","@id":"https:\/\/www.bellunopress.it\/2022\/10\/12\/milano-cortina-2026-lancia-adaptive-winter-sport-il-progetto-per-la-diffusione-degli-sport-paralimpici\/#primaryimage","url":"https:\/\/www.bellunopress.it\/wp-content\/uploads\/2022\/10\/Adaptive-Winter-Sport-05_edited.jpg","contentUrl":"https:\/\/www.bellunopress.it\/wp-content\/uploads\/2022\/10\/Adaptive-Winter-Sport-05_edited.jpg","width":1000,"height":667},{"@type":"BreadcrumbList","@id":"https:\/\/www.bellunopress.it\/2022\/10\/12\/milano-cortina-2026-lancia-adaptive-winter-sport-il-progetto-per-la-diffusione-degli-sport-paralimpici\/#breadcrumb","itemListElement":[{"@type":"ListItem","position":1,"name":"Home","item":"https:\/\/www.bellunopress.it\/"},{"@type":"ListItem","position":2,"name":"Milano-Cortina 2026 lancia &#8220;Adaptive Winter Sport&#8221;, il progetto per la diffusione degli sport paralimpici"}]},{"@type":"WebSite","@id":"https:\/\/www.bellunopress.it\/#website","url":"https:\/\/www.bellunopress.it\/","name":"Bellunopress - Dolomiti","description":"e-mail: redazione@bellunopress.it","publisher":{"@id":"https:\/\/www.bellunopress.it\/#organization"},"potentialAction":[{"@type":"SearchAction","target":{"@type":"EntryPoint","urlTemplate":"https:\/\/www.bellunopress.it\/?s={search_term_string}"},"query-input":{"@type":"PropertyValueSpecification","valueRequired":true,"valueName":"search_term_string"}}],"inLanguage":"fr-FR"},{"@type":"Organization","@id":"https:\/\/www.bellunopress.it\/#organization","name":"Bellunopress","url":"https:\/\/www.bellunopress.it\/","logo":{"@type":"ImageObject","inLanguage":"fr-FR","@id":"https:\/\/www.bellunopress.it\/#\/schema\/logo\/image\/","url":"https:\/\/www.bellunopress.it\/wp-content\/uploads\/2011\/05\/cropped-logo-bellunopress-.jpg","contentUrl":"https:\/\/www.bellunopress.it\/wp-content\/uploads\/2011\/05\/cropped-logo-bellunopress-.jpg","width":512,"height":512,"caption":"Bellunopress"},"image":{"@id":"https:\/\/www.bellunopress.it\/#\/schema\/logo\/image\/"},"sameAs":["https:\/\/www.facebook.com\/profile.php?id=100008943462799","https:\/\/x.com\/bellunopress","https:\/\/www.linkedin.com\/hp\/?dnr=JBzUWaJfMUw8vbXJJ2tVW5-I3jZKvC4wsoxE&amp;amp;amp;amp;amp;amp;trk=nav_responsive_tab_home","https:\/\/www.youtube.com\/channel\/UCxL0wu1uN0_3_7hGG0306cw"]},{"@type":"Person","@id":"https:\/\/www.bellunopress.it\/#\/schema\/person\/79bb06722b37ece1c03d3e94beb30d73","name":"r\u00e9daction","image":{"@type":"ImageObject","inLanguage":"fr-FR","@id":"https:\/\/secure.gravatar.com\/avatar\/37d968a2e67a6fd04c169c4bdef102d0bc5d31b2546345219e348575eb80e9a0?s=96&d=mm&r=g","url":"https:\/\/secure.gravatar.com\/avatar\/37d968a2e67a6fd04c169c4bdef102d0bc5d31b2546345219e348575eb80e9a0?s=96&d=mm&r=g","contentUrl":"https:\/\/secure.gravatar.com\/avatar\/37d968a2e67a6fd04c169c4bdef102d0bc5d31b2546345219e348575eb80e9a0?s=96&d=mm&r=g","caption":"redazione"},"sameAs":["http:\/\/www.bellunopress.it","https:\/\/x.com\/bellunopress"],"url":"https:\/\/www.bellunopress.it\/fr\/author\/redazione\/"}]}},"_links":{"self":[{"href":"https:\/\/www.bellunopress.it\/fr\/wp-json\/wp\/v2\/posts\/136936","targetHints":{"allow":["GET"]}}],"collection":[{"href":"https:\/\/www.bellunopress.it\/fr\/wp-json\/wp\/v2\/posts"}],"about":[{"href":"https:\/\/www.bellunopress.it\/fr\/wp-json\/wp\/v2\/types\/post"}],"author":[{"embeddable":true,"href":"https:\/\/www.bellunopress.it\/fr\/wp-json\/wp\/v2\/users\/2"}],"replies":[{"embeddable":true,"href":"https:\/\/www.bellunopress.it\/fr\/wp-json\/wp\/v2\/comments?post=136936"}],"version-history":[{"count":1,"href":"https:\/\/www.bellunopress.it\/fr\/wp-json\/wp\/v2\/posts\/136936\/revisions"}],"predecessor-version":[{"id":136938,"href":"https:\/\/www.bellunopress.it\/fr\/wp-json\/wp\/v2\/posts\/136936\/revisions\/136938"}],"wp:featuredmedia":[{"embeddable":true,"href":"https:\/\/www.bellunopress.it\/fr\/wp-json\/wp\/v2\/media\/136937"}],"wp:attachment":[{"href":"https:\/\/www.bellunopress.it\/fr\/wp-json\/wp\/v2\/media?parent=136936"}],"wp:term":[{"taxonomy":"category","embeddable":true,"href":"https:\/\/www.bellunopress.it\/fr\/wp-json\/wp\/v2\/categories?post=136936"},{"taxonomy":"post_tag","embeddable":true,"href":"https:\/\/www.bellunopress.it\/fr\/wp-json\/wp\/v2\/tags?post=136936"}],"curies":[{"name":"wp","href":"https:\/\/api.w.org\/{rel}","templated":true}]}}