{"id":136930,"date":"2022-10-11T19:25:01","date_gmt":"2022-10-11T17:25:01","guid":{"rendered":"https:\/\/www.bellunopress.it\/?p=136930"},"modified":"2022-10-11T20:04:15","modified_gmt":"2022-10-11T18:04:15","slug":"cercasi-laureato-in-scienze-politiche-economia-o-giurisprudenza-per-incarico-di-5-mesi","status":"publish","type":"post","link":"https:\/\/www.bellunopress.it\/fr\/2022\/10\/11\/cercasi-laureato-in-scienze-politiche-economia-o-giurisprudenza-per-incarico-di-5-mesi\/","title":{"rendered":"Cercasi laureato in scienze politiche, economia o giurisprudenza per incarico di 5 mesi"},"content":{"rendered":"<figure id=\"attachment_112706\" aria-describedby=\"caption-attachment-112706\" style=\"width: 900px\" class=\"wp-caption alignleft\"><img loading=\"lazy\" decoding=\"async\" class=\"size-full wp-image-112706\" src=\"https:\/\/www.bellunopress.it\/wp-content\/uploads\/2020\/03\/palazzo-rosso-notte.jpg\" alt=\"\" width=\"900\" height=\"688\" srcset=\"https:\/\/www.bellunopress.it\/wp-content\/uploads\/2020\/03\/palazzo-rosso-notte.jpg 900w, https:\/\/www.bellunopress.it\/wp-content\/uploads\/2020\/03\/palazzo-rosso-notte-500x382.jpg 500w, https:\/\/www.bellunopress.it\/wp-content\/uploads\/2020\/03\/palazzo-rosso-notte-696x532.jpg 696w, https:\/\/www.bellunopress.it\/wp-content\/uploads\/2020\/03\/palazzo-rosso-notte-549x420.jpg 549w, https:\/\/www.bellunopress.it\/wp-content\/uploads\/2020\/03\/palazzo-rosso-notte-80x60.jpg 80w\" sizes=\"auto, (max-width: 900px) 100vw, 900px\" \/><figcaption id=\"caption-attachment-112706\" class=\"wp-caption-text\">Palazzo Rosso, sede dell&#8217;Amministrazione comunale di Belluno<\/figcaption><\/figure>\n<p>Avviso pubblico di procedura comparativa per un incarico di coordinatore delle misure di contrasto alla povert\u00e0 Istanza entro le ore 10 del 27 ottobre 2022.<\/p>\n<p>Il Comune di Belluno, in qualit\u00e0 di capofila dell&#8217;Ambito Territoriale Sociale VEN_01, per la gestione associata dei servizi sociali di cui al piano nazionale e regionale di contrasto alla povert\u00e0 tra i 46 Comuni dell&#8217;Ambito Territoriale Agordino, Bellunese e Cadore\u201d, ha indetto una procedura comparativa di curriculum e colloquio, per l\u2019individuazione di un soggetto esterno al quale affidare, mediante stipula di contratto di lavoro autonomo, lo svolgimento delle attivit\u00e0 di coordinamento delle misure di contrasto alla povert\u00e0, per un periodo pari a circa 5 mesi.<\/p>\n<p>I compiti che il coordinatore dovr\u00e0 svolgere saranno i seguenti:<br \/>\n\u2022 coordinamento delle funzioni amministrative presso il Comune di Belluno, riguardo alle<br \/>\nmisure regionali di contrasto alla povert\u00e0 finalizzate all&#8217;inclusione e al reinserimento<br \/>\nsociale e\/o lavorativo;<br \/>\n\u2022 coordinamento delle funzioni amministrative dei Comuni aderenti alle misure regionali<br \/>\ndi contrasto alla povert\u00e0;<br \/>\n\u2022 monitoraggio della spesa dell&#8217;Ambito riguardo ai percorsi di cui alla DGR 1240\/2021:<br \/>\nReddito di Inclusione Attiva (R.I.A), Sostegno all&#8217;abitare (S.o.A.), Povert\u00e0 educativa<br \/>\n(P.E.) e Fondo nuove vulnerabilit\u00e0.<\/p>\n<p>I requisiti complessivi di partecipazione sono dettagliati nell\u2019avviso, scaricabile dalla sezione<br \/>\n<a href=\"https:\/\/www.comune.belluno.it\/myportal\/C_A757\/dettaglio?contentId=6343d12c8f3ad0008ce2de0d&amp;type=contenuto\">\u201cBandi di gara e avvisi\u201d<\/a>, nel sito Internet istituzionale all\u2019indirizzo www.comune.belluno.it.<br \/>\nOltre al possesso di partita IVA, o alla disponibilit\u00e0 ad attivarla, \u00e8 richiesto il possesso di una laurea nelle classi delle Scienze Politiche, Economia o Giurisprudenza.<br \/>\nLa valutazione dei concorrenti verr\u00e0 fatta da una commissione appositamente nominata che<br \/>\nassegner\u00e0 dei punteggi al curriculum vitae e studiorum, dal quale si evincano eventuali<br \/>\nesperienze pregresse inerenti all&#8217;ambito dell\u2019incarico, e al colloquio, con riferimento alle<br \/>\nmisure regionali di contrasto alla povert\u00e0.<br \/>\nLe modalit\u00e0 di inoltro delle candidature e ogni altra informazione relativa alla procedura<br \/>\ncomparativa sono disponibili nell\u2019avviso.<\/p>","protected":false},"excerpt":{"rendered":"<p>Avviso pubblico di procedura comparativa per un incarico di coordinatore delle misure di contrasto alla povert\u00e0 Istanza entro le ore 10 del 27 ottobre 2022. Il Comune di Belluno, in qualit\u00e0 di capofila dell&#8217;Ambito Territoriale Sociale VEN_01, per la gestione associata dei servizi sociali di cui al piano nazionale e regionale di contrasto alla povert\u00e0 [&hellip;]<\/p>\n","protected":false},"author":2,"featured_media":112706,"comment_status":"closed","ping_status":"open","sticky":false,"template":"","format":"standard","meta":{"footnotes":""},"categories":[36],"tags":[],"class_list":["post-136930","post","type-post","status-publish","format-standard","has-post-thumbnail","category-lavoro-economia"],"yoast_head":"<!-- This site is optimized with the Yoast SEO plugin v28.4 - https:\/\/yoast.com\/product\/yoast-seo-wordpress\/ -->\n<title>Cercasi laureato in scienze politiche, economia o giurisprudenza per incarico di 5 mesi - Bellunopress - Dolomiti<\/title>\n<meta name=\"robots\" content=\"index, follow, max-snippet:-1, max-image-preview:large, max-video-preview:-1\" \/>\n<link rel=\"canonical\" href=\"https:\/\/www.bellunopress.it\/fr\/2022\/10\/11\/cercasi-laureato-in-scienze-politiche-economia-o-giurisprudenza-per-incarico-di-5-mesi\/\" \/>\n<meta property=\"og:locale\" content=\"fr_FR\" \/>\n<meta property=\"og:type\" content=\"article\" \/>\n<meta property=\"og:title\" content=\"Cercasi laureato in scienze politiche, economia o giurisprudenza per incarico di 5 mesi - Bellunopress - Dolomiti\" \/>\n<meta property=\"og:description\" content=\"Avviso pubblico di procedura comparativa per un incarico di coordinatore delle misure di contrasto alla povert\u00e0 Istanza entro le ore 10 del 27 ottobre 2022. Il Comune di Belluno, in qualit\u00e0 di capofila dell&#8217;Ambito Territoriale Sociale VEN_01, per la gestione associata dei servizi sociali di cui al piano nazionale e regionale di contrasto alla povert\u00e0 [&hellip;]\" \/>\n<meta property=\"og:url\" content=\"https:\/\/www.bellunopress.it\/fr\/2022\/10\/11\/cercasi-laureato-in-scienze-politiche-economia-o-giurisprudenza-per-incarico-di-5-mesi\/\" \/>\n<meta property=\"og:site_name\" content=\"Bellunopress - Dolomiti\" \/>\n<meta property=\"article:publisher\" content=\"https:\/\/www.facebook.com\/profile.php?id=100008943462799\" \/>\n<meta property=\"article:published_time\" content=\"2022-10-11T17:25:01+00:00\" \/>\n<meta property=\"article:modified_time\" content=\"2022-10-11T18:04:15+00:00\" \/>\n<meta property=\"og:image\" content=\"https:\/\/www.bellunopress.it\/wp-content\/uploads\/2020\/03\/palazzo-rosso-notte.jpg\" \/>\n\t<meta property=\"og:image:width\" content=\"900\" \/>\n\t<meta property=\"og:image:height\" content=\"688\" \/>\n\t<meta property=\"og:image:type\" content=\"image\/jpeg\" \/>\n<meta name=\"author\" content=\"redazione\" \/>\n<meta name=\"twitter:card\" content=\"summary_large_image\" \/>\n<meta name=\"twitter:creator\" content=\"@bellunopress\" \/>\n<meta name=\"twitter:site\" content=\"@bellunopress\" \/>\n<meta name=\"twitter:label1\" content=\"\u00c9crit par\" \/>\n\t<meta name=\"twitter:data1\" content=\"redazione\" \/>\n\t<meta name=\"twitter:label2\" content=\"Dur\u00e9e de lecture estim\u00e9e\" \/>\n\t<meta name=\"twitter:data2\" content=\"2 minutes\" \/>\n<script type=\"application\/ld+json\" class=\"yoast-schema-graph\">{\"@context\":\"https:\\\/\\\/schema.org\",\"@graph\":[{\"@type\":\"Article\",\"@id\":\"https:\\\/\\\/www.bellunopress.it\\\/2022\\\/10\\\/11\\\/cercasi-laureato-in-scienze-politiche-economia-o-giurisprudenza-per-incarico-di-5-mesi\\\/#article\",\"isPartOf\":{\"@id\":\"https:\\\/\\\/www.bellunopress.it\\\/2022\\\/10\\\/11\\\/cercasi-laureato-in-scienze-politiche-economia-o-giurisprudenza-per-incarico-di-5-mesi\\\/\"},\"author\":{\"name\":\"redazione\",\"@id\":\"https:\\\/\\\/www.bellunopress.it\\\/#\\\/schema\\\/person\\\/79bb06722b37ece1c03d3e94beb30d73\"},\"headline\":\"Cercasi laureato in scienze politiche, economia o giurisprudenza per incarico di 5 mesi\",\"datePublished\":\"2022-10-11T17:25:01+00:00\",\"dateModified\":\"2022-10-11T18:04:15+00:00\",\"mainEntityOfPage\":{\"@id\":\"https:\\\/\\\/www.bellunopress.it\\\/2022\\\/10\\\/11\\\/cercasi-laureato-in-scienze-politiche-economia-o-giurisprudenza-per-incarico-di-5-mesi\\\/\"},\"wordCount\":333,\"publisher\":{\"@id\":\"https:\\\/\\\/www.bellunopress.it\\\/#organization\"},\"image\":{\"@id\":\"https:\\\/\\\/www.bellunopress.it\\\/2022\\\/10\\\/11\\\/cercasi-laureato-in-scienze-politiche-economia-o-giurisprudenza-per-incarico-di-5-mesi\\\/#primaryimage\"},\"thumbnailUrl\":\"https:\\\/\\\/www.bellunopress.it\\\/wp-content\\\/uploads\\\/2020\\\/03\\\/palazzo-rosso-notte.jpg\",\"articleSection\":[\"Lavoro, Economia, Turismo\"],\"inLanguage\":\"fr-FR\"},{\"@type\":\"WebPage\",\"@id\":\"https:\\\/\\\/www.bellunopress.it\\\/2022\\\/10\\\/11\\\/cercasi-laureato-in-scienze-politiche-economia-o-giurisprudenza-per-incarico-di-5-mesi\\\/\",\"url\":\"https:\\\/\\\/www.bellunopress.it\\\/2022\\\/10\\\/11\\\/cercasi-laureato-in-scienze-politiche-economia-o-giurisprudenza-per-incarico-di-5-mesi\\\/\",\"name\":\"Cercasi laureato in scienze politiche, economia o giurisprudenza per incarico di 5 mesi - Bellunopress - Dolomiti\",\"isPartOf\":{\"@id\":\"https:\\\/\\\/www.bellunopress.it\\\/#website\"},\"primaryImageOfPage\":{\"@id\":\"https:\\\/\\\/www.bellunopress.it\\\/2022\\\/10\\\/11\\\/cercasi-laureato-in-scienze-politiche-economia-o-giurisprudenza-per-incarico-di-5-mesi\\\/#primaryimage\"},\"image\":{\"@id\":\"https:\\\/\\\/www.bellunopress.it\\\/2022\\\/10\\\/11\\\/cercasi-laureato-in-scienze-politiche-economia-o-giurisprudenza-per-incarico-di-5-mesi\\\/#primaryimage\"},\"thumbnailUrl\":\"https:\\\/\\\/www.bellunopress.it\\\/wp-content\\\/uploads\\\/2020\\\/03\\\/palazzo-rosso-notte.jpg\",\"datePublished\":\"2022-10-11T17:25:01+00:00\",\"dateModified\":\"2022-10-11T18:04:15+00:00\",\"breadcrumb\":{\"@id\":\"https:\\\/\\\/www.bellunopress.it\\\/2022\\\/10\\\/11\\\/cercasi-laureato-in-scienze-politiche-economia-o-giurisprudenza-per-incarico-di-5-mesi\\\/#breadcrumb\"},\"inLanguage\":\"fr-FR\",\"potentialAction\":[{\"@type\":\"ReadAction\",\"target\":[\"https:\\\/\\\/www.bellunopress.it\\\/2022\\\/10\\\/11\\\/cercasi-laureato-in-scienze-politiche-economia-o-giurisprudenza-per-incarico-di-5-mesi\\\/\"]}]},{\"@type\":\"ImageObject\",\"inLanguage\":\"fr-FR\",\"@id\":\"https:\\\/\\\/www.bellunopress.it\\\/2022\\\/10\\\/11\\\/cercasi-laureato-in-scienze-politiche-economia-o-giurisprudenza-per-incarico-di-5-mesi\\\/#primaryimage\",\"url\":\"https:\\\/\\\/www.bellunopress.it\\\/wp-content\\\/uploads\\\/2020\\\/03\\\/palazzo-rosso-notte.jpg\",\"contentUrl\":\"https:\\\/\\\/www.bellunopress.it\\\/wp-content\\\/uploads\\\/2020\\\/03\\\/palazzo-rosso-notte.jpg\",\"width\":900,\"height\":688,\"caption\":\"Palazzo Rosso, sede dell'Amministrazione comunale di Belluno\"},{\"@type\":\"BreadcrumbList\",\"@id\":\"https:\\\/\\\/www.bellunopress.it\\\/2022\\\/10\\\/11\\\/cercasi-laureato-in-scienze-politiche-economia-o-giurisprudenza-per-incarico-di-5-mesi\\\/#breadcrumb\",\"itemListElement\":[{\"@type\":\"ListItem\",\"position\":1,\"name\":\"Home\",\"item\":\"https:\\\/\\\/www.bellunopress.it\\\/\"},{\"@type\":\"ListItem\",\"position\":2,\"name\":\"Cercasi laureato in scienze politiche, economia o giurisprudenza per incarico di 5 mesi\"}]},{\"@type\":\"WebSite\",\"@id\":\"https:\\\/\\\/www.bellunopress.it\\\/#website\",\"url\":\"https:\\\/\\\/www.bellunopress.it\\\/\",\"name\":\"Bellunopress - Dolomiti\",\"description\":\"e-mail: redazione@bellunopress.it\",\"publisher\":{\"@id\":\"https:\\\/\\\/www.bellunopress.it\\\/#organization\"},\"potentialAction\":[{\"@type\":\"SearchAction\",\"target\":{\"@type\":\"EntryPoint\",\"urlTemplate\":\"https:\\\/\\\/www.bellunopress.it\\\/?s={search_term_string}\"},\"query-input\":{\"@type\":\"PropertyValueSpecification\",\"valueRequired\":true,\"valueName\":\"search_term_string\"}}],\"inLanguage\":\"fr-FR\"},{\"@type\":\"Organization\",\"@id\":\"https:\\\/\\\/www.bellunopress.it\\\/#organization\",\"name\":\"Bellunopress\",\"url\":\"https:\\\/\\\/www.bellunopress.it\\\/\",\"logo\":{\"@type\":\"ImageObject\",\"inLanguage\":\"fr-FR\",\"@id\":\"https:\\\/\\\/www.bellunopress.it\\\/#\\\/schema\\\/logo\\\/image\\\/\",\"url\":\"https:\\\/\\\/www.bellunopress.it\\\/wp-content\\\/uploads\\\/2011\\\/05\\\/cropped-logo-bellunopress-.jpg\",\"contentUrl\":\"https:\\\/\\\/www.bellunopress.it\\\/wp-content\\\/uploads\\\/2011\\\/05\\\/cropped-logo-bellunopress-.jpg\",\"width\":512,\"height\":512,\"caption\":\"Bellunopress\"},\"image\":{\"@id\":\"https:\\\/\\\/www.bellunopress.it\\\/#\\\/schema\\\/logo\\\/image\\\/\"},\"sameAs\":[\"https:\\\/\\\/www.facebook.com\\\/profile.php?id=100008943462799\",\"https:\\\/\\\/x.com\\\/bellunopress\",\"https:\\\/\\\/www.linkedin.com\\\/hp\\\/?dnr=JBzUWaJfMUw8vbXJJ2tVW5-I3jZKvC4wsoxE&amp;amp;amp;amp;amp;amp;trk=nav_responsive_tab_home\",\"https:\\\/\\\/www.youtube.com\\\/channel\\\/UCxL0wu1uN0_3_7hGG0306cw\"]},{\"@type\":\"Person\",\"@id\":\"https:\\\/\\\/www.bellunopress.it\\\/#\\\/schema\\\/person\\\/79bb06722b37ece1c03d3e94beb30d73\",\"name\":\"redazione\",\"image\":{\"@type\":\"ImageObject\",\"inLanguage\":\"fr-FR\",\"@id\":\"https:\\\/\\\/secure.gravatar.com\\\/avatar\\\/37d968a2e67a6fd04c169c4bdef102d0bc5d31b2546345219e348575eb80e9a0?s=96&d=mm&r=g\",\"url\":\"https:\\\/\\\/secure.gravatar.com\\\/avatar\\\/37d968a2e67a6fd04c169c4bdef102d0bc5d31b2546345219e348575eb80e9a0?s=96&d=mm&r=g\",\"contentUrl\":\"https:\\\/\\\/secure.gravatar.com\\\/avatar\\\/37d968a2e67a6fd04c169c4bdef102d0bc5d31b2546345219e348575eb80e9a0?s=96&d=mm&r=g\",\"caption\":\"redazione\"},\"sameAs\":[\"http:\\\/\\\/www.bellunopress.it\",\"https:\\\/\\\/x.com\\\/bellunopress\"],\"url\":\"https:\\\/\\\/www.bellunopress.it\\\/fr\\\/author\\\/redazione\\\/\"}]}<\/script>\n<!-- \/ Yoast SEO plugin. -->","yoast_head_json":{"title":"Cercasi laureato in scienze politiche, economia o giurisprudenza per incarico di 5 mesi - Bellunopress - Dolomiti","robots":{"index":"index","follow":"follow","max-snippet":"max-snippet:-1","max-image-preview":"max-image-preview:large","max-video-preview":"max-video-preview:-1"},"canonical":"https:\/\/www.bellunopress.it\/fr\/2022\/10\/11\/cercasi-laureato-in-scienze-politiche-economia-o-giurisprudenza-per-incarico-di-5-mesi\/","og_locale":"fr_FR","og_type":"article","og_title":"Cercasi laureato in scienze politiche, economia o giurisprudenza per incarico di 5 mesi - Bellunopress - Dolomiti","og_description":"Avviso pubblico di procedura comparativa per un incarico di coordinatore delle misure di contrasto alla povert\u00e0 Istanza entro le ore 10 del 27 ottobre 2022. Il Comune di Belluno, in qualit\u00e0 di capofila dell&#8217;Ambito Territoriale Sociale VEN_01, per la gestione associata dei servizi sociali di cui al piano nazionale e regionale di contrasto alla povert\u00e0 [&hellip;]","og_url":"https:\/\/www.bellunopress.it\/fr\/2022\/10\/11\/cercasi-laureato-in-scienze-politiche-economia-o-giurisprudenza-per-incarico-di-5-mesi\/","og_site_name":"Bellunopress - Dolomiti","article_publisher":"https:\/\/www.facebook.com\/profile.php?id=100008943462799","article_published_time":"2022-10-11T17:25:01+00:00","article_modified_time":"2022-10-11T18:04:15+00:00","og_image":[{"width":900,"height":688,"url":"https:\/\/www.bellunopress.it\/wp-content\/uploads\/2020\/03\/palazzo-rosso-notte.jpg","type":"image\/jpeg"}],"author":"redazione","twitter_card":"summary_large_image","twitter_creator":"@bellunopress","twitter_site":"@bellunopress","twitter_misc":{"\u00c9crit par":"redazione","Dur\u00e9e de lecture estim\u00e9e":"2 minutes"},"schema":{"@context":"https:\/\/schema.org","@graph":[{"@type":"Article","@id":"https:\/\/www.bellunopress.it\/2022\/10\/11\/cercasi-laureato-in-scienze-politiche-economia-o-giurisprudenza-per-incarico-di-5-mesi\/#article","isPartOf":{"@id":"https:\/\/www.bellunopress.it\/2022\/10\/11\/cercasi-laureato-in-scienze-politiche-economia-o-giurisprudenza-per-incarico-di-5-mesi\/"},"author":{"name":"redazione","@id":"https:\/\/www.bellunopress.it\/#\/schema\/person\/79bb06722b37ece1c03d3e94beb30d73"},"headline":"Cercasi laureato in scienze politiche, economia o giurisprudenza per incarico di 5 mesi","datePublished":"2022-10-11T17:25:01+00:00","dateModified":"2022-10-11T18:04:15+00:00","mainEntityOfPage":{"@id":"https:\/\/www.bellunopress.it\/2022\/10\/11\/cercasi-laureato-in-scienze-politiche-economia-o-giurisprudenza-per-incarico-di-5-mesi\/"},"wordCount":333,"publisher":{"@id":"https:\/\/www.bellunopress.it\/#organization"},"image":{"@id":"https:\/\/www.bellunopress.it\/2022\/10\/11\/cercasi-laureato-in-scienze-politiche-economia-o-giurisprudenza-per-incarico-di-5-mesi\/#primaryimage"},"thumbnailUrl":"https:\/\/www.bellunopress.it\/wp-content\/uploads\/2020\/03\/palazzo-rosso-notte.jpg","articleSection":["Lavoro, Economia, Turismo"],"inLanguage":"fr-FR"},{"@type":"WebPage","@id":"https:\/\/www.bellunopress.it\/2022\/10\/11\/cercasi-laureato-in-scienze-politiche-economia-o-giurisprudenza-per-incarico-di-5-mesi\/","url":"https:\/\/www.bellunopress.it\/2022\/10\/11\/cercasi-laureato-in-scienze-politiche-economia-o-giurisprudenza-per-incarico-di-5-mesi\/","name":"Cercasi laureato in scienze politiche, economia o giurisprudenza per incarico di 5 mesi - Bellunopress - Dolomiti","isPartOf":{"@id":"https:\/\/www.bellunopress.it\/#website"},"primaryImageOfPage":{"@id":"https:\/\/www.bellunopress.it\/2022\/10\/11\/cercasi-laureato-in-scienze-politiche-economia-o-giurisprudenza-per-incarico-di-5-mesi\/#primaryimage"},"image":{"@id":"https:\/\/www.bellunopress.it\/2022\/10\/11\/cercasi-laureato-in-scienze-politiche-economia-o-giurisprudenza-per-incarico-di-5-mesi\/#primaryimage"},"thumbnailUrl":"https:\/\/www.bellunopress.it\/wp-content\/uploads\/2020\/03\/palazzo-rosso-notte.jpg","datePublished":"2022-10-11T17:25:01+00:00","dateModified":"2022-10-11T18:04:15+00:00","breadcrumb":{"@id":"https:\/\/www.bellunopress.it\/2022\/10\/11\/cercasi-laureato-in-scienze-politiche-economia-o-giurisprudenza-per-incarico-di-5-mesi\/#breadcrumb"},"inLanguage":"fr-FR","potentialAction":[{"@type":"ReadAction","target":["https:\/\/www.bellunopress.it\/2022\/10\/11\/cercasi-laureato-in-scienze-politiche-economia-o-giurisprudenza-per-incarico-di-5-mesi\/"]}]},{"@type":"ImageObject","inLanguage":"fr-FR","@id":"https:\/\/www.bellunopress.it\/2022\/10\/11\/cercasi-laureato-in-scienze-politiche-economia-o-giurisprudenza-per-incarico-di-5-mesi\/#primaryimage","url":"https:\/\/www.bellunopress.it\/wp-content\/uploads\/2020\/03\/palazzo-rosso-notte.jpg","contentUrl":"https:\/\/www.bellunopress.it\/wp-content\/uploads\/2020\/03\/palazzo-rosso-notte.jpg","width":900,"height":688,"caption":"Palazzo Rosso, sede dell'Amministrazione comunale di Belluno"},{"@type":"BreadcrumbList","@id":"https:\/\/www.bellunopress.it\/2022\/10\/11\/cercasi-laureato-in-scienze-politiche-economia-o-giurisprudenza-per-incarico-di-5-mesi\/#breadcrumb","itemListElement":[{"@type":"ListItem","position":1,"name":"Home","item":"https:\/\/www.bellunopress.it\/"},{"@type":"ListItem","position":2,"name":"Cercasi laureato in scienze politiche, economia o giurisprudenza per incarico di 5 mesi"}]},{"@type":"WebSite","@id":"https:\/\/www.bellunopress.it\/#website","url":"https:\/\/www.bellunopress.it\/","name":"Bellunopress - Dolomiti","description":"e-mail: redazione@bellunopress.it","publisher":{"@id":"https:\/\/www.bellunopress.it\/#organization"},"potentialAction":[{"@type":"SearchAction","target":{"@type":"EntryPoint","urlTemplate":"https:\/\/www.bellunopress.it\/?s={search_term_string}"},"query-input":{"@type":"PropertyValueSpecification","valueRequired":true,"valueName":"search_term_string"}}],"inLanguage":"fr-FR"},{"@type":"Organization","@id":"https:\/\/www.bellunopress.it\/#organization","name":"Bellunopress","url":"https:\/\/www.bellunopress.it\/","logo":{"@type":"ImageObject","inLanguage":"fr-FR","@id":"https:\/\/www.bellunopress.it\/#\/schema\/logo\/image\/","url":"https:\/\/www.bellunopress.it\/wp-content\/uploads\/2011\/05\/cropped-logo-bellunopress-.jpg","contentUrl":"https:\/\/www.bellunopress.it\/wp-content\/uploads\/2011\/05\/cropped-logo-bellunopress-.jpg","width":512,"height":512,"caption":"Bellunopress"},"image":{"@id":"https:\/\/www.bellunopress.it\/#\/schema\/logo\/image\/"},"sameAs":["https:\/\/www.facebook.com\/profile.php?id=100008943462799","https:\/\/x.com\/bellunopress","https:\/\/www.linkedin.com\/hp\/?dnr=JBzUWaJfMUw8vbXJJ2tVW5-I3jZKvC4wsoxE&amp;amp;amp;amp;amp;amp;trk=nav_responsive_tab_home","https:\/\/www.youtube.com\/channel\/UCxL0wu1uN0_3_7hGG0306cw"]},{"@type":"Person","@id":"https:\/\/www.bellunopress.it\/#\/schema\/person\/79bb06722b37ece1c03d3e94beb30d73","name":"r\u00e9daction","image":{"@type":"ImageObject","inLanguage":"fr-FR","@id":"https:\/\/secure.gravatar.com\/avatar\/37d968a2e67a6fd04c169c4bdef102d0bc5d31b2546345219e348575eb80e9a0?s=96&d=mm&r=g","url":"https:\/\/secure.gravatar.com\/avatar\/37d968a2e67a6fd04c169c4bdef102d0bc5d31b2546345219e348575eb80e9a0?s=96&d=mm&r=g","contentUrl":"https:\/\/secure.gravatar.com\/avatar\/37d968a2e67a6fd04c169c4bdef102d0bc5d31b2546345219e348575eb80e9a0?s=96&d=mm&r=g","caption":"redazione"},"sameAs":["http:\/\/www.bellunopress.it","https:\/\/x.com\/bellunopress"],"url":"https:\/\/www.bellunopress.it\/fr\/author\/redazione\/"}]}},"_links":{"self":[{"href":"https:\/\/www.bellunopress.it\/fr\/wp-json\/wp\/v2\/posts\/136930","targetHints":{"allow":["GET"]}}],"collection":[{"href":"https:\/\/www.bellunopress.it\/fr\/wp-json\/wp\/v2\/posts"}],"about":[{"href":"https:\/\/www.bellunopress.it\/fr\/wp-json\/wp\/v2\/types\/post"}],"author":[{"embeddable":true,"href":"https:\/\/www.bellunopress.it\/fr\/wp-json\/wp\/v2\/users\/2"}],"replies":[{"embeddable":true,"href":"https:\/\/www.bellunopress.it\/fr\/wp-json\/wp\/v2\/comments?post=136930"}],"version-history":[{"count":2,"href":"https:\/\/www.bellunopress.it\/fr\/wp-json\/wp\/v2\/posts\/136930\/revisions"}],"predecessor-version":[{"id":136932,"href":"https:\/\/www.bellunopress.it\/fr\/wp-json\/wp\/v2\/posts\/136930\/revisions\/136932"}],"wp:featuredmedia":[{"embeddable":true,"href":"https:\/\/www.bellunopress.it\/fr\/wp-json\/wp\/v2\/media\/112706"}],"wp:attachment":[{"href":"https:\/\/www.bellunopress.it\/fr\/wp-json\/wp\/v2\/media?parent=136930"}],"wp:term":[{"taxonomy":"category","embeddable":true,"href":"https:\/\/www.bellunopress.it\/fr\/wp-json\/wp\/v2\/categories?post=136930"},{"taxonomy":"post_tag","embeddable":true,"href":"https:\/\/www.bellunopress.it\/fr\/wp-json\/wp\/v2\/tags?post=136930"}],"curies":[{"name":"wp","href":"https:\/\/api.w.org\/{rel}","templated":true}]}}