{"id":136927,"date":"2022-10-11T19:28:17","date_gmt":"2022-10-11T17:28:17","guid":{"rendered":"https:\/\/www.bellunopress.it\/?p=136927"},"modified":"2022-10-11T19:28:17","modified_gmt":"2022-10-11T17:28:17","slug":"assegnato-il-premio-san-martino-2022-a-mauro-de-bettio-e-mirko-bez-la-cerimonia-l11-novembre","status":"publish","type":"post","link":"https:\/\/www.bellunopress.it\/fr\/2022\/10\/11\/assegnato-il-premio-san-martino-2022-a-mauro-de-bettio-e-mirko-bez-la-cerimonia-l11-novembre\/","title":{"rendered":"Assegnato il Premio San Martino 2022 a Mauro De Bettio e Mirko Bez. La cerimonia l&#8217;11 novembre"},"content":{"rendered":"<p><img loading=\"lazy\" decoding=\"async\" class=\"alignleft size-full wp-image-135582\" src=\"https:\/\/www.bellunopress.it\/wp-content\/uploads\/2022\/08\/Premio-San-Martino-Belluno_edited.jpg\" alt=\"\" width=\"295\" height=\"300\" \/>Saranno due le persone che riceveranno quest\u2019anno il Premio \u201cSan Martino\u201d. Sulla base delle candidature pervenute, infatti, la conferenza dei capigruppo si \u00e8 espressa a favore delle segnalazioni di Mauro De Bettio, per la categoria dei maggiorenni, e di Mirko Bez, giovane minorenne.<\/p>\n<p>Mauro De Bettio, nato a Belluno nel 1975, affermato fotografo mondiale freelance,<br \/>\nvincitore di numerosi premi internazionali, cerca di raccontare con le sue fotografie<br \/>\nl&#8217;essenza di una persona ritratta nel suo ambiente. Per lui la fotografia rappresenta<br \/>\nun modo di comunicare i sentimenti e l&#8217;intimit\u00e0 di ci\u00f2 che vede, dedicando la propria<br \/>\nvita allo sviluppo di progetti sociali e alla continua sensibilizzazione sui diritti umani.<br \/>\nDal 2021 ha creato una fondazione a Nairobi per aiutare gli orfani della citt\u00e0 che<br \/>\nvivono sulla strada fornendo loro un pasto quotidiano.<\/p>\n<p>Mirko Bez, nato nel 2004, residente a Belluno, frequenta lo Ski College di Falcade<br \/>\nper la preparazione a gare inserite nel circuito mondiale di sci, nel livello giovanile.<br \/>\nHa salvato uno sciatore sommerso da una valanga scavando con le mani, insieme ad<br \/>\naltri due suoi amici. Si trattava di un turista americano che sarebbe diventato pap\u00e0<br \/>\ndopo alcune settimane. Mirko non ha esitato un attimo e, con la semplicit\u00e0 di un<br \/>\nragazzo, con la sua prontezza di spirito, ha salvato una persona dalla morte.<\/p>\n<p>&#8220;La conferenza dei capigruppo&#8221; &#8211; commenta il presidente del Consiglio comunale,<br \/>\nLuciano Bassi &#8211; ha assegnato il Premio San Martino 2022 a due cittadini che hanno<br \/>\ndimostrato, nel loro vivere quotidiano, spirito di servizio verso il prossimo, generosit\u00e0<br \/>\ne altruismo diventando esempio e stimolo per chi li conosce.<br \/>\nL\u2019uno, De Bettio, ha fatto della sua professione motivo di aiuto concreto verso gli<br \/>\nultimi, elevando la sua arte fotografica e la sua passione per l\u2019immagine all\u2019obiettivo,<br \/>\nalto e concreto, di supportare comunit\u00e0 in difficolt\u00e0 e ai margini.<br \/>\nAllo stesso modo abbiamo ritenuto meritevole il gesto eroico del giovane Bez che,<br \/>\ndavanti ad una slavina, non ci ha pensato su due volte a intervenire in soccorso dello<br \/>\nsciatore travolto, mettendo a repentaglio la sua stessa vita.<br \/>\nE\u2019 motivo di soddisfazione l\u2019assegnazione, quest\u2019anno per la prima volta, del doppio<br \/>\nPremio, senior e junior, a dimostrazione di quante figure meritevoli e capaci di dare<br \/>\nlustro nel mondo alla nostra citt\u00e0 ci siano\u201d.<\/p>\n<p>La cerimonia di assegnazione del Premio si svolger\u00e0 venerd\u00ec 11 novembre al Teatro<br \/>\ncomunale, nell\u2019ambito della ricorrenza del patrono San Martino.<\/p>","protected":false},"excerpt":{"rendered":"<p>Saranno due le persone che riceveranno quest\u2019anno il Premio \u201cSan Martino\u201d. Sulla base delle candidature pervenute, infatti, la conferenza dei capigruppo si \u00e8 espressa a favore delle segnalazioni di Mauro De Bettio, per la categoria dei maggiorenni, e di Mirko Bez, giovane minorenne. Mauro De Bettio, nato a Belluno nel 1975, affermato fotografo mondiale freelance, [&hellip;]<\/p>\n","protected":false},"author":2,"featured_media":135582,"comment_status":"closed","ping_status":"open","sticky":false,"template":"","format":"standard","meta":{"footnotes":""},"categories":[3,26],"tags":[],"class_list":["post-136927","post","type-post","status-publish","format-standard","has-post-thumbnail","category-arte-cultura-spettacoli-scienza-archivi","category-prima-pagina"],"yoast_head":"<!-- This site is optimized with the Yoast SEO plugin v28.4 - https:\/\/yoast.com\/product\/yoast-seo-wordpress\/ -->\n<title>Assegnato il Premio San Martino 2022 a Mauro De Bettio e Mirko Bez. La cerimonia l&#039;11 novembre - Bellunopress - Dolomiti<\/title>\n<meta name=\"robots\" content=\"index, follow, max-snippet:-1, max-image-preview:large, max-video-preview:-1\" \/>\n<link rel=\"canonical\" href=\"https:\/\/www.bellunopress.it\/fr\/2022\/10\/11\/assegnato-il-premio-san-martino-2022-a-mauro-de-bettio-e-mirko-bez-la-cerimonia-l11-novembre\/\" \/>\n<meta property=\"og:locale\" content=\"fr_FR\" \/>\n<meta property=\"og:type\" content=\"article\" \/>\n<meta property=\"og:title\" content=\"Assegnato il Premio San Martino 2022 a Mauro De Bettio e Mirko Bez. La cerimonia l&#039;11 novembre - Bellunopress - Dolomiti\" \/>\n<meta property=\"og:description\" content=\"Saranno due le persone che riceveranno quest\u2019anno il Premio \u201cSan Martino\u201d. Sulla base delle candidature pervenute, infatti, la conferenza dei capigruppo si \u00e8 espressa a favore delle segnalazioni di Mauro De Bettio, per la categoria dei maggiorenni, e di Mirko Bez, giovane minorenne. Mauro De Bettio, nato a Belluno nel 1975, affermato fotografo mondiale freelance, [&hellip;]\" \/>\n<meta property=\"og:url\" content=\"https:\/\/www.bellunopress.it\/fr\/2022\/10\/11\/assegnato-il-premio-san-martino-2022-a-mauro-de-bettio-e-mirko-bez-la-cerimonia-l11-novembre\/\" \/>\n<meta property=\"og:site_name\" content=\"Bellunopress - Dolomiti\" \/>\n<meta property=\"article:publisher\" content=\"https:\/\/www.facebook.com\/profile.php?id=100008943462799\" \/>\n<meta property=\"article:published_time\" content=\"2022-10-11T17:28:17+00:00\" \/>\n<meta property=\"og:image\" content=\"https:\/\/www.bellunopress.it\/wp-content\/uploads\/2022\/08\/Premio-San-Martino-Belluno_edited.jpg\" \/>\n\t<meta property=\"og:image:width\" content=\"295\" \/>\n\t<meta property=\"og:image:height\" content=\"300\" \/>\n\t<meta property=\"og:image:type\" content=\"image\/jpeg\" \/>\n<meta name=\"author\" content=\"redazione\" \/>\n<meta name=\"twitter:card\" content=\"summary_large_image\" \/>\n<meta name=\"twitter:creator\" content=\"@bellunopress\" \/>\n<meta name=\"twitter:site\" content=\"@bellunopress\" \/>\n<meta name=\"twitter:label1\" content=\"\u00c9crit par\" \/>\n\t<meta name=\"twitter:data1\" content=\"redazione\" \/>\n\t<meta name=\"twitter:label2\" content=\"Dur\u00e9e de lecture estim\u00e9e\" \/>\n\t<meta name=\"twitter:data2\" content=\"3 minutes\" \/>\n<script type=\"application\/ld+json\" class=\"yoast-schema-graph\">{\"@context\":\"https:\\\/\\\/schema.org\",\"@graph\":[{\"@type\":\"Article\",\"@id\":\"https:\\\/\\\/www.bellunopress.it\\\/2022\\\/10\\\/11\\\/assegnato-il-premio-san-martino-2022-a-mauro-de-bettio-e-mirko-bez-la-cerimonia-l11-novembre\\\/#article\",\"isPartOf\":{\"@id\":\"https:\\\/\\\/www.bellunopress.it\\\/2022\\\/10\\\/11\\\/assegnato-il-premio-san-martino-2022-a-mauro-de-bettio-e-mirko-bez-la-cerimonia-l11-novembre\\\/\"},\"author\":{\"name\":\"redazione\",\"@id\":\"https:\\\/\\\/www.bellunopress.it\\\/#\\\/schema\\\/person\\\/79bb06722b37ece1c03d3e94beb30d73\"},\"headline\":\"Assegnato il Premio San Martino 2022 a Mauro De Bettio e Mirko Bez. La cerimonia l&#8217;11 novembre\",\"datePublished\":\"2022-10-11T17:28:17+00:00\",\"mainEntityOfPage\":{\"@id\":\"https:\\\/\\\/www.bellunopress.it\\\/2022\\\/10\\\/11\\\/assegnato-il-premio-san-martino-2022-a-mauro-de-bettio-e-mirko-bez-la-cerimonia-l11-novembre\\\/\"},\"wordCount\":413,\"publisher\":{\"@id\":\"https:\\\/\\\/www.bellunopress.it\\\/#organization\"},\"image\":{\"@id\":\"https:\\\/\\\/www.bellunopress.it\\\/2022\\\/10\\\/11\\\/assegnato-il-premio-san-martino-2022-a-mauro-de-bettio-e-mirko-bez-la-cerimonia-l11-novembre\\\/#primaryimage\"},\"thumbnailUrl\":\"https:\\\/\\\/www.bellunopress.it\\\/wp-content\\\/uploads\\\/2022\\\/08\\\/Premio-San-Martino-Belluno_edited.jpg\",\"articleSection\":[\"Arte, Cultura, Spettacoli, Scienza\",\"Prima Pagina\"],\"inLanguage\":\"fr-FR\"},{\"@type\":\"WebPage\",\"@id\":\"https:\\\/\\\/www.bellunopress.it\\\/2022\\\/10\\\/11\\\/assegnato-il-premio-san-martino-2022-a-mauro-de-bettio-e-mirko-bez-la-cerimonia-l11-novembre\\\/\",\"url\":\"https:\\\/\\\/www.bellunopress.it\\\/2022\\\/10\\\/11\\\/assegnato-il-premio-san-martino-2022-a-mauro-de-bettio-e-mirko-bez-la-cerimonia-l11-novembre\\\/\",\"name\":\"Assegnato il Premio San Martino 2022 a Mauro De Bettio e Mirko Bez. La cerimonia l'11 novembre - Bellunopress - Dolomiti\",\"isPartOf\":{\"@id\":\"https:\\\/\\\/www.bellunopress.it\\\/#website\"},\"primaryImageOfPage\":{\"@id\":\"https:\\\/\\\/www.bellunopress.it\\\/2022\\\/10\\\/11\\\/assegnato-il-premio-san-martino-2022-a-mauro-de-bettio-e-mirko-bez-la-cerimonia-l11-novembre\\\/#primaryimage\"},\"image\":{\"@id\":\"https:\\\/\\\/www.bellunopress.it\\\/2022\\\/10\\\/11\\\/assegnato-il-premio-san-martino-2022-a-mauro-de-bettio-e-mirko-bez-la-cerimonia-l11-novembre\\\/#primaryimage\"},\"thumbnailUrl\":\"https:\\\/\\\/www.bellunopress.it\\\/wp-content\\\/uploads\\\/2022\\\/08\\\/Premio-San-Martino-Belluno_edited.jpg\",\"datePublished\":\"2022-10-11T17:28:17+00:00\",\"breadcrumb\":{\"@id\":\"https:\\\/\\\/www.bellunopress.it\\\/2022\\\/10\\\/11\\\/assegnato-il-premio-san-martino-2022-a-mauro-de-bettio-e-mirko-bez-la-cerimonia-l11-novembre\\\/#breadcrumb\"},\"inLanguage\":\"fr-FR\",\"potentialAction\":[{\"@type\":\"ReadAction\",\"target\":[\"https:\\\/\\\/www.bellunopress.it\\\/2022\\\/10\\\/11\\\/assegnato-il-premio-san-martino-2022-a-mauro-de-bettio-e-mirko-bez-la-cerimonia-l11-novembre\\\/\"]}]},{\"@type\":\"ImageObject\",\"inLanguage\":\"fr-FR\",\"@id\":\"https:\\\/\\\/www.bellunopress.it\\\/2022\\\/10\\\/11\\\/assegnato-il-premio-san-martino-2022-a-mauro-de-bettio-e-mirko-bez-la-cerimonia-l11-novembre\\\/#primaryimage\",\"url\":\"https:\\\/\\\/www.bellunopress.it\\\/wp-content\\\/uploads\\\/2022\\\/08\\\/Premio-San-Martino-Belluno_edited.jpg\",\"contentUrl\":\"https:\\\/\\\/www.bellunopress.it\\\/wp-content\\\/uploads\\\/2022\\\/08\\\/Premio-San-Martino-Belluno_edited.jpg\",\"width\":295,\"height\":300},{\"@type\":\"BreadcrumbList\",\"@id\":\"https:\\\/\\\/www.bellunopress.it\\\/2022\\\/10\\\/11\\\/assegnato-il-premio-san-martino-2022-a-mauro-de-bettio-e-mirko-bez-la-cerimonia-l11-novembre\\\/#breadcrumb\",\"itemListElement\":[{\"@type\":\"ListItem\",\"position\":1,\"name\":\"Home\",\"item\":\"https:\\\/\\\/www.bellunopress.it\\\/\"},{\"@type\":\"ListItem\",\"position\":2,\"name\":\"Assegnato il Premio San Martino 2022 a Mauro De Bettio e Mirko Bez. La cerimonia l&#8217;11 novembre\"}]},{\"@type\":\"WebSite\",\"@id\":\"https:\\\/\\\/www.bellunopress.it\\\/#website\",\"url\":\"https:\\\/\\\/www.bellunopress.it\\\/\",\"name\":\"Bellunopress - Dolomiti\",\"description\":\"e-mail: redazione@bellunopress.it\",\"publisher\":{\"@id\":\"https:\\\/\\\/www.bellunopress.it\\\/#organization\"},\"potentialAction\":[{\"@type\":\"SearchAction\",\"target\":{\"@type\":\"EntryPoint\",\"urlTemplate\":\"https:\\\/\\\/www.bellunopress.it\\\/?s={search_term_string}\"},\"query-input\":{\"@type\":\"PropertyValueSpecification\",\"valueRequired\":true,\"valueName\":\"search_term_string\"}}],\"inLanguage\":\"fr-FR\"},{\"@type\":\"Organization\",\"@id\":\"https:\\\/\\\/www.bellunopress.it\\\/#organization\",\"name\":\"Bellunopress\",\"url\":\"https:\\\/\\\/www.bellunopress.it\\\/\",\"logo\":{\"@type\":\"ImageObject\",\"inLanguage\":\"fr-FR\",\"@id\":\"https:\\\/\\\/www.bellunopress.it\\\/#\\\/schema\\\/logo\\\/image\\\/\",\"url\":\"https:\\\/\\\/www.bellunopress.it\\\/wp-content\\\/uploads\\\/2011\\\/05\\\/cropped-logo-bellunopress-.jpg\",\"contentUrl\":\"https:\\\/\\\/www.bellunopress.it\\\/wp-content\\\/uploads\\\/2011\\\/05\\\/cropped-logo-bellunopress-.jpg\",\"width\":512,\"height\":512,\"caption\":\"Bellunopress\"},\"image\":{\"@id\":\"https:\\\/\\\/www.bellunopress.it\\\/#\\\/schema\\\/logo\\\/image\\\/\"},\"sameAs\":[\"https:\\\/\\\/www.facebook.com\\\/profile.php?id=100008943462799\",\"https:\\\/\\\/x.com\\\/bellunopress\",\"https:\\\/\\\/www.linkedin.com\\\/hp\\\/?dnr=JBzUWaJfMUw8vbXJJ2tVW5-I3jZKvC4wsoxE&amp;amp;amp;amp;amp;amp;trk=nav_responsive_tab_home\",\"https:\\\/\\\/www.youtube.com\\\/channel\\\/UCxL0wu1uN0_3_7hGG0306cw\"]},{\"@type\":\"Person\",\"@id\":\"https:\\\/\\\/www.bellunopress.it\\\/#\\\/schema\\\/person\\\/79bb06722b37ece1c03d3e94beb30d73\",\"name\":\"redazione\",\"image\":{\"@type\":\"ImageObject\",\"inLanguage\":\"fr-FR\",\"@id\":\"https:\\\/\\\/secure.gravatar.com\\\/avatar\\\/37d968a2e67a6fd04c169c4bdef102d0bc5d31b2546345219e348575eb80e9a0?s=96&d=mm&r=g\",\"url\":\"https:\\\/\\\/secure.gravatar.com\\\/avatar\\\/37d968a2e67a6fd04c169c4bdef102d0bc5d31b2546345219e348575eb80e9a0?s=96&d=mm&r=g\",\"contentUrl\":\"https:\\\/\\\/secure.gravatar.com\\\/avatar\\\/37d968a2e67a6fd04c169c4bdef102d0bc5d31b2546345219e348575eb80e9a0?s=96&d=mm&r=g\",\"caption\":\"redazione\"},\"sameAs\":[\"http:\\\/\\\/www.bellunopress.it\",\"https:\\\/\\\/x.com\\\/bellunopress\"],\"url\":\"https:\\\/\\\/www.bellunopress.it\\\/fr\\\/author\\\/redazione\\\/\"}]}<\/script>\n<!-- \/ Yoast SEO plugin. -->","yoast_head_json":{"title":"Assegnato il Premio San Martino 2022 a Mauro De Bettio e Mirko Bez. La cerimonia l'11 novembre - Bellunopress - Dolomiti","robots":{"index":"index","follow":"follow","max-snippet":"max-snippet:-1","max-image-preview":"max-image-preview:large","max-video-preview":"max-video-preview:-1"},"canonical":"https:\/\/www.bellunopress.it\/fr\/2022\/10\/11\/assegnato-il-premio-san-martino-2022-a-mauro-de-bettio-e-mirko-bez-la-cerimonia-l11-novembre\/","og_locale":"fr_FR","og_type":"article","og_title":"Assegnato il Premio San Martino 2022 a Mauro De Bettio e Mirko Bez. La cerimonia l'11 novembre - Bellunopress - Dolomiti","og_description":"Saranno due le persone che riceveranno quest\u2019anno il Premio \u201cSan Martino\u201d. Sulla base delle candidature pervenute, infatti, la conferenza dei capigruppo si \u00e8 espressa a favore delle segnalazioni di Mauro De Bettio, per la categoria dei maggiorenni, e di Mirko Bez, giovane minorenne. Mauro De Bettio, nato a Belluno nel 1975, affermato fotografo mondiale freelance, [&hellip;]","og_url":"https:\/\/www.bellunopress.it\/fr\/2022\/10\/11\/assegnato-il-premio-san-martino-2022-a-mauro-de-bettio-e-mirko-bez-la-cerimonia-l11-novembre\/","og_site_name":"Bellunopress - Dolomiti","article_publisher":"https:\/\/www.facebook.com\/profile.php?id=100008943462799","article_published_time":"2022-10-11T17:28:17+00:00","og_image":[{"width":295,"height":300,"url":"https:\/\/www.bellunopress.it\/wp-content\/uploads\/2022\/08\/Premio-San-Martino-Belluno_edited.jpg","type":"image\/jpeg"}],"author":"redazione","twitter_card":"summary_large_image","twitter_creator":"@bellunopress","twitter_site":"@bellunopress","twitter_misc":{"\u00c9crit par":"redazione","Dur\u00e9e de lecture estim\u00e9e":"3 minutes"},"schema":{"@context":"https:\/\/schema.org","@graph":[{"@type":"Article","@id":"https:\/\/www.bellunopress.it\/2022\/10\/11\/assegnato-il-premio-san-martino-2022-a-mauro-de-bettio-e-mirko-bez-la-cerimonia-l11-novembre\/#article","isPartOf":{"@id":"https:\/\/www.bellunopress.it\/2022\/10\/11\/assegnato-il-premio-san-martino-2022-a-mauro-de-bettio-e-mirko-bez-la-cerimonia-l11-novembre\/"},"author":{"name":"redazione","@id":"https:\/\/www.bellunopress.it\/#\/schema\/person\/79bb06722b37ece1c03d3e94beb30d73"},"headline":"Assegnato il Premio San Martino 2022 a Mauro De Bettio e Mirko Bez. La cerimonia l&#8217;11 novembre","datePublished":"2022-10-11T17:28:17+00:00","mainEntityOfPage":{"@id":"https:\/\/www.bellunopress.it\/2022\/10\/11\/assegnato-il-premio-san-martino-2022-a-mauro-de-bettio-e-mirko-bez-la-cerimonia-l11-novembre\/"},"wordCount":413,"publisher":{"@id":"https:\/\/www.bellunopress.it\/#organization"},"image":{"@id":"https:\/\/www.bellunopress.it\/2022\/10\/11\/assegnato-il-premio-san-martino-2022-a-mauro-de-bettio-e-mirko-bez-la-cerimonia-l11-novembre\/#primaryimage"},"thumbnailUrl":"https:\/\/www.bellunopress.it\/wp-content\/uploads\/2022\/08\/Premio-San-Martino-Belluno_edited.jpg","articleSection":["Arte, Cultura, Spettacoli, Scienza","Prima Pagina"],"inLanguage":"fr-FR"},{"@type":"WebPage","@id":"https:\/\/www.bellunopress.it\/2022\/10\/11\/assegnato-il-premio-san-martino-2022-a-mauro-de-bettio-e-mirko-bez-la-cerimonia-l11-novembre\/","url":"https:\/\/www.bellunopress.it\/2022\/10\/11\/assegnato-il-premio-san-martino-2022-a-mauro-de-bettio-e-mirko-bez-la-cerimonia-l11-novembre\/","name":"Assegnato il Premio San Martino 2022 a Mauro De Bettio e Mirko Bez. La cerimonia l'11 novembre - Bellunopress - Dolomiti","isPartOf":{"@id":"https:\/\/www.bellunopress.it\/#website"},"primaryImageOfPage":{"@id":"https:\/\/www.bellunopress.it\/2022\/10\/11\/assegnato-il-premio-san-martino-2022-a-mauro-de-bettio-e-mirko-bez-la-cerimonia-l11-novembre\/#primaryimage"},"image":{"@id":"https:\/\/www.bellunopress.it\/2022\/10\/11\/assegnato-il-premio-san-martino-2022-a-mauro-de-bettio-e-mirko-bez-la-cerimonia-l11-novembre\/#primaryimage"},"thumbnailUrl":"https:\/\/www.bellunopress.it\/wp-content\/uploads\/2022\/08\/Premio-San-Martino-Belluno_edited.jpg","datePublished":"2022-10-11T17:28:17+00:00","breadcrumb":{"@id":"https:\/\/www.bellunopress.it\/2022\/10\/11\/assegnato-il-premio-san-martino-2022-a-mauro-de-bettio-e-mirko-bez-la-cerimonia-l11-novembre\/#breadcrumb"},"inLanguage":"fr-FR","potentialAction":[{"@type":"ReadAction","target":["https:\/\/www.bellunopress.it\/2022\/10\/11\/assegnato-il-premio-san-martino-2022-a-mauro-de-bettio-e-mirko-bez-la-cerimonia-l11-novembre\/"]}]},{"@type":"ImageObject","inLanguage":"fr-FR","@id":"https:\/\/www.bellunopress.it\/2022\/10\/11\/assegnato-il-premio-san-martino-2022-a-mauro-de-bettio-e-mirko-bez-la-cerimonia-l11-novembre\/#primaryimage","url":"https:\/\/www.bellunopress.it\/wp-content\/uploads\/2022\/08\/Premio-San-Martino-Belluno_edited.jpg","contentUrl":"https:\/\/www.bellunopress.it\/wp-content\/uploads\/2022\/08\/Premio-San-Martino-Belluno_edited.jpg","width":295,"height":300},{"@type":"BreadcrumbList","@id":"https:\/\/www.bellunopress.it\/2022\/10\/11\/assegnato-il-premio-san-martino-2022-a-mauro-de-bettio-e-mirko-bez-la-cerimonia-l11-novembre\/#breadcrumb","itemListElement":[{"@type":"ListItem","position":1,"name":"Home","item":"https:\/\/www.bellunopress.it\/"},{"@type":"ListItem","position":2,"name":"Assegnato il Premio San Martino 2022 a Mauro De Bettio e Mirko Bez. La cerimonia l&#8217;11 novembre"}]},{"@type":"WebSite","@id":"https:\/\/www.bellunopress.it\/#website","url":"https:\/\/www.bellunopress.it\/","name":"Bellunopress - Dolomiti","description":"e-mail: redazione@bellunopress.it","publisher":{"@id":"https:\/\/www.bellunopress.it\/#organization"},"potentialAction":[{"@type":"SearchAction","target":{"@type":"EntryPoint","urlTemplate":"https:\/\/www.bellunopress.it\/?s={search_term_string}"},"query-input":{"@type":"PropertyValueSpecification","valueRequired":true,"valueName":"search_term_string"}}],"inLanguage":"fr-FR"},{"@type":"Organization","@id":"https:\/\/www.bellunopress.it\/#organization","name":"Bellunopress","url":"https:\/\/www.bellunopress.it\/","logo":{"@type":"ImageObject","inLanguage":"fr-FR","@id":"https:\/\/www.bellunopress.it\/#\/schema\/logo\/image\/","url":"https:\/\/www.bellunopress.it\/wp-content\/uploads\/2011\/05\/cropped-logo-bellunopress-.jpg","contentUrl":"https:\/\/www.bellunopress.it\/wp-content\/uploads\/2011\/05\/cropped-logo-bellunopress-.jpg","width":512,"height":512,"caption":"Bellunopress"},"image":{"@id":"https:\/\/www.bellunopress.it\/#\/schema\/logo\/image\/"},"sameAs":["https:\/\/www.facebook.com\/profile.php?id=100008943462799","https:\/\/x.com\/bellunopress","https:\/\/www.linkedin.com\/hp\/?dnr=JBzUWaJfMUw8vbXJJ2tVW5-I3jZKvC4wsoxE&amp;amp;amp;amp;amp;amp;trk=nav_responsive_tab_home","https:\/\/www.youtube.com\/channel\/UCxL0wu1uN0_3_7hGG0306cw"]},{"@type":"Person","@id":"https:\/\/www.bellunopress.it\/#\/schema\/person\/79bb06722b37ece1c03d3e94beb30d73","name":"r\u00e9daction","image":{"@type":"ImageObject","inLanguage":"fr-FR","@id":"https:\/\/secure.gravatar.com\/avatar\/37d968a2e67a6fd04c169c4bdef102d0bc5d31b2546345219e348575eb80e9a0?s=96&d=mm&r=g","url":"https:\/\/secure.gravatar.com\/avatar\/37d968a2e67a6fd04c169c4bdef102d0bc5d31b2546345219e348575eb80e9a0?s=96&d=mm&r=g","contentUrl":"https:\/\/secure.gravatar.com\/avatar\/37d968a2e67a6fd04c169c4bdef102d0bc5d31b2546345219e348575eb80e9a0?s=96&d=mm&r=g","caption":"redazione"},"sameAs":["http:\/\/www.bellunopress.it","https:\/\/x.com\/bellunopress"],"url":"https:\/\/www.bellunopress.it\/fr\/author\/redazione\/"}]}},"_links":{"self":[{"href":"https:\/\/www.bellunopress.it\/fr\/wp-json\/wp\/v2\/posts\/136927","targetHints":{"allow":["GET"]}}],"collection":[{"href":"https:\/\/www.bellunopress.it\/fr\/wp-json\/wp\/v2\/posts"}],"about":[{"href":"https:\/\/www.bellunopress.it\/fr\/wp-json\/wp\/v2\/types\/post"}],"author":[{"embeddable":true,"href":"https:\/\/www.bellunopress.it\/fr\/wp-json\/wp\/v2\/users\/2"}],"replies":[{"embeddable":true,"href":"https:\/\/www.bellunopress.it\/fr\/wp-json\/wp\/v2\/comments?post=136927"}],"version-history":[{"count":1,"href":"https:\/\/www.bellunopress.it\/fr\/wp-json\/wp\/v2\/posts\/136927\/revisions"}],"predecessor-version":[{"id":136928,"href":"https:\/\/www.bellunopress.it\/fr\/wp-json\/wp\/v2\/posts\/136927\/revisions\/136928"}],"wp:featuredmedia":[{"embeddable":true,"href":"https:\/\/www.bellunopress.it\/fr\/wp-json\/wp\/v2\/media\/135582"}],"wp:attachment":[{"href":"https:\/\/www.bellunopress.it\/fr\/wp-json\/wp\/v2\/media?parent=136927"}],"wp:term":[{"taxonomy":"category","embeddable":true,"href":"https:\/\/www.bellunopress.it\/fr\/wp-json\/wp\/v2\/categories?post=136927"},{"taxonomy":"post_tag","embeddable":true,"href":"https:\/\/www.bellunopress.it\/fr\/wp-json\/wp\/v2\/tags?post=136927"}],"curies":[{"name":"wp","href":"https:\/\/api.w.org\/{rel}","templated":true}]}}