{"id":136922,"date":"2022-10-11T19:14:42","date_gmt":"2022-10-11T17:14:42","guid":{"rendered":"https:\/\/www.bellunopress.it\/?p=136922"},"modified":"2022-10-11T19:14:42","modified_gmt":"2022-10-11T17:14:42","slug":"sportful-dolomiti-race-in-poche-ore-oltre-1-000-iscritti-per-il-2023","status":"publish","type":"post","link":"https:\/\/www.bellunopress.it\/fr\/2022\/10\/11\/sportful-dolomiti-race-in-poche-ore-oltre-1-000-iscritti-per-il-2023\/","title":{"rendered":"Sportful Dolomiti Race: in poche ore oltre 1.000 iscritti per il 2023"},"content":{"rendered":"<p><em><strong>Piol: &#8220;Non ci speravamo, ma i ciclisti premiano la nostra affidabilit\u00e0&#8221;<\/strong><\/em><\/p>\n<figure id=\"attachment_114105\" aria-describedby=\"caption-attachment-114105\" style=\"width: 422px\" class=\"wp-caption alignleft\"><img loading=\"lazy\" decoding=\"async\" class=\"size-full wp-image-114105\" src=\"https:\/\/www.bellunopress.it\/wp-content\/uploads\/2020\/04\/Sportful-Dolomiti-Race_edited.jpg\" alt=\"\" width=\"422\" height=\"426\" srcset=\"https:\/\/www.bellunopress.it\/wp-content\/uploads\/2020\/04\/Sportful-Dolomiti-Race_edited.jpg 422w, https:\/\/www.bellunopress.it\/wp-content\/uploads\/2020\/04\/Sportful-Dolomiti-Race_edited-416x420.jpg 416w\" sizes=\"auto, (max-width: 422px) 100vw, 422px\" \/><figcaption id=\"caption-attachment-114105\" class=\"wp-caption-text\">Arrivo Piazza Maggiore Sportful Dolomiti Race 2019<\/figcaption><\/figure>\n<p>Malgrado il periodo difficile i granfondisti hanno tanta voglia di pedalare lungo le salite delle Dolomiti Bellunesi. Lo dimostrano le 1005 iscrizioni alla 28. Sportful Dolomiti Race giunte alla segreteria del Pedale Feltrino luned\u00ec allo scattare delle 12.30 con l&#8217;apertura delle iscrizioni.<\/p>\n<p>In un&#8217;ora scarsa la Griglia del Lupo, formata dai primi 500 iscritti, era gi\u00e0 al completo. Ma le iscrizioni stanno continuando in queste ore (chiuderanno il 5 giugno 2023) e al momento di scrivere il comunicato il registratore segnava 1.005 iscritti.<\/p>\n<p>&#8220;Quest&#8217;apertura delle iscrizioni era per noi anche un test anche per capire com&#8217;era la tendenza in previsione del 2023 \u2013 confessa Ivan Piol, presidente del comitato organizzatore &#8211; eravamo un po&#8217; non dico preoccupati ma in attesa di capire come si sarebbero orientati i partecipanti. Siamo rimasti molto contenti e per certi versi sorpresi delle numerose adesioni. Per noi sono numeri importanti, in un&#8217;ora abbiamo esaurito i 500 pettorali della Griglia del Lupo. Credo che la mia previsione secondo cui si va verso una selezione degli eventi pi\u00f9 rappresentativi e che hanno un connubio qualit\u00e0 \/prezzo elevato \u00e8 corretta e conferma che la formula giusta su cui abbiamo puntato \u00e8 giusta, i granfondisti ci stanno premiando in questo momento e speriamo di avere numerose altre adesioni da qui alla fine di maggio&#8221;.<\/p>\n<p>La Sportful Dolomiti Race si correr\u00e0 domenica 18 giugno con partenza e arrivo a Feltre, due i percorsi a disposizione dei ciclisti: il Gran Fondo di 204km e quasi 5.000m di dislivello con Cima Campo, Passo Manghen, Passo Rolle e Passo Croce d&#8217;Aune da scalare; il Medio di 120km e quasi 3.000 m di dislivello con Cima Campo, Passo Brocon (dalla Val Malene), muro di Ronche-Rugna a Lamon e Passo Croce d&#8217;Aune da affrontare.<\/p>\n<p>Ed \u00e8 proprio per capire se mantenere il terribile muro di Ronche \u2013 Rugna che \u00e8 stato oggetto di un sondaggio nei profili social. Il comitato organizzatore ha chiesto ai ciclisti se mantenere gli 800m con punte al 22% di pendenza e gli spingitori del gruppo Draghi rugby ad aiutare chi \u00e8 pi\u00f9 in difficolt\u00e0 o optare per una variante pi\u00f9 leggera. Un dubbio risolto in 24h dal 64% dei ciclisti che al quesito &#8220;lo volete nel 2023?&#8221; ha risposto &#8220;Assolutamente si&#8221;, mentre il 36% ha risposto &#8220;No, ci tengo alle mie gambe!&#8221;<\/p>","protected":false},"excerpt":{"rendered":"<p>Piol: &#8220;Non ci speravamo, ma i ciclisti premiano la nostra affidabilit\u00e0&#8221; Malgrado il periodo difficile i granfondisti hanno tanta voglia di pedalare lungo le salite delle Dolomiti Bellunesi. Lo dimostrano le 1005 iscrizioni alla 28. Sportful Dolomiti Race giunte alla segreteria del Pedale Feltrino luned\u00ec allo scattare delle 12.30 con l&#8217;apertura delle iscrizioni. In un&#8217;ora [&hellip;]<\/p>\n","protected":false},"author":2,"featured_media":114105,"comment_status":"closed","ping_status":"open","sticky":false,"template":"","format":"standard","meta":{"footnotes":""},"categories":[4],"tags":[],"class_list":["post-136922","post","type-post","status-publish","format-standard","has-post-thumbnail","category-sport"],"yoast_head":"<!-- This site is optimized with the Yoast SEO plugin v28.4 - https:\/\/yoast.com\/product\/yoast-seo-wordpress\/ -->\n<title>Sportful Dolomiti Race: in poche ore oltre 1.000 iscritti per il 2023 - Bellunopress - Dolomiti<\/title>\n<meta name=\"robots\" content=\"index, follow, max-snippet:-1, max-image-preview:large, max-video-preview:-1\" \/>\n<link rel=\"canonical\" href=\"https:\/\/www.bellunopress.it\/fr\/2022\/10\/11\/sportful-dolomiti-race-in-poche-ore-oltre-1-000-iscritti-per-il-2023\/\" \/>\n<meta property=\"og:locale\" content=\"fr_FR\" \/>\n<meta property=\"og:type\" content=\"article\" \/>\n<meta property=\"og:title\" content=\"Sportful Dolomiti Race: in poche ore oltre 1.000 iscritti per il 2023 - Bellunopress - Dolomiti\" \/>\n<meta property=\"og:description\" content=\"Piol: &#8220;Non ci speravamo, ma i ciclisti premiano la nostra affidabilit\u00e0&#8221; Malgrado il periodo difficile i granfondisti hanno tanta voglia di pedalare lungo le salite delle Dolomiti Bellunesi. Lo dimostrano le 1005 iscrizioni alla 28. Sportful Dolomiti Race giunte alla segreteria del Pedale Feltrino luned\u00ec allo scattare delle 12.30 con l&#8217;apertura delle iscrizioni. In un&#8217;ora [&hellip;]\" \/>\n<meta property=\"og:url\" content=\"https:\/\/www.bellunopress.it\/fr\/2022\/10\/11\/sportful-dolomiti-race-in-poche-ore-oltre-1-000-iscritti-per-il-2023\/\" \/>\n<meta property=\"og:site_name\" content=\"Bellunopress - Dolomiti\" \/>\n<meta property=\"article:publisher\" content=\"https:\/\/www.facebook.com\/profile.php?id=100008943462799\" \/>\n<meta property=\"article:published_time\" content=\"2022-10-11T17:14:42+00:00\" \/>\n<meta property=\"og:image\" content=\"https:\/\/www.bellunopress.it\/wp-content\/uploads\/2020\/04\/Sportful-Dolomiti-Race_edited.jpg\" \/>\n\t<meta property=\"og:image:width\" content=\"422\" \/>\n\t<meta property=\"og:image:height\" content=\"426\" \/>\n\t<meta property=\"og:image:type\" content=\"image\/jpeg\" \/>\n<meta name=\"author\" content=\"redazione\" \/>\n<meta name=\"twitter:card\" content=\"summary_large_image\" \/>\n<meta name=\"twitter:creator\" content=\"@bellunopress\" \/>\n<meta name=\"twitter:site\" content=\"@bellunopress\" \/>\n<meta name=\"twitter:label1\" content=\"Written by\" \/>\n\t<meta name=\"twitter:data1\" content=\"redazione\" \/>\n\t<meta name=\"twitter:label2\" content=\"Est. reading time\" \/>\n\t<meta name=\"twitter:data2\" content=\"3 minutes\" \/>\n<script type=\"application\/ld+json\" class=\"yoast-schema-graph\">{\"@context\":\"https:\\\/\\\/schema.org\",\"@graph\":[{\"@type\":\"Article\",\"@id\":\"https:\\\/\\\/www.bellunopress.it\\\/2022\\\/10\\\/11\\\/sportful-dolomiti-race-in-poche-ore-oltre-1-000-iscritti-per-il-2023\\\/#article\",\"isPartOf\":{\"@id\":\"https:\\\/\\\/www.bellunopress.it\\\/2022\\\/10\\\/11\\\/sportful-dolomiti-race-in-poche-ore-oltre-1-000-iscritti-per-il-2023\\\/\"},\"author\":{\"name\":\"redazione\",\"@id\":\"https:\\\/\\\/www.bellunopress.it\\\/#\\\/schema\\\/person\\\/79bb06722b37ece1c03d3e94beb30d73\"},\"headline\":\"Sportful Dolomiti Race: in poche ore oltre 1.000 iscritti per il 2023\",\"datePublished\":\"2022-10-11T17:14:42+00:00\",\"mainEntityOfPage\":{\"@id\":\"https:\\\/\\\/www.bellunopress.it\\\/2022\\\/10\\\/11\\\/sportful-dolomiti-race-in-poche-ore-oltre-1-000-iscritti-per-il-2023\\\/\"},\"wordCount\":401,\"publisher\":{\"@id\":\"https:\\\/\\\/www.bellunopress.it\\\/#organization\"},\"image\":{\"@id\":\"https:\\\/\\\/www.bellunopress.it\\\/2022\\\/10\\\/11\\\/sportful-dolomiti-race-in-poche-ore-oltre-1-000-iscritti-per-il-2023\\\/#primaryimage\"},\"thumbnailUrl\":\"https:\\\/\\\/www.bellunopress.it\\\/wp-content\\\/uploads\\\/2020\\\/04\\\/Sportful-Dolomiti-Race_edited.jpg\",\"articleSection\":[\"Sport, tempo libero\"],\"inLanguage\":\"fr-FR\"},{\"@type\":\"WebPage\",\"@id\":\"https:\\\/\\\/www.bellunopress.it\\\/2022\\\/10\\\/11\\\/sportful-dolomiti-race-in-poche-ore-oltre-1-000-iscritti-per-il-2023\\\/\",\"url\":\"https:\\\/\\\/www.bellunopress.it\\\/2022\\\/10\\\/11\\\/sportful-dolomiti-race-in-poche-ore-oltre-1-000-iscritti-per-il-2023\\\/\",\"name\":\"Sportful Dolomiti Race: in poche ore oltre 1.000 iscritti per il 2023 - Bellunopress - Dolomiti\",\"isPartOf\":{\"@id\":\"https:\\\/\\\/www.bellunopress.it\\\/#website\"},\"primaryImageOfPage\":{\"@id\":\"https:\\\/\\\/www.bellunopress.it\\\/2022\\\/10\\\/11\\\/sportful-dolomiti-race-in-poche-ore-oltre-1-000-iscritti-per-il-2023\\\/#primaryimage\"},\"image\":{\"@id\":\"https:\\\/\\\/www.bellunopress.it\\\/2022\\\/10\\\/11\\\/sportful-dolomiti-race-in-poche-ore-oltre-1-000-iscritti-per-il-2023\\\/#primaryimage\"},\"thumbnailUrl\":\"https:\\\/\\\/www.bellunopress.it\\\/wp-content\\\/uploads\\\/2020\\\/04\\\/Sportful-Dolomiti-Race_edited.jpg\",\"datePublished\":\"2022-10-11T17:14:42+00:00\",\"breadcrumb\":{\"@id\":\"https:\\\/\\\/www.bellunopress.it\\\/2022\\\/10\\\/11\\\/sportful-dolomiti-race-in-poche-ore-oltre-1-000-iscritti-per-il-2023\\\/#breadcrumb\"},\"inLanguage\":\"fr-FR\",\"potentialAction\":[{\"@type\":\"ReadAction\",\"target\":[\"https:\\\/\\\/www.bellunopress.it\\\/2022\\\/10\\\/11\\\/sportful-dolomiti-race-in-poche-ore-oltre-1-000-iscritti-per-il-2023\\\/\"]}]},{\"@type\":\"ImageObject\",\"inLanguage\":\"fr-FR\",\"@id\":\"https:\\\/\\\/www.bellunopress.it\\\/2022\\\/10\\\/11\\\/sportful-dolomiti-race-in-poche-ore-oltre-1-000-iscritti-per-il-2023\\\/#primaryimage\",\"url\":\"https:\\\/\\\/www.bellunopress.it\\\/wp-content\\\/uploads\\\/2020\\\/04\\\/Sportful-Dolomiti-Race_edited.jpg\",\"contentUrl\":\"https:\\\/\\\/www.bellunopress.it\\\/wp-content\\\/uploads\\\/2020\\\/04\\\/Sportful-Dolomiti-Race_edited.jpg\",\"width\":422,\"height\":426,\"caption\":\"Arrivo Piazza Maggiore Sportful Dolomiti Race 2019\"},{\"@type\":\"BreadcrumbList\",\"@id\":\"https:\\\/\\\/www.bellunopress.it\\\/2022\\\/10\\\/11\\\/sportful-dolomiti-race-in-poche-ore-oltre-1-000-iscritti-per-il-2023\\\/#breadcrumb\",\"itemListElement\":[{\"@type\":\"ListItem\",\"position\":1,\"name\":\"Home\",\"item\":\"https:\\\/\\\/www.bellunopress.it\\\/\"},{\"@type\":\"ListItem\",\"position\":2,\"name\":\"Sportful Dolomiti Race: in poche ore oltre 1.000 iscritti per il 2023\"}]},{\"@type\":\"WebSite\",\"@id\":\"https:\\\/\\\/www.bellunopress.it\\\/#website\",\"url\":\"https:\\\/\\\/www.bellunopress.it\\\/\",\"name\":\"Bellunopress - Dolomiti\",\"description\":\"e-mail: redazione@bellunopress.it\",\"publisher\":{\"@id\":\"https:\\\/\\\/www.bellunopress.it\\\/#organization\"},\"potentialAction\":[{\"@type\":\"SearchAction\",\"target\":{\"@type\":\"EntryPoint\",\"urlTemplate\":\"https:\\\/\\\/www.bellunopress.it\\\/?s={search_term_string}\"},\"query-input\":{\"@type\":\"PropertyValueSpecification\",\"valueRequired\":true,\"valueName\":\"search_term_string\"}}],\"inLanguage\":\"fr-FR\"},{\"@type\":\"Organization\",\"@id\":\"https:\\\/\\\/www.bellunopress.it\\\/#organization\",\"name\":\"Bellunopress\",\"url\":\"https:\\\/\\\/www.bellunopress.it\\\/\",\"logo\":{\"@type\":\"ImageObject\",\"inLanguage\":\"fr-FR\",\"@id\":\"https:\\\/\\\/www.bellunopress.it\\\/#\\\/schema\\\/logo\\\/image\\\/\",\"url\":\"https:\\\/\\\/www.bellunopress.it\\\/wp-content\\\/uploads\\\/2011\\\/05\\\/cropped-logo-bellunopress-.jpg\",\"contentUrl\":\"https:\\\/\\\/www.bellunopress.it\\\/wp-content\\\/uploads\\\/2011\\\/05\\\/cropped-logo-bellunopress-.jpg\",\"width\":512,\"height\":512,\"caption\":\"Bellunopress\"},\"image\":{\"@id\":\"https:\\\/\\\/www.bellunopress.it\\\/#\\\/schema\\\/logo\\\/image\\\/\"},\"sameAs\":[\"https:\\\/\\\/www.facebook.com\\\/profile.php?id=100008943462799\",\"https:\\\/\\\/x.com\\\/bellunopress\",\"https:\\\/\\\/www.linkedin.com\\\/hp\\\/?dnr=JBzUWaJfMUw8vbXJJ2tVW5-I3jZKvC4wsoxE&amp;amp;amp;amp;amp;amp;trk=nav_responsive_tab_home\",\"https:\\\/\\\/www.youtube.com\\\/channel\\\/UCxL0wu1uN0_3_7hGG0306cw\"]},{\"@type\":\"Person\",\"@id\":\"https:\\\/\\\/www.bellunopress.it\\\/#\\\/schema\\\/person\\\/79bb06722b37ece1c03d3e94beb30d73\",\"name\":\"redazione\",\"image\":{\"@type\":\"ImageObject\",\"inLanguage\":\"fr-FR\",\"@id\":\"https:\\\/\\\/secure.gravatar.com\\\/avatar\\\/37d968a2e67a6fd04c169c4bdef102d0bc5d31b2546345219e348575eb80e9a0?s=96&d=mm&r=g\",\"url\":\"https:\\\/\\\/secure.gravatar.com\\\/avatar\\\/37d968a2e67a6fd04c169c4bdef102d0bc5d31b2546345219e348575eb80e9a0?s=96&d=mm&r=g\",\"contentUrl\":\"https:\\\/\\\/secure.gravatar.com\\\/avatar\\\/37d968a2e67a6fd04c169c4bdef102d0bc5d31b2546345219e348575eb80e9a0?s=96&d=mm&r=g\",\"caption\":\"redazione\"},\"sameAs\":[\"http:\\\/\\\/www.bellunopress.it\",\"https:\\\/\\\/x.com\\\/bellunopress\"],\"url\":\"https:\\\/\\\/www.bellunopress.it\\\/fr\\\/author\\\/redazione\\\/\"}]}<\/script>\n<!-- \/ Yoast SEO plugin. -->","yoast_head_json":{"title":"Sportful Dolomiti Race: in poche ore oltre 1.000 iscritti per il 2023 - Bellunopress - Dolomiti","robots":{"index":"index","follow":"follow","max-snippet":"max-snippet:-1","max-image-preview":"max-image-preview:large","max-video-preview":"max-video-preview:-1"},"canonical":"https:\/\/www.bellunopress.it\/fr\/2022\/10\/11\/sportful-dolomiti-race-in-poche-ore-oltre-1-000-iscritti-per-il-2023\/","og_locale":"fr_FR","og_type":"article","og_title":"Sportful Dolomiti Race: in poche ore oltre 1.000 iscritti per il 2023 - Bellunopress - Dolomiti","og_description":"Piol: &#8220;Non ci speravamo, ma i ciclisti premiano la nostra affidabilit\u00e0&#8221; Malgrado il periodo difficile i granfondisti hanno tanta voglia di pedalare lungo le salite delle Dolomiti Bellunesi. Lo dimostrano le 1005 iscrizioni alla 28. Sportful Dolomiti Race giunte alla segreteria del Pedale Feltrino luned\u00ec allo scattare delle 12.30 con l&#8217;apertura delle iscrizioni. In un&#8217;ora [&hellip;]","og_url":"https:\/\/www.bellunopress.it\/fr\/2022\/10\/11\/sportful-dolomiti-race-in-poche-ore-oltre-1-000-iscritti-per-il-2023\/","og_site_name":"Bellunopress - Dolomiti","article_publisher":"https:\/\/www.facebook.com\/profile.php?id=100008943462799","article_published_time":"2022-10-11T17:14:42+00:00","og_image":[{"width":422,"height":426,"url":"https:\/\/www.bellunopress.it\/wp-content\/uploads\/2020\/04\/Sportful-Dolomiti-Race_edited.jpg","type":"image\/jpeg"}],"author":"redazione","twitter_card":"summary_large_image","twitter_creator":"@bellunopress","twitter_site":"@bellunopress","twitter_misc":{"Written by":"redazione","Est. reading time":"3 minutes"},"schema":{"@context":"https:\/\/schema.org","@graph":[{"@type":"Article","@id":"https:\/\/www.bellunopress.it\/2022\/10\/11\/sportful-dolomiti-race-in-poche-ore-oltre-1-000-iscritti-per-il-2023\/#article","isPartOf":{"@id":"https:\/\/www.bellunopress.it\/2022\/10\/11\/sportful-dolomiti-race-in-poche-ore-oltre-1-000-iscritti-per-il-2023\/"},"author":{"name":"redazione","@id":"https:\/\/www.bellunopress.it\/#\/schema\/person\/79bb06722b37ece1c03d3e94beb30d73"},"headline":"Sportful Dolomiti Race: in poche ore oltre 1.000 iscritti per il 2023","datePublished":"2022-10-11T17:14:42+00:00","mainEntityOfPage":{"@id":"https:\/\/www.bellunopress.it\/2022\/10\/11\/sportful-dolomiti-race-in-poche-ore-oltre-1-000-iscritti-per-il-2023\/"},"wordCount":401,"publisher":{"@id":"https:\/\/www.bellunopress.it\/#organization"},"image":{"@id":"https:\/\/www.bellunopress.it\/2022\/10\/11\/sportful-dolomiti-race-in-poche-ore-oltre-1-000-iscritti-per-il-2023\/#primaryimage"},"thumbnailUrl":"https:\/\/www.bellunopress.it\/wp-content\/uploads\/2020\/04\/Sportful-Dolomiti-Race_edited.jpg","articleSection":["Sport, tempo libero"],"inLanguage":"fr-FR"},{"@type":"WebPage","@id":"https:\/\/www.bellunopress.it\/2022\/10\/11\/sportful-dolomiti-race-in-poche-ore-oltre-1-000-iscritti-per-il-2023\/","url":"https:\/\/www.bellunopress.it\/2022\/10\/11\/sportful-dolomiti-race-in-poche-ore-oltre-1-000-iscritti-per-il-2023\/","name":"Sportful Dolomiti Race: in poche ore oltre 1.000 iscritti per il 2023 - Bellunopress - Dolomiti","isPartOf":{"@id":"https:\/\/www.bellunopress.it\/#website"},"primaryImageOfPage":{"@id":"https:\/\/www.bellunopress.it\/2022\/10\/11\/sportful-dolomiti-race-in-poche-ore-oltre-1-000-iscritti-per-il-2023\/#primaryimage"},"image":{"@id":"https:\/\/www.bellunopress.it\/2022\/10\/11\/sportful-dolomiti-race-in-poche-ore-oltre-1-000-iscritti-per-il-2023\/#primaryimage"},"thumbnailUrl":"https:\/\/www.bellunopress.it\/wp-content\/uploads\/2020\/04\/Sportful-Dolomiti-Race_edited.jpg","datePublished":"2022-10-11T17:14:42+00:00","breadcrumb":{"@id":"https:\/\/www.bellunopress.it\/2022\/10\/11\/sportful-dolomiti-race-in-poche-ore-oltre-1-000-iscritti-per-il-2023\/#breadcrumb"},"inLanguage":"fr-FR","potentialAction":[{"@type":"ReadAction","target":["https:\/\/www.bellunopress.it\/2022\/10\/11\/sportful-dolomiti-race-in-poche-ore-oltre-1-000-iscritti-per-il-2023\/"]}]},{"@type":"ImageObject","inLanguage":"fr-FR","@id":"https:\/\/www.bellunopress.it\/2022\/10\/11\/sportful-dolomiti-race-in-poche-ore-oltre-1-000-iscritti-per-il-2023\/#primaryimage","url":"https:\/\/www.bellunopress.it\/wp-content\/uploads\/2020\/04\/Sportful-Dolomiti-Race_edited.jpg","contentUrl":"https:\/\/www.bellunopress.it\/wp-content\/uploads\/2020\/04\/Sportful-Dolomiti-Race_edited.jpg","width":422,"height":426,"caption":"Arrivo Piazza Maggiore Sportful Dolomiti Race 2019"},{"@type":"BreadcrumbList","@id":"https:\/\/www.bellunopress.it\/2022\/10\/11\/sportful-dolomiti-race-in-poche-ore-oltre-1-000-iscritti-per-il-2023\/#breadcrumb","itemListElement":[{"@type":"ListItem","position":1,"name":"Home","item":"https:\/\/www.bellunopress.it\/"},{"@type":"ListItem","position":2,"name":"Sportful Dolomiti Race: in poche ore oltre 1.000 iscritti per il 2023"}]},{"@type":"WebSite","@id":"https:\/\/www.bellunopress.it\/#website","url":"https:\/\/www.bellunopress.it\/","name":"Bellunopress - Dolomiti","description":"e-mail: redazione@bellunopress.it","publisher":{"@id":"https:\/\/www.bellunopress.it\/#organization"},"potentialAction":[{"@type":"SearchAction","target":{"@type":"EntryPoint","urlTemplate":"https:\/\/www.bellunopress.it\/?s={search_term_string}"},"query-input":{"@type":"PropertyValueSpecification","valueRequired":true,"valueName":"search_term_string"}}],"inLanguage":"fr-FR"},{"@type":"Organization","@id":"https:\/\/www.bellunopress.it\/#organization","name":"Bellunopress","url":"https:\/\/www.bellunopress.it\/","logo":{"@type":"ImageObject","inLanguage":"fr-FR","@id":"https:\/\/www.bellunopress.it\/#\/schema\/logo\/image\/","url":"https:\/\/www.bellunopress.it\/wp-content\/uploads\/2011\/05\/cropped-logo-bellunopress-.jpg","contentUrl":"https:\/\/www.bellunopress.it\/wp-content\/uploads\/2011\/05\/cropped-logo-bellunopress-.jpg","width":512,"height":512,"caption":"Bellunopress"},"image":{"@id":"https:\/\/www.bellunopress.it\/#\/schema\/logo\/image\/"},"sameAs":["https:\/\/www.facebook.com\/profile.php?id=100008943462799","https:\/\/x.com\/bellunopress","https:\/\/www.linkedin.com\/hp\/?dnr=JBzUWaJfMUw8vbXJJ2tVW5-I3jZKvC4wsoxE&amp;amp;amp;amp;amp;amp;trk=nav_responsive_tab_home","https:\/\/www.youtube.com\/channel\/UCxL0wu1uN0_3_7hGG0306cw"]},{"@type":"Person","@id":"https:\/\/www.bellunopress.it\/#\/schema\/person\/79bb06722b37ece1c03d3e94beb30d73","name":"r\u00e9daction","image":{"@type":"ImageObject","inLanguage":"fr-FR","@id":"https:\/\/secure.gravatar.com\/avatar\/37d968a2e67a6fd04c169c4bdef102d0bc5d31b2546345219e348575eb80e9a0?s=96&d=mm&r=g","url":"https:\/\/secure.gravatar.com\/avatar\/37d968a2e67a6fd04c169c4bdef102d0bc5d31b2546345219e348575eb80e9a0?s=96&d=mm&r=g","contentUrl":"https:\/\/secure.gravatar.com\/avatar\/37d968a2e67a6fd04c169c4bdef102d0bc5d31b2546345219e348575eb80e9a0?s=96&d=mm&r=g","caption":"redazione"},"sameAs":["http:\/\/www.bellunopress.it","https:\/\/x.com\/bellunopress"],"url":"https:\/\/www.bellunopress.it\/fr\/author\/redazione\/"}]}},"_links":{"self":[{"href":"https:\/\/www.bellunopress.it\/fr\/wp-json\/wp\/v2\/posts\/136922","targetHints":{"allow":["GET"]}}],"collection":[{"href":"https:\/\/www.bellunopress.it\/fr\/wp-json\/wp\/v2\/posts"}],"about":[{"href":"https:\/\/www.bellunopress.it\/fr\/wp-json\/wp\/v2\/types\/post"}],"author":[{"embeddable":true,"href":"https:\/\/www.bellunopress.it\/fr\/wp-json\/wp\/v2\/users\/2"}],"replies":[{"embeddable":true,"href":"https:\/\/www.bellunopress.it\/fr\/wp-json\/wp\/v2\/comments?post=136922"}],"version-history":[{"count":1,"href":"https:\/\/www.bellunopress.it\/fr\/wp-json\/wp\/v2\/posts\/136922\/revisions"}],"predecessor-version":[{"id":136923,"href":"https:\/\/www.bellunopress.it\/fr\/wp-json\/wp\/v2\/posts\/136922\/revisions\/136923"}],"wp:featuredmedia":[{"embeddable":true,"href":"https:\/\/www.bellunopress.it\/fr\/wp-json\/wp\/v2\/media\/114105"}],"wp:attachment":[{"href":"https:\/\/www.bellunopress.it\/fr\/wp-json\/wp\/v2\/media?parent=136922"}],"wp:term":[{"taxonomy":"category","embeddable":true,"href":"https:\/\/www.bellunopress.it\/fr\/wp-json\/wp\/v2\/categories?post=136922"},{"taxonomy":"post_tag","embeddable":true,"href":"https:\/\/www.bellunopress.it\/fr\/wp-json\/wp\/v2\/tags?post=136922"}],"curies":[{"name":"wp","href":"https:\/\/api.w.org\/{rel}","templated":true}]}}