{"id":136920,"date":"2022-10-11T17:22:29","date_gmt":"2022-10-11T15:22:29","guid":{"rendered":"https:\/\/www.bellunopress.it\/?p=136920"},"modified":"2022-10-11T17:22:29","modified_gmt":"2022-10-11T15:22:29","slug":"autovelox-di-quero-vas-non-omologato-il-giudice-di-pace-di-belluno-sospende-la-sanzione","status":"publish","type":"post","link":"https:\/\/www.bellunopress.it\/fr\/2022\/10\/11\/autovelox-di-quero-vas-non-omologato-il-giudice-di-pace-di-belluno-sospende-la-sanzione\/","title":{"rendered":"Autovelox di Quero Vas non omologato. Il giudice di Pace di Belluno sospende la sanzione"},"content":{"rendered":"<p><img loading=\"lazy\" decoding=\"async\" class=\"alignleft size-full wp-image-132239\" src=\"https:\/\/www.bellunopress.it\/wp-content\/uploads\/2022\/03\/sentenza-giustizia-verdetto_edited.jpg\" alt=\"\" width=\"900\" height=\"604\" srcset=\"https:\/\/www.bellunopress.it\/wp-content\/uploads\/2022\/03\/sentenza-giustizia-verdetto_edited.jpg 900w, https:\/\/www.bellunopress.it\/wp-content\/uploads\/2022\/03\/sentenza-giustizia-verdetto_edited-500x336.jpg 500w, https:\/\/www.bellunopress.it\/wp-content\/uploads\/2022\/03\/sentenza-giustizia-verdetto_edited-696x467.jpg 696w, https:\/\/www.bellunopress.it\/wp-content\/uploads\/2022\/03\/sentenza-giustizia-verdetto_edited-626x420.jpg 626w\" sizes=\"auto, (max-width: 900px) 100vw, 900px\" \/>Belluno, 11 ottobre 2022 &#8211; Il giudice di pace di Belluno, Fabrizio Schioppa, ha accolto nuovamente questa mattina il ricorso di A.G. automobilista residente a Castelfranco Veneto (TV), che si era vista recapitare una contravvenzione di Euro 197.14 + decurtazione di 3 punti patente, per aver percorso alla velocit\u00e0 (presunta) di 106.10 km\/h il tratto della S.P.1 Bis in localit\u00e0 Madonna del Piave nel Comune di Quero Vas (BL).<\/p>\n<p>La ragazza, certa di aver sempre rispettato il codice della strada tramite <a href=\"https:\/\/www.altvelox.it\/post\/l-autovelox-di-quero-e-fuori-legge-nuova-sentenza-del-gdp-di-belluno\">ALTVELOX<\/a> ha presentato ricorso innanzi al giudice di pace di Belluno, che oggi ha accolto il ricorso e sospeso la sanzione a suo carico in quanto l&#8217;autovelox in questione, modello &#8220;VELOCAR RED SPEED EVO&#8221;, non \u00e8 omologato.<\/p>\n<p>Ogni strumentazione elettronica, ha dei limiti strutturali, come gli autovelox. Gli autovelox per concezione costruttiva e funzionale, non potranno mai emettere dati certi per essere utilizzati a livello legale. La componentistica varia le sue caratteristiche a causa dell&#8217;umidit\u00e0, temperatura, polvere, raggi del sole, campi magnetici, vibrazioni ed ogni altro agente atmosferico. Provate ad immaginare come la temperatura modifica strutturalmente la carcassa dello strumento, un solo millesimo altera il rilevato, la temperatura dove vengono installate le apparecchiature varia da sotto lo zero fino a superare i 70 gradi per riflessione solare. Qualsiasi tecnico conoscitore della materia \u00e8 ben a conoscenza di queste alterazioni, le quali vengono &#8220;aggiustate&#8221;, attraverso la manipolazione del software pur di ottenere un dato empirico.<\/p>\n<p>Ma sia i costruttori, che gli utilizzatori di questi strumenti elettronici, sono ben lungi da farli omologare perch\u00e9 quasi certamente non passerebbero l&#8217;esame. Ed allora oggi tra una &#8220;giungla di sentenze&#8221;, la maggior parte che annulla la sanzione perch\u00e9 ritiene che l&#8217;omologazione prova essenziale per la tutela del consumatore ed altre (poche per fortuna del cittadino) che ritengono diversamente ed in modo quantomeno equivoco che approvazione e omologazione siano la medesima cosa, i Comuni continuano a farne uso mettendo in cassaforte tesoretti importantissimi.<\/p>\n<p>Complessivamente nel 2021 le principali 21 citt\u00e0 italiane hanno incassato 398,5 milioni di euro dalle multe stradali, di cui quasi 47 milioni tramite strumenti automatici di controllo della velocit\u00e0. Non mancano tuttavia le soprese: spulciando i rendiconti presentati dagli enti locali, si scopre ad esempio che Napoli incassa appena 27mila euro all&#8217;anno dagli autovelox installati in citt\u00e0, mentre un piccolo comune delle Dolomiti con meno di 360 abitanti, Colle Santa Lucia (BL), ha riscosso grazie all&#8217;autovelox oltre 552mila euro in un anno.<\/p>\n<p>Ma noi &#8211; prosegue il team di Altvelox &#8211; siamo andati oltre a questi dati, e abbiamo chiesto al Ministero dell&#8217;Interno quelli del Comune di QUERO VAS (BL) scoprendo che questo piccolo Comune di soli 3000 residenti ha incamerato lo scorso 2021 e solo con questo autovelox la somma di \u20ac 950.842.22.<\/p>\n<p>Ovviamente il Comune di Quero Vas non ci sta e annuncia l&#8217;ennesimo ricorso al Tribunale avverso le sentenze del Giudice di Pace che lo vedono ancora una volta soccombere. Nessun problema, noi crediamo nella Giustizia e siamo convinti delle nostre ragioni tecniche.<\/p>\n<p>Il paradosso tutto Italiano, sta per\u00f2 nel fatto che il cittadino per chiedere ed ottenere Giustizia, lo fa spendendo soldi propri per avvocati e tasse, mentre il Comune di Quero Vas ricorre alle sentenze avverse utilizzando i soldi dei medesimi cittadini. Ci piacerebbe invece che il Sindaco, se veramente convinto delle proprie ragioni, proponesse i ricorsi a spese proprie ed allora la bilancia sarebbe alla pari.<\/p>\n<p>Fonte: Altvelox *<\/p>\n<p>*\u00a0 \u00a0Altvelox \u00e8 supportata da un Team giovane di avvocati, di consulenti penali e civili, di tecnici ed ex appartenenti alle Forze di polizia. Una struttura coordinata e dinamica, altamente specializzata nella gestione dei ricorsi amministrativi a seguito di violazione stradale in genere ed in particolare per sanzioni al codice della strada con rilevamento della velocit\u00e0 elettronico (autovelox). Possiamo essere lo &#8220;strumento&#8221; per evitare problemi alla tua patente di guida e ancor peggio alla tua posizione legale.<\/p>\n<p>&nbsp;<\/p>","protected":false},"excerpt":{"rendered":"<p>Belluno, 11 ottobre 2022 &#8211; Il giudice di pace di Belluno, Fabrizio Schioppa, ha accolto nuovamente questa mattina il ricorso di A.G. automobilista residente a Castelfranco Veneto (TV), che si era vista recapitare una contravvenzione di Euro 197.14 + decurtazione di 3 punti patente, per aver percorso alla velocit\u00e0 (presunta) di 106.10 km\/h il tratto [&hellip;]<\/p>\n","protected":false},"author":2,"featured_media":132239,"comment_status":"closed","ping_status":"open","sticky":false,"template":"","format":"standard","meta":{"footnotes":""},"categories":[5,26],"tags":[],"class_list":["post-136920","post","type-post","status-publish","format-standard","has-post-thumbnail","category-cronaca","category-prima-pagina"],"yoast_head":"<!-- This site is optimized with the Yoast SEO plugin v28.4 - https:\/\/yoast.com\/product\/yoast-seo-wordpress\/ -->\n<title>Autovelox di Quero Vas non omologato. Il giudice di Pace di Belluno sospende la sanzione - Bellunopress - Dolomiti<\/title>\n<meta name=\"robots\" content=\"index, follow, max-snippet:-1, max-image-preview:large, max-video-preview:-1\" \/>\n<link rel=\"canonical\" href=\"https:\/\/www.bellunopress.it\/fr\/2022\/10\/11\/autovelox-di-quero-vas-non-omologato-il-giudice-di-pace-di-belluno-sospende-la-sanzione\/\" \/>\n<meta property=\"og:locale\" content=\"fr_FR\" \/>\n<meta property=\"og:type\" content=\"article\" \/>\n<meta property=\"og:title\" content=\"Autovelox di Quero Vas non omologato. Il giudice di Pace di Belluno sospende la sanzione - Bellunopress - Dolomiti\" \/>\n<meta property=\"og:description\" content=\"Belluno, 11 ottobre 2022 &#8211; Il giudice di pace di Belluno, Fabrizio Schioppa, ha accolto nuovamente questa mattina il ricorso di A.G. automobilista residente a Castelfranco Veneto (TV), che si era vista recapitare una contravvenzione di Euro 197.14 + decurtazione di 3 punti patente, per aver percorso alla velocit\u00e0 (presunta) di 106.10 km\/h il tratto [&hellip;]\" \/>\n<meta property=\"og:url\" content=\"https:\/\/www.bellunopress.it\/fr\/2022\/10\/11\/autovelox-di-quero-vas-non-omologato-il-giudice-di-pace-di-belluno-sospende-la-sanzione\/\" \/>\n<meta property=\"og:site_name\" content=\"Bellunopress - Dolomiti\" \/>\n<meta property=\"article:publisher\" content=\"https:\/\/www.facebook.com\/profile.php?id=100008943462799\" \/>\n<meta property=\"article:published_time\" content=\"2022-10-11T15:22:29+00:00\" \/>\n<meta property=\"og:image\" content=\"https:\/\/www.bellunopress.it\/wp-content\/uploads\/2022\/03\/sentenza-giustizia-verdetto_edited.jpg\" \/>\n\t<meta property=\"og:image:width\" content=\"900\" \/>\n\t<meta property=\"og:image:height\" content=\"604\" \/>\n\t<meta property=\"og:image:type\" content=\"image\/jpeg\" \/>\n<meta name=\"author\" content=\"redazione\" \/>\n<meta name=\"twitter:card\" content=\"summary_large_image\" \/>\n<meta name=\"twitter:creator\" content=\"@bellunopress\" \/>\n<meta name=\"twitter:site\" content=\"@bellunopress\" \/>\n<meta name=\"twitter:label1\" content=\"\u00c9crit par\" \/>\n\t<meta name=\"twitter:data1\" content=\"redazione\" \/>\n\t<meta name=\"twitter:label2\" content=\"Dur\u00e9e de lecture estim\u00e9e\" \/>\n\t<meta name=\"twitter:data2\" content=\"4 minutes\" \/>\n<script type=\"application\/ld+json\" class=\"yoast-schema-graph\">{\"@context\":\"https:\\\/\\\/schema.org\",\"@graph\":[{\"@type\":\"Article\",\"@id\":\"https:\\\/\\\/www.bellunopress.it\\\/2022\\\/10\\\/11\\\/autovelox-di-quero-vas-non-omologato-il-giudice-di-pace-di-belluno-sospende-la-sanzione\\\/#article\",\"isPartOf\":{\"@id\":\"https:\\\/\\\/www.bellunopress.it\\\/2022\\\/10\\\/11\\\/autovelox-di-quero-vas-non-omologato-il-giudice-di-pace-di-belluno-sospende-la-sanzione\\\/\"},\"author\":{\"name\":\"redazione\",\"@id\":\"https:\\\/\\\/www.bellunopress.it\\\/#\\\/schema\\\/person\\\/79bb06722b37ece1c03d3e94beb30d73\"},\"headline\":\"Autovelox di Quero Vas non omologato. Il giudice di Pace di Belluno sospende la sanzione\",\"datePublished\":\"2022-10-11T15:22:29+00:00\",\"mainEntityOfPage\":{\"@id\":\"https:\\\/\\\/www.bellunopress.it\\\/2022\\\/10\\\/11\\\/autovelox-di-quero-vas-non-omologato-il-giudice-di-pace-di-belluno-sospende-la-sanzione\\\/\"},\"wordCount\":646,\"publisher\":{\"@id\":\"https:\\\/\\\/www.bellunopress.it\\\/#organization\"},\"image\":{\"@id\":\"https:\\\/\\\/www.bellunopress.it\\\/2022\\\/10\\\/11\\\/autovelox-di-quero-vas-non-omologato-il-giudice-di-pace-di-belluno-sospende-la-sanzione\\\/#primaryimage\"},\"thumbnailUrl\":\"https:\\\/\\\/www.bellunopress.it\\\/wp-content\\\/uploads\\\/2022\\\/03\\\/sentenza-giustizia-verdetto_edited.jpg\",\"articleSection\":[\"Cronaca\\\/Politica\",\"Prima Pagina\"],\"inLanguage\":\"fr-FR\"},{\"@type\":\"WebPage\",\"@id\":\"https:\\\/\\\/www.bellunopress.it\\\/2022\\\/10\\\/11\\\/autovelox-di-quero-vas-non-omologato-il-giudice-di-pace-di-belluno-sospende-la-sanzione\\\/\",\"url\":\"https:\\\/\\\/www.bellunopress.it\\\/2022\\\/10\\\/11\\\/autovelox-di-quero-vas-non-omologato-il-giudice-di-pace-di-belluno-sospende-la-sanzione\\\/\",\"name\":\"Autovelox di Quero Vas non omologato. Il giudice di Pace di Belluno sospende la sanzione - Bellunopress - Dolomiti\",\"isPartOf\":{\"@id\":\"https:\\\/\\\/www.bellunopress.it\\\/#website\"},\"primaryImageOfPage\":{\"@id\":\"https:\\\/\\\/www.bellunopress.it\\\/2022\\\/10\\\/11\\\/autovelox-di-quero-vas-non-omologato-il-giudice-di-pace-di-belluno-sospende-la-sanzione\\\/#primaryimage\"},\"image\":{\"@id\":\"https:\\\/\\\/www.bellunopress.it\\\/2022\\\/10\\\/11\\\/autovelox-di-quero-vas-non-omologato-il-giudice-di-pace-di-belluno-sospende-la-sanzione\\\/#primaryimage\"},\"thumbnailUrl\":\"https:\\\/\\\/www.bellunopress.it\\\/wp-content\\\/uploads\\\/2022\\\/03\\\/sentenza-giustizia-verdetto_edited.jpg\",\"datePublished\":\"2022-10-11T15:22:29+00:00\",\"breadcrumb\":{\"@id\":\"https:\\\/\\\/www.bellunopress.it\\\/2022\\\/10\\\/11\\\/autovelox-di-quero-vas-non-omologato-il-giudice-di-pace-di-belluno-sospende-la-sanzione\\\/#breadcrumb\"},\"inLanguage\":\"fr-FR\",\"potentialAction\":[{\"@type\":\"ReadAction\",\"target\":[\"https:\\\/\\\/www.bellunopress.it\\\/2022\\\/10\\\/11\\\/autovelox-di-quero-vas-non-omologato-il-giudice-di-pace-di-belluno-sospende-la-sanzione\\\/\"]}]},{\"@type\":\"ImageObject\",\"inLanguage\":\"fr-FR\",\"@id\":\"https:\\\/\\\/www.bellunopress.it\\\/2022\\\/10\\\/11\\\/autovelox-di-quero-vas-non-omologato-il-giudice-di-pace-di-belluno-sospende-la-sanzione\\\/#primaryimage\",\"url\":\"https:\\\/\\\/www.bellunopress.it\\\/wp-content\\\/uploads\\\/2022\\\/03\\\/sentenza-giustizia-verdetto_edited.jpg\",\"contentUrl\":\"https:\\\/\\\/www.bellunopress.it\\\/wp-content\\\/uploads\\\/2022\\\/03\\\/sentenza-giustizia-verdetto_edited.jpg\",\"width\":900,\"height\":604},{\"@type\":\"BreadcrumbList\",\"@id\":\"https:\\\/\\\/www.bellunopress.it\\\/2022\\\/10\\\/11\\\/autovelox-di-quero-vas-non-omologato-il-giudice-di-pace-di-belluno-sospende-la-sanzione\\\/#breadcrumb\",\"itemListElement\":[{\"@type\":\"ListItem\",\"position\":1,\"name\":\"Home\",\"item\":\"https:\\\/\\\/www.bellunopress.it\\\/\"},{\"@type\":\"ListItem\",\"position\":2,\"name\":\"Autovelox di Quero Vas non omologato. Il giudice di Pace di Belluno sospende la sanzione\"}]},{\"@type\":\"WebSite\",\"@id\":\"https:\\\/\\\/www.bellunopress.it\\\/#website\",\"url\":\"https:\\\/\\\/www.bellunopress.it\\\/\",\"name\":\"Bellunopress - Dolomiti\",\"description\":\"e-mail: redazione@bellunopress.it\",\"publisher\":{\"@id\":\"https:\\\/\\\/www.bellunopress.it\\\/#organization\"},\"potentialAction\":[{\"@type\":\"SearchAction\",\"target\":{\"@type\":\"EntryPoint\",\"urlTemplate\":\"https:\\\/\\\/www.bellunopress.it\\\/?s={search_term_string}\"},\"query-input\":{\"@type\":\"PropertyValueSpecification\",\"valueRequired\":true,\"valueName\":\"search_term_string\"}}],\"inLanguage\":\"fr-FR\"},{\"@type\":\"Organization\",\"@id\":\"https:\\\/\\\/www.bellunopress.it\\\/#organization\",\"name\":\"Bellunopress\",\"url\":\"https:\\\/\\\/www.bellunopress.it\\\/\",\"logo\":{\"@type\":\"ImageObject\",\"inLanguage\":\"fr-FR\",\"@id\":\"https:\\\/\\\/www.bellunopress.it\\\/#\\\/schema\\\/logo\\\/image\\\/\",\"url\":\"https:\\\/\\\/www.bellunopress.it\\\/wp-content\\\/uploads\\\/2011\\\/05\\\/cropped-logo-bellunopress-.jpg\",\"contentUrl\":\"https:\\\/\\\/www.bellunopress.it\\\/wp-content\\\/uploads\\\/2011\\\/05\\\/cropped-logo-bellunopress-.jpg\",\"width\":512,\"height\":512,\"caption\":\"Bellunopress\"},\"image\":{\"@id\":\"https:\\\/\\\/www.bellunopress.it\\\/#\\\/schema\\\/logo\\\/image\\\/\"},\"sameAs\":[\"https:\\\/\\\/www.facebook.com\\\/profile.php?id=100008943462799\",\"https:\\\/\\\/x.com\\\/bellunopress\",\"https:\\\/\\\/www.linkedin.com\\\/hp\\\/?dnr=JBzUWaJfMUw8vbXJJ2tVW5-I3jZKvC4wsoxE&amp;amp;amp;amp;amp;amp;trk=nav_responsive_tab_home\",\"https:\\\/\\\/www.youtube.com\\\/channel\\\/UCxL0wu1uN0_3_7hGG0306cw\"]},{\"@type\":\"Person\",\"@id\":\"https:\\\/\\\/www.bellunopress.it\\\/#\\\/schema\\\/person\\\/79bb06722b37ece1c03d3e94beb30d73\",\"name\":\"redazione\",\"image\":{\"@type\":\"ImageObject\",\"inLanguage\":\"fr-FR\",\"@id\":\"https:\\\/\\\/secure.gravatar.com\\\/avatar\\\/37d968a2e67a6fd04c169c4bdef102d0bc5d31b2546345219e348575eb80e9a0?s=96&d=mm&r=g\",\"url\":\"https:\\\/\\\/secure.gravatar.com\\\/avatar\\\/37d968a2e67a6fd04c169c4bdef102d0bc5d31b2546345219e348575eb80e9a0?s=96&d=mm&r=g\",\"contentUrl\":\"https:\\\/\\\/secure.gravatar.com\\\/avatar\\\/37d968a2e67a6fd04c169c4bdef102d0bc5d31b2546345219e348575eb80e9a0?s=96&d=mm&r=g\",\"caption\":\"redazione\"},\"sameAs\":[\"http:\\\/\\\/www.bellunopress.it\",\"https:\\\/\\\/x.com\\\/bellunopress\"],\"url\":\"https:\\\/\\\/www.bellunopress.it\\\/fr\\\/author\\\/redazione\\\/\"}]}<\/script>\n<!-- \/ Yoast SEO plugin. -->","yoast_head_json":{"title":"Autovelox di Quero Vas non omologato. Il giudice di Pace di Belluno sospende la sanzione - Bellunopress - Dolomiti","robots":{"index":"index","follow":"follow","max-snippet":"max-snippet:-1","max-image-preview":"max-image-preview:large","max-video-preview":"max-video-preview:-1"},"canonical":"https:\/\/www.bellunopress.it\/fr\/2022\/10\/11\/autovelox-di-quero-vas-non-omologato-il-giudice-di-pace-di-belluno-sospende-la-sanzione\/","og_locale":"fr_FR","og_type":"article","og_title":"Autovelox di Quero Vas non omologato. Il giudice di Pace di Belluno sospende la sanzione - Bellunopress - Dolomiti","og_description":"Belluno, 11 ottobre 2022 &#8211; Il giudice di pace di Belluno, Fabrizio Schioppa, ha accolto nuovamente questa mattina il ricorso di A.G. automobilista residente a Castelfranco Veneto (TV), che si era vista recapitare una contravvenzione di Euro 197.14 + decurtazione di 3 punti patente, per aver percorso alla velocit\u00e0 (presunta) di 106.10 km\/h il tratto [&hellip;]","og_url":"https:\/\/www.bellunopress.it\/fr\/2022\/10\/11\/autovelox-di-quero-vas-non-omologato-il-giudice-di-pace-di-belluno-sospende-la-sanzione\/","og_site_name":"Bellunopress - Dolomiti","article_publisher":"https:\/\/www.facebook.com\/profile.php?id=100008943462799","article_published_time":"2022-10-11T15:22:29+00:00","og_image":[{"width":900,"height":604,"url":"https:\/\/www.bellunopress.it\/wp-content\/uploads\/2022\/03\/sentenza-giustizia-verdetto_edited.jpg","type":"image\/jpeg"}],"author":"redazione","twitter_card":"summary_large_image","twitter_creator":"@bellunopress","twitter_site":"@bellunopress","twitter_misc":{"\u00c9crit par":"redazione","Dur\u00e9e de lecture estim\u00e9e":"4 minutes"},"schema":{"@context":"https:\/\/schema.org","@graph":[{"@type":"Article","@id":"https:\/\/www.bellunopress.it\/2022\/10\/11\/autovelox-di-quero-vas-non-omologato-il-giudice-di-pace-di-belluno-sospende-la-sanzione\/#article","isPartOf":{"@id":"https:\/\/www.bellunopress.it\/2022\/10\/11\/autovelox-di-quero-vas-non-omologato-il-giudice-di-pace-di-belluno-sospende-la-sanzione\/"},"author":{"name":"redazione","@id":"https:\/\/www.bellunopress.it\/#\/schema\/person\/79bb06722b37ece1c03d3e94beb30d73"},"headline":"Autovelox di Quero Vas non omologato. Il giudice di Pace di Belluno sospende la sanzione","datePublished":"2022-10-11T15:22:29+00:00","mainEntityOfPage":{"@id":"https:\/\/www.bellunopress.it\/2022\/10\/11\/autovelox-di-quero-vas-non-omologato-il-giudice-di-pace-di-belluno-sospende-la-sanzione\/"},"wordCount":646,"publisher":{"@id":"https:\/\/www.bellunopress.it\/#organization"},"image":{"@id":"https:\/\/www.bellunopress.it\/2022\/10\/11\/autovelox-di-quero-vas-non-omologato-il-giudice-di-pace-di-belluno-sospende-la-sanzione\/#primaryimage"},"thumbnailUrl":"https:\/\/www.bellunopress.it\/wp-content\/uploads\/2022\/03\/sentenza-giustizia-verdetto_edited.jpg","articleSection":["Cronaca\/Politica","Prima Pagina"],"inLanguage":"fr-FR"},{"@type":"WebPage","@id":"https:\/\/www.bellunopress.it\/2022\/10\/11\/autovelox-di-quero-vas-non-omologato-il-giudice-di-pace-di-belluno-sospende-la-sanzione\/","url":"https:\/\/www.bellunopress.it\/2022\/10\/11\/autovelox-di-quero-vas-non-omologato-il-giudice-di-pace-di-belluno-sospende-la-sanzione\/","name":"Autovelox di Quero Vas non omologato. Il giudice di Pace di Belluno sospende la sanzione - Bellunopress - Dolomiti","isPartOf":{"@id":"https:\/\/www.bellunopress.it\/#website"},"primaryImageOfPage":{"@id":"https:\/\/www.bellunopress.it\/2022\/10\/11\/autovelox-di-quero-vas-non-omologato-il-giudice-di-pace-di-belluno-sospende-la-sanzione\/#primaryimage"},"image":{"@id":"https:\/\/www.bellunopress.it\/2022\/10\/11\/autovelox-di-quero-vas-non-omologato-il-giudice-di-pace-di-belluno-sospende-la-sanzione\/#primaryimage"},"thumbnailUrl":"https:\/\/www.bellunopress.it\/wp-content\/uploads\/2022\/03\/sentenza-giustizia-verdetto_edited.jpg","datePublished":"2022-10-11T15:22:29+00:00","breadcrumb":{"@id":"https:\/\/www.bellunopress.it\/2022\/10\/11\/autovelox-di-quero-vas-non-omologato-il-giudice-di-pace-di-belluno-sospende-la-sanzione\/#breadcrumb"},"inLanguage":"fr-FR","potentialAction":[{"@type":"ReadAction","target":["https:\/\/www.bellunopress.it\/2022\/10\/11\/autovelox-di-quero-vas-non-omologato-il-giudice-di-pace-di-belluno-sospende-la-sanzione\/"]}]},{"@type":"ImageObject","inLanguage":"fr-FR","@id":"https:\/\/www.bellunopress.it\/2022\/10\/11\/autovelox-di-quero-vas-non-omologato-il-giudice-di-pace-di-belluno-sospende-la-sanzione\/#primaryimage","url":"https:\/\/www.bellunopress.it\/wp-content\/uploads\/2022\/03\/sentenza-giustizia-verdetto_edited.jpg","contentUrl":"https:\/\/www.bellunopress.it\/wp-content\/uploads\/2022\/03\/sentenza-giustizia-verdetto_edited.jpg","width":900,"height":604},{"@type":"BreadcrumbList","@id":"https:\/\/www.bellunopress.it\/2022\/10\/11\/autovelox-di-quero-vas-non-omologato-il-giudice-di-pace-di-belluno-sospende-la-sanzione\/#breadcrumb","itemListElement":[{"@type":"ListItem","position":1,"name":"Home","item":"https:\/\/www.bellunopress.it\/"},{"@type":"ListItem","position":2,"name":"Autovelox di Quero Vas non omologato. Il giudice di Pace di Belluno sospende la sanzione"}]},{"@type":"WebSite","@id":"https:\/\/www.bellunopress.it\/#website","url":"https:\/\/www.bellunopress.it\/","name":"Bellunopress - Dolomiti","description":"e-mail: redazione@bellunopress.it","publisher":{"@id":"https:\/\/www.bellunopress.it\/#organization"},"potentialAction":[{"@type":"SearchAction","target":{"@type":"EntryPoint","urlTemplate":"https:\/\/www.bellunopress.it\/?s={search_term_string}"},"query-input":{"@type":"PropertyValueSpecification","valueRequired":true,"valueName":"search_term_string"}}],"inLanguage":"fr-FR"},{"@type":"Organization","@id":"https:\/\/www.bellunopress.it\/#organization","name":"Bellunopress","url":"https:\/\/www.bellunopress.it\/","logo":{"@type":"ImageObject","inLanguage":"fr-FR","@id":"https:\/\/www.bellunopress.it\/#\/schema\/logo\/image\/","url":"https:\/\/www.bellunopress.it\/wp-content\/uploads\/2011\/05\/cropped-logo-bellunopress-.jpg","contentUrl":"https:\/\/www.bellunopress.it\/wp-content\/uploads\/2011\/05\/cropped-logo-bellunopress-.jpg","width":512,"height":512,"caption":"Bellunopress"},"image":{"@id":"https:\/\/www.bellunopress.it\/#\/schema\/logo\/image\/"},"sameAs":["https:\/\/www.facebook.com\/profile.php?id=100008943462799","https:\/\/x.com\/bellunopress","https:\/\/www.linkedin.com\/hp\/?dnr=JBzUWaJfMUw8vbXJJ2tVW5-I3jZKvC4wsoxE&amp;amp;amp;amp;amp;amp;trk=nav_responsive_tab_home","https:\/\/www.youtube.com\/channel\/UCxL0wu1uN0_3_7hGG0306cw"]},{"@type":"Person","@id":"https:\/\/www.bellunopress.it\/#\/schema\/person\/79bb06722b37ece1c03d3e94beb30d73","name":"r\u00e9daction","image":{"@type":"ImageObject","inLanguage":"fr-FR","@id":"https:\/\/secure.gravatar.com\/avatar\/37d968a2e67a6fd04c169c4bdef102d0bc5d31b2546345219e348575eb80e9a0?s=96&d=mm&r=g","url":"https:\/\/secure.gravatar.com\/avatar\/37d968a2e67a6fd04c169c4bdef102d0bc5d31b2546345219e348575eb80e9a0?s=96&d=mm&r=g","contentUrl":"https:\/\/secure.gravatar.com\/avatar\/37d968a2e67a6fd04c169c4bdef102d0bc5d31b2546345219e348575eb80e9a0?s=96&d=mm&r=g","caption":"redazione"},"sameAs":["http:\/\/www.bellunopress.it","https:\/\/x.com\/bellunopress"],"url":"https:\/\/www.bellunopress.it\/fr\/author\/redazione\/"}]}},"_links":{"self":[{"href":"https:\/\/www.bellunopress.it\/fr\/wp-json\/wp\/v2\/posts\/136920","targetHints":{"allow":["GET"]}}],"collection":[{"href":"https:\/\/www.bellunopress.it\/fr\/wp-json\/wp\/v2\/posts"}],"about":[{"href":"https:\/\/www.bellunopress.it\/fr\/wp-json\/wp\/v2\/types\/post"}],"author":[{"embeddable":true,"href":"https:\/\/www.bellunopress.it\/fr\/wp-json\/wp\/v2\/users\/2"}],"replies":[{"embeddable":true,"href":"https:\/\/www.bellunopress.it\/fr\/wp-json\/wp\/v2\/comments?post=136920"}],"version-history":[{"count":1,"href":"https:\/\/www.bellunopress.it\/fr\/wp-json\/wp\/v2\/posts\/136920\/revisions"}],"predecessor-version":[{"id":136921,"href":"https:\/\/www.bellunopress.it\/fr\/wp-json\/wp\/v2\/posts\/136920\/revisions\/136921"}],"wp:featuredmedia":[{"embeddable":true,"href":"https:\/\/www.bellunopress.it\/fr\/wp-json\/wp\/v2\/media\/132239"}],"wp:attachment":[{"href":"https:\/\/www.bellunopress.it\/fr\/wp-json\/wp\/v2\/media?parent=136920"}],"wp:term":[{"taxonomy":"category","embeddable":true,"href":"https:\/\/www.bellunopress.it\/fr\/wp-json\/wp\/v2\/categories?post=136920"},{"taxonomy":"post_tag","embeddable":true,"href":"https:\/\/www.bellunopress.it\/fr\/wp-json\/wp\/v2\/tags?post=136920"}],"curies":[{"name":"wp","href":"https:\/\/api.w.org\/{rel}","templated":true}]}}