{"id":136884,"date":"2022-10-10T10:12:11","date_gmt":"2022-10-10T08:12:11","guid":{"rendered":"https:\/\/www.bellunopress.it\/?p=136884"},"modified":"2022-10-10T10:12:11","modified_gmt":"2022-10-10T08:12:11","slug":"una-rosa-per-norma-commemorata-ieri-la-giovane-istriana-uccisa-nel-1943","status":"publish","type":"post","link":"https:\/\/www.bellunopress.it\/fr\/2022\/10\/10\/una-rosa-per-norma-commemorata-ieri-la-giovane-istriana-uccisa-nel-1943\/","title":{"rendered":"Una rosa per Norma. Commemorata ieri la giovane istriana uccisa nel 1943"},"content":{"rendered":"<figure id=\"attachment_101861\" aria-describedby=\"caption-attachment-101861\" style=\"width: 300px\" class=\"wp-caption alignleft\"><img loading=\"lazy\" decoding=\"async\" class=\"size-full wp-image-101861\" src=\"https:\/\/www.bellunopress.it\/wp-content\/uploads\/2019\/02\/Norma-Cossetto.jpg\" alt=\"\" width=\"300\" height=\"243\" \/><figcaption id=\"caption-attachment-101861\" class=\"wp-caption-text\">Norma Cossetto<\/figcaption><\/figure>\n<p>La settimana scorsa si sono svolte le commemorazioni \u201cUna rosa per Norma\u201d2022, rispettivamente a Belluno davanti al monumento dedicato alle foibe, Pecol di Zoldo nell\u2019anfiteatro adiacente alla chiesa, e Ponte nelle Alpi davanti alla biblioteca civica.<\/p>\n<p>Le manifestazioni sono state promosse in tutta Italia dal Comitato 10 Febbraio e nella provincia di Belluno in collaborazione con Associazione Nazionale Venezia Giulia e Dalmazia per onorare la memoria della giovane istriana, seviziata e uccisa nel 1943 dai partigiani comunisti slavi. Oltre 230 citt\u00e0 in Italia e all\u2019estero hanno ricordato Norma<br \/>\nL\u2019evento a Belluno ha visto la presenza dell\u2019assessore alla Cultura Raffaele Addamiano , degli assessori Mazzoccoli e Luciani, del senatore De Carlo, di molti consiglieri e delle associazioni combattentistiche d\u2019arma civili e militari e di moltissimi cittadini.<\/p>\n<p>L\u2019evento a Ponte Nelle Alpi ha visto la presenza del sindaco Vendramini, il consigliere Alessandro Farina e le Associazioni d\u2019arma civili e militari e di tanti cittadini<br \/>\n\u201cSono state delle cerimonie semplici e molto partecipate \u2013 dichiara Noemi D\u2019inc\u00e0 delegato provinciale del comitato 10 febbraio, abbiamo ricordato degnamente il sacrificio di Norma Cossetto, la giovane studentessa istriana che nel lontano 1943 venne sequestrata, stuprata e gettata in una foiba dai partigiani comunisti slavi. Dopo la deposizione di una rosa, abbiamo ricordato ai presenti la vita e l\u2019eroica fine della giovane studentessa.<br \/>\n\u00c8 stata una manifestazione condivisa che \u00e8 andata oltre gli schieramenti partitici e ha goduto dell\u2019apprezzamento di tutti i cittadini.<\/p>","protected":false},"excerpt":{"rendered":"<p>La settimana scorsa si sono svolte le commemorazioni \u201cUna rosa per Norma\u201d2022, rispettivamente a Belluno davanti al monumento dedicato alle foibe, Pecol di Zoldo nell\u2019anfiteatro adiacente alla chiesa, e Ponte nelle Alpi davanti alla biblioteca civica. Le manifestazioni sono state promosse in tutta Italia dal Comitato 10 Febbraio e nella provincia di Belluno in collaborazione [&hellip;]<\/p>\n","protected":false},"author":2,"featured_media":101861,"comment_status":"closed","ping_status":"open","sticky":false,"template":"","format":"standard","meta":{"footnotes":""},"categories":[26,8],"tags":[],"class_list":["post-136884","post","type-post","status-publish","format-standard","has-post-thumbnail","category-prima-pagina","category-societa-istituzioni"],"yoast_head":"<!-- This site is optimized with the Yoast SEO plugin v28.4 - https:\/\/yoast.com\/product\/yoast-seo-wordpress\/ -->\n<title>Una rosa per Norma. Commemorata ieri la giovane istriana uccisa nel 1943 - Bellunopress - Dolomiti<\/title>\n<meta name=\"robots\" content=\"index, follow, max-snippet:-1, max-image-preview:large, max-video-preview:-1\" \/>\n<link rel=\"canonical\" href=\"https:\/\/www.bellunopress.it\/fr\/2022\/10\/10\/una-rosa-per-norma-commemorata-ieri-la-giovane-istriana-uccisa-nel-1943\/\" \/>\n<meta property=\"og:locale\" content=\"fr_FR\" \/>\n<meta property=\"og:type\" content=\"article\" \/>\n<meta property=\"og:title\" content=\"Una rosa per Norma. Commemorata ieri la giovane istriana uccisa nel 1943 - Bellunopress - Dolomiti\" \/>\n<meta property=\"og:description\" content=\"La settimana scorsa si sono svolte le commemorazioni \u201cUna rosa per Norma\u201d2022, rispettivamente a Belluno davanti al monumento dedicato alle foibe, Pecol di Zoldo nell\u2019anfiteatro adiacente alla chiesa, e Ponte nelle Alpi davanti alla biblioteca civica. Le manifestazioni sono state promosse in tutta Italia dal Comitato 10 Febbraio e nella provincia di Belluno in collaborazione [&hellip;]\" \/>\n<meta property=\"og:url\" content=\"https:\/\/www.bellunopress.it\/fr\/2022\/10\/10\/una-rosa-per-norma-commemorata-ieri-la-giovane-istriana-uccisa-nel-1943\/\" \/>\n<meta property=\"og:site_name\" content=\"Bellunopress - Dolomiti\" \/>\n<meta property=\"article:publisher\" content=\"https:\/\/www.facebook.com\/profile.php?id=100008943462799\" \/>\n<meta property=\"article:published_time\" content=\"2022-10-10T08:12:11+00:00\" \/>\n<meta property=\"og:image\" content=\"https:\/\/www.bellunopress.it\/wp-content\/uploads\/2019\/02\/Norma-Cossetto.jpg\" \/>\n\t<meta property=\"og:image:width\" content=\"300\" \/>\n\t<meta property=\"og:image:height\" content=\"243\" \/>\n\t<meta property=\"og:image:type\" content=\"image\/jpeg\" \/>\n<meta name=\"author\" content=\"redazione\" \/>\n<meta name=\"twitter:card\" content=\"summary_large_image\" \/>\n<meta name=\"twitter:creator\" content=\"@bellunopress\" \/>\n<meta name=\"twitter:site\" content=\"@bellunopress\" \/>\n<meta name=\"twitter:label1\" content=\"\u00c9crit par\" \/>\n\t<meta name=\"twitter:data1\" content=\"redazione\" \/>\n\t<meta name=\"twitter:label2\" content=\"Dur\u00e9e de lecture estim\u00e9e\" \/>\n\t<meta name=\"twitter:data2\" content=\"2 minutes\" \/>\n<script type=\"application\/ld+json\" class=\"yoast-schema-graph\">{\"@context\":\"https:\\\/\\\/schema.org\",\"@graph\":[{\"@type\":\"Article\",\"@id\":\"https:\\\/\\\/www.bellunopress.it\\\/2022\\\/10\\\/10\\\/una-rosa-per-norma-commemorata-ieri-la-giovane-istriana-uccisa-nel-1943\\\/#article\",\"isPartOf\":{\"@id\":\"https:\\\/\\\/www.bellunopress.it\\\/2022\\\/10\\\/10\\\/una-rosa-per-norma-commemorata-ieri-la-giovane-istriana-uccisa-nel-1943\\\/\"},\"author\":{\"name\":\"redazione\",\"@id\":\"https:\\\/\\\/www.bellunopress.it\\\/#\\\/schema\\\/person\\\/79bb06722b37ece1c03d3e94beb30d73\"},\"headline\":\"Una rosa per Norma. Commemorata ieri la giovane istriana uccisa nel 1943\",\"datePublished\":\"2022-10-10T08:12:11+00:00\",\"mainEntityOfPage\":{\"@id\":\"https:\\\/\\\/www.bellunopress.it\\\/2022\\\/10\\\/10\\\/una-rosa-per-norma-commemorata-ieri-la-giovane-istriana-uccisa-nel-1943\\\/\"},\"wordCount\":257,\"publisher\":{\"@id\":\"https:\\\/\\\/www.bellunopress.it\\\/#organization\"},\"image\":{\"@id\":\"https:\\\/\\\/www.bellunopress.it\\\/2022\\\/10\\\/10\\\/una-rosa-per-norma-commemorata-ieri-la-giovane-istriana-uccisa-nel-1943\\\/#primaryimage\"},\"thumbnailUrl\":\"https:\\\/\\\/www.bellunopress.it\\\/wp-content\\\/uploads\\\/2019\\\/02\\\/Norma-Cossetto.jpg\",\"articleSection\":[\"Prima Pagina\",\"Societ\u00e0, Associazioni, Istituzioni\"],\"inLanguage\":\"fr-FR\"},{\"@type\":\"WebPage\",\"@id\":\"https:\\\/\\\/www.bellunopress.it\\\/2022\\\/10\\\/10\\\/una-rosa-per-norma-commemorata-ieri-la-giovane-istriana-uccisa-nel-1943\\\/\",\"url\":\"https:\\\/\\\/www.bellunopress.it\\\/2022\\\/10\\\/10\\\/una-rosa-per-norma-commemorata-ieri-la-giovane-istriana-uccisa-nel-1943\\\/\",\"name\":\"Una rosa per Norma. Commemorata ieri la giovane istriana uccisa nel 1943 - Bellunopress - Dolomiti\",\"isPartOf\":{\"@id\":\"https:\\\/\\\/www.bellunopress.it\\\/#website\"},\"primaryImageOfPage\":{\"@id\":\"https:\\\/\\\/www.bellunopress.it\\\/2022\\\/10\\\/10\\\/una-rosa-per-norma-commemorata-ieri-la-giovane-istriana-uccisa-nel-1943\\\/#primaryimage\"},\"image\":{\"@id\":\"https:\\\/\\\/www.bellunopress.it\\\/2022\\\/10\\\/10\\\/una-rosa-per-norma-commemorata-ieri-la-giovane-istriana-uccisa-nel-1943\\\/#primaryimage\"},\"thumbnailUrl\":\"https:\\\/\\\/www.bellunopress.it\\\/wp-content\\\/uploads\\\/2019\\\/02\\\/Norma-Cossetto.jpg\",\"datePublished\":\"2022-10-10T08:12:11+00:00\",\"breadcrumb\":{\"@id\":\"https:\\\/\\\/www.bellunopress.it\\\/2022\\\/10\\\/10\\\/una-rosa-per-norma-commemorata-ieri-la-giovane-istriana-uccisa-nel-1943\\\/#breadcrumb\"},\"inLanguage\":\"fr-FR\",\"potentialAction\":[{\"@type\":\"ReadAction\",\"target\":[\"https:\\\/\\\/www.bellunopress.it\\\/2022\\\/10\\\/10\\\/una-rosa-per-norma-commemorata-ieri-la-giovane-istriana-uccisa-nel-1943\\\/\"]}]},{\"@type\":\"ImageObject\",\"inLanguage\":\"fr-FR\",\"@id\":\"https:\\\/\\\/www.bellunopress.it\\\/2022\\\/10\\\/10\\\/una-rosa-per-norma-commemorata-ieri-la-giovane-istriana-uccisa-nel-1943\\\/#primaryimage\",\"url\":\"https:\\\/\\\/www.bellunopress.it\\\/wp-content\\\/uploads\\\/2019\\\/02\\\/Norma-Cossetto.jpg\",\"contentUrl\":\"https:\\\/\\\/www.bellunopress.it\\\/wp-content\\\/uploads\\\/2019\\\/02\\\/Norma-Cossetto.jpg\",\"width\":300,\"height\":243,\"caption\":\"Norma Cossetto\"},{\"@type\":\"BreadcrumbList\",\"@id\":\"https:\\\/\\\/www.bellunopress.it\\\/2022\\\/10\\\/10\\\/una-rosa-per-norma-commemorata-ieri-la-giovane-istriana-uccisa-nel-1943\\\/#breadcrumb\",\"itemListElement\":[{\"@type\":\"ListItem\",\"position\":1,\"name\":\"Home\",\"item\":\"https:\\\/\\\/www.bellunopress.it\\\/\"},{\"@type\":\"ListItem\",\"position\":2,\"name\":\"Una rosa per Norma. Commemorata ieri la giovane istriana uccisa nel 1943\"}]},{\"@type\":\"WebSite\",\"@id\":\"https:\\\/\\\/www.bellunopress.it\\\/#website\",\"url\":\"https:\\\/\\\/www.bellunopress.it\\\/\",\"name\":\"Bellunopress - Dolomiti\",\"description\":\"e-mail: redazione@bellunopress.it\",\"publisher\":{\"@id\":\"https:\\\/\\\/www.bellunopress.it\\\/#organization\"},\"potentialAction\":[{\"@type\":\"SearchAction\",\"target\":{\"@type\":\"EntryPoint\",\"urlTemplate\":\"https:\\\/\\\/www.bellunopress.it\\\/?s={search_term_string}\"},\"query-input\":{\"@type\":\"PropertyValueSpecification\",\"valueRequired\":true,\"valueName\":\"search_term_string\"}}],\"inLanguage\":\"fr-FR\"},{\"@type\":\"Organization\",\"@id\":\"https:\\\/\\\/www.bellunopress.it\\\/#organization\",\"name\":\"Bellunopress\",\"url\":\"https:\\\/\\\/www.bellunopress.it\\\/\",\"logo\":{\"@type\":\"ImageObject\",\"inLanguage\":\"fr-FR\",\"@id\":\"https:\\\/\\\/www.bellunopress.it\\\/#\\\/schema\\\/logo\\\/image\\\/\",\"url\":\"https:\\\/\\\/www.bellunopress.it\\\/wp-content\\\/uploads\\\/2011\\\/05\\\/cropped-logo-bellunopress-.jpg\",\"contentUrl\":\"https:\\\/\\\/www.bellunopress.it\\\/wp-content\\\/uploads\\\/2011\\\/05\\\/cropped-logo-bellunopress-.jpg\",\"width\":512,\"height\":512,\"caption\":\"Bellunopress\"},\"image\":{\"@id\":\"https:\\\/\\\/www.bellunopress.it\\\/#\\\/schema\\\/logo\\\/image\\\/\"},\"sameAs\":[\"https:\\\/\\\/www.facebook.com\\\/profile.php?id=100008943462799\",\"https:\\\/\\\/x.com\\\/bellunopress\",\"https:\\\/\\\/www.linkedin.com\\\/hp\\\/?dnr=JBzUWaJfMUw8vbXJJ2tVW5-I3jZKvC4wsoxE&amp;amp;amp;amp;amp;amp;trk=nav_responsive_tab_home\",\"https:\\\/\\\/www.youtube.com\\\/channel\\\/UCxL0wu1uN0_3_7hGG0306cw\"]},{\"@type\":\"Person\",\"@id\":\"https:\\\/\\\/www.bellunopress.it\\\/#\\\/schema\\\/person\\\/79bb06722b37ece1c03d3e94beb30d73\",\"name\":\"redazione\",\"image\":{\"@type\":\"ImageObject\",\"inLanguage\":\"fr-FR\",\"@id\":\"https:\\\/\\\/secure.gravatar.com\\\/avatar\\\/37d968a2e67a6fd04c169c4bdef102d0bc5d31b2546345219e348575eb80e9a0?s=96&d=mm&r=g\",\"url\":\"https:\\\/\\\/secure.gravatar.com\\\/avatar\\\/37d968a2e67a6fd04c169c4bdef102d0bc5d31b2546345219e348575eb80e9a0?s=96&d=mm&r=g\",\"contentUrl\":\"https:\\\/\\\/secure.gravatar.com\\\/avatar\\\/37d968a2e67a6fd04c169c4bdef102d0bc5d31b2546345219e348575eb80e9a0?s=96&d=mm&r=g\",\"caption\":\"redazione\"},\"sameAs\":[\"http:\\\/\\\/www.bellunopress.it\",\"https:\\\/\\\/x.com\\\/bellunopress\"],\"url\":\"https:\\\/\\\/www.bellunopress.it\\\/fr\\\/author\\\/redazione\\\/\"}]}<\/script>\n<!-- \/ Yoast SEO plugin. -->","yoast_head_json":{"title":"Una rosa per Norma. Commemorata ieri la giovane istriana uccisa nel 1943 - Bellunopress - Dolomiti","robots":{"index":"index","follow":"follow","max-snippet":"max-snippet:-1","max-image-preview":"max-image-preview:large","max-video-preview":"max-video-preview:-1"},"canonical":"https:\/\/www.bellunopress.it\/fr\/2022\/10\/10\/una-rosa-per-norma-commemorata-ieri-la-giovane-istriana-uccisa-nel-1943\/","og_locale":"fr_FR","og_type":"article","og_title":"Una rosa per Norma. Commemorata ieri la giovane istriana uccisa nel 1943 - Bellunopress - Dolomiti","og_description":"La settimana scorsa si sono svolte le commemorazioni \u201cUna rosa per Norma\u201d2022, rispettivamente a Belluno davanti al monumento dedicato alle foibe, Pecol di Zoldo nell\u2019anfiteatro adiacente alla chiesa, e Ponte nelle Alpi davanti alla biblioteca civica. Le manifestazioni sono state promosse in tutta Italia dal Comitato 10 Febbraio e nella provincia di Belluno in collaborazione [&hellip;]","og_url":"https:\/\/www.bellunopress.it\/fr\/2022\/10\/10\/una-rosa-per-norma-commemorata-ieri-la-giovane-istriana-uccisa-nel-1943\/","og_site_name":"Bellunopress - Dolomiti","article_publisher":"https:\/\/www.facebook.com\/profile.php?id=100008943462799","article_published_time":"2022-10-10T08:12:11+00:00","og_image":[{"width":300,"height":243,"url":"https:\/\/www.bellunopress.it\/wp-content\/uploads\/2019\/02\/Norma-Cossetto.jpg","type":"image\/jpeg"}],"author":"redazione","twitter_card":"summary_large_image","twitter_creator":"@bellunopress","twitter_site":"@bellunopress","twitter_misc":{"\u00c9crit par":"redazione","Dur\u00e9e de lecture estim\u00e9e":"2 minutes"},"schema":{"@context":"https:\/\/schema.org","@graph":[{"@type":"Article","@id":"https:\/\/www.bellunopress.it\/2022\/10\/10\/una-rosa-per-norma-commemorata-ieri-la-giovane-istriana-uccisa-nel-1943\/#article","isPartOf":{"@id":"https:\/\/www.bellunopress.it\/2022\/10\/10\/una-rosa-per-norma-commemorata-ieri-la-giovane-istriana-uccisa-nel-1943\/"},"author":{"name":"redazione","@id":"https:\/\/www.bellunopress.it\/#\/schema\/person\/79bb06722b37ece1c03d3e94beb30d73"},"headline":"Una rosa per Norma. Commemorata ieri la giovane istriana uccisa nel 1943","datePublished":"2022-10-10T08:12:11+00:00","mainEntityOfPage":{"@id":"https:\/\/www.bellunopress.it\/2022\/10\/10\/una-rosa-per-norma-commemorata-ieri-la-giovane-istriana-uccisa-nel-1943\/"},"wordCount":257,"publisher":{"@id":"https:\/\/www.bellunopress.it\/#organization"},"image":{"@id":"https:\/\/www.bellunopress.it\/2022\/10\/10\/una-rosa-per-norma-commemorata-ieri-la-giovane-istriana-uccisa-nel-1943\/#primaryimage"},"thumbnailUrl":"https:\/\/www.bellunopress.it\/wp-content\/uploads\/2019\/02\/Norma-Cossetto.jpg","articleSection":["Prima Pagina","Societ\u00e0, Associazioni, Istituzioni"],"inLanguage":"fr-FR"},{"@type":"WebPage","@id":"https:\/\/www.bellunopress.it\/2022\/10\/10\/una-rosa-per-norma-commemorata-ieri-la-giovane-istriana-uccisa-nel-1943\/","url":"https:\/\/www.bellunopress.it\/2022\/10\/10\/una-rosa-per-norma-commemorata-ieri-la-giovane-istriana-uccisa-nel-1943\/","name":"Una rosa per Norma. Commemorata ieri la giovane istriana uccisa nel 1943 - Bellunopress - Dolomiti","isPartOf":{"@id":"https:\/\/www.bellunopress.it\/#website"},"primaryImageOfPage":{"@id":"https:\/\/www.bellunopress.it\/2022\/10\/10\/una-rosa-per-norma-commemorata-ieri-la-giovane-istriana-uccisa-nel-1943\/#primaryimage"},"image":{"@id":"https:\/\/www.bellunopress.it\/2022\/10\/10\/una-rosa-per-norma-commemorata-ieri-la-giovane-istriana-uccisa-nel-1943\/#primaryimage"},"thumbnailUrl":"https:\/\/www.bellunopress.it\/wp-content\/uploads\/2019\/02\/Norma-Cossetto.jpg","datePublished":"2022-10-10T08:12:11+00:00","breadcrumb":{"@id":"https:\/\/www.bellunopress.it\/2022\/10\/10\/una-rosa-per-norma-commemorata-ieri-la-giovane-istriana-uccisa-nel-1943\/#breadcrumb"},"inLanguage":"fr-FR","potentialAction":[{"@type":"ReadAction","target":["https:\/\/www.bellunopress.it\/2022\/10\/10\/una-rosa-per-norma-commemorata-ieri-la-giovane-istriana-uccisa-nel-1943\/"]}]},{"@type":"ImageObject","inLanguage":"fr-FR","@id":"https:\/\/www.bellunopress.it\/2022\/10\/10\/una-rosa-per-norma-commemorata-ieri-la-giovane-istriana-uccisa-nel-1943\/#primaryimage","url":"https:\/\/www.bellunopress.it\/wp-content\/uploads\/2019\/02\/Norma-Cossetto.jpg","contentUrl":"https:\/\/www.bellunopress.it\/wp-content\/uploads\/2019\/02\/Norma-Cossetto.jpg","width":300,"height":243,"caption":"Norma Cossetto"},{"@type":"BreadcrumbList","@id":"https:\/\/www.bellunopress.it\/2022\/10\/10\/una-rosa-per-norma-commemorata-ieri-la-giovane-istriana-uccisa-nel-1943\/#breadcrumb","itemListElement":[{"@type":"ListItem","position":1,"name":"Home","item":"https:\/\/www.bellunopress.it\/"},{"@type":"ListItem","position":2,"name":"Una rosa per Norma. Commemorata ieri la giovane istriana uccisa nel 1943"}]},{"@type":"WebSite","@id":"https:\/\/www.bellunopress.it\/#website","url":"https:\/\/www.bellunopress.it\/","name":"Bellunopress - Dolomiti","description":"e-mail: redazione@bellunopress.it","publisher":{"@id":"https:\/\/www.bellunopress.it\/#organization"},"potentialAction":[{"@type":"SearchAction","target":{"@type":"EntryPoint","urlTemplate":"https:\/\/www.bellunopress.it\/?s={search_term_string}"},"query-input":{"@type":"PropertyValueSpecification","valueRequired":true,"valueName":"search_term_string"}}],"inLanguage":"fr-FR"},{"@type":"Organization","@id":"https:\/\/www.bellunopress.it\/#organization","name":"Bellunopress","url":"https:\/\/www.bellunopress.it\/","logo":{"@type":"ImageObject","inLanguage":"fr-FR","@id":"https:\/\/www.bellunopress.it\/#\/schema\/logo\/image\/","url":"https:\/\/www.bellunopress.it\/wp-content\/uploads\/2011\/05\/cropped-logo-bellunopress-.jpg","contentUrl":"https:\/\/www.bellunopress.it\/wp-content\/uploads\/2011\/05\/cropped-logo-bellunopress-.jpg","width":512,"height":512,"caption":"Bellunopress"},"image":{"@id":"https:\/\/www.bellunopress.it\/#\/schema\/logo\/image\/"},"sameAs":["https:\/\/www.facebook.com\/profile.php?id=100008943462799","https:\/\/x.com\/bellunopress","https:\/\/www.linkedin.com\/hp\/?dnr=JBzUWaJfMUw8vbXJJ2tVW5-I3jZKvC4wsoxE&amp;amp;amp;amp;amp;amp;trk=nav_responsive_tab_home","https:\/\/www.youtube.com\/channel\/UCxL0wu1uN0_3_7hGG0306cw"]},{"@type":"Person","@id":"https:\/\/www.bellunopress.it\/#\/schema\/person\/79bb06722b37ece1c03d3e94beb30d73","name":"r\u00e9daction","image":{"@type":"ImageObject","inLanguage":"fr-FR","@id":"https:\/\/secure.gravatar.com\/avatar\/37d968a2e67a6fd04c169c4bdef102d0bc5d31b2546345219e348575eb80e9a0?s=96&d=mm&r=g","url":"https:\/\/secure.gravatar.com\/avatar\/37d968a2e67a6fd04c169c4bdef102d0bc5d31b2546345219e348575eb80e9a0?s=96&d=mm&r=g","contentUrl":"https:\/\/secure.gravatar.com\/avatar\/37d968a2e67a6fd04c169c4bdef102d0bc5d31b2546345219e348575eb80e9a0?s=96&d=mm&r=g","caption":"redazione"},"sameAs":["http:\/\/www.bellunopress.it","https:\/\/x.com\/bellunopress"],"url":"https:\/\/www.bellunopress.it\/fr\/author\/redazione\/"}]}},"_links":{"self":[{"href":"https:\/\/www.bellunopress.it\/fr\/wp-json\/wp\/v2\/posts\/136884","targetHints":{"allow":["GET"]}}],"collection":[{"href":"https:\/\/www.bellunopress.it\/fr\/wp-json\/wp\/v2\/posts"}],"about":[{"href":"https:\/\/www.bellunopress.it\/fr\/wp-json\/wp\/v2\/types\/post"}],"author":[{"embeddable":true,"href":"https:\/\/www.bellunopress.it\/fr\/wp-json\/wp\/v2\/users\/2"}],"replies":[{"embeddable":true,"href":"https:\/\/www.bellunopress.it\/fr\/wp-json\/wp\/v2\/comments?post=136884"}],"version-history":[{"count":1,"href":"https:\/\/www.bellunopress.it\/fr\/wp-json\/wp\/v2\/posts\/136884\/revisions"}],"predecessor-version":[{"id":136885,"href":"https:\/\/www.bellunopress.it\/fr\/wp-json\/wp\/v2\/posts\/136884\/revisions\/136885"}],"wp:featuredmedia":[{"embeddable":true,"href":"https:\/\/www.bellunopress.it\/fr\/wp-json\/wp\/v2\/media\/101861"}],"wp:attachment":[{"href":"https:\/\/www.bellunopress.it\/fr\/wp-json\/wp\/v2\/media?parent=136884"}],"wp:term":[{"taxonomy":"category","embeddable":true,"href":"https:\/\/www.bellunopress.it\/fr\/wp-json\/wp\/v2\/categories?post=136884"},{"taxonomy":"post_tag","embeddable":true,"href":"https:\/\/www.bellunopress.it\/fr\/wp-json\/wp\/v2\/tags?post=136884"}],"curies":[{"name":"wp","href":"https:\/\/api.w.org\/{rel}","templated":true}]}}