{"id":136868,"date":"2022-10-09T17:36:56","date_gmt":"2022-10-09T15:36:56","guid":{"rendered":"https:\/\/www.bellunopress.it\/?p=136868"},"modified":"2022-10-09T17:36:56","modified_gmt":"2022-10-09T15:36:56","slug":"59mo-anniversario-del-disastro-del-vajont-intervento-di-commemorazione-di-roberto-padrin-sindaco-di-longarone-del-sin","status":"publish","type":"post","link":"https:\/\/www.bellunopress.it\/fr\/2022\/10\/09\/59mo-anniversario-del-disastro-del-vajont-intervento-di-commemorazione-di-roberto-padrin-sindaco-di-longarone-del-sin\/","title":{"rendered":"59mo anniversario del disastro del Vajont. Intervento di commemorazione di Roberto Padrin, sindaco di Longarone del sin"},"content":{"rendered":"<figure id=\"attachment_112897\" aria-describedby=\"caption-attachment-112897\" style=\"width: 448px\" class=\"wp-caption alignleft\"><img loading=\"lazy\" decoding=\"async\" class=\"size-full wp-image-112897\" src=\"https:\/\/www.bellunopress.it\/wp-content\/uploads\/2020\/03\/Roberto-Padrin.jpg\" alt=\"\" width=\"448\" height=\"561\" srcset=\"https:\/\/www.bellunopress.it\/wp-content\/uploads\/2020\/03\/Roberto-Padrin.jpg 448w, https:\/\/www.bellunopress.it\/wp-content\/uploads\/2020\/03\/Roberto-Padrin-399x500.jpg 399w, https:\/\/www.bellunopress.it\/wp-content\/uploads\/2020\/03\/Roberto-Padrin-335x420.jpg 335w\" sizes=\"auto, (max-width: 448px) 100vw, 448px\" \/><figcaption id=\"caption-attachment-112897\" class=\"wp-caption-text\">Roberto Padrin &#8211; Presidente della Provincia e sindaco di Longarone<\/figcaption><\/figure>\n<p>Longarone, 9 ottobre 2022 &#8211; Oggi sono 59 anni dal quel 9 ottobre 1963 che ha segnato indelebilmente la storia delle nostre comunit\u00e0 e a tutti voi che oggi siete qui a condividere questo momento di preghiera e di ricordo, porgo il benvenuto, anche da parte dei Sindaci di Erto e Casso, di Vajont, di Ponte nelle Alpi e delle comunit\u00e0 che rappresentiamo.<\/p>\n<p>Indirizziamo il nostro saluto, doverosamente, al Ministro Federico D\u2019Inc\u00e0, al Prefetto di Belluno, a tutte le autorit\u00e0 civili, militari e religiose, ai superstiti e ai sopravvissuti di una tragedia che ancor oggi \u00e8 parte di noi.<br \/>\nSiamo qui, come ogni nove ottobre, a ricordare mestamente i fatti che hanno devastato queste nostre laboriose e virtuose comunit\u00e0 e, anzitutto, le Vittime di quello che \u00e8 stato un &#8220;eccidio&#8221; consumato per un puro egoismo umano, teso al mero profitto.<br \/>\nQuesta volta in un contesto nazionale ed internazionale di grande criticit\u00e0 sociale ed economica globale. Dopo la pandemia che ha ingessato, ormai da tre anni, quasi tutte le Nazioni del Mondo, il nostro Pianeta \u00e8 pervaso da venti di tempesta che ne stanno paventando timori in tutta la Terra, quali i cambiamenti climatici, le guerre geo politiche ed economiche, in uno scenario internazionale successivo alla fine della Guerra fredda che ha confermato il tramonto delle guerre fra grandi potenze a favore di guerre ancora pi\u00f9 disumane per gli armamenti messi in campo e le strategie energetiche volte a indebolire i popoli, impotenti di fronte a tanta spregiudicatezza e sete di potere.<br \/>\nIl Vajont rappresenta anche questo scenario, quando il tentativo di dare ricchezza ha lasciato i superstiti tra l&#8217;acre odore della morte di 1.910 innocenti, familiari e amici, molti dispersi e molti non riconosciuti. Elaborare il distacco dai propri cari, spariti in pochi minuti, \u00e8 stato un mutamento cos\u00ec faticoso che ancora oggi troviamo superstiti che non vogliono esprimere sentimenti.<\/p>\n<p>Introducendo questo intervento commemorativo desidero anche ringraziare tutti i presenti, gli amici sempre arrivati da Bagni di Lucca, citt\u00e0 a noi gemellata, con in testa il vicesindaco Sebastiano Pacini, di Caerano San Marco e di Tesero, paesi con i quali abbiamo stretto dei Patti di amicizia, nel segno di comuni destini, ma anche coloro che non possono esserci, ma che idealmente qui noi oggi abbracciamo. In questi anni abbiamo perduto tanti soccorritori, tanti superstiti, tanti sopravvissuti, ma oggi non posso non ricordare che questo \u00e8 il primo anniversario che celebriamo senza il maestro Gianni Olivier, l\u2019Informatore della Memoria del Vajont con la I maiuscola, colui che ha insegnato a generazioni e generazioni di giovani e li ha fatti crescere, colui che ha raccontato il Vajont con equilibrio e umanit\u00e0 nonostante il suo cuore fosse gonfio di profonda tristezza perch\u00e9 tutto questo lo riportava a quei giorni di dolore dove perse in un colpo solo la mamma, il pap\u00e0 e il fratello Angelo. L&#8217;opera di volontariato, a favore della Memoria, svolta dal maestro Gianni nel dopo Vajont, rimarr\u00e0 scolpita nelle nostre menti e nei libri che ha contribuito a scrivere raccogliendo i nomi di tutte le vittime, delle loro famiglie, fotografando lapidi, raccolto un tesoro di informazioni che ha \u201cdonato\u201d a tutti. Lo salutiamo anche oggi con un &#8220;Ciao maestro&#8221;, come a lui piaceva.<\/p>\n<p>Ma oggi siamo qui anche per incontrare ed abbracciare, simbolicamente, tutte quelle migliaia di persone che ci aiutarono a ripartire nel segno di una straordinaria solidariet\u00e0. Ieri abbiamo incontrato in municipio Serafino, nomino lui per tutti. Abita a Cortona ed \u00e8 tornato con il figlio in queste terre per la prima volta 59 anni dopo il disastro. Nei suoi occhi l\u2019emozione di un tratto della sua vita che ha mai scordato e che non scorder\u00e0 mai. Con lui molti sono qui oggi, come ogni anno, a condividere questo momento dedicato alla memoria, partecipando con la commozione scolpita nei loro animi ricordando giornate strazianti tra corpi mutilati che hanno saputo raccogliere con gesti di grande rispetto e umanit\u00e0. Sono queste le persone che hanno saputo trasmettere a tanti giovani e meno giovani di oggi il senso della solidariet\u00e0 e rappresentano una straordinaria ricchezza del nostro Paese. Sono loro che hanno aiutato le Marche ad uscire da un nuovo dramma alcune settimane fa. A tutti loro non ci stancheremo mai di dire GRAZIE!!! A loro in occasione del 60. Riserveremo un tributo di valore speciale. Loro sono consapevoli, sanno, per averlo vissuto, che il Vajont poteva essere preso ad esempio dalle nuove generazioni quale monito perenne contro l&#8217;egoismo diffuso, ma nonostante il grande messaggio di pace e progresso per il bene collettivo, che poteva rappresentare, non ha ancora contagiato virtuosamente i popoli di questo magnifico pianeta, dove la magia dell&#8217;amore, dell&#8217;altruismo, della solidariet\u00e0, potrebbero offrire una spinta straordinaria alla costruzione di ponti tra i popoli e non allo scavo di ulteriori fossati, come troppo spesso accade.<\/p>\n<p>Abbiamo una traccia che ci indica il percorso per vivere bene la nostra permanenza sulla Terra, mi chiedo, talvolta, perch\u00e9 non venga utilizzata diffusamente per trasmettere un messaggio forte sui valori dell&#8217;umanit\u00e0. Mi riferisco, lo avrete capito, al &#8220;Cantico delle creature&#8221; che il Santo Patrono d&#8217;Italia, San Francesco d&#8217;Assisi, rivolge al Signore lodandone le sue opere poste a favore di quella che noi oggi chiamiamo &#8220;Qualit\u00e0 della Vita&#8221;. Se quel messaggio fosse stato colto e divulgato nel mondo, oggi, probabilmente, la prudenza avrebbe accompagnato responsabilmente le attivit\u00e0 sviluppate dall&#8217;uomo nel corso dei secoli.<\/p>\n<p>Vado piano piano a concludere ricordando che sabato 22 ottobre verr\u00e0 presentato il logo del 60\u00b0 anniversario del disastro del Vajont, sotto il cui simbolo i nostri Comuni, le Associazioni locali, e una pluralit\u00e0 di soggetti culturali e di volontariato stanno alimentando le proposte affinch\u00e9 il programma degli eventi commemorativi possa consolidare radici profonde alla Memoria perpetuandola nel futuro di tutte le Nazioni. Tutto il prossimo anno, dunque, verr\u00e0 attraversato da momenti di forte significato sviluppati con la competenza, maturata in occasione del 50\u00b0 anniversario, nel 2013, dalla Fondazione Vajont che Comune di Longarone, Edison, Enel e Regione del Veneto, hanno costituito in occasione del 40\u00b0 anniversario con al secondo punto del proprio Statuto che declina gli scopi statutari &#8220;la perorazione della Memoria delle Vittime del Vajont&#8221;. Fondazione Vajont che quest&#8217;anno si \u00e8 strutturata proprio per sostenere al meglio le iniziative da svolgere nel 2023.<\/p>\n<p>Vado, veramente, a finire sottolineando che il prossimo anniversario lo celebreremo con l\u2019obiettivo, da un lato, di fare Memoria per rispetto e profonda vicinanza a superstiti e sopravvissuti, dall\u2019altro con uno sguardo verso il futuro coinvolgendo i giovani, quei giovani che vedo sempre poco presenti in queste occasioni. Sulle loro spalle dovremo porre la storia e la lezione del Vajont affinch\u00e9 possano farsi carico della tristissima storia che hanno vissuto i loro genitori e trasferirla, proiettarla, nel futuro a monito perenne di quanto accadde il 9 ottobre 1963 a Erto e Casso, Longarone e Castellavazzo.<\/p>\n<p>Quest\u2019anno le celebrazioni del nove ottobre sono state intrise da una maggiore sobriet\u00e0 rispetto agli anni scorsi, ma ci\u00f2 nonostante l&#8217;emozione che emerge in ogni singolo appuntamento rappresenta una piccola pietra dedicata alla ricostruzione di questa comunit\u00e0. Ieri sera la serata della consegna del 13\u00b0 Premio Longarone \u00e8 stato assegnato a Roberto Sant, presidente della Pro Loco, instancabile esempio di impegno per la nostra comunit\u00e0, e alla famiglia Perin, con in testa l\u2019indimenticato Angelo che ha rappresentato un esempio di animazione nella ricostruzione del tessuto socio economico di Longarone, attraverso la loro attivit\u00e0 commerciale sin dai primi giorni successivi alla catastrofe ad oggi.<\/p>\n<p>Un arrivederci dunque al 9 ottobre 2023 con l&#8217;auspicio di ritrovarci tutti con il cuore pi\u00f9 sereno perch\u00e9 nel frattempo il Mondo sta cominciando a capire che le dispute, le trattative, le ambizioni, le relazioni possono essere svolte con la diplomazia piuttosto che con i cannoni o le minacce nucleari.<\/p>\n<p>&nbsp;<\/p>\n<p>&nbsp;<\/p>","protected":false},"excerpt":{"rendered":"<p>Longarone, 9 ottobre 2022 &#8211; Oggi sono 59 anni dal quel 9 ottobre 1963 che ha segnato indelebilmente la storia delle nostre comunit\u00e0 e a tutti voi che oggi siete qui a condividere questo momento di preghiera e di ricordo, porgo il benvenuto, anche da parte dei Sindaci di Erto e Casso, di Vajont, di [&hellip;]<\/p>\n","protected":false},"author":2,"featured_media":112897,"comment_status":"closed","ping_status":"open","sticky":false,"template":"","format":"standard","meta":{"footnotes":""},"categories":[26,8],"tags":[],"class_list":["post-136868","post","type-post","status-publish","format-standard","has-post-thumbnail","category-prima-pagina","category-societa-istituzioni"],"yoast_head":"<!-- This site is optimized with the Yoast SEO plugin v28.4 - https:\/\/yoast.com\/product\/yoast-seo-wordpress\/ -->\n<title>59mo anniversario del disastro del Vajont. Intervento di commemorazione di Roberto Padrin, sindaco di Longarone del sin - Bellunopress - Dolomiti<\/title>\n<meta name=\"robots\" content=\"index, follow, max-snippet:-1, max-image-preview:large, max-video-preview:-1\" \/>\n<link rel=\"canonical\" href=\"https:\/\/www.bellunopress.it\/fr\/2022\/10\/09\/59mo-anniversario-del-disastro-del-vajont-intervento-di-commemorazione-di-roberto-padrin-sindaco-di-longarone-del-sin\/\" \/>\n<meta property=\"og:locale\" content=\"fr_FR\" \/>\n<meta property=\"og:type\" content=\"article\" \/>\n<meta property=\"og:title\" content=\"59mo anniversario del disastro del Vajont. Intervento di commemorazione di Roberto Padrin, sindaco di Longarone del sin - Bellunopress - Dolomiti\" \/>\n<meta property=\"og:description\" content=\"Longarone, 9 ottobre 2022 &#8211; Oggi sono 59 anni dal quel 9 ottobre 1963 che ha segnato indelebilmente la storia delle nostre comunit\u00e0 e a tutti voi che oggi siete qui a condividere questo momento di preghiera e di ricordo, porgo il benvenuto, anche da parte dei Sindaci di Erto e Casso, di Vajont, di [&hellip;]\" \/>\n<meta property=\"og:url\" content=\"https:\/\/www.bellunopress.it\/fr\/2022\/10\/09\/59mo-anniversario-del-disastro-del-vajont-intervento-di-commemorazione-di-roberto-padrin-sindaco-di-longarone-del-sin\/\" \/>\n<meta property=\"og:site_name\" content=\"Bellunopress - Dolomiti\" \/>\n<meta property=\"article:publisher\" content=\"https:\/\/www.facebook.com\/profile.php?id=100008943462799\" \/>\n<meta property=\"article:published_time\" content=\"2022-10-09T15:36:56+00:00\" \/>\n<meta property=\"og:image\" content=\"https:\/\/www.bellunopress.it\/wp-content\/uploads\/2020\/03\/Roberto-Padrin.jpg\" \/>\n\t<meta property=\"og:image:width\" content=\"448\" \/>\n\t<meta property=\"og:image:height\" content=\"561\" \/>\n\t<meta property=\"og:image:type\" content=\"image\/jpeg\" \/>\n<meta name=\"author\" content=\"redazione\" \/>\n<meta name=\"twitter:card\" content=\"summary_large_image\" \/>\n<meta name=\"twitter:creator\" content=\"@bellunopress\" \/>\n<meta name=\"twitter:site\" content=\"@bellunopress\" \/>\n<meta name=\"twitter:label1\" content=\"\u00c9crit par\" \/>\n\t<meta name=\"twitter:data1\" content=\"redazione\" \/>\n\t<meta name=\"twitter:label2\" content=\"Dur\u00e9e de lecture estim\u00e9e\" \/>\n\t<meta name=\"twitter:data2\" content=\"8 minutes\" \/>\n<script type=\"application\/ld+json\" class=\"yoast-schema-graph\">{\"@context\":\"https:\\\/\\\/schema.org\",\"@graph\":[{\"@type\":\"Article\",\"@id\":\"https:\\\/\\\/www.bellunopress.it\\\/2022\\\/10\\\/09\\\/59mo-anniversario-del-disastro-del-vajont-intervento-di-commemorazione-di-roberto-padrin-sindaco-di-longarone-del-sin\\\/#article\",\"isPartOf\":{\"@id\":\"https:\\\/\\\/www.bellunopress.it\\\/2022\\\/10\\\/09\\\/59mo-anniversario-del-disastro-del-vajont-intervento-di-commemorazione-di-roberto-padrin-sindaco-di-longarone-del-sin\\\/\"},\"author\":{\"name\":\"redazione\",\"@id\":\"https:\\\/\\\/www.bellunopress.it\\\/#\\\/schema\\\/person\\\/79bb06722b37ece1c03d3e94beb30d73\"},\"headline\":\"59mo anniversario del disastro del Vajont. Intervento di commemorazione di Roberto Padrin, sindaco di Longarone del sin\",\"datePublished\":\"2022-10-09T15:36:56+00:00\",\"mainEntityOfPage\":{\"@id\":\"https:\\\/\\\/www.bellunopress.it\\\/2022\\\/10\\\/09\\\/59mo-anniversario-del-disastro-del-vajont-intervento-di-commemorazione-di-roberto-padrin-sindaco-di-longarone-del-sin\\\/\"},\"wordCount\":1311,\"publisher\":{\"@id\":\"https:\\\/\\\/www.bellunopress.it\\\/#organization\"},\"image\":{\"@id\":\"https:\\\/\\\/www.bellunopress.it\\\/2022\\\/10\\\/09\\\/59mo-anniversario-del-disastro-del-vajont-intervento-di-commemorazione-di-roberto-padrin-sindaco-di-longarone-del-sin\\\/#primaryimage\"},\"thumbnailUrl\":\"https:\\\/\\\/www.bellunopress.it\\\/wp-content\\\/uploads\\\/2020\\\/03\\\/Roberto-Padrin.jpg\",\"articleSection\":[\"Prima Pagina\",\"Societ\u00e0, Associazioni, Istituzioni\"],\"inLanguage\":\"fr-FR\"},{\"@type\":\"WebPage\",\"@id\":\"https:\\\/\\\/www.bellunopress.it\\\/2022\\\/10\\\/09\\\/59mo-anniversario-del-disastro-del-vajont-intervento-di-commemorazione-di-roberto-padrin-sindaco-di-longarone-del-sin\\\/\",\"url\":\"https:\\\/\\\/www.bellunopress.it\\\/2022\\\/10\\\/09\\\/59mo-anniversario-del-disastro-del-vajont-intervento-di-commemorazione-di-roberto-padrin-sindaco-di-longarone-del-sin\\\/\",\"name\":\"59mo anniversario del disastro del Vajont. Intervento di commemorazione di Roberto Padrin, sindaco di Longarone del sin - Bellunopress - Dolomiti\",\"isPartOf\":{\"@id\":\"https:\\\/\\\/www.bellunopress.it\\\/#website\"},\"primaryImageOfPage\":{\"@id\":\"https:\\\/\\\/www.bellunopress.it\\\/2022\\\/10\\\/09\\\/59mo-anniversario-del-disastro-del-vajont-intervento-di-commemorazione-di-roberto-padrin-sindaco-di-longarone-del-sin\\\/#primaryimage\"},\"image\":{\"@id\":\"https:\\\/\\\/www.bellunopress.it\\\/2022\\\/10\\\/09\\\/59mo-anniversario-del-disastro-del-vajont-intervento-di-commemorazione-di-roberto-padrin-sindaco-di-longarone-del-sin\\\/#primaryimage\"},\"thumbnailUrl\":\"https:\\\/\\\/www.bellunopress.it\\\/wp-content\\\/uploads\\\/2020\\\/03\\\/Roberto-Padrin.jpg\",\"datePublished\":\"2022-10-09T15:36:56+00:00\",\"breadcrumb\":{\"@id\":\"https:\\\/\\\/www.bellunopress.it\\\/2022\\\/10\\\/09\\\/59mo-anniversario-del-disastro-del-vajont-intervento-di-commemorazione-di-roberto-padrin-sindaco-di-longarone-del-sin\\\/#breadcrumb\"},\"inLanguage\":\"fr-FR\",\"potentialAction\":[{\"@type\":\"ReadAction\",\"target\":[\"https:\\\/\\\/www.bellunopress.it\\\/2022\\\/10\\\/09\\\/59mo-anniversario-del-disastro-del-vajont-intervento-di-commemorazione-di-roberto-padrin-sindaco-di-longarone-del-sin\\\/\"]}]},{\"@type\":\"ImageObject\",\"inLanguage\":\"fr-FR\",\"@id\":\"https:\\\/\\\/www.bellunopress.it\\\/2022\\\/10\\\/09\\\/59mo-anniversario-del-disastro-del-vajont-intervento-di-commemorazione-di-roberto-padrin-sindaco-di-longarone-del-sin\\\/#primaryimage\",\"url\":\"https:\\\/\\\/www.bellunopress.it\\\/wp-content\\\/uploads\\\/2020\\\/03\\\/Roberto-Padrin.jpg\",\"contentUrl\":\"https:\\\/\\\/www.bellunopress.it\\\/wp-content\\\/uploads\\\/2020\\\/03\\\/Roberto-Padrin.jpg\",\"width\":448,\"height\":561,\"caption\":\"Roberto Padrin - Sindaco di Longarone\"},{\"@type\":\"BreadcrumbList\",\"@id\":\"https:\\\/\\\/www.bellunopress.it\\\/2022\\\/10\\\/09\\\/59mo-anniversario-del-disastro-del-vajont-intervento-di-commemorazione-di-roberto-padrin-sindaco-di-longarone-del-sin\\\/#breadcrumb\",\"itemListElement\":[{\"@type\":\"ListItem\",\"position\":1,\"name\":\"Home\",\"item\":\"https:\\\/\\\/www.bellunopress.it\\\/\"},{\"@type\":\"ListItem\",\"position\":2,\"name\":\"59mo anniversario del disastro del Vajont. Intervento di commemorazione di Roberto Padrin, sindaco di Longarone del sin\"}]},{\"@type\":\"WebSite\",\"@id\":\"https:\\\/\\\/www.bellunopress.it\\\/#website\",\"url\":\"https:\\\/\\\/www.bellunopress.it\\\/\",\"name\":\"Bellunopress - Dolomiti\",\"description\":\"e-mail: redazione@bellunopress.it\",\"publisher\":{\"@id\":\"https:\\\/\\\/www.bellunopress.it\\\/#organization\"},\"potentialAction\":[{\"@type\":\"SearchAction\",\"target\":{\"@type\":\"EntryPoint\",\"urlTemplate\":\"https:\\\/\\\/www.bellunopress.it\\\/?s={search_term_string}\"},\"query-input\":{\"@type\":\"PropertyValueSpecification\",\"valueRequired\":true,\"valueName\":\"search_term_string\"}}],\"inLanguage\":\"fr-FR\"},{\"@type\":\"Organization\",\"@id\":\"https:\\\/\\\/www.bellunopress.it\\\/#organization\",\"name\":\"Bellunopress\",\"url\":\"https:\\\/\\\/www.bellunopress.it\\\/\",\"logo\":{\"@type\":\"ImageObject\",\"inLanguage\":\"fr-FR\",\"@id\":\"https:\\\/\\\/www.bellunopress.it\\\/#\\\/schema\\\/logo\\\/image\\\/\",\"url\":\"https:\\\/\\\/www.bellunopress.it\\\/wp-content\\\/uploads\\\/2011\\\/05\\\/cropped-logo-bellunopress-.jpg\",\"contentUrl\":\"https:\\\/\\\/www.bellunopress.it\\\/wp-content\\\/uploads\\\/2011\\\/05\\\/cropped-logo-bellunopress-.jpg\",\"width\":512,\"height\":512,\"caption\":\"Bellunopress\"},\"image\":{\"@id\":\"https:\\\/\\\/www.bellunopress.it\\\/#\\\/schema\\\/logo\\\/image\\\/\"},\"sameAs\":[\"https:\\\/\\\/www.facebook.com\\\/profile.php?id=100008943462799\",\"https:\\\/\\\/x.com\\\/bellunopress\",\"https:\\\/\\\/www.linkedin.com\\\/hp\\\/?dnr=JBzUWaJfMUw8vbXJJ2tVW5-I3jZKvC4wsoxE&amp;amp;amp;amp;amp;amp;trk=nav_responsive_tab_home\",\"https:\\\/\\\/www.youtube.com\\\/channel\\\/UCxL0wu1uN0_3_7hGG0306cw\"]},{\"@type\":\"Person\",\"@id\":\"https:\\\/\\\/www.bellunopress.it\\\/#\\\/schema\\\/person\\\/79bb06722b37ece1c03d3e94beb30d73\",\"name\":\"redazione\",\"image\":{\"@type\":\"ImageObject\",\"inLanguage\":\"fr-FR\",\"@id\":\"https:\\\/\\\/secure.gravatar.com\\\/avatar\\\/37d968a2e67a6fd04c169c4bdef102d0bc5d31b2546345219e348575eb80e9a0?s=96&d=mm&r=g\",\"url\":\"https:\\\/\\\/secure.gravatar.com\\\/avatar\\\/37d968a2e67a6fd04c169c4bdef102d0bc5d31b2546345219e348575eb80e9a0?s=96&d=mm&r=g\",\"contentUrl\":\"https:\\\/\\\/secure.gravatar.com\\\/avatar\\\/37d968a2e67a6fd04c169c4bdef102d0bc5d31b2546345219e348575eb80e9a0?s=96&d=mm&r=g\",\"caption\":\"redazione\"},\"sameAs\":[\"http:\\\/\\\/www.bellunopress.it\",\"https:\\\/\\\/x.com\\\/bellunopress\"],\"url\":\"https:\\\/\\\/www.bellunopress.it\\\/fr\\\/author\\\/redazione\\\/\"}]}<\/script>\n<!-- \/ Yoast SEO plugin. -->","yoast_head_json":{"title":"59mo anniversario del disastro del Vajont. Intervento di commemorazione di Roberto Padrin, sindaco di Longarone del sin - Bellunopress - Dolomiti","robots":{"index":"index","follow":"follow","max-snippet":"max-snippet:-1","max-image-preview":"max-image-preview:large","max-video-preview":"max-video-preview:-1"},"canonical":"https:\/\/www.bellunopress.it\/fr\/2022\/10\/09\/59mo-anniversario-del-disastro-del-vajont-intervento-di-commemorazione-di-roberto-padrin-sindaco-di-longarone-del-sin\/","og_locale":"fr_FR","og_type":"article","og_title":"59mo anniversario del disastro del Vajont. Intervento di commemorazione di Roberto Padrin, sindaco di Longarone del sin - Bellunopress - Dolomiti","og_description":"Longarone, 9 ottobre 2022 &#8211; Oggi sono 59 anni dal quel 9 ottobre 1963 che ha segnato indelebilmente la storia delle nostre comunit\u00e0 e a tutti voi che oggi siete qui a condividere questo momento di preghiera e di ricordo, porgo il benvenuto, anche da parte dei Sindaci di Erto e Casso, di Vajont, di [&hellip;]","og_url":"https:\/\/www.bellunopress.it\/fr\/2022\/10\/09\/59mo-anniversario-del-disastro-del-vajont-intervento-di-commemorazione-di-roberto-padrin-sindaco-di-longarone-del-sin\/","og_site_name":"Bellunopress - Dolomiti","article_publisher":"https:\/\/www.facebook.com\/profile.php?id=100008943462799","article_published_time":"2022-10-09T15:36:56+00:00","og_image":[{"width":448,"height":561,"url":"https:\/\/www.bellunopress.it\/wp-content\/uploads\/2020\/03\/Roberto-Padrin.jpg","type":"image\/jpeg"}],"author":"redazione","twitter_card":"summary_large_image","twitter_creator":"@bellunopress","twitter_site":"@bellunopress","twitter_misc":{"\u00c9crit par":"redazione","Dur\u00e9e de lecture estim\u00e9e":"8 minutes"},"schema":{"@context":"https:\/\/schema.org","@graph":[{"@type":"Article","@id":"https:\/\/www.bellunopress.it\/2022\/10\/09\/59mo-anniversario-del-disastro-del-vajont-intervento-di-commemorazione-di-roberto-padrin-sindaco-di-longarone-del-sin\/#article","isPartOf":{"@id":"https:\/\/www.bellunopress.it\/2022\/10\/09\/59mo-anniversario-del-disastro-del-vajont-intervento-di-commemorazione-di-roberto-padrin-sindaco-di-longarone-del-sin\/"},"author":{"name":"redazione","@id":"https:\/\/www.bellunopress.it\/#\/schema\/person\/79bb06722b37ece1c03d3e94beb30d73"},"headline":"59mo anniversario del disastro del Vajont. Intervento di commemorazione di Roberto Padrin, sindaco di Longarone del sin","datePublished":"2022-10-09T15:36:56+00:00","mainEntityOfPage":{"@id":"https:\/\/www.bellunopress.it\/2022\/10\/09\/59mo-anniversario-del-disastro-del-vajont-intervento-di-commemorazione-di-roberto-padrin-sindaco-di-longarone-del-sin\/"},"wordCount":1311,"publisher":{"@id":"https:\/\/www.bellunopress.it\/#organization"},"image":{"@id":"https:\/\/www.bellunopress.it\/2022\/10\/09\/59mo-anniversario-del-disastro-del-vajont-intervento-di-commemorazione-di-roberto-padrin-sindaco-di-longarone-del-sin\/#primaryimage"},"thumbnailUrl":"https:\/\/www.bellunopress.it\/wp-content\/uploads\/2020\/03\/Roberto-Padrin.jpg","articleSection":["Prima Pagina","Societ\u00e0, Associazioni, Istituzioni"],"inLanguage":"fr-FR"},{"@type":"WebPage","@id":"https:\/\/www.bellunopress.it\/2022\/10\/09\/59mo-anniversario-del-disastro-del-vajont-intervento-di-commemorazione-di-roberto-padrin-sindaco-di-longarone-del-sin\/","url":"https:\/\/www.bellunopress.it\/2022\/10\/09\/59mo-anniversario-del-disastro-del-vajont-intervento-di-commemorazione-di-roberto-padrin-sindaco-di-longarone-del-sin\/","name":"59mo anniversario del disastro del Vajont. Intervento di commemorazione di Roberto Padrin, sindaco di Longarone del sin - Bellunopress - Dolomiti","isPartOf":{"@id":"https:\/\/www.bellunopress.it\/#website"},"primaryImageOfPage":{"@id":"https:\/\/www.bellunopress.it\/2022\/10\/09\/59mo-anniversario-del-disastro-del-vajont-intervento-di-commemorazione-di-roberto-padrin-sindaco-di-longarone-del-sin\/#primaryimage"},"image":{"@id":"https:\/\/www.bellunopress.it\/2022\/10\/09\/59mo-anniversario-del-disastro-del-vajont-intervento-di-commemorazione-di-roberto-padrin-sindaco-di-longarone-del-sin\/#primaryimage"},"thumbnailUrl":"https:\/\/www.bellunopress.it\/wp-content\/uploads\/2020\/03\/Roberto-Padrin.jpg","datePublished":"2022-10-09T15:36:56+00:00","breadcrumb":{"@id":"https:\/\/www.bellunopress.it\/2022\/10\/09\/59mo-anniversario-del-disastro-del-vajont-intervento-di-commemorazione-di-roberto-padrin-sindaco-di-longarone-del-sin\/#breadcrumb"},"inLanguage":"fr-FR","potentialAction":[{"@type":"ReadAction","target":["https:\/\/www.bellunopress.it\/2022\/10\/09\/59mo-anniversario-del-disastro-del-vajont-intervento-di-commemorazione-di-roberto-padrin-sindaco-di-longarone-del-sin\/"]}]},{"@type":"ImageObject","inLanguage":"fr-FR","@id":"https:\/\/www.bellunopress.it\/2022\/10\/09\/59mo-anniversario-del-disastro-del-vajont-intervento-di-commemorazione-di-roberto-padrin-sindaco-di-longarone-del-sin\/#primaryimage","url":"https:\/\/www.bellunopress.it\/wp-content\/uploads\/2020\/03\/Roberto-Padrin.jpg","contentUrl":"https:\/\/www.bellunopress.it\/wp-content\/uploads\/2020\/03\/Roberto-Padrin.jpg","width":448,"height":561,"caption":"Roberto Padrin - Sindaco di Longarone"},{"@type":"BreadcrumbList","@id":"https:\/\/www.bellunopress.it\/2022\/10\/09\/59mo-anniversario-del-disastro-del-vajont-intervento-di-commemorazione-di-roberto-padrin-sindaco-di-longarone-del-sin\/#breadcrumb","itemListElement":[{"@type":"ListItem","position":1,"name":"Home","item":"https:\/\/www.bellunopress.it\/"},{"@type":"ListItem","position":2,"name":"59mo anniversario del disastro del Vajont. Intervento di commemorazione di Roberto Padrin, sindaco di Longarone del sin"}]},{"@type":"WebSite","@id":"https:\/\/www.bellunopress.it\/#website","url":"https:\/\/www.bellunopress.it\/","name":"Bellunopress - Dolomiti","description":"e-mail: redazione@bellunopress.it","publisher":{"@id":"https:\/\/www.bellunopress.it\/#organization"},"potentialAction":[{"@type":"SearchAction","target":{"@type":"EntryPoint","urlTemplate":"https:\/\/www.bellunopress.it\/?s={search_term_string}"},"query-input":{"@type":"PropertyValueSpecification","valueRequired":true,"valueName":"search_term_string"}}],"inLanguage":"fr-FR"},{"@type":"Organization","@id":"https:\/\/www.bellunopress.it\/#organization","name":"Bellunopress","url":"https:\/\/www.bellunopress.it\/","logo":{"@type":"ImageObject","inLanguage":"fr-FR","@id":"https:\/\/www.bellunopress.it\/#\/schema\/logo\/image\/","url":"https:\/\/www.bellunopress.it\/wp-content\/uploads\/2011\/05\/cropped-logo-bellunopress-.jpg","contentUrl":"https:\/\/www.bellunopress.it\/wp-content\/uploads\/2011\/05\/cropped-logo-bellunopress-.jpg","width":512,"height":512,"caption":"Bellunopress"},"image":{"@id":"https:\/\/www.bellunopress.it\/#\/schema\/logo\/image\/"},"sameAs":["https:\/\/www.facebook.com\/profile.php?id=100008943462799","https:\/\/x.com\/bellunopress","https:\/\/www.linkedin.com\/hp\/?dnr=JBzUWaJfMUw8vbXJJ2tVW5-I3jZKvC4wsoxE&amp;amp;amp;amp;amp;amp;trk=nav_responsive_tab_home","https:\/\/www.youtube.com\/channel\/UCxL0wu1uN0_3_7hGG0306cw"]},{"@type":"Person","@id":"https:\/\/www.bellunopress.it\/#\/schema\/person\/79bb06722b37ece1c03d3e94beb30d73","name":"r\u00e9daction","image":{"@type":"ImageObject","inLanguage":"fr-FR","@id":"https:\/\/secure.gravatar.com\/avatar\/37d968a2e67a6fd04c169c4bdef102d0bc5d31b2546345219e348575eb80e9a0?s=96&d=mm&r=g","url":"https:\/\/secure.gravatar.com\/avatar\/37d968a2e67a6fd04c169c4bdef102d0bc5d31b2546345219e348575eb80e9a0?s=96&d=mm&r=g","contentUrl":"https:\/\/secure.gravatar.com\/avatar\/37d968a2e67a6fd04c169c4bdef102d0bc5d31b2546345219e348575eb80e9a0?s=96&d=mm&r=g","caption":"redazione"},"sameAs":["http:\/\/www.bellunopress.it","https:\/\/x.com\/bellunopress"],"url":"https:\/\/www.bellunopress.it\/fr\/author\/redazione\/"}]}},"_links":{"self":[{"href":"https:\/\/www.bellunopress.it\/fr\/wp-json\/wp\/v2\/posts\/136868","targetHints":{"allow":["GET"]}}],"collection":[{"href":"https:\/\/www.bellunopress.it\/fr\/wp-json\/wp\/v2\/posts"}],"about":[{"href":"https:\/\/www.bellunopress.it\/fr\/wp-json\/wp\/v2\/types\/post"}],"author":[{"embeddable":true,"href":"https:\/\/www.bellunopress.it\/fr\/wp-json\/wp\/v2\/users\/2"}],"replies":[{"embeddable":true,"href":"https:\/\/www.bellunopress.it\/fr\/wp-json\/wp\/v2\/comments?post=136868"}],"version-history":[{"count":1,"href":"https:\/\/www.bellunopress.it\/fr\/wp-json\/wp\/v2\/posts\/136868\/revisions"}],"predecessor-version":[{"id":136869,"href":"https:\/\/www.bellunopress.it\/fr\/wp-json\/wp\/v2\/posts\/136868\/revisions\/136869"}],"wp:featuredmedia":[{"embeddable":true,"href":"https:\/\/www.bellunopress.it\/fr\/wp-json\/wp\/v2\/media\/112897"}],"wp:attachment":[{"href":"https:\/\/www.bellunopress.it\/fr\/wp-json\/wp\/v2\/media?parent=136868"}],"wp:term":[{"taxonomy":"category","embeddable":true,"href":"https:\/\/www.bellunopress.it\/fr\/wp-json\/wp\/v2\/categories?post=136868"},{"taxonomy":"post_tag","embeddable":true,"href":"https:\/\/www.bellunopress.it\/fr\/wp-json\/wp\/v2\/tags?post=136868"}],"curies":[{"name":"wp","href":"https:\/\/api.w.org\/{rel}","templated":true}]}}