{"id":136851,"date":"2022-10-08T16:30:11","date_gmt":"2022-10-08T14:30:11","guid":{"rendered":"https:\/\/www.bellunopress.it\/?p=136851"},"modified":"2022-10-08T13:54:23","modified_gmt":"2022-10-08T11:54:23","slug":"59mo-anniversario-vajont-zaia-una-ferita-aperta-nella-carne-della-nostra-terra","status":"publish","type":"post","link":"https:\/\/www.bellunopress.it\/fr\/2022\/10\/08\/59mo-anniversario-vajont-zaia-una-ferita-aperta-nella-carne-della-nostra-terra\/","title":{"rendered":"59mo anniversario Vajont. Zaia: &#8220;Una ferita aperta nella carne della nostra terra&#8221;"},"content":{"rendered":"<p><img loading=\"lazy\" decoding=\"async\" class=\"alignleft size-full wp-image-118319\" src=\"https:\/\/www.bellunopress.it\/wp-content\/uploads\/2020\/10\/vajont-1_edited.jpg\" alt=\"\" width=\"800\" height=\"580\" srcset=\"https:\/\/www.bellunopress.it\/wp-content\/uploads\/2020\/10\/vajont-1_edited.jpg 800w, https:\/\/www.bellunopress.it\/wp-content\/uploads\/2020\/10\/vajont-1_edited-500x363.jpg 500w, https:\/\/www.bellunopress.it\/wp-content\/uploads\/2020\/10\/vajont-1_edited-696x505.jpg 696w, https:\/\/www.bellunopress.it\/wp-content\/uploads\/2020\/10\/vajont-1_edited-579x420.jpg 579w, https:\/\/www.bellunopress.it\/wp-content\/uploads\/2020\/10\/vajont-1_edited-324x235.jpg 324w\" sizes=\"auto, (max-width: 800px) 100vw, 800px\" \/>Venezia, 7 ottobre 2022 \u201cL\u2019anniversario che si celebra domani 9 ottobre \u00e8 una ferita aperta nella carne della nostra terra. Una ferita che ci impedisce di dimenticare quegli uomini e quelle donne che in un attimo persero la vita. Un dramma che si \u00e8 esteso a tutti coloro che dopo la tragedia sono sopravvissuti nel dolore per la morte dei congiunti, la perdita di affetti e di beni, nell\u2019incomprensione delle dimensioni dell\u2019accaduto e nella difficolt\u00e0 di portare avanti una legittima richiesta di giustizia\u201d.<\/p>\n<figure id=\"attachment_107382\" aria-describedby=\"caption-attachment-107382\" style=\"width: 241px\" class=\"wp-caption alignleft\"><img loading=\"lazy\" decoding=\"async\" class=\"size-full wp-image-107382\" src=\"https:\/\/www.bellunopress.it\/wp-content\/uploads\/2019\/08\/Luca-Zaia.jpg\" alt=\"\" width=\"241\" height=\"300\" \/><figcaption id=\"caption-attachment-107382\" class=\"wp-caption-text\">Luca Zaia &#8211; Presidente della Regione del Veneto<\/figcaption><\/figure>\n<p>Sono parole del presidente della Regione del Veneto in occasione del cinquantanovesimo anniversario dell\u2019indimenticata tragedia del Vajont, a causa della quale un\u2019onda di fango tracimata dall\u2019invaso a monte di Longarone (Belluno) cancell\u00f2 gli abitati, causando la morte di quasi duemila persone.<\/p>\n<p>\u201cDa quelle migliaia di morti innocenti non smette di arrivarci un monito affinch\u00e9 l\u2019amministrazione pubblica sia buon governo, capacit\u00e0 di creare condizioni di sicurezza per i cittadini e sia sempre strumento in grado di fornire garanzie di giustizia \u2013 aggiunge il Presidente -. La data fornisce a noi amministratori pubblici l\u2019occasione per riflettere su quale deve essere l\u2019impegno responsabile verso i cittadini e il territorio. Se oggi l\u2019attenzione verso l\u2019emergenza idrogeologica, la sensibilit\u00e0 per l\u2019ambiente e il mutamento climatico, sono costante motivo di impegno e confronto, lo dobbiamo anche a chi cinquantanove anni fa rimase vittima di un incauto e incosciente sfruttamento delle risorse che si si era sforzato di piegare pericolosamente la natura all\u2019interesse dell\u2019uomo\u201d.<\/p>\n<figure id=\"attachment_98503\" aria-describedby=\"caption-attachment-98503\" style=\"width: 300px\" class=\"wp-caption alignleft\"><img loading=\"lazy\" decoding=\"async\" class=\"size-full wp-image-98503\" src=\"https:\/\/www.bellunopress.it\/wp-content\/uploads\/2018\/10\/cimitero-monumentale-fortogna.jpg\" alt=\"\" width=\"300\" height=\"201\" \/><figcaption id=\"caption-attachment-98503\" class=\"wp-caption-text\">Cimitero monumentale di Fortogna<\/figcaption><\/figure>\n<p>\u201cIn questo triste anniversario invio un pensiero al cimitero di Fortogna, il sacrario che raccoglie la memoria delle vittime innocenti \u2013 conclude il Governatore -. Un abbraccio ideale arrivi anche a tutti i sopravvissuti ancora presenti nella nostra comunit\u00e0 e fuori regione. Nel rispetto della loro sofferenza, della loro infanzia o giovinezza provata da tanta devastazione materiale e interiore, nel cordoglio per i lutti mai rimarginati, esprimo la vicinanza del Veneto che partecipa a tanto dolore e non dimentica\u201d.<\/p>\n<p>&nbsp;<\/p>","protected":false},"excerpt":{"rendered":"<p>Venezia, 7 ottobre 2022 \u201cL\u2019anniversario che si celebra domani 9 ottobre \u00e8 una ferita aperta nella carne della nostra terra. Una ferita che ci impedisce di dimenticare quegli uomini e quelle donne che in un attimo persero la vita. Un dramma che si \u00e8 esteso a tutti coloro che dopo la tragedia sono sopravvissuti nel [&hellip;]<\/p>\n","protected":false},"author":2,"featured_media":118319,"comment_status":"closed","ping_status":"open","sticky":false,"template":"","format":"standard","meta":{"footnotes":""},"categories":[5,26],"tags":[],"class_list":["post-136851","post","type-post","status-publish","format-standard","has-post-thumbnail","category-cronaca","category-prima-pagina"],"yoast_head":"<!-- This site is optimized with the Yoast SEO plugin v28.4 - https:\/\/yoast.com\/product\/yoast-seo-wordpress\/ -->\n<title>59mo anniversario Vajont. Zaia: &quot;Una ferita aperta nella carne della nostra terra&quot; - Bellunopress - Dolomiti<\/title>\n<meta name=\"robots\" content=\"index, follow, max-snippet:-1, max-image-preview:large, max-video-preview:-1\" \/>\n<link rel=\"canonical\" href=\"https:\/\/www.bellunopress.it\/fr\/2022\/10\/08\/59mo-anniversario-vajont-zaia-una-ferita-aperta-nella-carne-della-nostra-terra\/\" \/>\n<meta property=\"og:locale\" content=\"fr_FR\" \/>\n<meta property=\"og:type\" content=\"article\" \/>\n<meta property=\"og:title\" content=\"59mo anniversario Vajont. Zaia: &quot;Una ferita aperta nella carne della nostra terra&quot; - Bellunopress - Dolomiti\" \/>\n<meta property=\"og:description\" content=\"Venezia, 7 ottobre 2022 \u201cL\u2019anniversario che si celebra domani 9 ottobre \u00e8 una ferita aperta nella carne della nostra terra. Una ferita che ci impedisce di dimenticare quegli uomini e quelle donne che in un attimo persero la vita. Un dramma che si \u00e8 esteso a tutti coloro che dopo la tragedia sono sopravvissuti nel [&hellip;]\" \/>\n<meta property=\"og:url\" content=\"https:\/\/www.bellunopress.it\/fr\/2022\/10\/08\/59mo-anniversario-vajont-zaia-una-ferita-aperta-nella-carne-della-nostra-terra\/\" \/>\n<meta property=\"og:site_name\" content=\"Bellunopress - Dolomiti\" \/>\n<meta property=\"article:publisher\" content=\"https:\/\/www.facebook.com\/profile.php?id=100008943462799\" \/>\n<meta property=\"article:published_time\" content=\"2022-10-08T14:30:11+00:00\" \/>\n<meta property=\"og:image\" content=\"https:\/\/www.bellunopress.it\/wp-content\/uploads\/2020\/10\/vajont-1_edited.jpg\" \/>\n\t<meta property=\"og:image:width\" content=\"800\" \/>\n\t<meta property=\"og:image:height\" content=\"580\" \/>\n\t<meta property=\"og:image:type\" content=\"image\/jpeg\" \/>\n<meta name=\"author\" content=\"redazione\" \/>\n<meta name=\"twitter:card\" content=\"summary_large_image\" \/>\n<meta name=\"twitter:creator\" content=\"@bellunopress\" \/>\n<meta name=\"twitter:site\" content=\"@bellunopress\" \/>\n<meta name=\"twitter:label1\" content=\"\u00c9crit par\" \/>\n\t<meta name=\"twitter:data1\" content=\"redazione\" \/>\n\t<meta name=\"twitter:label2\" content=\"Dur\u00e9e de lecture estim\u00e9e\" \/>\n\t<meta name=\"twitter:data2\" content=\"3 minutes\" \/>\n<script type=\"application\/ld+json\" class=\"yoast-schema-graph\">{\"@context\":\"https:\\\/\\\/schema.org\",\"@graph\":[{\"@type\":\"Article\",\"@id\":\"https:\\\/\\\/www.bellunopress.it\\\/2022\\\/10\\\/08\\\/59mo-anniversario-vajont-zaia-una-ferita-aperta-nella-carne-della-nostra-terra\\\/#article\",\"isPartOf\":{\"@id\":\"https:\\\/\\\/www.bellunopress.it\\\/2022\\\/10\\\/08\\\/59mo-anniversario-vajont-zaia-una-ferita-aperta-nella-carne-della-nostra-terra\\\/\"},\"author\":{\"name\":\"redazione\",\"@id\":\"https:\\\/\\\/www.bellunopress.it\\\/#\\\/schema\\\/person\\\/79bb06722b37ece1c03d3e94beb30d73\"},\"headline\":\"59mo anniversario Vajont. Zaia: &#8220;Una ferita aperta nella carne della nostra terra&#8221;\",\"datePublished\":\"2022-10-08T14:30:11+00:00\",\"mainEntityOfPage\":{\"@id\":\"https:\\\/\\\/www.bellunopress.it\\\/2022\\\/10\\\/08\\\/59mo-anniversario-vajont-zaia-una-ferita-aperta-nella-carne-della-nostra-terra\\\/\"},\"wordCount\":365,\"publisher\":{\"@id\":\"https:\\\/\\\/www.bellunopress.it\\\/#organization\"},\"image\":{\"@id\":\"https:\\\/\\\/www.bellunopress.it\\\/2022\\\/10\\\/08\\\/59mo-anniversario-vajont-zaia-una-ferita-aperta-nella-carne-della-nostra-terra\\\/#primaryimage\"},\"thumbnailUrl\":\"https:\\\/\\\/www.bellunopress.it\\\/wp-content\\\/uploads\\\/2020\\\/10\\\/vajont-1_edited.jpg\",\"articleSection\":[\"Cronaca\\\/Politica\",\"Prima Pagina\"],\"inLanguage\":\"fr-FR\"},{\"@type\":\"WebPage\",\"@id\":\"https:\\\/\\\/www.bellunopress.it\\\/2022\\\/10\\\/08\\\/59mo-anniversario-vajont-zaia-una-ferita-aperta-nella-carne-della-nostra-terra\\\/\",\"url\":\"https:\\\/\\\/www.bellunopress.it\\\/2022\\\/10\\\/08\\\/59mo-anniversario-vajont-zaia-una-ferita-aperta-nella-carne-della-nostra-terra\\\/\",\"name\":\"59mo anniversario Vajont. Zaia: \\\"Una ferita aperta nella carne della nostra terra\\\" - Bellunopress - Dolomiti\",\"isPartOf\":{\"@id\":\"https:\\\/\\\/www.bellunopress.it\\\/#website\"},\"primaryImageOfPage\":{\"@id\":\"https:\\\/\\\/www.bellunopress.it\\\/2022\\\/10\\\/08\\\/59mo-anniversario-vajont-zaia-una-ferita-aperta-nella-carne-della-nostra-terra\\\/#primaryimage\"},\"image\":{\"@id\":\"https:\\\/\\\/www.bellunopress.it\\\/2022\\\/10\\\/08\\\/59mo-anniversario-vajont-zaia-una-ferita-aperta-nella-carne-della-nostra-terra\\\/#primaryimage\"},\"thumbnailUrl\":\"https:\\\/\\\/www.bellunopress.it\\\/wp-content\\\/uploads\\\/2020\\\/10\\\/vajont-1_edited.jpg\",\"datePublished\":\"2022-10-08T14:30:11+00:00\",\"breadcrumb\":{\"@id\":\"https:\\\/\\\/www.bellunopress.it\\\/2022\\\/10\\\/08\\\/59mo-anniversario-vajont-zaia-una-ferita-aperta-nella-carne-della-nostra-terra\\\/#breadcrumb\"},\"inLanguage\":\"fr-FR\",\"potentialAction\":[{\"@type\":\"ReadAction\",\"target\":[\"https:\\\/\\\/www.bellunopress.it\\\/2022\\\/10\\\/08\\\/59mo-anniversario-vajont-zaia-una-ferita-aperta-nella-carne-della-nostra-terra\\\/\"]}]},{\"@type\":\"ImageObject\",\"inLanguage\":\"fr-FR\",\"@id\":\"https:\\\/\\\/www.bellunopress.it\\\/2022\\\/10\\\/08\\\/59mo-anniversario-vajont-zaia-una-ferita-aperta-nella-carne-della-nostra-terra\\\/#primaryimage\",\"url\":\"https:\\\/\\\/www.bellunopress.it\\\/wp-content\\\/uploads\\\/2020\\\/10\\\/vajont-1_edited.jpg\",\"contentUrl\":\"https:\\\/\\\/www.bellunopress.it\\\/wp-content\\\/uploads\\\/2020\\\/10\\\/vajont-1_edited.jpg\",\"width\":800,\"height\":580},{\"@type\":\"BreadcrumbList\",\"@id\":\"https:\\\/\\\/www.bellunopress.it\\\/2022\\\/10\\\/08\\\/59mo-anniversario-vajont-zaia-una-ferita-aperta-nella-carne-della-nostra-terra\\\/#breadcrumb\",\"itemListElement\":[{\"@type\":\"ListItem\",\"position\":1,\"name\":\"Home\",\"item\":\"https:\\\/\\\/www.bellunopress.it\\\/\"},{\"@type\":\"ListItem\",\"position\":2,\"name\":\"59mo anniversario Vajont. Zaia: &#8220;Una ferita aperta nella carne della nostra terra&#8221;\"}]},{\"@type\":\"WebSite\",\"@id\":\"https:\\\/\\\/www.bellunopress.it\\\/#website\",\"url\":\"https:\\\/\\\/www.bellunopress.it\\\/\",\"name\":\"Bellunopress - Dolomiti\",\"description\":\"e-mail: redazione@bellunopress.it\",\"publisher\":{\"@id\":\"https:\\\/\\\/www.bellunopress.it\\\/#organization\"},\"potentialAction\":[{\"@type\":\"SearchAction\",\"target\":{\"@type\":\"EntryPoint\",\"urlTemplate\":\"https:\\\/\\\/www.bellunopress.it\\\/?s={search_term_string}\"},\"query-input\":{\"@type\":\"PropertyValueSpecification\",\"valueRequired\":true,\"valueName\":\"search_term_string\"}}],\"inLanguage\":\"fr-FR\"},{\"@type\":\"Organization\",\"@id\":\"https:\\\/\\\/www.bellunopress.it\\\/#organization\",\"name\":\"Bellunopress\",\"url\":\"https:\\\/\\\/www.bellunopress.it\\\/\",\"logo\":{\"@type\":\"ImageObject\",\"inLanguage\":\"fr-FR\",\"@id\":\"https:\\\/\\\/www.bellunopress.it\\\/#\\\/schema\\\/logo\\\/image\\\/\",\"url\":\"https:\\\/\\\/www.bellunopress.it\\\/wp-content\\\/uploads\\\/2011\\\/05\\\/cropped-logo-bellunopress-.jpg\",\"contentUrl\":\"https:\\\/\\\/www.bellunopress.it\\\/wp-content\\\/uploads\\\/2011\\\/05\\\/cropped-logo-bellunopress-.jpg\",\"width\":512,\"height\":512,\"caption\":\"Bellunopress\"},\"image\":{\"@id\":\"https:\\\/\\\/www.bellunopress.it\\\/#\\\/schema\\\/logo\\\/image\\\/\"},\"sameAs\":[\"https:\\\/\\\/www.facebook.com\\\/profile.php?id=100008943462799\",\"https:\\\/\\\/x.com\\\/bellunopress\",\"https:\\\/\\\/www.linkedin.com\\\/hp\\\/?dnr=JBzUWaJfMUw8vbXJJ2tVW5-I3jZKvC4wsoxE&amp;amp;amp;amp;amp;amp;trk=nav_responsive_tab_home\",\"https:\\\/\\\/www.youtube.com\\\/channel\\\/UCxL0wu1uN0_3_7hGG0306cw\"]},{\"@type\":\"Person\",\"@id\":\"https:\\\/\\\/www.bellunopress.it\\\/#\\\/schema\\\/person\\\/79bb06722b37ece1c03d3e94beb30d73\",\"name\":\"redazione\",\"image\":{\"@type\":\"ImageObject\",\"inLanguage\":\"fr-FR\",\"@id\":\"https:\\\/\\\/secure.gravatar.com\\\/avatar\\\/37d968a2e67a6fd04c169c4bdef102d0bc5d31b2546345219e348575eb80e9a0?s=96&d=mm&r=g\",\"url\":\"https:\\\/\\\/secure.gravatar.com\\\/avatar\\\/37d968a2e67a6fd04c169c4bdef102d0bc5d31b2546345219e348575eb80e9a0?s=96&d=mm&r=g\",\"contentUrl\":\"https:\\\/\\\/secure.gravatar.com\\\/avatar\\\/37d968a2e67a6fd04c169c4bdef102d0bc5d31b2546345219e348575eb80e9a0?s=96&d=mm&r=g\",\"caption\":\"redazione\"},\"sameAs\":[\"http:\\\/\\\/www.bellunopress.it\",\"https:\\\/\\\/x.com\\\/bellunopress\"],\"url\":\"https:\\\/\\\/www.bellunopress.it\\\/fr\\\/author\\\/redazione\\\/\"}]}<\/script>\n<!-- \/ Yoast SEO plugin. -->","yoast_head_json":{"title":"59mo anniversario Vajont. Zaia: \"Una ferita aperta nella carne della nostra terra\" - Bellunopress - Dolomiti","robots":{"index":"index","follow":"follow","max-snippet":"max-snippet:-1","max-image-preview":"max-image-preview:large","max-video-preview":"max-video-preview:-1"},"canonical":"https:\/\/www.bellunopress.it\/fr\/2022\/10\/08\/59mo-anniversario-vajont-zaia-una-ferita-aperta-nella-carne-della-nostra-terra\/","og_locale":"fr_FR","og_type":"article","og_title":"59mo anniversario Vajont. Zaia: \"Una ferita aperta nella carne della nostra terra\" - Bellunopress - Dolomiti","og_description":"Venezia, 7 ottobre 2022 \u201cL\u2019anniversario che si celebra domani 9 ottobre \u00e8 una ferita aperta nella carne della nostra terra. Una ferita che ci impedisce di dimenticare quegli uomini e quelle donne che in un attimo persero la vita. Un dramma che si \u00e8 esteso a tutti coloro che dopo la tragedia sono sopravvissuti nel [&hellip;]","og_url":"https:\/\/www.bellunopress.it\/fr\/2022\/10\/08\/59mo-anniversario-vajont-zaia-una-ferita-aperta-nella-carne-della-nostra-terra\/","og_site_name":"Bellunopress - Dolomiti","article_publisher":"https:\/\/www.facebook.com\/profile.php?id=100008943462799","article_published_time":"2022-10-08T14:30:11+00:00","og_image":[{"width":800,"height":580,"url":"https:\/\/www.bellunopress.it\/wp-content\/uploads\/2020\/10\/vajont-1_edited.jpg","type":"image\/jpeg"}],"author":"redazione","twitter_card":"summary_large_image","twitter_creator":"@bellunopress","twitter_site":"@bellunopress","twitter_misc":{"\u00c9crit par":"redazione","Dur\u00e9e de lecture estim\u00e9e":"3 minutes"},"schema":{"@context":"https:\/\/schema.org","@graph":[{"@type":"Article","@id":"https:\/\/www.bellunopress.it\/2022\/10\/08\/59mo-anniversario-vajont-zaia-una-ferita-aperta-nella-carne-della-nostra-terra\/#article","isPartOf":{"@id":"https:\/\/www.bellunopress.it\/2022\/10\/08\/59mo-anniversario-vajont-zaia-una-ferita-aperta-nella-carne-della-nostra-terra\/"},"author":{"name":"redazione","@id":"https:\/\/www.bellunopress.it\/#\/schema\/person\/79bb06722b37ece1c03d3e94beb30d73"},"headline":"59mo anniversario Vajont. Zaia: &#8220;Una ferita aperta nella carne della nostra terra&#8221;","datePublished":"2022-10-08T14:30:11+00:00","mainEntityOfPage":{"@id":"https:\/\/www.bellunopress.it\/2022\/10\/08\/59mo-anniversario-vajont-zaia-una-ferita-aperta-nella-carne-della-nostra-terra\/"},"wordCount":365,"publisher":{"@id":"https:\/\/www.bellunopress.it\/#organization"},"image":{"@id":"https:\/\/www.bellunopress.it\/2022\/10\/08\/59mo-anniversario-vajont-zaia-una-ferita-aperta-nella-carne-della-nostra-terra\/#primaryimage"},"thumbnailUrl":"https:\/\/www.bellunopress.it\/wp-content\/uploads\/2020\/10\/vajont-1_edited.jpg","articleSection":["Cronaca\/Politica","Prima Pagina"],"inLanguage":"fr-FR"},{"@type":"WebPage","@id":"https:\/\/www.bellunopress.it\/2022\/10\/08\/59mo-anniversario-vajont-zaia-una-ferita-aperta-nella-carne-della-nostra-terra\/","url":"https:\/\/www.bellunopress.it\/2022\/10\/08\/59mo-anniversario-vajont-zaia-una-ferita-aperta-nella-carne-della-nostra-terra\/","name":"59mo anniversario Vajont. Zaia: \"Una ferita aperta nella carne della nostra terra\" - Bellunopress - Dolomiti","isPartOf":{"@id":"https:\/\/www.bellunopress.it\/#website"},"primaryImageOfPage":{"@id":"https:\/\/www.bellunopress.it\/2022\/10\/08\/59mo-anniversario-vajont-zaia-una-ferita-aperta-nella-carne-della-nostra-terra\/#primaryimage"},"image":{"@id":"https:\/\/www.bellunopress.it\/2022\/10\/08\/59mo-anniversario-vajont-zaia-una-ferita-aperta-nella-carne-della-nostra-terra\/#primaryimage"},"thumbnailUrl":"https:\/\/www.bellunopress.it\/wp-content\/uploads\/2020\/10\/vajont-1_edited.jpg","datePublished":"2022-10-08T14:30:11+00:00","breadcrumb":{"@id":"https:\/\/www.bellunopress.it\/2022\/10\/08\/59mo-anniversario-vajont-zaia-una-ferita-aperta-nella-carne-della-nostra-terra\/#breadcrumb"},"inLanguage":"fr-FR","potentialAction":[{"@type":"ReadAction","target":["https:\/\/www.bellunopress.it\/2022\/10\/08\/59mo-anniversario-vajont-zaia-una-ferita-aperta-nella-carne-della-nostra-terra\/"]}]},{"@type":"ImageObject","inLanguage":"fr-FR","@id":"https:\/\/www.bellunopress.it\/2022\/10\/08\/59mo-anniversario-vajont-zaia-una-ferita-aperta-nella-carne-della-nostra-terra\/#primaryimage","url":"https:\/\/www.bellunopress.it\/wp-content\/uploads\/2020\/10\/vajont-1_edited.jpg","contentUrl":"https:\/\/www.bellunopress.it\/wp-content\/uploads\/2020\/10\/vajont-1_edited.jpg","width":800,"height":580},{"@type":"BreadcrumbList","@id":"https:\/\/www.bellunopress.it\/2022\/10\/08\/59mo-anniversario-vajont-zaia-una-ferita-aperta-nella-carne-della-nostra-terra\/#breadcrumb","itemListElement":[{"@type":"ListItem","position":1,"name":"Home","item":"https:\/\/www.bellunopress.it\/"},{"@type":"ListItem","position":2,"name":"59mo anniversario Vajont. Zaia: &#8220;Una ferita aperta nella carne della nostra terra&#8221;"}]},{"@type":"WebSite","@id":"https:\/\/www.bellunopress.it\/#website","url":"https:\/\/www.bellunopress.it\/","name":"Bellunopress - Dolomiti","description":"e-mail: redazione@bellunopress.it","publisher":{"@id":"https:\/\/www.bellunopress.it\/#organization"},"potentialAction":[{"@type":"SearchAction","target":{"@type":"EntryPoint","urlTemplate":"https:\/\/www.bellunopress.it\/?s={search_term_string}"},"query-input":{"@type":"PropertyValueSpecification","valueRequired":true,"valueName":"search_term_string"}}],"inLanguage":"fr-FR"},{"@type":"Organization","@id":"https:\/\/www.bellunopress.it\/#organization","name":"Bellunopress","url":"https:\/\/www.bellunopress.it\/","logo":{"@type":"ImageObject","inLanguage":"fr-FR","@id":"https:\/\/www.bellunopress.it\/#\/schema\/logo\/image\/","url":"https:\/\/www.bellunopress.it\/wp-content\/uploads\/2011\/05\/cropped-logo-bellunopress-.jpg","contentUrl":"https:\/\/www.bellunopress.it\/wp-content\/uploads\/2011\/05\/cropped-logo-bellunopress-.jpg","width":512,"height":512,"caption":"Bellunopress"},"image":{"@id":"https:\/\/www.bellunopress.it\/#\/schema\/logo\/image\/"},"sameAs":["https:\/\/www.facebook.com\/profile.php?id=100008943462799","https:\/\/x.com\/bellunopress","https:\/\/www.linkedin.com\/hp\/?dnr=JBzUWaJfMUw8vbXJJ2tVW5-I3jZKvC4wsoxE&amp;amp;amp;amp;amp;amp;trk=nav_responsive_tab_home","https:\/\/www.youtube.com\/channel\/UCxL0wu1uN0_3_7hGG0306cw"]},{"@type":"Person","@id":"https:\/\/www.bellunopress.it\/#\/schema\/person\/79bb06722b37ece1c03d3e94beb30d73","name":"r\u00e9daction","image":{"@type":"ImageObject","inLanguage":"fr-FR","@id":"https:\/\/secure.gravatar.com\/avatar\/37d968a2e67a6fd04c169c4bdef102d0bc5d31b2546345219e348575eb80e9a0?s=96&d=mm&r=g","url":"https:\/\/secure.gravatar.com\/avatar\/37d968a2e67a6fd04c169c4bdef102d0bc5d31b2546345219e348575eb80e9a0?s=96&d=mm&r=g","contentUrl":"https:\/\/secure.gravatar.com\/avatar\/37d968a2e67a6fd04c169c4bdef102d0bc5d31b2546345219e348575eb80e9a0?s=96&d=mm&r=g","caption":"redazione"},"sameAs":["http:\/\/www.bellunopress.it","https:\/\/x.com\/bellunopress"],"url":"https:\/\/www.bellunopress.it\/fr\/author\/redazione\/"}]}},"_links":{"self":[{"href":"https:\/\/www.bellunopress.it\/fr\/wp-json\/wp\/v2\/posts\/136851","targetHints":{"allow":["GET"]}}],"collection":[{"href":"https:\/\/www.bellunopress.it\/fr\/wp-json\/wp\/v2\/posts"}],"about":[{"href":"https:\/\/www.bellunopress.it\/fr\/wp-json\/wp\/v2\/types\/post"}],"author":[{"embeddable":true,"href":"https:\/\/www.bellunopress.it\/fr\/wp-json\/wp\/v2\/users\/2"}],"replies":[{"embeddable":true,"href":"https:\/\/www.bellunopress.it\/fr\/wp-json\/wp\/v2\/comments?post=136851"}],"version-history":[{"count":1,"href":"https:\/\/www.bellunopress.it\/fr\/wp-json\/wp\/v2\/posts\/136851\/revisions"}],"predecessor-version":[{"id":136852,"href":"https:\/\/www.bellunopress.it\/fr\/wp-json\/wp\/v2\/posts\/136851\/revisions\/136852"}],"wp:featuredmedia":[{"embeddable":true,"href":"https:\/\/www.bellunopress.it\/fr\/wp-json\/wp\/v2\/media\/118319"}],"wp:attachment":[{"href":"https:\/\/www.bellunopress.it\/fr\/wp-json\/wp\/v2\/media?parent=136851"}],"wp:term":[{"taxonomy":"category","embeddable":true,"href":"https:\/\/www.bellunopress.it\/fr\/wp-json\/wp\/v2\/categories?post=136851"},{"taxonomy":"post_tag","embeddable":true,"href":"https:\/\/www.bellunopress.it\/fr\/wp-json\/wp\/v2\/tags?post=136851"}],"curies":[{"name":"wp","href":"https:\/\/api.w.org\/{rel}","templated":true}]}}