{"id":136849,"date":"2022-10-08T13:45:35","date_gmt":"2022-10-08T11:45:35","guid":{"rendered":"https:\/\/www.bellunopress.it\/?p=136849"},"modified":"2022-10-08T13:45:35","modified_gmt":"2022-10-08T11:45:35","slug":"oltre-le-vette-domenica-sera-al-comunale-lo-spettacolo-teatrale-una-vita-con-flora-sarrubbo-e-sandro-buzzatti","status":"publish","type":"post","link":"https:\/\/www.bellunopress.it\/fr\/2022\/10\/08\/oltre-le-vette-domenica-sera-al-comunale-lo-spettacolo-teatrale-una-vita-con-flora-sarrubbo-e-sandro-buzzatti\/","title":{"rendered":"Oltre le Vette. Domenica sera al Comunale lo spettacolo teatrale \u201cUna vita\u201d Con Flora Sarrubbo e Sandro Buzzatti"},"content":{"rendered":"<figure id=\"attachment_132354\" aria-describedby=\"caption-attachment-132354\" style=\"width: 1000px\" class=\"wp-caption alignleft\"><img loading=\"lazy\" decoding=\"async\" class=\"size-full wp-image-132354\" src=\"https:\/\/www.bellunopress.it\/wp-content\/uploads\/2022\/03\/teatro-comunale-interni_edited.jpg\" alt=\"\" width=\"1000\" height=\"667\" srcset=\"https:\/\/www.bellunopress.it\/wp-content\/uploads\/2022\/03\/teatro-comunale-interni_edited.jpg 1000w, https:\/\/www.bellunopress.it\/wp-content\/uploads\/2022\/03\/teatro-comunale-interni_edited-500x334.jpg 500w, https:\/\/www.bellunopress.it\/wp-content\/uploads\/2022\/03\/teatro-comunale-interni_edited-696x464.jpg 696w, https:\/\/www.bellunopress.it\/wp-content\/uploads\/2022\/03\/teatro-comunale-interni_edited-630x420.jpg 630w\" sizes=\"auto, (max-width: 1000px) 100vw, 1000px\" \/><figcaption id=\"caption-attachment-132354\" class=\"wp-caption-text\">Teatro Comunale di Belluno<\/figcaption><\/figure>\n<p>Il Teatro Comunale di Belluno ospiter\u00e0 domenica 9 ottobre alle 21 lo spettacolo teatrale Una vita, tratto dall\u2019omonimo romanzo di Maria Giuliana Costa. Interpreti saranno Sandro<br \/>\nBuzzatti e Flora Sarrubbo, con interventi musicali alla fisarmonica di Tommaso Zamboni.<\/p>\n<p>Celeste e Anna sono i protagonisti del romanzo di Maria Giuliana Costa, e qui diventano i<br \/>\npersonaggi di uno spettacolo in cui l\u2019emigrazione, i periodici ritorni, la speranza e, in<br \/>\nfondo, l\u2019illusione di una stabilit\u00e0 sono narrati con riferimento al destino comune di tante,<br \/>\ntantissime famiglie della montagna veneta, soprattutto nella prima met\u00e0 del Novecento.<br \/>\nIl racconto-spettacolo portato in scena da Controtempo Teatro Bolzano si snoda<br \/>\nattraverso il grande affresco storico collettivo della storia delle emigrazioni delle comunit\u00e0<br \/>\nmontane nel Novecento e ripercorre le vicende di Celeste, una valigia in mano e un<br \/>\npassaporto nell\u2019altra, e di Anna sua moglie, eterna Penelope che trascorre gli anni<br \/>\nnell\u2019attesa del marito per i ritorni stagionali, nell\u2019illusione di una stabilit\u00e0 familiare, che in<br \/>\nfondo non arriva mai. L\u2019emigrazione per il marito non e\u0300 soltanto dettata da necessit\u00e0<br \/>\neconomica, ma diventa segno, marchio di un anima inquieta e di una eterna lotta contro la<br \/>\nsolitudine. Il luogo delle partenze e dei ritorni e\u0300 un piccolo paesino nel cuore delle Dolomiti<br \/>\nbellunesi, montagne bellissime e mute che assistono immutabili a due guerre mondiali, alle<br \/>\nondate migratorie, alle crisi e al boom economico.<br \/>\nUna vita dunque si svolge in scena attraverso parole e silenzi, movimenti calibrati dietro e<br \/>\ndavanti al leggio, evocazioni sonore, musiche e canti popolari. I due attori sono<br \/>\nprincipalmente Celeste ed Anna, ma danno vita contemporaneamente a quella coralit\u00e0 di<br \/>\nvite precarie che costituiscono un\u2019umanit\u00e0 che lavora nel tentativo di un riscatto, all\u2019ombra<br \/>\ndella grande storia che sembra procedere incurante di loro.<br \/>\nLa fisarmonica \u00e8 davvero la terza attrice dello spettacolo ed entra in dialogo con gli attori,<br \/>\na volte li zittisce, muta scenari, interrompe i silenzi, propone feste, invita alla danza. Un<br \/>\nvalzer apre e chiude lo spettacolo, simbolo di un tempo che se ne va danzando e che<br \/>\nritorna come un fantasma nella memoria di chi, come l\u2019autrice, decide di farlo rivivere<br \/>\nattraverso le immagini del suo passato.<\/p>\n<p>La scrittrice e poetessa Maria Giuliana Costa (1920 \u2013 1999) era nata a Canacede di San<br \/>\nTomaso Agordino e visse a lungo a Bolzano. Fu soprattutto una poetessa, e scrisse Una<br \/>\nvita, come diceva, per lasciare una testimonianza della vita nei paesi di montagna. Il romanzo, ambientato tra fine Ottocento e prima met\u00e0 del Novecento, e\u0300 stato pubblicato dall\u2019editore Manfrini nel 1985. Sua anche la raccolta Poesie del mio passaggio, che raccoglie le opere pubblicate in quattro volumi precedenti.<br \/>\nIngresso libero.<br \/>\nInfo: www.oltrelevette.it<\/p>","protected":false},"excerpt":{"rendered":"<p>Il Teatro Comunale di Belluno ospiter\u00e0 domenica 9 ottobre alle 21 lo spettacolo teatrale Una vita, tratto dall\u2019omonimo romanzo di Maria Giuliana Costa. Interpreti saranno Sandro Buzzatti e Flora Sarrubbo, con interventi musicali alla fisarmonica di Tommaso Zamboni. Celeste e Anna sono i protagonisti del romanzo di Maria Giuliana Costa, e qui diventano i personaggi [&hellip;]<\/p>\n","protected":false},"author":2,"featured_media":132354,"comment_status":"closed","ping_status":"open","sticky":false,"template":"","format":"standard","meta":{"footnotes":""},"categories":[27,3,25],"tags":[],"class_list":["post-136849","post","type-post","status-publish","format-standard","has-post-thumbnail","category-appuntamenti","category-arte-cultura-spettacoli-scienza-archivi","category-pausa-caffe"],"yoast_head":"<!-- This site is optimized with the Yoast SEO plugin v28.4 - https:\/\/yoast.com\/product\/yoast-seo-wordpress\/ -->\n<title>Oltre le Vette. Domenica sera al Comunale lo spettacolo teatrale \u201cUna vita\u201d Con Flora Sarrubbo e Sandro Buzzatti - Bellunopress - Dolomiti<\/title>\n<meta name=\"robots\" content=\"index, follow, max-snippet:-1, max-image-preview:large, max-video-preview:-1\" \/>\n<link rel=\"canonical\" href=\"https:\/\/www.bellunopress.it\/fr\/2022\/10\/08\/oltre-le-vette-domenica-sera-al-comunale-lo-spettacolo-teatrale-una-vita-con-flora-sarrubbo-e-sandro-buzzatti\/\" \/>\n<meta property=\"og:locale\" content=\"fr_FR\" \/>\n<meta property=\"og:type\" content=\"article\" \/>\n<meta property=\"og:title\" content=\"Oltre le Vette. Domenica sera al Comunale lo spettacolo teatrale \u201cUna vita\u201d Con Flora Sarrubbo e Sandro Buzzatti - Bellunopress - Dolomiti\" \/>\n<meta property=\"og:description\" content=\"Il Teatro Comunale di Belluno ospiter\u00e0 domenica 9 ottobre alle 21 lo spettacolo teatrale Una vita, tratto dall\u2019omonimo romanzo di Maria Giuliana Costa. Interpreti saranno Sandro Buzzatti e Flora Sarrubbo, con interventi musicali alla fisarmonica di Tommaso Zamboni. Celeste e Anna sono i protagonisti del romanzo di Maria Giuliana Costa, e qui diventano i personaggi [&hellip;]\" \/>\n<meta property=\"og:url\" content=\"https:\/\/www.bellunopress.it\/fr\/2022\/10\/08\/oltre-le-vette-domenica-sera-al-comunale-lo-spettacolo-teatrale-una-vita-con-flora-sarrubbo-e-sandro-buzzatti\/\" \/>\n<meta property=\"og:site_name\" content=\"Bellunopress - Dolomiti\" \/>\n<meta property=\"article:publisher\" content=\"https:\/\/www.facebook.com\/profile.php?id=100008943462799\" \/>\n<meta property=\"article:published_time\" content=\"2022-10-08T11:45:35+00:00\" \/>\n<meta property=\"og:image\" content=\"https:\/\/www.bellunopress.it\/wp-content\/uploads\/2022\/03\/teatro-comunale-interni_edited.jpg\" \/>\n\t<meta property=\"og:image:width\" content=\"1000\" \/>\n\t<meta property=\"og:image:height\" content=\"667\" \/>\n\t<meta property=\"og:image:type\" content=\"image\/jpeg\" \/>\n<meta name=\"author\" content=\"redazione\" \/>\n<meta name=\"twitter:card\" content=\"summary_large_image\" \/>\n<meta name=\"twitter:creator\" content=\"@bellunopress\" \/>\n<meta name=\"twitter:site\" content=\"@bellunopress\" \/>\n<meta name=\"twitter:label1\" content=\"\u00c9crit par\" \/>\n\t<meta name=\"twitter:data1\" content=\"redazione\" \/>\n\t<meta name=\"twitter:label2\" content=\"Dur\u00e9e de lecture estim\u00e9e\" \/>\n\t<meta name=\"twitter:data2\" content=\"3 minutes\" \/>\n<script type=\"application\/ld+json\" class=\"yoast-schema-graph\">{\"@context\":\"https:\\\/\\\/schema.org\",\"@graph\":[{\"@type\":\"Article\",\"@id\":\"https:\\\/\\\/www.bellunopress.it\\\/2022\\\/10\\\/08\\\/oltre-le-vette-domenica-sera-al-comunale-lo-spettacolo-teatrale-una-vita-con-flora-sarrubbo-e-sandro-buzzatti\\\/#article\",\"isPartOf\":{\"@id\":\"https:\\\/\\\/www.bellunopress.it\\\/2022\\\/10\\\/08\\\/oltre-le-vette-domenica-sera-al-comunale-lo-spettacolo-teatrale-una-vita-con-flora-sarrubbo-e-sandro-buzzatti\\\/\"},\"author\":{\"name\":\"redazione\",\"@id\":\"https:\\\/\\\/www.bellunopress.it\\\/#\\\/schema\\\/person\\\/79bb06722b37ece1c03d3e94beb30d73\"},\"headline\":\"Oltre le Vette. Domenica sera al Comunale lo spettacolo teatrale \u201cUna vita\u201d Con Flora Sarrubbo e Sandro Buzzatti\",\"datePublished\":\"2022-10-08T11:45:35+00:00\",\"mainEntityOfPage\":{\"@id\":\"https:\\\/\\\/www.bellunopress.it\\\/2022\\\/10\\\/08\\\/oltre-le-vette-domenica-sera-al-comunale-lo-spettacolo-teatrale-una-vita-con-flora-sarrubbo-e-sandro-buzzatti\\\/\"},\"wordCount\":473,\"publisher\":{\"@id\":\"https:\\\/\\\/www.bellunopress.it\\\/#organization\"},\"image\":{\"@id\":\"https:\\\/\\\/www.bellunopress.it\\\/2022\\\/10\\\/08\\\/oltre-le-vette-domenica-sera-al-comunale-lo-spettacolo-teatrale-una-vita-con-flora-sarrubbo-e-sandro-buzzatti\\\/#primaryimage\"},\"thumbnailUrl\":\"https:\\\/\\\/www.bellunopress.it\\\/wp-content\\\/uploads\\\/2022\\\/03\\\/teatro-comunale-interni_edited.jpg\",\"articleSection\":[\"Appuntamenti, Eventi\",\"Arte, Cultura, Spettacoli, Scienza\",\"Pausa Caff\u00e8\"],\"inLanguage\":\"fr-FR\"},{\"@type\":\"WebPage\",\"@id\":\"https:\\\/\\\/www.bellunopress.it\\\/2022\\\/10\\\/08\\\/oltre-le-vette-domenica-sera-al-comunale-lo-spettacolo-teatrale-una-vita-con-flora-sarrubbo-e-sandro-buzzatti\\\/\",\"url\":\"https:\\\/\\\/www.bellunopress.it\\\/2022\\\/10\\\/08\\\/oltre-le-vette-domenica-sera-al-comunale-lo-spettacolo-teatrale-una-vita-con-flora-sarrubbo-e-sandro-buzzatti\\\/\",\"name\":\"Oltre le Vette. Domenica sera al Comunale lo spettacolo teatrale \u201cUna vita\u201d Con Flora Sarrubbo e Sandro Buzzatti - Bellunopress - Dolomiti\",\"isPartOf\":{\"@id\":\"https:\\\/\\\/www.bellunopress.it\\\/#website\"},\"primaryImageOfPage\":{\"@id\":\"https:\\\/\\\/www.bellunopress.it\\\/2022\\\/10\\\/08\\\/oltre-le-vette-domenica-sera-al-comunale-lo-spettacolo-teatrale-una-vita-con-flora-sarrubbo-e-sandro-buzzatti\\\/#primaryimage\"},\"image\":{\"@id\":\"https:\\\/\\\/www.bellunopress.it\\\/2022\\\/10\\\/08\\\/oltre-le-vette-domenica-sera-al-comunale-lo-spettacolo-teatrale-una-vita-con-flora-sarrubbo-e-sandro-buzzatti\\\/#primaryimage\"},\"thumbnailUrl\":\"https:\\\/\\\/www.bellunopress.it\\\/wp-content\\\/uploads\\\/2022\\\/03\\\/teatro-comunale-interni_edited.jpg\",\"datePublished\":\"2022-10-08T11:45:35+00:00\",\"breadcrumb\":{\"@id\":\"https:\\\/\\\/www.bellunopress.it\\\/2022\\\/10\\\/08\\\/oltre-le-vette-domenica-sera-al-comunale-lo-spettacolo-teatrale-una-vita-con-flora-sarrubbo-e-sandro-buzzatti\\\/#breadcrumb\"},\"inLanguage\":\"fr-FR\",\"potentialAction\":[{\"@type\":\"ReadAction\",\"target\":[\"https:\\\/\\\/www.bellunopress.it\\\/2022\\\/10\\\/08\\\/oltre-le-vette-domenica-sera-al-comunale-lo-spettacolo-teatrale-una-vita-con-flora-sarrubbo-e-sandro-buzzatti\\\/\"]}]},{\"@type\":\"ImageObject\",\"inLanguage\":\"fr-FR\",\"@id\":\"https:\\\/\\\/www.bellunopress.it\\\/2022\\\/10\\\/08\\\/oltre-le-vette-domenica-sera-al-comunale-lo-spettacolo-teatrale-una-vita-con-flora-sarrubbo-e-sandro-buzzatti\\\/#primaryimage\",\"url\":\"https:\\\/\\\/www.bellunopress.it\\\/wp-content\\\/uploads\\\/2022\\\/03\\\/teatro-comunale-interni_edited.jpg\",\"contentUrl\":\"https:\\\/\\\/www.bellunopress.it\\\/wp-content\\\/uploads\\\/2022\\\/03\\\/teatro-comunale-interni_edited.jpg\",\"width\":1000,\"height\":667,\"caption\":\"Teatro Comunale di Belluno\"},{\"@type\":\"BreadcrumbList\",\"@id\":\"https:\\\/\\\/www.bellunopress.it\\\/2022\\\/10\\\/08\\\/oltre-le-vette-domenica-sera-al-comunale-lo-spettacolo-teatrale-una-vita-con-flora-sarrubbo-e-sandro-buzzatti\\\/#breadcrumb\",\"itemListElement\":[{\"@type\":\"ListItem\",\"position\":1,\"name\":\"Home\",\"item\":\"https:\\\/\\\/www.bellunopress.it\\\/\"},{\"@type\":\"ListItem\",\"position\":2,\"name\":\"Oltre le Vette. Domenica sera al Comunale lo spettacolo teatrale \u201cUna vita\u201d Con Flora Sarrubbo e Sandro Buzzatti\"}]},{\"@type\":\"WebSite\",\"@id\":\"https:\\\/\\\/www.bellunopress.it\\\/#website\",\"url\":\"https:\\\/\\\/www.bellunopress.it\\\/\",\"name\":\"Bellunopress - Dolomiti\",\"description\":\"e-mail: redazione@bellunopress.it\",\"publisher\":{\"@id\":\"https:\\\/\\\/www.bellunopress.it\\\/#organization\"},\"potentialAction\":[{\"@type\":\"SearchAction\",\"target\":{\"@type\":\"EntryPoint\",\"urlTemplate\":\"https:\\\/\\\/www.bellunopress.it\\\/?s={search_term_string}\"},\"query-input\":{\"@type\":\"PropertyValueSpecification\",\"valueRequired\":true,\"valueName\":\"search_term_string\"}}],\"inLanguage\":\"fr-FR\"},{\"@type\":\"Organization\",\"@id\":\"https:\\\/\\\/www.bellunopress.it\\\/#organization\",\"name\":\"Bellunopress\",\"url\":\"https:\\\/\\\/www.bellunopress.it\\\/\",\"logo\":{\"@type\":\"ImageObject\",\"inLanguage\":\"fr-FR\",\"@id\":\"https:\\\/\\\/www.bellunopress.it\\\/#\\\/schema\\\/logo\\\/image\\\/\",\"url\":\"https:\\\/\\\/www.bellunopress.it\\\/wp-content\\\/uploads\\\/2011\\\/05\\\/cropped-logo-bellunopress-.jpg\",\"contentUrl\":\"https:\\\/\\\/www.bellunopress.it\\\/wp-content\\\/uploads\\\/2011\\\/05\\\/cropped-logo-bellunopress-.jpg\",\"width\":512,\"height\":512,\"caption\":\"Bellunopress\"},\"image\":{\"@id\":\"https:\\\/\\\/www.bellunopress.it\\\/#\\\/schema\\\/logo\\\/image\\\/\"},\"sameAs\":[\"https:\\\/\\\/www.facebook.com\\\/profile.php?id=100008943462799\",\"https:\\\/\\\/x.com\\\/bellunopress\",\"https:\\\/\\\/www.linkedin.com\\\/hp\\\/?dnr=JBzUWaJfMUw8vbXJJ2tVW5-I3jZKvC4wsoxE&amp;amp;amp;amp;amp;amp;trk=nav_responsive_tab_home\",\"https:\\\/\\\/www.youtube.com\\\/channel\\\/UCxL0wu1uN0_3_7hGG0306cw\"]},{\"@type\":\"Person\",\"@id\":\"https:\\\/\\\/www.bellunopress.it\\\/#\\\/schema\\\/person\\\/79bb06722b37ece1c03d3e94beb30d73\",\"name\":\"redazione\",\"image\":{\"@type\":\"ImageObject\",\"inLanguage\":\"fr-FR\",\"@id\":\"https:\\\/\\\/secure.gravatar.com\\\/avatar\\\/37d968a2e67a6fd04c169c4bdef102d0bc5d31b2546345219e348575eb80e9a0?s=96&d=mm&r=g\",\"url\":\"https:\\\/\\\/secure.gravatar.com\\\/avatar\\\/37d968a2e67a6fd04c169c4bdef102d0bc5d31b2546345219e348575eb80e9a0?s=96&d=mm&r=g\",\"contentUrl\":\"https:\\\/\\\/secure.gravatar.com\\\/avatar\\\/37d968a2e67a6fd04c169c4bdef102d0bc5d31b2546345219e348575eb80e9a0?s=96&d=mm&r=g\",\"caption\":\"redazione\"},\"sameAs\":[\"http:\\\/\\\/www.bellunopress.it\",\"https:\\\/\\\/x.com\\\/bellunopress\"],\"url\":\"https:\\\/\\\/www.bellunopress.it\\\/fr\\\/author\\\/redazione\\\/\"}]}<\/script>\n<!-- \/ Yoast SEO plugin. -->","yoast_head_json":{"title":"Oltre le Vette. Domenica sera al Comunale lo spettacolo teatrale \u201cUna vita\u201d Con Flora Sarrubbo e Sandro Buzzatti - Bellunopress - Dolomiti","robots":{"index":"index","follow":"follow","max-snippet":"max-snippet:-1","max-image-preview":"max-image-preview:large","max-video-preview":"max-video-preview:-1"},"canonical":"https:\/\/www.bellunopress.it\/fr\/2022\/10\/08\/oltre-le-vette-domenica-sera-al-comunale-lo-spettacolo-teatrale-una-vita-con-flora-sarrubbo-e-sandro-buzzatti\/","og_locale":"fr_FR","og_type":"article","og_title":"Oltre le Vette. Domenica sera al Comunale lo spettacolo teatrale \u201cUna vita\u201d Con Flora Sarrubbo e Sandro Buzzatti - Bellunopress - Dolomiti","og_description":"Il Teatro Comunale di Belluno ospiter\u00e0 domenica 9 ottobre alle 21 lo spettacolo teatrale Una vita, tratto dall\u2019omonimo romanzo di Maria Giuliana Costa. Interpreti saranno Sandro Buzzatti e Flora Sarrubbo, con interventi musicali alla fisarmonica di Tommaso Zamboni. Celeste e Anna sono i protagonisti del romanzo di Maria Giuliana Costa, e qui diventano i personaggi [&hellip;]","og_url":"https:\/\/www.bellunopress.it\/fr\/2022\/10\/08\/oltre-le-vette-domenica-sera-al-comunale-lo-spettacolo-teatrale-una-vita-con-flora-sarrubbo-e-sandro-buzzatti\/","og_site_name":"Bellunopress - Dolomiti","article_publisher":"https:\/\/www.facebook.com\/profile.php?id=100008943462799","article_published_time":"2022-10-08T11:45:35+00:00","og_image":[{"width":1000,"height":667,"url":"https:\/\/www.bellunopress.it\/wp-content\/uploads\/2022\/03\/teatro-comunale-interni_edited.jpg","type":"image\/jpeg"}],"author":"redazione","twitter_card":"summary_large_image","twitter_creator":"@bellunopress","twitter_site":"@bellunopress","twitter_misc":{"\u00c9crit par":"redazione","Dur\u00e9e de lecture estim\u00e9e":"3 minutes"},"schema":{"@context":"https:\/\/schema.org","@graph":[{"@type":"Article","@id":"https:\/\/www.bellunopress.it\/2022\/10\/08\/oltre-le-vette-domenica-sera-al-comunale-lo-spettacolo-teatrale-una-vita-con-flora-sarrubbo-e-sandro-buzzatti\/#article","isPartOf":{"@id":"https:\/\/www.bellunopress.it\/2022\/10\/08\/oltre-le-vette-domenica-sera-al-comunale-lo-spettacolo-teatrale-una-vita-con-flora-sarrubbo-e-sandro-buzzatti\/"},"author":{"name":"redazione","@id":"https:\/\/www.bellunopress.it\/#\/schema\/person\/79bb06722b37ece1c03d3e94beb30d73"},"headline":"Oltre le Vette. Domenica sera al Comunale lo spettacolo teatrale \u201cUna vita\u201d Con Flora Sarrubbo e Sandro Buzzatti","datePublished":"2022-10-08T11:45:35+00:00","mainEntityOfPage":{"@id":"https:\/\/www.bellunopress.it\/2022\/10\/08\/oltre-le-vette-domenica-sera-al-comunale-lo-spettacolo-teatrale-una-vita-con-flora-sarrubbo-e-sandro-buzzatti\/"},"wordCount":473,"publisher":{"@id":"https:\/\/www.bellunopress.it\/#organization"},"image":{"@id":"https:\/\/www.bellunopress.it\/2022\/10\/08\/oltre-le-vette-domenica-sera-al-comunale-lo-spettacolo-teatrale-una-vita-con-flora-sarrubbo-e-sandro-buzzatti\/#primaryimage"},"thumbnailUrl":"https:\/\/www.bellunopress.it\/wp-content\/uploads\/2022\/03\/teatro-comunale-interni_edited.jpg","articleSection":["Appuntamenti, Eventi","Arte, Cultura, Spettacoli, Scienza","Pausa Caff\u00e8"],"inLanguage":"fr-FR"},{"@type":"WebPage","@id":"https:\/\/www.bellunopress.it\/2022\/10\/08\/oltre-le-vette-domenica-sera-al-comunale-lo-spettacolo-teatrale-una-vita-con-flora-sarrubbo-e-sandro-buzzatti\/","url":"https:\/\/www.bellunopress.it\/2022\/10\/08\/oltre-le-vette-domenica-sera-al-comunale-lo-spettacolo-teatrale-una-vita-con-flora-sarrubbo-e-sandro-buzzatti\/","name":"Oltre le Vette. Domenica sera al Comunale lo spettacolo teatrale \u201cUna vita\u201d Con Flora Sarrubbo e Sandro Buzzatti - Bellunopress - Dolomiti","isPartOf":{"@id":"https:\/\/www.bellunopress.it\/#website"},"primaryImageOfPage":{"@id":"https:\/\/www.bellunopress.it\/2022\/10\/08\/oltre-le-vette-domenica-sera-al-comunale-lo-spettacolo-teatrale-una-vita-con-flora-sarrubbo-e-sandro-buzzatti\/#primaryimage"},"image":{"@id":"https:\/\/www.bellunopress.it\/2022\/10\/08\/oltre-le-vette-domenica-sera-al-comunale-lo-spettacolo-teatrale-una-vita-con-flora-sarrubbo-e-sandro-buzzatti\/#primaryimage"},"thumbnailUrl":"https:\/\/www.bellunopress.it\/wp-content\/uploads\/2022\/03\/teatro-comunale-interni_edited.jpg","datePublished":"2022-10-08T11:45:35+00:00","breadcrumb":{"@id":"https:\/\/www.bellunopress.it\/2022\/10\/08\/oltre-le-vette-domenica-sera-al-comunale-lo-spettacolo-teatrale-una-vita-con-flora-sarrubbo-e-sandro-buzzatti\/#breadcrumb"},"inLanguage":"fr-FR","potentialAction":[{"@type":"ReadAction","target":["https:\/\/www.bellunopress.it\/2022\/10\/08\/oltre-le-vette-domenica-sera-al-comunale-lo-spettacolo-teatrale-una-vita-con-flora-sarrubbo-e-sandro-buzzatti\/"]}]},{"@type":"ImageObject","inLanguage":"fr-FR","@id":"https:\/\/www.bellunopress.it\/2022\/10\/08\/oltre-le-vette-domenica-sera-al-comunale-lo-spettacolo-teatrale-una-vita-con-flora-sarrubbo-e-sandro-buzzatti\/#primaryimage","url":"https:\/\/www.bellunopress.it\/wp-content\/uploads\/2022\/03\/teatro-comunale-interni_edited.jpg","contentUrl":"https:\/\/www.bellunopress.it\/wp-content\/uploads\/2022\/03\/teatro-comunale-interni_edited.jpg","width":1000,"height":667,"caption":"Teatro Comunale di Belluno"},{"@type":"BreadcrumbList","@id":"https:\/\/www.bellunopress.it\/2022\/10\/08\/oltre-le-vette-domenica-sera-al-comunale-lo-spettacolo-teatrale-una-vita-con-flora-sarrubbo-e-sandro-buzzatti\/#breadcrumb","itemListElement":[{"@type":"ListItem","position":1,"name":"Home","item":"https:\/\/www.bellunopress.it\/"},{"@type":"ListItem","position":2,"name":"Oltre le Vette. Domenica sera al Comunale lo spettacolo teatrale \u201cUna vita\u201d Con Flora Sarrubbo e Sandro Buzzatti"}]},{"@type":"WebSite","@id":"https:\/\/www.bellunopress.it\/#website","url":"https:\/\/www.bellunopress.it\/","name":"Bellunopress - Dolomiti","description":"e-mail: redazione@bellunopress.it","publisher":{"@id":"https:\/\/www.bellunopress.it\/#organization"},"potentialAction":[{"@type":"SearchAction","target":{"@type":"EntryPoint","urlTemplate":"https:\/\/www.bellunopress.it\/?s={search_term_string}"},"query-input":{"@type":"PropertyValueSpecification","valueRequired":true,"valueName":"search_term_string"}}],"inLanguage":"fr-FR"},{"@type":"Organization","@id":"https:\/\/www.bellunopress.it\/#organization","name":"Bellunopress","url":"https:\/\/www.bellunopress.it\/","logo":{"@type":"ImageObject","inLanguage":"fr-FR","@id":"https:\/\/www.bellunopress.it\/#\/schema\/logo\/image\/","url":"https:\/\/www.bellunopress.it\/wp-content\/uploads\/2011\/05\/cropped-logo-bellunopress-.jpg","contentUrl":"https:\/\/www.bellunopress.it\/wp-content\/uploads\/2011\/05\/cropped-logo-bellunopress-.jpg","width":512,"height":512,"caption":"Bellunopress"},"image":{"@id":"https:\/\/www.bellunopress.it\/#\/schema\/logo\/image\/"},"sameAs":["https:\/\/www.facebook.com\/profile.php?id=100008943462799","https:\/\/x.com\/bellunopress","https:\/\/www.linkedin.com\/hp\/?dnr=JBzUWaJfMUw8vbXJJ2tVW5-I3jZKvC4wsoxE&amp;amp;amp;amp;amp;amp;trk=nav_responsive_tab_home","https:\/\/www.youtube.com\/channel\/UCxL0wu1uN0_3_7hGG0306cw"]},{"@type":"Person","@id":"https:\/\/www.bellunopress.it\/#\/schema\/person\/79bb06722b37ece1c03d3e94beb30d73","name":"r\u00e9daction","image":{"@type":"ImageObject","inLanguage":"fr-FR","@id":"https:\/\/secure.gravatar.com\/avatar\/37d968a2e67a6fd04c169c4bdef102d0bc5d31b2546345219e348575eb80e9a0?s=96&d=mm&r=g","url":"https:\/\/secure.gravatar.com\/avatar\/37d968a2e67a6fd04c169c4bdef102d0bc5d31b2546345219e348575eb80e9a0?s=96&d=mm&r=g","contentUrl":"https:\/\/secure.gravatar.com\/avatar\/37d968a2e67a6fd04c169c4bdef102d0bc5d31b2546345219e348575eb80e9a0?s=96&d=mm&r=g","caption":"redazione"},"sameAs":["http:\/\/www.bellunopress.it","https:\/\/x.com\/bellunopress"],"url":"https:\/\/www.bellunopress.it\/fr\/author\/redazione\/"}]}},"_links":{"self":[{"href":"https:\/\/www.bellunopress.it\/fr\/wp-json\/wp\/v2\/posts\/136849","targetHints":{"allow":["GET"]}}],"collection":[{"href":"https:\/\/www.bellunopress.it\/fr\/wp-json\/wp\/v2\/posts"}],"about":[{"href":"https:\/\/www.bellunopress.it\/fr\/wp-json\/wp\/v2\/types\/post"}],"author":[{"embeddable":true,"href":"https:\/\/www.bellunopress.it\/fr\/wp-json\/wp\/v2\/users\/2"}],"replies":[{"embeddable":true,"href":"https:\/\/www.bellunopress.it\/fr\/wp-json\/wp\/v2\/comments?post=136849"}],"version-history":[{"count":1,"href":"https:\/\/www.bellunopress.it\/fr\/wp-json\/wp\/v2\/posts\/136849\/revisions"}],"predecessor-version":[{"id":136850,"href":"https:\/\/www.bellunopress.it\/fr\/wp-json\/wp\/v2\/posts\/136849\/revisions\/136850"}],"wp:featuredmedia":[{"embeddable":true,"href":"https:\/\/www.bellunopress.it\/fr\/wp-json\/wp\/v2\/media\/132354"}],"wp:attachment":[{"href":"https:\/\/www.bellunopress.it\/fr\/wp-json\/wp\/v2\/media?parent=136849"}],"wp:term":[{"taxonomy":"category","embeddable":true,"href":"https:\/\/www.bellunopress.it\/fr\/wp-json\/wp\/v2\/categories?post=136849"},{"taxonomy":"post_tag","embeddable":true,"href":"https:\/\/www.bellunopress.it\/fr\/wp-json\/wp\/v2\/tags?post=136849"}],"curies":[{"name":"wp","href":"https:\/\/api.w.org\/{rel}","templated":true}]}}