{"id":136846,"date":"2022-10-09T22:25:56","date_gmt":"2022-10-09T20:25:56","guid":{"rendered":"https:\/\/www.bellunopress.it\/?p=136846"},"modified":"2022-10-08T13:39:06","modified_gmt":"2022-10-08T11:39:06","slug":"sabato-al-giovanni-23mo-di-belluno-lo-spettacolo-teatrale-mamma-a-carico-mia-figlia-ha-novantanni-di-e-con-gianna-coletti","status":"publish","type":"post","link":"https:\/\/www.bellunopress.it\/fr\/2022\/10\/09\/sabato-al-giovanni-23mo-di-belluno-lo-spettacolo-teatrale-mamma-a-carico-mia-figlia-ha-novantanni-di-e-con-gianna-coletti\/","title":{"rendered":"Sabato al Giovanni 23mo di Belluno lo spettacolo teatrale Mamma a carico &#8211; Mia figlia ha novant\u2019anni, di e con Gianna Coletti"},"content":{"rendered":"<figure id=\"attachment_136847\" aria-describedby=\"caption-attachment-136847\" style=\"width: 1000px\" class=\"wp-caption alignleft\"><img loading=\"lazy\" decoding=\"async\" class=\"size-full wp-image-136847\" src=\"https:\/\/www.bellunopress.it\/wp-content\/uploads\/2022\/10\/Gianna-Coletti-Mamma-a-carico_edited.jpg\" alt=\"\" width=\"1000\" height=\"722\" srcset=\"https:\/\/www.bellunopress.it\/wp-content\/uploads\/2022\/10\/Gianna-Coletti-Mamma-a-carico_edited.jpg 1000w, https:\/\/www.bellunopress.it\/wp-content\/uploads\/2022\/10\/Gianna-Coletti-Mamma-a-carico_edited-500x361.jpg 500w, https:\/\/www.bellunopress.it\/wp-content\/uploads\/2022\/10\/Gianna-Coletti-Mamma-a-carico_edited-696x503.jpg 696w, https:\/\/www.bellunopress.it\/wp-content\/uploads\/2022\/10\/Gianna-Coletti-Mamma-a-carico_edited-582x420.jpg 582w, https:\/\/www.bellunopress.it\/wp-content\/uploads\/2022\/10\/Gianna-Coletti-Mamma-a-carico_edited-324x235.jpg 324w\" sizes=\"auto, (max-width: 1000px) 100vw, 1000px\" \/><figcaption id=\"caption-attachment-136847\" class=\"wp-caption-text\">Gianna Coletti<\/figcaption><\/figure>\n<p>Sabato 15 Ottobre 2022, alle ore 18:30, al Teatro del Centro Giovanni XXIII di Belluno in piazza Piloni, va in scena lo spettacolo Mamma a carico &#8211; Mia figlia ha novant&#8217;anni, di e con Gianna Coletti. L&#8221;evento si terr\u00e0 nell&#8217;ambito del Convegno sulla gestione perioperatoria dell&#8217;anziano fragile organizzato dall&#8217;Ordine dei Medici e degli Odontoiatri di Belluno.<\/p>\n<p>Lo spettacolo tratto dal libro della stessa Coletti edito da Einaudi, affronta con leggerezza e profondit\u00e0 il tema del prendersi cura di un genitore fragile, situazione che riguarda ancora moltissime donne perch\u00e9 ritenute dalla collettivit\u00e0 pi\u00f9 &#8220;adeguate&#8221; a farsi carico degli impegni domestici e familiari.<\/p>\n<p>Lo spettacolo \u00e8 una condivisione coraggiosa e importante, un aiuto per le tante donne che vivono questa situazione, e che troppo spesso vengono lasciate sole. Nasce dal libro omonimo e fa tesoro delle immagini di un film, Tra cinque minuti in scena.<br \/>\nSpettacolo, libro e film formano una trilogia sul rapporto madre-figlia, sul prendersi cura dei nostri cari non pi\u00f9 autonomi.<br \/>\nTre modi diversi di raccontare una storia unica: la storia di Gianna e di sua madre, Anna. Una storia che parla a tutti.<\/p>\n<p><strong>Lo spettacolo<\/strong><br \/>\nMamma a carico &#8211; Mia figlia ha novant\u2019anni \u00e8 un monologo ironico e struggente, sul rapporto tra una donna di cinquant\u2019anni, Gianna, e una vecchia ribelle di novanta, cieca, che porta occhiali 3D perch\u00e9 da sempre \u00e8 abituata ad avere qualcosa sul naso, non<br \/>\ncammina pi\u00f9 e la testa ogni tanto va per conto suo.<br \/>\nQuella vecchia \u00e8 Anna, la madre di Gianna: spirito ribelle, ironia graffiante, e grande cuore sempre pi\u00f9 egoista.<br \/>\nDue donne che si sorreggono l\u2019una con l\u2019altra, ma incredibilmente \u00e8 la figlia ad avere pi\u00f9 bisogno della madre per vivere.<br \/>\nE tra uno scontro e l\u2019altro, sensi di colpa, una risata, una cantata, si dipana il loro rapporto.<br \/>\nMamma a carico \u00e8 una pi\u00e8ce unica nel suo genere, perch\u00e9 \u00e8 un monologo teatrale con<br \/>\nuna voce in pi\u00f9: quella di Anna, la vera madre di Gianna, che rivive sul palcoscenico attraverso preziosi frammenti video tratti dal film Tra cinque minuti in scena di Laura<br \/>\nChiossone, con protagonista la stessa Coletti, acclamato dalla critica e vincitore di numerosi<br \/>\npremi.<br \/>\nQuesti estratti, che immortalano sequenze di vita reale tra le due donne, completano la<br \/>\nmessa in scena e interagiscono con il racconto di Gianna.<br \/>\nIl pubblico ride e si commuove per questa storia personalissima ma universale che suscita<br \/>\nempatia e affronta il tab\u00f9 della vecchiaia coinvolgendo spettatori di ogni et\u00e0.<br \/>\nIn Italia sono principalmente le donne ad accudire genitori fragili, donne che trascorrono<br \/>\nanni chiuse nelle loro solitudini senza alcuna possibilit\u00e0 di un confronto, di una parola che<br \/>\npossa placare l\u2019anima perennemente in subbuglio. Non \u00e8 semplice accettare che un tuo<br \/>\ncaro un giorno dopo l\u2019altro perda i pezzi.<\/p>\n<p>Mamma a carico \u2013 Mia figlia ha novant\u2019anni non \u00e8 solo una condivisione, ma un aiuto<br \/>\nper fare sentire meno sole le tante donne che si prendono cura dei loro cari.<br \/>\nLo spettacolo viene normalmente inserito in festival, rassegne e stagioni teatrali.<br \/>\nVincitore dell\u2019Earthink Festival 2017, selezionato dal portale Milano Teatri tra le<br \/>\nmigliori rappresentazioni della stagione 2017\/18, ospitato all\u2019Alzheimer Fest 2018,<br \/>\n2019, 2021 e 2022<\/p>\n<p><strong>Gianna Coletti<\/strong><br \/>\nAttrice, cantante, chitarrista. Allo Sferisterio di Macerata \u00e8 la protagonista di un&#8217;operina di<br \/>\nGino Negri: Mod\u00ec, sulla vita di Amedeo Modigliani. Per parecchi anni fa parte della<br \/>\nCompagnia Stabile Milanese di Piero Mazzarella.<br \/>\nSotto la ditta Garinei e Giovannini recita con Gino Bramieri e Johnny Dorelli.<br \/>\nCollabora con svariati registi tra i quali Tato Russo del Teatro Bellini di Napoli, Andr\u00e9e Ruth<br \/>\nShammah del Franco Parenti di Milano, Marco Bernardi del Teatro Stabile di Bolzano, Gino<br \/>\nLandi, Carlo Mazzacurati, Giancarlo Sepe, Walter Manfr\u00e8, Antonio Syxty, Lorenzo Alessandri, Alberto Oliva, Emilio Russo, Roberto Recchia, Ivan Stefanutti, Carlo Mazzacurati.<br \/>\nCon Dario D&#8217;Ambrosi, fondatore del Teatro Patologico, lavora su diversi testi che riguardano<br \/>\nla malattia mentale.<br \/>\n\u00c8 la protagonista del film \u201cTra cinque minuti in scena\u201d di Laura Chiossone, uscito nel 2013<br \/>\nnelle sale italiane e vincitore di numerosi premi: Cicae Art Cinema ad Annecy, Fice miglior<br \/>\nfilm indipendente, miglior film al Miff di Mosca.<br \/>\nPer la televisione conduce \u201cFresco fresco\u201d, programma pomeridiano di Rai 1, ed ha ruolo fisso nelle sit-com \u201cCasa Vianello\u201d e in \u201cCotti e mangiati\u201d con F. Insinna, oltre a vantare<br \/>\npartecipazioni in varie fiction.<br \/>\nDal 2017 porta in scena lo spettacolo MAMMA A CARICO \u2013 Mia figlia ha novant\u2019anni di cui \u00e8<br \/>\nanche autrice. Tratto dall\u2019omonimo libro della stessa Coletti edito da Einaudi nel 2015.<\/p>","protected":false},"excerpt":{"rendered":"<p>Sabato 15 Ottobre 2022, alle ore 18:30, al Teatro del Centro Giovanni XXIII di Belluno in piazza Piloni, va in scena lo spettacolo Mamma a carico &#8211; Mia figlia ha novant&#8217;anni, di e con Gianna Coletti. L&#8221;evento si terr\u00e0 nell&#8217;ambito del Convegno sulla gestione perioperatoria dell&#8217;anziano fragile organizzato dall&#8217;Ordine dei Medici e degli Odontoiatri di [&hellip;]<\/p>\n","protected":false},"author":2,"featured_media":136847,"comment_status":"closed","ping_status":"open","sticky":false,"template":"","format":"standard","meta":{"footnotes":""},"categories":[27,3,25],"tags":[],"class_list":["post-136846","post","type-post","status-publish","format-standard","has-post-thumbnail","category-appuntamenti","category-arte-cultura-spettacoli-scienza-archivi","category-pausa-caffe"],"yoast_head":"<!-- This site is optimized with the Yoast SEO plugin v28.4 - https:\/\/yoast.com\/product\/yoast-seo-wordpress\/ -->\n<title>Sabato al Giovanni 23mo di Belluno lo spettacolo teatrale Mamma a carico - Mia figlia ha novant\u2019anni, di e con Gianna Coletti - Bellunopress - Dolomiti<\/title>\n<meta name=\"robots\" content=\"index, follow, max-snippet:-1, max-image-preview:large, max-video-preview:-1\" \/>\n<link rel=\"canonical\" href=\"https:\/\/www.bellunopress.it\/fr\/2022\/10\/09\/sabato-al-giovanni-23mo-di-belluno-lo-spettacolo-teatrale-mamma-a-carico-mia-figlia-ha-novantanni-di-e-con-gianna-coletti\/\" \/>\n<meta property=\"og:locale\" content=\"fr_FR\" \/>\n<meta property=\"og:type\" content=\"article\" \/>\n<meta property=\"og:title\" content=\"Sabato al Giovanni 23mo di Belluno lo spettacolo teatrale Mamma a carico - Mia figlia ha novant\u2019anni, di e con Gianna Coletti - Bellunopress - Dolomiti\" \/>\n<meta property=\"og:description\" content=\"Sabato 15 Ottobre 2022, alle ore 18:30, al Teatro del Centro Giovanni XXIII di Belluno in piazza Piloni, va in scena lo spettacolo Mamma a carico &#8211; Mia figlia ha novant&#8217;anni, di e con Gianna Coletti. L&#8221;evento si terr\u00e0 nell&#8217;ambito del Convegno sulla gestione perioperatoria dell&#8217;anziano fragile organizzato dall&#8217;Ordine dei Medici e degli Odontoiatri di [&hellip;]\" \/>\n<meta property=\"og:url\" content=\"https:\/\/www.bellunopress.it\/fr\/2022\/10\/09\/sabato-al-giovanni-23mo-di-belluno-lo-spettacolo-teatrale-mamma-a-carico-mia-figlia-ha-novantanni-di-e-con-gianna-coletti\/\" \/>\n<meta property=\"og:site_name\" content=\"Bellunopress - Dolomiti\" \/>\n<meta property=\"article:publisher\" content=\"https:\/\/www.facebook.com\/profile.php?id=100008943462799\" \/>\n<meta property=\"article:published_time\" content=\"2022-10-09T20:25:56+00:00\" \/>\n<meta property=\"og:image\" content=\"https:\/\/www.bellunopress.it\/wp-content\/uploads\/2022\/10\/Gianna-Coletti-Mamma-a-carico_edited.jpg\" \/>\n\t<meta property=\"og:image:width\" content=\"1000\" \/>\n\t<meta property=\"og:image:height\" content=\"722\" \/>\n\t<meta property=\"og:image:type\" content=\"image\/jpeg\" \/>\n<meta name=\"author\" content=\"redazione\" \/>\n<meta name=\"twitter:card\" content=\"summary_large_image\" \/>\n<meta name=\"twitter:creator\" content=\"@bellunopress\" \/>\n<meta name=\"twitter:site\" content=\"@bellunopress\" \/>\n<meta name=\"twitter:label1\" content=\"Written by\" \/>\n\t<meta name=\"twitter:data1\" content=\"redazione\" \/>\n\t<meta name=\"twitter:label2\" content=\"Est. reading time\" \/>\n\t<meta name=\"twitter:data2\" content=\"5 minutes\" \/>\n<script type=\"application\/ld+json\" class=\"yoast-schema-graph\">{\"@context\":\"https:\\\/\\\/schema.org\",\"@graph\":[{\"@type\":\"Article\",\"@id\":\"https:\\\/\\\/www.bellunopress.it\\\/2022\\\/10\\\/09\\\/sabato-al-giovanni-23mo-di-belluno-lo-spettacolo-teatrale-mamma-a-carico-mia-figlia-ha-novantanni-di-e-con-gianna-coletti\\\/#article\",\"isPartOf\":{\"@id\":\"https:\\\/\\\/www.bellunopress.it\\\/2022\\\/10\\\/09\\\/sabato-al-giovanni-23mo-di-belluno-lo-spettacolo-teatrale-mamma-a-carico-mia-figlia-ha-novantanni-di-e-con-gianna-coletti\\\/\"},\"author\":{\"name\":\"redazione\",\"@id\":\"https:\\\/\\\/www.bellunopress.it\\\/#\\\/schema\\\/person\\\/79bb06722b37ece1c03d3e94beb30d73\"},\"headline\":\"Sabato al Giovanni 23mo di Belluno lo spettacolo teatrale Mamma a carico &#8211; Mia figlia ha novant\u2019anni, di e con Gianna Coletti\",\"datePublished\":\"2022-10-09T20:25:56+00:00\",\"mainEntityOfPage\":{\"@id\":\"https:\\\/\\\/www.bellunopress.it\\\/2022\\\/10\\\/09\\\/sabato-al-giovanni-23mo-di-belluno-lo-spettacolo-teatrale-mamma-a-carico-mia-figlia-ha-novantanni-di-e-con-gianna-coletti\\\/\"},\"wordCount\":769,\"publisher\":{\"@id\":\"https:\\\/\\\/www.bellunopress.it\\\/#organization\"},\"image\":{\"@id\":\"https:\\\/\\\/www.bellunopress.it\\\/2022\\\/10\\\/09\\\/sabato-al-giovanni-23mo-di-belluno-lo-spettacolo-teatrale-mamma-a-carico-mia-figlia-ha-novantanni-di-e-con-gianna-coletti\\\/#primaryimage\"},\"thumbnailUrl\":\"https:\\\/\\\/www.bellunopress.it\\\/wp-content\\\/uploads\\\/2022\\\/10\\\/Gianna-Coletti-Mamma-a-carico_edited.jpg\",\"articleSection\":[\"Appuntamenti, Eventi\",\"Arte, Cultura, Spettacoli, Scienza\",\"Pausa Caff\u00e8\"],\"inLanguage\":\"fr-FR\"},{\"@type\":\"WebPage\",\"@id\":\"https:\\\/\\\/www.bellunopress.it\\\/2022\\\/10\\\/09\\\/sabato-al-giovanni-23mo-di-belluno-lo-spettacolo-teatrale-mamma-a-carico-mia-figlia-ha-novantanni-di-e-con-gianna-coletti\\\/\",\"url\":\"https:\\\/\\\/www.bellunopress.it\\\/2022\\\/10\\\/09\\\/sabato-al-giovanni-23mo-di-belluno-lo-spettacolo-teatrale-mamma-a-carico-mia-figlia-ha-novantanni-di-e-con-gianna-coletti\\\/\",\"name\":\"Sabato al Giovanni 23mo di Belluno lo spettacolo teatrale Mamma a carico - Mia figlia ha novant\u2019anni, di e con Gianna Coletti - Bellunopress - Dolomiti\",\"isPartOf\":{\"@id\":\"https:\\\/\\\/www.bellunopress.it\\\/#website\"},\"primaryImageOfPage\":{\"@id\":\"https:\\\/\\\/www.bellunopress.it\\\/2022\\\/10\\\/09\\\/sabato-al-giovanni-23mo-di-belluno-lo-spettacolo-teatrale-mamma-a-carico-mia-figlia-ha-novantanni-di-e-con-gianna-coletti\\\/#primaryimage\"},\"image\":{\"@id\":\"https:\\\/\\\/www.bellunopress.it\\\/2022\\\/10\\\/09\\\/sabato-al-giovanni-23mo-di-belluno-lo-spettacolo-teatrale-mamma-a-carico-mia-figlia-ha-novantanni-di-e-con-gianna-coletti\\\/#primaryimage\"},\"thumbnailUrl\":\"https:\\\/\\\/www.bellunopress.it\\\/wp-content\\\/uploads\\\/2022\\\/10\\\/Gianna-Coletti-Mamma-a-carico_edited.jpg\",\"datePublished\":\"2022-10-09T20:25:56+00:00\",\"breadcrumb\":{\"@id\":\"https:\\\/\\\/www.bellunopress.it\\\/2022\\\/10\\\/09\\\/sabato-al-giovanni-23mo-di-belluno-lo-spettacolo-teatrale-mamma-a-carico-mia-figlia-ha-novantanni-di-e-con-gianna-coletti\\\/#breadcrumb\"},\"inLanguage\":\"fr-FR\",\"potentialAction\":[{\"@type\":\"ReadAction\",\"target\":[\"https:\\\/\\\/www.bellunopress.it\\\/2022\\\/10\\\/09\\\/sabato-al-giovanni-23mo-di-belluno-lo-spettacolo-teatrale-mamma-a-carico-mia-figlia-ha-novantanni-di-e-con-gianna-coletti\\\/\"]}]},{\"@type\":\"ImageObject\",\"inLanguage\":\"fr-FR\",\"@id\":\"https:\\\/\\\/www.bellunopress.it\\\/2022\\\/10\\\/09\\\/sabato-al-giovanni-23mo-di-belluno-lo-spettacolo-teatrale-mamma-a-carico-mia-figlia-ha-novantanni-di-e-con-gianna-coletti\\\/#primaryimage\",\"url\":\"https:\\\/\\\/www.bellunopress.it\\\/wp-content\\\/uploads\\\/2022\\\/10\\\/Gianna-Coletti-Mamma-a-carico_edited.jpg\",\"contentUrl\":\"https:\\\/\\\/www.bellunopress.it\\\/wp-content\\\/uploads\\\/2022\\\/10\\\/Gianna-Coletti-Mamma-a-carico_edited.jpg\",\"width\":1000,\"height\":722,\"caption\":\"Gianna Coletti\"},{\"@type\":\"BreadcrumbList\",\"@id\":\"https:\\\/\\\/www.bellunopress.it\\\/2022\\\/10\\\/09\\\/sabato-al-giovanni-23mo-di-belluno-lo-spettacolo-teatrale-mamma-a-carico-mia-figlia-ha-novantanni-di-e-con-gianna-coletti\\\/#breadcrumb\",\"itemListElement\":[{\"@type\":\"ListItem\",\"position\":1,\"name\":\"Home\",\"item\":\"https:\\\/\\\/www.bellunopress.it\\\/\"},{\"@type\":\"ListItem\",\"position\":2,\"name\":\"Sabato al Giovanni 23mo di Belluno lo spettacolo teatrale Mamma a carico &#8211; Mia figlia ha novant\u2019anni, di e con Gianna Coletti\"}]},{\"@type\":\"WebSite\",\"@id\":\"https:\\\/\\\/www.bellunopress.it\\\/#website\",\"url\":\"https:\\\/\\\/www.bellunopress.it\\\/\",\"name\":\"Bellunopress - Dolomiti\",\"description\":\"e-mail: redazione@bellunopress.it\",\"publisher\":{\"@id\":\"https:\\\/\\\/www.bellunopress.it\\\/#organization\"},\"potentialAction\":[{\"@type\":\"SearchAction\",\"target\":{\"@type\":\"EntryPoint\",\"urlTemplate\":\"https:\\\/\\\/www.bellunopress.it\\\/?s={search_term_string}\"},\"query-input\":{\"@type\":\"PropertyValueSpecification\",\"valueRequired\":true,\"valueName\":\"search_term_string\"}}],\"inLanguage\":\"fr-FR\"},{\"@type\":\"Organization\",\"@id\":\"https:\\\/\\\/www.bellunopress.it\\\/#organization\",\"name\":\"Bellunopress\",\"url\":\"https:\\\/\\\/www.bellunopress.it\\\/\",\"logo\":{\"@type\":\"ImageObject\",\"inLanguage\":\"fr-FR\",\"@id\":\"https:\\\/\\\/www.bellunopress.it\\\/#\\\/schema\\\/logo\\\/image\\\/\",\"url\":\"https:\\\/\\\/www.bellunopress.it\\\/wp-content\\\/uploads\\\/2011\\\/05\\\/cropped-logo-bellunopress-.jpg\",\"contentUrl\":\"https:\\\/\\\/www.bellunopress.it\\\/wp-content\\\/uploads\\\/2011\\\/05\\\/cropped-logo-bellunopress-.jpg\",\"width\":512,\"height\":512,\"caption\":\"Bellunopress\"},\"image\":{\"@id\":\"https:\\\/\\\/www.bellunopress.it\\\/#\\\/schema\\\/logo\\\/image\\\/\"},\"sameAs\":[\"https:\\\/\\\/www.facebook.com\\\/profile.php?id=100008943462799\",\"https:\\\/\\\/x.com\\\/bellunopress\",\"https:\\\/\\\/www.linkedin.com\\\/hp\\\/?dnr=JBzUWaJfMUw8vbXJJ2tVW5-I3jZKvC4wsoxE&amp;amp;amp;amp;amp;amp;trk=nav_responsive_tab_home\",\"https:\\\/\\\/www.youtube.com\\\/channel\\\/UCxL0wu1uN0_3_7hGG0306cw\"]},{\"@type\":\"Person\",\"@id\":\"https:\\\/\\\/www.bellunopress.it\\\/#\\\/schema\\\/person\\\/79bb06722b37ece1c03d3e94beb30d73\",\"name\":\"redazione\",\"image\":{\"@type\":\"ImageObject\",\"inLanguage\":\"fr-FR\",\"@id\":\"https:\\\/\\\/secure.gravatar.com\\\/avatar\\\/37d968a2e67a6fd04c169c4bdef102d0bc5d31b2546345219e348575eb80e9a0?s=96&d=mm&r=g\",\"url\":\"https:\\\/\\\/secure.gravatar.com\\\/avatar\\\/37d968a2e67a6fd04c169c4bdef102d0bc5d31b2546345219e348575eb80e9a0?s=96&d=mm&r=g\",\"contentUrl\":\"https:\\\/\\\/secure.gravatar.com\\\/avatar\\\/37d968a2e67a6fd04c169c4bdef102d0bc5d31b2546345219e348575eb80e9a0?s=96&d=mm&r=g\",\"caption\":\"redazione\"},\"sameAs\":[\"http:\\\/\\\/www.bellunopress.it\",\"https:\\\/\\\/x.com\\\/bellunopress\"],\"url\":\"https:\\\/\\\/www.bellunopress.it\\\/fr\\\/author\\\/redazione\\\/\"}]}<\/script>\n<!-- \/ Yoast SEO plugin. -->","yoast_head_json":{"title":"Sabato al Giovanni 23mo di Belluno lo spettacolo teatrale Mamma a carico - Mia figlia ha novant\u2019anni, di e con Gianna Coletti - Bellunopress - Dolomiti","robots":{"index":"index","follow":"follow","max-snippet":"max-snippet:-1","max-image-preview":"max-image-preview:large","max-video-preview":"max-video-preview:-1"},"canonical":"https:\/\/www.bellunopress.it\/fr\/2022\/10\/09\/sabato-al-giovanni-23mo-di-belluno-lo-spettacolo-teatrale-mamma-a-carico-mia-figlia-ha-novantanni-di-e-con-gianna-coletti\/","og_locale":"fr_FR","og_type":"article","og_title":"Sabato al Giovanni 23mo di Belluno lo spettacolo teatrale Mamma a carico - Mia figlia ha novant\u2019anni, di e con Gianna Coletti - Bellunopress - Dolomiti","og_description":"Sabato 15 Ottobre 2022, alle ore 18:30, al Teatro del Centro Giovanni XXIII di Belluno in piazza Piloni, va in scena lo spettacolo Mamma a carico &#8211; Mia figlia ha novant&#8217;anni, di e con Gianna Coletti. L&#8221;evento si terr\u00e0 nell&#8217;ambito del Convegno sulla gestione perioperatoria dell&#8217;anziano fragile organizzato dall&#8217;Ordine dei Medici e degli Odontoiatri di [&hellip;]","og_url":"https:\/\/www.bellunopress.it\/fr\/2022\/10\/09\/sabato-al-giovanni-23mo-di-belluno-lo-spettacolo-teatrale-mamma-a-carico-mia-figlia-ha-novantanni-di-e-con-gianna-coletti\/","og_site_name":"Bellunopress - Dolomiti","article_publisher":"https:\/\/www.facebook.com\/profile.php?id=100008943462799","article_published_time":"2022-10-09T20:25:56+00:00","og_image":[{"width":1000,"height":722,"url":"https:\/\/www.bellunopress.it\/wp-content\/uploads\/2022\/10\/Gianna-Coletti-Mamma-a-carico_edited.jpg","type":"image\/jpeg"}],"author":"redazione","twitter_card":"summary_large_image","twitter_creator":"@bellunopress","twitter_site":"@bellunopress","twitter_misc":{"Written by":"redazione","Est. reading time":"5 minutes"},"schema":{"@context":"https:\/\/schema.org","@graph":[{"@type":"Article","@id":"https:\/\/www.bellunopress.it\/2022\/10\/09\/sabato-al-giovanni-23mo-di-belluno-lo-spettacolo-teatrale-mamma-a-carico-mia-figlia-ha-novantanni-di-e-con-gianna-coletti\/#article","isPartOf":{"@id":"https:\/\/www.bellunopress.it\/2022\/10\/09\/sabato-al-giovanni-23mo-di-belluno-lo-spettacolo-teatrale-mamma-a-carico-mia-figlia-ha-novantanni-di-e-con-gianna-coletti\/"},"author":{"name":"redazione","@id":"https:\/\/www.bellunopress.it\/#\/schema\/person\/79bb06722b37ece1c03d3e94beb30d73"},"headline":"Sabato al Giovanni 23mo di Belluno lo spettacolo teatrale Mamma a carico &#8211; Mia figlia ha novant\u2019anni, di e con Gianna Coletti","datePublished":"2022-10-09T20:25:56+00:00","mainEntityOfPage":{"@id":"https:\/\/www.bellunopress.it\/2022\/10\/09\/sabato-al-giovanni-23mo-di-belluno-lo-spettacolo-teatrale-mamma-a-carico-mia-figlia-ha-novantanni-di-e-con-gianna-coletti\/"},"wordCount":769,"publisher":{"@id":"https:\/\/www.bellunopress.it\/#organization"},"image":{"@id":"https:\/\/www.bellunopress.it\/2022\/10\/09\/sabato-al-giovanni-23mo-di-belluno-lo-spettacolo-teatrale-mamma-a-carico-mia-figlia-ha-novantanni-di-e-con-gianna-coletti\/#primaryimage"},"thumbnailUrl":"https:\/\/www.bellunopress.it\/wp-content\/uploads\/2022\/10\/Gianna-Coletti-Mamma-a-carico_edited.jpg","articleSection":["Appuntamenti, Eventi","Arte, Cultura, Spettacoli, Scienza","Pausa Caff\u00e8"],"inLanguage":"fr-FR"},{"@type":"WebPage","@id":"https:\/\/www.bellunopress.it\/2022\/10\/09\/sabato-al-giovanni-23mo-di-belluno-lo-spettacolo-teatrale-mamma-a-carico-mia-figlia-ha-novantanni-di-e-con-gianna-coletti\/","url":"https:\/\/www.bellunopress.it\/2022\/10\/09\/sabato-al-giovanni-23mo-di-belluno-lo-spettacolo-teatrale-mamma-a-carico-mia-figlia-ha-novantanni-di-e-con-gianna-coletti\/","name":"Sabato al Giovanni 23mo di Belluno lo spettacolo teatrale Mamma a carico - Mia figlia ha novant\u2019anni, di e con Gianna Coletti - Bellunopress - Dolomiti","isPartOf":{"@id":"https:\/\/www.bellunopress.it\/#website"},"primaryImageOfPage":{"@id":"https:\/\/www.bellunopress.it\/2022\/10\/09\/sabato-al-giovanni-23mo-di-belluno-lo-spettacolo-teatrale-mamma-a-carico-mia-figlia-ha-novantanni-di-e-con-gianna-coletti\/#primaryimage"},"image":{"@id":"https:\/\/www.bellunopress.it\/2022\/10\/09\/sabato-al-giovanni-23mo-di-belluno-lo-spettacolo-teatrale-mamma-a-carico-mia-figlia-ha-novantanni-di-e-con-gianna-coletti\/#primaryimage"},"thumbnailUrl":"https:\/\/www.bellunopress.it\/wp-content\/uploads\/2022\/10\/Gianna-Coletti-Mamma-a-carico_edited.jpg","datePublished":"2022-10-09T20:25:56+00:00","breadcrumb":{"@id":"https:\/\/www.bellunopress.it\/2022\/10\/09\/sabato-al-giovanni-23mo-di-belluno-lo-spettacolo-teatrale-mamma-a-carico-mia-figlia-ha-novantanni-di-e-con-gianna-coletti\/#breadcrumb"},"inLanguage":"fr-FR","potentialAction":[{"@type":"ReadAction","target":["https:\/\/www.bellunopress.it\/2022\/10\/09\/sabato-al-giovanni-23mo-di-belluno-lo-spettacolo-teatrale-mamma-a-carico-mia-figlia-ha-novantanni-di-e-con-gianna-coletti\/"]}]},{"@type":"ImageObject","inLanguage":"fr-FR","@id":"https:\/\/www.bellunopress.it\/2022\/10\/09\/sabato-al-giovanni-23mo-di-belluno-lo-spettacolo-teatrale-mamma-a-carico-mia-figlia-ha-novantanni-di-e-con-gianna-coletti\/#primaryimage","url":"https:\/\/www.bellunopress.it\/wp-content\/uploads\/2022\/10\/Gianna-Coletti-Mamma-a-carico_edited.jpg","contentUrl":"https:\/\/www.bellunopress.it\/wp-content\/uploads\/2022\/10\/Gianna-Coletti-Mamma-a-carico_edited.jpg","width":1000,"height":722,"caption":"Gianna Coletti"},{"@type":"BreadcrumbList","@id":"https:\/\/www.bellunopress.it\/2022\/10\/09\/sabato-al-giovanni-23mo-di-belluno-lo-spettacolo-teatrale-mamma-a-carico-mia-figlia-ha-novantanni-di-e-con-gianna-coletti\/#breadcrumb","itemListElement":[{"@type":"ListItem","position":1,"name":"Home","item":"https:\/\/www.bellunopress.it\/"},{"@type":"ListItem","position":2,"name":"Sabato al Giovanni 23mo di Belluno lo spettacolo teatrale Mamma a carico &#8211; Mia figlia ha novant\u2019anni, di e con Gianna Coletti"}]},{"@type":"WebSite","@id":"https:\/\/www.bellunopress.it\/#website","url":"https:\/\/www.bellunopress.it\/","name":"Bellunopress - Dolomiti","description":"e-mail: redazione@bellunopress.it","publisher":{"@id":"https:\/\/www.bellunopress.it\/#organization"},"potentialAction":[{"@type":"SearchAction","target":{"@type":"EntryPoint","urlTemplate":"https:\/\/www.bellunopress.it\/?s={search_term_string}"},"query-input":{"@type":"PropertyValueSpecification","valueRequired":true,"valueName":"search_term_string"}}],"inLanguage":"fr-FR"},{"@type":"Organization","@id":"https:\/\/www.bellunopress.it\/#organization","name":"Bellunopress","url":"https:\/\/www.bellunopress.it\/","logo":{"@type":"ImageObject","inLanguage":"fr-FR","@id":"https:\/\/www.bellunopress.it\/#\/schema\/logo\/image\/","url":"https:\/\/www.bellunopress.it\/wp-content\/uploads\/2011\/05\/cropped-logo-bellunopress-.jpg","contentUrl":"https:\/\/www.bellunopress.it\/wp-content\/uploads\/2011\/05\/cropped-logo-bellunopress-.jpg","width":512,"height":512,"caption":"Bellunopress"},"image":{"@id":"https:\/\/www.bellunopress.it\/#\/schema\/logo\/image\/"},"sameAs":["https:\/\/www.facebook.com\/profile.php?id=100008943462799","https:\/\/x.com\/bellunopress","https:\/\/www.linkedin.com\/hp\/?dnr=JBzUWaJfMUw8vbXJJ2tVW5-I3jZKvC4wsoxE&amp;amp;amp;amp;amp;amp;trk=nav_responsive_tab_home","https:\/\/www.youtube.com\/channel\/UCxL0wu1uN0_3_7hGG0306cw"]},{"@type":"Person","@id":"https:\/\/www.bellunopress.it\/#\/schema\/person\/79bb06722b37ece1c03d3e94beb30d73","name":"r\u00e9daction","image":{"@type":"ImageObject","inLanguage":"fr-FR","@id":"https:\/\/secure.gravatar.com\/avatar\/37d968a2e67a6fd04c169c4bdef102d0bc5d31b2546345219e348575eb80e9a0?s=96&d=mm&r=g","url":"https:\/\/secure.gravatar.com\/avatar\/37d968a2e67a6fd04c169c4bdef102d0bc5d31b2546345219e348575eb80e9a0?s=96&d=mm&r=g","contentUrl":"https:\/\/secure.gravatar.com\/avatar\/37d968a2e67a6fd04c169c4bdef102d0bc5d31b2546345219e348575eb80e9a0?s=96&d=mm&r=g","caption":"redazione"},"sameAs":["http:\/\/www.bellunopress.it","https:\/\/x.com\/bellunopress"],"url":"https:\/\/www.bellunopress.it\/fr\/author\/redazione\/"}]}},"_links":{"self":[{"href":"https:\/\/www.bellunopress.it\/fr\/wp-json\/wp\/v2\/posts\/136846","targetHints":{"allow":["GET"]}}],"collection":[{"href":"https:\/\/www.bellunopress.it\/fr\/wp-json\/wp\/v2\/posts"}],"about":[{"href":"https:\/\/www.bellunopress.it\/fr\/wp-json\/wp\/v2\/types\/post"}],"author":[{"embeddable":true,"href":"https:\/\/www.bellunopress.it\/fr\/wp-json\/wp\/v2\/users\/2"}],"replies":[{"embeddable":true,"href":"https:\/\/www.bellunopress.it\/fr\/wp-json\/wp\/v2\/comments?post=136846"}],"version-history":[{"count":1,"href":"https:\/\/www.bellunopress.it\/fr\/wp-json\/wp\/v2\/posts\/136846\/revisions"}],"predecessor-version":[{"id":136848,"href":"https:\/\/www.bellunopress.it\/fr\/wp-json\/wp\/v2\/posts\/136846\/revisions\/136848"}],"wp:featuredmedia":[{"embeddable":true,"href":"https:\/\/www.bellunopress.it\/fr\/wp-json\/wp\/v2\/media\/136847"}],"wp:attachment":[{"href":"https:\/\/www.bellunopress.it\/fr\/wp-json\/wp\/v2\/media?parent=136846"}],"wp:term":[{"taxonomy":"category","embeddable":true,"href":"https:\/\/www.bellunopress.it\/fr\/wp-json\/wp\/v2\/categories?post=136846"},{"taxonomy":"post_tag","embeddable":true,"href":"https:\/\/www.bellunopress.it\/fr\/wp-json\/wp\/v2\/tags?post=136846"}],"curies":[{"name":"wp","href":"https:\/\/api.w.org\/{rel}","templated":true}]}}