{"id":136842,"date":"2022-10-07T21:26:28","date_gmt":"2022-10-07T19:26:28","guid":{"rendered":"https:\/\/www.bellunopress.it\/?p=136842"},"modified":"2022-10-07T21:26:28","modified_gmt":"2022-10-07T19:26:28","slug":"pianisti-al-consiglio-comunale-di-feltre-del-3-ottobre-nadia-forlin-chiedo-le-dimissioni-del-vicesindaco-e-del-presidente-del-consiglio","status":"publish","type":"post","link":"https:\/\/www.bellunopress.it\/fr\/2022\/10\/07\/pianisti-al-consiglio-comunale-di-feltre-del-3-ottobre-nadia-forlin-chiedo-le-dimissioni-del-vicesindaco-e-del-presidente-del-consiglio\/","title":{"rendered":"Pianisti al consiglio comunale di Feltre del 3 ottobre. Nadia Forlin: &#8220;Chiedo le dimissioni del vicesindaco e del presidente del consiglio&#8221;"},"content":{"rendered":"<figure id=\"attachment_133146\" aria-describedby=\"caption-attachment-133146\" style=\"width: 427px\" class=\"wp-caption alignleft\"><img loading=\"lazy\" decoding=\"async\" class=\"size-full wp-image-133146\" src=\"https:\/\/www.bellunopress.it\/wp-content\/uploads\/2022\/05\/Nadia-Forlin_edited.jpg\" alt=\"\" width=\"427\" height=\"508\" srcset=\"https:\/\/www.bellunopress.it\/wp-content\/uploads\/2022\/05\/Nadia-Forlin_edited.jpg 427w, https:\/\/www.bellunopress.it\/wp-content\/uploads\/2022\/05\/Nadia-Forlin_edited-420x500.jpg 420w, https:\/\/www.bellunopress.it\/wp-content\/uploads\/2022\/05\/Nadia-Forlin_edited-353x420.jpg 353w\" sizes=\"auto, (max-width: 427px) 100vw, 427px\" \/><figcaption id=\"caption-attachment-133146\" class=\"wp-caption-text\">Nadia Forlin<\/figcaption><\/figure>\n<p>Fa molto riflettere quanto successo nella discussione di seduta del consiglio comunale di Feltre del 3 ottobre 2022.<br \/>\nAldil\u00e0 della discussione del punto 9 sulla viabilit\u00e0, sul quale ci sarebbe da fare una verifica sui tempi di consegna degli atti, sulle firme mancanti, e comunque se non aveva i requisiti, quell\u2019ordine del giorno non andava inserito fra gli argomenti da discutere. Ma questo passaggio, se lo ritengono, lo dovranno fare i diretti interessati.<\/p>\n<p>Ci\u00f2 che mi fa pi\u00f9 pensare \u00e8 la discussione del punto 4 che riporta \u201cRinnovo della convenzione per la gestione associata del servizio di segreteria comunale tra i Comuni di Feltre (BL) e Farra di Soligo (TV).<\/p>\n<p>Che succede,\u2026. pronti per la votazione ,&#8230; la sindaca Fusaro esce dall\u2019aula e il vicesindaco Dalla Palma vota al posto della sindaca Fusaro. Non basta, accortosi del voto del pianista, il presidente Trento ne prende atto e dice di far finta di nulla a chi fa le veci del segretario comunale. Non cambiava nulla se al posto di 16 voti a favore ce ne fosse stato uno in meno, ma il voto mancante era quello della sindaca, la figura che pi\u00f9 si confronta con il segretario comunale e questa mancanza forse non doveva esserci.<\/p>\n<p>Segnalato il fatto dalla minoranza, la votazione \u00e8 stata rifatta. Tutto a posto quindi. Be\u2019 se vogliamo metterci una pietra sopra e far finta di nulla si pu\u00f2 fare, di certo non \u00e8 stato corretto il comportamento del vicesindaco n\u00e9 tantomeno quello del presidente del consiglio; il vicesindaco non \u00e8 legittimato a votare per il sindaco se questo esce dall\u2019aula, cos\u00ec il presidente del consiglio che, consapevole di quanto successo, interviene solo su segnalazione. Un comportamento che, se fatto da un politico novizio pu\u00f2 anche essere capito, non certo per\u00f2 se a metterlo in atto \u00e8 uno che di politica ne mastica da decenni. Di certo quanto accaduto va a minare la fiducia che un cittadino ripone nei suoi amministratori e non \u00e8 certo un bell\u2019esempio di integrit\u00e0 e correttezza delle istituzioni.<\/p>\n<p>Per questo chiedo le dimissioni del vicesindaco Dalla Palma e del presidente del consiglio Trento.<\/p>\n<p>La sindaca Fusaro in campagna elettorale ha spesso rimarcato sul fatto che se fosse stata eletta si sarebbe battuta per far rispettare , l\u2019onest\u00e0, la correttezza e la trasparenza delle stesse. Nei 5 anni da consigliere comunale, in qualche occasione mi sono scontrata con l\u2019allora amministrazione Perenzin chiedendo la massima trasparenza, anche trovandomi talvolta a combattere da sola in argomenti spesso impegnativi. Anche in questo caso non posso tacere, perch\u00e9 a 4 mesi dall&#8217;inizio del mandato se ci si comporta cosi, non oso pensare cosa potrebbe ancora accadere in futuro.<\/p>\n<p>Nadia Forlin<\/p>","protected":false},"excerpt":{"rendered":"<p>Fa molto riflettere quanto successo nella discussione di seduta del consiglio comunale di Feltre del 3 ottobre 2022. Aldil\u00e0 della discussione del punto 9 sulla viabilit\u00e0, sul quale ci sarebbe da fare una verifica sui tempi di consegna degli atti, sulle firme mancanti, e comunque se non aveva i requisiti, quell\u2019ordine del giorno non andava [&hellip;]<\/p>\n","protected":false},"author":2,"featured_media":133146,"comment_status":"closed","ping_status":"open","sticky":false,"template":"","format":"standard","meta":{"footnotes":""},"categories":[1,26],"tags":[],"class_list":["post-136842","post","type-post","status-publish","format-standard","has-post-thumbnail","category-leo","category-prima-pagina"],"yoast_head":"<!-- This site is optimized with the Yoast SEO plugin v28.4 - https:\/\/yoast.com\/product\/yoast-seo-wordpress\/ -->\n<title>Pianisti al consiglio comunale di Feltre del 3 ottobre. Nadia Forlin: &quot;Chiedo le dimissioni del vicesindaco e del presidente del consiglio&quot; - Bellunopress - Dolomiti<\/title>\n<meta name=\"robots\" content=\"index, follow, max-snippet:-1, max-image-preview:large, max-video-preview:-1\" \/>\n<link rel=\"canonical\" href=\"https:\/\/www.bellunopress.it\/fr\/2022\/10\/07\/pianisti-al-consiglio-comunale-di-feltre-del-3-ottobre-nadia-forlin-chiedo-le-dimissioni-del-vicesindaco-e-del-presidente-del-consiglio\/\" \/>\n<meta property=\"og:locale\" content=\"fr_FR\" \/>\n<meta property=\"og:type\" content=\"article\" \/>\n<meta property=\"og:title\" content=\"Pianisti al consiglio comunale di Feltre del 3 ottobre. Nadia Forlin: &quot;Chiedo le dimissioni del vicesindaco e del presidente del consiglio&quot; - Bellunopress - Dolomiti\" \/>\n<meta property=\"og:description\" content=\"Fa molto riflettere quanto successo nella discussione di seduta del consiglio comunale di Feltre del 3 ottobre 2022. Aldil\u00e0 della discussione del punto 9 sulla viabilit\u00e0, sul quale ci sarebbe da fare una verifica sui tempi di consegna degli atti, sulle firme mancanti, e comunque se non aveva i requisiti, quell\u2019ordine del giorno non andava [&hellip;]\" \/>\n<meta property=\"og:url\" content=\"https:\/\/www.bellunopress.it\/fr\/2022\/10\/07\/pianisti-al-consiglio-comunale-di-feltre-del-3-ottobre-nadia-forlin-chiedo-le-dimissioni-del-vicesindaco-e-del-presidente-del-consiglio\/\" \/>\n<meta property=\"og:site_name\" content=\"Bellunopress - Dolomiti\" \/>\n<meta property=\"article:publisher\" content=\"https:\/\/www.facebook.com\/profile.php?id=100008943462799\" \/>\n<meta property=\"article:published_time\" content=\"2022-10-07T19:26:28+00:00\" \/>\n<meta property=\"og:image\" content=\"https:\/\/www.bellunopress.it\/wp-content\/uploads\/2022\/05\/Nadia-Forlin_edited.jpg\" \/>\n\t<meta property=\"og:image:width\" content=\"427\" \/>\n\t<meta property=\"og:image:height\" content=\"508\" \/>\n\t<meta property=\"og:image:type\" content=\"image\/jpeg\" \/>\n<meta name=\"author\" content=\"redazione\" \/>\n<meta name=\"twitter:card\" content=\"summary_large_image\" \/>\n<meta name=\"twitter:creator\" content=\"@bellunopress\" \/>\n<meta name=\"twitter:site\" content=\"@bellunopress\" \/>\n<meta name=\"twitter:label1\" content=\"\u00c9crit par\" \/>\n\t<meta name=\"twitter:data1\" content=\"redazione\" \/>\n\t<meta name=\"twitter:label2\" content=\"Dur\u00e9e de lecture estim\u00e9e\" \/>\n\t<meta name=\"twitter:data2\" content=\"3 minutes\" \/>\n<script type=\"application\/ld+json\" class=\"yoast-schema-graph\">{\"@context\":\"https:\\\/\\\/schema.org\",\"@graph\":[{\"@type\":\"Article\",\"@id\":\"https:\\\/\\\/www.bellunopress.it\\\/2022\\\/10\\\/07\\\/pianisti-al-consiglio-comunale-di-feltre-del-3-ottobre-nadia-forlin-chiedo-le-dimissioni-del-vicesindaco-e-del-presidente-del-consiglio\\\/#article\",\"isPartOf\":{\"@id\":\"https:\\\/\\\/www.bellunopress.it\\\/2022\\\/10\\\/07\\\/pianisti-al-consiglio-comunale-di-feltre-del-3-ottobre-nadia-forlin-chiedo-le-dimissioni-del-vicesindaco-e-del-presidente-del-consiglio\\\/\"},\"author\":{\"name\":\"redazione\",\"@id\":\"https:\\\/\\\/www.bellunopress.it\\\/#\\\/schema\\\/person\\\/79bb06722b37ece1c03d3e94beb30d73\"},\"headline\":\"Pianisti al consiglio comunale di Feltre del 3 ottobre. Nadia Forlin: &#8220;Chiedo le dimissioni del vicesindaco e del presidente del consiglio&#8221;\",\"datePublished\":\"2022-10-07T19:26:28+00:00\",\"mainEntityOfPage\":{\"@id\":\"https:\\\/\\\/www.bellunopress.it\\\/2022\\\/10\\\/07\\\/pianisti-al-consiglio-comunale-di-feltre-del-3-ottobre-nadia-forlin-chiedo-le-dimissioni-del-vicesindaco-e-del-presidente-del-consiglio\\\/\"},\"wordCount\":464,\"publisher\":{\"@id\":\"https:\\\/\\\/www.bellunopress.it\\\/#organization\"},\"image\":{\"@id\":\"https:\\\/\\\/www.bellunopress.it\\\/2022\\\/10\\\/07\\\/pianisti-al-consiglio-comunale-di-feltre-del-3-ottobre-nadia-forlin-chiedo-le-dimissioni-del-vicesindaco-e-del-presidente-del-consiglio\\\/#primaryimage\"},\"thumbnailUrl\":\"https:\\\/\\\/www.bellunopress.it\\\/wp-content\\\/uploads\\\/2022\\\/05\\\/Nadia-Forlin_edited.jpg\",\"articleSection\":[\"Lettere Opinioni\",\"Prima Pagina\"],\"inLanguage\":\"fr-FR\"},{\"@type\":\"WebPage\",\"@id\":\"https:\\\/\\\/www.bellunopress.it\\\/2022\\\/10\\\/07\\\/pianisti-al-consiglio-comunale-di-feltre-del-3-ottobre-nadia-forlin-chiedo-le-dimissioni-del-vicesindaco-e-del-presidente-del-consiglio\\\/\",\"url\":\"https:\\\/\\\/www.bellunopress.it\\\/2022\\\/10\\\/07\\\/pianisti-al-consiglio-comunale-di-feltre-del-3-ottobre-nadia-forlin-chiedo-le-dimissioni-del-vicesindaco-e-del-presidente-del-consiglio\\\/\",\"name\":\"Pianisti al consiglio comunale di Feltre del 3 ottobre. Nadia Forlin: \\\"Chiedo le dimissioni del vicesindaco e del presidente del consiglio\\\" - Bellunopress - Dolomiti\",\"isPartOf\":{\"@id\":\"https:\\\/\\\/www.bellunopress.it\\\/#website\"},\"primaryImageOfPage\":{\"@id\":\"https:\\\/\\\/www.bellunopress.it\\\/2022\\\/10\\\/07\\\/pianisti-al-consiglio-comunale-di-feltre-del-3-ottobre-nadia-forlin-chiedo-le-dimissioni-del-vicesindaco-e-del-presidente-del-consiglio\\\/#primaryimage\"},\"image\":{\"@id\":\"https:\\\/\\\/www.bellunopress.it\\\/2022\\\/10\\\/07\\\/pianisti-al-consiglio-comunale-di-feltre-del-3-ottobre-nadia-forlin-chiedo-le-dimissioni-del-vicesindaco-e-del-presidente-del-consiglio\\\/#primaryimage\"},\"thumbnailUrl\":\"https:\\\/\\\/www.bellunopress.it\\\/wp-content\\\/uploads\\\/2022\\\/05\\\/Nadia-Forlin_edited.jpg\",\"datePublished\":\"2022-10-07T19:26:28+00:00\",\"breadcrumb\":{\"@id\":\"https:\\\/\\\/www.bellunopress.it\\\/2022\\\/10\\\/07\\\/pianisti-al-consiglio-comunale-di-feltre-del-3-ottobre-nadia-forlin-chiedo-le-dimissioni-del-vicesindaco-e-del-presidente-del-consiglio\\\/#breadcrumb\"},\"inLanguage\":\"fr-FR\",\"potentialAction\":[{\"@type\":\"ReadAction\",\"target\":[\"https:\\\/\\\/www.bellunopress.it\\\/2022\\\/10\\\/07\\\/pianisti-al-consiglio-comunale-di-feltre-del-3-ottobre-nadia-forlin-chiedo-le-dimissioni-del-vicesindaco-e-del-presidente-del-consiglio\\\/\"]}]},{\"@type\":\"ImageObject\",\"inLanguage\":\"fr-FR\",\"@id\":\"https:\\\/\\\/www.bellunopress.it\\\/2022\\\/10\\\/07\\\/pianisti-al-consiglio-comunale-di-feltre-del-3-ottobre-nadia-forlin-chiedo-le-dimissioni-del-vicesindaco-e-del-presidente-del-consiglio\\\/#primaryimage\",\"url\":\"https:\\\/\\\/www.bellunopress.it\\\/wp-content\\\/uploads\\\/2022\\\/05\\\/Nadia-Forlin_edited.jpg\",\"contentUrl\":\"https:\\\/\\\/www.bellunopress.it\\\/wp-content\\\/uploads\\\/2022\\\/05\\\/Nadia-Forlin_edited.jpg\",\"width\":427,\"height\":508,\"caption\":\"Nadia Forlin - Comitato cittadini feltrini\"},{\"@type\":\"BreadcrumbList\",\"@id\":\"https:\\\/\\\/www.bellunopress.it\\\/2022\\\/10\\\/07\\\/pianisti-al-consiglio-comunale-di-feltre-del-3-ottobre-nadia-forlin-chiedo-le-dimissioni-del-vicesindaco-e-del-presidente-del-consiglio\\\/#breadcrumb\",\"itemListElement\":[{\"@type\":\"ListItem\",\"position\":1,\"name\":\"Home\",\"item\":\"https:\\\/\\\/www.bellunopress.it\\\/\"},{\"@type\":\"ListItem\",\"position\":2,\"name\":\"Pianisti al consiglio comunale di Feltre del 3 ottobre. Nadia Forlin: &#8220;Chiedo le dimissioni del vicesindaco e del presidente del consiglio&#8221;\"}]},{\"@type\":\"WebSite\",\"@id\":\"https:\\\/\\\/www.bellunopress.it\\\/#website\",\"url\":\"https:\\\/\\\/www.bellunopress.it\\\/\",\"name\":\"Bellunopress - Dolomiti\",\"description\":\"e-mail: redazione@bellunopress.it\",\"publisher\":{\"@id\":\"https:\\\/\\\/www.bellunopress.it\\\/#organization\"},\"potentialAction\":[{\"@type\":\"SearchAction\",\"target\":{\"@type\":\"EntryPoint\",\"urlTemplate\":\"https:\\\/\\\/www.bellunopress.it\\\/?s={search_term_string}\"},\"query-input\":{\"@type\":\"PropertyValueSpecification\",\"valueRequired\":true,\"valueName\":\"search_term_string\"}}],\"inLanguage\":\"fr-FR\"},{\"@type\":\"Organization\",\"@id\":\"https:\\\/\\\/www.bellunopress.it\\\/#organization\",\"name\":\"Bellunopress\",\"url\":\"https:\\\/\\\/www.bellunopress.it\\\/\",\"logo\":{\"@type\":\"ImageObject\",\"inLanguage\":\"fr-FR\",\"@id\":\"https:\\\/\\\/www.bellunopress.it\\\/#\\\/schema\\\/logo\\\/image\\\/\",\"url\":\"https:\\\/\\\/www.bellunopress.it\\\/wp-content\\\/uploads\\\/2011\\\/05\\\/cropped-logo-bellunopress-.jpg\",\"contentUrl\":\"https:\\\/\\\/www.bellunopress.it\\\/wp-content\\\/uploads\\\/2011\\\/05\\\/cropped-logo-bellunopress-.jpg\",\"width\":512,\"height\":512,\"caption\":\"Bellunopress\"},\"image\":{\"@id\":\"https:\\\/\\\/www.bellunopress.it\\\/#\\\/schema\\\/logo\\\/image\\\/\"},\"sameAs\":[\"https:\\\/\\\/www.facebook.com\\\/profile.php?id=100008943462799\",\"https:\\\/\\\/x.com\\\/bellunopress\",\"https:\\\/\\\/www.linkedin.com\\\/hp\\\/?dnr=JBzUWaJfMUw8vbXJJ2tVW5-I3jZKvC4wsoxE&amp;amp;amp;amp;amp;amp;trk=nav_responsive_tab_home\",\"https:\\\/\\\/www.youtube.com\\\/channel\\\/UCxL0wu1uN0_3_7hGG0306cw\"]},{\"@type\":\"Person\",\"@id\":\"https:\\\/\\\/www.bellunopress.it\\\/#\\\/schema\\\/person\\\/79bb06722b37ece1c03d3e94beb30d73\",\"name\":\"redazione\",\"image\":{\"@type\":\"ImageObject\",\"inLanguage\":\"fr-FR\",\"@id\":\"https:\\\/\\\/secure.gravatar.com\\\/avatar\\\/37d968a2e67a6fd04c169c4bdef102d0bc5d31b2546345219e348575eb80e9a0?s=96&d=mm&r=g\",\"url\":\"https:\\\/\\\/secure.gravatar.com\\\/avatar\\\/37d968a2e67a6fd04c169c4bdef102d0bc5d31b2546345219e348575eb80e9a0?s=96&d=mm&r=g\",\"contentUrl\":\"https:\\\/\\\/secure.gravatar.com\\\/avatar\\\/37d968a2e67a6fd04c169c4bdef102d0bc5d31b2546345219e348575eb80e9a0?s=96&d=mm&r=g\",\"caption\":\"redazione\"},\"sameAs\":[\"http:\\\/\\\/www.bellunopress.it\",\"https:\\\/\\\/x.com\\\/bellunopress\"],\"url\":\"https:\\\/\\\/www.bellunopress.it\\\/fr\\\/author\\\/redazione\\\/\"}]}<\/script>\n<!-- \/ Yoast SEO plugin. -->","yoast_head_json":{"title":"Pianisti al consiglio comunale di Feltre del 3 ottobre. Nadia Forlin: \"Chiedo le dimissioni del vicesindaco e del presidente del consiglio\" - Bellunopress - Dolomiti","robots":{"index":"index","follow":"follow","max-snippet":"max-snippet:-1","max-image-preview":"max-image-preview:large","max-video-preview":"max-video-preview:-1"},"canonical":"https:\/\/www.bellunopress.it\/fr\/2022\/10\/07\/pianisti-al-consiglio-comunale-di-feltre-del-3-ottobre-nadia-forlin-chiedo-le-dimissioni-del-vicesindaco-e-del-presidente-del-consiglio\/","og_locale":"fr_FR","og_type":"article","og_title":"Pianisti al consiglio comunale di Feltre del 3 ottobre. Nadia Forlin: \"Chiedo le dimissioni del vicesindaco e del presidente del consiglio\" - Bellunopress - Dolomiti","og_description":"Fa molto riflettere quanto successo nella discussione di seduta del consiglio comunale di Feltre del 3 ottobre 2022. Aldil\u00e0 della discussione del punto 9 sulla viabilit\u00e0, sul quale ci sarebbe da fare una verifica sui tempi di consegna degli atti, sulle firme mancanti, e comunque se non aveva i requisiti, quell\u2019ordine del giorno non andava [&hellip;]","og_url":"https:\/\/www.bellunopress.it\/fr\/2022\/10\/07\/pianisti-al-consiglio-comunale-di-feltre-del-3-ottobre-nadia-forlin-chiedo-le-dimissioni-del-vicesindaco-e-del-presidente-del-consiglio\/","og_site_name":"Bellunopress - Dolomiti","article_publisher":"https:\/\/www.facebook.com\/profile.php?id=100008943462799","article_published_time":"2022-10-07T19:26:28+00:00","og_image":[{"width":427,"height":508,"url":"https:\/\/www.bellunopress.it\/wp-content\/uploads\/2022\/05\/Nadia-Forlin_edited.jpg","type":"image\/jpeg"}],"author":"redazione","twitter_card":"summary_large_image","twitter_creator":"@bellunopress","twitter_site":"@bellunopress","twitter_misc":{"\u00c9crit par":"redazione","Dur\u00e9e de lecture estim\u00e9e":"3 minutes"},"schema":{"@context":"https:\/\/schema.org","@graph":[{"@type":"Article","@id":"https:\/\/www.bellunopress.it\/2022\/10\/07\/pianisti-al-consiglio-comunale-di-feltre-del-3-ottobre-nadia-forlin-chiedo-le-dimissioni-del-vicesindaco-e-del-presidente-del-consiglio\/#article","isPartOf":{"@id":"https:\/\/www.bellunopress.it\/2022\/10\/07\/pianisti-al-consiglio-comunale-di-feltre-del-3-ottobre-nadia-forlin-chiedo-le-dimissioni-del-vicesindaco-e-del-presidente-del-consiglio\/"},"author":{"name":"redazione","@id":"https:\/\/www.bellunopress.it\/#\/schema\/person\/79bb06722b37ece1c03d3e94beb30d73"},"headline":"Pianisti al consiglio comunale di Feltre del 3 ottobre. Nadia Forlin: &#8220;Chiedo le dimissioni del vicesindaco e del presidente del consiglio&#8221;","datePublished":"2022-10-07T19:26:28+00:00","mainEntityOfPage":{"@id":"https:\/\/www.bellunopress.it\/2022\/10\/07\/pianisti-al-consiglio-comunale-di-feltre-del-3-ottobre-nadia-forlin-chiedo-le-dimissioni-del-vicesindaco-e-del-presidente-del-consiglio\/"},"wordCount":464,"publisher":{"@id":"https:\/\/www.bellunopress.it\/#organization"},"image":{"@id":"https:\/\/www.bellunopress.it\/2022\/10\/07\/pianisti-al-consiglio-comunale-di-feltre-del-3-ottobre-nadia-forlin-chiedo-le-dimissioni-del-vicesindaco-e-del-presidente-del-consiglio\/#primaryimage"},"thumbnailUrl":"https:\/\/www.bellunopress.it\/wp-content\/uploads\/2022\/05\/Nadia-Forlin_edited.jpg","articleSection":["Lettere Opinioni","Prima Pagina"],"inLanguage":"fr-FR"},{"@type":"WebPage","@id":"https:\/\/www.bellunopress.it\/2022\/10\/07\/pianisti-al-consiglio-comunale-di-feltre-del-3-ottobre-nadia-forlin-chiedo-le-dimissioni-del-vicesindaco-e-del-presidente-del-consiglio\/","url":"https:\/\/www.bellunopress.it\/2022\/10\/07\/pianisti-al-consiglio-comunale-di-feltre-del-3-ottobre-nadia-forlin-chiedo-le-dimissioni-del-vicesindaco-e-del-presidente-del-consiglio\/","name":"Pianisti al consiglio comunale di Feltre del 3 ottobre. Nadia Forlin: \"Chiedo le dimissioni del vicesindaco e del presidente del consiglio\" - Bellunopress - Dolomiti","isPartOf":{"@id":"https:\/\/www.bellunopress.it\/#website"},"primaryImageOfPage":{"@id":"https:\/\/www.bellunopress.it\/2022\/10\/07\/pianisti-al-consiglio-comunale-di-feltre-del-3-ottobre-nadia-forlin-chiedo-le-dimissioni-del-vicesindaco-e-del-presidente-del-consiglio\/#primaryimage"},"image":{"@id":"https:\/\/www.bellunopress.it\/2022\/10\/07\/pianisti-al-consiglio-comunale-di-feltre-del-3-ottobre-nadia-forlin-chiedo-le-dimissioni-del-vicesindaco-e-del-presidente-del-consiglio\/#primaryimage"},"thumbnailUrl":"https:\/\/www.bellunopress.it\/wp-content\/uploads\/2022\/05\/Nadia-Forlin_edited.jpg","datePublished":"2022-10-07T19:26:28+00:00","breadcrumb":{"@id":"https:\/\/www.bellunopress.it\/2022\/10\/07\/pianisti-al-consiglio-comunale-di-feltre-del-3-ottobre-nadia-forlin-chiedo-le-dimissioni-del-vicesindaco-e-del-presidente-del-consiglio\/#breadcrumb"},"inLanguage":"fr-FR","potentialAction":[{"@type":"ReadAction","target":["https:\/\/www.bellunopress.it\/2022\/10\/07\/pianisti-al-consiglio-comunale-di-feltre-del-3-ottobre-nadia-forlin-chiedo-le-dimissioni-del-vicesindaco-e-del-presidente-del-consiglio\/"]}]},{"@type":"ImageObject","inLanguage":"fr-FR","@id":"https:\/\/www.bellunopress.it\/2022\/10\/07\/pianisti-al-consiglio-comunale-di-feltre-del-3-ottobre-nadia-forlin-chiedo-le-dimissioni-del-vicesindaco-e-del-presidente-del-consiglio\/#primaryimage","url":"https:\/\/www.bellunopress.it\/wp-content\/uploads\/2022\/05\/Nadia-Forlin_edited.jpg","contentUrl":"https:\/\/www.bellunopress.it\/wp-content\/uploads\/2022\/05\/Nadia-Forlin_edited.jpg","width":427,"height":508,"caption":"Nadia Forlin - Comitato cittadini feltrini"},{"@type":"BreadcrumbList","@id":"https:\/\/www.bellunopress.it\/2022\/10\/07\/pianisti-al-consiglio-comunale-di-feltre-del-3-ottobre-nadia-forlin-chiedo-le-dimissioni-del-vicesindaco-e-del-presidente-del-consiglio\/#breadcrumb","itemListElement":[{"@type":"ListItem","position":1,"name":"Home","item":"https:\/\/www.bellunopress.it\/"},{"@type":"ListItem","position":2,"name":"Pianisti al consiglio comunale di Feltre del 3 ottobre. Nadia Forlin: &#8220;Chiedo le dimissioni del vicesindaco e del presidente del consiglio&#8221;"}]},{"@type":"WebSite","@id":"https:\/\/www.bellunopress.it\/#website","url":"https:\/\/www.bellunopress.it\/","name":"Bellunopress - Dolomiti","description":"e-mail: redazione@bellunopress.it","publisher":{"@id":"https:\/\/www.bellunopress.it\/#organization"},"potentialAction":[{"@type":"SearchAction","target":{"@type":"EntryPoint","urlTemplate":"https:\/\/www.bellunopress.it\/?s={search_term_string}"},"query-input":{"@type":"PropertyValueSpecification","valueRequired":true,"valueName":"search_term_string"}}],"inLanguage":"fr-FR"},{"@type":"Organization","@id":"https:\/\/www.bellunopress.it\/#organization","name":"Bellunopress","url":"https:\/\/www.bellunopress.it\/","logo":{"@type":"ImageObject","inLanguage":"fr-FR","@id":"https:\/\/www.bellunopress.it\/#\/schema\/logo\/image\/","url":"https:\/\/www.bellunopress.it\/wp-content\/uploads\/2011\/05\/cropped-logo-bellunopress-.jpg","contentUrl":"https:\/\/www.bellunopress.it\/wp-content\/uploads\/2011\/05\/cropped-logo-bellunopress-.jpg","width":512,"height":512,"caption":"Bellunopress"},"image":{"@id":"https:\/\/www.bellunopress.it\/#\/schema\/logo\/image\/"},"sameAs":["https:\/\/www.facebook.com\/profile.php?id=100008943462799","https:\/\/x.com\/bellunopress","https:\/\/www.linkedin.com\/hp\/?dnr=JBzUWaJfMUw8vbXJJ2tVW5-I3jZKvC4wsoxE&amp;amp;amp;amp;amp;amp;trk=nav_responsive_tab_home","https:\/\/www.youtube.com\/channel\/UCxL0wu1uN0_3_7hGG0306cw"]},{"@type":"Person","@id":"https:\/\/www.bellunopress.it\/#\/schema\/person\/79bb06722b37ece1c03d3e94beb30d73","name":"r\u00e9daction","image":{"@type":"ImageObject","inLanguage":"fr-FR","@id":"https:\/\/secure.gravatar.com\/avatar\/37d968a2e67a6fd04c169c4bdef102d0bc5d31b2546345219e348575eb80e9a0?s=96&d=mm&r=g","url":"https:\/\/secure.gravatar.com\/avatar\/37d968a2e67a6fd04c169c4bdef102d0bc5d31b2546345219e348575eb80e9a0?s=96&d=mm&r=g","contentUrl":"https:\/\/secure.gravatar.com\/avatar\/37d968a2e67a6fd04c169c4bdef102d0bc5d31b2546345219e348575eb80e9a0?s=96&d=mm&r=g","caption":"redazione"},"sameAs":["http:\/\/www.bellunopress.it","https:\/\/x.com\/bellunopress"],"url":"https:\/\/www.bellunopress.it\/fr\/author\/redazione\/"}]}},"_links":{"self":[{"href":"https:\/\/www.bellunopress.it\/fr\/wp-json\/wp\/v2\/posts\/136842","targetHints":{"allow":["GET"]}}],"collection":[{"href":"https:\/\/www.bellunopress.it\/fr\/wp-json\/wp\/v2\/posts"}],"about":[{"href":"https:\/\/www.bellunopress.it\/fr\/wp-json\/wp\/v2\/types\/post"}],"author":[{"embeddable":true,"href":"https:\/\/www.bellunopress.it\/fr\/wp-json\/wp\/v2\/users\/2"}],"replies":[{"embeddable":true,"href":"https:\/\/www.bellunopress.it\/fr\/wp-json\/wp\/v2\/comments?post=136842"}],"version-history":[{"count":1,"href":"https:\/\/www.bellunopress.it\/fr\/wp-json\/wp\/v2\/posts\/136842\/revisions"}],"predecessor-version":[{"id":136843,"href":"https:\/\/www.bellunopress.it\/fr\/wp-json\/wp\/v2\/posts\/136842\/revisions\/136843"}],"wp:featuredmedia":[{"embeddable":true,"href":"https:\/\/www.bellunopress.it\/fr\/wp-json\/wp\/v2\/media\/133146"}],"wp:attachment":[{"href":"https:\/\/www.bellunopress.it\/fr\/wp-json\/wp\/v2\/media?parent=136842"}],"wp:term":[{"taxonomy":"category","embeddable":true,"href":"https:\/\/www.bellunopress.it\/fr\/wp-json\/wp\/v2\/categories?post=136842"},{"taxonomy":"post_tag","embeddable":true,"href":"https:\/\/www.bellunopress.it\/fr\/wp-json\/wp\/v2\/tags?post=136842"}],"curies":[{"name":"wp","href":"https:\/\/api.w.org\/{rel}","templated":true}]}}