{"id":136839,"date":"2022-10-07T16:32:39","date_gmt":"2022-10-07T14:32:39","guid":{"rendered":"https:\/\/www.bellunopress.it\/?p=136839"},"modified":"2022-10-07T16:32:39","modified_gmt":"2022-10-07T14:32:39","slug":"la-delibera-fantasma-per-lassunzione-diretta-senza-concorso-di-un-laureato-nello-staff-del-sindaco-la-voce-delle-opposizioni","status":"publish","type":"post","link":"https:\/\/www.bellunopress.it\/fr\/2022\/10\/07\/la-delibera-fantasma-per-lassunzione-diretta-senza-concorso-di-un-laureato-nello-staff-del-sindaco-la-voce-delle-opposizioni\/","title":{"rendered":"La delibera fantasma per l\u2019assunzione diretta senza concorso di un laureato nello staff del sindaco. La voce delle opposizioni"},"content":{"rendered":"<p><img loading=\"lazy\" decoding=\"async\" class=\"alignleft size-full wp-image-136840\" src=\"https:\/\/www.bellunopress.it\/wp-content\/uploads\/2022\/10\/delibera-fantasma-n-184_edited.jpg\" alt=\"\" width=\"1000\" height=\"698\" srcset=\"https:\/\/www.bellunopress.it\/wp-content\/uploads\/2022\/10\/delibera-fantasma-n-184_edited.jpg 1000w, https:\/\/www.bellunopress.it\/wp-content\/uploads\/2022\/10\/delibera-fantasma-n-184_edited-500x349.jpg 500w, https:\/\/www.bellunopress.it\/wp-content\/uploads\/2022\/10\/delibera-fantasma-n-184_edited-696x486.jpg 696w, https:\/\/www.bellunopress.it\/wp-content\/uploads\/2022\/10\/delibera-fantasma-n-184_edited-602x420.jpg 602w, https:\/\/www.bellunopress.it\/wp-content\/uploads\/2022\/10\/delibera-fantasma-n-184_edited-100x70.jpg 100w\" sizes=\"auto, (max-width: 1000px) 100vw, 1000px\" \/>Belluno, 7 ottobre 2022 \u2013 Diciamo subito che si si tratta di una procedura prevista dalla legge, di cui per\u00f2, almeno negli ultimi 15 anni, nessun sindaco se ne era avvalso, per non gravare nel bilancio e per non togliere un dipendente agli uffici. L\u2019aspetto singolare, in questo caso, \u00e8 che la delibera che prevede l&#8217;assunzione diretta, la n.184, non \u00e8 stata affissa all\u2019Albo.<\/p>\n<figure id=\"attachment_112706\" aria-describedby=\"caption-attachment-112706\" style=\"width: 900px\" class=\"wp-caption alignleft\"><img loading=\"lazy\" decoding=\"async\" class=\"size-full wp-image-112706\" src=\"https:\/\/www.bellunopress.it\/wp-content\/uploads\/2020\/03\/palazzo-rosso-notte.jpg\" alt=\"\" width=\"900\" height=\"688\" srcset=\"https:\/\/www.bellunopress.it\/wp-content\/uploads\/2020\/03\/palazzo-rosso-notte.jpg 900w, https:\/\/www.bellunopress.it\/wp-content\/uploads\/2020\/03\/palazzo-rosso-notte-500x382.jpg 500w, https:\/\/www.bellunopress.it\/wp-content\/uploads\/2020\/03\/palazzo-rosso-notte-696x532.jpg 696w, https:\/\/www.bellunopress.it\/wp-content\/uploads\/2020\/03\/palazzo-rosso-notte-549x420.jpg 549w, https:\/\/www.bellunopress.it\/wp-content\/uploads\/2020\/03\/palazzo-rosso-notte-80x60.jpg 80w\" sizes=\"auto, (max-width: 900px) 100vw, 900px\" \/><figcaption id=\"caption-attachment-112706\" class=\"wp-caption-text\">Palazzo Rosso, sede dell&#8217;Amministrazione comunale di Belluno<\/figcaption><\/figure>\n<p>Ad accorgersene sono state le opposizioni in consiglio comunale di Belluno, che sull\u2019episodio inoltreranno una specifica interrogazione, anche per conoscere l\u2019impatto economico del provvedimento e il criterio di scelta adottato nella selezione di questo collaboratore nello staff del sindaco che &#8211; come recita la norma &#8211; dovr\u00e0 espletare \u201cfunzioni di supporto di attivit\u00e0 di indirizzo e di controllo alle dirette dipendenze del sindaco ai sensi dell\u2019art. 90 del decreto legislativo n. 267\/2000 e successive modifiche.<br \/>\nL\u2019incaricato dovr\u00e0 svolgere, in particolare, i seguenti compiti:<br \/>\n&#8211; supportare il sindaco nell\u2019esercizio delle funzioni proprie di indirizzo e di controllo;<br \/>\n&#8211; fornire supporto politico-amministrativo nei rapporti con gli organi esterni del comune;<br \/>\n&#8211; curare i rapporti, a prevalente contenuto politico, con i rappresentanti di organismi locali, nazionali e<br \/>\ninternazionali nonch\u00e9 con le associazioni;<br \/>\n&#8211; svolgere ogni altro compito di supporto all\u2019assolvimento delle proprie funzioni, attribuito dal sindaco,<br \/>\npurch\u00e9 a contenuto non gestionale\u201d.<\/p>\n<p>Dunque un incarico prettamente politico. Per quanto riguarda il trattamento economico, sar\u00e0 inquadrato nella categoria giuridica D, posizione economica D1, del contratto collettivo nazionale di lavoro del comparto Funzioni Locali. Quindi un laureato, che avr\u00e0 un contratto di lavoro a tempo determinato e parziale al 50% (18 ore settimanali), ai sensi dell\u2019art. 90 del decreto legislativo 267\/2000, di durata non oltre la scadenza del mandato elettivo del sindaco in carica.<\/p>\n<p>\u201cNon \u00e8 vero che nei primi 100 giorni la nuova giunta comunale di Belluno ha fatto soltanto degli incontri \u2013 commenta l\u2019ex sindaco Jacopo Massaro ora consigliere di opposizione &#8211; sono state fatte anche delle scelte. E\u2019 stato tolto, ad esempio, il calmieramento alle mense scolastiche e quindi le famiglie avranno maggiori costi. E\u2019 stata aumentata la retta della casa di riposo di 150 euro mensili e anche queste ricadranno sugli ospiti e i loro familiari\u201d.<br \/>\nPer quanto riguarda l\u2019assunzione diretta di una persona nello staff del sindaco, Massaro sia pur nel precisarne la legittimit\u00e0, non manca di ricordare che in questo modo si costringono gli uffici comunali a dover rinunciare a un prezioso dipendente in pianta organica. Anche perch\u00e9, sottolinea Massaro, \u201cCi sono 10 componenti in giunta pagati e 20 consiglieri in maggioranza! Ritengo sia fuori luogo utilizzare le risorse in questo modo per una carica sostanzialmente politica che diventa l\u201911mo componente di giunta\u201d.<\/p>\n<p>Sulla stessa linea Lucia Olivotto, gi\u00e0 vicesindaco di Belluno e ora consigliere d\u2019opposizione, che rimarca, come tale scelta si traduca nell\u2019avere un \u201cdecimo assessore\u201d oltre ai nove in carica, le cui deleghe tuttavia sono concentrate solo su due oltre al sindaco.<br \/>\n\u201cAncora una volta \u2013 commenta il consigliere Giuseppe Vignato, riferendosi alla mancata esposizione all\u2019Albo della delibera con la quale viene assunto il collaboratore nello staff del sindaco \u2013 questa giunta manca di trasparenza. Cos\u00ec come ha mancato di trasparenza nell\u2019ultimo consiglio comunale di mercoled\u00ec scorso, quando siamo stati informati dalla stampa dell\u2019aumento del 10% della retta alla casa di riposo di Cavarzano. Come al solito si punta a sistemare qualche amico. Nelle societ\u00e0 partecipate non \u00e8 stata nominata nessuna figura strettamente competente nella materia specifica\u201d.<\/p>\n<p>Ilenia Bavasso e Mirco Costa, consiglieri di opposizione, hanno infine sottolineato la questione della mancanza di personale negli uffici comunali \u201cPerdere una unit\u00e0 in questa situazione \u00e8 grave\u201d ha detto Costa. E sul taglio all\u2019illuminazione pubblica, vie e gallerie, che andr\u00e0 a determinare una situazione di minor sicurezza sulla viabilit\u00e0 e per i cittadini in riferimento ai furti in casa. E ancora la mancata trasparenza segnalata dalla consigliera Bavasso in relazione alla sua interrogazione senza risposta che trattava appunto l\u2019illuminazione pubblica.<\/p>","protected":false},"excerpt":{"rendered":"<p>Belluno, 7 ottobre 2022 \u2013 Diciamo subito che si si tratta di una procedura prevista dalla legge, di cui per\u00f2, almeno negli ultimi 15 anni, nessun sindaco se ne era avvalso, per non gravare nel bilancio e per non togliere un dipendente agli uffici. L\u2019aspetto singolare, in questo caso, \u00e8 che la delibera che prevede [&hellip;]<\/p>\n","protected":false},"author":2,"featured_media":136840,"comment_status":"closed","ping_status":"open","sticky":false,"template":"","format":"standard","meta":{"footnotes":""},"categories":[5,26],"tags":[],"class_list":["post-136839","post","type-post","status-publish","format-standard","has-post-thumbnail","category-cronaca","category-prima-pagina"],"yoast_head":"<!-- This site is optimized with the Yoast SEO plugin v28.4 - https:\/\/yoast.com\/product\/yoast-seo-wordpress\/ -->\n<title>La delibera fantasma per l\u2019assunzione diretta senza concorso di un laureato nello staff del sindaco. La voce delle opposizioni - Bellunopress - Dolomiti<\/title>\n<meta name=\"robots\" content=\"index, follow, max-snippet:-1, max-image-preview:large, max-video-preview:-1\" \/>\n<link rel=\"canonical\" href=\"https:\/\/www.bellunopress.it\/fr\/2022\/10\/07\/la-delibera-fantasma-per-lassunzione-diretta-senza-concorso-di-un-laureato-nello-staff-del-sindaco-la-voce-delle-opposizioni\/\" \/>\n<meta property=\"og:locale\" content=\"fr_FR\" \/>\n<meta property=\"og:type\" content=\"article\" \/>\n<meta property=\"og:title\" content=\"La delibera fantasma per l\u2019assunzione diretta senza concorso di un laureato nello staff del sindaco. La voce delle opposizioni - Bellunopress - Dolomiti\" \/>\n<meta property=\"og:description\" content=\"Belluno, 7 ottobre 2022 \u2013 Diciamo subito che si si tratta di una procedura prevista dalla legge, di cui per\u00f2, almeno negli ultimi 15 anni, nessun sindaco se ne era avvalso, per non gravare nel bilancio e per non togliere un dipendente agli uffici. L\u2019aspetto singolare, in questo caso, \u00e8 che la delibera che prevede [&hellip;]\" \/>\n<meta property=\"og:url\" content=\"https:\/\/www.bellunopress.it\/fr\/2022\/10\/07\/la-delibera-fantasma-per-lassunzione-diretta-senza-concorso-di-un-laureato-nello-staff-del-sindaco-la-voce-delle-opposizioni\/\" \/>\n<meta property=\"og:site_name\" content=\"Bellunopress - Dolomiti\" \/>\n<meta property=\"article:publisher\" content=\"https:\/\/www.facebook.com\/profile.php?id=100008943462799\" \/>\n<meta property=\"article:published_time\" content=\"2022-10-07T14:32:39+00:00\" \/>\n<meta property=\"og:image\" content=\"https:\/\/www.bellunopress.it\/wp-content\/uploads\/2022\/10\/delibera-fantasma-n-184_edited.jpg\" \/>\n\t<meta property=\"og:image:width\" content=\"1000\" \/>\n\t<meta property=\"og:image:height\" content=\"698\" \/>\n\t<meta property=\"og:image:type\" content=\"image\/jpeg\" \/>\n<meta name=\"author\" content=\"redazione\" \/>\n<meta name=\"twitter:card\" content=\"summary_large_image\" \/>\n<meta name=\"twitter:creator\" content=\"@bellunopress\" \/>\n<meta name=\"twitter:site\" content=\"@bellunopress\" \/>\n<meta name=\"twitter:label1\" content=\"\u00c9crit par\" \/>\n\t<meta name=\"twitter:data1\" content=\"redazione\" \/>\n\t<meta name=\"twitter:label2\" content=\"Dur\u00e9e de lecture estim\u00e9e\" \/>\n\t<meta name=\"twitter:data2\" content=\"4 minutes\" \/>\n<script type=\"application\/ld+json\" class=\"yoast-schema-graph\">{\"@context\":\"https:\\\/\\\/schema.org\",\"@graph\":[{\"@type\":\"Article\",\"@id\":\"https:\\\/\\\/www.bellunopress.it\\\/2022\\\/10\\\/07\\\/la-delibera-fantasma-per-lassunzione-diretta-senza-concorso-di-un-laureato-nello-staff-del-sindaco-la-voce-delle-opposizioni\\\/#article\",\"isPartOf\":{\"@id\":\"https:\\\/\\\/www.bellunopress.it\\\/2022\\\/10\\\/07\\\/la-delibera-fantasma-per-lassunzione-diretta-senza-concorso-di-un-laureato-nello-staff-del-sindaco-la-voce-delle-opposizioni\\\/\"},\"author\":{\"name\":\"redazione\",\"@id\":\"https:\\\/\\\/www.bellunopress.it\\\/#\\\/schema\\\/person\\\/79bb06722b37ece1c03d3e94beb30d73\"},\"headline\":\"La delibera fantasma per l\u2019assunzione diretta senza concorso di un laureato nello staff del sindaco. La voce delle opposizioni\",\"datePublished\":\"2022-10-07T14:32:39+00:00\",\"mainEntityOfPage\":{\"@id\":\"https:\\\/\\\/www.bellunopress.it\\\/2022\\\/10\\\/07\\\/la-delibera-fantasma-per-lassunzione-diretta-senza-concorso-di-un-laureato-nello-staff-del-sindaco-la-voce-delle-opposizioni\\\/\"},\"wordCount\":676,\"publisher\":{\"@id\":\"https:\\\/\\\/www.bellunopress.it\\\/#organization\"},\"image\":{\"@id\":\"https:\\\/\\\/www.bellunopress.it\\\/2022\\\/10\\\/07\\\/la-delibera-fantasma-per-lassunzione-diretta-senza-concorso-di-un-laureato-nello-staff-del-sindaco-la-voce-delle-opposizioni\\\/#primaryimage\"},\"thumbnailUrl\":\"https:\\\/\\\/www.bellunopress.it\\\/wp-content\\\/uploads\\\/2022\\\/10\\\/delibera-fantasma-n-184_edited.jpg\",\"articleSection\":[\"Cronaca\\\/Politica\",\"Prima Pagina\"],\"inLanguage\":\"fr-FR\"},{\"@type\":\"WebPage\",\"@id\":\"https:\\\/\\\/www.bellunopress.it\\\/2022\\\/10\\\/07\\\/la-delibera-fantasma-per-lassunzione-diretta-senza-concorso-di-un-laureato-nello-staff-del-sindaco-la-voce-delle-opposizioni\\\/\",\"url\":\"https:\\\/\\\/www.bellunopress.it\\\/2022\\\/10\\\/07\\\/la-delibera-fantasma-per-lassunzione-diretta-senza-concorso-di-un-laureato-nello-staff-del-sindaco-la-voce-delle-opposizioni\\\/\",\"name\":\"La delibera fantasma per l\u2019assunzione diretta senza concorso di un laureato nello staff del sindaco. La voce delle opposizioni - Bellunopress - Dolomiti\",\"isPartOf\":{\"@id\":\"https:\\\/\\\/www.bellunopress.it\\\/#website\"},\"primaryImageOfPage\":{\"@id\":\"https:\\\/\\\/www.bellunopress.it\\\/2022\\\/10\\\/07\\\/la-delibera-fantasma-per-lassunzione-diretta-senza-concorso-di-un-laureato-nello-staff-del-sindaco-la-voce-delle-opposizioni\\\/#primaryimage\"},\"image\":{\"@id\":\"https:\\\/\\\/www.bellunopress.it\\\/2022\\\/10\\\/07\\\/la-delibera-fantasma-per-lassunzione-diretta-senza-concorso-di-un-laureato-nello-staff-del-sindaco-la-voce-delle-opposizioni\\\/#primaryimage\"},\"thumbnailUrl\":\"https:\\\/\\\/www.bellunopress.it\\\/wp-content\\\/uploads\\\/2022\\\/10\\\/delibera-fantasma-n-184_edited.jpg\",\"datePublished\":\"2022-10-07T14:32:39+00:00\",\"breadcrumb\":{\"@id\":\"https:\\\/\\\/www.bellunopress.it\\\/2022\\\/10\\\/07\\\/la-delibera-fantasma-per-lassunzione-diretta-senza-concorso-di-un-laureato-nello-staff-del-sindaco-la-voce-delle-opposizioni\\\/#breadcrumb\"},\"inLanguage\":\"fr-FR\",\"potentialAction\":[{\"@type\":\"ReadAction\",\"target\":[\"https:\\\/\\\/www.bellunopress.it\\\/2022\\\/10\\\/07\\\/la-delibera-fantasma-per-lassunzione-diretta-senza-concorso-di-un-laureato-nello-staff-del-sindaco-la-voce-delle-opposizioni\\\/\"]}]},{\"@type\":\"ImageObject\",\"inLanguage\":\"fr-FR\",\"@id\":\"https:\\\/\\\/www.bellunopress.it\\\/2022\\\/10\\\/07\\\/la-delibera-fantasma-per-lassunzione-diretta-senza-concorso-di-un-laureato-nello-staff-del-sindaco-la-voce-delle-opposizioni\\\/#primaryimage\",\"url\":\"https:\\\/\\\/www.bellunopress.it\\\/wp-content\\\/uploads\\\/2022\\\/10\\\/delibera-fantasma-n-184_edited.jpg\",\"contentUrl\":\"https:\\\/\\\/www.bellunopress.it\\\/wp-content\\\/uploads\\\/2022\\\/10\\\/delibera-fantasma-n-184_edited.jpg\",\"width\":1000,\"height\":698},{\"@type\":\"BreadcrumbList\",\"@id\":\"https:\\\/\\\/www.bellunopress.it\\\/2022\\\/10\\\/07\\\/la-delibera-fantasma-per-lassunzione-diretta-senza-concorso-di-un-laureato-nello-staff-del-sindaco-la-voce-delle-opposizioni\\\/#breadcrumb\",\"itemListElement\":[{\"@type\":\"ListItem\",\"position\":1,\"name\":\"Home\",\"item\":\"https:\\\/\\\/www.bellunopress.it\\\/\"},{\"@type\":\"ListItem\",\"position\":2,\"name\":\"La delibera fantasma per l\u2019assunzione diretta senza concorso di un laureato nello staff del sindaco. La voce delle opposizioni\"}]},{\"@type\":\"WebSite\",\"@id\":\"https:\\\/\\\/www.bellunopress.it\\\/#website\",\"url\":\"https:\\\/\\\/www.bellunopress.it\\\/\",\"name\":\"Bellunopress - Dolomiti\",\"description\":\"e-mail: redazione@bellunopress.it\",\"publisher\":{\"@id\":\"https:\\\/\\\/www.bellunopress.it\\\/#organization\"},\"potentialAction\":[{\"@type\":\"SearchAction\",\"target\":{\"@type\":\"EntryPoint\",\"urlTemplate\":\"https:\\\/\\\/www.bellunopress.it\\\/?s={search_term_string}\"},\"query-input\":{\"@type\":\"PropertyValueSpecification\",\"valueRequired\":true,\"valueName\":\"search_term_string\"}}],\"inLanguage\":\"fr-FR\"},{\"@type\":\"Organization\",\"@id\":\"https:\\\/\\\/www.bellunopress.it\\\/#organization\",\"name\":\"Bellunopress\",\"url\":\"https:\\\/\\\/www.bellunopress.it\\\/\",\"logo\":{\"@type\":\"ImageObject\",\"inLanguage\":\"fr-FR\",\"@id\":\"https:\\\/\\\/www.bellunopress.it\\\/#\\\/schema\\\/logo\\\/image\\\/\",\"url\":\"https:\\\/\\\/www.bellunopress.it\\\/wp-content\\\/uploads\\\/2011\\\/05\\\/cropped-logo-bellunopress-.jpg\",\"contentUrl\":\"https:\\\/\\\/www.bellunopress.it\\\/wp-content\\\/uploads\\\/2011\\\/05\\\/cropped-logo-bellunopress-.jpg\",\"width\":512,\"height\":512,\"caption\":\"Bellunopress\"},\"image\":{\"@id\":\"https:\\\/\\\/www.bellunopress.it\\\/#\\\/schema\\\/logo\\\/image\\\/\"},\"sameAs\":[\"https:\\\/\\\/www.facebook.com\\\/profile.php?id=100008943462799\",\"https:\\\/\\\/x.com\\\/bellunopress\",\"https:\\\/\\\/www.linkedin.com\\\/hp\\\/?dnr=JBzUWaJfMUw8vbXJJ2tVW5-I3jZKvC4wsoxE&amp;amp;amp;amp;amp;amp;trk=nav_responsive_tab_home\",\"https:\\\/\\\/www.youtube.com\\\/channel\\\/UCxL0wu1uN0_3_7hGG0306cw\"]},{\"@type\":\"Person\",\"@id\":\"https:\\\/\\\/www.bellunopress.it\\\/#\\\/schema\\\/person\\\/79bb06722b37ece1c03d3e94beb30d73\",\"name\":\"redazione\",\"image\":{\"@type\":\"ImageObject\",\"inLanguage\":\"fr-FR\",\"@id\":\"https:\\\/\\\/secure.gravatar.com\\\/avatar\\\/37d968a2e67a6fd04c169c4bdef102d0bc5d31b2546345219e348575eb80e9a0?s=96&d=mm&r=g\",\"url\":\"https:\\\/\\\/secure.gravatar.com\\\/avatar\\\/37d968a2e67a6fd04c169c4bdef102d0bc5d31b2546345219e348575eb80e9a0?s=96&d=mm&r=g\",\"contentUrl\":\"https:\\\/\\\/secure.gravatar.com\\\/avatar\\\/37d968a2e67a6fd04c169c4bdef102d0bc5d31b2546345219e348575eb80e9a0?s=96&d=mm&r=g\",\"caption\":\"redazione\"},\"sameAs\":[\"http:\\\/\\\/www.bellunopress.it\",\"https:\\\/\\\/x.com\\\/bellunopress\"],\"url\":\"https:\\\/\\\/www.bellunopress.it\\\/fr\\\/author\\\/redazione\\\/\"}]}<\/script>\n<!-- \/ Yoast SEO plugin. -->","yoast_head_json":{"title":"La delibera fantasma per l\u2019assunzione diretta senza concorso di un laureato nello staff del sindaco. La voce delle opposizioni - Bellunopress - Dolomiti","robots":{"index":"index","follow":"follow","max-snippet":"max-snippet:-1","max-image-preview":"max-image-preview:large","max-video-preview":"max-video-preview:-1"},"canonical":"https:\/\/www.bellunopress.it\/fr\/2022\/10\/07\/la-delibera-fantasma-per-lassunzione-diretta-senza-concorso-di-un-laureato-nello-staff-del-sindaco-la-voce-delle-opposizioni\/","og_locale":"fr_FR","og_type":"article","og_title":"La delibera fantasma per l\u2019assunzione diretta senza concorso di un laureato nello staff del sindaco. La voce delle opposizioni - Bellunopress - Dolomiti","og_description":"Belluno, 7 ottobre 2022 \u2013 Diciamo subito che si si tratta di una procedura prevista dalla legge, di cui per\u00f2, almeno negli ultimi 15 anni, nessun sindaco se ne era avvalso, per non gravare nel bilancio e per non togliere un dipendente agli uffici. L\u2019aspetto singolare, in questo caso, \u00e8 che la delibera che prevede [&hellip;]","og_url":"https:\/\/www.bellunopress.it\/fr\/2022\/10\/07\/la-delibera-fantasma-per-lassunzione-diretta-senza-concorso-di-un-laureato-nello-staff-del-sindaco-la-voce-delle-opposizioni\/","og_site_name":"Bellunopress - Dolomiti","article_publisher":"https:\/\/www.facebook.com\/profile.php?id=100008943462799","article_published_time":"2022-10-07T14:32:39+00:00","og_image":[{"width":1000,"height":698,"url":"https:\/\/www.bellunopress.it\/wp-content\/uploads\/2022\/10\/delibera-fantasma-n-184_edited.jpg","type":"image\/jpeg"}],"author":"redazione","twitter_card":"summary_large_image","twitter_creator":"@bellunopress","twitter_site":"@bellunopress","twitter_misc":{"\u00c9crit par":"redazione","Dur\u00e9e de lecture estim\u00e9e":"4 minutes"},"schema":{"@context":"https:\/\/schema.org","@graph":[{"@type":"Article","@id":"https:\/\/www.bellunopress.it\/2022\/10\/07\/la-delibera-fantasma-per-lassunzione-diretta-senza-concorso-di-un-laureato-nello-staff-del-sindaco-la-voce-delle-opposizioni\/#article","isPartOf":{"@id":"https:\/\/www.bellunopress.it\/2022\/10\/07\/la-delibera-fantasma-per-lassunzione-diretta-senza-concorso-di-un-laureato-nello-staff-del-sindaco-la-voce-delle-opposizioni\/"},"author":{"name":"redazione","@id":"https:\/\/www.bellunopress.it\/#\/schema\/person\/79bb06722b37ece1c03d3e94beb30d73"},"headline":"La delibera fantasma per l\u2019assunzione diretta senza concorso di un laureato nello staff del sindaco. La voce delle opposizioni","datePublished":"2022-10-07T14:32:39+00:00","mainEntityOfPage":{"@id":"https:\/\/www.bellunopress.it\/2022\/10\/07\/la-delibera-fantasma-per-lassunzione-diretta-senza-concorso-di-un-laureato-nello-staff-del-sindaco-la-voce-delle-opposizioni\/"},"wordCount":676,"publisher":{"@id":"https:\/\/www.bellunopress.it\/#organization"},"image":{"@id":"https:\/\/www.bellunopress.it\/2022\/10\/07\/la-delibera-fantasma-per-lassunzione-diretta-senza-concorso-di-un-laureato-nello-staff-del-sindaco-la-voce-delle-opposizioni\/#primaryimage"},"thumbnailUrl":"https:\/\/www.bellunopress.it\/wp-content\/uploads\/2022\/10\/delibera-fantasma-n-184_edited.jpg","articleSection":["Cronaca\/Politica","Prima Pagina"],"inLanguage":"fr-FR"},{"@type":"WebPage","@id":"https:\/\/www.bellunopress.it\/2022\/10\/07\/la-delibera-fantasma-per-lassunzione-diretta-senza-concorso-di-un-laureato-nello-staff-del-sindaco-la-voce-delle-opposizioni\/","url":"https:\/\/www.bellunopress.it\/2022\/10\/07\/la-delibera-fantasma-per-lassunzione-diretta-senza-concorso-di-un-laureato-nello-staff-del-sindaco-la-voce-delle-opposizioni\/","name":"La delibera fantasma per l\u2019assunzione diretta senza concorso di un laureato nello staff del sindaco. La voce delle opposizioni - Bellunopress - Dolomiti","isPartOf":{"@id":"https:\/\/www.bellunopress.it\/#website"},"primaryImageOfPage":{"@id":"https:\/\/www.bellunopress.it\/2022\/10\/07\/la-delibera-fantasma-per-lassunzione-diretta-senza-concorso-di-un-laureato-nello-staff-del-sindaco-la-voce-delle-opposizioni\/#primaryimage"},"image":{"@id":"https:\/\/www.bellunopress.it\/2022\/10\/07\/la-delibera-fantasma-per-lassunzione-diretta-senza-concorso-di-un-laureato-nello-staff-del-sindaco-la-voce-delle-opposizioni\/#primaryimage"},"thumbnailUrl":"https:\/\/www.bellunopress.it\/wp-content\/uploads\/2022\/10\/delibera-fantasma-n-184_edited.jpg","datePublished":"2022-10-07T14:32:39+00:00","breadcrumb":{"@id":"https:\/\/www.bellunopress.it\/2022\/10\/07\/la-delibera-fantasma-per-lassunzione-diretta-senza-concorso-di-un-laureato-nello-staff-del-sindaco-la-voce-delle-opposizioni\/#breadcrumb"},"inLanguage":"fr-FR","potentialAction":[{"@type":"ReadAction","target":["https:\/\/www.bellunopress.it\/2022\/10\/07\/la-delibera-fantasma-per-lassunzione-diretta-senza-concorso-di-un-laureato-nello-staff-del-sindaco-la-voce-delle-opposizioni\/"]}]},{"@type":"ImageObject","inLanguage":"fr-FR","@id":"https:\/\/www.bellunopress.it\/2022\/10\/07\/la-delibera-fantasma-per-lassunzione-diretta-senza-concorso-di-un-laureato-nello-staff-del-sindaco-la-voce-delle-opposizioni\/#primaryimage","url":"https:\/\/www.bellunopress.it\/wp-content\/uploads\/2022\/10\/delibera-fantasma-n-184_edited.jpg","contentUrl":"https:\/\/www.bellunopress.it\/wp-content\/uploads\/2022\/10\/delibera-fantasma-n-184_edited.jpg","width":1000,"height":698},{"@type":"BreadcrumbList","@id":"https:\/\/www.bellunopress.it\/2022\/10\/07\/la-delibera-fantasma-per-lassunzione-diretta-senza-concorso-di-un-laureato-nello-staff-del-sindaco-la-voce-delle-opposizioni\/#breadcrumb","itemListElement":[{"@type":"ListItem","position":1,"name":"Home","item":"https:\/\/www.bellunopress.it\/"},{"@type":"ListItem","position":2,"name":"La delibera fantasma per l\u2019assunzione diretta senza concorso di un laureato nello staff del sindaco. La voce delle opposizioni"}]},{"@type":"WebSite","@id":"https:\/\/www.bellunopress.it\/#website","url":"https:\/\/www.bellunopress.it\/","name":"Bellunopress - Dolomiti","description":"e-mail: redazione@bellunopress.it","publisher":{"@id":"https:\/\/www.bellunopress.it\/#organization"},"potentialAction":[{"@type":"SearchAction","target":{"@type":"EntryPoint","urlTemplate":"https:\/\/www.bellunopress.it\/?s={search_term_string}"},"query-input":{"@type":"PropertyValueSpecification","valueRequired":true,"valueName":"search_term_string"}}],"inLanguage":"fr-FR"},{"@type":"Organization","@id":"https:\/\/www.bellunopress.it\/#organization","name":"Bellunopress","url":"https:\/\/www.bellunopress.it\/","logo":{"@type":"ImageObject","inLanguage":"fr-FR","@id":"https:\/\/www.bellunopress.it\/#\/schema\/logo\/image\/","url":"https:\/\/www.bellunopress.it\/wp-content\/uploads\/2011\/05\/cropped-logo-bellunopress-.jpg","contentUrl":"https:\/\/www.bellunopress.it\/wp-content\/uploads\/2011\/05\/cropped-logo-bellunopress-.jpg","width":512,"height":512,"caption":"Bellunopress"},"image":{"@id":"https:\/\/www.bellunopress.it\/#\/schema\/logo\/image\/"},"sameAs":["https:\/\/www.facebook.com\/profile.php?id=100008943462799","https:\/\/x.com\/bellunopress","https:\/\/www.linkedin.com\/hp\/?dnr=JBzUWaJfMUw8vbXJJ2tVW5-I3jZKvC4wsoxE&amp;amp;amp;amp;amp;amp;trk=nav_responsive_tab_home","https:\/\/www.youtube.com\/channel\/UCxL0wu1uN0_3_7hGG0306cw"]},{"@type":"Person","@id":"https:\/\/www.bellunopress.it\/#\/schema\/person\/79bb06722b37ece1c03d3e94beb30d73","name":"r\u00e9daction","image":{"@type":"ImageObject","inLanguage":"fr-FR","@id":"https:\/\/secure.gravatar.com\/avatar\/37d968a2e67a6fd04c169c4bdef102d0bc5d31b2546345219e348575eb80e9a0?s=96&d=mm&r=g","url":"https:\/\/secure.gravatar.com\/avatar\/37d968a2e67a6fd04c169c4bdef102d0bc5d31b2546345219e348575eb80e9a0?s=96&d=mm&r=g","contentUrl":"https:\/\/secure.gravatar.com\/avatar\/37d968a2e67a6fd04c169c4bdef102d0bc5d31b2546345219e348575eb80e9a0?s=96&d=mm&r=g","caption":"redazione"},"sameAs":["http:\/\/www.bellunopress.it","https:\/\/x.com\/bellunopress"],"url":"https:\/\/www.bellunopress.it\/fr\/author\/redazione\/"}]}},"_links":{"self":[{"href":"https:\/\/www.bellunopress.it\/fr\/wp-json\/wp\/v2\/posts\/136839","targetHints":{"allow":["GET"]}}],"collection":[{"href":"https:\/\/www.bellunopress.it\/fr\/wp-json\/wp\/v2\/posts"}],"about":[{"href":"https:\/\/www.bellunopress.it\/fr\/wp-json\/wp\/v2\/types\/post"}],"author":[{"embeddable":true,"href":"https:\/\/www.bellunopress.it\/fr\/wp-json\/wp\/v2\/users\/2"}],"replies":[{"embeddable":true,"href":"https:\/\/www.bellunopress.it\/fr\/wp-json\/wp\/v2\/comments?post=136839"}],"version-history":[{"count":1,"href":"https:\/\/www.bellunopress.it\/fr\/wp-json\/wp\/v2\/posts\/136839\/revisions"}],"predecessor-version":[{"id":136841,"href":"https:\/\/www.bellunopress.it\/fr\/wp-json\/wp\/v2\/posts\/136839\/revisions\/136841"}],"wp:featuredmedia":[{"embeddable":true,"href":"https:\/\/www.bellunopress.it\/fr\/wp-json\/wp\/v2\/media\/136840"}],"wp:attachment":[{"href":"https:\/\/www.bellunopress.it\/fr\/wp-json\/wp\/v2\/media?parent=136839"}],"wp:term":[{"taxonomy":"category","embeddable":true,"href":"https:\/\/www.bellunopress.it\/fr\/wp-json\/wp\/v2\/categories?post=136839"},{"taxonomy":"post_tag","embeddable":true,"href":"https:\/\/www.bellunopress.it\/fr\/wp-json\/wp\/v2\/tags?post=136839"}],"curies":[{"name":"wp","href":"https:\/\/api.w.org\/{rel}","templated":true}]}}