{"id":136797,"date":"2022-10-05T18:13:30","date_gmt":"2022-10-05T16:13:30","guid":{"rendered":"https:\/\/www.bellunopress.it\/?p=136797"},"modified":"2022-10-05T18:13:30","modified_gmt":"2022-10-05T16:13:30","slug":"gas-trabucco-ecco-perche-aumenta-e-quali-soluzioni-adottare","status":"publish","type":"post","link":"https:\/\/www.bellunopress.it\/fr\/2022\/10\/05\/gas-trabucco-ecco-perche-aumenta-e-quali-soluzioni-adottare\/","title":{"rendered":"Gas. Trabucco: &#8220;Ecco perch\u00e9 aumenta e quali soluzioni adottare&#8221;"},"content":{"rendered":"<p><img loading=\"lazy\" decoding=\"async\" class=\"alignleft  wp-image-136798\" src=\"https:\/\/www.bellunopress.it\/wp-content\/uploads\/2022\/10\/gas.jpg\" alt=\"\" width=\"563\" height=\"385\" srcset=\"https:\/\/www.bellunopress.it\/wp-content\/uploads\/2022\/10\/gas.jpg 619w, https:\/\/www.bellunopress.it\/wp-content\/uploads\/2022\/10\/gas-500x342.jpg 500w, https:\/\/www.bellunopress.it\/wp-content\/uploads\/2022\/10\/gas-218x150.jpg 218w, https:\/\/www.bellunopress.it\/wp-content\/uploads\/2022\/10\/gas-615x420.jpg 615w\" sizes=\"auto, (max-width: 563px) 100vw, 563px\" \/>Il gas aumenta perch\u00e9 gli speculatori comprano e rivendono i &#8220;future&#8221;, ossia quei contratti medianti i quali ci si impegna ad acquistare una certa quantit\u00e0 di metri cubi di una materia prima in una data precisa ed ad un certo prezzo senza arrivare mai al momento dell\u2019acquisto vero e proprio della stessa.<\/p>\n<p>Approfittando, dunque, delle aspettative al rialzo sui prezzi nel mercato (ove partecipano pure fondi di investimento) di Amsterdam (il cosiddetto TTF), vengono comprate massicce quantit\u00e0 di &#8220;future&#8221;, scommettendo di rivenderli a un prezzo sempre pi\u00f9 alto, alimentando in questo modo una spirale all&#8217;ins\u00f9. La proposta del Ministro senza portafoglio per la Transizione ecologica, Roberto Cingolani, in accordo con il Presidente di Fratelli d&#8217;Italia, Giorgia Meloni, prevede di agganciare il prezzo del gas a borse pi\u00f9 stabili rispetto a quella olandese (ad esempio come il Brent per il petrolio). Ovviamente, stante la paura di carenza di materia prima, nessuno ci assicura che, anche negli altri mercati, possa verificarsi un trend speculativo identico a quello cui stiamo assistendo in Olanda.<\/p>\n<p>A chi obietta che il Governo dimissionario di Mario Draghi ha combattuto la speculazione, si deve replicare che l&#8217;Esecutivo ha &#8220;colpito&#8221; solo un &#8220;indicatore&#8221; degli utili, definito da una variabile osservabile immediatamente, e cio\u00e8 l\u2019incremento delle transazioni Iva rispetto a un anno base. La misura \u00e8 apparsa criticabile sia nella scelta dell\u2019anno, il 2020, che fu quello della crisi pandemica pi\u00f9 acuta, dunque con transazioni IVA basse, sia nella definizione della base imponibile che includeva operazioni che con gli utili proprio non c\u2019entrano. Una possibile soluzione potrebbe essere, lo ha scritto l&#8217;economista Guido Salerno Aletta, obbligare tutti i fornitori di energia elettrica e di gas, cio\u00e8 le imprese che hanno contratti con la clientela al dettaglio, cio\u00e8 famiglie e societ\u00e0 svolgenti attivit\u00e0 imprenditoriale, di approvvigionarsi con tipologie contrattuali a lungo termine proprio al fine di stabilizzare i prezzi.<\/p>\n<p>Alle aste, dunque, dovrebbero essere affidate unicamente le forniture marginali di energia le quali, invece, sono quelle che finiscono per determinare il prezzo. Al contempo, sia nel mercato virtuale TTF, sia in altri, sarebbe doveroso bloccare le contrattazioni dei &#8220;future&#8221; qualora questi superino una certa soglia, ben sapendo di incontrare le resistenze olandesi o di altri Paesi.<\/p>\n<p>Daniele Trabucco<\/p>","protected":false},"excerpt":{"rendered":"<p>Il gas aumenta perch\u00e9 gli speculatori comprano e rivendono i &#8220;future&#8221;, ossia quei contratti medianti i quali ci si impegna ad acquistare una certa quantit\u00e0 di metri cubi di una materia prima in una data precisa ed ad un certo prezzo senza arrivare mai al momento dell\u2019acquisto vero e proprio della stessa. Approfittando, dunque, delle [&hellip;]<\/p>\n","protected":false},"author":2,"featured_media":136798,"comment_status":"closed","ping_status":"open","sticky":false,"template":"","format":"standard","meta":{"footnotes":""},"categories":[36],"tags":[],"class_list":["post-136797","post","type-post","status-publish","format-standard","has-post-thumbnail","category-lavoro-economia"],"yoast_head":"<!-- This site is optimized with the Yoast SEO plugin v28.4 - https:\/\/yoast.com\/product\/yoast-seo-wordpress\/ -->\n<title>Gas. Trabucco: &quot;Ecco perch\u00e9 aumenta e quali soluzioni adottare&quot; - Bellunopress - Dolomiti<\/title>\n<meta name=\"robots\" content=\"index, follow, max-snippet:-1, max-image-preview:large, max-video-preview:-1\" \/>\n<link rel=\"canonical\" href=\"https:\/\/www.bellunopress.it\/fr\/2022\/10\/05\/gas-trabucco-ecco-perche-aumenta-e-quali-soluzioni-adottare\/\" \/>\n<meta property=\"og:locale\" content=\"fr_FR\" \/>\n<meta property=\"og:type\" content=\"article\" \/>\n<meta property=\"og:title\" content=\"Gas. Trabucco: &quot;Ecco perch\u00e9 aumenta e quali soluzioni adottare&quot; - Bellunopress - Dolomiti\" \/>\n<meta property=\"og:description\" content=\"Il gas aumenta perch\u00e9 gli speculatori comprano e rivendono i &#8220;future&#8221;, ossia quei contratti medianti i quali ci si impegna ad acquistare una certa quantit\u00e0 di metri cubi di una materia prima in una data precisa ed ad un certo prezzo senza arrivare mai al momento dell\u2019acquisto vero e proprio della stessa. Approfittando, dunque, delle [&hellip;]\" \/>\n<meta property=\"og:url\" content=\"https:\/\/www.bellunopress.it\/fr\/2022\/10\/05\/gas-trabucco-ecco-perche-aumenta-e-quali-soluzioni-adottare\/\" \/>\n<meta property=\"og:site_name\" content=\"Bellunopress - Dolomiti\" \/>\n<meta property=\"article:publisher\" content=\"https:\/\/www.facebook.com\/profile.php?id=100008943462799\" \/>\n<meta property=\"article:published_time\" content=\"2022-10-05T16:13:30+00:00\" \/>\n<meta property=\"og:image\" content=\"https:\/\/www.bellunopress.it\/wp-content\/uploads\/2022\/10\/gas.jpg\" \/>\n\t<meta property=\"og:image:width\" content=\"619\" \/>\n\t<meta property=\"og:image:height\" content=\"423\" \/>\n\t<meta property=\"og:image:type\" content=\"image\/jpeg\" \/>\n<meta name=\"author\" content=\"redazione\" \/>\n<meta name=\"twitter:card\" content=\"summary_large_image\" \/>\n<meta name=\"twitter:creator\" content=\"@bellunopress\" \/>\n<meta name=\"twitter:site\" content=\"@bellunopress\" \/>\n<meta name=\"twitter:label1\" content=\"\u00c9crit par\" \/>\n\t<meta name=\"twitter:data1\" content=\"redazione\" \/>\n\t<meta name=\"twitter:label2\" content=\"Dur\u00e9e de lecture estim\u00e9e\" \/>\n\t<meta name=\"twitter:data2\" content=\"3 minutes\" \/>\n<script type=\"application\/ld+json\" class=\"yoast-schema-graph\">{\"@context\":\"https:\\\/\\\/schema.org\",\"@graph\":[{\"@type\":\"Article\",\"@id\":\"https:\\\/\\\/www.bellunopress.it\\\/2022\\\/10\\\/05\\\/gas-trabucco-ecco-perche-aumenta-e-quali-soluzioni-adottare\\\/#article\",\"isPartOf\":{\"@id\":\"https:\\\/\\\/www.bellunopress.it\\\/2022\\\/10\\\/05\\\/gas-trabucco-ecco-perche-aumenta-e-quali-soluzioni-adottare\\\/\"},\"author\":{\"name\":\"redazione\",\"@id\":\"https:\\\/\\\/www.bellunopress.it\\\/#\\\/schema\\\/person\\\/79bb06722b37ece1c03d3e94beb30d73\"},\"headline\":\"Gas. Trabucco: &#8220;Ecco perch\u00e9 aumenta e quali soluzioni adottare&#8221;\",\"datePublished\":\"2022-10-05T16:13:30+00:00\",\"mainEntityOfPage\":{\"@id\":\"https:\\\/\\\/www.bellunopress.it\\\/2022\\\/10\\\/05\\\/gas-trabucco-ecco-perche-aumenta-e-quali-soluzioni-adottare\\\/\"},\"wordCount\":382,\"publisher\":{\"@id\":\"https:\\\/\\\/www.bellunopress.it\\\/#organization\"},\"image\":{\"@id\":\"https:\\\/\\\/www.bellunopress.it\\\/2022\\\/10\\\/05\\\/gas-trabucco-ecco-perche-aumenta-e-quali-soluzioni-adottare\\\/#primaryimage\"},\"thumbnailUrl\":\"https:\\\/\\\/www.bellunopress.it\\\/wp-content\\\/uploads\\\/2022\\\/10\\\/gas.jpg\",\"articleSection\":[\"Lavoro, Economia, Turismo\"],\"inLanguage\":\"fr-FR\"},{\"@type\":\"WebPage\",\"@id\":\"https:\\\/\\\/www.bellunopress.it\\\/2022\\\/10\\\/05\\\/gas-trabucco-ecco-perche-aumenta-e-quali-soluzioni-adottare\\\/\",\"url\":\"https:\\\/\\\/www.bellunopress.it\\\/2022\\\/10\\\/05\\\/gas-trabucco-ecco-perche-aumenta-e-quali-soluzioni-adottare\\\/\",\"name\":\"Gas. Trabucco: \\\"Ecco perch\u00e9 aumenta e quali soluzioni adottare\\\" - Bellunopress - Dolomiti\",\"isPartOf\":{\"@id\":\"https:\\\/\\\/www.bellunopress.it\\\/#website\"},\"primaryImageOfPage\":{\"@id\":\"https:\\\/\\\/www.bellunopress.it\\\/2022\\\/10\\\/05\\\/gas-trabucco-ecco-perche-aumenta-e-quali-soluzioni-adottare\\\/#primaryimage\"},\"image\":{\"@id\":\"https:\\\/\\\/www.bellunopress.it\\\/2022\\\/10\\\/05\\\/gas-trabucco-ecco-perche-aumenta-e-quali-soluzioni-adottare\\\/#primaryimage\"},\"thumbnailUrl\":\"https:\\\/\\\/www.bellunopress.it\\\/wp-content\\\/uploads\\\/2022\\\/10\\\/gas.jpg\",\"datePublished\":\"2022-10-05T16:13:30+00:00\",\"breadcrumb\":{\"@id\":\"https:\\\/\\\/www.bellunopress.it\\\/2022\\\/10\\\/05\\\/gas-trabucco-ecco-perche-aumenta-e-quali-soluzioni-adottare\\\/#breadcrumb\"},\"inLanguage\":\"fr-FR\",\"potentialAction\":[{\"@type\":\"ReadAction\",\"target\":[\"https:\\\/\\\/www.bellunopress.it\\\/2022\\\/10\\\/05\\\/gas-trabucco-ecco-perche-aumenta-e-quali-soluzioni-adottare\\\/\"]}]},{\"@type\":\"ImageObject\",\"inLanguage\":\"fr-FR\",\"@id\":\"https:\\\/\\\/www.bellunopress.it\\\/2022\\\/10\\\/05\\\/gas-trabucco-ecco-perche-aumenta-e-quali-soluzioni-adottare\\\/#primaryimage\",\"url\":\"https:\\\/\\\/www.bellunopress.it\\\/wp-content\\\/uploads\\\/2022\\\/10\\\/gas.jpg\",\"contentUrl\":\"https:\\\/\\\/www.bellunopress.it\\\/wp-content\\\/uploads\\\/2022\\\/10\\\/gas.jpg\",\"width\":619,\"height\":423},{\"@type\":\"BreadcrumbList\",\"@id\":\"https:\\\/\\\/www.bellunopress.it\\\/2022\\\/10\\\/05\\\/gas-trabucco-ecco-perche-aumenta-e-quali-soluzioni-adottare\\\/#breadcrumb\",\"itemListElement\":[{\"@type\":\"ListItem\",\"position\":1,\"name\":\"Home\",\"item\":\"https:\\\/\\\/www.bellunopress.it\\\/\"},{\"@type\":\"ListItem\",\"position\":2,\"name\":\"Gas. Trabucco: &#8220;Ecco perch\u00e9 aumenta e quali soluzioni adottare&#8221;\"}]},{\"@type\":\"WebSite\",\"@id\":\"https:\\\/\\\/www.bellunopress.it\\\/#website\",\"url\":\"https:\\\/\\\/www.bellunopress.it\\\/\",\"name\":\"Bellunopress - Dolomiti\",\"description\":\"e-mail: redazione@bellunopress.it\",\"publisher\":{\"@id\":\"https:\\\/\\\/www.bellunopress.it\\\/#organization\"},\"potentialAction\":[{\"@type\":\"SearchAction\",\"target\":{\"@type\":\"EntryPoint\",\"urlTemplate\":\"https:\\\/\\\/www.bellunopress.it\\\/?s={search_term_string}\"},\"query-input\":{\"@type\":\"PropertyValueSpecification\",\"valueRequired\":true,\"valueName\":\"search_term_string\"}}],\"inLanguage\":\"fr-FR\"},{\"@type\":\"Organization\",\"@id\":\"https:\\\/\\\/www.bellunopress.it\\\/#organization\",\"name\":\"Bellunopress\",\"url\":\"https:\\\/\\\/www.bellunopress.it\\\/\",\"logo\":{\"@type\":\"ImageObject\",\"inLanguage\":\"fr-FR\",\"@id\":\"https:\\\/\\\/www.bellunopress.it\\\/#\\\/schema\\\/logo\\\/image\\\/\",\"url\":\"https:\\\/\\\/www.bellunopress.it\\\/wp-content\\\/uploads\\\/2011\\\/05\\\/cropped-logo-bellunopress-.jpg\",\"contentUrl\":\"https:\\\/\\\/www.bellunopress.it\\\/wp-content\\\/uploads\\\/2011\\\/05\\\/cropped-logo-bellunopress-.jpg\",\"width\":512,\"height\":512,\"caption\":\"Bellunopress\"},\"image\":{\"@id\":\"https:\\\/\\\/www.bellunopress.it\\\/#\\\/schema\\\/logo\\\/image\\\/\"},\"sameAs\":[\"https:\\\/\\\/www.facebook.com\\\/profile.php?id=100008943462799\",\"https:\\\/\\\/x.com\\\/bellunopress\",\"https:\\\/\\\/www.linkedin.com\\\/hp\\\/?dnr=JBzUWaJfMUw8vbXJJ2tVW5-I3jZKvC4wsoxE&amp;amp;amp;amp;amp;amp;trk=nav_responsive_tab_home\",\"https:\\\/\\\/www.youtube.com\\\/channel\\\/UCxL0wu1uN0_3_7hGG0306cw\"]},{\"@type\":\"Person\",\"@id\":\"https:\\\/\\\/www.bellunopress.it\\\/#\\\/schema\\\/person\\\/79bb06722b37ece1c03d3e94beb30d73\",\"name\":\"redazione\",\"image\":{\"@type\":\"ImageObject\",\"inLanguage\":\"fr-FR\",\"@id\":\"https:\\\/\\\/secure.gravatar.com\\\/avatar\\\/37d968a2e67a6fd04c169c4bdef102d0bc5d31b2546345219e348575eb80e9a0?s=96&d=mm&r=g\",\"url\":\"https:\\\/\\\/secure.gravatar.com\\\/avatar\\\/37d968a2e67a6fd04c169c4bdef102d0bc5d31b2546345219e348575eb80e9a0?s=96&d=mm&r=g\",\"contentUrl\":\"https:\\\/\\\/secure.gravatar.com\\\/avatar\\\/37d968a2e67a6fd04c169c4bdef102d0bc5d31b2546345219e348575eb80e9a0?s=96&d=mm&r=g\",\"caption\":\"redazione\"},\"sameAs\":[\"http:\\\/\\\/www.bellunopress.it\",\"https:\\\/\\\/x.com\\\/bellunopress\"],\"url\":\"https:\\\/\\\/www.bellunopress.it\\\/fr\\\/author\\\/redazione\\\/\"}]}<\/script>\n<!-- \/ Yoast SEO plugin. -->","yoast_head_json":{"title":"Gas. Trabucco: \"Ecco perch\u00e9 aumenta e quali soluzioni adottare\" - Bellunopress - Dolomiti","robots":{"index":"index","follow":"follow","max-snippet":"max-snippet:-1","max-image-preview":"max-image-preview:large","max-video-preview":"max-video-preview:-1"},"canonical":"https:\/\/www.bellunopress.it\/fr\/2022\/10\/05\/gas-trabucco-ecco-perche-aumenta-e-quali-soluzioni-adottare\/","og_locale":"fr_FR","og_type":"article","og_title":"Gas. Trabucco: \"Ecco perch\u00e9 aumenta e quali soluzioni adottare\" - Bellunopress - Dolomiti","og_description":"Il gas aumenta perch\u00e9 gli speculatori comprano e rivendono i &#8220;future&#8221;, ossia quei contratti medianti i quali ci si impegna ad acquistare una certa quantit\u00e0 di metri cubi di una materia prima in una data precisa ed ad un certo prezzo senza arrivare mai al momento dell\u2019acquisto vero e proprio della stessa. Approfittando, dunque, delle [&hellip;]","og_url":"https:\/\/www.bellunopress.it\/fr\/2022\/10\/05\/gas-trabucco-ecco-perche-aumenta-e-quali-soluzioni-adottare\/","og_site_name":"Bellunopress - Dolomiti","article_publisher":"https:\/\/www.facebook.com\/profile.php?id=100008943462799","article_published_time":"2022-10-05T16:13:30+00:00","og_image":[{"width":619,"height":423,"url":"https:\/\/www.bellunopress.it\/wp-content\/uploads\/2022\/10\/gas.jpg","type":"image\/jpeg"}],"author":"redazione","twitter_card":"summary_large_image","twitter_creator":"@bellunopress","twitter_site":"@bellunopress","twitter_misc":{"\u00c9crit par":"redazione","Dur\u00e9e de lecture estim\u00e9e":"3 minutes"},"schema":{"@context":"https:\/\/schema.org","@graph":[{"@type":"Article","@id":"https:\/\/www.bellunopress.it\/2022\/10\/05\/gas-trabucco-ecco-perche-aumenta-e-quali-soluzioni-adottare\/#article","isPartOf":{"@id":"https:\/\/www.bellunopress.it\/2022\/10\/05\/gas-trabucco-ecco-perche-aumenta-e-quali-soluzioni-adottare\/"},"author":{"name":"redazione","@id":"https:\/\/www.bellunopress.it\/#\/schema\/person\/79bb06722b37ece1c03d3e94beb30d73"},"headline":"Gas. Trabucco: &#8220;Ecco perch\u00e9 aumenta e quali soluzioni adottare&#8221;","datePublished":"2022-10-05T16:13:30+00:00","mainEntityOfPage":{"@id":"https:\/\/www.bellunopress.it\/2022\/10\/05\/gas-trabucco-ecco-perche-aumenta-e-quali-soluzioni-adottare\/"},"wordCount":382,"publisher":{"@id":"https:\/\/www.bellunopress.it\/#organization"},"image":{"@id":"https:\/\/www.bellunopress.it\/2022\/10\/05\/gas-trabucco-ecco-perche-aumenta-e-quali-soluzioni-adottare\/#primaryimage"},"thumbnailUrl":"https:\/\/www.bellunopress.it\/wp-content\/uploads\/2022\/10\/gas.jpg","articleSection":["Lavoro, Economia, Turismo"],"inLanguage":"fr-FR"},{"@type":"WebPage","@id":"https:\/\/www.bellunopress.it\/2022\/10\/05\/gas-trabucco-ecco-perche-aumenta-e-quali-soluzioni-adottare\/","url":"https:\/\/www.bellunopress.it\/2022\/10\/05\/gas-trabucco-ecco-perche-aumenta-e-quali-soluzioni-adottare\/","name":"Gas. Trabucco: \"Ecco perch\u00e9 aumenta e quali soluzioni adottare\" - Bellunopress - Dolomiti","isPartOf":{"@id":"https:\/\/www.bellunopress.it\/#website"},"primaryImageOfPage":{"@id":"https:\/\/www.bellunopress.it\/2022\/10\/05\/gas-trabucco-ecco-perche-aumenta-e-quali-soluzioni-adottare\/#primaryimage"},"image":{"@id":"https:\/\/www.bellunopress.it\/2022\/10\/05\/gas-trabucco-ecco-perche-aumenta-e-quali-soluzioni-adottare\/#primaryimage"},"thumbnailUrl":"https:\/\/www.bellunopress.it\/wp-content\/uploads\/2022\/10\/gas.jpg","datePublished":"2022-10-05T16:13:30+00:00","breadcrumb":{"@id":"https:\/\/www.bellunopress.it\/2022\/10\/05\/gas-trabucco-ecco-perche-aumenta-e-quali-soluzioni-adottare\/#breadcrumb"},"inLanguage":"fr-FR","potentialAction":[{"@type":"ReadAction","target":["https:\/\/www.bellunopress.it\/2022\/10\/05\/gas-trabucco-ecco-perche-aumenta-e-quali-soluzioni-adottare\/"]}]},{"@type":"ImageObject","inLanguage":"fr-FR","@id":"https:\/\/www.bellunopress.it\/2022\/10\/05\/gas-trabucco-ecco-perche-aumenta-e-quali-soluzioni-adottare\/#primaryimage","url":"https:\/\/www.bellunopress.it\/wp-content\/uploads\/2022\/10\/gas.jpg","contentUrl":"https:\/\/www.bellunopress.it\/wp-content\/uploads\/2022\/10\/gas.jpg","width":619,"height":423},{"@type":"BreadcrumbList","@id":"https:\/\/www.bellunopress.it\/2022\/10\/05\/gas-trabucco-ecco-perche-aumenta-e-quali-soluzioni-adottare\/#breadcrumb","itemListElement":[{"@type":"ListItem","position":1,"name":"Home","item":"https:\/\/www.bellunopress.it\/"},{"@type":"ListItem","position":2,"name":"Gas. Trabucco: &#8220;Ecco perch\u00e9 aumenta e quali soluzioni adottare&#8221;"}]},{"@type":"WebSite","@id":"https:\/\/www.bellunopress.it\/#website","url":"https:\/\/www.bellunopress.it\/","name":"Bellunopress - Dolomiti","description":"e-mail: redazione@bellunopress.it","publisher":{"@id":"https:\/\/www.bellunopress.it\/#organization"},"potentialAction":[{"@type":"SearchAction","target":{"@type":"EntryPoint","urlTemplate":"https:\/\/www.bellunopress.it\/?s={search_term_string}"},"query-input":{"@type":"PropertyValueSpecification","valueRequired":true,"valueName":"search_term_string"}}],"inLanguage":"fr-FR"},{"@type":"Organization","@id":"https:\/\/www.bellunopress.it\/#organization","name":"Bellunopress","url":"https:\/\/www.bellunopress.it\/","logo":{"@type":"ImageObject","inLanguage":"fr-FR","@id":"https:\/\/www.bellunopress.it\/#\/schema\/logo\/image\/","url":"https:\/\/www.bellunopress.it\/wp-content\/uploads\/2011\/05\/cropped-logo-bellunopress-.jpg","contentUrl":"https:\/\/www.bellunopress.it\/wp-content\/uploads\/2011\/05\/cropped-logo-bellunopress-.jpg","width":512,"height":512,"caption":"Bellunopress"},"image":{"@id":"https:\/\/www.bellunopress.it\/#\/schema\/logo\/image\/"},"sameAs":["https:\/\/www.facebook.com\/profile.php?id=100008943462799","https:\/\/x.com\/bellunopress","https:\/\/www.linkedin.com\/hp\/?dnr=JBzUWaJfMUw8vbXJJ2tVW5-I3jZKvC4wsoxE&amp;amp;amp;amp;amp;amp;trk=nav_responsive_tab_home","https:\/\/www.youtube.com\/channel\/UCxL0wu1uN0_3_7hGG0306cw"]},{"@type":"Person","@id":"https:\/\/www.bellunopress.it\/#\/schema\/person\/79bb06722b37ece1c03d3e94beb30d73","name":"r\u00e9daction","image":{"@type":"ImageObject","inLanguage":"fr-FR","@id":"https:\/\/secure.gravatar.com\/avatar\/37d968a2e67a6fd04c169c4bdef102d0bc5d31b2546345219e348575eb80e9a0?s=96&d=mm&r=g","url":"https:\/\/secure.gravatar.com\/avatar\/37d968a2e67a6fd04c169c4bdef102d0bc5d31b2546345219e348575eb80e9a0?s=96&d=mm&r=g","contentUrl":"https:\/\/secure.gravatar.com\/avatar\/37d968a2e67a6fd04c169c4bdef102d0bc5d31b2546345219e348575eb80e9a0?s=96&d=mm&r=g","caption":"redazione"},"sameAs":["http:\/\/www.bellunopress.it","https:\/\/x.com\/bellunopress"],"url":"https:\/\/www.bellunopress.it\/fr\/author\/redazione\/"}]}},"_links":{"self":[{"href":"https:\/\/www.bellunopress.it\/fr\/wp-json\/wp\/v2\/posts\/136797","targetHints":{"allow":["GET"]}}],"collection":[{"href":"https:\/\/www.bellunopress.it\/fr\/wp-json\/wp\/v2\/posts"}],"about":[{"href":"https:\/\/www.bellunopress.it\/fr\/wp-json\/wp\/v2\/types\/post"}],"author":[{"embeddable":true,"href":"https:\/\/www.bellunopress.it\/fr\/wp-json\/wp\/v2\/users\/2"}],"replies":[{"embeddable":true,"href":"https:\/\/www.bellunopress.it\/fr\/wp-json\/wp\/v2\/comments?post=136797"}],"version-history":[{"count":1,"href":"https:\/\/www.bellunopress.it\/fr\/wp-json\/wp\/v2\/posts\/136797\/revisions"}],"predecessor-version":[{"id":136799,"href":"https:\/\/www.bellunopress.it\/fr\/wp-json\/wp\/v2\/posts\/136797\/revisions\/136799"}],"wp:featuredmedia":[{"embeddable":true,"href":"https:\/\/www.bellunopress.it\/fr\/wp-json\/wp\/v2\/media\/136798"}],"wp:attachment":[{"href":"https:\/\/www.bellunopress.it\/fr\/wp-json\/wp\/v2\/media?parent=136797"}],"wp:term":[{"taxonomy":"category","embeddable":true,"href":"https:\/\/www.bellunopress.it\/fr\/wp-json\/wp\/v2\/categories?post=136797"},{"taxonomy":"post_tag","embeddable":true,"href":"https:\/\/www.bellunopress.it\/fr\/wp-json\/wp\/v2\/tags?post=136797"}],"curies":[{"name":"wp","href":"https:\/\/api.w.org\/{rel}","templated":true}]}}