{"id":136784,"date":"2022-10-05T11:16:14","date_gmt":"2022-10-05T09:16:14","guid":{"rendered":"https:\/\/www.bellunopress.it\/?p=136784"},"modified":"2022-10-05T11:16:14","modified_gmt":"2022-10-05T09:16:14","slug":"il-salone-bello-e-bella-di-paiane-e-certificato-secondo-in-italia-in-qualita","status":"publish","type":"post","link":"https:\/\/www.bellunopress.it\/fr\/2022\/10\/05\/il-salone-bello-e-bella-di-paiane-e-certificato-secondo-in-italia-in-qualita\/","title":{"rendered":"Il salone &#8220;Bello e Bella&#8221; di Paiane \u00e8 certificato secondo in Italia in qualit\u00e0"},"content":{"rendered":"<p><img loading=\"lazy\" decoding=\"async\" class=\"alignleft size-full wp-image-136785\" src=\"https:\/\/www.bellunopress.it\/wp-content\/uploads\/2022\/10\/Salone-Bello-e-Bella-Paiane-2-in-qualita_edited.jpg\" alt=\"Donatella De Col\" width=\"1000\" height=\"942\" srcset=\"https:\/\/www.bellunopress.it\/wp-content\/uploads\/2022\/10\/Salone-Bello-e-Bella-Paiane-2-in-qualita_edited.jpg 1000w, https:\/\/www.bellunopress.it\/wp-content\/uploads\/2022\/10\/Salone-Bello-e-Bella-Paiane-2-in-qualita_edited-500x471.jpg 500w, https:\/\/www.bellunopress.it\/wp-content\/uploads\/2022\/10\/Salone-Bello-e-Bella-Paiane-2-in-qualita_edited-696x656.jpg 696w, https:\/\/www.bellunopress.it\/wp-content\/uploads\/2022\/10\/Salone-Bello-e-Bella-Paiane-2-in-qualita_edited-446x420.jpg 446w\" sizes=\"auto, (max-width: 1000px) 100vw, 1000px\" \/>C&#8217;\u00e8 un&#8217;azienda d&#8217;eccellenza nel Bellunese. E, in particolare, nel territorio comunale di Ponte nelle Alpi: la &#8220;Bello e Bella&#8221; di Paiane. Il salone da parrucchiera ed estetista di Donatella De Col \u00e8 ormai conosciuto ben oltre i confini provinciali. Basti pensare che, a inizio settimana, Donatella e il suo staff arricchito da dieci persone &#8211; ognuna con le proprie competenze e professionalit\u00e0 &#8211; sono state invitate in Umbria: al Castello di Solfagnano, dove hanno ricevuto la targa che attesta &#8220;Bello e Bella&#8221; come un salone di qualit\u00e0, certificato Monacelli Italy.<\/p>\n<p>Quello ottenuto dalla realt\u00e0 di Paiane \u00e8 il secondo punteggio pi\u00f9 alto su scala nazionale. \u00abCredo che l&#8217;importante traguardo &#8211; afferma De Col &#8211; dia lustro non solo a noi come salone, ma a tutta la comunit\u00e0\u00bb.<\/p>\n<p>Cosa significa essere un salone certificato? Lo spiega l&#8217;imprenditrice: \u00abUn salone sceglie in primis di esser giudicato da un organo competente quale la DNV, che garantisce per proprio conto alcuni aspetti di rilievo\u00bb. Per esempio, la qualit\u00e0 dei servizi, dei prodotti, dei protocolli, di igiene, etica e della formazione: \u00ab\u00c8 uno strumento potente, perch\u00e9 porta un salone ad evolversi, a svilupparsi, a migliorarsi e a puntare verso l&#8217;eccellenza\u00bb.<\/p>\n<p>Entrando nello specifico, il salone \u00e8 stato riconosciuto come &#8220;5 Stelle Plus Spira Mirabilis&#8221;, con il punteggio di 7.15. Insomma, a Paiane si crea bellezza. \u00abComplimenti a Donatella De Col e all&#8217;intero staff &#8211; afferma il sindaco Paolo Vendramini -. Un simile riconoscimento permette di far conoscere Ponte nelle Alpi per le sue eccellenze e ci riempie di orgoglio\u00bb.<\/p>","protected":false},"excerpt":{"rendered":"<p>C&#8217;\u00e8 un&#8217;azienda d&#8217;eccellenza nel Bellunese. E, in particolare, nel territorio comunale di Ponte nelle Alpi: la &#8220;Bello e Bella&#8221; di Paiane. Il salone da parrucchiera ed estetista di Donatella De Col \u00e8 ormai conosciuto ben oltre i confini provinciali. Basti pensare che, a inizio settimana, Donatella e il suo staff arricchito da dieci persone &#8211; [&hellip;]<\/p>\n","protected":false},"author":2,"featured_media":136785,"comment_status":"closed","ping_status":"open","sticky":false,"template":"","format":"standard","meta":{"footnotes":""},"categories":[36,26],"tags":[],"class_list":["post-136784","post","type-post","status-publish","format-standard","has-post-thumbnail","category-lavoro-economia","category-prima-pagina"],"yoast_head":"<!-- This site is optimized with the Yoast SEO plugin v28.4 - https:\/\/yoast.com\/product\/yoast-seo-wordpress\/ -->\n<title>Il salone &quot;Bello e Bella&quot; di Paiane \u00e8 certificato secondo in Italia in qualit\u00e0 - Bellunopress - Dolomiti<\/title>\n<meta name=\"robots\" content=\"index, follow, max-snippet:-1, max-image-preview:large, max-video-preview:-1\" \/>\n<link rel=\"canonical\" href=\"https:\/\/www.bellunopress.it\/fr\/2022\/10\/05\/il-salone-bello-e-bella-di-paiane-e-certificato-secondo-in-italia-in-qualita\/\" \/>\n<meta property=\"og:locale\" content=\"fr_FR\" \/>\n<meta property=\"og:type\" content=\"article\" \/>\n<meta property=\"og:title\" content=\"Il salone &quot;Bello e Bella&quot; di Paiane \u00e8 certificato secondo in Italia in qualit\u00e0 - Bellunopress - Dolomiti\" \/>\n<meta property=\"og:description\" content=\"C&#8217;\u00e8 un&#8217;azienda d&#8217;eccellenza nel Bellunese. E, in particolare, nel territorio comunale di Ponte nelle Alpi: la &#8220;Bello e Bella&#8221; di Paiane. Il salone da parrucchiera ed estetista di Donatella De Col \u00e8 ormai conosciuto ben oltre i confini provinciali. Basti pensare che, a inizio settimana, Donatella e il suo staff arricchito da dieci persone &#8211; [&hellip;]\" \/>\n<meta property=\"og:url\" content=\"https:\/\/www.bellunopress.it\/fr\/2022\/10\/05\/il-salone-bello-e-bella-di-paiane-e-certificato-secondo-in-italia-in-qualita\/\" \/>\n<meta property=\"og:site_name\" content=\"Bellunopress - Dolomiti\" \/>\n<meta property=\"article:publisher\" content=\"https:\/\/www.facebook.com\/profile.php?id=100008943462799\" \/>\n<meta property=\"article:published_time\" content=\"2022-10-05T09:16:14+00:00\" \/>\n<meta property=\"og:image\" content=\"https:\/\/www.bellunopress.it\/wp-content\/uploads\/2022\/10\/Salone-Bello-e-Bella-Paiane-2-in-qualita_edited.jpg\" \/>\n\t<meta property=\"og:image:width\" content=\"1000\" \/>\n\t<meta property=\"og:image:height\" content=\"942\" \/>\n\t<meta property=\"og:image:type\" content=\"image\/jpeg\" \/>\n<meta name=\"author\" content=\"redazione\" \/>\n<meta name=\"twitter:card\" content=\"summary_large_image\" \/>\n<meta name=\"twitter:creator\" content=\"@bellunopress\" \/>\n<meta name=\"twitter:site\" content=\"@bellunopress\" \/>\n<meta name=\"twitter:label1\" content=\"\u00c9crit par\" \/>\n\t<meta name=\"twitter:data1\" content=\"redazione\" \/>\n\t<meta name=\"twitter:label2\" content=\"Dur\u00e9e de lecture estim\u00e9e\" \/>\n\t<meta name=\"twitter:data2\" content=\"2 minutes\" \/>\n<script type=\"application\/ld+json\" class=\"yoast-schema-graph\">{\"@context\":\"https:\\\/\\\/schema.org\",\"@graph\":[{\"@type\":\"Article\",\"@id\":\"https:\\\/\\\/www.bellunopress.it\\\/2022\\\/10\\\/05\\\/il-salone-bello-e-bella-di-paiane-e-certificato-secondo-in-italia-in-qualita\\\/#article\",\"isPartOf\":{\"@id\":\"https:\\\/\\\/www.bellunopress.it\\\/2022\\\/10\\\/05\\\/il-salone-bello-e-bella-di-paiane-e-certificato-secondo-in-italia-in-qualita\\\/\"},\"author\":{\"name\":\"redazione\",\"@id\":\"https:\\\/\\\/www.bellunopress.it\\\/#\\\/schema\\\/person\\\/79bb06722b37ece1c03d3e94beb30d73\"},\"headline\":\"Il salone &#8220;Bello e Bella&#8221; di Paiane \u00e8 certificato secondo in Italia in qualit\u00e0\",\"datePublished\":\"2022-10-05T09:16:14+00:00\",\"mainEntityOfPage\":{\"@id\":\"https:\\\/\\\/www.bellunopress.it\\\/2022\\\/10\\\/05\\\/il-salone-bello-e-bella-di-paiane-e-certificato-secondo-in-italia-in-qualita\\\/\"},\"wordCount\":267,\"publisher\":{\"@id\":\"https:\\\/\\\/www.bellunopress.it\\\/#organization\"},\"image\":{\"@id\":\"https:\\\/\\\/www.bellunopress.it\\\/2022\\\/10\\\/05\\\/il-salone-bello-e-bella-di-paiane-e-certificato-secondo-in-italia-in-qualita\\\/#primaryimage\"},\"thumbnailUrl\":\"https:\\\/\\\/www.bellunopress.it\\\/wp-content\\\/uploads\\\/2022\\\/10\\\/Salone-Bello-e-Bella-Paiane-2-in-qualita_edited.jpg\",\"articleSection\":[\"Lavoro, Economia, Turismo\",\"Prima Pagina\"],\"inLanguage\":\"fr-FR\"},{\"@type\":\"WebPage\",\"@id\":\"https:\\\/\\\/www.bellunopress.it\\\/2022\\\/10\\\/05\\\/il-salone-bello-e-bella-di-paiane-e-certificato-secondo-in-italia-in-qualita\\\/\",\"url\":\"https:\\\/\\\/www.bellunopress.it\\\/2022\\\/10\\\/05\\\/il-salone-bello-e-bella-di-paiane-e-certificato-secondo-in-italia-in-qualita\\\/\",\"name\":\"Il salone \\\"Bello e Bella\\\" di Paiane \u00e8 certificato secondo in Italia in qualit\u00e0 - Bellunopress - Dolomiti\",\"isPartOf\":{\"@id\":\"https:\\\/\\\/www.bellunopress.it\\\/#website\"},\"primaryImageOfPage\":{\"@id\":\"https:\\\/\\\/www.bellunopress.it\\\/2022\\\/10\\\/05\\\/il-salone-bello-e-bella-di-paiane-e-certificato-secondo-in-italia-in-qualita\\\/#primaryimage\"},\"image\":{\"@id\":\"https:\\\/\\\/www.bellunopress.it\\\/2022\\\/10\\\/05\\\/il-salone-bello-e-bella-di-paiane-e-certificato-secondo-in-italia-in-qualita\\\/#primaryimage\"},\"thumbnailUrl\":\"https:\\\/\\\/www.bellunopress.it\\\/wp-content\\\/uploads\\\/2022\\\/10\\\/Salone-Bello-e-Bella-Paiane-2-in-qualita_edited.jpg\",\"datePublished\":\"2022-10-05T09:16:14+00:00\",\"breadcrumb\":{\"@id\":\"https:\\\/\\\/www.bellunopress.it\\\/2022\\\/10\\\/05\\\/il-salone-bello-e-bella-di-paiane-e-certificato-secondo-in-italia-in-qualita\\\/#breadcrumb\"},\"inLanguage\":\"fr-FR\",\"potentialAction\":[{\"@type\":\"ReadAction\",\"target\":[\"https:\\\/\\\/www.bellunopress.it\\\/2022\\\/10\\\/05\\\/il-salone-bello-e-bella-di-paiane-e-certificato-secondo-in-italia-in-qualita\\\/\"]}]},{\"@type\":\"ImageObject\",\"inLanguage\":\"fr-FR\",\"@id\":\"https:\\\/\\\/www.bellunopress.it\\\/2022\\\/10\\\/05\\\/il-salone-bello-e-bella-di-paiane-e-certificato-secondo-in-italia-in-qualita\\\/#primaryimage\",\"url\":\"https:\\\/\\\/www.bellunopress.it\\\/wp-content\\\/uploads\\\/2022\\\/10\\\/Salone-Bello-e-Bella-Paiane-2-in-qualita_edited.jpg\",\"contentUrl\":\"https:\\\/\\\/www.bellunopress.it\\\/wp-content\\\/uploads\\\/2022\\\/10\\\/Salone-Bello-e-Bella-Paiane-2-in-qualita_edited.jpg\",\"width\":1000,\"height\":942,\"caption\":\"Donatella De Col\"},{\"@type\":\"BreadcrumbList\",\"@id\":\"https:\\\/\\\/www.bellunopress.it\\\/2022\\\/10\\\/05\\\/il-salone-bello-e-bella-di-paiane-e-certificato-secondo-in-italia-in-qualita\\\/#breadcrumb\",\"itemListElement\":[{\"@type\":\"ListItem\",\"position\":1,\"name\":\"Home\",\"item\":\"https:\\\/\\\/www.bellunopress.it\\\/\"},{\"@type\":\"ListItem\",\"position\":2,\"name\":\"Il salone &#8220;Bello e Bella&#8221; di Paiane \u00e8 certificato secondo in Italia in qualit\u00e0\"}]},{\"@type\":\"WebSite\",\"@id\":\"https:\\\/\\\/www.bellunopress.it\\\/#website\",\"url\":\"https:\\\/\\\/www.bellunopress.it\\\/\",\"name\":\"Bellunopress - Dolomiti\",\"description\":\"e-mail: redazione@bellunopress.it\",\"publisher\":{\"@id\":\"https:\\\/\\\/www.bellunopress.it\\\/#organization\"},\"potentialAction\":[{\"@type\":\"SearchAction\",\"target\":{\"@type\":\"EntryPoint\",\"urlTemplate\":\"https:\\\/\\\/www.bellunopress.it\\\/?s={search_term_string}\"},\"query-input\":{\"@type\":\"PropertyValueSpecification\",\"valueRequired\":true,\"valueName\":\"search_term_string\"}}],\"inLanguage\":\"fr-FR\"},{\"@type\":\"Organization\",\"@id\":\"https:\\\/\\\/www.bellunopress.it\\\/#organization\",\"name\":\"Bellunopress\",\"url\":\"https:\\\/\\\/www.bellunopress.it\\\/\",\"logo\":{\"@type\":\"ImageObject\",\"inLanguage\":\"fr-FR\",\"@id\":\"https:\\\/\\\/www.bellunopress.it\\\/#\\\/schema\\\/logo\\\/image\\\/\",\"url\":\"https:\\\/\\\/www.bellunopress.it\\\/wp-content\\\/uploads\\\/2011\\\/05\\\/cropped-logo-bellunopress-.jpg\",\"contentUrl\":\"https:\\\/\\\/www.bellunopress.it\\\/wp-content\\\/uploads\\\/2011\\\/05\\\/cropped-logo-bellunopress-.jpg\",\"width\":512,\"height\":512,\"caption\":\"Bellunopress\"},\"image\":{\"@id\":\"https:\\\/\\\/www.bellunopress.it\\\/#\\\/schema\\\/logo\\\/image\\\/\"},\"sameAs\":[\"https:\\\/\\\/www.facebook.com\\\/profile.php?id=100008943462799\",\"https:\\\/\\\/x.com\\\/bellunopress\",\"https:\\\/\\\/www.linkedin.com\\\/hp\\\/?dnr=JBzUWaJfMUw8vbXJJ2tVW5-I3jZKvC4wsoxE&amp;amp;amp;amp;amp;amp;trk=nav_responsive_tab_home\",\"https:\\\/\\\/www.youtube.com\\\/channel\\\/UCxL0wu1uN0_3_7hGG0306cw\"]},{\"@type\":\"Person\",\"@id\":\"https:\\\/\\\/www.bellunopress.it\\\/#\\\/schema\\\/person\\\/79bb06722b37ece1c03d3e94beb30d73\",\"name\":\"redazione\",\"image\":{\"@type\":\"ImageObject\",\"inLanguage\":\"fr-FR\",\"@id\":\"https:\\\/\\\/secure.gravatar.com\\\/avatar\\\/37d968a2e67a6fd04c169c4bdef102d0bc5d31b2546345219e348575eb80e9a0?s=96&d=mm&r=g\",\"url\":\"https:\\\/\\\/secure.gravatar.com\\\/avatar\\\/37d968a2e67a6fd04c169c4bdef102d0bc5d31b2546345219e348575eb80e9a0?s=96&d=mm&r=g\",\"contentUrl\":\"https:\\\/\\\/secure.gravatar.com\\\/avatar\\\/37d968a2e67a6fd04c169c4bdef102d0bc5d31b2546345219e348575eb80e9a0?s=96&d=mm&r=g\",\"caption\":\"redazione\"},\"sameAs\":[\"http:\\\/\\\/www.bellunopress.it\",\"https:\\\/\\\/x.com\\\/bellunopress\"],\"url\":\"https:\\\/\\\/www.bellunopress.it\\\/fr\\\/author\\\/redazione\\\/\"}]}<\/script>\n<!-- \/ Yoast SEO plugin. -->","yoast_head_json":{"title":"Il salone \"Bello e Bella\" di Paiane \u00e8 certificato secondo in Italia in qualit\u00e0 - Bellunopress - Dolomiti","robots":{"index":"index","follow":"follow","max-snippet":"max-snippet:-1","max-image-preview":"max-image-preview:large","max-video-preview":"max-video-preview:-1"},"canonical":"https:\/\/www.bellunopress.it\/fr\/2022\/10\/05\/il-salone-bello-e-bella-di-paiane-e-certificato-secondo-in-italia-in-qualita\/","og_locale":"fr_FR","og_type":"article","og_title":"Il salone \"Bello e Bella\" di Paiane \u00e8 certificato secondo in Italia in qualit\u00e0 - Bellunopress - Dolomiti","og_description":"C&#8217;\u00e8 un&#8217;azienda d&#8217;eccellenza nel Bellunese. E, in particolare, nel territorio comunale di Ponte nelle Alpi: la &#8220;Bello e Bella&#8221; di Paiane. Il salone da parrucchiera ed estetista di Donatella De Col \u00e8 ormai conosciuto ben oltre i confini provinciali. Basti pensare che, a inizio settimana, Donatella e il suo staff arricchito da dieci persone &#8211; [&hellip;]","og_url":"https:\/\/www.bellunopress.it\/fr\/2022\/10\/05\/il-salone-bello-e-bella-di-paiane-e-certificato-secondo-in-italia-in-qualita\/","og_site_name":"Bellunopress - Dolomiti","article_publisher":"https:\/\/www.facebook.com\/profile.php?id=100008943462799","article_published_time":"2022-10-05T09:16:14+00:00","og_image":[{"width":1000,"height":942,"url":"https:\/\/www.bellunopress.it\/wp-content\/uploads\/2022\/10\/Salone-Bello-e-Bella-Paiane-2-in-qualita_edited.jpg","type":"image\/jpeg"}],"author":"redazione","twitter_card":"summary_large_image","twitter_creator":"@bellunopress","twitter_site":"@bellunopress","twitter_misc":{"\u00c9crit par":"redazione","Dur\u00e9e de lecture estim\u00e9e":"2 minutes"},"schema":{"@context":"https:\/\/schema.org","@graph":[{"@type":"Article","@id":"https:\/\/www.bellunopress.it\/2022\/10\/05\/il-salone-bello-e-bella-di-paiane-e-certificato-secondo-in-italia-in-qualita\/#article","isPartOf":{"@id":"https:\/\/www.bellunopress.it\/2022\/10\/05\/il-salone-bello-e-bella-di-paiane-e-certificato-secondo-in-italia-in-qualita\/"},"author":{"name":"redazione","@id":"https:\/\/www.bellunopress.it\/#\/schema\/person\/79bb06722b37ece1c03d3e94beb30d73"},"headline":"Il salone &#8220;Bello e Bella&#8221; di Paiane \u00e8 certificato secondo in Italia in qualit\u00e0","datePublished":"2022-10-05T09:16:14+00:00","mainEntityOfPage":{"@id":"https:\/\/www.bellunopress.it\/2022\/10\/05\/il-salone-bello-e-bella-di-paiane-e-certificato-secondo-in-italia-in-qualita\/"},"wordCount":267,"publisher":{"@id":"https:\/\/www.bellunopress.it\/#organization"},"image":{"@id":"https:\/\/www.bellunopress.it\/2022\/10\/05\/il-salone-bello-e-bella-di-paiane-e-certificato-secondo-in-italia-in-qualita\/#primaryimage"},"thumbnailUrl":"https:\/\/www.bellunopress.it\/wp-content\/uploads\/2022\/10\/Salone-Bello-e-Bella-Paiane-2-in-qualita_edited.jpg","articleSection":["Lavoro, Economia, Turismo","Prima Pagina"],"inLanguage":"fr-FR"},{"@type":"WebPage","@id":"https:\/\/www.bellunopress.it\/2022\/10\/05\/il-salone-bello-e-bella-di-paiane-e-certificato-secondo-in-italia-in-qualita\/","url":"https:\/\/www.bellunopress.it\/2022\/10\/05\/il-salone-bello-e-bella-di-paiane-e-certificato-secondo-in-italia-in-qualita\/","name":"Il salone \"Bello e Bella\" di Paiane \u00e8 certificato secondo in Italia in qualit\u00e0 - Bellunopress - Dolomiti","isPartOf":{"@id":"https:\/\/www.bellunopress.it\/#website"},"primaryImageOfPage":{"@id":"https:\/\/www.bellunopress.it\/2022\/10\/05\/il-salone-bello-e-bella-di-paiane-e-certificato-secondo-in-italia-in-qualita\/#primaryimage"},"image":{"@id":"https:\/\/www.bellunopress.it\/2022\/10\/05\/il-salone-bello-e-bella-di-paiane-e-certificato-secondo-in-italia-in-qualita\/#primaryimage"},"thumbnailUrl":"https:\/\/www.bellunopress.it\/wp-content\/uploads\/2022\/10\/Salone-Bello-e-Bella-Paiane-2-in-qualita_edited.jpg","datePublished":"2022-10-05T09:16:14+00:00","breadcrumb":{"@id":"https:\/\/www.bellunopress.it\/2022\/10\/05\/il-salone-bello-e-bella-di-paiane-e-certificato-secondo-in-italia-in-qualita\/#breadcrumb"},"inLanguage":"fr-FR","potentialAction":[{"@type":"ReadAction","target":["https:\/\/www.bellunopress.it\/2022\/10\/05\/il-salone-bello-e-bella-di-paiane-e-certificato-secondo-in-italia-in-qualita\/"]}]},{"@type":"ImageObject","inLanguage":"fr-FR","@id":"https:\/\/www.bellunopress.it\/2022\/10\/05\/il-salone-bello-e-bella-di-paiane-e-certificato-secondo-in-italia-in-qualita\/#primaryimage","url":"https:\/\/www.bellunopress.it\/wp-content\/uploads\/2022\/10\/Salone-Bello-e-Bella-Paiane-2-in-qualita_edited.jpg","contentUrl":"https:\/\/www.bellunopress.it\/wp-content\/uploads\/2022\/10\/Salone-Bello-e-Bella-Paiane-2-in-qualita_edited.jpg","width":1000,"height":942,"caption":"Donatella De Col"},{"@type":"BreadcrumbList","@id":"https:\/\/www.bellunopress.it\/2022\/10\/05\/il-salone-bello-e-bella-di-paiane-e-certificato-secondo-in-italia-in-qualita\/#breadcrumb","itemListElement":[{"@type":"ListItem","position":1,"name":"Home","item":"https:\/\/www.bellunopress.it\/"},{"@type":"ListItem","position":2,"name":"Il salone &#8220;Bello e Bella&#8221; di Paiane \u00e8 certificato secondo in Italia in qualit\u00e0"}]},{"@type":"WebSite","@id":"https:\/\/www.bellunopress.it\/#website","url":"https:\/\/www.bellunopress.it\/","name":"Bellunopress - Dolomiti","description":"e-mail: redazione@bellunopress.it","publisher":{"@id":"https:\/\/www.bellunopress.it\/#organization"},"potentialAction":[{"@type":"SearchAction","target":{"@type":"EntryPoint","urlTemplate":"https:\/\/www.bellunopress.it\/?s={search_term_string}"},"query-input":{"@type":"PropertyValueSpecification","valueRequired":true,"valueName":"search_term_string"}}],"inLanguage":"fr-FR"},{"@type":"Organization","@id":"https:\/\/www.bellunopress.it\/#organization","name":"Bellunopress","url":"https:\/\/www.bellunopress.it\/","logo":{"@type":"ImageObject","inLanguage":"fr-FR","@id":"https:\/\/www.bellunopress.it\/#\/schema\/logo\/image\/","url":"https:\/\/www.bellunopress.it\/wp-content\/uploads\/2011\/05\/cropped-logo-bellunopress-.jpg","contentUrl":"https:\/\/www.bellunopress.it\/wp-content\/uploads\/2011\/05\/cropped-logo-bellunopress-.jpg","width":512,"height":512,"caption":"Bellunopress"},"image":{"@id":"https:\/\/www.bellunopress.it\/#\/schema\/logo\/image\/"},"sameAs":["https:\/\/www.facebook.com\/profile.php?id=100008943462799","https:\/\/x.com\/bellunopress","https:\/\/www.linkedin.com\/hp\/?dnr=JBzUWaJfMUw8vbXJJ2tVW5-I3jZKvC4wsoxE&amp;amp;amp;amp;amp;amp;trk=nav_responsive_tab_home","https:\/\/www.youtube.com\/channel\/UCxL0wu1uN0_3_7hGG0306cw"]},{"@type":"Person","@id":"https:\/\/www.bellunopress.it\/#\/schema\/person\/79bb06722b37ece1c03d3e94beb30d73","name":"r\u00e9daction","image":{"@type":"ImageObject","inLanguage":"fr-FR","@id":"https:\/\/secure.gravatar.com\/avatar\/37d968a2e67a6fd04c169c4bdef102d0bc5d31b2546345219e348575eb80e9a0?s=96&d=mm&r=g","url":"https:\/\/secure.gravatar.com\/avatar\/37d968a2e67a6fd04c169c4bdef102d0bc5d31b2546345219e348575eb80e9a0?s=96&d=mm&r=g","contentUrl":"https:\/\/secure.gravatar.com\/avatar\/37d968a2e67a6fd04c169c4bdef102d0bc5d31b2546345219e348575eb80e9a0?s=96&d=mm&r=g","caption":"redazione"},"sameAs":["http:\/\/www.bellunopress.it","https:\/\/x.com\/bellunopress"],"url":"https:\/\/www.bellunopress.it\/fr\/author\/redazione\/"}]}},"_links":{"self":[{"href":"https:\/\/www.bellunopress.it\/fr\/wp-json\/wp\/v2\/posts\/136784","targetHints":{"allow":["GET"]}}],"collection":[{"href":"https:\/\/www.bellunopress.it\/fr\/wp-json\/wp\/v2\/posts"}],"about":[{"href":"https:\/\/www.bellunopress.it\/fr\/wp-json\/wp\/v2\/types\/post"}],"author":[{"embeddable":true,"href":"https:\/\/www.bellunopress.it\/fr\/wp-json\/wp\/v2\/users\/2"}],"replies":[{"embeddable":true,"href":"https:\/\/www.bellunopress.it\/fr\/wp-json\/wp\/v2\/comments?post=136784"}],"version-history":[{"count":1,"href":"https:\/\/www.bellunopress.it\/fr\/wp-json\/wp\/v2\/posts\/136784\/revisions"}],"predecessor-version":[{"id":136786,"href":"https:\/\/www.bellunopress.it\/fr\/wp-json\/wp\/v2\/posts\/136784\/revisions\/136786"}],"wp:featuredmedia":[{"embeddable":true,"href":"https:\/\/www.bellunopress.it\/fr\/wp-json\/wp\/v2\/media\/136785"}],"wp:attachment":[{"href":"https:\/\/www.bellunopress.it\/fr\/wp-json\/wp\/v2\/media?parent=136784"}],"wp:term":[{"taxonomy":"category","embeddable":true,"href":"https:\/\/www.bellunopress.it\/fr\/wp-json\/wp\/v2\/categories?post=136784"},{"taxonomy":"post_tag","embeddable":true,"href":"https:\/\/www.bellunopress.it\/fr\/wp-json\/wp\/v2\/tags?post=136784"}],"curies":[{"name":"wp","href":"https:\/\/api.w.org\/{rel}","templated":true}]}}