{"id":136767,"date":"2022-10-03T12:10:11","date_gmt":"2022-10-03T10:10:11","guid":{"rendered":"https:\/\/www.bellunopress.it\/?p=136767"},"modified":"2022-10-03T17:14:02","modified_gmt":"2022-10-03T15:14:02","slug":"le-nonne-e-i-nonni-festeggiati-alle-scuole-dellinfanzia-di-piaia-e-ponte-nelle-alpi","status":"publish","type":"post","link":"https:\/\/www.bellunopress.it\/fr\/2022\/10\/03\/le-nonne-e-i-nonni-festeggiati-alle-scuole-dellinfanzia-di-piaia-e-ponte-nelle-alpi\/","title":{"rendered":"Le nonne e i nonni festeggiati alle scuole dell&#8217;infanzia di Piaia e Ponte nelle Alpi"},"content":{"rendered":"<figure id=\"attachment_126366\" aria-describedby=\"caption-attachment-126366\" style=\"width: 206px\" class=\"wp-caption alignleft\"><img loading=\"lazy\" decoding=\"async\" class=\"size-full wp-image-126366\" src=\"https:\/\/www.bellunopress.it\/wp-content\/uploads\/2021\/07\/Paolo-Vendramini_edited.jpg\" alt=\"\" width=\"206\" height=\"206\" \/><figcaption id=\"caption-attachment-126366\" class=\"wp-caption-text\">Paolo Vendramini &#8211; Sincaco di Ponte nelle Alpi<\/figcaption><\/figure>\n<p>Ponte nelle Alpi, 3 ottobre 2022 &#8211; Due bellissimi momenti per dire &#8220;grazie&#8221; alle nonne e ai nonni. Musica, canzoni e poesie a tema hanno coinvolto le scuole dell&#8217;infanzia di Piaia e Ponte nelle Alpi.<\/p>\n<p>L&#8217;80 per cento dei nonni, infatti, si occupa dei nipoti fino a quando compiono 13 anni. Sono figure che creano un welfare parallelo: qualche risparmio, una pensione, una piccola rendita spesso a disposizione dei figli e dei giovani.<\/p>\n<p>Attraverso il loro impegno, danno una straordinaria lezione di civismo alle nuove generazioni. E sono diventati un perno per le famiglie, soprattutto in periodi complessi come quello del Covid.<\/p>\n<p>Tornando all&#8217;attualit\u00e0, prima dell&#8217;inizio della festa hanno preso la parola le maestre fiduciarie dei due plessi, oltre alla dirigente dell&#8217;Istituto comprensivo, Orietta Isotton, al sindaco Paolo Vendramini e al presidente del Consiglio d&#8217;istituto Mirko Faneo. \u00abIl tempo vissuto nella relazione nonno-nipote \u00e8 importante nell&#8217;educazione &#8211; spiegano i promotori dell&#8217;iniziativa &#8211; e lascia una memoria in tutto l&#8217;arco della vita. Attraverso i nonni, I bambini sperimentano la dolcezza di essere accolti e rassicurati. Grazie ai nonni, i piccoli entrano in contatto con i valori del passato da cui provengono le loro radici\u00bb.<\/p>","protected":false},"excerpt":{"rendered":"<p>Ponte nelle Alpi, 3 ottobre 2022 &#8211; Due bellissimi momenti per dire &#8220;grazie&#8221; alle nonne e ai nonni. Musica, canzoni e poesie a tema hanno coinvolto le scuole dell&#8217;infanzia di Piaia e Ponte nelle Alpi. L&#8217;80 per cento dei nonni, infatti, si occupa dei nipoti fino a quando compiono 13 anni. Sono figure che creano [&hellip;]<\/p>\n","protected":false},"author":2,"featured_media":126366,"comment_status":"closed","ping_status":"open","sticky":false,"template":"","format":"standard","meta":{"footnotes":""},"categories":[8],"tags":[],"class_list":["post-136767","post","type-post","status-publish","format-standard","has-post-thumbnail","category-societa-istituzioni"],"yoast_head":"<!-- This site is optimized with the Yoast SEO plugin v28.4 - https:\/\/yoast.com\/product\/yoast-seo-wordpress\/ -->\n<title>Le nonne e i nonni festeggiati alle scuole dell&#039;infanzia di Piaia e Ponte nelle Alpi - Bellunopress - Dolomiti<\/title>\n<meta name=\"robots\" content=\"index, follow, max-snippet:-1, max-image-preview:large, max-video-preview:-1\" \/>\n<link rel=\"canonical\" href=\"https:\/\/www.bellunopress.it\/fr\/2022\/10\/03\/le-nonne-e-i-nonni-festeggiati-alle-scuole-dellinfanzia-di-piaia-e-ponte-nelle-alpi\/\" \/>\n<meta property=\"og:locale\" content=\"fr_FR\" \/>\n<meta property=\"og:type\" content=\"article\" \/>\n<meta property=\"og:title\" content=\"Le nonne e i nonni festeggiati alle scuole dell&#039;infanzia di Piaia e Ponte nelle Alpi - Bellunopress - Dolomiti\" \/>\n<meta property=\"og:description\" content=\"Ponte nelle Alpi, 3 ottobre 2022 &#8211; Due bellissimi momenti per dire &#8220;grazie&#8221; alle nonne e ai nonni. Musica, canzoni e poesie a tema hanno coinvolto le scuole dell&#8217;infanzia di Piaia e Ponte nelle Alpi. L&#8217;80 per cento dei nonni, infatti, si occupa dei nipoti fino a quando compiono 13 anni. Sono figure che creano [&hellip;]\" \/>\n<meta property=\"og:url\" content=\"https:\/\/www.bellunopress.it\/fr\/2022\/10\/03\/le-nonne-e-i-nonni-festeggiati-alle-scuole-dellinfanzia-di-piaia-e-ponte-nelle-alpi\/\" \/>\n<meta property=\"og:site_name\" content=\"Bellunopress - Dolomiti\" \/>\n<meta property=\"article:publisher\" content=\"https:\/\/www.facebook.com\/profile.php?id=100008943462799\" \/>\n<meta property=\"article:published_time\" content=\"2022-10-03T10:10:11+00:00\" \/>\n<meta property=\"article:modified_time\" content=\"2022-10-03T15:14:02+00:00\" \/>\n<meta property=\"og:image\" content=\"https:\/\/www.bellunopress.it\/wp-content\/uploads\/2021\/07\/Paolo-Vendramini_edited.jpg\" \/>\n\t<meta property=\"og:image:width\" content=\"206\" \/>\n\t<meta property=\"og:image:height\" content=\"206\" \/>\n\t<meta property=\"og:image:type\" content=\"image\/jpeg\" \/>\n<meta name=\"author\" content=\"redazione\" \/>\n<meta name=\"twitter:card\" content=\"summary_large_image\" \/>\n<meta name=\"twitter:creator\" content=\"@bellunopress\" \/>\n<meta name=\"twitter:site\" content=\"@bellunopress\" \/>\n<meta name=\"twitter:label1\" content=\"\u00c9crit par\" \/>\n\t<meta name=\"twitter:data1\" content=\"redazione\" \/>\n\t<meta name=\"twitter:label2\" content=\"Dur\u00e9e de lecture estim\u00e9e\" \/>\n\t<meta name=\"twitter:data2\" content=\"2 minutes\" \/>\n<script type=\"application\/ld+json\" class=\"yoast-schema-graph\">{\"@context\":\"https:\\\/\\\/schema.org\",\"@graph\":[{\"@type\":\"Article\",\"@id\":\"https:\\\/\\\/www.bellunopress.it\\\/2022\\\/10\\\/03\\\/le-nonne-e-i-nonni-festeggiati-alle-scuole-dellinfanzia-di-piaia-e-ponte-nelle-alpi\\\/#article\",\"isPartOf\":{\"@id\":\"https:\\\/\\\/www.bellunopress.it\\\/2022\\\/10\\\/03\\\/le-nonne-e-i-nonni-festeggiati-alle-scuole-dellinfanzia-di-piaia-e-ponte-nelle-alpi\\\/\"},\"author\":{\"name\":\"redazione\",\"@id\":\"https:\\\/\\\/www.bellunopress.it\\\/#\\\/schema\\\/person\\\/79bb06722b37ece1c03d3e94beb30d73\"},\"headline\":\"Le nonne e i nonni festeggiati alle scuole dell&#8217;infanzia di Piaia e Ponte nelle Alpi\",\"datePublished\":\"2022-10-03T10:10:11+00:00\",\"dateModified\":\"2022-10-03T15:14:02+00:00\",\"mainEntityOfPage\":{\"@id\":\"https:\\\/\\\/www.bellunopress.it\\\/2022\\\/10\\\/03\\\/le-nonne-e-i-nonni-festeggiati-alle-scuole-dellinfanzia-di-piaia-e-ponte-nelle-alpi\\\/\"},\"wordCount\":228,\"publisher\":{\"@id\":\"https:\\\/\\\/www.bellunopress.it\\\/#organization\"},\"image\":{\"@id\":\"https:\\\/\\\/www.bellunopress.it\\\/2022\\\/10\\\/03\\\/le-nonne-e-i-nonni-festeggiati-alle-scuole-dellinfanzia-di-piaia-e-ponte-nelle-alpi\\\/#primaryimage\"},\"thumbnailUrl\":\"https:\\\/\\\/www.bellunopress.it\\\/wp-content\\\/uploads\\\/2021\\\/07\\\/Paolo-Vendramini_edited.jpg\",\"articleSection\":[\"Societ\u00e0, Associazioni, Istituzioni\"],\"inLanguage\":\"fr-FR\"},{\"@type\":\"WebPage\",\"@id\":\"https:\\\/\\\/www.bellunopress.it\\\/2022\\\/10\\\/03\\\/le-nonne-e-i-nonni-festeggiati-alle-scuole-dellinfanzia-di-piaia-e-ponte-nelle-alpi\\\/\",\"url\":\"https:\\\/\\\/www.bellunopress.it\\\/2022\\\/10\\\/03\\\/le-nonne-e-i-nonni-festeggiati-alle-scuole-dellinfanzia-di-piaia-e-ponte-nelle-alpi\\\/\",\"name\":\"Le nonne e i nonni festeggiati alle scuole dell'infanzia di Piaia e Ponte nelle Alpi - Bellunopress - Dolomiti\",\"isPartOf\":{\"@id\":\"https:\\\/\\\/www.bellunopress.it\\\/#website\"},\"primaryImageOfPage\":{\"@id\":\"https:\\\/\\\/www.bellunopress.it\\\/2022\\\/10\\\/03\\\/le-nonne-e-i-nonni-festeggiati-alle-scuole-dellinfanzia-di-piaia-e-ponte-nelle-alpi\\\/#primaryimage\"},\"image\":{\"@id\":\"https:\\\/\\\/www.bellunopress.it\\\/2022\\\/10\\\/03\\\/le-nonne-e-i-nonni-festeggiati-alle-scuole-dellinfanzia-di-piaia-e-ponte-nelle-alpi\\\/#primaryimage\"},\"thumbnailUrl\":\"https:\\\/\\\/www.bellunopress.it\\\/wp-content\\\/uploads\\\/2021\\\/07\\\/Paolo-Vendramini_edited.jpg\",\"datePublished\":\"2022-10-03T10:10:11+00:00\",\"dateModified\":\"2022-10-03T15:14:02+00:00\",\"breadcrumb\":{\"@id\":\"https:\\\/\\\/www.bellunopress.it\\\/2022\\\/10\\\/03\\\/le-nonne-e-i-nonni-festeggiati-alle-scuole-dellinfanzia-di-piaia-e-ponte-nelle-alpi\\\/#breadcrumb\"},\"inLanguage\":\"fr-FR\",\"potentialAction\":[{\"@type\":\"ReadAction\",\"target\":[\"https:\\\/\\\/www.bellunopress.it\\\/2022\\\/10\\\/03\\\/le-nonne-e-i-nonni-festeggiati-alle-scuole-dellinfanzia-di-piaia-e-ponte-nelle-alpi\\\/\"]}]},{\"@type\":\"ImageObject\",\"inLanguage\":\"fr-FR\",\"@id\":\"https:\\\/\\\/www.bellunopress.it\\\/2022\\\/10\\\/03\\\/le-nonne-e-i-nonni-festeggiati-alle-scuole-dellinfanzia-di-piaia-e-ponte-nelle-alpi\\\/#primaryimage\",\"url\":\"https:\\\/\\\/www.bellunopress.it\\\/wp-content\\\/uploads\\\/2021\\\/07\\\/Paolo-Vendramini_edited.jpg\",\"contentUrl\":\"https:\\\/\\\/www.bellunopress.it\\\/wp-content\\\/uploads\\\/2021\\\/07\\\/Paolo-Vendramini_edited.jpg\",\"width\":206,\"height\":206,\"caption\":\"Paolo Vendramini - Sincaco di Ponte nelle Alpi\"},{\"@type\":\"BreadcrumbList\",\"@id\":\"https:\\\/\\\/www.bellunopress.it\\\/2022\\\/10\\\/03\\\/le-nonne-e-i-nonni-festeggiati-alle-scuole-dellinfanzia-di-piaia-e-ponte-nelle-alpi\\\/#breadcrumb\",\"itemListElement\":[{\"@type\":\"ListItem\",\"position\":1,\"name\":\"Home\",\"item\":\"https:\\\/\\\/www.bellunopress.it\\\/\"},{\"@type\":\"ListItem\",\"position\":2,\"name\":\"Le nonne e i nonni festeggiati alle scuole dell&#8217;infanzia di Piaia e Ponte nelle Alpi\"}]},{\"@type\":\"WebSite\",\"@id\":\"https:\\\/\\\/www.bellunopress.it\\\/#website\",\"url\":\"https:\\\/\\\/www.bellunopress.it\\\/\",\"name\":\"Bellunopress - Dolomiti\",\"description\":\"e-mail: redazione@bellunopress.it\",\"publisher\":{\"@id\":\"https:\\\/\\\/www.bellunopress.it\\\/#organization\"},\"potentialAction\":[{\"@type\":\"SearchAction\",\"target\":{\"@type\":\"EntryPoint\",\"urlTemplate\":\"https:\\\/\\\/www.bellunopress.it\\\/?s={search_term_string}\"},\"query-input\":{\"@type\":\"PropertyValueSpecification\",\"valueRequired\":true,\"valueName\":\"search_term_string\"}}],\"inLanguage\":\"fr-FR\"},{\"@type\":\"Organization\",\"@id\":\"https:\\\/\\\/www.bellunopress.it\\\/#organization\",\"name\":\"Bellunopress\",\"url\":\"https:\\\/\\\/www.bellunopress.it\\\/\",\"logo\":{\"@type\":\"ImageObject\",\"inLanguage\":\"fr-FR\",\"@id\":\"https:\\\/\\\/www.bellunopress.it\\\/#\\\/schema\\\/logo\\\/image\\\/\",\"url\":\"https:\\\/\\\/www.bellunopress.it\\\/wp-content\\\/uploads\\\/2011\\\/05\\\/cropped-logo-bellunopress-.jpg\",\"contentUrl\":\"https:\\\/\\\/www.bellunopress.it\\\/wp-content\\\/uploads\\\/2011\\\/05\\\/cropped-logo-bellunopress-.jpg\",\"width\":512,\"height\":512,\"caption\":\"Bellunopress\"},\"image\":{\"@id\":\"https:\\\/\\\/www.bellunopress.it\\\/#\\\/schema\\\/logo\\\/image\\\/\"},\"sameAs\":[\"https:\\\/\\\/www.facebook.com\\\/profile.php?id=100008943462799\",\"https:\\\/\\\/x.com\\\/bellunopress\",\"https:\\\/\\\/www.linkedin.com\\\/hp\\\/?dnr=JBzUWaJfMUw8vbXJJ2tVW5-I3jZKvC4wsoxE&amp;amp;amp;amp;amp;amp;trk=nav_responsive_tab_home\",\"https:\\\/\\\/www.youtube.com\\\/channel\\\/UCxL0wu1uN0_3_7hGG0306cw\"]},{\"@type\":\"Person\",\"@id\":\"https:\\\/\\\/www.bellunopress.it\\\/#\\\/schema\\\/person\\\/79bb06722b37ece1c03d3e94beb30d73\",\"name\":\"redazione\",\"image\":{\"@type\":\"ImageObject\",\"inLanguage\":\"fr-FR\",\"@id\":\"https:\\\/\\\/secure.gravatar.com\\\/avatar\\\/37d968a2e67a6fd04c169c4bdef102d0bc5d31b2546345219e348575eb80e9a0?s=96&d=mm&r=g\",\"url\":\"https:\\\/\\\/secure.gravatar.com\\\/avatar\\\/37d968a2e67a6fd04c169c4bdef102d0bc5d31b2546345219e348575eb80e9a0?s=96&d=mm&r=g\",\"contentUrl\":\"https:\\\/\\\/secure.gravatar.com\\\/avatar\\\/37d968a2e67a6fd04c169c4bdef102d0bc5d31b2546345219e348575eb80e9a0?s=96&d=mm&r=g\",\"caption\":\"redazione\"},\"sameAs\":[\"http:\\\/\\\/www.bellunopress.it\",\"https:\\\/\\\/x.com\\\/bellunopress\"],\"url\":\"https:\\\/\\\/www.bellunopress.it\\\/fr\\\/author\\\/redazione\\\/\"}]}<\/script>\n<!-- \/ Yoast SEO plugin. -->","yoast_head_json":{"title":"Le nonne e i nonni festeggiati alle scuole dell'infanzia di Piaia e Ponte nelle Alpi - Bellunopress - Dolomiti","robots":{"index":"index","follow":"follow","max-snippet":"max-snippet:-1","max-image-preview":"max-image-preview:large","max-video-preview":"max-video-preview:-1"},"canonical":"https:\/\/www.bellunopress.it\/fr\/2022\/10\/03\/le-nonne-e-i-nonni-festeggiati-alle-scuole-dellinfanzia-di-piaia-e-ponte-nelle-alpi\/","og_locale":"fr_FR","og_type":"article","og_title":"Le nonne e i nonni festeggiati alle scuole dell'infanzia di Piaia e Ponte nelle Alpi - Bellunopress - Dolomiti","og_description":"Ponte nelle Alpi, 3 ottobre 2022 &#8211; Due bellissimi momenti per dire &#8220;grazie&#8221; alle nonne e ai nonni. Musica, canzoni e poesie a tema hanno coinvolto le scuole dell&#8217;infanzia di Piaia e Ponte nelle Alpi. L&#8217;80 per cento dei nonni, infatti, si occupa dei nipoti fino a quando compiono 13 anni. Sono figure che creano [&hellip;]","og_url":"https:\/\/www.bellunopress.it\/fr\/2022\/10\/03\/le-nonne-e-i-nonni-festeggiati-alle-scuole-dellinfanzia-di-piaia-e-ponte-nelle-alpi\/","og_site_name":"Bellunopress - Dolomiti","article_publisher":"https:\/\/www.facebook.com\/profile.php?id=100008943462799","article_published_time":"2022-10-03T10:10:11+00:00","article_modified_time":"2022-10-03T15:14:02+00:00","og_image":[{"width":206,"height":206,"url":"https:\/\/www.bellunopress.it\/wp-content\/uploads\/2021\/07\/Paolo-Vendramini_edited.jpg","type":"image\/jpeg"}],"author":"redazione","twitter_card":"summary_large_image","twitter_creator":"@bellunopress","twitter_site":"@bellunopress","twitter_misc":{"\u00c9crit par":"redazione","Dur\u00e9e de lecture estim\u00e9e":"2 minutes"},"schema":{"@context":"https:\/\/schema.org","@graph":[{"@type":"Article","@id":"https:\/\/www.bellunopress.it\/2022\/10\/03\/le-nonne-e-i-nonni-festeggiati-alle-scuole-dellinfanzia-di-piaia-e-ponte-nelle-alpi\/#article","isPartOf":{"@id":"https:\/\/www.bellunopress.it\/2022\/10\/03\/le-nonne-e-i-nonni-festeggiati-alle-scuole-dellinfanzia-di-piaia-e-ponte-nelle-alpi\/"},"author":{"name":"redazione","@id":"https:\/\/www.bellunopress.it\/#\/schema\/person\/79bb06722b37ece1c03d3e94beb30d73"},"headline":"Le nonne e i nonni festeggiati alle scuole dell&#8217;infanzia di Piaia e Ponte nelle Alpi","datePublished":"2022-10-03T10:10:11+00:00","dateModified":"2022-10-03T15:14:02+00:00","mainEntityOfPage":{"@id":"https:\/\/www.bellunopress.it\/2022\/10\/03\/le-nonne-e-i-nonni-festeggiati-alle-scuole-dellinfanzia-di-piaia-e-ponte-nelle-alpi\/"},"wordCount":228,"publisher":{"@id":"https:\/\/www.bellunopress.it\/#organization"},"image":{"@id":"https:\/\/www.bellunopress.it\/2022\/10\/03\/le-nonne-e-i-nonni-festeggiati-alle-scuole-dellinfanzia-di-piaia-e-ponte-nelle-alpi\/#primaryimage"},"thumbnailUrl":"https:\/\/www.bellunopress.it\/wp-content\/uploads\/2021\/07\/Paolo-Vendramini_edited.jpg","articleSection":["Societ\u00e0, Associazioni, Istituzioni"],"inLanguage":"fr-FR"},{"@type":"WebPage","@id":"https:\/\/www.bellunopress.it\/2022\/10\/03\/le-nonne-e-i-nonni-festeggiati-alle-scuole-dellinfanzia-di-piaia-e-ponte-nelle-alpi\/","url":"https:\/\/www.bellunopress.it\/2022\/10\/03\/le-nonne-e-i-nonni-festeggiati-alle-scuole-dellinfanzia-di-piaia-e-ponte-nelle-alpi\/","name":"Le nonne e i nonni festeggiati alle scuole dell'infanzia di Piaia e Ponte nelle Alpi - Bellunopress - Dolomiti","isPartOf":{"@id":"https:\/\/www.bellunopress.it\/#website"},"primaryImageOfPage":{"@id":"https:\/\/www.bellunopress.it\/2022\/10\/03\/le-nonne-e-i-nonni-festeggiati-alle-scuole-dellinfanzia-di-piaia-e-ponte-nelle-alpi\/#primaryimage"},"image":{"@id":"https:\/\/www.bellunopress.it\/2022\/10\/03\/le-nonne-e-i-nonni-festeggiati-alle-scuole-dellinfanzia-di-piaia-e-ponte-nelle-alpi\/#primaryimage"},"thumbnailUrl":"https:\/\/www.bellunopress.it\/wp-content\/uploads\/2021\/07\/Paolo-Vendramini_edited.jpg","datePublished":"2022-10-03T10:10:11+00:00","dateModified":"2022-10-03T15:14:02+00:00","breadcrumb":{"@id":"https:\/\/www.bellunopress.it\/2022\/10\/03\/le-nonne-e-i-nonni-festeggiati-alle-scuole-dellinfanzia-di-piaia-e-ponte-nelle-alpi\/#breadcrumb"},"inLanguage":"fr-FR","potentialAction":[{"@type":"ReadAction","target":["https:\/\/www.bellunopress.it\/2022\/10\/03\/le-nonne-e-i-nonni-festeggiati-alle-scuole-dellinfanzia-di-piaia-e-ponte-nelle-alpi\/"]}]},{"@type":"ImageObject","inLanguage":"fr-FR","@id":"https:\/\/www.bellunopress.it\/2022\/10\/03\/le-nonne-e-i-nonni-festeggiati-alle-scuole-dellinfanzia-di-piaia-e-ponte-nelle-alpi\/#primaryimage","url":"https:\/\/www.bellunopress.it\/wp-content\/uploads\/2021\/07\/Paolo-Vendramini_edited.jpg","contentUrl":"https:\/\/www.bellunopress.it\/wp-content\/uploads\/2021\/07\/Paolo-Vendramini_edited.jpg","width":206,"height":206,"caption":"Paolo Vendramini - Sincaco di Ponte nelle Alpi"},{"@type":"BreadcrumbList","@id":"https:\/\/www.bellunopress.it\/2022\/10\/03\/le-nonne-e-i-nonni-festeggiati-alle-scuole-dellinfanzia-di-piaia-e-ponte-nelle-alpi\/#breadcrumb","itemListElement":[{"@type":"ListItem","position":1,"name":"Home","item":"https:\/\/www.bellunopress.it\/"},{"@type":"ListItem","position":2,"name":"Le nonne e i nonni festeggiati alle scuole dell&#8217;infanzia di Piaia e Ponte nelle Alpi"}]},{"@type":"WebSite","@id":"https:\/\/www.bellunopress.it\/#website","url":"https:\/\/www.bellunopress.it\/","name":"Bellunopress - Dolomiti","description":"e-mail: redazione@bellunopress.it","publisher":{"@id":"https:\/\/www.bellunopress.it\/#organization"},"potentialAction":[{"@type":"SearchAction","target":{"@type":"EntryPoint","urlTemplate":"https:\/\/www.bellunopress.it\/?s={search_term_string}"},"query-input":{"@type":"PropertyValueSpecification","valueRequired":true,"valueName":"search_term_string"}}],"inLanguage":"fr-FR"},{"@type":"Organization","@id":"https:\/\/www.bellunopress.it\/#organization","name":"Bellunopress","url":"https:\/\/www.bellunopress.it\/","logo":{"@type":"ImageObject","inLanguage":"fr-FR","@id":"https:\/\/www.bellunopress.it\/#\/schema\/logo\/image\/","url":"https:\/\/www.bellunopress.it\/wp-content\/uploads\/2011\/05\/cropped-logo-bellunopress-.jpg","contentUrl":"https:\/\/www.bellunopress.it\/wp-content\/uploads\/2011\/05\/cropped-logo-bellunopress-.jpg","width":512,"height":512,"caption":"Bellunopress"},"image":{"@id":"https:\/\/www.bellunopress.it\/#\/schema\/logo\/image\/"},"sameAs":["https:\/\/www.facebook.com\/profile.php?id=100008943462799","https:\/\/x.com\/bellunopress","https:\/\/www.linkedin.com\/hp\/?dnr=JBzUWaJfMUw8vbXJJ2tVW5-I3jZKvC4wsoxE&amp;amp;amp;amp;amp;amp;trk=nav_responsive_tab_home","https:\/\/www.youtube.com\/channel\/UCxL0wu1uN0_3_7hGG0306cw"]},{"@type":"Person","@id":"https:\/\/www.bellunopress.it\/#\/schema\/person\/79bb06722b37ece1c03d3e94beb30d73","name":"r\u00e9daction","image":{"@type":"ImageObject","inLanguage":"fr-FR","@id":"https:\/\/secure.gravatar.com\/avatar\/37d968a2e67a6fd04c169c4bdef102d0bc5d31b2546345219e348575eb80e9a0?s=96&d=mm&r=g","url":"https:\/\/secure.gravatar.com\/avatar\/37d968a2e67a6fd04c169c4bdef102d0bc5d31b2546345219e348575eb80e9a0?s=96&d=mm&r=g","contentUrl":"https:\/\/secure.gravatar.com\/avatar\/37d968a2e67a6fd04c169c4bdef102d0bc5d31b2546345219e348575eb80e9a0?s=96&d=mm&r=g","caption":"redazione"},"sameAs":["http:\/\/www.bellunopress.it","https:\/\/x.com\/bellunopress"],"url":"https:\/\/www.bellunopress.it\/fr\/author\/redazione\/"}]}},"_links":{"self":[{"href":"https:\/\/www.bellunopress.it\/fr\/wp-json\/wp\/v2\/posts\/136767","targetHints":{"allow":["GET"]}}],"collection":[{"href":"https:\/\/www.bellunopress.it\/fr\/wp-json\/wp\/v2\/posts"}],"about":[{"href":"https:\/\/www.bellunopress.it\/fr\/wp-json\/wp\/v2\/types\/post"}],"author":[{"embeddable":true,"href":"https:\/\/www.bellunopress.it\/fr\/wp-json\/wp\/v2\/users\/2"}],"replies":[{"embeddable":true,"href":"https:\/\/www.bellunopress.it\/fr\/wp-json\/wp\/v2\/comments?post=136767"}],"version-history":[{"count":1,"href":"https:\/\/www.bellunopress.it\/fr\/wp-json\/wp\/v2\/posts\/136767\/revisions"}],"predecessor-version":[{"id":136768,"href":"https:\/\/www.bellunopress.it\/fr\/wp-json\/wp\/v2\/posts\/136767\/revisions\/136768"}],"wp:featuredmedia":[{"embeddable":true,"href":"https:\/\/www.bellunopress.it\/fr\/wp-json\/wp\/v2\/media\/126366"}],"wp:attachment":[{"href":"https:\/\/www.bellunopress.it\/fr\/wp-json\/wp\/v2\/media?parent=136767"}],"wp:term":[{"taxonomy":"category","embeddable":true,"href":"https:\/\/www.bellunopress.it\/fr\/wp-json\/wp\/v2\/categories?post=136767"},{"taxonomy":"post_tag","embeddable":true,"href":"https:\/\/www.bellunopress.it\/fr\/wp-json\/wp\/v2\/tags?post=136767"}],"curies":[{"name":"wp","href":"https:\/\/api.w.org\/{rel}","templated":true}]}}