{"id":136765,"date":"2022-10-03T17:06:31","date_gmt":"2022-10-03T15:06:31","guid":{"rendered":"https:\/\/www.bellunopress.it\/?p=136765"},"modified":"2022-10-03T17:06:31","modified_gmt":"2022-10-03T15:06:31","slug":"il-comune-di-belluno-vara-il-nuovo-regolamento-degli-annunci-mortuari","status":"publish","type":"post","link":"https:\/\/www.bellunopress.it\/fr\/2022\/10\/03\/il-comune-di-belluno-vara-il-nuovo-regolamento-degli-annunci-mortuari\/","title":{"rendered":"Il Comune di Belluno vara il nuovo regolamento degli annunci mortuari"},"content":{"rendered":"<figure id=\"attachment_112706\" aria-describedby=\"caption-attachment-112706\" style=\"width: 900px\" class=\"wp-caption alignleft\"><img loading=\"lazy\" decoding=\"async\" class=\"size-full wp-image-112706\" src=\"https:\/\/www.bellunopress.it\/wp-content\/uploads\/2020\/03\/palazzo-rosso-notte.jpg\" alt=\"\" width=\"900\" height=\"688\" srcset=\"https:\/\/www.bellunopress.it\/wp-content\/uploads\/2020\/03\/palazzo-rosso-notte.jpg 900w, https:\/\/www.bellunopress.it\/wp-content\/uploads\/2020\/03\/palazzo-rosso-notte-500x382.jpg 500w, https:\/\/www.bellunopress.it\/wp-content\/uploads\/2020\/03\/palazzo-rosso-notte-696x532.jpg 696w, https:\/\/www.bellunopress.it\/wp-content\/uploads\/2020\/03\/palazzo-rosso-notte-549x420.jpg 549w, https:\/\/www.bellunopress.it\/wp-content\/uploads\/2020\/03\/palazzo-rosso-notte-80x60.jpg 80w\" sizes=\"auto, (max-width: 900px) 100vw, 900px\" \/><figcaption id=\"caption-attachment-112706\" class=\"wp-caption-text\">Palazzo Rosso, sede dell&#8217;Amministrazione comunale di Belluno<\/figcaption><\/figure>\n<p>E\u2019 entrato in vigore il \u201cRegolamento di disciplina delle modalit\u00e0 di affissione degli annunci mortuari\u201d. Si tratta del primo documento emanato dal Comune di Belluno per normare l\u2019affissione di annunci\/ringraziamenti funebri nelle 122 bacheche della citt\u00e0, approvato in sede di Consiglio comunale la scorsa settimana e frutto del confronto tra l\u2019amministrazione e le agenzie funebri del capoluogo.<\/p>\n<p>\u201cE\u2019 un risultato importante \u2013 commenta l\u2019assessore Franco Roccon, che ha seguito la questione e steso il documento -, ora anche Belluno ha il suo regolamento al pari di altri comuni della Valbelluna. Ha fatto piacere il voto compatto del Consiglio comunale rispetto a questo provvedimento, particolarmente atteso dalle agenzie funebri ma anche dai cittadini, che detta regole precise su tutti gli aspetti delle affissioni, dalle tempistiche di esposizione degli annunci alla grafica degli stessi. Sono previste anche sanzioni, naturalmente, a elevarle potr\u00e0 essere la polizia locale: si va da un minimo di 25 euro ad un massimo di 500 per ogni singola epigrafe. Siamo certi non ci sar\u00e0 bisogno di ricorrere alle multe, perch\u00e9 il tema sta a cuore a chi opera nel settore\u201d.<\/p>\n<p>Il Regolamento \u00e8 formato da 7 articoli che vanno a normare tutti gli aspetti delle affissioni definendo gli spazi, i contenuti delle epigrafi, la loro impostazione grafica e le tempistiche di esposizione, con l\u2019obiettivo di rendere omogenee le bacheche cittadine trovando un equilibrio tra le esigenze delle agenzie e quelle dei cittadini. In particolare si definisce come gli annunci non possano essere affissi in locali pubblici o su supporti diversi da quelli dedicati e come debbano fare riferimento a persone nate nel territorio comunale o che abbiano risieduto, che abbiano con esso un collegamento per la loro attivit\u00e0 lavorativa, istituzionale o di volontariato, o che vi siano sepolte.<\/p>\n<p>Le dimensioni dovranno essere quelle dell\u2019A4, la carta utilizzata esclusivamente di sfondo bianco o grigio tenue e con il testo di colore nero o grigio. Non \u00e8 ammessa la plastificazione.<br \/>\nIn quanto alla grafica, oltre al testo del necrologio si potr\u00e0 aggiungere la la foto del defunto, piccoli simboli religiosi e motivi floreali, in nessun caso riconducibili a marchi o loghi associati all\u2019impresa funebre. Di quest\u2019ultima potranno essere inseriti dati relativi alla ragione sociale e alla sede, i recapiti telefonico e e-mail, pi\u00f9 un\u2019eventuale QR-code di dimensione massima di 20mmx20mm, di colore nero, dove poter inviare le condoglianze on-line. Sono ammessi loghi di associazioni o enti del terzo settore.<\/p>\n<p>Infine, l\u2019affissione dovr\u00e0 avere una durata massima di 5 giorni, con vincolo di affissione massima di 2 giorni successivi alla data del funerale. I ringraziamenti e le partecipazioni potranno rimanere esposti per massimo 5 giorni e dovranno riportare in calce la data di affissione.<\/p>","protected":false},"excerpt":{"rendered":"<p>E\u2019 entrato in vigore il \u201cRegolamento di disciplina delle modalit\u00e0 di affissione degli annunci mortuari\u201d. Si tratta del primo documento emanato dal Comune di Belluno per normare l\u2019affissione di annunci\/ringraziamenti funebri nelle 122 bacheche della citt\u00e0, approvato in sede di Consiglio comunale la scorsa settimana e frutto del confronto tra l\u2019amministrazione e le agenzie funebri [&hellip;]<\/p>\n","protected":false},"author":2,"featured_media":112706,"comment_status":"closed","ping_status":"open","sticky":false,"template":"","format":"standard","meta":{"footnotes":""},"categories":[8],"tags":[],"class_list":["post-136765","post","type-post","status-publish","format-standard","has-post-thumbnail","category-societa-istituzioni"],"yoast_head":"<!-- This site is optimized with the Yoast SEO plugin v28.4 - https:\/\/yoast.com\/product\/yoast-seo-wordpress\/ -->\n<title>Il Comune di Belluno vara il nuovo regolamento degli annunci mortuari - Bellunopress - Dolomiti<\/title>\n<meta name=\"robots\" content=\"index, follow, max-snippet:-1, max-image-preview:large, max-video-preview:-1\" \/>\n<link rel=\"canonical\" href=\"https:\/\/www.bellunopress.it\/fr\/2022\/10\/03\/il-comune-di-belluno-vara-il-nuovo-regolamento-degli-annunci-mortuari\/\" \/>\n<meta property=\"og:locale\" content=\"fr_FR\" \/>\n<meta property=\"og:type\" content=\"article\" \/>\n<meta property=\"og:title\" content=\"Il Comune di Belluno vara il nuovo regolamento degli annunci mortuari - Bellunopress - Dolomiti\" \/>\n<meta property=\"og:description\" content=\"E\u2019 entrato in vigore il \u201cRegolamento di disciplina delle modalit\u00e0 di affissione degli annunci mortuari\u201d. Si tratta del primo documento emanato dal Comune di Belluno per normare l\u2019affissione di annunci\/ringraziamenti funebri nelle 122 bacheche della citt\u00e0, approvato in sede di Consiglio comunale la scorsa settimana e frutto del confronto tra l\u2019amministrazione e le agenzie funebri [&hellip;]\" \/>\n<meta property=\"og:url\" content=\"https:\/\/www.bellunopress.it\/fr\/2022\/10\/03\/il-comune-di-belluno-vara-il-nuovo-regolamento-degli-annunci-mortuari\/\" \/>\n<meta property=\"og:site_name\" content=\"Bellunopress - Dolomiti\" \/>\n<meta property=\"article:publisher\" content=\"https:\/\/www.facebook.com\/profile.php?id=100008943462799\" \/>\n<meta property=\"article:published_time\" content=\"2022-10-03T15:06:31+00:00\" \/>\n<meta property=\"og:image\" content=\"https:\/\/www.bellunopress.it\/wp-content\/uploads\/2020\/03\/palazzo-rosso-notte.jpg\" \/>\n\t<meta property=\"og:image:width\" content=\"900\" \/>\n\t<meta property=\"og:image:height\" content=\"688\" \/>\n\t<meta property=\"og:image:type\" content=\"image\/jpeg\" \/>\n<meta name=\"author\" content=\"redazione\" \/>\n<meta name=\"twitter:card\" content=\"summary_large_image\" \/>\n<meta name=\"twitter:creator\" content=\"@bellunopress\" \/>\n<meta name=\"twitter:site\" content=\"@bellunopress\" \/>\n<meta name=\"twitter:label1\" content=\"\u00c9crit par\" \/>\n\t<meta name=\"twitter:data1\" content=\"redazione\" \/>\n\t<meta name=\"twitter:label2\" content=\"Dur\u00e9e de lecture estim\u00e9e\" \/>\n\t<meta name=\"twitter:data2\" content=\"3 minutes\" \/>\n<script type=\"application\/ld+json\" class=\"yoast-schema-graph\">{\"@context\":\"https:\\\/\\\/schema.org\",\"@graph\":[{\"@type\":\"Article\",\"@id\":\"https:\\\/\\\/www.bellunopress.it\\\/2022\\\/10\\\/03\\\/il-comune-di-belluno-vara-il-nuovo-regolamento-degli-annunci-mortuari\\\/#article\",\"isPartOf\":{\"@id\":\"https:\\\/\\\/www.bellunopress.it\\\/2022\\\/10\\\/03\\\/il-comune-di-belluno-vara-il-nuovo-regolamento-degli-annunci-mortuari\\\/\"},\"author\":{\"name\":\"redazione\",\"@id\":\"https:\\\/\\\/www.bellunopress.it\\\/#\\\/schema\\\/person\\\/79bb06722b37ece1c03d3e94beb30d73\"},\"headline\":\"Il Comune di Belluno vara il nuovo regolamento degli annunci mortuari\",\"datePublished\":\"2022-10-03T15:06:31+00:00\",\"mainEntityOfPage\":{\"@id\":\"https:\\\/\\\/www.bellunopress.it\\\/2022\\\/10\\\/03\\\/il-comune-di-belluno-vara-il-nuovo-regolamento-degli-annunci-mortuari\\\/\"},\"wordCount\":470,\"publisher\":{\"@id\":\"https:\\\/\\\/www.bellunopress.it\\\/#organization\"},\"image\":{\"@id\":\"https:\\\/\\\/www.bellunopress.it\\\/2022\\\/10\\\/03\\\/il-comune-di-belluno-vara-il-nuovo-regolamento-degli-annunci-mortuari\\\/#primaryimage\"},\"thumbnailUrl\":\"https:\\\/\\\/www.bellunopress.it\\\/wp-content\\\/uploads\\\/2020\\\/03\\\/palazzo-rosso-notte.jpg\",\"articleSection\":[\"Societ\u00e0, Associazioni, Istituzioni\"],\"inLanguage\":\"fr-FR\"},{\"@type\":\"WebPage\",\"@id\":\"https:\\\/\\\/www.bellunopress.it\\\/2022\\\/10\\\/03\\\/il-comune-di-belluno-vara-il-nuovo-regolamento-degli-annunci-mortuari\\\/\",\"url\":\"https:\\\/\\\/www.bellunopress.it\\\/2022\\\/10\\\/03\\\/il-comune-di-belluno-vara-il-nuovo-regolamento-degli-annunci-mortuari\\\/\",\"name\":\"Il Comune di Belluno vara il nuovo regolamento degli annunci mortuari - Bellunopress - Dolomiti\",\"isPartOf\":{\"@id\":\"https:\\\/\\\/www.bellunopress.it\\\/#website\"},\"primaryImageOfPage\":{\"@id\":\"https:\\\/\\\/www.bellunopress.it\\\/2022\\\/10\\\/03\\\/il-comune-di-belluno-vara-il-nuovo-regolamento-degli-annunci-mortuari\\\/#primaryimage\"},\"image\":{\"@id\":\"https:\\\/\\\/www.bellunopress.it\\\/2022\\\/10\\\/03\\\/il-comune-di-belluno-vara-il-nuovo-regolamento-degli-annunci-mortuari\\\/#primaryimage\"},\"thumbnailUrl\":\"https:\\\/\\\/www.bellunopress.it\\\/wp-content\\\/uploads\\\/2020\\\/03\\\/palazzo-rosso-notte.jpg\",\"datePublished\":\"2022-10-03T15:06:31+00:00\",\"breadcrumb\":{\"@id\":\"https:\\\/\\\/www.bellunopress.it\\\/2022\\\/10\\\/03\\\/il-comune-di-belluno-vara-il-nuovo-regolamento-degli-annunci-mortuari\\\/#breadcrumb\"},\"inLanguage\":\"fr-FR\",\"potentialAction\":[{\"@type\":\"ReadAction\",\"target\":[\"https:\\\/\\\/www.bellunopress.it\\\/2022\\\/10\\\/03\\\/il-comune-di-belluno-vara-il-nuovo-regolamento-degli-annunci-mortuari\\\/\"]}]},{\"@type\":\"ImageObject\",\"inLanguage\":\"fr-FR\",\"@id\":\"https:\\\/\\\/www.bellunopress.it\\\/2022\\\/10\\\/03\\\/il-comune-di-belluno-vara-il-nuovo-regolamento-degli-annunci-mortuari\\\/#primaryimage\",\"url\":\"https:\\\/\\\/www.bellunopress.it\\\/wp-content\\\/uploads\\\/2020\\\/03\\\/palazzo-rosso-notte.jpg\",\"contentUrl\":\"https:\\\/\\\/www.bellunopress.it\\\/wp-content\\\/uploads\\\/2020\\\/03\\\/palazzo-rosso-notte.jpg\",\"width\":900,\"height\":688,\"caption\":\"Palazzo Rosso, sede dell'Amministrazione comunale di Belluno\"},{\"@type\":\"BreadcrumbList\",\"@id\":\"https:\\\/\\\/www.bellunopress.it\\\/2022\\\/10\\\/03\\\/il-comune-di-belluno-vara-il-nuovo-regolamento-degli-annunci-mortuari\\\/#breadcrumb\",\"itemListElement\":[{\"@type\":\"ListItem\",\"position\":1,\"name\":\"Home\",\"item\":\"https:\\\/\\\/www.bellunopress.it\\\/\"},{\"@type\":\"ListItem\",\"position\":2,\"name\":\"Il Comune di Belluno vara il nuovo regolamento degli annunci mortuari\"}]},{\"@type\":\"WebSite\",\"@id\":\"https:\\\/\\\/www.bellunopress.it\\\/#website\",\"url\":\"https:\\\/\\\/www.bellunopress.it\\\/\",\"name\":\"Bellunopress - Dolomiti\",\"description\":\"e-mail: redazione@bellunopress.it\",\"publisher\":{\"@id\":\"https:\\\/\\\/www.bellunopress.it\\\/#organization\"},\"potentialAction\":[{\"@type\":\"SearchAction\",\"target\":{\"@type\":\"EntryPoint\",\"urlTemplate\":\"https:\\\/\\\/www.bellunopress.it\\\/?s={search_term_string}\"},\"query-input\":{\"@type\":\"PropertyValueSpecification\",\"valueRequired\":true,\"valueName\":\"search_term_string\"}}],\"inLanguage\":\"fr-FR\"},{\"@type\":\"Organization\",\"@id\":\"https:\\\/\\\/www.bellunopress.it\\\/#organization\",\"name\":\"Bellunopress\",\"url\":\"https:\\\/\\\/www.bellunopress.it\\\/\",\"logo\":{\"@type\":\"ImageObject\",\"inLanguage\":\"fr-FR\",\"@id\":\"https:\\\/\\\/www.bellunopress.it\\\/#\\\/schema\\\/logo\\\/image\\\/\",\"url\":\"https:\\\/\\\/www.bellunopress.it\\\/wp-content\\\/uploads\\\/2011\\\/05\\\/cropped-logo-bellunopress-.jpg\",\"contentUrl\":\"https:\\\/\\\/www.bellunopress.it\\\/wp-content\\\/uploads\\\/2011\\\/05\\\/cropped-logo-bellunopress-.jpg\",\"width\":512,\"height\":512,\"caption\":\"Bellunopress\"},\"image\":{\"@id\":\"https:\\\/\\\/www.bellunopress.it\\\/#\\\/schema\\\/logo\\\/image\\\/\"},\"sameAs\":[\"https:\\\/\\\/www.facebook.com\\\/profile.php?id=100008943462799\",\"https:\\\/\\\/x.com\\\/bellunopress\",\"https:\\\/\\\/www.linkedin.com\\\/hp\\\/?dnr=JBzUWaJfMUw8vbXJJ2tVW5-I3jZKvC4wsoxE&amp;amp;amp;amp;amp;amp;trk=nav_responsive_tab_home\",\"https:\\\/\\\/www.youtube.com\\\/channel\\\/UCxL0wu1uN0_3_7hGG0306cw\"]},{\"@type\":\"Person\",\"@id\":\"https:\\\/\\\/www.bellunopress.it\\\/#\\\/schema\\\/person\\\/79bb06722b37ece1c03d3e94beb30d73\",\"name\":\"redazione\",\"image\":{\"@type\":\"ImageObject\",\"inLanguage\":\"fr-FR\",\"@id\":\"https:\\\/\\\/secure.gravatar.com\\\/avatar\\\/37d968a2e67a6fd04c169c4bdef102d0bc5d31b2546345219e348575eb80e9a0?s=96&d=mm&r=g\",\"url\":\"https:\\\/\\\/secure.gravatar.com\\\/avatar\\\/37d968a2e67a6fd04c169c4bdef102d0bc5d31b2546345219e348575eb80e9a0?s=96&d=mm&r=g\",\"contentUrl\":\"https:\\\/\\\/secure.gravatar.com\\\/avatar\\\/37d968a2e67a6fd04c169c4bdef102d0bc5d31b2546345219e348575eb80e9a0?s=96&d=mm&r=g\",\"caption\":\"redazione\"},\"sameAs\":[\"http:\\\/\\\/www.bellunopress.it\",\"https:\\\/\\\/x.com\\\/bellunopress\"],\"url\":\"https:\\\/\\\/www.bellunopress.it\\\/fr\\\/author\\\/redazione\\\/\"}]}<\/script>\n<!-- \/ Yoast SEO plugin. -->","yoast_head_json":{"title":"Il Comune di Belluno vara il nuovo regolamento degli annunci mortuari - Bellunopress - Dolomiti","robots":{"index":"index","follow":"follow","max-snippet":"max-snippet:-1","max-image-preview":"max-image-preview:large","max-video-preview":"max-video-preview:-1"},"canonical":"https:\/\/www.bellunopress.it\/fr\/2022\/10\/03\/il-comune-di-belluno-vara-il-nuovo-regolamento-degli-annunci-mortuari\/","og_locale":"fr_FR","og_type":"article","og_title":"Il Comune di Belluno vara il nuovo regolamento degli annunci mortuari - Bellunopress - Dolomiti","og_description":"E\u2019 entrato in vigore il \u201cRegolamento di disciplina delle modalit\u00e0 di affissione degli annunci mortuari\u201d. Si tratta del primo documento emanato dal Comune di Belluno per normare l\u2019affissione di annunci\/ringraziamenti funebri nelle 122 bacheche della citt\u00e0, approvato in sede di Consiglio comunale la scorsa settimana e frutto del confronto tra l\u2019amministrazione e le agenzie funebri [&hellip;]","og_url":"https:\/\/www.bellunopress.it\/fr\/2022\/10\/03\/il-comune-di-belluno-vara-il-nuovo-regolamento-degli-annunci-mortuari\/","og_site_name":"Bellunopress - Dolomiti","article_publisher":"https:\/\/www.facebook.com\/profile.php?id=100008943462799","article_published_time":"2022-10-03T15:06:31+00:00","og_image":[{"width":900,"height":688,"url":"https:\/\/www.bellunopress.it\/wp-content\/uploads\/2020\/03\/palazzo-rosso-notte.jpg","type":"image\/jpeg"}],"author":"redazione","twitter_card":"summary_large_image","twitter_creator":"@bellunopress","twitter_site":"@bellunopress","twitter_misc":{"\u00c9crit par":"redazione","Dur\u00e9e de lecture estim\u00e9e":"3 minutes"},"schema":{"@context":"https:\/\/schema.org","@graph":[{"@type":"Article","@id":"https:\/\/www.bellunopress.it\/2022\/10\/03\/il-comune-di-belluno-vara-il-nuovo-regolamento-degli-annunci-mortuari\/#article","isPartOf":{"@id":"https:\/\/www.bellunopress.it\/2022\/10\/03\/il-comune-di-belluno-vara-il-nuovo-regolamento-degli-annunci-mortuari\/"},"author":{"name":"redazione","@id":"https:\/\/www.bellunopress.it\/#\/schema\/person\/79bb06722b37ece1c03d3e94beb30d73"},"headline":"Il Comune di Belluno vara il nuovo regolamento degli annunci mortuari","datePublished":"2022-10-03T15:06:31+00:00","mainEntityOfPage":{"@id":"https:\/\/www.bellunopress.it\/2022\/10\/03\/il-comune-di-belluno-vara-il-nuovo-regolamento-degli-annunci-mortuari\/"},"wordCount":470,"publisher":{"@id":"https:\/\/www.bellunopress.it\/#organization"},"image":{"@id":"https:\/\/www.bellunopress.it\/2022\/10\/03\/il-comune-di-belluno-vara-il-nuovo-regolamento-degli-annunci-mortuari\/#primaryimage"},"thumbnailUrl":"https:\/\/www.bellunopress.it\/wp-content\/uploads\/2020\/03\/palazzo-rosso-notte.jpg","articleSection":["Societ\u00e0, Associazioni, Istituzioni"],"inLanguage":"fr-FR"},{"@type":"WebPage","@id":"https:\/\/www.bellunopress.it\/2022\/10\/03\/il-comune-di-belluno-vara-il-nuovo-regolamento-degli-annunci-mortuari\/","url":"https:\/\/www.bellunopress.it\/2022\/10\/03\/il-comune-di-belluno-vara-il-nuovo-regolamento-degli-annunci-mortuari\/","name":"Il Comune di Belluno vara il nuovo regolamento degli annunci mortuari - Bellunopress - Dolomiti","isPartOf":{"@id":"https:\/\/www.bellunopress.it\/#website"},"primaryImageOfPage":{"@id":"https:\/\/www.bellunopress.it\/2022\/10\/03\/il-comune-di-belluno-vara-il-nuovo-regolamento-degli-annunci-mortuari\/#primaryimage"},"image":{"@id":"https:\/\/www.bellunopress.it\/2022\/10\/03\/il-comune-di-belluno-vara-il-nuovo-regolamento-degli-annunci-mortuari\/#primaryimage"},"thumbnailUrl":"https:\/\/www.bellunopress.it\/wp-content\/uploads\/2020\/03\/palazzo-rosso-notte.jpg","datePublished":"2022-10-03T15:06:31+00:00","breadcrumb":{"@id":"https:\/\/www.bellunopress.it\/2022\/10\/03\/il-comune-di-belluno-vara-il-nuovo-regolamento-degli-annunci-mortuari\/#breadcrumb"},"inLanguage":"fr-FR","potentialAction":[{"@type":"ReadAction","target":["https:\/\/www.bellunopress.it\/2022\/10\/03\/il-comune-di-belluno-vara-il-nuovo-regolamento-degli-annunci-mortuari\/"]}]},{"@type":"ImageObject","inLanguage":"fr-FR","@id":"https:\/\/www.bellunopress.it\/2022\/10\/03\/il-comune-di-belluno-vara-il-nuovo-regolamento-degli-annunci-mortuari\/#primaryimage","url":"https:\/\/www.bellunopress.it\/wp-content\/uploads\/2020\/03\/palazzo-rosso-notte.jpg","contentUrl":"https:\/\/www.bellunopress.it\/wp-content\/uploads\/2020\/03\/palazzo-rosso-notte.jpg","width":900,"height":688,"caption":"Palazzo Rosso, sede dell'Amministrazione comunale di Belluno"},{"@type":"BreadcrumbList","@id":"https:\/\/www.bellunopress.it\/2022\/10\/03\/il-comune-di-belluno-vara-il-nuovo-regolamento-degli-annunci-mortuari\/#breadcrumb","itemListElement":[{"@type":"ListItem","position":1,"name":"Home","item":"https:\/\/www.bellunopress.it\/"},{"@type":"ListItem","position":2,"name":"Il Comune di Belluno vara il nuovo regolamento degli annunci mortuari"}]},{"@type":"WebSite","@id":"https:\/\/www.bellunopress.it\/#website","url":"https:\/\/www.bellunopress.it\/","name":"Bellunopress - Dolomiti","description":"e-mail: redazione@bellunopress.it","publisher":{"@id":"https:\/\/www.bellunopress.it\/#organization"},"potentialAction":[{"@type":"SearchAction","target":{"@type":"EntryPoint","urlTemplate":"https:\/\/www.bellunopress.it\/?s={search_term_string}"},"query-input":{"@type":"PropertyValueSpecification","valueRequired":true,"valueName":"search_term_string"}}],"inLanguage":"fr-FR"},{"@type":"Organization","@id":"https:\/\/www.bellunopress.it\/#organization","name":"Bellunopress","url":"https:\/\/www.bellunopress.it\/","logo":{"@type":"ImageObject","inLanguage":"fr-FR","@id":"https:\/\/www.bellunopress.it\/#\/schema\/logo\/image\/","url":"https:\/\/www.bellunopress.it\/wp-content\/uploads\/2011\/05\/cropped-logo-bellunopress-.jpg","contentUrl":"https:\/\/www.bellunopress.it\/wp-content\/uploads\/2011\/05\/cropped-logo-bellunopress-.jpg","width":512,"height":512,"caption":"Bellunopress"},"image":{"@id":"https:\/\/www.bellunopress.it\/#\/schema\/logo\/image\/"},"sameAs":["https:\/\/www.facebook.com\/profile.php?id=100008943462799","https:\/\/x.com\/bellunopress","https:\/\/www.linkedin.com\/hp\/?dnr=JBzUWaJfMUw8vbXJJ2tVW5-I3jZKvC4wsoxE&amp;amp;amp;amp;amp;amp;trk=nav_responsive_tab_home","https:\/\/www.youtube.com\/channel\/UCxL0wu1uN0_3_7hGG0306cw"]},{"@type":"Person","@id":"https:\/\/www.bellunopress.it\/#\/schema\/person\/79bb06722b37ece1c03d3e94beb30d73","name":"r\u00e9daction","image":{"@type":"ImageObject","inLanguage":"fr-FR","@id":"https:\/\/secure.gravatar.com\/avatar\/37d968a2e67a6fd04c169c4bdef102d0bc5d31b2546345219e348575eb80e9a0?s=96&d=mm&r=g","url":"https:\/\/secure.gravatar.com\/avatar\/37d968a2e67a6fd04c169c4bdef102d0bc5d31b2546345219e348575eb80e9a0?s=96&d=mm&r=g","contentUrl":"https:\/\/secure.gravatar.com\/avatar\/37d968a2e67a6fd04c169c4bdef102d0bc5d31b2546345219e348575eb80e9a0?s=96&d=mm&r=g","caption":"redazione"},"sameAs":["http:\/\/www.bellunopress.it","https:\/\/x.com\/bellunopress"],"url":"https:\/\/www.bellunopress.it\/fr\/author\/redazione\/"}]}},"_links":{"self":[{"href":"https:\/\/www.bellunopress.it\/fr\/wp-json\/wp\/v2\/posts\/136765","targetHints":{"allow":["GET"]}}],"collection":[{"href":"https:\/\/www.bellunopress.it\/fr\/wp-json\/wp\/v2\/posts"}],"about":[{"href":"https:\/\/www.bellunopress.it\/fr\/wp-json\/wp\/v2\/types\/post"}],"author":[{"embeddable":true,"href":"https:\/\/www.bellunopress.it\/fr\/wp-json\/wp\/v2\/users\/2"}],"replies":[{"embeddable":true,"href":"https:\/\/www.bellunopress.it\/fr\/wp-json\/wp\/v2\/comments?post=136765"}],"version-history":[{"count":1,"href":"https:\/\/www.bellunopress.it\/fr\/wp-json\/wp\/v2\/posts\/136765\/revisions"}],"predecessor-version":[{"id":136766,"href":"https:\/\/www.bellunopress.it\/fr\/wp-json\/wp\/v2\/posts\/136765\/revisions\/136766"}],"wp:featuredmedia":[{"embeddable":true,"href":"https:\/\/www.bellunopress.it\/fr\/wp-json\/wp\/v2\/media\/112706"}],"wp:attachment":[{"href":"https:\/\/www.bellunopress.it\/fr\/wp-json\/wp\/v2\/media?parent=136765"}],"wp:term":[{"taxonomy":"category","embeddable":true,"href":"https:\/\/www.bellunopress.it\/fr\/wp-json\/wp\/v2\/categories?post=136765"},{"taxonomy":"post_tag","embeddable":true,"href":"https:\/\/www.bellunopress.it\/fr\/wp-json\/wp\/v2\/tags?post=136765"}],"curies":[{"name":"wp","href":"https:\/\/api.w.org\/{rel}","templated":true}]}}