{"id":136763,"date":"2022-10-03T16:19:49","date_gmt":"2022-10-03T14:19:49","guid":{"rendered":"https:\/\/www.bellunopress.it\/?p=136763"},"modified":"2022-10-03T16:19:49","modified_gmt":"2022-10-03T14:19:49","slug":"nasce-i-giovani-al-cinema-abbonamento-a-prezzo-agevolato-riservato-agli-under-35","status":"publish","type":"post","link":"https:\/\/www.bellunopress.it\/fr\/2022\/10\/03\/nasce-i-giovani-al-cinema-abbonamento-a-prezzo-agevolato-riservato-agli-under-35\/","title":{"rendered":"Nasce \u201cI Giovani al Cinema\u201d Abbonamento a prezzo agevolato riservato agli under 35"},"content":{"rendered":"<p><img loading=\"lazy\" decoding=\"async\" class=\"alignleft size-full wp-image-123525\" src=\"https:\/\/www.bellunopress.it\/wp-content\/uploads\/2021\/04\/cinema_edited.jpg\" alt=\"\" width=\"523\" height=\"366\" srcset=\"https:\/\/www.bellunopress.it\/wp-content\/uploads\/2021\/04\/cinema_edited.jpg 523w, https:\/\/www.bellunopress.it\/wp-content\/uploads\/2021\/04\/cinema_edited-500x350.jpg 500w, https:\/\/www.bellunopress.it\/wp-content\/uploads\/2021\/04\/cinema_edited-100x70.jpg 100w\" sizes=\"auto, (max-width: 523px) 100vw, 523px\" \/>Promuovere, presso le generazioni pi\u00f9 giovani, il ruolo della sala cinematografica quale spazio culturale in cui la visione di un film sia un\u2019occasione di dialogo e analisi critica. Muove da questi obiettivi l\u2019iniziativa \u201cI Giovani al Cinema\u201d , progetto pilota promosso e finanziato dalla Regione del Veneto, realizzato dall\u2019AGIS e dall\u2019ANEC delle Tre Venezie, all\u2019interno delle azioni de \u201cLa Regione del Veneto per il Cinema di Qualit\u00e0\u201d, che puntano a consentire agli esercenti di interagire in modo innovativo con il pubblico sull\u2019opera proiettata in sala, ad offrire opportunit\u00e0 per accrescere la conoscenza e la capacit\u00e0 critica del pubblico, nonch\u00e9 ad avvicinare il pubblico pi\u00f9 giovane alle sale cinematografiche.<\/p>\n<p>L\u2019iniziativa consentir\u00e0 ai giovani fino ai trentacinque anni di et\u00e0 di sottoscrivere un abbonamento a prezzo agevolato di euro 15.00, che consentir\u00e0 loro la visione di cinque film nell\u2019arco di cinque mesi dal momento dell\u2019acquisto scegliendo una tra le sale cinematografiche aderenti in Veneto.<\/p>\n<p>L\u2019ideazione del progetto coglie appieno anche i risultati del Rapporto annuale 2022 dell\u2019Istat e della recente indagine estensiva \u201cGli italiani e il cinema \u2013 La fruizione di film dentro e fuori le sale italiane\u201d curata di SWG S.p.A. per la Direzione generale Cinema e audiovisivo del MiC (6 settembre 2022). Nello specifico l\u2019Istat ha rilevato come la distribuzione della partecipazione culturale fuori casa per fasce di et\u00e0 abbia mostrato una curva che via via, tra il 2019 e il 2021 \u00e8 risultata sempre pi\u00f9 appiattita, in corrispondenza delle et\u00e0 pi\u00f9 giovani. A partire da questo scenario, tuttavia, l\u2019indagine commissionata dalla Direzione generale Cinema e audiovisivo del MiC, rileva, tuttavia, come l\u2019autunno presenti dei segnali incoraggianti: un aumento del 51% di fruitori rispetto al primo semestre del 2022 in termini di fruizione sia occasionale (55%) sia regolare (4%). Un potenziale recupero che pu\u00f2 arrivare ad +69% contenendo il prezzo del biglietto entro gli 8 euro.<\/p>\n<p>E\u2019 un progetto pilota con il quale la Regione del Veneto si pone l\u2019obiettivo di promuovere presso le generazioni pi\u00f9 giovani, il ruolo della sala cinematografica quale spazio culturale in cui la visione di un film rappresenta un\u2019esperienza condivisa e un\u2019occasione di dialogo e di analisi critica \u2013 dichiara l\u2019Assessore regionale alla Cultura, Cristiano Corazzari. Si tratta di un\u2019azione concreta che si inserisce nell\u2019ambito delle attivit\u00e0 avviate \u201cLa Regione del Veneto per il Cinema di Qualit\u00e0\u201d e con il sostegno regionale sar\u00e0 possibile l\u2019emissione di 10.000 abbonamenti, offerti ai giovani fino a trentacinque anni di et\u00e0, per la visione di cinque film nell\u2019arco di cinque mesi dal momento dell\u2019acquisto.<\/p>\n<p>\u00abL&#8217;iniziativa dell&#8217;abbonamento per i cinema del Veneto finanziata della Regione e proposta dell&#8217;Agis-Anec Triveneta \u00e8 un&#8217;azione atta alla ripartenza delle nostre sale e che altre amministrazioni regionali guardando con interesse. \u2013 dichiara Franco Oss Noser, Presidente Unione Interregionale Triveneta AGIS &#8211; Questo dimostra ancora una volta che le proposte della nostra Associazione sono frutto della profonda conoscenza del settore al servizio dei cittadini\u00bb.<\/p>\n<p>\u00abIn un momento particolarmente complicato per le sale cinematografiche che stanno faticosamente recuperando gli spettatori del periodo ante pandemia, acquista grande importanza questo sostegno della Regione del Veneto, \u2013 sottolinea Massimo Lazzeri, Presidente Sezione Interregionale ANEC delle Tre Venezie &#8211; proprio perch\u00e9 incentiva la fruizione di film nelle sale in tutto il territorio regionale da parte dei giovani, nella prospettiva di creare un pubblico anche per il futuro\u00bb<\/p>\n<p>Sono complessivamente quarantatr\u00e9 le sale aderenti:<strong> A Belluno e provincia il Cinema Italia e La petite Lumi\u00e8re di Belluno e l\u2019Officinema di Feltre.<\/strong> A Padova sar\u00e0 possibile sottoscrivere l\u2019abbonamento al Cinema Esperia, al Multiastra, al Porto Astra, al Cinema Il Lux e al Piccolo Teatro Don Bosco; in provincia al Cinema Teatro Farinelli di Este e al Cinema Politeama di Piove di Sacco. A Rovigo le sale saranno il Cinema Teatro Duomo di Rovigo e il Multisala Politeama di Badia Polesine. A Treviso citt\u00e0 l\u2019abbonamento \u201cI Giovani al Cinema\u201d sar\u00e0 disponibile al Multisala Edera, mentre in provincia hanno aderito il Cinema Multisala Hesperia di Castelfranco Veneto, il Multiplex Cinergia di Conegliano, il Cinema Teatro Busan di Mogliano Veneto, il Multisala Italia di Montebelluna, il Cinema Cristallo di Oderzo, il Multisala Manzoni di Paese e il Multisala Verdi di Vittorio Veneto. A Venezia troviamo il Multisala Giorgione e il Multisala Rossini; a Venezia Lido il Multisala Astra; a Mestre il Cinema Dante, l\u2019IMG Cinemas Candiani e l\u2019IMG Cinemas Palazzo; in provincia: Cinema Teatro Don Bosco di Chioggia, Cinema Teatro Mirano di Mirano, Sala Oratorio di Salzano e il Cinema Teatro don Bosco di San Don\u00e0 di Piave. I giovani di Vicenza potranno sottoscrivere l\u2019abbonamento al Cinema Odeon e al Cinema Teatro Araceli; chi risiede in provincia lo trover\u00e0 al Multisala Metropolis di Bassano del Grappa e al Cinema Campana e al Multisala Starplex di Marano Vicentino. A Verona le sale aderenti sono il Cinema Fiume, il Multisala Rivoli, il Cinema Pindemonte, il Cinema Kappadue, il Cinema Teatro Santa Teresa e, in localit\u00e0 Golosine, il Cinema Diamante. In provincia, le sale aderenti sono: il Multisala Cinergia di Legnago, e il Multisala Cristallo di San Bonifacio.<\/p>\n<p>Media Partner: Radio Piterpan<\/p>","protected":false},"excerpt":{"rendered":"<p>Promuovere, presso le generazioni pi\u00f9 giovani, il ruolo della sala cinematografica quale spazio culturale in cui la visione di un film sia un\u2019occasione di dialogo e analisi critica. Muove da questi obiettivi l\u2019iniziativa \u201cI Giovani al Cinema\u201d , progetto pilota promosso e finanziato dalla Regione del Veneto, realizzato dall\u2019AGIS e dall\u2019ANEC delle Tre Venezie, all\u2019interno [&hellip;]<\/p>\n","protected":false},"author":2,"featured_media":123525,"comment_status":"closed","ping_status":"open","sticky":false,"template":"","format":"standard","meta":{"footnotes":""},"categories":[3,25],"tags":[],"class_list":["post-136763","post","type-post","status-publish","format-standard","has-post-thumbnail","category-arte-cultura-spettacoli-scienza-archivi","category-pausa-caffe"],"yoast_head":"<!-- This site is optimized with the Yoast SEO plugin v28.4 - https:\/\/yoast.com\/product\/yoast-seo-wordpress\/ -->\n<title>Nasce \u201cI Giovani al Cinema\u201d Abbonamento a prezzo agevolato riservato agli under 35 - Bellunopress - Dolomiti<\/title>\n<meta name=\"robots\" content=\"index, follow, max-snippet:-1, max-image-preview:large, max-video-preview:-1\" \/>\n<link rel=\"canonical\" href=\"https:\/\/www.bellunopress.it\/fr\/2022\/10\/03\/nasce-i-giovani-al-cinema-abbonamento-a-prezzo-agevolato-riservato-agli-under-35\/\" \/>\n<meta property=\"og:locale\" content=\"fr_FR\" \/>\n<meta property=\"og:type\" content=\"article\" \/>\n<meta property=\"og:title\" content=\"Nasce \u201cI Giovani al Cinema\u201d Abbonamento a prezzo agevolato riservato agli under 35 - Bellunopress - Dolomiti\" \/>\n<meta property=\"og:description\" content=\"Promuovere, presso le generazioni pi\u00f9 giovani, il ruolo della sala cinematografica quale spazio culturale in cui la visione di un film sia un\u2019occasione di dialogo e analisi critica. Muove da questi obiettivi l\u2019iniziativa \u201cI Giovani al Cinema\u201d , progetto pilota promosso e finanziato dalla Regione del Veneto, realizzato dall\u2019AGIS e dall\u2019ANEC delle Tre Venezie, all\u2019interno [&hellip;]\" \/>\n<meta property=\"og:url\" content=\"https:\/\/www.bellunopress.it\/fr\/2022\/10\/03\/nasce-i-giovani-al-cinema-abbonamento-a-prezzo-agevolato-riservato-agli-under-35\/\" \/>\n<meta property=\"og:site_name\" content=\"Bellunopress - Dolomiti\" \/>\n<meta property=\"article:publisher\" content=\"https:\/\/www.facebook.com\/profile.php?id=100008943462799\" \/>\n<meta property=\"article:published_time\" content=\"2022-10-03T14:19:49+00:00\" \/>\n<meta property=\"og:image\" content=\"https:\/\/www.bellunopress.it\/wp-content\/uploads\/2021\/04\/cinema_edited.jpg\" \/>\n\t<meta property=\"og:image:width\" content=\"523\" \/>\n\t<meta property=\"og:image:height\" content=\"366\" \/>\n\t<meta property=\"og:image:type\" content=\"image\/jpeg\" \/>\n<meta name=\"author\" content=\"redazione\" \/>\n<meta name=\"twitter:card\" content=\"summary_large_image\" \/>\n<meta name=\"twitter:creator\" content=\"@bellunopress\" \/>\n<meta name=\"twitter:site\" content=\"@bellunopress\" \/>\n<meta name=\"twitter:label1\" content=\"\u00c9crit par\" \/>\n\t<meta name=\"twitter:data1\" content=\"redazione\" \/>\n\t<meta name=\"twitter:label2\" content=\"Dur\u00e9e de lecture estim\u00e9e\" \/>\n\t<meta name=\"twitter:data2\" content=\"5 minutes\" \/>\n<script type=\"application\/ld+json\" class=\"yoast-schema-graph\">{\"@context\":\"https:\\\/\\\/schema.org\",\"@graph\":[{\"@type\":\"Article\",\"@id\":\"https:\\\/\\\/www.bellunopress.it\\\/2022\\\/10\\\/03\\\/nasce-i-giovani-al-cinema-abbonamento-a-prezzo-agevolato-riservato-agli-under-35\\\/#article\",\"isPartOf\":{\"@id\":\"https:\\\/\\\/www.bellunopress.it\\\/2022\\\/10\\\/03\\\/nasce-i-giovani-al-cinema-abbonamento-a-prezzo-agevolato-riservato-agli-under-35\\\/\"},\"author\":{\"name\":\"redazione\",\"@id\":\"https:\\\/\\\/www.bellunopress.it\\\/#\\\/schema\\\/person\\\/79bb06722b37ece1c03d3e94beb30d73\"},\"headline\":\"Nasce \u201cI Giovani al Cinema\u201d Abbonamento a prezzo agevolato riservato agli under 35\",\"datePublished\":\"2022-10-03T14:19:49+00:00\",\"mainEntityOfPage\":{\"@id\":\"https:\\\/\\\/www.bellunopress.it\\\/2022\\\/10\\\/03\\\/nasce-i-giovani-al-cinema-abbonamento-a-prezzo-agevolato-riservato-agli-under-35\\\/\"},\"wordCount\":861,\"publisher\":{\"@id\":\"https:\\\/\\\/www.bellunopress.it\\\/#organization\"},\"image\":{\"@id\":\"https:\\\/\\\/www.bellunopress.it\\\/2022\\\/10\\\/03\\\/nasce-i-giovani-al-cinema-abbonamento-a-prezzo-agevolato-riservato-agli-under-35\\\/#primaryimage\"},\"thumbnailUrl\":\"https:\\\/\\\/www.bellunopress.it\\\/wp-content\\\/uploads\\\/2021\\\/04\\\/cinema_edited.jpg\",\"articleSection\":[\"Arte, Cultura, Spettacoli, Scienza\",\"Pausa Caff\u00e8\"],\"inLanguage\":\"fr-FR\"},{\"@type\":\"WebPage\",\"@id\":\"https:\\\/\\\/www.bellunopress.it\\\/2022\\\/10\\\/03\\\/nasce-i-giovani-al-cinema-abbonamento-a-prezzo-agevolato-riservato-agli-under-35\\\/\",\"url\":\"https:\\\/\\\/www.bellunopress.it\\\/2022\\\/10\\\/03\\\/nasce-i-giovani-al-cinema-abbonamento-a-prezzo-agevolato-riservato-agli-under-35\\\/\",\"name\":\"Nasce \u201cI Giovani al Cinema\u201d Abbonamento a prezzo agevolato riservato agli under 35 - Bellunopress - Dolomiti\",\"isPartOf\":{\"@id\":\"https:\\\/\\\/www.bellunopress.it\\\/#website\"},\"primaryImageOfPage\":{\"@id\":\"https:\\\/\\\/www.bellunopress.it\\\/2022\\\/10\\\/03\\\/nasce-i-giovani-al-cinema-abbonamento-a-prezzo-agevolato-riservato-agli-under-35\\\/#primaryimage\"},\"image\":{\"@id\":\"https:\\\/\\\/www.bellunopress.it\\\/2022\\\/10\\\/03\\\/nasce-i-giovani-al-cinema-abbonamento-a-prezzo-agevolato-riservato-agli-under-35\\\/#primaryimage\"},\"thumbnailUrl\":\"https:\\\/\\\/www.bellunopress.it\\\/wp-content\\\/uploads\\\/2021\\\/04\\\/cinema_edited.jpg\",\"datePublished\":\"2022-10-03T14:19:49+00:00\",\"breadcrumb\":{\"@id\":\"https:\\\/\\\/www.bellunopress.it\\\/2022\\\/10\\\/03\\\/nasce-i-giovani-al-cinema-abbonamento-a-prezzo-agevolato-riservato-agli-under-35\\\/#breadcrumb\"},\"inLanguage\":\"fr-FR\",\"potentialAction\":[{\"@type\":\"ReadAction\",\"target\":[\"https:\\\/\\\/www.bellunopress.it\\\/2022\\\/10\\\/03\\\/nasce-i-giovani-al-cinema-abbonamento-a-prezzo-agevolato-riservato-agli-under-35\\\/\"]}]},{\"@type\":\"ImageObject\",\"inLanguage\":\"fr-FR\",\"@id\":\"https:\\\/\\\/www.bellunopress.it\\\/2022\\\/10\\\/03\\\/nasce-i-giovani-al-cinema-abbonamento-a-prezzo-agevolato-riservato-agli-under-35\\\/#primaryimage\",\"url\":\"https:\\\/\\\/www.bellunopress.it\\\/wp-content\\\/uploads\\\/2021\\\/04\\\/cinema_edited.jpg\",\"contentUrl\":\"https:\\\/\\\/www.bellunopress.it\\\/wp-content\\\/uploads\\\/2021\\\/04\\\/cinema_edited.jpg\",\"width\":523,\"height\":366},{\"@type\":\"BreadcrumbList\",\"@id\":\"https:\\\/\\\/www.bellunopress.it\\\/2022\\\/10\\\/03\\\/nasce-i-giovani-al-cinema-abbonamento-a-prezzo-agevolato-riservato-agli-under-35\\\/#breadcrumb\",\"itemListElement\":[{\"@type\":\"ListItem\",\"position\":1,\"name\":\"Home\",\"item\":\"https:\\\/\\\/www.bellunopress.it\\\/\"},{\"@type\":\"ListItem\",\"position\":2,\"name\":\"Nasce \u201cI Giovani al Cinema\u201d Abbonamento a prezzo agevolato riservato agli under 35\"}]},{\"@type\":\"WebSite\",\"@id\":\"https:\\\/\\\/www.bellunopress.it\\\/#website\",\"url\":\"https:\\\/\\\/www.bellunopress.it\\\/\",\"name\":\"Bellunopress - Dolomiti\",\"description\":\"e-mail: redazione@bellunopress.it\",\"publisher\":{\"@id\":\"https:\\\/\\\/www.bellunopress.it\\\/#organization\"},\"potentialAction\":[{\"@type\":\"SearchAction\",\"target\":{\"@type\":\"EntryPoint\",\"urlTemplate\":\"https:\\\/\\\/www.bellunopress.it\\\/?s={search_term_string}\"},\"query-input\":{\"@type\":\"PropertyValueSpecification\",\"valueRequired\":true,\"valueName\":\"search_term_string\"}}],\"inLanguage\":\"fr-FR\"},{\"@type\":\"Organization\",\"@id\":\"https:\\\/\\\/www.bellunopress.it\\\/#organization\",\"name\":\"Bellunopress\",\"url\":\"https:\\\/\\\/www.bellunopress.it\\\/\",\"logo\":{\"@type\":\"ImageObject\",\"inLanguage\":\"fr-FR\",\"@id\":\"https:\\\/\\\/www.bellunopress.it\\\/#\\\/schema\\\/logo\\\/image\\\/\",\"url\":\"https:\\\/\\\/www.bellunopress.it\\\/wp-content\\\/uploads\\\/2011\\\/05\\\/cropped-logo-bellunopress-.jpg\",\"contentUrl\":\"https:\\\/\\\/www.bellunopress.it\\\/wp-content\\\/uploads\\\/2011\\\/05\\\/cropped-logo-bellunopress-.jpg\",\"width\":512,\"height\":512,\"caption\":\"Bellunopress\"},\"image\":{\"@id\":\"https:\\\/\\\/www.bellunopress.it\\\/#\\\/schema\\\/logo\\\/image\\\/\"},\"sameAs\":[\"https:\\\/\\\/www.facebook.com\\\/profile.php?id=100008943462799\",\"https:\\\/\\\/x.com\\\/bellunopress\",\"https:\\\/\\\/www.linkedin.com\\\/hp\\\/?dnr=JBzUWaJfMUw8vbXJJ2tVW5-I3jZKvC4wsoxE&amp;amp;amp;amp;amp;amp;trk=nav_responsive_tab_home\",\"https:\\\/\\\/www.youtube.com\\\/channel\\\/UCxL0wu1uN0_3_7hGG0306cw\"]},{\"@type\":\"Person\",\"@id\":\"https:\\\/\\\/www.bellunopress.it\\\/#\\\/schema\\\/person\\\/79bb06722b37ece1c03d3e94beb30d73\",\"name\":\"redazione\",\"image\":{\"@type\":\"ImageObject\",\"inLanguage\":\"fr-FR\",\"@id\":\"https:\\\/\\\/secure.gravatar.com\\\/avatar\\\/37d968a2e67a6fd04c169c4bdef102d0bc5d31b2546345219e348575eb80e9a0?s=96&d=mm&r=g\",\"url\":\"https:\\\/\\\/secure.gravatar.com\\\/avatar\\\/37d968a2e67a6fd04c169c4bdef102d0bc5d31b2546345219e348575eb80e9a0?s=96&d=mm&r=g\",\"contentUrl\":\"https:\\\/\\\/secure.gravatar.com\\\/avatar\\\/37d968a2e67a6fd04c169c4bdef102d0bc5d31b2546345219e348575eb80e9a0?s=96&d=mm&r=g\",\"caption\":\"redazione\"},\"sameAs\":[\"http:\\\/\\\/www.bellunopress.it\",\"https:\\\/\\\/x.com\\\/bellunopress\"],\"url\":\"https:\\\/\\\/www.bellunopress.it\\\/fr\\\/author\\\/redazione\\\/\"}]}<\/script>\n<!-- \/ Yoast SEO plugin. -->","yoast_head_json":{"title":"Nasce \u201cI Giovani al Cinema\u201d Abbonamento a prezzo agevolato riservato agli under 35 - Bellunopress - Dolomiti","robots":{"index":"index","follow":"follow","max-snippet":"max-snippet:-1","max-image-preview":"max-image-preview:large","max-video-preview":"max-video-preview:-1"},"canonical":"https:\/\/www.bellunopress.it\/fr\/2022\/10\/03\/nasce-i-giovani-al-cinema-abbonamento-a-prezzo-agevolato-riservato-agli-under-35\/","og_locale":"fr_FR","og_type":"article","og_title":"Nasce \u201cI Giovani al Cinema\u201d Abbonamento a prezzo agevolato riservato agli under 35 - Bellunopress - Dolomiti","og_description":"Promuovere, presso le generazioni pi\u00f9 giovani, il ruolo della sala cinematografica quale spazio culturale in cui la visione di un film sia un\u2019occasione di dialogo e analisi critica. Muove da questi obiettivi l\u2019iniziativa \u201cI Giovani al Cinema\u201d , progetto pilota promosso e finanziato dalla Regione del Veneto, realizzato dall\u2019AGIS e dall\u2019ANEC delle Tre Venezie, all\u2019interno [&hellip;]","og_url":"https:\/\/www.bellunopress.it\/fr\/2022\/10\/03\/nasce-i-giovani-al-cinema-abbonamento-a-prezzo-agevolato-riservato-agli-under-35\/","og_site_name":"Bellunopress - Dolomiti","article_publisher":"https:\/\/www.facebook.com\/profile.php?id=100008943462799","article_published_time":"2022-10-03T14:19:49+00:00","og_image":[{"width":523,"height":366,"url":"https:\/\/www.bellunopress.it\/wp-content\/uploads\/2021\/04\/cinema_edited.jpg","type":"image\/jpeg"}],"author":"redazione","twitter_card":"summary_large_image","twitter_creator":"@bellunopress","twitter_site":"@bellunopress","twitter_misc":{"\u00c9crit par":"redazione","Dur\u00e9e de lecture estim\u00e9e":"5 minutes"},"schema":{"@context":"https:\/\/schema.org","@graph":[{"@type":"Article","@id":"https:\/\/www.bellunopress.it\/2022\/10\/03\/nasce-i-giovani-al-cinema-abbonamento-a-prezzo-agevolato-riservato-agli-under-35\/#article","isPartOf":{"@id":"https:\/\/www.bellunopress.it\/2022\/10\/03\/nasce-i-giovani-al-cinema-abbonamento-a-prezzo-agevolato-riservato-agli-under-35\/"},"author":{"name":"redazione","@id":"https:\/\/www.bellunopress.it\/#\/schema\/person\/79bb06722b37ece1c03d3e94beb30d73"},"headline":"Nasce \u201cI Giovani al Cinema\u201d Abbonamento a prezzo agevolato riservato agli under 35","datePublished":"2022-10-03T14:19:49+00:00","mainEntityOfPage":{"@id":"https:\/\/www.bellunopress.it\/2022\/10\/03\/nasce-i-giovani-al-cinema-abbonamento-a-prezzo-agevolato-riservato-agli-under-35\/"},"wordCount":861,"publisher":{"@id":"https:\/\/www.bellunopress.it\/#organization"},"image":{"@id":"https:\/\/www.bellunopress.it\/2022\/10\/03\/nasce-i-giovani-al-cinema-abbonamento-a-prezzo-agevolato-riservato-agli-under-35\/#primaryimage"},"thumbnailUrl":"https:\/\/www.bellunopress.it\/wp-content\/uploads\/2021\/04\/cinema_edited.jpg","articleSection":["Arte, Cultura, Spettacoli, Scienza","Pausa Caff\u00e8"],"inLanguage":"fr-FR"},{"@type":"WebPage","@id":"https:\/\/www.bellunopress.it\/2022\/10\/03\/nasce-i-giovani-al-cinema-abbonamento-a-prezzo-agevolato-riservato-agli-under-35\/","url":"https:\/\/www.bellunopress.it\/2022\/10\/03\/nasce-i-giovani-al-cinema-abbonamento-a-prezzo-agevolato-riservato-agli-under-35\/","name":"Nasce \u201cI Giovani al Cinema\u201d Abbonamento a prezzo agevolato riservato agli under 35 - Bellunopress - Dolomiti","isPartOf":{"@id":"https:\/\/www.bellunopress.it\/#website"},"primaryImageOfPage":{"@id":"https:\/\/www.bellunopress.it\/2022\/10\/03\/nasce-i-giovani-al-cinema-abbonamento-a-prezzo-agevolato-riservato-agli-under-35\/#primaryimage"},"image":{"@id":"https:\/\/www.bellunopress.it\/2022\/10\/03\/nasce-i-giovani-al-cinema-abbonamento-a-prezzo-agevolato-riservato-agli-under-35\/#primaryimage"},"thumbnailUrl":"https:\/\/www.bellunopress.it\/wp-content\/uploads\/2021\/04\/cinema_edited.jpg","datePublished":"2022-10-03T14:19:49+00:00","breadcrumb":{"@id":"https:\/\/www.bellunopress.it\/2022\/10\/03\/nasce-i-giovani-al-cinema-abbonamento-a-prezzo-agevolato-riservato-agli-under-35\/#breadcrumb"},"inLanguage":"fr-FR","potentialAction":[{"@type":"ReadAction","target":["https:\/\/www.bellunopress.it\/2022\/10\/03\/nasce-i-giovani-al-cinema-abbonamento-a-prezzo-agevolato-riservato-agli-under-35\/"]}]},{"@type":"ImageObject","inLanguage":"fr-FR","@id":"https:\/\/www.bellunopress.it\/2022\/10\/03\/nasce-i-giovani-al-cinema-abbonamento-a-prezzo-agevolato-riservato-agli-under-35\/#primaryimage","url":"https:\/\/www.bellunopress.it\/wp-content\/uploads\/2021\/04\/cinema_edited.jpg","contentUrl":"https:\/\/www.bellunopress.it\/wp-content\/uploads\/2021\/04\/cinema_edited.jpg","width":523,"height":366},{"@type":"BreadcrumbList","@id":"https:\/\/www.bellunopress.it\/2022\/10\/03\/nasce-i-giovani-al-cinema-abbonamento-a-prezzo-agevolato-riservato-agli-under-35\/#breadcrumb","itemListElement":[{"@type":"ListItem","position":1,"name":"Home","item":"https:\/\/www.bellunopress.it\/"},{"@type":"ListItem","position":2,"name":"Nasce \u201cI Giovani al Cinema\u201d Abbonamento a prezzo agevolato riservato agli under 35"}]},{"@type":"WebSite","@id":"https:\/\/www.bellunopress.it\/#website","url":"https:\/\/www.bellunopress.it\/","name":"Bellunopress - Dolomiti","description":"e-mail: redazione@bellunopress.it","publisher":{"@id":"https:\/\/www.bellunopress.it\/#organization"},"potentialAction":[{"@type":"SearchAction","target":{"@type":"EntryPoint","urlTemplate":"https:\/\/www.bellunopress.it\/?s={search_term_string}"},"query-input":{"@type":"PropertyValueSpecification","valueRequired":true,"valueName":"search_term_string"}}],"inLanguage":"fr-FR"},{"@type":"Organization","@id":"https:\/\/www.bellunopress.it\/#organization","name":"Bellunopress","url":"https:\/\/www.bellunopress.it\/","logo":{"@type":"ImageObject","inLanguage":"fr-FR","@id":"https:\/\/www.bellunopress.it\/#\/schema\/logo\/image\/","url":"https:\/\/www.bellunopress.it\/wp-content\/uploads\/2011\/05\/cropped-logo-bellunopress-.jpg","contentUrl":"https:\/\/www.bellunopress.it\/wp-content\/uploads\/2011\/05\/cropped-logo-bellunopress-.jpg","width":512,"height":512,"caption":"Bellunopress"},"image":{"@id":"https:\/\/www.bellunopress.it\/#\/schema\/logo\/image\/"},"sameAs":["https:\/\/www.facebook.com\/profile.php?id=100008943462799","https:\/\/x.com\/bellunopress","https:\/\/www.linkedin.com\/hp\/?dnr=JBzUWaJfMUw8vbXJJ2tVW5-I3jZKvC4wsoxE&amp;amp;amp;amp;amp;amp;trk=nav_responsive_tab_home","https:\/\/www.youtube.com\/channel\/UCxL0wu1uN0_3_7hGG0306cw"]},{"@type":"Person","@id":"https:\/\/www.bellunopress.it\/#\/schema\/person\/79bb06722b37ece1c03d3e94beb30d73","name":"r\u00e9daction","image":{"@type":"ImageObject","inLanguage":"fr-FR","@id":"https:\/\/secure.gravatar.com\/avatar\/37d968a2e67a6fd04c169c4bdef102d0bc5d31b2546345219e348575eb80e9a0?s=96&d=mm&r=g","url":"https:\/\/secure.gravatar.com\/avatar\/37d968a2e67a6fd04c169c4bdef102d0bc5d31b2546345219e348575eb80e9a0?s=96&d=mm&r=g","contentUrl":"https:\/\/secure.gravatar.com\/avatar\/37d968a2e67a6fd04c169c4bdef102d0bc5d31b2546345219e348575eb80e9a0?s=96&d=mm&r=g","caption":"redazione"},"sameAs":["http:\/\/www.bellunopress.it","https:\/\/x.com\/bellunopress"],"url":"https:\/\/www.bellunopress.it\/fr\/author\/redazione\/"}]}},"_links":{"self":[{"href":"https:\/\/www.bellunopress.it\/fr\/wp-json\/wp\/v2\/posts\/136763","targetHints":{"allow":["GET"]}}],"collection":[{"href":"https:\/\/www.bellunopress.it\/fr\/wp-json\/wp\/v2\/posts"}],"about":[{"href":"https:\/\/www.bellunopress.it\/fr\/wp-json\/wp\/v2\/types\/post"}],"author":[{"embeddable":true,"href":"https:\/\/www.bellunopress.it\/fr\/wp-json\/wp\/v2\/users\/2"}],"replies":[{"embeddable":true,"href":"https:\/\/www.bellunopress.it\/fr\/wp-json\/wp\/v2\/comments?post=136763"}],"version-history":[{"count":1,"href":"https:\/\/www.bellunopress.it\/fr\/wp-json\/wp\/v2\/posts\/136763\/revisions"}],"predecessor-version":[{"id":136764,"href":"https:\/\/www.bellunopress.it\/fr\/wp-json\/wp\/v2\/posts\/136763\/revisions\/136764"}],"wp:featuredmedia":[{"embeddable":true,"href":"https:\/\/www.bellunopress.it\/fr\/wp-json\/wp\/v2\/media\/123525"}],"wp:attachment":[{"href":"https:\/\/www.bellunopress.it\/fr\/wp-json\/wp\/v2\/media?parent=136763"}],"wp:term":[{"taxonomy":"category","embeddable":true,"href":"https:\/\/www.bellunopress.it\/fr\/wp-json\/wp\/v2\/categories?post=136763"},{"taxonomy":"post_tag","embeddable":true,"href":"https:\/\/www.bellunopress.it\/fr\/wp-json\/wp\/v2\/tags?post=136763"}],"curies":[{"name":"wp","href":"https:\/\/api.w.org\/{rel}","templated":true}]}}