{"id":136758,"date":"2022-10-03T13:58:11","date_gmt":"2022-10-03T11:58:11","guid":{"rendered":"https:\/\/www.bellunopress.it\/?p=136758"},"modified":"2022-10-03T13:58:11","modified_gmt":"2022-10-03T11:58:11","slug":"quando-dalla-montagna-si-partiva-emigrazioni-e-storie-di-emigranti-a-seravella-dal-7-al-24-ottobre-la-mostra-fotografica","status":"publish","type":"post","link":"https:\/\/www.bellunopress.it\/fr\/2022\/10\/03\/quando-dalla-montagna-si-partiva-emigrazioni-e-storie-di-emigranti-a-seravella-dal-7-al-24-ottobre-la-mostra-fotografica\/","title":{"rendered":"Quando dalla montagna si partiva&#8230; Emigrazioni e storie di emigranti a Seravella. Dal 7 al 24 ottobre la mostra fotografica"},"content":{"rendered":"<figure id=\"attachment_128001\" aria-describedby=\"caption-attachment-128001\" style=\"width: 800px\" class=\"wp-caption alignleft\"><img loading=\"lazy\" decoding=\"async\" class=\"size-full wp-image-128001\" src=\"https:\/\/www.bellunopress.it\/wp-content\/uploads\/2021\/09\/museo-etnografico-seravella-Cesiomaggiore_edited.jpg\" alt=\"\" width=\"800\" height=\"600\" srcset=\"https:\/\/www.bellunopress.it\/wp-content\/uploads\/2021\/09\/museo-etnografico-seravella-Cesiomaggiore_edited.jpg 800w, https:\/\/www.bellunopress.it\/wp-content\/uploads\/2021\/09\/museo-etnografico-seravella-Cesiomaggiore_edited-500x375.jpg 500w, https:\/\/www.bellunopress.it\/wp-content\/uploads\/2021\/09\/museo-etnografico-seravella-Cesiomaggiore_edited-696x522.jpg 696w, https:\/\/www.bellunopress.it\/wp-content\/uploads\/2021\/09\/museo-etnografico-seravella-Cesiomaggiore_edited-560x420.jpg 560w, https:\/\/www.bellunopress.it\/wp-content\/uploads\/2021\/09\/museo-etnografico-seravella-Cesiomaggiore_edited-80x60.jpg 80w, https:\/\/www.bellunopress.it\/wp-content\/uploads\/2021\/09\/museo-etnografico-seravella-Cesiomaggiore_edited-265x198.jpg 265w\" sizes=\"auto, (max-width: 800px) 100vw, 800px\" \/><figcaption id=\"caption-attachment-128001\" class=\"wp-caption-text\">Museo Etnografico di Seravella (Cesiomaggiore)<\/figcaption><\/figure>\n<p>Riprendono le attivit\u00e0 culturali al Museo etnografico della Provincia di Belluno. La villa di Seravella (Cesiomaggiore) sta preparando un vasto calendario di appuntamenti didattici con le scolaresche e intanto comincia l&#8217;autunno con una mostra fotografica dedicata all&#8217;emigrazione dalla montagna. Focus su un passato in cui dalle valli dolomitiche si partiva &#8211; spesso con la valigia di cartone in mano &#8211; per andare a cercar fortuna altrove.<\/p>\n<p>&#8220;Emigrazione dalle Dolomiti nel corso del Novecento&#8221; \u00e8 il titolo della mostra, curata da Luciana Palla che \u00e8 anche autrice dell&#8217;omonimo libro edito da Bellunesi nel Mondo e dall&#8217;Istitut cultural Ladin Cesa de Jan. L&#8217;esposizione, composta di numerose fotografie e di documenti vari, illustra i pi\u00f9 importanti aspetti dell&#8217;emigrazione dai comuni di Colle Santa Lucia, Livinallongo e Rocca Pietore nel corso del Novecento: esodo permanente verso le Americhe e l&#8217;Australia, stagionale verso l&#8217;Europa. \u00c8 il risultato di una ricerca storica pluriennale condotta negli archivi, e arricchita da interviste e documenti raccolti con il contributo dei testimoni stessi.<\/p>\n<p>Completa l&#8217;esposizione un filmato di mezz&#8217;ora con quattro interviste a persone anziane che raccontano le dolorose vicende di chi \u00e8 partito, e anche quelle, altrettanto difficili, di chi \u00e8 rimasto in paese. I testi sui pannelli sono in italiano e in ladino.<\/p>\n<p>Il progetto che ha portato alla realizzazione della mostra \u00e8 stato promosso e finanziato dall&#8217;Istitut Cultural Ladin &#8220;Cesa de Jan&#8221;, con sede a Colle Santa Lucia. L&#8217;esposizione gode del patrocinio della Regione Trentino \u2013 Alto Adige, dell&#8217;Associazione Bellunesi nel Mondo e della Fondazione Dolomiti Unesco ed \u00e8 stata accolta nel programma della 26\u00b0 rassegna culturale di &#8220;Oltre Le Vette&#8221;. La scelta del Museo etnografico della Provincia di Belluno quale sede per l&#8217;esposizione nasce dal legame di questo istituto con tanti temi dell&#8217;emigrazione bellunese, nei quali ha condotto nel corso del tempo approfondite ricerche, in particolare sulle balie da latte e sull&#8217;esodo degli emigranti bellunesi verso il Brasile, temi ai quali sono dedicate specifiche sale lungo il percorso espositivo.<\/p>\n<p>La mostra sar\u00e0 inaugurata al Museo gioved\u00ec 6 ottobre alle 18, con la presentazione del libro e la partecipazione dello storico Quinto Antonelli, per anni responsabile dell&#8217;Archivio della scrittura popolare presso il Museo storico del Trentino e autore di numerose pubblicazioni. Sar\u00e0 poi visitabile fino al 24 ottobre dal marted\u00ec al venerd\u00ec dalle 9 alle 13, e il weekend dalle 15 alle 18.<\/p>\n<p>\u00abParlare di emigrazione significa andare alle radici della storia recente delle nostre comunit\u00e0 locali\u00bb commenta il consigliere provinciale delegato alla cultura, Simone Deola. \u00abMa significa anche analizzare avere uno strumento per leggere la contemporaneit\u00e0, con il drammatico spopolamento della montagna a cui assistiamo ormai da un decennio. Il Museo etnografico, con le sue attivit\u00e0 e la sua collezione, offre sempre un alta gamma di proposte culturali. La mostra rientra nella rassegna &#8220;Oltre le Vette&#8221; e rappresenta, in una situazione di crisi come quella che stiamo vivendo, un&#8217;occasione di sinergia che \u00e8 un punto di forza delle attivit\u00e0 culturali del nostro territorio. L&#8217;ingresso alla mostra \u00e8 gratuito. Consigliamo a chi non lo conoscesse, anche la contestuale visita al Museo\u00bb.<\/p>","protected":false},"excerpt":{"rendered":"<p>Riprendono le attivit\u00e0 culturali al Museo etnografico della Provincia di Belluno. La villa di Seravella (Cesiomaggiore) sta preparando un vasto calendario di appuntamenti didattici con le scolaresche e intanto comincia l&#8217;autunno con una mostra fotografica dedicata all&#8217;emigrazione dalla montagna. Focus su un passato in cui dalle valli dolomitiche si partiva &#8211; spesso con la valigia [&hellip;]<\/p>\n","protected":false},"author":2,"featured_media":128001,"comment_status":"closed","ping_status":"open","sticky":false,"template":"","format":"standard","meta":{"footnotes":""},"categories":[27,3,25],"tags":[],"class_list":["post-136758","post","type-post","status-publish","format-standard","has-post-thumbnail","category-appuntamenti","category-arte-cultura-spettacoli-scienza-archivi","category-pausa-caffe"],"yoast_head":"<!-- This site is optimized with the Yoast SEO plugin v28.4 - https:\/\/yoast.com\/product\/yoast-seo-wordpress\/ -->\n<title>Quando dalla montagna si partiva... Emigrazioni e storie di emigranti a Seravella. Dal 7 al 24 ottobre la mostra fotografica - Bellunopress - Dolomiti<\/title>\n<meta name=\"robots\" content=\"index, follow, max-snippet:-1, max-image-preview:large, max-video-preview:-1\" \/>\n<link rel=\"canonical\" href=\"https:\/\/www.bellunopress.it\/fr\/2022\/10\/03\/quando-dalla-montagna-si-partiva-emigrazioni-e-storie-di-emigranti-a-seravella-dal-7-al-24-ottobre-la-mostra-fotografica\/\" \/>\n<meta property=\"og:locale\" content=\"fr_FR\" \/>\n<meta property=\"og:type\" content=\"article\" \/>\n<meta property=\"og:title\" content=\"Quando dalla montagna si partiva... Emigrazioni e storie di emigranti a Seravella. Dal 7 al 24 ottobre la mostra fotografica - Bellunopress - Dolomiti\" \/>\n<meta property=\"og:description\" content=\"Riprendono le attivit\u00e0 culturali al Museo etnografico della Provincia di Belluno. La villa di Seravella (Cesiomaggiore) sta preparando un vasto calendario di appuntamenti didattici con le scolaresche e intanto comincia l&#8217;autunno con una mostra fotografica dedicata all&#8217;emigrazione dalla montagna. Focus su un passato in cui dalle valli dolomitiche si partiva &#8211; spesso con la valigia [&hellip;]\" \/>\n<meta property=\"og:url\" content=\"https:\/\/www.bellunopress.it\/fr\/2022\/10\/03\/quando-dalla-montagna-si-partiva-emigrazioni-e-storie-di-emigranti-a-seravella-dal-7-al-24-ottobre-la-mostra-fotografica\/\" \/>\n<meta property=\"og:site_name\" content=\"Bellunopress - Dolomiti\" \/>\n<meta property=\"article:publisher\" content=\"https:\/\/www.facebook.com\/profile.php?id=100008943462799\" \/>\n<meta property=\"article:published_time\" content=\"2022-10-03T11:58:11+00:00\" \/>\n<meta property=\"og:image\" content=\"https:\/\/www.bellunopress.it\/wp-content\/uploads\/2021\/09\/museo-etnografico-seravella-Cesiomaggiore_edited.jpg\" \/>\n\t<meta property=\"og:image:width\" content=\"800\" \/>\n\t<meta property=\"og:image:height\" content=\"600\" \/>\n\t<meta property=\"og:image:type\" content=\"image\/jpeg\" \/>\n<meta name=\"author\" content=\"redazione\" \/>\n<meta name=\"twitter:card\" content=\"summary_large_image\" \/>\n<meta name=\"twitter:creator\" content=\"@bellunopress\" \/>\n<meta name=\"twitter:site\" content=\"@bellunopress\" \/>\n<meta name=\"twitter:label1\" content=\"Written by\" \/>\n\t<meta name=\"twitter:data1\" content=\"redazione\" \/>\n\t<meta name=\"twitter:label2\" content=\"Est. reading time\" \/>\n\t<meta name=\"twitter:data2\" content=\"3 minutes\" \/>\n<script type=\"application\/ld+json\" class=\"yoast-schema-graph\">{\"@context\":\"https:\\\/\\\/schema.org\",\"@graph\":[{\"@type\":\"Article\",\"@id\":\"https:\\\/\\\/www.bellunopress.it\\\/2022\\\/10\\\/03\\\/quando-dalla-montagna-si-partiva-emigrazioni-e-storie-di-emigranti-a-seravella-dal-7-al-24-ottobre-la-mostra-fotografica\\\/#article\",\"isPartOf\":{\"@id\":\"https:\\\/\\\/www.bellunopress.it\\\/2022\\\/10\\\/03\\\/quando-dalla-montagna-si-partiva-emigrazioni-e-storie-di-emigranti-a-seravella-dal-7-al-24-ottobre-la-mostra-fotografica\\\/\"},\"author\":{\"name\":\"redazione\",\"@id\":\"https:\\\/\\\/www.bellunopress.it\\\/#\\\/schema\\\/person\\\/79bb06722b37ece1c03d3e94beb30d73\"},\"headline\":\"Quando dalla montagna si partiva&#8230; Emigrazioni e storie di emigranti a Seravella. Dal 7 al 24 ottobre la mostra fotografica\",\"datePublished\":\"2022-10-03T11:58:11+00:00\",\"mainEntityOfPage\":{\"@id\":\"https:\\\/\\\/www.bellunopress.it\\\/2022\\\/10\\\/03\\\/quando-dalla-montagna-si-partiva-emigrazioni-e-storie-di-emigranti-a-seravella-dal-7-al-24-ottobre-la-mostra-fotografica\\\/\"},\"wordCount\":535,\"publisher\":{\"@id\":\"https:\\\/\\\/www.bellunopress.it\\\/#organization\"},\"image\":{\"@id\":\"https:\\\/\\\/www.bellunopress.it\\\/2022\\\/10\\\/03\\\/quando-dalla-montagna-si-partiva-emigrazioni-e-storie-di-emigranti-a-seravella-dal-7-al-24-ottobre-la-mostra-fotografica\\\/#primaryimage\"},\"thumbnailUrl\":\"https:\\\/\\\/www.bellunopress.it\\\/wp-content\\\/uploads\\\/2021\\\/09\\\/museo-etnografico-seravella-Cesiomaggiore_edited.jpg\",\"articleSection\":[\"Appuntamenti, Eventi\",\"Arte, Cultura, Spettacoli, Scienza\",\"Pausa Caff\u00e8\"],\"inLanguage\":\"fr-FR\"},{\"@type\":\"WebPage\",\"@id\":\"https:\\\/\\\/www.bellunopress.it\\\/2022\\\/10\\\/03\\\/quando-dalla-montagna-si-partiva-emigrazioni-e-storie-di-emigranti-a-seravella-dal-7-al-24-ottobre-la-mostra-fotografica\\\/\",\"url\":\"https:\\\/\\\/www.bellunopress.it\\\/2022\\\/10\\\/03\\\/quando-dalla-montagna-si-partiva-emigrazioni-e-storie-di-emigranti-a-seravella-dal-7-al-24-ottobre-la-mostra-fotografica\\\/\",\"name\":\"Quando dalla montagna si partiva... Emigrazioni e storie di emigranti a Seravella. Dal 7 al 24 ottobre la mostra fotografica - Bellunopress - Dolomiti\",\"isPartOf\":{\"@id\":\"https:\\\/\\\/www.bellunopress.it\\\/#website\"},\"primaryImageOfPage\":{\"@id\":\"https:\\\/\\\/www.bellunopress.it\\\/2022\\\/10\\\/03\\\/quando-dalla-montagna-si-partiva-emigrazioni-e-storie-di-emigranti-a-seravella-dal-7-al-24-ottobre-la-mostra-fotografica\\\/#primaryimage\"},\"image\":{\"@id\":\"https:\\\/\\\/www.bellunopress.it\\\/2022\\\/10\\\/03\\\/quando-dalla-montagna-si-partiva-emigrazioni-e-storie-di-emigranti-a-seravella-dal-7-al-24-ottobre-la-mostra-fotografica\\\/#primaryimage\"},\"thumbnailUrl\":\"https:\\\/\\\/www.bellunopress.it\\\/wp-content\\\/uploads\\\/2021\\\/09\\\/museo-etnografico-seravella-Cesiomaggiore_edited.jpg\",\"datePublished\":\"2022-10-03T11:58:11+00:00\",\"breadcrumb\":{\"@id\":\"https:\\\/\\\/www.bellunopress.it\\\/2022\\\/10\\\/03\\\/quando-dalla-montagna-si-partiva-emigrazioni-e-storie-di-emigranti-a-seravella-dal-7-al-24-ottobre-la-mostra-fotografica\\\/#breadcrumb\"},\"inLanguage\":\"fr-FR\",\"potentialAction\":[{\"@type\":\"ReadAction\",\"target\":[\"https:\\\/\\\/www.bellunopress.it\\\/2022\\\/10\\\/03\\\/quando-dalla-montagna-si-partiva-emigrazioni-e-storie-di-emigranti-a-seravella-dal-7-al-24-ottobre-la-mostra-fotografica\\\/\"]}]},{\"@type\":\"ImageObject\",\"inLanguage\":\"fr-FR\",\"@id\":\"https:\\\/\\\/www.bellunopress.it\\\/2022\\\/10\\\/03\\\/quando-dalla-montagna-si-partiva-emigrazioni-e-storie-di-emigranti-a-seravella-dal-7-al-24-ottobre-la-mostra-fotografica\\\/#primaryimage\",\"url\":\"https:\\\/\\\/www.bellunopress.it\\\/wp-content\\\/uploads\\\/2021\\\/09\\\/museo-etnografico-seravella-Cesiomaggiore_edited.jpg\",\"contentUrl\":\"https:\\\/\\\/www.bellunopress.it\\\/wp-content\\\/uploads\\\/2021\\\/09\\\/museo-etnografico-seravella-Cesiomaggiore_edited.jpg\",\"width\":800,\"height\":600,\"caption\":\"Museo Etnografico di Seravella (Cesiomaggiore)\"},{\"@type\":\"BreadcrumbList\",\"@id\":\"https:\\\/\\\/www.bellunopress.it\\\/2022\\\/10\\\/03\\\/quando-dalla-montagna-si-partiva-emigrazioni-e-storie-di-emigranti-a-seravella-dal-7-al-24-ottobre-la-mostra-fotografica\\\/#breadcrumb\",\"itemListElement\":[{\"@type\":\"ListItem\",\"position\":1,\"name\":\"Home\",\"item\":\"https:\\\/\\\/www.bellunopress.it\\\/\"},{\"@type\":\"ListItem\",\"position\":2,\"name\":\"Quando dalla montagna si partiva&#8230; Emigrazioni e storie di emigranti a Seravella. Dal 7 al 24 ottobre la mostra fotografica\"}]},{\"@type\":\"WebSite\",\"@id\":\"https:\\\/\\\/www.bellunopress.it\\\/#website\",\"url\":\"https:\\\/\\\/www.bellunopress.it\\\/\",\"name\":\"Bellunopress - Dolomiti\",\"description\":\"e-mail: redazione@bellunopress.it\",\"publisher\":{\"@id\":\"https:\\\/\\\/www.bellunopress.it\\\/#organization\"},\"potentialAction\":[{\"@type\":\"SearchAction\",\"target\":{\"@type\":\"EntryPoint\",\"urlTemplate\":\"https:\\\/\\\/www.bellunopress.it\\\/?s={search_term_string}\"},\"query-input\":{\"@type\":\"PropertyValueSpecification\",\"valueRequired\":true,\"valueName\":\"search_term_string\"}}],\"inLanguage\":\"fr-FR\"},{\"@type\":\"Organization\",\"@id\":\"https:\\\/\\\/www.bellunopress.it\\\/#organization\",\"name\":\"Bellunopress\",\"url\":\"https:\\\/\\\/www.bellunopress.it\\\/\",\"logo\":{\"@type\":\"ImageObject\",\"inLanguage\":\"fr-FR\",\"@id\":\"https:\\\/\\\/www.bellunopress.it\\\/#\\\/schema\\\/logo\\\/image\\\/\",\"url\":\"https:\\\/\\\/www.bellunopress.it\\\/wp-content\\\/uploads\\\/2011\\\/05\\\/cropped-logo-bellunopress-.jpg\",\"contentUrl\":\"https:\\\/\\\/www.bellunopress.it\\\/wp-content\\\/uploads\\\/2011\\\/05\\\/cropped-logo-bellunopress-.jpg\",\"width\":512,\"height\":512,\"caption\":\"Bellunopress\"},\"image\":{\"@id\":\"https:\\\/\\\/www.bellunopress.it\\\/#\\\/schema\\\/logo\\\/image\\\/\"},\"sameAs\":[\"https:\\\/\\\/www.facebook.com\\\/profile.php?id=100008943462799\",\"https:\\\/\\\/x.com\\\/bellunopress\",\"https:\\\/\\\/www.linkedin.com\\\/hp\\\/?dnr=JBzUWaJfMUw8vbXJJ2tVW5-I3jZKvC4wsoxE&amp;amp;amp;amp;amp;amp;trk=nav_responsive_tab_home\",\"https:\\\/\\\/www.youtube.com\\\/channel\\\/UCxL0wu1uN0_3_7hGG0306cw\"]},{\"@type\":\"Person\",\"@id\":\"https:\\\/\\\/www.bellunopress.it\\\/#\\\/schema\\\/person\\\/79bb06722b37ece1c03d3e94beb30d73\",\"name\":\"redazione\",\"image\":{\"@type\":\"ImageObject\",\"inLanguage\":\"fr-FR\",\"@id\":\"https:\\\/\\\/secure.gravatar.com\\\/avatar\\\/37d968a2e67a6fd04c169c4bdef102d0bc5d31b2546345219e348575eb80e9a0?s=96&d=mm&r=g\",\"url\":\"https:\\\/\\\/secure.gravatar.com\\\/avatar\\\/37d968a2e67a6fd04c169c4bdef102d0bc5d31b2546345219e348575eb80e9a0?s=96&d=mm&r=g\",\"contentUrl\":\"https:\\\/\\\/secure.gravatar.com\\\/avatar\\\/37d968a2e67a6fd04c169c4bdef102d0bc5d31b2546345219e348575eb80e9a0?s=96&d=mm&r=g\",\"caption\":\"redazione\"},\"sameAs\":[\"http:\\\/\\\/www.bellunopress.it\",\"https:\\\/\\\/x.com\\\/bellunopress\"],\"url\":\"https:\\\/\\\/www.bellunopress.it\\\/fr\\\/author\\\/redazione\\\/\"}]}<\/script>\n<!-- \/ Yoast SEO plugin. -->","yoast_head_json":{"title":"Quando dalla montagna si partiva... Emigrazioni e storie di emigranti a Seravella. Dal 7 al 24 ottobre la mostra fotografica - Bellunopress - Dolomiti","robots":{"index":"index","follow":"follow","max-snippet":"max-snippet:-1","max-image-preview":"max-image-preview:large","max-video-preview":"max-video-preview:-1"},"canonical":"https:\/\/www.bellunopress.it\/fr\/2022\/10\/03\/quando-dalla-montagna-si-partiva-emigrazioni-e-storie-di-emigranti-a-seravella-dal-7-al-24-ottobre-la-mostra-fotografica\/","og_locale":"fr_FR","og_type":"article","og_title":"Quando dalla montagna si partiva... Emigrazioni e storie di emigranti a Seravella. Dal 7 al 24 ottobre la mostra fotografica - Bellunopress - Dolomiti","og_description":"Riprendono le attivit\u00e0 culturali al Museo etnografico della Provincia di Belluno. La villa di Seravella (Cesiomaggiore) sta preparando un vasto calendario di appuntamenti didattici con le scolaresche e intanto comincia l&#8217;autunno con una mostra fotografica dedicata all&#8217;emigrazione dalla montagna. Focus su un passato in cui dalle valli dolomitiche si partiva &#8211; spesso con la valigia [&hellip;]","og_url":"https:\/\/www.bellunopress.it\/fr\/2022\/10\/03\/quando-dalla-montagna-si-partiva-emigrazioni-e-storie-di-emigranti-a-seravella-dal-7-al-24-ottobre-la-mostra-fotografica\/","og_site_name":"Bellunopress - Dolomiti","article_publisher":"https:\/\/www.facebook.com\/profile.php?id=100008943462799","article_published_time":"2022-10-03T11:58:11+00:00","og_image":[{"width":800,"height":600,"url":"https:\/\/www.bellunopress.it\/wp-content\/uploads\/2021\/09\/museo-etnografico-seravella-Cesiomaggiore_edited.jpg","type":"image\/jpeg"}],"author":"redazione","twitter_card":"summary_large_image","twitter_creator":"@bellunopress","twitter_site":"@bellunopress","twitter_misc":{"Written by":"redazione","Est. reading time":"3 minutes"},"schema":{"@context":"https:\/\/schema.org","@graph":[{"@type":"Article","@id":"https:\/\/www.bellunopress.it\/2022\/10\/03\/quando-dalla-montagna-si-partiva-emigrazioni-e-storie-di-emigranti-a-seravella-dal-7-al-24-ottobre-la-mostra-fotografica\/#article","isPartOf":{"@id":"https:\/\/www.bellunopress.it\/2022\/10\/03\/quando-dalla-montagna-si-partiva-emigrazioni-e-storie-di-emigranti-a-seravella-dal-7-al-24-ottobre-la-mostra-fotografica\/"},"author":{"name":"redazione","@id":"https:\/\/www.bellunopress.it\/#\/schema\/person\/79bb06722b37ece1c03d3e94beb30d73"},"headline":"Quando dalla montagna si partiva&#8230; Emigrazioni e storie di emigranti a Seravella. Dal 7 al 24 ottobre la mostra fotografica","datePublished":"2022-10-03T11:58:11+00:00","mainEntityOfPage":{"@id":"https:\/\/www.bellunopress.it\/2022\/10\/03\/quando-dalla-montagna-si-partiva-emigrazioni-e-storie-di-emigranti-a-seravella-dal-7-al-24-ottobre-la-mostra-fotografica\/"},"wordCount":535,"publisher":{"@id":"https:\/\/www.bellunopress.it\/#organization"},"image":{"@id":"https:\/\/www.bellunopress.it\/2022\/10\/03\/quando-dalla-montagna-si-partiva-emigrazioni-e-storie-di-emigranti-a-seravella-dal-7-al-24-ottobre-la-mostra-fotografica\/#primaryimage"},"thumbnailUrl":"https:\/\/www.bellunopress.it\/wp-content\/uploads\/2021\/09\/museo-etnografico-seravella-Cesiomaggiore_edited.jpg","articleSection":["Appuntamenti, Eventi","Arte, Cultura, Spettacoli, Scienza","Pausa Caff\u00e8"],"inLanguage":"fr-FR"},{"@type":"WebPage","@id":"https:\/\/www.bellunopress.it\/2022\/10\/03\/quando-dalla-montagna-si-partiva-emigrazioni-e-storie-di-emigranti-a-seravella-dal-7-al-24-ottobre-la-mostra-fotografica\/","url":"https:\/\/www.bellunopress.it\/2022\/10\/03\/quando-dalla-montagna-si-partiva-emigrazioni-e-storie-di-emigranti-a-seravella-dal-7-al-24-ottobre-la-mostra-fotografica\/","name":"Quando dalla montagna si partiva... Emigrazioni e storie di emigranti a Seravella. Dal 7 al 24 ottobre la mostra fotografica - Bellunopress - Dolomiti","isPartOf":{"@id":"https:\/\/www.bellunopress.it\/#website"},"primaryImageOfPage":{"@id":"https:\/\/www.bellunopress.it\/2022\/10\/03\/quando-dalla-montagna-si-partiva-emigrazioni-e-storie-di-emigranti-a-seravella-dal-7-al-24-ottobre-la-mostra-fotografica\/#primaryimage"},"image":{"@id":"https:\/\/www.bellunopress.it\/2022\/10\/03\/quando-dalla-montagna-si-partiva-emigrazioni-e-storie-di-emigranti-a-seravella-dal-7-al-24-ottobre-la-mostra-fotografica\/#primaryimage"},"thumbnailUrl":"https:\/\/www.bellunopress.it\/wp-content\/uploads\/2021\/09\/museo-etnografico-seravella-Cesiomaggiore_edited.jpg","datePublished":"2022-10-03T11:58:11+00:00","breadcrumb":{"@id":"https:\/\/www.bellunopress.it\/2022\/10\/03\/quando-dalla-montagna-si-partiva-emigrazioni-e-storie-di-emigranti-a-seravella-dal-7-al-24-ottobre-la-mostra-fotografica\/#breadcrumb"},"inLanguage":"fr-FR","potentialAction":[{"@type":"ReadAction","target":["https:\/\/www.bellunopress.it\/2022\/10\/03\/quando-dalla-montagna-si-partiva-emigrazioni-e-storie-di-emigranti-a-seravella-dal-7-al-24-ottobre-la-mostra-fotografica\/"]}]},{"@type":"ImageObject","inLanguage":"fr-FR","@id":"https:\/\/www.bellunopress.it\/2022\/10\/03\/quando-dalla-montagna-si-partiva-emigrazioni-e-storie-di-emigranti-a-seravella-dal-7-al-24-ottobre-la-mostra-fotografica\/#primaryimage","url":"https:\/\/www.bellunopress.it\/wp-content\/uploads\/2021\/09\/museo-etnografico-seravella-Cesiomaggiore_edited.jpg","contentUrl":"https:\/\/www.bellunopress.it\/wp-content\/uploads\/2021\/09\/museo-etnografico-seravella-Cesiomaggiore_edited.jpg","width":800,"height":600,"caption":"Museo Etnografico di Seravella (Cesiomaggiore)"},{"@type":"BreadcrumbList","@id":"https:\/\/www.bellunopress.it\/2022\/10\/03\/quando-dalla-montagna-si-partiva-emigrazioni-e-storie-di-emigranti-a-seravella-dal-7-al-24-ottobre-la-mostra-fotografica\/#breadcrumb","itemListElement":[{"@type":"ListItem","position":1,"name":"Home","item":"https:\/\/www.bellunopress.it\/"},{"@type":"ListItem","position":2,"name":"Quando dalla montagna si partiva&#8230; Emigrazioni e storie di emigranti a Seravella. Dal 7 al 24 ottobre la mostra fotografica"}]},{"@type":"WebSite","@id":"https:\/\/www.bellunopress.it\/#website","url":"https:\/\/www.bellunopress.it\/","name":"Bellunopress - Dolomiti","description":"e-mail: redazione@bellunopress.it","publisher":{"@id":"https:\/\/www.bellunopress.it\/#organization"},"potentialAction":[{"@type":"SearchAction","target":{"@type":"EntryPoint","urlTemplate":"https:\/\/www.bellunopress.it\/?s={search_term_string}"},"query-input":{"@type":"PropertyValueSpecification","valueRequired":true,"valueName":"search_term_string"}}],"inLanguage":"fr-FR"},{"@type":"Organization","@id":"https:\/\/www.bellunopress.it\/#organization","name":"Bellunopress","url":"https:\/\/www.bellunopress.it\/","logo":{"@type":"ImageObject","inLanguage":"fr-FR","@id":"https:\/\/www.bellunopress.it\/#\/schema\/logo\/image\/","url":"https:\/\/www.bellunopress.it\/wp-content\/uploads\/2011\/05\/cropped-logo-bellunopress-.jpg","contentUrl":"https:\/\/www.bellunopress.it\/wp-content\/uploads\/2011\/05\/cropped-logo-bellunopress-.jpg","width":512,"height":512,"caption":"Bellunopress"},"image":{"@id":"https:\/\/www.bellunopress.it\/#\/schema\/logo\/image\/"},"sameAs":["https:\/\/www.facebook.com\/profile.php?id=100008943462799","https:\/\/x.com\/bellunopress","https:\/\/www.linkedin.com\/hp\/?dnr=JBzUWaJfMUw8vbXJJ2tVW5-I3jZKvC4wsoxE&amp;amp;amp;amp;amp;amp;trk=nav_responsive_tab_home","https:\/\/www.youtube.com\/channel\/UCxL0wu1uN0_3_7hGG0306cw"]},{"@type":"Person","@id":"https:\/\/www.bellunopress.it\/#\/schema\/person\/79bb06722b37ece1c03d3e94beb30d73","name":"r\u00e9daction","image":{"@type":"ImageObject","inLanguage":"fr-FR","@id":"https:\/\/secure.gravatar.com\/avatar\/37d968a2e67a6fd04c169c4bdef102d0bc5d31b2546345219e348575eb80e9a0?s=96&d=mm&r=g","url":"https:\/\/secure.gravatar.com\/avatar\/37d968a2e67a6fd04c169c4bdef102d0bc5d31b2546345219e348575eb80e9a0?s=96&d=mm&r=g","contentUrl":"https:\/\/secure.gravatar.com\/avatar\/37d968a2e67a6fd04c169c4bdef102d0bc5d31b2546345219e348575eb80e9a0?s=96&d=mm&r=g","caption":"redazione"},"sameAs":["http:\/\/www.bellunopress.it","https:\/\/x.com\/bellunopress"],"url":"https:\/\/www.bellunopress.it\/fr\/author\/redazione\/"}]}},"_links":{"self":[{"href":"https:\/\/www.bellunopress.it\/fr\/wp-json\/wp\/v2\/posts\/136758","targetHints":{"allow":["GET"]}}],"collection":[{"href":"https:\/\/www.bellunopress.it\/fr\/wp-json\/wp\/v2\/posts"}],"about":[{"href":"https:\/\/www.bellunopress.it\/fr\/wp-json\/wp\/v2\/types\/post"}],"author":[{"embeddable":true,"href":"https:\/\/www.bellunopress.it\/fr\/wp-json\/wp\/v2\/users\/2"}],"replies":[{"embeddable":true,"href":"https:\/\/www.bellunopress.it\/fr\/wp-json\/wp\/v2\/comments?post=136758"}],"version-history":[{"count":1,"href":"https:\/\/www.bellunopress.it\/fr\/wp-json\/wp\/v2\/posts\/136758\/revisions"}],"predecessor-version":[{"id":136759,"href":"https:\/\/www.bellunopress.it\/fr\/wp-json\/wp\/v2\/posts\/136758\/revisions\/136759"}],"wp:featuredmedia":[{"embeddable":true,"href":"https:\/\/www.bellunopress.it\/fr\/wp-json\/wp\/v2\/media\/128001"}],"wp:attachment":[{"href":"https:\/\/www.bellunopress.it\/fr\/wp-json\/wp\/v2\/media?parent=136758"}],"wp:term":[{"taxonomy":"category","embeddable":true,"href":"https:\/\/www.bellunopress.it\/fr\/wp-json\/wp\/v2\/categories?post=136758"},{"taxonomy":"post_tag","embeddable":true,"href":"https:\/\/www.bellunopress.it\/fr\/wp-json\/wp\/v2\/tags?post=136758"}],"curies":[{"name":"wp","href":"https:\/\/api.w.org\/{rel}","templated":true}]}}