{"id":136755,"date":"2022-10-03T08:23:21","date_gmt":"2022-10-03T06:23:21","guid":{"rendered":"https:\/\/www.bellunopress.it\/?p=136755"},"modified":"2022-10-03T13:31:05","modified_gmt":"2022-10-03T11:31:05","slug":"il-92enne-nando-nardis-premiato-come-atleta-piu-longevo-alle-olimpiadi-50piu","status":"publish","type":"post","link":"https:\/\/www.bellunopress.it\/fr\/2022\/10\/03\/il-92enne-nando-nardis-premiato-come-atleta-piu-longevo-alle-olimpiadi-50piu\/","title":{"rendered":"Il 92enne Nando Nardis premiato come atleta pi\u00f9 longevo alle Olimpiadi 50&#038;Pi\u00f9"},"content":{"rendered":"<p><img loading=\"lazy\" decoding=\"async\" class=\"alignleft size-full wp-image-136756\" src=\"https:\/\/www.bellunopress.it\/wp-content\/uploads\/2022\/10\/50piu-.jpg\" alt=\"\" width=\"413\" height=\"368\" \/>Belluno, 3 ottobre 2022 &#8211; Pantaloncini rossi e maglietta bianca, sulla schiena la scritta &#8216;Immagina&#8217; con i colori dell&#8217;arcobaleno e il numero di concorso attaccato sul petto. \u00c8 questo lo stile dei 463 atleti over 50 che si sono sfidati sui campi da gioco durante la 28\u00aa edizione delle Olimpiadi 50&amp;Pi\u00f9. L&#8217;appuntamento, tra i pi\u00f9 attesi e i pi\u00f9 importanti firmati 50&amp;Pi\u00f9, si inserisce all&#8217;interno di un evento dal respiro pi\u00f9 ampio: &#8216;Immagina 2022&#8217; che comprende anche le semifinali della 19\u00aa edizione di &#8216;Italia In&#8230;Canto&#8217;. La kermesse di fine estate \u2013 andata in scena presso il Garden Toscana Resort di San Vincenzo, in provincia di Livorno \u2013 ha visto 50&amp;Pi\u00f9 al fianco di UNICEF, Fondo delle Nazioni Unite per l&#8217;infanzia, che dal 1946 tutela i diritti dei bambini e delle bambine nel mondo garantendo salute, uguaglianza, istruzione e protezione.<\/p>\n<p>Gli atleti &#8211; 252 donne e 211 uomini \u2013 si sono sfidati in undici discipline olimpiche, dalle bocce singolo e doppio misto alle freccette, alla marcia e all&#8217;arco e ancora basket, tennis singolo e doppio, nuoto (stile libero e rana), ping-pong, maratona e ciclismo. Le 50&amp;Pi\u00f9 Provinciali in base al numero degli iscritti sono state divise in quattro categorie. Come di consueto, gli atleti e gli ospiti hanno avuto occasione di rilassarsi con una passeggiata in bicicletta accompagnati da Francesco Moser, un ospite fisso degli appuntamenti sportivi di 50&amp;Pi\u00f9 e gi\u00e0 maglia rosa al Giro d&#8217;Italia del 1979. Lo &#8216;sceriffo&#8217; Moser \u2013 soprannominato cos\u00ec per la sua capacit\u00e0 di gestire il gruppo durante la corsa &#8211; ha aperto la gara della categoria ciclismo uomini. Quest&#8217;anno, per la prima volta alle Olimpiadi degli over 50, anche la ciclista velocista Mara Mosole, prima nel Campionato nazionale nel 1984 e gi\u00e0 maglia rosa, ha dato il &#8216;via&#8217; alla gara di ciclismo donne. Si sono svolte nel pomeriggio di sabato 24 settembre, presso il teatro del Garden Toscana Resort, le premiazioni dei giochi olimpici.<\/p>\n<p>Le coppe 50&amp;Pi\u00f9 con il titolo di vincitore assoluto delle Olimpiadi 50&amp;Pi\u00f9 individuali uomo e donna sono andate a: terzo posto per Angela Sicuro di Lecce con 81 punti, al secondo posto Mirella Trotti di Sondrio con 86 punti e al primo posto Maria Teresa Bianchi di Belluno con 106. Per gli uomini, invece, si \u00e8 classificato al terzo posto Massimo Pissinis di Vercelli con 73 punti; al secondo posto con 91 punti Giulio Rocco Castello di Salerno e primo Roberto Marchesi di Milano con 92 punti.<\/p>\n<p>Vincitore assoluto delle Olimpiadi 50&amp;Pi\u00f9 con la migliore media punti atleta va alla provincia di Milano. Salgono sul podio anche Vercelli al secondo posto e Salerno al terzo posto.<\/p>\n<p>E anche questa competizione, come ogni gara che si rispetti, ha avuto le sue mascotte, gli atleti pi\u00f9 longevi. \u00c8 tornata sui campi da gioco Pierina Tumiatti: all&#8217;et\u00e0 di 99 anni si \u00e8 cimentata nel gioco delle bocce e \u2013 fuori concorso &#8211; nel nuoto in disciplina stile libero. Nando Nardis 92 anni in gara per le sfide di basket, freccette, marcia, ping-pong e arco. E ancora il piacentino Silvestro Paolo Costanzo che all&#8217;et\u00e0 di 90 anni ha gareggiato alla marcia e alla maratona. Tutti hanno dato prova della loro tenacia e della loro forza.<\/p>\n<p>&#8220;Partecipare alle Olimpiadi non \u00e8 solo una sfida da intraprendere, partecipare significa superare i limiti che spesso ci poniamo da soli, perch\u00e9 senza questi limiti il confronto si trasforma in incontro. L&#8217;impegno, la fatica, la costanza e la passione si esprimono soprattutto con lo sport. Per noi di 50&amp;Pi\u00f9, \u00e8 un impegno liberare il potenziale della nostra generazione per metterlo al servizio del Paese. Il nostro compito \u00e8 sollecitare le istituzioni perch\u00e9 invecchiare bene non sia un privilegio di pochi ma un obiettivo di tutti&#8221; ha commentato Carlo Sangalli, Presidente Nazionale di 50&amp;Pi\u00f9.<\/p>\n<p>&nbsp;<\/p>\n<p>Associazione 50&amp;Pi\u00f9<br \/>\nL&#8217;Associazione 50&amp;Pi\u00f9 dal 1974 opera per la rappresentanza, la tutela e l&#8217;assistenza dei propri soci e per il riconoscimento degli over 50 come risorsa della societ\u00e0. Con oltre 330mila iscritti, \u00e8 diffusa sul territorio nazionale con numerose sedi provinciali e zonali e supera i confini italiani con 29 sedi in 10 Paesi del mondo. www.spazio50.org<\/p>","protected":false},"excerpt":{"rendered":"<p>Belluno, 3 ottobre 2022 &#8211; Pantaloncini rossi e maglietta bianca, sulla schiena la scritta &#8216;Immagina&#8217; con i colori dell&#8217;arcobaleno e il numero di concorso attaccato sul petto. \u00c8 questo lo stile dei 463 atleti over 50 che si sono sfidati sui campi da gioco durante la 28\u00aa edizione delle Olimpiadi 50&amp;Pi\u00f9. L&#8217;appuntamento, tra i pi\u00f9 [&hellip;]<\/p>\n","protected":false},"author":2,"featured_media":136756,"comment_status":"closed","ping_status":"open","sticky":false,"template":"","format":"standard","meta":{"footnotes":""},"categories":[4],"tags":[],"class_list":["post-136755","post","type-post","status-publish","format-standard","has-post-thumbnail","category-sport"],"yoast_head":"<!-- This site is optimized with the Yoast SEO plugin v28.4 - https:\/\/yoast.com\/product\/yoast-seo-wordpress\/ -->\n<title>Il 92enne Nando Nardis premiato come atleta pi\u00f9 longevo alle Olimpiadi 50&amp;Pi\u00f9 - Bellunopress - Dolomiti<\/title>\n<meta name=\"robots\" content=\"index, follow, max-snippet:-1, max-image-preview:large, max-video-preview:-1\" \/>\n<link rel=\"canonical\" href=\"https:\/\/www.bellunopress.it\/fr\/2022\/10\/03\/il-92enne-nando-nardis-premiato-come-atleta-piu-longevo-alle-olimpiadi-50piu\/\" \/>\n<meta property=\"og:locale\" content=\"fr_FR\" \/>\n<meta property=\"og:type\" content=\"article\" \/>\n<meta property=\"og:title\" content=\"Il 92enne Nando Nardis premiato come atleta pi\u00f9 longevo alle Olimpiadi 50&amp;Pi\u00f9 - Bellunopress - Dolomiti\" \/>\n<meta property=\"og:description\" content=\"Belluno, 3 ottobre 2022 &#8211; Pantaloncini rossi e maglietta bianca, sulla schiena la scritta &#8216;Immagina&#8217; con i colori dell&#8217;arcobaleno e il numero di concorso attaccato sul petto. \u00c8 questo lo stile dei 463 atleti over 50 che si sono sfidati sui campi da gioco durante la 28\u00aa edizione delle Olimpiadi 50&amp;Pi\u00f9. L&#8217;appuntamento, tra i pi\u00f9 [&hellip;]\" \/>\n<meta property=\"og:url\" content=\"https:\/\/www.bellunopress.it\/fr\/2022\/10\/03\/il-92enne-nando-nardis-premiato-come-atleta-piu-longevo-alle-olimpiadi-50piu\/\" \/>\n<meta property=\"og:site_name\" content=\"Bellunopress - Dolomiti\" \/>\n<meta property=\"article:publisher\" content=\"https:\/\/www.facebook.com\/profile.php?id=100008943462799\" \/>\n<meta property=\"article:published_time\" content=\"2022-10-03T06:23:21+00:00\" \/>\n<meta property=\"article:modified_time\" content=\"2022-10-03T11:31:05+00:00\" \/>\n<meta property=\"og:image\" content=\"https:\/\/www.bellunopress.it\/wp-content\/uploads\/2022\/10\/50piu-.jpg\" \/>\n\t<meta property=\"og:image:width\" content=\"413\" \/>\n\t<meta property=\"og:image:height\" content=\"368\" \/>\n\t<meta property=\"og:image:type\" content=\"image\/jpeg\" \/>\n<meta name=\"author\" content=\"redazione\" \/>\n<meta name=\"twitter:card\" content=\"summary_large_image\" \/>\n<meta name=\"twitter:creator\" content=\"@bellunopress\" \/>\n<meta name=\"twitter:site\" content=\"@bellunopress\" \/>\n<meta name=\"twitter:label1\" content=\"\u00c9crit par\" \/>\n\t<meta name=\"twitter:data1\" content=\"redazione\" \/>\n\t<meta name=\"twitter:label2\" content=\"Dur\u00e9e de lecture estim\u00e9e\" \/>\n\t<meta name=\"twitter:data2\" content=\"4 minutes\" \/>\n<script type=\"application\/ld+json\" class=\"yoast-schema-graph\">{\"@context\":\"https:\\\/\\\/schema.org\",\"@graph\":[{\"@type\":\"Article\",\"@id\":\"https:\\\/\\\/www.bellunopress.it\\\/2022\\\/10\\\/03\\\/il-92enne-nando-nardis-premiato-come-atleta-piu-longevo-alle-olimpiadi-50piu\\\/#article\",\"isPartOf\":{\"@id\":\"https:\\\/\\\/www.bellunopress.it\\\/2022\\\/10\\\/03\\\/il-92enne-nando-nardis-premiato-come-atleta-piu-longevo-alle-olimpiadi-50piu\\\/\"},\"author\":{\"name\":\"redazione\",\"@id\":\"https:\\\/\\\/www.bellunopress.it\\\/#\\\/schema\\\/person\\\/79bb06722b37ece1c03d3e94beb30d73\"},\"headline\":\"Il 92enne Nando Nardis premiato come atleta pi\u00f9 longevo alle Olimpiadi 50&#038;Pi\u00f9\",\"datePublished\":\"2022-10-03T06:23:21+00:00\",\"dateModified\":\"2022-10-03T11:31:05+00:00\",\"mainEntityOfPage\":{\"@id\":\"https:\\\/\\\/www.bellunopress.it\\\/2022\\\/10\\\/03\\\/il-92enne-nando-nardis-premiato-come-atleta-piu-longevo-alle-olimpiadi-50piu\\\/\"},\"wordCount\":680,\"publisher\":{\"@id\":\"https:\\\/\\\/www.bellunopress.it\\\/#organization\"},\"image\":{\"@id\":\"https:\\\/\\\/www.bellunopress.it\\\/2022\\\/10\\\/03\\\/il-92enne-nando-nardis-premiato-come-atleta-piu-longevo-alle-olimpiadi-50piu\\\/#primaryimage\"},\"thumbnailUrl\":\"https:\\\/\\\/www.bellunopress.it\\\/wp-content\\\/uploads\\\/2022\\\/10\\\/50piu-.jpg\",\"articleSection\":[\"Sport, tempo libero\"],\"inLanguage\":\"fr-FR\"},{\"@type\":\"WebPage\",\"@id\":\"https:\\\/\\\/www.bellunopress.it\\\/2022\\\/10\\\/03\\\/il-92enne-nando-nardis-premiato-come-atleta-piu-longevo-alle-olimpiadi-50piu\\\/\",\"url\":\"https:\\\/\\\/www.bellunopress.it\\\/2022\\\/10\\\/03\\\/il-92enne-nando-nardis-premiato-come-atleta-piu-longevo-alle-olimpiadi-50piu\\\/\",\"name\":\"Il 92enne Nando Nardis premiato come atleta pi\u00f9 longevo alle Olimpiadi 50&Pi\u00f9 - Bellunopress - Dolomiti\",\"isPartOf\":{\"@id\":\"https:\\\/\\\/www.bellunopress.it\\\/#website\"},\"primaryImageOfPage\":{\"@id\":\"https:\\\/\\\/www.bellunopress.it\\\/2022\\\/10\\\/03\\\/il-92enne-nando-nardis-premiato-come-atleta-piu-longevo-alle-olimpiadi-50piu\\\/#primaryimage\"},\"image\":{\"@id\":\"https:\\\/\\\/www.bellunopress.it\\\/2022\\\/10\\\/03\\\/il-92enne-nando-nardis-premiato-come-atleta-piu-longevo-alle-olimpiadi-50piu\\\/#primaryimage\"},\"thumbnailUrl\":\"https:\\\/\\\/www.bellunopress.it\\\/wp-content\\\/uploads\\\/2022\\\/10\\\/50piu-.jpg\",\"datePublished\":\"2022-10-03T06:23:21+00:00\",\"dateModified\":\"2022-10-03T11:31:05+00:00\",\"breadcrumb\":{\"@id\":\"https:\\\/\\\/www.bellunopress.it\\\/2022\\\/10\\\/03\\\/il-92enne-nando-nardis-premiato-come-atleta-piu-longevo-alle-olimpiadi-50piu\\\/#breadcrumb\"},\"inLanguage\":\"fr-FR\",\"potentialAction\":[{\"@type\":\"ReadAction\",\"target\":[\"https:\\\/\\\/www.bellunopress.it\\\/2022\\\/10\\\/03\\\/il-92enne-nando-nardis-premiato-come-atleta-piu-longevo-alle-olimpiadi-50piu\\\/\"]}]},{\"@type\":\"ImageObject\",\"inLanguage\":\"fr-FR\",\"@id\":\"https:\\\/\\\/www.bellunopress.it\\\/2022\\\/10\\\/03\\\/il-92enne-nando-nardis-premiato-come-atleta-piu-longevo-alle-olimpiadi-50piu\\\/#primaryimage\",\"url\":\"https:\\\/\\\/www.bellunopress.it\\\/wp-content\\\/uploads\\\/2022\\\/10\\\/50piu-.jpg\",\"contentUrl\":\"https:\\\/\\\/www.bellunopress.it\\\/wp-content\\\/uploads\\\/2022\\\/10\\\/50piu-.jpg\",\"width\":413,\"height\":368},{\"@type\":\"BreadcrumbList\",\"@id\":\"https:\\\/\\\/www.bellunopress.it\\\/2022\\\/10\\\/03\\\/il-92enne-nando-nardis-premiato-come-atleta-piu-longevo-alle-olimpiadi-50piu\\\/#breadcrumb\",\"itemListElement\":[{\"@type\":\"ListItem\",\"position\":1,\"name\":\"Home\",\"item\":\"https:\\\/\\\/www.bellunopress.it\\\/\"},{\"@type\":\"ListItem\",\"position\":2,\"name\":\"Il 92enne Nando Nardis premiato come atleta pi\u00f9 longevo alle Olimpiadi 50&#038;Pi\u00f9\"}]},{\"@type\":\"WebSite\",\"@id\":\"https:\\\/\\\/www.bellunopress.it\\\/#website\",\"url\":\"https:\\\/\\\/www.bellunopress.it\\\/\",\"name\":\"Bellunopress - Dolomiti\",\"description\":\"e-mail: redazione@bellunopress.it\",\"publisher\":{\"@id\":\"https:\\\/\\\/www.bellunopress.it\\\/#organization\"},\"potentialAction\":[{\"@type\":\"SearchAction\",\"target\":{\"@type\":\"EntryPoint\",\"urlTemplate\":\"https:\\\/\\\/www.bellunopress.it\\\/?s={search_term_string}\"},\"query-input\":{\"@type\":\"PropertyValueSpecification\",\"valueRequired\":true,\"valueName\":\"search_term_string\"}}],\"inLanguage\":\"fr-FR\"},{\"@type\":\"Organization\",\"@id\":\"https:\\\/\\\/www.bellunopress.it\\\/#organization\",\"name\":\"Bellunopress\",\"url\":\"https:\\\/\\\/www.bellunopress.it\\\/\",\"logo\":{\"@type\":\"ImageObject\",\"inLanguage\":\"fr-FR\",\"@id\":\"https:\\\/\\\/www.bellunopress.it\\\/#\\\/schema\\\/logo\\\/image\\\/\",\"url\":\"https:\\\/\\\/www.bellunopress.it\\\/wp-content\\\/uploads\\\/2011\\\/05\\\/cropped-logo-bellunopress-.jpg\",\"contentUrl\":\"https:\\\/\\\/www.bellunopress.it\\\/wp-content\\\/uploads\\\/2011\\\/05\\\/cropped-logo-bellunopress-.jpg\",\"width\":512,\"height\":512,\"caption\":\"Bellunopress\"},\"image\":{\"@id\":\"https:\\\/\\\/www.bellunopress.it\\\/#\\\/schema\\\/logo\\\/image\\\/\"},\"sameAs\":[\"https:\\\/\\\/www.facebook.com\\\/profile.php?id=100008943462799\",\"https:\\\/\\\/x.com\\\/bellunopress\",\"https:\\\/\\\/www.linkedin.com\\\/hp\\\/?dnr=JBzUWaJfMUw8vbXJJ2tVW5-I3jZKvC4wsoxE&amp;amp;amp;amp;amp;amp;trk=nav_responsive_tab_home\",\"https:\\\/\\\/www.youtube.com\\\/channel\\\/UCxL0wu1uN0_3_7hGG0306cw\"]},{\"@type\":\"Person\",\"@id\":\"https:\\\/\\\/www.bellunopress.it\\\/#\\\/schema\\\/person\\\/79bb06722b37ece1c03d3e94beb30d73\",\"name\":\"redazione\",\"image\":{\"@type\":\"ImageObject\",\"inLanguage\":\"fr-FR\",\"@id\":\"https:\\\/\\\/secure.gravatar.com\\\/avatar\\\/37d968a2e67a6fd04c169c4bdef102d0bc5d31b2546345219e348575eb80e9a0?s=96&d=mm&r=g\",\"url\":\"https:\\\/\\\/secure.gravatar.com\\\/avatar\\\/37d968a2e67a6fd04c169c4bdef102d0bc5d31b2546345219e348575eb80e9a0?s=96&d=mm&r=g\",\"contentUrl\":\"https:\\\/\\\/secure.gravatar.com\\\/avatar\\\/37d968a2e67a6fd04c169c4bdef102d0bc5d31b2546345219e348575eb80e9a0?s=96&d=mm&r=g\",\"caption\":\"redazione\"},\"sameAs\":[\"http:\\\/\\\/www.bellunopress.it\",\"https:\\\/\\\/x.com\\\/bellunopress\"],\"url\":\"https:\\\/\\\/www.bellunopress.it\\\/fr\\\/author\\\/redazione\\\/\"}]}<\/script>\n<!-- \/ Yoast SEO plugin. -->","yoast_head_json":{"title":"Il 92enne Nando Nardis premiato come atleta pi\u00f9 longevo alle Olimpiadi 50&Pi\u00f9 - Bellunopress - Dolomiti","robots":{"index":"index","follow":"follow","max-snippet":"max-snippet:-1","max-image-preview":"max-image-preview:large","max-video-preview":"max-video-preview:-1"},"canonical":"https:\/\/www.bellunopress.it\/fr\/2022\/10\/03\/il-92enne-nando-nardis-premiato-come-atleta-piu-longevo-alle-olimpiadi-50piu\/","og_locale":"fr_FR","og_type":"article","og_title":"Il 92enne Nando Nardis premiato come atleta pi\u00f9 longevo alle Olimpiadi 50&Pi\u00f9 - Bellunopress - Dolomiti","og_description":"Belluno, 3 ottobre 2022 &#8211; Pantaloncini rossi e maglietta bianca, sulla schiena la scritta &#8216;Immagina&#8217; con i colori dell&#8217;arcobaleno e il numero di concorso attaccato sul petto. \u00c8 questo lo stile dei 463 atleti over 50 che si sono sfidati sui campi da gioco durante la 28\u00aa edizione delle Olimpiadi 50&amp;Pi\u00f9. L&#8217;appuntamento, tra i pi\u00f9 [&hellip;]","og_url":"https:\/\/www.bellunopress.it\/fr\/2022\/10\/03\/il-92enne-nando-nardis-premiato-come-atleta-piu-longevo-alle-olimpiadi-50piu\/","og_site_name":"Bellunopress - Dolomiti","article_publisher":"https:\/\/www.facebook.com\/profile.php?id=100008943462799","article_published_time":"2022-10-03T06:23:21+00:00","article_modified_time":"2022-10-03T11:31:05+00:00","og_image":[{"width":413,"height":368,"url":"https:\/\/www.bellunopress.it\/wp-content\/uploads\/2022\/10\/50piu-.jpg","type":"image\/jpeg"}],"author":"redazione","twitter_card":"summary_large_image","twitter_creator":"@bellunopress","twitter_site":"@bellunopress","twitter_misc":{"\u00c9crit par":"redazione","Dur\u00e9e de lecture estim\u00e9e":"4 minutes"},"schema":{"@context":"https:\/\/schema.org","@graph":[{"@type":"Article","@id":"https:\/\/www.bellunopress.it\/2022\/10\/03\/il-92enne-nando-nardis-premiato-come-atleta-piu-longevo-alle-olimpiadi-50piu\/#article","isPartOf":{"@id":"https:\/\/www.bellunopress.it\/2022\/10\/03\/il-92enne-nando-nardis-premiato-come-atleta-piu-longevo-alle-olimpiadi-50piu\/"},"author":{"name":"redazione","@id":"https:\/\/www.bellunopress.it\/#\/schema\/person\/79bb06722b37ece1c03d3e94beb30d73"},"headline":"Il 92enne Nando Nardis premiato come atleta pi\u00f9 longevo alle Olimpiadi 50&#038;Pi\u00f9","datePublished":"2022-10-03T06:23:21+00:00","dateModified":"2022-10-03T11:31:05+00:00","mainEntityOfPage":{"@id":"https:\/\/www.bellunopress.it\/2022\/10\/03\/il-92enne-nando-nardis-premiato-come-atleta-piu-longevo-alle-olimpiadi-50piu\/"},"wordCount":680,"publisher":{"@id":"https:\/\/www.bellunopress.it\/#organization"},"image":{"@id":"https:\/\/www.bellunopress.it\/2022\/10\/03\/il-92enne-nando-nardis-premiato-come-atleta-piu-longevo-alle-olimpiadi-50piu\/#primaryimage"},"thumbnailUrl":"https:\/\/www.bellunopress.it\/wp-content\/uploads\/2022\/10\/50piu-.jpg","articleSection":["Sport, tempo libero"],"inLanguage":"fr-FR"},{"@type":"WebPage","@id":"https:\/\/www.bellunopress.it\/2022\/10\/03\/il-92enne-nando-nardis-premiato-come-atleta-piu-longevo-alle-olimpiadi-50piu\/","url":"https:\/\/www.bellunopress.it\/2022\/10\/03\/il-92enne-nando-nardis-premiato-come-atleta-piu-longevo-alle-olimpiadi-50piu\/","name":"Il 92enne Nando Nardis premiato come atleta pi\u00f9 longevo alle Olimpiadi 50&Pi\u00f9 - Bellunopress - Dolomiti","isPartOf":{"@id":"https:\/\/www.bellunopress.it\/#website"},"primaryImageOfPage":{"@id":"https:\/\/www.bellunopress.it\/2022\/10\/03\/il-92enne-nando-nardis-premiato-come-atleta-piu-longevo-alle-olimpiadi-50piu\/#primaryimage"},"image":{"@id":"https:\/\/www.bellunopress.it\/2022\/10\/03\/il-92enne-nando-nardis-premiato-come-atleta-piu-longevo-alle-olimpiadi-50piu\/#primaryimage"},"thumbnailUrl":"https:\/\/www.bellunopress.it\/wp-content\/uploads\/2022\/10\/50piu-.jpg","datePublished":"2022-10-03T06:23:21+00:00","dateModified":"2022-10-03T11:31:05+00:00","breadcrumb":{"@id":"https:\/\/www.bellunopress.it\/2022\/10\/03\/il-92enne-nando-nardis-premiato-come-atleta-piu-longevo-alle-olimpiadi-50piu\/#breadcrumb"},"inLanguage":"fr-FR","potentialAction":[{"@type":"ReadAction","target":["https:\/\/www.bellunopress.it\/2022\/10\/03\/il-92enne-nando-nardis-premiato-come-atleta-piu-longevo-alle-olimpiadi-50piu\/"]}]},{"@type":"ImageObject","inLanguage":"fr-FR","@id":"https:\/\/www.bellunopress.it\/2022\/10\/03\/il-92enne-nando-nardis-premiato-come-atleta-piu-longevo-alle-olimpiadi-50piu\/#primaryimage","url":"https:\/\/www.bellunopress.it\/wp-content\/uploads\/2022\/10\/50piu-.jpg","contentUrl":"https:\/\/www.bellunopress.it\/wp-content\/uploads\/2022\/10\/50piu-.jpg","width":413,"height":368},{"@type":"BreadcrumbList","@id":"https:\/\/www.bellunopress.it\/2022\/10\/03\/il-92enne-nando-nardis-premiato-come-atleta-piu-longevo-alle-olimpiadi-50piu\/#breadcrumb","itemListElement":[{"@type":"ListItem","position":1,"name":"Home","item":"https:\/\/www.bellunopress.it\/"},{"@type":"ListItem","position":2,"name":"Il 92enne Nando Nardis premiato come atleta pi\u00f9 longevo alle Olimpiadi 50&#038;Pi\u00f9"}]},{"@type":"WebSite","@id":"https:\/\/www.bellunopress.it\/#website","url":"https:\/\/www.bellunopress.it\/","name":"Bellunopress - Dolomiti","description":"e-mail: redazione@bellunopress.it","publisher":{"@id":"https:\/\/www.bellunopress.it\/#organization"},"potentialAction":[{"@type":"SearchAction","target":{"@type":"EntryPoint","urlTemplate":"https:\/\/www.bellunopress.it\/?s={search_term_string}"},"query-input":{"@type":"PropertyValueSpecification","valueRequired":true,"valueName":"search_term_string"}}],"inLanguage":"fr-FR"},{"@type":"Organization","@id":"https:\/\/www.bellunopress.it\/#organization","name":"Bellunopress","url":"https:\/\/www.bellunopress.it\/","logo":{"@type":"ImageObject","inLanguage":"fr-FR","@id":"https:\/\/www.bellunopress.it\/#\/schema\/logo\/image\/","url":"https:\/\/www.bellunopress.it\/wp-content\/uploads\/2011\/05\/cropped-logo-bellunopress-.jpg","contentUrl":"https:\/\/www.bellunopress.it\/wp-content\/uploads\/2011\/05\/cropped-logo-bellunopress-.jpg","width":512,"height":512,"caption":"Bellunopress"},"image":{"@id":"https:\/\/www.bellunopress.it\/#\/schema\/logo\/image\/"},"sameAs":["https:\/\/www.facebook.com\/profile.php?id=100008943462799","https:\/\/x.com\/bellunopress","https:\/\/www.linkedin.com\/hp\/?dnr=JBzUWaJfMUw8vbXJJ2tVW5-I3jZKvC4wsoxE&amp;amp;amp;amp;amp;amp;trk=nav_responsive_tab_home","https:\/\/www.youtube.com\/channel\/UCxL0wu1uN0_3_7hGG0306cw"]},{"@type":"Person","@id":"https:\/\/www.bellunopress.it\/#\/schema\/person\/79bb06722b37ece1c03d3e94beb30d73","name":"r\u00e9daction","image":{"@type":"ImageObject","inLanguage":"fr-FR","@id":"https:\/\/secure.gravatar.com\/avatar\/37d968a2e67a6fd04c169c4bdef102d0bc5d31b2546345219e348575eb80e9a0?s=96&d=mm&r=g","url":"https:\/\/secure.gravatar.com\/avatar\/37d968a2e67a6fd04c169c4bdef102d0bc5d31b2546345219e348575eb80e9a0?s=96&d=mm&r=g","contentUrl":"https:\/\/secure.gravatar.com\/avatar\/37d968a2e67a6fd04c169c4bdef102d0bc5d31b2546345219e348575eb80e9a0?s=96&d=mm&r=g","caption":"redazione"},"sameAs":["http:\/\/www.bellunopress.it","https:\/\/x.com\/bellunopress"],"url":"https:\/\/www.bellunopress.it\/fr\/author\/redazione\/"}]}},"_links":{"self":[{"href":"https:\/\/www.bellunopress.it\/fr\/wp-json\/wp\/v2\/posts\/136755","targetHints":{"allow":["GET"]}}],"collection":[{"href":"https:\/\/www.bellunopress.it\/fr\/wp-json\/wp\/v2\/posts"}],"about":[{"href":"https:\/\/www.bellunopress.it\/fr\/wp-json\/wp\/v2\/types\/post"}],"author":[{"embeddable":true,"href":"https:\/\/www.bellunopress.it\/fr\/wp-json\/wp\/v2\/users\/2"}],"replies":[{"embeddable":true,"href":"https:\/\/www.bellunopress.it\/fr\/wp-json\/wp\/v2\/comments?post=136755"}],"version-history":[{"count":1,"href":"https:\/\/www.bellunopress.it\/fr\/wp-json\/wp\/v2\/posts\/136755\/revisions"}],"predecessor-version":[{"id":136757,"href":"https:\/\/www.bellunopress.it\/fr\/wp-json\/wp\/v2\/posts\/136755\/revisions\/136757"}],"wp:featuredmedia":[{"embeddable":true,"href":"https:\/\/www.bellunopress.it\/fr\/wp-json\/wp\/v2\/media\/136756"}],"wp:attachment":[{"href":"https:\/\/www.bellunopress.it\/fr\/wp-json\/wp\/v2\/media?parent=136755"}],"wp:term":[{"taxonomy":"category","embeddable":true,"href":"https:\/\/www.bellunopress.it\/fr\/wp-json\/wp\/v2\/categories?post=136755"},{"taxonomy":"post_tag","embeddable":true,"href":"https:\/\/www.bellunopress.it\/fr\/wp-json\/wp\/v2\/tags?post=136755"}],"curies":[{"name":"wp","href":"https:\/\/api.w.org\/{rel}","templated":true}]}}