{"id":136752,"date":"2022-10-03T11:52:07","date_gmt":"2022-10-03T09:52:07","guid":{"rendered":"https:\/\/www.bellunopress.it\/?p=136752"},"modified":"2022-10-03T11:52:07","modified_gmt":"2022-10-03T09:52:07","slug":"feltre-chiude-dopo-oltre-70-anni-la-storica-fioreria-cortina-ricevuti-in-municipio-i-titolari","status":"publish","type":"post","link":"https:\/\/www.bellunopress.it\/fr\/2022\/10\/03\/feltre-chiude-dopo-oltre-70-anni-la-storica-fioreria-cortina-ricevuti-in-municipio-i-titolari\/","title":{"rendered":"Feltre. Chiude dopo oltre 70 anni la storica Fioreria Cortina. Ricevuti in Municipio i titolari"},"content":{"rendered":"<p><img loading=\"lazy\" decoding=\"async\" class=\"alignleft size-full wp-image-136753\" src=\"https:\/\/www.bellunopress.it\/wp-content\/uploads\/2022\/10\/Fioreria-Cortina_edited.jpg\" alt=\"\" width=\"1000\" height=\"563\" srcset=\"https:\/\/www.bellunopress.it\/wp-content\/uploads\/2022\/10\/Fioreria-Cortina_edited.jpg 1000w, https:\/\/www.bellunopress.it\/wp-content\/uploads\/2022\/10\/Fioreria-Cortina_edited-500x282.jpg 500w, https:\/\/www.bellunopress.it\/wp-content\/uploads\/2022\/10\/Fioreria-Cortina_edited-696x392.jpg 696w, https:\/\/www.bellunopress.it\/wp-content\/uploads\/2022\/10\/Fioreria-Cortina_edited-746x420.jpg 746w\" sizes=\"auto, (max-width: 1000px) 100vw, 1000px\" \/>Feltre, 3 ottobre 2022 &#8211; Serena Cortina e Delfo Bertelle, titolari della storica fioreria \u201cCortina\u201d, che ha chiuso i battenti venerd\u00ec scorso dopo oltre 70 anni di attivit\u00e0, sono stati ricevuti stamane in municipio dal sindaco Viviana Fusaro, dal vicesindaco Claudio Dalla Palma e dall&#8217;assessore al commercio Alberto Curto, in rappresentanza di tutta l&#8217;Amministrazione.<\/p>\n<p>Ai due coniugi \u00e8 stato consegnato un attestato di encomio in segno di \u201cprofondo ringraziamento da parte della comunit\u00e0 feltrina per l&#8217;attivit\u00e0 svolta con tanta dedizione e disponibilit\u00e0 nel negozio di via Cesare Battisti, che ha rappresentato un punto di riferimento non solo per la clientela abituale, ma per tutti i cttadini, anche in periodi non semplici\u201d, ha sottolineato &#8211; tra l&#8217;altro &#8211; il sindaco.<\/p>\n<p>L&#8217;attivit\u00e0, come hanno ricordato i titolari, venne avviata il 14 maggio (giorno dei patroni cittadini!) del 1952 dal signor Mario, pap\u00e0 di Serena, la quale poi la rilev\u00f2 con il marito nel 1981. Ora, dopo oltre 70 anni, \u00e8 giunto il momento del meritato riposo. \u201cCi spiace che il negozio rimanga chiuso, hanno detto gli attuali proprietari; l&#8217;attivit\u00e0 va bene e ci auguriamo che qualcuno si faccia avanti per portare avanti una tradizione cos\u00ec consolidata in citt\u00e0\u201d.<\/p>\n<p>&nbsp;<\/p>\n<p>&nbsp;<\/p>","protected":false},"excerpt":{"rendered":"<p>Feltre, 3 ottobre 2022 &#8211; Serena Cortina e Delfo Bertelle, titolari della storica fioreria \u201cCortina\u201d, che ha chiuso i battenti venerd\u00ec scorso dopo oltre 70 anni di attivit\u00e0, sono stati ricevuti stamane in municipio dal sindaco Viviana Fusaro, dal vicesindaco Claudio Dalla Palma e dall&#8217;assessore al commercio Alberto Curto, in rappresentanza di tutta l&#8217;Amministrazione. Ai [&hellip;]<\/p>\n","protected":false},"author":2,"featured_media":136753,"comment_status":"closed","ping_status":"open","sticky":false,"template":"","format":"standard","meta":{"footnotes":""},"categories":[36,26],"tags":[],"class_list":["post-136752","post","type-post","status-publish","format-standard","has-post-thumbnail","category-lavoro-economia","category-prima-pagina"],"yoast_head":"<!-- This site is optimized with the Yoast SEO plugin v28.4 - https:\/\/yoast.com\/product\/yoast-seo-wordpress\/ -->\n<title>Feltre. Chiude dopo oltre 70 anni la storica Fioreria Cortina. Ricevuti in Municipio i titolari - Bellunopress - Dolomiti<\/title>\n<meta name=\"robots\" content=\"index, follow, max-snippet:-1, max-image-preview:large, max-video-preview:-1\" \/>\n<link rel=\"canonical\" href=\"https:\/\/www.bellunopress.it\/fr\/2022\/10\/03\/feltre-chiude-dopo-oltre-70-anni-la-storica-fioreria-cortina-ricevuti-in-municipio-i-titolari\/\" \/>\n<meta property=\"og:locale\" content=\"fr_FR\" \/>\n<meta property=\"og:type\" content=\"article\" \/>\n<meta property=\"og:title\" content=\"Feltre. Chiude dopo oltre 70 anni la storica Fioreria Cortina. Ricevuti in Municipio i titolari - Bellunopress - Dolomiti\" \/>\n<meta property=\"og:description\" content=\"Feltre, 3 ottobre 2022 &#8211; Serena Cortina e Delfo Bertelle, titolari della storica fioreria \u201cCortina\u201d, che ha chiuso i battenti venerd\u00ec scorso dopo oltre 70 anni di attivit\u00e0, sono stati ricevuti stamane in municipio dal sindaco Viviana Fusaro, dal vicesindaco Claudio Dalla Palma e dall&#8217;assessore al commercio Alberto Curto, in rappresentanza di tutta l&#8217;Amministrazione. Ai [&hellip;]\" \/>\n<meta property=\"og:url\" content=\"https:\/\/www.bellunopress.it\/fr\/2022\/10\/03\/feltre-chiude-dopo-oltre-70-anni-la-storica-fioreria-cortina-ricevuti-in-municipio-i-titolari\/\" \/>\n<meta property=\"og:site_name\" content=\"Bellunopress - Dolomiti\" \/>\n<meta property=\"article:publisher\" content=\"https:\/\/www.facebook.com\/profile.php?id=100008943462799\" \/>\n<meta property=\"article:published_time\" content=\"2022-10-03T09:52:07+00:00\" \/>\n<meta property=\"og:image\" content=\"https:\/\/www.bellunopress.it\/wp-content\/uploads\/2022\/10\/Fioreria-Cortina_edited.jpg\" \/>\n\t<meta property=\"og:image:width\" content=\"1000\" \/>\n\t<meta property=\"og:image:height\" content=\"563\" \/>\n\t<meta property=\"og:image:type\" content=\"image\/jpeg\" \/>\n<meta name=\"author\" content=\"redazione\" \/>\n<meta name=\"twitter:card\" content=\"summary_large_image\" \/>\n<meta name=\"twitter:creator\" content=\"@bellunopress\" \/>\n<meta name=\"twitter:site\" content=\"@bellunopress\" \/>\n<meta name=\"twitter:label1\" content=\"\u00c9crit par\" \/>\n\t<meta name=\"twitter:data1\" content=\"redazione\" \/>\n\t<meta name=\"twitter:label2\" content=\"Dur\u00e9e de lecture estim\u00e9e\" \/>\n\t<meta name=\"twitter:data2\" content=\"2 minutes\" \/>\n<script type=\"application\/ld+json\" class=\"yoast-schema-graph\">{\"@context\":\"https:\\\/\\\/schema.org\",\"@graph\":[{\"@type\":\"Article\",\"@id\":\"https:\\\/\\\/www.bellunopress.it\\\/2022\\\/10\\\/03\\\/feltre-chiude-dopo-oltre-70-anni-la-storica-fioreria-cortina-ricevuti-in-municipio-i-titolari\\\/#article\",\"isPartOf\":{\"@id\":\"https:\\\/\\\/www.bellunopress.it\\\/2022\\\/10\\\/03\\\/feltre-chiude-dopo-oltre-70-anni-la-storica-fioreria-cortina-ricevuti-in-municipio-i-titolari\\\/\"},\"author\":{\"name\":\"redazione\",\"@id\":\"https:\\\/\\\/www.bellunopress.it\\\/#\\\/schema\\\/person\\\/79bb06722b37ece1c03d3e94beb30d73\"},\"headline\":\"Feltre. Chiude dopo oltre 70 anni la storica Fioreria Cortina. Ricevuti in Municipio i titolari\",\"datePublished\":\"2022-10-03T09:52:07+00:00\",\"mainEntityOfPage\":{\"@id\":\"https:\\\/\\\/www.bellunopress.it\\\/2022\\\/10\\\/03\\\/feltre-chiude-dopo-oltre-70-anni-la-storica-fioreria-cortina-ricevuti-in-municipio-i-titolari\\\/\"},\"wordCount\":209,\"publisher\":{\"@id\":\"https:\\\/\\\/www.bellunopress.it\\\/#organization\"},\"image\":{\"@id\":\"https:\\\/\\\/www.bellunopress.it\\\/2022\\\/10\\\/03\\\/feltre-chiude-dopo-oltre-70-anni-la-storica-fioreria-cortina-ricevuti-in-municipio-i-titolari\\\/#primaryimage\"},\"thumbnailUrl\":\"https:\\\/\\\/www.bellunopress.it\\\/wp-content\\\/uploads\\\/2022\\\/10\\\/Fioreria-Cortina_edited.jpg\",\"articleSection\":[\"Lavoro, Economia, Turismo\",\"Prima Pagina\"],\"inLanguage\":\"fr-FR\"},{\"@type\":\"WebPage\",\"@id\":\"https:\\\/\\\/www.bellunopress.it\\\/2022\\\/10\\\/03\\\/feltre-chiude-dopo-oltre-70-anni-la-storica-fioreria-cortina-ricevuti-in-municipio-i-titolari\\\/\",\"url\":\"https:\\\/\\\/www.bellunopress.it\\\/2022\\\/10\\\/03\\\/feltre-chiude-dopo-oltre-70-anni-la-storica-fioreria-cortina-ricevuti-in-municipio-i-titolari\\\/\",\"name\":\"Feltre. Chiude dopo oltre 70 anni la storica Fioreria Cortina. Ricevuti in Municipio i titolari - Bellunopress - Dolomiti\",\"isPartOf\":{\"@id\":\"https:\\\/\\\/www.bellunopress.it\\\/#website\"},\"primaryImageOfPage\":{\"@id\":\"https:\\\/\\\/www.bellunopress.it\\\/2022\\\/10\\\/03\\\/feltre-chiude-dopo-oltre-70-anni-la-storica-fioreria-cortina-ricevuti-in-municipio-i-titolari\\\/#primaryimage\"},\"image\":{\"@id\":\"https:\\\/\\\/www.bellunopress.it\\\/2022\\\/10\\\/03\\\/feltre-chiude-dopo-oltre-70-anni-la-storica-fioreria-cortina-ricevuti-in-municipio-i-titolari\\\/#primaryimage\"},\"thumbnailUrl\":\"https:\\\/\\\/www.bellunopress.it\\\/wp-content\\\/uploads\\\/2022\\\/10\\\/Fioreria-Cortina_edited.jpg\",\"datePublished\":\"2022-10-03T09:52:07+00:00\",\"breadcrumb\":{\"@id\":\"https:\\\/\\\/www.bellunopress.it\\\/2022\\\/10\\\/03\\\/feltre-chiude-dopo-oltre-70-anni-la-storica-fioreria-cortina-ricevuti-in-municipio-i-titolari\\\/#breadcrumb\"},\"inLanguage\":\"fr-FR\",\"potentialAction\":[{\"@type\":\"ReadAction\",\"target\":[\"https:\\\/\\\/www.bellunopress.it\\\/2022\\\/10\\\/03\\\/feltre-chiude-dopo-oltre-70-anni-la-storica-fioreria-cortina-ricevuti-in-municipio-i-titolari\\\/\"]}]},{\"@type\":\"ImageObject\",\"inLanguage\":\"fr-FR\",\"@id\":\"https:\\\/\\\/www.bellunopress.it\\\/2022\\\/10\\\/03\\\/feltre-chiude-dopo-oltre-70-anni-la-storica-fioreria-cortina-ricevuti-in-municipio-i-titolari\\\/#primaryimage\",\"url\":\"https:\\\/\\\/www.bellunopress.it\\\/wp-content\\\/uploads\\\/2022\\\/10\\\/Fioreria-Cortina_edited.jpg\",\"contentUrl\":\"https:\\\/\\\/www.bellunopress.it\\\/wp-content\\\/uploads\\\/2022\\\/10\\\/Fioreria-Cortina_edited.jpg\",\"width\":1000,\"height\":563},{\"@type\":\"BreadcrumbList\",\"@id\":\"https:\\\/\\\/www.bellunopress.it\\\/2022\\\/10\\\/03\\\/feltre-chiude-dopo-oltre-70-anni-la-storica-fioreria-cortina-ricevuti-in-municipio-i-titolari\\\/#breadcrumb\",\"itemListElement\":[{\"@type\":\"ListItem\",\"position\":1,\"name\":\"Home\",\"item\":\"https:\\\/\\\/www.bellunopress.it\\\/\"},{\"@type\":\"ListItem\",\"position\":2,\"name\":\"Feltre. Chiude dopo oltre 70 anni la storica Fioreria Cortina. Ricevuti in Municipio i titolari\"}]},{\"@type\":\"WebSite\",\"@id\":\"https:\\\/\\\/www.bellunopress.it\\\/#website\",\"url\":\"https:\\\/\\\/www.bellunopress.it\\\/\",\"name\":\"Bellunopress - Dolomiti\",\"description\":\"e-mail: redazione@bellunopress.it\",\"publisher\":{\"@id\":\"https:\\\/\\\/www.bellunopress.it\\\/#organization\"},\"potentialAction\":[{\"@type\":\"SearchAction\",\"target\":{\"@type\":\"EntryPoint\",\"urlTemplate\":\"https:\\\/\\\/www.bellunopress.it\\\/?s={search_term_string}\"},\"query-input\":{\"@type\":\"PropertyValueSpecification\",\"valueRequired\":true,\"valueName\":\"search_term_string\"}}],\"inLanguage\":\"fr-FR\"},{\"@type\":\"Organization\",\"@id\":\"https:\\\/\\\/www.bellunopress.it\\\/#organization\",\"name\":\"Bellunopress\",\"url\":\"https:\\\/\\\/www.bellunopress.it\\\/\",\"logo\":{\"@type\":\"ImageObject\",\"inLanguage\":\"fr-FR\",\"@id\":\"https:\\\/\\\/www.bellunopress.it\\\/#\\\/schema\\\/logo\\\/image\\\/\",\"url\":\"https:\\\/\\\/www.bellunopress.it\\\/wp-content\\\/uploads\\\/2011\\\/05\\\/cropped-logo-bellunopress-.jpg\",\"contentUrl\":\"https:\\\/\\\/www.bellunopress.it\\\/wp-content\\\/uploads\\\/2011\\\/05\\\/cropped-logo-bellunopress-.jpg\",\"width\":512,\"height\":512,\"caption\":\"Bellunopress\"},\"image\":{\"@id\":\"https:\\\/\\\/www.bellunopress.it\\\/#\\\/schema\\\/logo\\\/image\\\/\"},\"sameAs\":[\"https:\\\/\\\/www.facebook.com\\\/profile.php?id=100008943462799\",\"https:\\\/\\\/x.com\\\/bellunopress\",\"https:\\\/\\\/www.linkedin.com\\\/hp\\\/?dnr=JBzUWaJfMUw8vbXJJ2tVW5-I3jZKvC4wsoxE&amp;amp;amp;amp;amp;amp;trk=nav_responsive_tab_home\",\"https:\\\/\\\/www.youtube.com\\\/channel\\\/UCxL0wu1uN0_3_7hGG0306cw\"]},{\"@type\":\"Person\",\"@id\":\"https:\\\/\\\/www.bellunopress.it\\\/#\\\/schema\\\/person\\\/79bb06722b37ece1c03d3e94beb30d73\",\"name\":\"redazione\",\"image\":{\"@type\":\"ImageObject\",\"inLanguage\":\"fr-FR\",\"@id\":\"https:\\\/\\\/secure.gravatar.com\\\/avatar\\\/37d968a2e67a6fd04c169c4bdef102d0bc5d31b2546345219e348575eb80e9a0?s=96&d=mm&r=g\",\"url\":\"https:\\\/\\\/secure.gravatar.com\\\/avatar\\\/37d968a2e67a6fd04c169c4bdef102d0bc5d31b2546345219e348575eb80e9a0?s=96&d=mm&r=g\",\"contentUrl\":\"https:\\\/\\\/secure.gravatar.com\\\/avatar\\\/37d968a2e67a6fd04c169c4bdef102d0bc5d31b2546345219e348575eb80e9a0?s=96&d=mm&r=g\",\"caption\":\"redazione\"},\"sameAs\":[\"http:\\\/\\\/www.bellunopress.it\",\"https:\\\/\\\/x.com\\\/bellunopress\"],\"url\":\"https:\\\/\\\/www.bellunopress.it\\\/fr\\\/author\\\/redazione\\\/\"}]}<\/script>\n<!-- \/ Yoast SEO plugin. -->","yoast_head_json":{"title":"Feltre. Chiude dopo oltre 70 anni la storica Fioreria Cortina. Ricevuti in Municipio i titolari - Bellunopress - Dolomiti","robots":{"index":"index","follow":"follow","max-snippet":"max-snippet:-1","max-image-preview":"max-image-preview:large","max-video-preview":"max-video-preview:-1"},"canonical":"https:\/\/www.bellunopress.it\/fr\/2022\/10\/03\/feltre-chiude-dopo-oltre-70-anni-la-storica-fioreria-cortina-ricevuti-in-municipio-i-titolari\/","og_locale":"fr_FR","og_type":"article","og_title":"Feltre. Chiude dopo oltre 70 anni la storica Fioreria Cortina. Ricevuti in Municipio i titolari - Bellunopress - Dolomiti","og_description":"Feltre, 3 ottobre 2022 &#8211; Serena Cortina e Delfo Bertelle, titolari della storica fioreria \u201cCortina\u201d, che ha chiuso i battenti venerd\u00ec scorso dopo oltre 70 anni di attivit\u00e0, sono stati ricevuti stamane in municipio dal sindaco Viviana Fusaro, dal vicesindaco Claudio Dalla Palma e dall&#8217;assessore al commercio Alberto Curto, in rappresentanza di tutta l&#8217;Amministrazione. Ai [&hellip;]","og_url":"https:\/\/www.bellunopress.it\/fr\/2022\/10\/03\/feltre-chiude-dopo-oltre-70-anni-la-storica-fioreria-cortina-ricevuti-in-municipio-i-titolari\/","og_site_name":"Bellunopress - Dolomiti","article_publisher":"https:\/\/www.facebook.com\/profile.php?id=100008943462799","article_published_time":"2022-10-03T09:52:07+00:00","og_image":[{"width":1000,"height":563,"url":"https:\/\/www.bellunopress.it\/wp-content\/uploads\/2022\/10\/Fioreria-Cortina_edited.jpg","type":"image\/jpeg"}],"author":"redazione","twitter_card":"summary_large_image","twitter_creator":"@bellunopress","twitter_site":"@bellunopress","twitter_misc":{"\u00c9crit par":"redazione","Dur\u00e9e de lecture estim\u00e9e":"2 minutes"},"schema":{"@context":"https:\/\/schema.org","@graph":[{"@type":"Article","@id":"https:\/\/www.bellunopress.it\/2022\/10\/03\/feltre-chiude-dopo-oltre-70-anni-la-storica-fioreria-cortina-ricevuti-in-municipio-i-titolari\/#article","isPartOf":{"@id":"https:\/\/www.bellunopress.it\/2022\/10\/03\/feltre-chiude-dopo-oltre-70-anni-la-storica-fioreria-cortina-ricevuti-in-municipio-i-titolari\/"},"author":{"name":"redazione","@id":"https:\/\/www.bellunopress.it\/#\/schema\/person\/79bb06722b37ece1c03d3e94beb30d73"},"headline":"Feltre. Chiude dopo oltre 70 anni la storica Fioreria Cortina. Ricevuti in Municipio i titolari","datePublished":"2022-10-03T09:52:07+00:00","mainEntityOfPage":{"@id":"https:\/\/www.bellunopress.it\/2022\/10\/03\/feltre-chiude-dopo-oltre-70-anni-la-storica-fioreria-cortina-ricevuti-in-municipio-i-titolari\/"},"wordCount":209,"publisher":{"@id":"https:\/\/www.bellunopress.it\/#organization"},"image":{"@id":"https:\/\/www.bellunopress.it\/2022\/10\/03\/feltre-chiude-dopo-oltre-70-anni-la-storica-fioreria-cortina-ricevuti-in-municipio-i-titolari\/#primaryimage"},"thumbnailUrl":"https:\/\/www.bellunopress.it\/wp-content\/uploads\/2022\/10\/Fioreria-Cortina_edited.jpg","articleSection":["Lavoro, Economia, Turismo","Prima Pagina"],"inLanguage":"fr-FR"},{"@type":"WebPage","@id":"https:\/\/www.bellunopress.it\/2022\/10\/03\/feltre-chiude-dopo-oltre-70-anni-la-storica-fioreria-cortina-ricevuti-in-municipio-i-titolari\/","url":"https:\/\/www.bellunopress.it\/2022\/10\/03\/feltre-chiude-dopo-oltre-70-anni-la-storica-fioreria-cortina-ricevuti-in-municipio-i-titolari\/","name":"Feltre. Chiude dopo oltre 70 anni la storica Fioreria Cortina. Ricevuti in Municipio i titolari - Bellunopress - Dolomiti","isPartOf":{"@id":"https:\/\/www.bellunopress.it\/#website"},"primaryImageOfPage":{"@id":"https:\/\/www.bellunopress.it\/2022\/10\/03\/feltre-chiude-dopo-oltre-70-anni-la-storica-fioreria-cortina-ricevuti-in-municipio-i-titolari\/#primaryimage"},"image":{"@id":"https:\/\/www.bellunopress.it\/2022\/10\/03\/feltre-chiude-dopo-oltre-70-anni-la-storica-fioreria-cortina-ricevuti-in-municipio-i-titolari\/#primaryimage"},"thumbnailUrl":"https:\/\/www.bellunopress.it\/wp-content\/uploads\/2022\/10\/Fioreria-Cortina_edited.jpg","datePublished":"2022-10-03T09:52:07+00:00","breadcrumb":{"@id":"https:\/\/www.bellunopress.it\/2022\/10\/03\/feltre-chiude-dopo-oltre-70-anni-la-storica-fioreria-cortina-ricevuti-in-municipio-i-titolari\/#breadcrumb"},"inLanguage":"fr-FR","potentialAction":[{"@type":"ReadAction","target":["https:\/\/www.bellunopress.it\/2022\/10\/03\/feltre-chiude-dopo-oltre-70-anni-la-storica-fioreria-cortina-ricevuti-in-municipio-i-titolari\/"]}]},{"@type":"ImageObject","inLanguage":"fr-FR","@id":"https:\/\/www.bellunopress.it\/2022\/10\/03\/feltre-chiude-dopo-oltre-70-anni-la-storica-fioreria-cortina-ricevuti-in-municipio-i-titolari\/#primaryimage","url":"https:\/\/www.bellunopress.it\/wp-content\/uploads\/2022\/10\/Fioreria-Cortina_edited.jpg","contentUrl":"https:\/\/www.bellunopress.it\/wp-content\/uploads\/2022\/10\/Fioreria-Cortina_edited.jpg","width":1000,"height":563},{"@type":"BreadcrumbList","@id":"https:\/\/www.bellunopress.it\/2022\/10\/03\/feltre-chiude-dopo-oltre-70-anni-la-storica-fioreria-cortina-ricevuti-in-municipio-i-titolari\/#breadcrumb","itemListElement":[{"@type":"ListItem","position":1,"name":"Home","item":"https:\/\/www.bellunopress.it\/"},{"@type":"ListItem","position":2,"name":"Feltre. Chiude dopo oltre 70 anni la storica Fioreria Cortina. Ricevuti in Municipio i titolari"}]},{"@type":"WebSite","@id":"https:\/\/www.bellunopress.it\/#website","url":"https:\/\/www.bellunopress.it\/","name":"Bellunopress - Dolomiti","description":"e-mail: redazione@bellunopress.it","publisher":{"@id":"https:\/\/www.bellunopress.it\/#organization"},"potentialAction":[{"@type":"SearchAction","target":{"@type":"EntryPoint","urlTemplate":"https:\/\/www.bellunopress.it\/?s={search_term_string}"},"query-input":{"@type":"PropertyValueSpecification","valueRequired":true,"valueName":"search_term_string"}}],"inLanguage":"fr-FR"},{"@type":"Organization","@id":"https:\/\/www.bellunopress.it\/#organization","name":"Bellunopress","url":"https:\/\/www.bellunopress.it\/","logo":{"@type":"ImageObject","inLanguage":"fr-FR","@id":"https:\/\/www.bellunopress.it\/#\/schema\/logo\/image\/","url":"https:\/\/www.bellunopress.it\/wp-content\/uploads\/2011\/05\/cropped-logo-bellunopress-.jpg","contentUrl":"https:\/\/www.bellunopress.it\/wp-content\/uploads\/2011\/05\/cropped-logo-bellunopress-.jpg","width":512,"height":512,"caption":"Bellunopress"},"image":{"@id":"https:\/\/www.bellunopress.it\/#\/schema\/logo\/image\/"},"sameAs":["https:\/\/www.facebook.com\/profile.php?id=100008943462799","https:\/\/x.com\/bellunopress","https:\/\/www.linkedin.com\/hp\/?dnr=JBzUWaJfMUw8vbXJJ2tVW5-I3jZKvC4wsoxE&amp;amp;amp;amp;amp;amp;trk=nav_responsive_tab_home","https:\/\/www.youtube.com\/channel\/UCxL0wu1uN0_3_7hGG0306cw"]},{"@type":"Person","@id":"https:\/\/www.bellunopress.it\/#\/schema\/person\/79bb06722b37ece1c03d3e94beb30d73","name":"r\u00e9daction","image":{"@type":"ImageObject","inLanguage":"fr-FR","@id":"https:\/\/secure.gravatar.com\/avatar\/37d968a2e67a6fd04c169c4bdef102d0bc5d31b2546345219e348575eb80e9a0?s=96&d=mm&r=g","url":"https:\/\/secure.gravatar.com\/avatar\/37d968a2e67a6fd04c169c4bdef102d0bc5d31b2546345219e348575eb80e9a0?s=96&d=mm&r=g","contentUrl":"https:\/\/secure.gravatar.com\/avatar\/37d968a2e67a6fd04c169c4bdef102d0bc5d31b2546345219e348575eb80e9a0?s=96&d=mm&r=g","caption":"redazione"},"sameAs":["http:\/\/www.bellunopress.it","https:\/\/x.com\/bellunopress"],"url":"https:\/\/www.bellunopress.it\/fr\/author\/redazione\/"}]}},"_links":{"self":[{"href":"https:\/\/www.bellunopress.it\/fr\/wp-json\/wp\/v2\/posts\/136752","targetHints":{"allow":["GET"]}}],"collection":[{"href":"https:\/\/www.bellunopress.it\/fr\/wp-json\/wp\/v2\/posts"}],"about":[{"href":"https:\/\/www.bellunopress.it\/fr\/wp-json\/wp\/v2\/types\/post"}],"author":[{"embeddable":true,"href":"https:\/\/www.bellunopress.it\/fr\/wp-json\/wp\/v2\/users\/2"}],"replies":[{"embeddable":true,"href":"https:\/\/www.bellunopress.it\/fr\/wp-json\/wp\/v2\/comments?post=136752"}],"version-history":[{"count":1,"href":"https:\/\/www.bellunopress.it\/fr\/wp-json\/wp\/v2\/posts\/136752\/revisions"}],"predecessor-version":[{"id":136754,"href":"https:\/\/www.bellunopress.it\/fr\/wp-json\/wp\/v2\/posts\/136752\/revisions\/136754"}],"wp:featuredmedia":[{"embeddable":true,"href":"https:\/\/www.bellunopress.it\/fr\/wp-json\/wp\/v2\/media\/136753"}],"wp:attachment":[{"href":"https:\/\/www.bellunopress.it\/fr\/wp-json\/wp\/v2\/media?parent=136752"}],"wp:term":[{"taxonomy":"category","embeddable":true,"href":"https:\/\/www.bellunopress.it\/fr\/wp-json\/wp\/v2\/categories?post=136752"},{"taxonomy":"post_tag","embeddable":true,"href":"https:\/\/www.bellunopress.it\/fr\/wp-json\/wp\/v2\/tags?post=136752"}],"curies":[{"name":"wp","href":"https:\/\/api.w.org\/{rel}","templated":true}]}}